{"id":61963,"date":"2022-03-08T08:00:30","date_gmt":"2022-03-08T07:00:30","guid":{"rendered":"https:\/\/www.verandair.com\/the-benefits-of-a-veranda-for-your-home\/"},"modified":"2024-04-04T08:29:57","modified_gmt":"2024-04-04T06:29:57","slug":"the-benefits-of-a-veranda-for-your-home","status":"publish","type":"post","link":"https:\/\/www.verandair.com\/en\/the-benefits-of-a-veranda-for-your-home\/","title":{"rendered":"The benefits of a veranda for your home"},"content":{"rendered":"<p>[et_pb_section fb_built=&#8221;1&#8243; _builder_version=&#8221;4.16&#8243; global_colors_info=&#8221;{}&#8221; theme_builder_area=&#8221;post_content&#8221;][et_pb_row _builder_version=&#8221;4.16&#8243; global_colors_info=&#8221;{}&#8221; theme_builder_area=&#8221;post_content&#8221;][et_pb_column type=&#8221;4_4&#8243; _builder_version=&#8221;4.16&#8243; custom_padding=&#8221;|||&#8221; global_colors_info=&#8221;{}&#8221; custom_padding__hover=&#8221;|||&#8221; theme_builder_area=&#8221;post_content&#8221;][et_pb_text _builder_version=&#8221;4.17.6&#8243; global_colors_info=&#8221;{}&#8221; theme_builder_area=&#8221;post_content&#8221;]<\/p>\n<p>Rain, wind or snow sometimes prevent you from putting your nose outside? However, the landscapes offered by nature during cooler periods are well worth the detour. It sounds idyllic to be able to <strong>enjoy all the advantages of the outdoors, without the disadvantages<\/strong>. And yet! <strong>It&#8217;s totally feasible by installing <a href=\"https:\/\/www.verandair.com\/fr\/veranda\/verandas-bioclimatiques-retractables\/\">a cold conservatory<\/a>.<\/strong> We explain it all in this article.<\/p>\n<p>&nbsp;<\/p>\n<h2>The cool veranda: an easy-to-use design concept for enlarging your space<\/h2>\n<p>Opting for a <a href=\"https:\/\/www.verandair.com\/fr\/veranda\/verandas-bioclimatiques-retractables\/\">cool veranda<\/a>, or a <a href=\"https:\/\/www.verandair.com\/fr\/veranda\/verandas-bioclimatiques-retractables\/\">patio enclosure<\/a>, is a simple way of providing yourself with<strong>an <\/strong><strong>extra<\/strong><strong>room <\/strong><strong> offering an unobstructed view of the outdoors <\/strong>.  <\/p>\n<p>Unlike traditional <a href=\"https:\/\/www.verandair.com\/fr\/veranda\/\">verandas<\/a>, this type of construction doesn&#8217;t require any <strong>major work<\/strong>. In fact,<a href=\"https:\/\/www.verandair.com\/fr\/veranda\/abri-de-terrasse\/\">terrace shelters<\/a> don&#8217;t require the intervention of an architect, the creation of foundations or ground insulation work. It offers you additional <strong><br \/>\n  <a href=\"https:\/\/www.verandair.com\/fr\/veranda\/abri-de-terrasse\/\">additional space directly on your terrace<\/a><br \/>\n<\/strong>as an extension of your home.<\/p>\n<p>[\/et_pb_text][et_pb_button button_url=&#8221;https:\/\/www.verandair.com\/en\/contact\/&#8221; button_text=&#8221;Looking for a customized project? Contact us!&#8221; button_alignment=&#8221;center&#8221; _builder_version=&#8221;4.17.6&#8243; _module_preset=&#8221;default&#8221; background_layout=&#8221;dark&#8221; global_colors_info=&#8221;{}&#8221; theme_builder_area=&#8221;post_content&#8221;][\/et_pb_button][et_pb_text _builder_version=&#8221;4.17.6&#8243; text_font=&#8221;||||||||&#8221; text_orientation=&#8221;justified&#8221; global_colors_info=&#8221;{}&#8221; theme_builder_area=&#8221;post_content&#8221;]<\/p>\n<h3>A multifunctional room<\/h3>\n<p>Whether you&#8217;re looking for a <strong>place<\/strong> to<strong> relax<\/strong>, a <strong>dining room<\/strong> or even a <strong>tea room<\/strong>, a <a href=\"https:\/\/www.verandair.com\/fr\/veranda\/\">veranda<\/a> will significantly change your living space. A <a href=\"https:\/\/www.verandair.com\/fr\/veranda\/\">true multi-purpose room<\/a>, it can even accommodate an indoor swimming pool. Thanks to its glass roof construction, it can also be used as a <strong><br \/>\n  <a href=\"https:\/\/www.verandair.com\/fr\/5-idees-pour-amenager-votre-jardin-dhiver\/\">winter garden<\/a><br \/>\n<\/strong> to protect your plants from frost. In short, you can decorate it and enjoy it as you please.<\/p>\n<p>[\/et_pb_text][et_pb_image src=&#8221;https:\/\/www.verandair.com\/wp-content\/uploads\/2020\/10\/veranda-jardin.jpg&#8221; alt=&#8221;V\u00e9randa V\u00e9randair for your home&#8221; title_text=&#8221;V\u00e9randa V\u00e9randair for your home&#8221; show_bottom_space=&#8221;off&#8221; align=&#8221;center&#8221; align_tablet=&#8221;center&#8221; align_phone=&#8221;center&#8221; align_last_edited=&#8221;on|desktop&#8221; _builder_version=&#8221;4.17.6&#8243; custom_margin=&#8221;||25px||false|false&#8221; global_colors_info=&#8221;{}&#8221; theme_builder_area=&#8221;post_content&#8221;][\/et_pb_image][et_pb_text _builder_version=&#8221;4.17.6&#8243; text_font=&#8221;||||||||&#8221; text_orientation=&#8221;justified&#8221; global_colors_info=&#8221;{}&#8221; theme_builder_area=&#8221;post_content&#8221;]<\/p>\n<h2 style=\"text-align: left;\">The main advantages of a veranda<\/h2>\n<p>In addition to its ability to easily provide <a href=\"https:\/\/www.verandair.com\/fr\/veranda\/\">additional living space<\/a>, the <a href=\"https:\/\/www.verandair.com\/fr\/veranda\/verandas-bioclimatiques-retractables\/\">cold conservatory<\/a> offers other advantages that make it a <strong>worthwhile investment<\/strong>.<\/p>\n<p>&nbsp;<\/p>\n<h3>A modern opening onto the outside world<\/h3>\n<p>The major advantage of a <a href=\"https:\/\/www.verandair.com\/fr\/veranda\/verandas-bioclimatiques-retractables\/\">veranda<\/a> is its ability to let you <strong>enjoy the view outside<\/strong> all year round. Indeed, in winter, frozen landscapes are beautiful but don&#8217;t always make you want to go out.<\/p>\n<p>In<strong> autumn and spring<\/strong>, the desire to enjoy the garden intensifies, but the temperature outside doesn&#8217;t always allow you to <strong>sit on the terrace to read or eat<\/strong>.<\/p>\n<p>As for summer, we have to admit that the sometimes capricious weather doesn&#8217;t always allow us to enjoy our garden as much as we&#8217;d like. With a <a href=\"https:\/\/www.verandair.com\/fr\/veranda\/verandas-bioclimatiques-retractables\/\">veranda<\/a>, you can! And what if it&#8217;s hot? Don&#8217;t worry, <a href=\"https:\/\/www.verandair.com\/fr\/veranda\/abri-de-terrasse\/\">the retractable veranda<\/a> lets you <strong>enjoy an airy terrace<\/strong>!<\/p>\n<p>&nbsp;<\/p>\n<h3>A bright room all year round<\/h3>\n<p>Another major advantage of a <a href=\"https:\/\/www.verandair.com\/fr\/veranda\/verandas-bioclimatiques-retractables\/\">veranda<\/a> is the <strong>light<\/strong> it brings into your home. There&#8217;s nothing like <strong>natural light<\/strong> to brighten up your day! With its <strong>large picture windows<\/strong>, it adds a contemporary touch to homes and blends in perfectly with all styles, old and new. The icing on the cake? You benefit from the sun&#8217;s warmth, which helps <strong>reduce your energy bills<\/strong>.<\/p>\n<p>&nbsp;<\/p>\n<h3>Comfort combined with personalized decor<\/h3>\n<p>A <a href=\"https:\/\/www.verandair.com\/fr\/veranda\/verandas-bioclimatiques-retractables\/\">veranda<\/a> is also an aesthetic element. Attached to your home, it adds a <strong>touch of modernity, light and elegance<\/strong>.<\/p>\n<p>Think about personalizing and <strong>styling it to suit your tastes<\/strong> and your home. You can generally <a href=\"https:\/\/www.verandair.com\/fr\/veranda\/materiaux-verandas\/coloris-verandas\/\">choose the color <\/a>and <a href=\"https:\/\/www.verandair.com\/fr\/veranda\/materiaux-verandas\/composants-veranda\/\">materials<\/a> to give it a rustic, classic or modern look, for example.<\/p>\n<p>The <a href=\"https:\/\/www.verandair.com\/fr\/veranda\/verandas-bioclimatiques-retractables\/\">veranda<\/a> can be made of <strong>aluminum<\/strong>, which is both light and robust, <strong>PVC<\/strong> for a tighter budget, or even <strong>wood<\/strong> if you want a more rustic look.<\/p>\n<p>&nbsp;<\/p>\n<h3>Added value for your home<\/h3>\n<p>Beyond the comfort and light it brings, a<a href=\"https:\/\/www.verandair.com\/fr\/veranda\/abri-de-terrasse\/\">patio enclosure<\/a><strong>adds value to your <\/strong><strong>home<\/strong>. It&#8217;s a smart investment that could make all the difference if you ever want to sell your home.<\/p>\n<p>&nbsp;<\/p>\n<h2>A made-to-measure veranda for excellent value for money?<\/h2>\n<p>Are you hesitating to take the plunge because the investment seems too high? <strong>The price of the installation will quickly pay for itself<\/strong> in terms of the use you make of it and the benefits it brings you.<\/p>\n<p>Don&#8217;t hesitate to ask for a <strong>quote<\/strong>, as a <a href=\"https:\/\/www.verandair.com\/fr\/veranda\/abri-de-terrasse\/\">veranda project<\/a> can be adapted to your needs and <a href=\"https:\/\/www.verandair.com\/fr\/prix\/\">budget<\/a>.<\/p>\n<p>[\/et_pb_text][et_pb_button button_url=&#8221;https:\/\/www.verandair.com\/en\/contact\/&#8221; button_text=&#8221;Make an appointment to discuss your project&#8221; button_alignment=&#8221;center&#8221; _builder_version=&#8221;4.17.6&#8243; _module_preset=&#8221;default&#8221; background_layout=&#8221;dark&#8221; global_colors_info=&#8221;{}&#8221; theme_builder_area=&#8221;post_content&#8221;][\/et_pb_button][et_pb_text _builder_version=&#8221;4.17.6&#8243; text_font=&#8221;||||||||&#8221; text_orientation=&#8221;justified&#8221; global_colors_info=&#8221;{}&#8221; theme_builder_area=&#8221;post_content&#8221;]<\/p>\n<h2>The VERANDAIR choice<\/h2>\n<p><a href=\"https:\/\/www.verandair.com\/fr\/veranda\/\">VERANDAIR conservatories<\/a> come in <a href=\"https:\/\/www.verandair.com\/fr\/veranda\/materiaux-verandas\/coloris-verandas\/\">a range of colors<\/a> to suit every style. Choose from a <a href=\"https:\/\/www.verandair.com\/fr\/veranda\/materiaux-verandas\/coloris-verandas\/\">range of 2500 colors<\/a>, in smooth or satin finish.<\/p>\n<p>We&#8217;ve chosen to build <a href=\"https:\/\/www.verandair.com\/fr\/veranda\/\">our verandas<\/a>, <a href=\"https:\/\/www.verandair.com\/en\/pergola\/\">pergolas<\/a> and <a href=\"https:\/\/www.verandair.com\/fr\/veranda\/abri-de-terrasse\/\">terrace shelters<\/a> from<strong>aluminum<\/strong>, because it&#8217;s both <strong>strong and lightweight<\/strong>, and of better quality than PVC. Aluminium is also <a href=\"https:\/\/www.verandair.com\/en\/tips-for-cleaning-and-maintaining-your-aluminum-veranda\/\">very easy to maintain<\/a>, unlike a wooden structure.<\/p>\n<p>In this way, you benefit from a <strong>reliable installation<\/strong> that <strong>withstands<\/strong> <strong>the elements<\/strong> and outdoor conditions, without the need for extensive work. In short, you&#8217;ll enjoy your <a href=\"https:\/\/www.verandair.com\/fr\/veranda\/\">veranda<\/a> for many years to come.<\/p>\n<p>Would you like to know more about our products or their prices? <strong><a href=\"https:\/\/www.verandair.com\/en\/contact\/\">Contact us at<\/a> <\/strong>! We&#8217;ll be delighted to answer all your questions.<\/p>\n<p>[\/et_pb_text][\/et_pb_column][\/et_pb_row][\/et_pb_section][et_pb_section fb_built=&#8221;1&#8243; disabled_on=&#8221;||off&#8221; module_id=&#8221;contactrow_mob&#8221; _builder_version=&#8221;4.16&#8243; background_color=&#8221;#009f9c&#8221; custom_margin=&#8221;|||&#8221; collapsed=&#8221;off&#8221; global_colors_info=&#8221;{}&#8221; theme_builder_area=&#8221;post_content&#8221;][et_pb_row column_structure=&#8221;1_3,2_3&#8243; use_custom_gutter=&#8221;on&#8221; gutter_width=&#8221;1&#8243; make_equal=&#8221;on&#8221; padding_top_bottom_link_2=&#8221;false&#8221; padding_left_right_link_1=&#8221;true&#8221; padding_left_right_link_2=&#8221;true&#8221; _builder_version=&#8221;4.16&#8243; background_color=&#8221;#ffffff&#8221; global_colors_info=&#8221;{}&#8221; theme_builder_area=&#8221;post_content&#8221;][et_pb_column type=&#8221;1_3&#8243; _builder_version=&#8221;4.16&#8243; custom_padding=&#8221;|20px||20px&#8221; global_colors_info=&#8221;{}&#8221; custom_padding__hover=&#8221;|||&#8221; theme_builder_area=&#8221;post_content&#8221;][et_pb_image src=&#8221;https:\/\/www.verandair.com\/wp-content\/uploads\/2021\/12\/brochure-ABTR.png&#8221; url=&#8221;https:\/\/info.verandair.com\/brochure-abri-de-terrasse\/&#8221; url_new_window=&#8221;on&#8221; align=&#8221;center&#8221; align_tablet=&#8221;center&#8221; align_phone=&#8221;center&#8221; align_last_edited=&#8221;on|desktop&#8221; _builder_version=&#8221;4.16&#8243; custom_margin=&#8221;||0px|&#8221; custom_padding=&#8221;|0px||&#8221; custom_css_main_element=&#8221;max-width:280px;&#8221; global_colors_info=&#8221;{}&#8221; theme_builder_area=&#8221;post_content&#8221;][\/et_pb_image][\/et_pb_column][et_pb_column type=&#8221;2_3&#8243; _builder_version=&#8221;4.16&#8243; custom_padding=&#8221;30px|30px|0px|30px&#8221; global_colors_info=&#8221;{}&#8221; custom_padding__hover=&#8221;|||&#8221; theme_builder_area=&#8221;post_content&#8221;][et_pb_text _builder_version=&#8221;4.19.2&#8243; text_font_size=&#8221;30px&#8221; header_3_font_size=&#8221;20px&#8221; custom_margin=&#8221;||20px&#8221; global_colors_info=&#8221;{}&#8221; theme_builder_area=&#8221;post_content&#8221;]<\/p>\n<h3 style=\"font-size: 35px!important; line-height: 45px; text-align: center; color: #333333;\">New VERANDAIR\u00ae brochure<\/h3>\n<p>[\/et_pb_text][et_pb_text _builder_version=&#8221;4.19.2&#8243; text_font=&#8221;||||||||&#8221; custom_margin=&#8221;||20px&#8221; global_colors_info=&#8221;{}&#8221; theme_builder_area=&#8221;post_content&#8221;]<\/p>\n<p style=\"text-align: center; font-size: 20px; line-height: 30px;\">Download our brochure and discover our range of retractable patio covers to enjoy your outdoors all year round. You&#8217;ll also find examples and advice on how to choose the right patio enclosure!<\/p>\n<p>[\/et_pb_text][et_pb_button button_url=&#8221;https:\/\/info.verandair.com\/Brochure\/&#8221; url_new_window=&#8221;on&#8221; button_text=&#8221;&quot;Download my brochure&#8221; button_alignment=&#8221;center&#8221; module_class=&#8221;custom-btn-orange&#8221; _builder_version=&#8221;4.24.2&#8243; custom_margin=&#8221;||0px&#8221; global_colors_info=&#8221;{}&#8221; theme_builder_area=&#8221;post_content&#8221;][\/et_pb_button][et_pb_code _builder_version=&#8221;4.16&#8243; global_colors_info=&#8221;{}&#8221; theme_builder_area=&#8221;post_content&#8221;]<\/p>\n<style><!-- [et_pb_line_break_holder] -->  a.et_pb_button.custom-btn-orange{<!-- [et_pb_line_break_holder] -->    background:#EF865B!important;<!-- [et_pb_line_break_holder] -->  }<!-- [et_pb_line_break_holder] -->  a.et_pb_button.custom-btn-orange:hover{<!-- [et_pb_line_break_holder] -->    background:#F4AD91!important;<!-- [et_pb_line_break_holder] -->  }<!-- [et_pb_line_break_holder] --><\/style>\n<p>[\/et_pb_code][\/et_pb_column][\/et_pb_row][\/et_pb_section]<\/p>\n","protected":false},"excerpt":{"rendered":"<p>A cool veranda gives you an extra room with ease. It offers numerous advantages in terms of space, light and aesthetics.  <\/p>\n","protected":false},"author":5,"featured_media":59425,"comment_status":"open","ping_status":"closed","sticky":false,"template":"","format":"standard","meta":{"_acf_changed":false,"_et_pb_use_builder":"on","_et_pb_old_content":"","_et_gb_content_width":"","inline_featured_image":false,"footnotes":""},"categories":[80],"tags":[],"class_list":["post-61963","post","type-post","status-publish","format-standard","has-post-thumbnail","hentry","category-patio-cover"],"acf":[],"yoast_head":"<!-- This site is optimized with the Yoast SEO plugin v27.5 - https:\/\/yoast.com\/product\/yoast-seo-wordpress\/ -->\n<title>Why opt for a cool conservatory? | VERANDAIR\u00ae<\/title>\n<meta name=\"description\" content=\"Enjoy your garden all year round and easily gain space and light with the cold conservatory.\" \/>\n<meta name=\"robots\" content=\"index, follow, max-snippet:-1, max-image-preview:large, max-video-preview:-1\" \/>\n<link rel=\"canonical\" href=\"https:\/\/www.verandair.com\/en\/the-benefits-of-a-veranda-for-your-home\/\" \/>\n<meta property=\"og:locale\" content=\"en_US\" \/>\n<meta property=\"og:type\" content=\"article\" \/>\n<meta property=\"og:title\" content=\"Why opt for a cool conservatory? | VERANDAIR\u00ae\" \/>\n<meta property=\"og:description\" content=\"Enjoy your garden all year round and easily gain space and light with the cold conservatory.\" \/>\n<meta property=\"og:url\" content=\"https:\/\/www.verandair.com\/en\/the-benefits-of-a-veranda-for-your-home\/\" \/>\n<meta property=\"og:site_name\" content=\"VERANDAIR\u00ae\" \/>\n<meta property=\"article:published_time\" content=\"2022-03-08T07:00:30+00:00\" \/>\n<meta property=\"article:modified_time\" content=\"2024-04-04T06:29:57+00:00\" \/>\n<meta property=\"og:image\" content=\"https:\/\/www.verandair.com\/wp-content\/uploads\/2020\/10\/Veranda-verandair.jpg\" \/>\n\t<meta property=\"og:image:width\" content=\"800\" \/>\n\t<meta property=\"og:image:height\" content=\"600\" \/>\n\t<meta property=\"og:image:type\" content=\"image\/jpeg\" \/>\n<meta name=\"author\" content=\"admin-verandair\" \/>\n<meta name=\"twitter:card\" content=\"summary_large_image\" \/>\n<meta name=\"twitter:label1\" content=\"Written by\" \/>\n\t<meta name=\"twitter:data1\" content=\"admin-verandair\" \/>\n\t<meta name=\"twitter:label2\" content=\"Est. reading time\" \/>\n\t<meta name=\"twitter:data2\" content=\"7 minutes\" \/>\n<script type=\"application\/ld+json\" class=\"yoast-schema-graph\">{\"@context\":\"https:\\\/\\\/schema.org\",\"@graph\":[{\"@type\":\"Article\",\"@id\":\"https:\\\/\\\/www.verandair.com\\\/en\\\/the-benefits-of-a-veranda-for-your-home\\\/#article\",\"isPartOf\":{\"@id\":\"https:\\\/\\\/www.verandair.com\\\/en\\\/the-benefits-of-a-veranda-for-your-home\\\/\"},\"author\":{\"name\":\"admin-verandair\",\"@id\":\"https:\\\/\\\/www.verandair.com\\\/en\\\/#\\\/schema\\\/person\\\/cdeca2ebd6c03b60479d713f66329bc9\"},\"headline\":\"The benefits of a veranda for your home\",\"datePublished\":\"2022-03-08T07:00:30+00:00\",\"dateModified\":\"2024-04-04T06:29:57+00:00\",\"mainEntityOfPage\":{\"@id\":\"https:\\\/\\\/www.verandair.com\\\/en\\\/the-benefits-of-a-veranda-for-your-home\\\/\"},\"wordCount\":1378,\"commentCount\":0,\"publisher\":{\"@id\":\"https:\\\/\\\/www.verandair.com\\\/en\\\/#organization\"},\"image\":{\"@id\":\"https:\\\/\\\/www.verandair.com\\\/en\\\/the-benefits-of-a-veranda-for-your-home\\\/#primaryimage\"},\"thumbnailUrl\":\"https:\\\/\\\/www.verandair.com\\\/wp-content\\\/uploads\\\/2020\\\/10\\\/Veranda-verandair.jpg\",\"articleSection\":[\"Patio cover\"],\"inLanguage\":\"en-US\",\"potentialAction\":[{\"@type\":\"CommentAction\",\"name\":\"Comment\",\"target\":[\"https:\\\/\\\/www.verandair.com\\\/en\\\/the-benefits-of-a-veranda-for-your-home\\\/#respond\"]}]},{\"@type\":\"WebPage\",\"@id\":\"https:\\\/\\\/www.verandair.com\\\/en\\\/the-benefits-of-a-veranda-for-your-home\\\/\",\"url\":\"https:\\\/\\\/www.verandair.com\\\/en\\\/the-benefits-of-a-veranda-for-your-home\\\/\",\"name\":\"Why opt for a cool conservatory? | VERANDAIR\u00ae\",\"isPartOf\":{\"@id\":\"https:\\\/\\\/www.verandair.com\\\/en\\\/#website\"},\"primaryImageOfPage\":{\"@id\":\"https:\\\/\\\/www.verandair.com\\\/en\\\/the-benefits-of-a-veranda-for-your-home\\\/#primaryimage\"},\"image\":{\"@id\":\"https:\\\/\\\/www.verandair.com\\\/en\\\/the-benefits-of-a-veranda-for-your-home\\\/#primaryimage\"},\"thumbnailUrl\":\"https:\\\/\\\/www.verandair.com\\\/wp-content\\\/uploads\\\/2020\\\/10\\\/Veranda-verandair.jpg\",\"datePublished\":\"2022-03-08T07:00:30+00:00\",\"dateModified\":\"2024-04-04T06:29:57+00:00\",\"description\":\"Enjoy your garden all year round and easily gain space and light with the cold conservatory.\",\"breadcrumb\":{\"@id\":\"https:\\\/\\\/www.verandair.com\\\/en\\\/the-benefits-of-a-veranda-for-your-home\\\/#breadcrumb\"},\"inLanguage\":\"en-US\",\"potentialAction\":[{\"@type\":\"ReadAction\",\"target\":[\"https:\\\/\\\/www.verandair.com\\\/en\\\/the-benefits-of-a-veranda-for-your-home\\\/\"]}]},{\"@type\":\"ImageObject\",\"inLanguage\":\"en-US\",\"@id\":\"https:\\\/\\\/www.verandair.com\\\/en\\\/the-benefits-of-a-veranda-for-your-home\\\/#primaryimage\",\"url\":\"https:\\\/\\\/www.verandair.com\\\/wp-content\\\/uploads\\\/2020\\\/10\\\/Veranda-verandair.jpg\",\"contentUrl\":\"https:\\\/\\\/www.verandair.com\\\/wp-content\\\/uploads\\\/2020\\\/10\\\/Veranda-verandair.jpg\",\"width\":800,\"height\":600},{\"@type\":\"BreadcrumbList\",\"@id\":\"https:\\\/\\\/www.verandair.com\\\/en\\\/the-benefits-of-a-veranda-for-your-home\\\/#breadcrumb\",\"itemListElement\":[{\"@type\":\"ListItem\",\"position\":1,\"name\":\"Accueil\",\"item\":{\"@type\":\"WebPage\",\"@id\":\"https:\\\/\\\/www.verandair.com\\\/en\\\/\",\"name\":\"Accueil\"}},{\"@type\":\"ListItem\",\"position\":2,\"name\":\"The benefits of a veranda for your home\"}]},{\"@type\":\"WebSite\",\"@id\":\"https:\\\/\\\/www.verandair.com\\\/en\\\/#website\",\"url\":\"https:\\\/\\\/www.verandair.com\\\/en\\\/\",\"name\":\"VERANDAIR\u00ae\",\"description\":\"\",\"publisher\":{\"@id\":\"https:\\\/\\\/www.verandair.com\\\/en\\\/#organization\"},\"potentialAction\":[{\"@type\":\"SearchAction\",\"target\":{\"@type\":\"EntryPoint\",\"urlTemplate\":\"https:\\\/\\\/www.verandair.com\\\/en\\\/?s={search_term_string}\"},\"query-input\":{\"@type\":\"PropertyValueSpecification\",\"valueRequired\":true,\"valueName\":\"search_term_string\"}}],\"inLanguage\":\"en-US\"},{\"@type\":\"Organization\",\"@id\":\"https:\\\/\\\/www.verandair.com\\\/en\\\/#organization\",\"name\":\"Verandair\",\"url\":\"https:\\\/\\\/www.verandair.com\\\/en\\\/\",\"logo\":{\"@type\":\"ImageObject\",\"inLanguage\":\"en-US\",\"@id\":\"https:\\\/\\\/www.verandair.com\\\/en\\\/#\\\/schema\\\/logo\\\/image\\\/\",\"url\":\"https:\\\/\\\/www.verandair.com\\\/wp-content\\\/uploads\\\/2024\\\/06\\\/VERANDAIR-logo.png\",\"contentUrl\":\"https:\\\/\\\/www.verandair.com\\\/wp-content\\\/uploads\\\/2024\\\/06\\\/VERANDAIR-logo.png\",\"width\":283,\"height\":127,\"caption\":\"Verandair\"},\"image\":{\"@id\":\"https:\\\/\\\/www.verandair.com\\\/en\\\/#\\\/schema\\\/logo\\\/image\\\/\"}},{\"@type\":\"Person\",\"@id\":\"https:\\\/\\\/www.verandair.com\\\/en\\\/#\\\/schema\\\/person\\\/cdeca2ebd6c03b60479d713f66329bc9\",\"name\":\"admin-verandair\",\"image\":{\"@type\":\"ImageObject\",\"inLanguage\":\"en-US\",\"@id\":\"https:\\\/\\\/secure.gravatar.com\\\/avatar\\\/933ed88eb2b3e194c00d3516e15b0e50c947c76a16e37565b6eb035b6954d0c4?s=96&d=mm&r=g\",\"url\":\"https:\\\/\\\/secure.gravatar.com\\\/avatar\\\/933ed88eb2b3e194c00d3516e15b0e50c947c76a16e37565b6eb035b6954d0c4?s=96&d=mm&r=g\",\"contentUrl\":\"https:\\\/\\\/secure.gravatar.com\\\/avatar\\\/933ed88eb2b3e194c00d3516e15b0e50c947c76a16e37565b6eb035b6954d0c4?s=96&d=mm&r=g\",\"caption\":\"admin-verandair\"}}]}<\/script>\n<!-- \/ Yoast SEO plugin. -->","yoast_head_json":{"title":"Why opt for a cool conservatory? | VERANDAIR\u00ae","description":"Enjoy your garden all year round and easily gain space and light with the cold conservatory.","robots":{"index":"index","follow":"follow","max-snippet":"max-snippet:-1","max-image-preview":"max-image-preview:large","max-video-preview":"max-video-preview:-1"},"canonical":"https:\/\/www.verandair.com\/en\/the-benefits-of-a-veranda-for-your-home\/","og_locale":"en_US","og_type":"article","og_title":"Why opt for a cool conservatory? | VERANDAIR\u00ae","og_description":"Enjoy your garden all year round and easily gain space and light with the cold conservatory.","og_url":"https:\/\/www.verandair.com\/en\/the-benefits-of-a-veranda-for-your-home\/","og_site_name":"VERANDAIR\u00ae","article_published_time":"2022-03-08T07:00:30+00:00","article_modified_time":"2024-04-04T06:29:57+00:00","og_image":[{"width":800,"height":600,"url":"https:\/\/www.verandair.com\/wp-content\/uploads\/2020\/10\/Veranda-verandair.jpg","type":"image\/jpeg"}],"author":"admin-verandair","twitter_card":"summary_large_image","twitter_misc":{"Written by":"admin-verandair","Est. reading time":"7 minutes"},"schema":{"@context":"https:\/\/schema.org","@graph":[{"@type":"Article","@id":"https:\/\/www.verandair.com\/en\/the-benefits-of-a-veranda-for-your-home\/#article","isPartOf":{"@id":"https:\/\/www.verandair.com\/en\/the-benefits-of-a-veranda-for-your-home\/"},"author":{"name":"admin-verandair","@id":"https:\/\/www.verandair.com\/en\/#\/schema\/person\/cdeca2ebd6c03b60479d713f66329bc9"},"headline":"The benefits of a veranda for your home","datePublished":"2022-03-08T07:00:30+00:00","dateModified":"2024-04-04T06:29:57+00:00","mainEntityOfPage":{"@id":"https:\/\/www.verandair.com\/en\/the-benefits-of-a-veranda-for-your-home\/"},"wordCount":1378,"commentCount":0,"publisher":{"@id":"https:\/\/www.verandair.com\/en\/#organization"},"image":{"@id":"https:\/\/www.verandair.com\/en\/the-benefits-of-a-veranda-for-your-home\/#primaryimage"},"thumbnailUrl":"https:\/\/www.verandair.com\/wp-content\/uploads\/2020\/10\/Veranda-verandair.jpg","articleSection":["Patio cover"],"inLanguage":"en-US","potentialAction":[{"@type":"CommentAction","name":"Comment","target":["https:\/\/www.verandair.com\/en\/the-benefits-of-a-veranda-for-your-home\/#respond"]}]},{"@type":"WebPage","@id":"https:\/\/www.verandair.com\/en\/the-benefits-of-a-veranda-for-your-home\/","url":"https:\/\/www.verandair.com\/en\/the-benefits-of-a-veranda-for-your-home\/","name":"Why opt for a cool conservatory? | VERANDAIR\u00ae","isPartOf":{"@id":"https:\/\/www.verandair.com\/en\/#website"},"primaryImageOfPage":{"@id":"https:\/\/www.verandair.com\/en\/the-benefits-of-a-veranda-for-your-home\/#primaryimage"},"image":{"@id":"https:\/\/www.verandair.com\/en\/the-benefits-of-a-veranda-for-your-home\/#primaryimage"},"thumbnailUrl":"https:\/\/www.verandair.com\/wp-content\/uploads\/2020\/10\/Veranda-verandair.jpg","datePublished":"2022-03-08T07:00:30+00:00","dateModified":"2024-04-04T06:29:57+00:00","description":"Enjoy your garden all year round and easily gain space and light with the cold conservatory.","breadcrumb":{"@id":"https:\/\/www.verandair.com\/en\/the-benefits-of-a-veranda-for-your-home\/#breadcrumb"},"inLanguage":"en-US","potentialAction":[{"@type":"ReadAction","target":["https:\/\/www.verandair.com\/en\/the-benefits-of-a-veranda-for-your-home\/"]}]},{"@type":"ImageObject","inLanguage":"en-US","@id":"https:\/\/www.verandair.com\/en\/the-benefits-of-a-veranda-for-your-home\/#primaryimage","url":"https:\/\/www.verandair.com\/wp-content\/uploads\/2020\/10\/Veranda-verandair.jpg","contentUrl":"https:\/\/www.verandair.com\/wp-content\/uploads\/2020\/10\/Veranda-verandair.jpg","width":800,"height":600},{"@type":"BreadcrumbList","@id":"https:\/\/www.verandair.com\/en\/the-benefits-of-a-veranda-for-your-home\/#breadcrumb","itemListElement":[{"@type":"ListItem","position":1,"name":"Accueil","item":{"@type":"WebPage","@id":"https:\/\/www.verandair.com\/en\/","name":"Accueil"}},{"@type":"ListItem","position":2,"name":"The benefits of a veranda for your home"}]},{"@type":"WebSite","@id":"https:\/\/www.verandair.com\/en\/#website","url":"https:\/\/www.verandair.com\/en\/","name":"VERANDAIR\u00ae","description":"","publisher":{"@id":"https:\/\/www.verandair.com\/en\/#organization"},"potentialAction":[{"@type":"SearchAction","target":{"@type":"EntryPoint","urlTemplate":"https:\/\/www.verandair.com\/en\/?s={search_term_string}"},"query-input":{"@type":"PropertyValueSpecification","valueRequired":true,"valueName":"search_term_string"}}],"inLanguage":"en-US"},{"@type":"Organization","@id":"https:\/\/www.verandair.com\/en\/#organization","name":"Verandair","url":"https:\/\/www.verandair.com\/en\/","logo":{"@type":"ImageObject","inLanguage":"en-US","@id":"https:\/\/www.verandair.com\/en\/#\/schema\/logo\/image\/","url":"https:\/\/www.verandair.com\/wp-content\/uploads\/2024\/06\/VERANDAIR-logo.png","contentUrl":"https:\/\/www.verandair.com\/wp-content\/uploads\/2024\/06\/VERANDAIR-logo.png","width":283,"height":127,"caption":"Verandair"},"image":{"@id":"https:\/\/www.verandair.com\/en\/#\/schema\/logo\/image\/"}},{"@type":"Person","@id":"https:\/\/www.verandair.com\/en\/#\/schema\/person\/cdeca2ebd6c03b60479d713f66329bc9","name":"admin-verandair","image":{"@type":"ImageObject","inLanguage":"en-US","@id":"https:\/\/secure.gravatar.com\/avatar\/933ed88eb2b3e194c00d3516e15b0e50c947c76a16e37565b6eb035b6954d0c4?s=96&d=mm&r=g","url":"https:\/\/secure.gravatar.com\/avatar\/933ed88eb2b3e194c00d3516e15b0e50c947c76a16e37565b6eb035b6954d0c4?s=96&d=mm&r=g","contentUrl":"https:\/\/secure.gravatar.com\/avatar\/933ed88eb2b3e194c00d3516e15b0e50c947c76a16e37565b6eb035b6954d0c4?s=96&d=mm&r=g","caption":"admin-verandair"}}]}},"_links":{"self":[{"href":"https:\/\/www.verandair.com\/en\/wp-json\/wp\/v2\/posts\/61963","targetHints":{"allow":["GET"]}}],"collection":[{"href":"https:\/\/www.verandair.com\/en\/wp-json\/wp\/v2\/posts"}],"about":[{"href":"https:\/\/www.verandair.com\/en\/wp-json\/wp\/v2\/types\/post"}],"author":[{"embeddable":true,"href":"https:\/\/www.verandair.com\/en\/wp-json\/wp\/v2\/users\/5"}],"replies":[{"embeddable":true,"href":"https:\/\/www.verandair.com\/en\/wp-json\/wp\/v2\/comments?post=61963"}],"version-history":[{"count":4,"href":"https:\/\/www.verandair.com\/en\/wp-json\/wp\/v2\/posts\/61963\/revisions"}],"predecessor-version":[{"id":62017,"href":"https:\/\/www.verandair.com\/en\/wp-json\/wp\/v2\/posts\/61963\/revisions\/62017"}],"wp:featuredmedia":[{"embeddable":true,"href":"https:\/\/www.verandair.com\/en\/wp-json\/wp\/v2\/media\/59425"}],"wp:attachment":[{"href":"https:\/\/www.verandair.com\/en\/wp-json\/wp\/v2\/media?parent=61963"}],"wp:term":[{"taxonomy":"category","embeddable":true,"href":"https:\/\/www.verandair.com\/en\/wp-json\/wp\/v2\/categories?post=61963"},{"taxonomy":"post_tag","embeddable":true,"href":"https:\/\/www.verandair.com\/en\/wp-json\/wp\/v2\/tags?post=61963"}],"curies":[{"name":"wp","href":"https:\/\/api.w.org\/{rel}","templated":true}]}}