{"id":10237,"date":"2019-02-20T11:50:42","date_gmt":"2019-02-20T10:50:42","guid":{"rendered":"https:\/\/www.verandair.com\/?p=10237"},"modified":"2026-02-27T15:15:01","modified_gmt":"2026-02-27T14:15:01","slug":"realisation-plus-grande-veranda-retractable-monde","status":"publish","type":"post","link":"https:\/\/www.verandair.com\/fr\/realisation-plus-grande-veranda-retractable-monde\/","title":{"rendered":"Retour en images sur l&#8217;installation de la plus grande v\u00e9randa r\u00e9tractable au monde !"},"content":{"rendered":"<p>[et_pb_section fb_built=&#8221;1&#8243; _builder_version=&#8221;4.16&#8243; global_colors_info=&#8221;{}&#8221; theme_builder_area=&#8221;post_content&#8221;][et_pb_row _builder_version=&#8221;4.16&#8243; global_colors_info=&#8221;{}&#8221; theme_builder_area=&#8221;post_content&#8221;][et_pb_column type=&#8221;4_4&#8243; _builder_version=&#8221;4.16&#8243; custom_padding=&#8221;|||&#8221; global_colors_info=&#8221;{}&#8221; custom_padding__hover=&#8221;|||&#8221; theme_builder_area=&#8221;post_content&#8221;][et_pb_text _builder_version=&#8221;4.17.6&#8243; global_colors_info=&#8221;{}&#8221; theme_builder_area=&#8221;post_content&#8221;]<\/p>\n<p style=\"text-align: justify;\"><strong>En 28 ann\u00e9es d&#8217;existence, <a href=\"https:\/\/www.verandair.com\/fr\/\">les \u00e9quipes Verandair<\/a> ont install\u00e9 une multitude de\u00a0<\/strong><strong><a href=\"\/fr\/veranda\/\">v\u00e9randas<\/a>,\u00a0<\/strong><a style=\"font-weight: bold;\" href=\"https:\/\/www.verandair.com\/fr\/veranda\/abri-de-terrasse\/\">v\u00e9randas r\u00e9tractables<\/a><b> et autres <\/b><a style=\"font-weight: bold;\" href=\"https:\/\/www.verandair.com\/fr\/pergolas\/\">pergolas<\/a><b>. Au total, ce sont plus de 5.000 structures qui sont venues embellir les habitations de nos clients, diss\u00e9min\u00e9s aux quatre coins au monde. Si nous sommes coutumiers\u00a0des installations r\u00e9alis\u00e9es aupr\u00e8s de particuliers, nous travaillons \u00e9galement pour les professionnels, \u00e0 qui nous proposons notamment des v\u00e9randas, v\u00e9randas r\u00e9tractables et pergolas adapt\u00e9es entre autres au domaine de l&#8217;horeca. Des chantiers qui n\u00e9cessitent parfois davantage de main d&#8217;oeuvre et de logistique. Mais il y a quelques mois, Verandair a choisi de s&#8217;attaquer \u00e0 un plus gros morceau encore en relevant un d\u00e9fi de taille : r\u00e9aliser ni plus ni moins que la plus grande v\u00e9randa r\u00e9tractable au monde. Un chantier d&#8217;envergure men\u00e9 de main de ma\u00eetre par nos \u00e9quipes. Retour sur ce dernier en images !\u00a0<\/b><\/p>\n<p>&nbsp;<\/p>\n<h2 style=\"color: #00909e; text-align: justify;\">La plus grande v\u00e9randa r\u00e9tractable au monde est sign\u00e9e Verandair<\/h2>\n<p style=\"text-align: justify;\">Le <strong>28 novembre 2018<\/strong> d\u00e9butait le chantier de celle qui est devenue <strong>15 jours<\/strong> plus tard <strong>la plus grande v\u00e9randa r\u00e9tractable au monde<\/strong>.<\/p>\n<p style=\"text-align: justify;\">Ce jour-l\u00e0, les \u00e9quipes Verandair se sont donc rendues sur place\u00a0munies de tout le mat\u00e9riel n\u00e9cessaire. Et Dieu sait s&#8217;il y en avait ! La <strong>structure autoportante coulissante<\/strong> \u00e0 elle seule mesurait <strong>20 m\u00e8tres de large<\/strong> sur <strong>21 m\u00e8tres de long<\/strong>. Une structure \u00e0 laquelle il fallait encore ajouter une <strong>rotonde<\/strong> de <strong>12 m\u00e8tres de diam\u00e8tre<\/strong> et de <strong>5 m\u00e8tres de haut<\/strong>, toutes deux fabriqu\u00e9es \u00e0 <strong>Mariembourg<\/strong>, au sein de l&#8217;usine Verandair.\u00a0Pour habiller cette v\u00e9randa Verandair : <strong>230 m\u00e8tres carr\u00e9s<\/strong> de <strong>double vitrages sp\u00e9ciaux<\/strong>.<\/p>\n<p style=\"text-align: justify;\">Un chantier qui aura n\u00e9cessit\u00e9, vous vous en doutez, une <strong>logistique pointue<\/strong> et un <strong>savoir-faire rigoureux<\/strong>. Un d\u00e9fi qui n&#8217;aurait pu \u00eatre relev\u00e9 sans des <strong>\u00e9quipes<\/strong> <strong>motiv\u00e9es<\/strong> et <strong>comp\u00e9tentes<\/strong>.<\/p>\n<p>&nbsp;<\/p>\n<h2 style=\"color: #00909e; text-align: justify;\">Les caract\u00e9ristiques de la plus grande v\u00e9randa r\u00e9tractable au monde r\u00e9sum\u00e9es<\/h2>\n<ul>\n<li style=\"text-align: justify;\"><strong>Structure coulissante autoportante en aluminium<\/strong> : 20 m\u00e8tres de large x 21 m\u00e8tres de long<\/li>\n<li style=\"text-align: justify;\"><strong>Rotonde<\/strong> : 12 m\u00e8tres de diam\u00e8tre x 5 m\u00e8tres de haut<\/li>\n<li style=\"text-align: justify;\"><strong>Habillage<\/strong> : 230 m\u00e8tres carr\u00e9s de doubles vitrages sp\u00e9ciaux<\/li>\n<li style=\"text-align: justify;\"><strong>\u00c9clairage<\/strong> : 240 points lumineux (\u00e9clairage int\u00e9rieur et ext\u00e9rieur)<\/li>\n<li style=\"text-align: justify;\"><strong>Ouverture motoris\u00e9e<\/strong><\/li>\n<li style=\"text-align: justify;\"><strong>Toiture isol\u00e9e<\/strong><\/li>\n<li style=\"text-align: justify;\"><strong>Temps de montage<\/strong> : 15 jours<\/li>\n<\/ul>\n<p><strong>Point important<\/strong> : la <strong>conformit\u00e9 de r\u00e9sistance<\/strong> a \u00e9t\u00e9 valid\u00e9e par le laboratoire d&#8217;essais <a href=\"https:\/\/www.vincotte.be\/fr\/\" target=\"_blank\" rel=\"noopener noreferrer\"><strong>VINCOTTE<\/strong><\/a>\u00ae\ufe0f.\u00a0<\/p>\n<h2 style=\"color: #00909e; text-align: justify;\">La v\u00e9randa r\u00e9tractable en images :<\/h2>\n<p>[\/et_pb_text][et_pb_gallery gallery_ids=&#8221;10333,10334,10335,10336,10337,10338,10339,10340,10341,10342,10343&#8243; posts_number=&#8221;11&#8243; show_title_and_caption=&#8221;off&#8221; show_pagination=&#8221;off&#8221; zoom_icon_color=&#8221;#009f9c&#8221; _builder_version=&#8221;4.16&#8243; global_colors_info=&#8221;{}&#8221; theme_builder_area=&#8221;post_content&#8221;][\/et_pb_gallery][\/et_pb_column][\/et_pb_row][\/et_pb_section][et_pb_section fb_built=&#8221;1&#8243; _builder_version=&#8221;4.27.5&#8243; _module_preset=&#8221;a37cb46d-a9cb-4f77-bbbd-8966bde7aff0&#8243; saved_tabs=&#8221;all&#8221; locked=&#8221;off&#8221; global_colors_info=&#8221;{}&#8221; global_module=&#8221;74566&#8243; theme_builder_area=&#8221;post_content&#8221;][et_pb_row _builder_version=&#8221;4.27.5&#8243; _module_preset=&#8221;default&#8221; width=&#8221;100%&#8221; max_width=&#8221;100%&#8221; custom_padding=&#8221;0px|20px||20px|false|true&#8221; global_colors_info=&#8221;{}&#8221; theme_builder_area=&#8221;post_content&#8221;][et_pb_column type=&#8221;4_4&#8243; _builder_version=&#8221;4.23.4&#8243; _module_preset=&#8221;default&#8221; custom_padding=&#8221;50px||||false|false&#8221; global_colors_info=&#8221;{}&#8221; theme_builder_area=&#8221;post_content&#8221;][et_pb_image src=&#8221;https:\/\/www.verandair.com\/wp-content\/uploads\/2026\/02\/VERAN-brochure-A4-2026.webp&#8221; alt=&#8221;Brochure 2026 Verandair&#8221; title_text=&#8221;VERAN-brochure-A4-2026&#8243; align=&#8221;center&#8221; _builder_version=&#8221;4.27.5&#8243; _module_preset=&#8221;default&#8221; max_width=&#8221;300px&#8221; max_width_last_edited=&#8221;off|desktop&#8221; custom_margin=&#8221;0px||0px||false|false&#8221; scroll_vertical_motion_enable=&#8221;on&#8221; scroll_vertical_motion=&#8221;0|40|40|100|-0.5|0|0&#8243; scroll_fade_enable=&#8221;on&#8221; scroll_fade=&#8221;0|40|40|100|0|100|100&#8243; global_colors_info=&#8221;{}&#8221; theme_builder_area=&#8221;post_content&#8221;][\/et_pb_image][et_pb_text _builder_version=&#8221;4.27.5&#8243; _module_preset=&#8221;default&#8221; header_2_font_size=&#8221;32px&#8221; text_orientation=&#8221;center&#8221; custom_margin=&#8221;||15px||false|false&#8221; global_colors_info=&#8221;{%22gcid-4f3ca7d5-152d-4540-91b1-cc24563bf794%22:%91%22text_text_shadow_color%22%93}&#8221; theme_builder_area=&#8221;post_content&#8221;]<\/p>\n<h2><strong>Envie d&#8217;en savoir plus<\/strong> avant de vous d\u00e9cider ?<br \/><span data-metadata=\"&lt;!--(figmeta)eyJmaWxlS2V5IjoiNDJrcExzUGY2N0VsN0FkMldFdElreCIsInBhc3RlSUQiOjI4MTE1MTAxNSwiZGF0YVR5cGUiOiJzY2VuZSJ9Cg==(\/figmeta)--&gt;\"><\/span><\/h2>\n<p>[\/et_pb_text][et_pb_divider show_divider=&#8221;off&#8221; _builder_version=&#8221;4.27.5&#8243; _module_preset=&#8221;2adabd0f-cb12-404f-9aa7-a3088280e564&#8243; module_alignment=&#8221;center&#8221; global_colors_info=&#8221;{}&#8221; theme_builder_area=&#8221;post_content&#8221;][\/et_pb_divider][et_pb_text _builder_version=&#8221;4.27.5&#8243; _module_preset=&#8221;default&#8221; text_orientation=&#8221;center&#8221; custom_margin=&#8221;||50px||false|false&#8221; global_colors_info=&#8221;{%22gcid-4f3ca7d5-152d-4540-91b1-cc24563bf794%22:%91%22text_text_shadow_color%22%93}&#8221; theme_builder_area=&#8221;post_content&#8221;]<\/p>\n<p><span><strong>T\u00e9l\u00e9chargez la nouvelle brochure 2026<\/strong>\u00a0et d\u00e9couvrez notre <strong>gamme compl\u00e8te de produits<\/strong> pour profiter de votre vie en plein air toute l&#8217;ann\u00e9e.<\/span><\/p>\n<p>[\/et_pb_text][et_pb_button button_url=&#8221;https:\/\/info.verandair.com\/brochure-2026\/&#8221; url_new_window=&#8221;on&#8221; button_text=&#8221;Je t\u00e9l\u00e9charge ma brochure&#8221; button_alignment=&#8221;center&#8221; _builder_version=&#8221;4.27.5&#8243; _module_preset=&#8221;ae8d3791-01a2-4c4b-b221-c3f14f812284&#8243; global_colors_info=&#8221;{}&#8221; theme_builder_area=&#8221;post_content&#8221;][\/et_pb_button][\/et_pb_column][\/et_pb_row][\/et_pb_section]<\/p>\n","protected":false},"excerpt":{"rendered":"<p>20 m sur 21 m auxquels il faut ajouter une rotonde de 12 m de diam\u00e8tre : telle est la plus grande v\u00e9randa r\u00e9tractable au monde. Et c&#8217;est sign\u00e9 Verandair ! <\/p>\n","protected":false},"author":5,"featured_media":16152,"comment_status":"closed","ping_status":"closed","sticky":false,"template":"","format":"standard","meta":{"_acf_changed":false,"_et_pb_use_builder":"on","_et_pb_old_content":"","_et_gb_content_width":"","inline_featured_image":false,"footnotes":""},"categories":[32],"tags":[],"class_list":["post-10237","post","type-post","status-publish","format-standard","has-post-thumbnail","hentry","category-abri-de-terrasse"],"acf":[],"yoast_head":"<!-- This site is optimized with the Yoast SEO plugin v27.5 - https:\/\/yoast.com\/product\/yoast-seo-wordpress\/ -->\n<title>Verandair a con\u00e7u et install\u00e9 la plus grande v\u00e9randa r\u00e9tractable au monde !<\/title>\n<meta name=\"description\" content=\"20 m sur 21 m auxquels il faut ajouter une rotonde de 12 m de diam\u00e8tre : telle est la plus grande v\u00e9randa r\u00e9tractable au monde. Et c&#039;est sign\u00e9 Verandair !\" \/>\n<meta name=\"robots\" content=\"index, follow, max-snippet:-1, max-image-preview:large, max-video-preview:-1\" \/>\n<link rel=\"canonical\" href=\"https:\/\/www.verandair.com\/fr\/realisation-plus-grande-veranda-retractable-monde\/\" \/>\n<meta property=\"og:locale\" content=\"fr_FR\" \/>\n<meta property=\"og:type\" content=\"article\" \/>\n<meta property=\"og:title\" content=\"Verandair a con\u00e7u et install\u00e9 la plus grande v\u00e9randa r\u00e9tractable au monde !\" \/>\n<meta property=\"og:description\" content=\"20 m sur 21 m auxquels il faut ajouter une rotonde de 12 m de diam\u00e8tre : telle est la plus grande v\u00e9randa r\u00e9tractable au monde. Et c&#039;est sign\u00e9 Verandair !\" \/>\n<meta property=\"og:url\" content=\"https:\/\/www.verandair.com\/fr\/realisation-plus-grande-veranda-retractable-monde\/\" \/>\n<meta property=\"og:site_name\" content=\"VERANDAIR\u00ae\" \/>\n<meta property=\"article:published_time\" content=\"2019-02-20T10:50:42+00:00\" \/>\n<meta property=\"article:modified_time\" content=\"2026-02-27T14:15:01+00:00\" \/>\n<meta property=\"og:image\" content=\"https:\/\/www.verandair.com\/wp-content\/uploads\/2019\/02\/plus-grande-veranda-du-monde.jpg\" \/>\n\t<meta property=\"og:image:width\" content=\"600\" \/>\n\t<meta property=\"og:image:height\" content=\"450\" \/>\n\t<meta property=\"og:image:type\" content=\"image\/jpeg\" \/>\n<meta name=\"author\" content=\"admin-verandair\" \/>\n<meta name=\"twitter:card\" content=\"summary_large_image\" \/>\n<meta name=\"twitter:label1\" content=\"\u00c9crit par\" \/>\n\t<meta name=\"twitter:data1\" content=\"admin-verandair\" \/>\n\t<meta name=\"twitter:label2\" content=\"Dur\u00e9e de lecture estim\u00e9e\" \/>\n\t<meta name=\"twitter:data2\" content=\"4 minutes\" \/>\n<script type=\"application\/ld+json\" class=\"yoast-schema-graph\">{\"@context\":\"https:\\\/\\\/schema.org\",\"@graph\":[{\"@type\":\"Article\",\"@id\":\"https:\\\/\\\/www.verandair.com\\\/fr\\\/realisation-plus-grande-veranda-retractable-monde\\\/#article\",\"isPartOf\":{\"@id\":\"https:\\\/\\\/www.verandair.com\\\/fr\\\/realisation-plus-grande-veranda-retractable-monde\\\/\"},\"author\":{\"name\":\"admin-verandair\",\"@id\":\"https:\\\/\\\/www.verandair.com\\\/fr\\\/#\\\/schema\\\/person\\\/cdeca2ebd6c03b60479d713f66329bc9\"},\"headline\":\"Retour en images sur l&#8217;installation de la plus grande v\u00e9randa r\u00e9tractable au monde !\",\"datePublished\":\"2019-02-20T10:50:42+00:00\",\"dateModified\":\"2026-02-27T14:15:01+00:00\",\"mainEntityOfPage\":{\"@id\":\"https:\\\/\\\/www.verandair.com\\\/fr\\\/realisation-plus-grande-veranda-retractable-monde\\\/\"},\"wordCount\":898,\"publisher\":{\"@id\":\"https:\\\/\\\/www.verandair.com\\\/fr\\\/#organization\"},\"image\":{\"@id\":\"https:\\\/\\\/www.verandair.com\\\/fr\\\/realisation-plus-grande-veranda-retractable-monde\\\/#primaryimage\"},\"thumbnailUrl\":\"https:\\\/\\\/www.verandair.com\\\/wp-content\\\/uploads\\\/2019\\\/02\\\/plus-grande-veranda-du-monde.jpg\",\"articleSection\":[\"Abri de terrasse\"],\"inLanguage\":\"fr-FR\"},{\"@type\":\"WebPage\",\"@id\":\"https:\\\/\\\/www.verandair.com\\\/fr\\\/realisation-plus-grande-veranda-retractable-monde\\\/\",\"url\":\"https:\\\/\\\/www.verandair.com\\\/fr\\\/realisation-plus-grande-veranda-retractable-monde\\\/\",\"name\":\"Verandair a con\u00e7u et install\u00e9 la plus grande v\u00e9randa r\u00e9tractable au monde !\",\"isPartOf\":{\"@id\":\"https:\\\/\\\/www.verandair.com\\\/fr\\\/#website\"},\"primaryImageOfPage\":{\"@id\":\"https:\\\/\\\/www.verandair.com\\\/fr\\\/realisation-plus-grande-veranda-retractable-monde\\\/#primaryimage\"},\"image\":{\"@id\":\"https:\\\/\\\/www.verandair.com\\\/fr\\\/realisation-plus-grande-veranda-retractable-monde\\\/#primaryimage\"},\"thumbnailUrl\":\"https:\\\/\\\/www.verandair.com\\\/wp-content\\\/uploads\\\/2019\\\/02\\\/plus-grande-veranda-du-monde.jpg\",\"datePublished\":\"2019-02-20T10:50:42+00:00\",\"dateModified\":\"2026-02-27T14:15:01+00:00\",\"description\":\"20 m sur 21 m auxquels il faut ajouter une rotonde de 12 m de diam\u00e8tre : telle est la plus grande v\u00e9randa r\u00e9tractable au monde. Et c'est sign\u00e9 Verandair !\",\"breadcrumb\":{\"@id\":\"https:\\\/\\\/www.verandair.com\\\/fr\\\/realisation-plus-grande-veranda-retractable-monde\\\/#breadcrumb\"},\"inLanguage\":\"fr-FR\",\"potentialAction\":[{\"@type\":\"ReadAction\",\"target\":[\"https:\\\/\\\/www.verandair.com\\\/fr\\\/realisation-plus-grande-veranda-retractable-monde\\\/\"]}]},{\"@type\":\"ImageObject\",\"inLanguage\":\"fr-FR\",\"@id\":\"https:\\\/\\\/www.verandair.com\\\/fr\\\/realisation-plus-grande-veranda-retractable-monde\\\/#primaryimage\",\"url\":\"https:\\\/\\\/www.verandair.com\\\/wp-content\\\/uploads\\\/2019\\\/02\\\/plus-grande-veranda-du-monde.jpg\",\"contentUrl\":\"https:\\\/\\\/www.verandair.com\\\/wp-content\\\/uploads\\\/2019\\\/02\\\/plus-grande-veranda-du-monde.jpg\",\"width\":600,\"height\":450,\"caption\":\"plus grande veranda du monde\"},{\"@type\":\"BreadcrumbList\",\"@id\":\"https:\\\/\\\/www.verandair.com\\\/fr\\\/realisation-plus-grande-veranda-retractable-monde\\\/#breadcrumb\",\"itemListElement\":[{\"@type\":\"ListItem\",\"position\":1,\"name\":\"Accueil\",\"item\":{\"@type\":\"WebPage\",\"@id\":\"https:\\\/\\\/www.verandair.com\\\/fr\\\/\",\"name\":\"Accueil\"}},{\"@type\":\"ListItem\",\"position\":2,\"name\":\"Retour en images sur l&#8217;installation de la plus grande v\u00e9randa r\u00e9tractable au monde !\"}]},{\"@type\":\"WebSite\",\"@id\":\"https:\\\/\\\/www.verandair.com\\\/fr\\\/#website\",\"url\":\"https:\\\/\\\/www.verandair.com\\\/fr\\\/\",\"name\":\"VERANDAIR\u00ae\",\"description\":\"\",\"publisher\":{\"@id\":\"https:\\\/\\\/www.verandair.com\\\/fr\\\/#organization\"},\"potentialAction\":[{\"@type\":\"SearchAction\",\"target\":{\"@type\":\"EntryPoint\",\"urlTemplate\":\"https:\\\/\\\/www.verandair.com\\\/fr\\\/?s={search_term_string}\"},\"query-input\":{\"@type\":\"PropertyValueSpecification\",\"valueRequired\":true,\"valueName\":\"search_term_string\"}}],\"inLanguage\":\"fr-FR\"},{\"@type\":\"Organization\",\"@id\":\"https:\\\/\\\/www.verandair.com\\\/fr\\\/#organization\",\"name\":\"Verandair\",\"url\":\"https:\\\/\\\/www.verandair.com\\\/fr\\\/\",\"logo\":{\"@type\":\"ImageObject\",\"inLanguage\":\"fr-FR\",\"@id\":\"https:\\\/\\\/www.verandair.com\\\/fr\\\/#\\\/schema\\\/logo\\\/image\\\/\",\"url\":\"https:\\\/\\\/www.verandair.com\\\/wp-content\\\/uploads\\\/2024\\\/06\\\/VERANDAIR-logo.png\",\"contentUrl\":\"https:\\\/\\\/www.verandair.com\\\/wp-content\\\/uploads\\\/2024\\\/06\\\/VERANDAIR-logo.png\",\"width\":283,\"height\":127,\"caption\":\"Verandair\"},\"image\":{\"@id\":\"https:\\\/\\\/www.verandair.com\\\/fr\\\/#\\\/schema\\\/logo\\\/image\\\/\"}},{\"@type\":\"Person\",\"@id\":\"https:\\\/\\\/www.verandair.com\\\/fr\\\/#\\\/schema\\\/person\\\/cdeca2ebd6c03b60479d713f66329bc9\",\"name\":\"admin-verandair\",\"image\":{\"@type\":\"ImageObject\",\"inLanguage\":\"fr-FR\",\"@id\":\"https:\\\/\\\/secure.gravatar.com\\\/avatar\\\/933ed88eb2b3e194c00d3516e15b0e50c947c76a16e37565b6eb035b6954d0c4?s=96&d=mm&r=g\",\"url\":\"https:\\\/\\\/secure.gravatar.com\\\/avatar\\\/933ed88eb2b3e194c00d3516e15b0e50c947c76a16e37565b6eb035b6954d0c4?s=96&d=mm&r=g\",\"contentUrl\":\"https:\\\/\\\/secure.gravatar.com\\\/avatar\\\/933ed88eb2b3e194c00d3516e15b0e50c947c76a16e37565b6eb035b6954d0c4?s=96&d=mm&r=g\",\"caption\":\"admin-verandair\"}}]}<\/script>\n<!-- \/ Yoast SEO plugin. -->","yoast_head_json":{"title":"Verandair a con\u00e7u et install\u00e9 la plus grande v\u00e9randa r\u00e9tractable au monde !","description":"20 m sur 21 m auxquels il faut ajouter une rotonde de 12 m de diam\u00e8tre : telle est la plus grande v\u00e9randa r\u00e9tractable au monde. Et c'est sign\u00e9 Verandair !","robots":{"index":"index","follow":"follow","max-snippet":"max-snippet:-1","max-image-preview":"max-image-preview:large","max-video-preview":"max-video-preview:-1"},"canonical":"https:\/\/www.verandair.com\/fr\/realisation-plus-grande-veranda-retractable-monde\/","og_locale":"fr_FR","og_type":"article","og_title":"Verandair a con\u00e7u et install\u00e9 la plus grande v\u00e9randa r\u00e9tractable au monde !","og_description":"20 m sur 21 m auxquels il faut ajouter une rotonde de 12 m de diam\u00e8tre : telle est la plus grande v\u00e9randa r\u00e9tractable au monde. Et c'est sign\u00e9 Verandair !","og_url":"https:\/\/www.verandair.com\/fr\/realisation-plus-grande-veranda-retractable-monde\/","og_site_name":"VERANDAIR\u00ae","article_published_time":"2019-02-20T10:50:42+00:00","article_modified_time":"2026-02-27T14:15:01+00:00","og_image":[{"width":600,"height":450,"url":"https:\/\/www.verandair.com\/wp-content\/uploads\/2019\/02\/plus-grande-veranda-du-monde.jpg","type":"image\/jpeg"}],"author":"admin-verandair","twitter_card":"summary_large_image","twitter_misc":{"\u00c9crit par":"admin-verandair","Dur\u00e9e de lecture estim\u00e9e":"4 minutes"},"schema":{"@context":"https:\/\/schema.org","@graph":[{"@type":"Article","@id":"https:\/\/www.verandair.com\/fr\/realisation-plus-grande-veranda-retractable-monde\/#article","isPartOf":{"@id":"https:\/\/www.verandair.com\/fr\/realisation-plus-grande-veranda-retractable-monde\/"},"author":{"name":"admin-verandair","@id":"https:\/\/www.verandair.com\/fr\/#\/schema\/person\/cdeca2ebd6c03b60479d713f66329bc9"},"headline":"Retour en images sur l&#8217;installation de la plus grande v\u00e9randa r\u00e9tractable au monde !","datePublished":"2019-02-20T10:50:42+00:00","dateModified":"2026-02-27T14:15:01+00:00","mainEntityOfPage":{"@id":"https:\/\/www.verandair.com\/fr\/realisation-plus-grande-veranda-retractable-monde\/"},"wordCount":898,"publisher":{"@id":"https:\/\/www.verandair.com\/fr\/#organization"},"image":{"@id":"https:\/\/www.verandair.com\/fr\/realisation-plus-grande-veranda-retractable-monde\/#primaryimage"},"thumbnailUrl":"https:\/\/www.verandair.com\/wp-content\/uploads\/2019\/02\/plus-grande-veranda-du-monde.jpg","articleSection":["Abri de terrasse"],"inLanguage":"fr-FR"},{"@type":"WebPage","@id":"https:\/\/www.verandair.com\/fr\/realisation-plus-grande-veranda-retractable-monde\/","url":"https:\/\/www.verandair.com\/fr\/realisation-plus-grande-veranda-retractable-monde\/","name":"Verandair a con\u00e7u et install\u00e9 la plus grande v\u00e9randa r\u00e9tractable au monde !","isPartOf":{"@id":"https:\/\/www.verandair.com\/fr\/#website"},"primaryImageOfPage":{"@id":"https:\/\/www.verandair.com\/fr\/realisation-plus-grande-veranda-retractable-monde\/#primaryimage"},"image":{"@id":"https:\/\/www.verandair.com\/fr\/realisation-plus-grande-veranda-retractable-monde\/#primaryimage"},"thumbnailUrl":"https:\/\/www.verandair.com\/wp-content\/uploads\/2019\/02\/plus-grande-veranda-du-monde.jpg","datePublished":"2019-02-20T10:50:42+00:00","dateModified":"2026-02-27T14:15:01+00:00","description":"20 m sur 21 m auxquels il faut ajouter une rotonde de 12 m de diam\u00e8tre : telle est la plus grande v\u00e9randa r\u00e9tractable au monde. Et c'est sign\u00e9 Verandair !","breadcrumb":{"@id":"https:\/\/www.verandair.com\/fr\/realisation-plus-grande-veranda-retractable-monde\/#breadcrumb"},"inLanguage":"fr-FR","potentialAction":[{"@type":"ReadAction","target":["https:\/\/www.verandair.com\/fr\/realisation-plus-grande-veranda-retractable-monde\/"]}]},{"@type":"ImageObject","inLanguage":"fr-FR","@id":"https:\/\/www.verandair.com\/fr\/realisation-plus-grande-veranda-retractable-monde\/#primaryimage","url":"https:\/\/www.verandair.com\/wp-content\/uploads\/2019\/02\/plus-grande-veranda-du-monde.jpg","contentUrl":"https:\/\/www.verandair.com\/wp-content\/uploads\/2019\/02\/plus-grande-veranda-du-monde.jpg","width":600,"height":450,"caption":"plus grande veranda du monde"},{"@type":"BreadcrumbList","@id":"https:\/\/www.verandair.com\/fr\/realisation-plus-grande-veranda-retractable-monde\/#breadcrumb","itemListElement":[{"@type":"ListItem","position":1,"name":"Accueil","item":{"@type":"WebPage","@id":"https:\/\/www.verandair.com\/fr\/","name":"Accueil"}},{"@type":"ListItem","position":2,"name":"Retour en images sur l&#8217;installation de la plus grande v\u00e9randa r\u00e9tractable au monde !"}]},{"@type":"WebSite","@id":"https:\/\/www.verandair.com\/fr\/#website","url":"https:\/\/www.verandair.com\/fr\/","name":"VERANDAIR\u00ae","description":"","publisher":{"@id":"https:\/\/www.verandair.com\/fr\/#organization"},"potentialAction":[{"@type":"SearchAction","target":{"@type":"EntryPoint","urlTemplate":"https:\/\/www.verandair.com\/fr\/?s={search_term_string}"},"query-input":{"@type":"PropertyValueSpecification","valueRequired":true,"valueName":"search_term_string"}}],"inLanguage":"fr-FR"},{"@type":"Organization","@id":"https:\/\/www.verandair.com\/fr\/#organization","name":"Verandair","url":"https:\/\/www.verandair.com\/fr\/","logo":{"@type":"ImageObject","inLanguage":"fr-FR","@id":"https:\/\/www.verandair.com\/fr\/#\/schema\/logo\/image\/","url":"https:\/\/www.verandair.com\/wp-content\/uploads\/2024\/06\/VERANDAIR-logo.png","contentUrl":"https:\/\/www.verandair.com\/wp-content\/uploads\/2024\/06\/VERANDAIR-logo.png","width":283,"height":127,"caption":"Verandair"},"image":{"@id":"https:\/\/www.verandair.com\/fr\/#\/schema\/logo\/image\/"}},{"@type":"Person","@id":"https:\/\/www.verandair.com\/fr\/#\/schema\/person\/cdeca2ebd6c03b60479d713f66329bc9","name":"admin-verandair","image":{"@type":"ImageObject","inLanguage":"fr-FR","@id":"https:\/\/secure.gravatar.com\/avatar\/933ed88eb2b3e194c00d3516e15b0e50c947c76a16e37565b6eb035b6954d0c4?s=96&d=mm&r=g","url":"https:\/\/secure.gravatar.com\/avatar\/933ed88eb2b3e194c00d3516e15b0e50c947c76a16e37565b6eb035b6954d0c4?s=96&d=mm&r=g","contentUrl":"https:\/\/secure.gravatar.com\/avatar\/933ed88eb2b3e194c00d3516e15b0e50c947c76a16e37565b6eb035b6954d0c4?s=96&d=mm&r=g","caption":"admin-verandair"}}]}},"_links":{"self":[{"href":"https:\/\/www.verandair.com\/fr\/wp-json\/wp\/v2\/posts\/10237","targetHints":{"allow":["GET"]}}],"collection":[{"href":"https:\/\/www.verandair.com\/fr\/wp-json\/wp\/v2\/posts"}],"about":[{"href":"https:\/\/www.verandair.com\/fr\/wp-json\/wp\/v2\/types\/post"}],"author":[{"embeddable":true,"href":"https:\/\/www.verandair.com\/fr\/wp-json\/wp\/v2\/users\/5"}],"replies":[{"embeddable":true,"href":"https:\/\/www.verandair.com\/fr\/wp-json\/wp\/v2\/comments?post=10237"}],"version-history":[{"count":2,"href":"https:\/\/www.verandair.com\/fr\/wp-json\/wp\/v2\/posts\/10237\/revisions"}],"predecessor-version":[{"id":74609,"href":"https:\/\/www.verandair.com\/fr\/wp-json\/wp\/v2\/posts\/10237\/revisions\/74609"}],"wp:featuredmedia":[{"embeddable":true,"href":"https:\/\/www.verandair.com\/fr\/wp-json\/wp\/v2\/media\/16152"}],"wp:attachment":[{"href":"https:\/\/www.verandair.com\/fr\/wp-json\/wp\/v2\/media?parent=10237"}],"wp:term":[{"taxonomy":"category","embeddable":true,"href":"https:\/\/www.verandair.com\/fr\/wp-json\/wp\/v2\/categories?post=10237"},{"taxonomy":"post_tag","embeddable":true,"href":"https:\/\/www.verandair.com\/fr\/wp-json\/wp\/v2\/tags?post=10237"}],"curies":[{"name":"wp","href":"https:\/\/api.w.org\/{rel}","templated":true}]}}