{"id":11892,"date":"2019-06-18T15:03:20","date_gmt":"2019-06-18T13:03:20","guid":{"rendered":"https:\/\/www.verandair.com\/?p=11892"},"modified":"2026-02-27T15:34:31","modified_gmt":"2026-02-27T14:34:31","slug":"pergola-pour-profiter-ete","status":"publish","type":"post","link":"https:\/\/www.verandair.com\/fr\/pergola-pour-profiter-ete\/","title":{"rendered":"Une pergola pour profiter au mieux de l\u2019\u00e9t\u00e9"},"content":{"rendered":"<p>[et_pb_section fb_built=&#8221;1&#8243; _builder_version=&#8221;4.16&#8243; global_colors_info=&#8221;{}&#8221; theme_builder_area=&#8221;post_content&#8221;][et_pb_row _builder_version=&#8221;4.16&#8243; global_colors_info=&#8221;{}&#8221; theme_builder_area=&#8221;post_content&#8221;][et_pb_column type=&#8221;4_4&#8243; _builder_version=&#8221;4.16&#8243; custom_padding=&#8221;|||&#8221; global_colors_info=&#8221;{}&#8221; custom_padding__hover=&#8221;|||&#8221; theme_builder_area=&#8221;post_content&#8221;][et_pb_text _builder_version=&#8221;4.16&#8243; global_colors_info=&#8221;{}&#8221; theme_builder_area=&#8221;post_content&#8221;]<\/p>\n<p style=\"text-align: justify;\"><strong>\u00a0<\/strong><strong>Envie de profiter des longues journ\u00e9es ensoleill\u00e9es ? Vous r\u00eavez d\u2019am\u00e9nager votre ext\u00e9rieur en petit coin de paradis ? Parasol, voile d\u2019ombrage, pergola, il existe de nombreuses options. Mais une seule r\u00e9unit toutes les protections : la pergola.<\/strong><\/p>\n<p style=\"text-align: justify;\">L\u2019\u00e9t\u00e9 frappe \u00e0 nos portes et avec lui, l\u2019envie de profiter un maximum de nos ext\u00e9rieurs. A table en famille ou en train de vous reposer sur un transat, la pergola vous permet de profiter du beaux temps tout en vous <strong>prot\u00e9geant des UV et du vent<\/strong>. Conviviale et familiale, elle r\u00e9pondra parfaitement \u00e0 vos attentes.<\/p>\n<h2 style=\"color: #00909e; text-align: justify;\">Laissez-vous s\u00e9duire par l\u2019installation d\u2019une pergola<\/h2>\n<p style=\"text-align: justify;\">En \u00e9t\u00e9, le soleil peut parfois se montrer br\u00fblant, le vent vous faire virevolter et la pluie s\u2019inviter. Hors de question de quitter votre ext\u00e9rieur et de s\u2019enfermer, la pergola pr\u00e9sente <strong>une solution esth\u00e9tique et pratique<\/strong> afin de poursuivre votre bain de soleil malgr\u00e9 les conditions climatiques. La mise en place d\u2019une <a href=\"https:\/\/www.verandair.com\/fr\/veranda\/pergola\/\">pergola en aluminium<\/a> poss\u00e8de de nombreux avantages tels que la <strong>solidit\u00e9 du mat\u00e9riau<\/strong> mais \u00e9galement sa <strong>facilit\u00e9 d\u2019entretien<\/strong>. De plus, le montage ne prend que quelques heures.<\/p>\n<h2 style=\"color: #00909e; text-align: justify;\">Pourquoi choisir une pergola Verandair ?<\/h2>\n<p style=\"text-align: justify;\">Verandair propose <strong>un large choix de pergolas en aluminium<\/strong>. Solide et durable, celles-ci vous permettent de profiter de votre jardin ou terrasse tout en vous prot\u00e9geant de la m\u00e9t\u00e9o, qui peut parfois se montrer capricieuse. Les pergolas peuvent \u00eatre \u00e0 <a href=\"https:\/\/www.verandair.com\/fr\/veranda\/pergola-toiture-fixe\/\">toiture fixe<\/a> ou dot\u00e9es d\u2019un syst\u00e8me cabriolet, se d\u00e9ployant selon vos envies.<br \/>\nAvec pour mot d\u2019ordre <strong>la qualit\u00e9,<\/strong> la construction des pergolas est <strong>sur-mesure<\/strong> pour une int\u00e9gration en coh\u00e9rence avec votre habitation.<strong><strong><br \/>\n<\/strong><\/strong>Du c\u00f4t\u00e9 d\u00e9co, les pergolas sont <strong><strong><strong>personnalisables <\/strong><\/strong><\/strong>selon vos go\u00fbts: \u00e9clairage LED High Power, fen\u00eatres lat\u00e9rales,&#8230; Un seul hic: se d\u00e9cider sur une couleur parmi les <strong>200 coloris<\/strong> que propose Verandair.<\/p>\n<p style=\"text-align: justify;\">Une fois la pergola install\u00e9e, il ne vous restera plus qu\u2019\u00e0 ajouter une touche personnelle avec quelques meubles de jardin et quelques fleurs. Serez-vous plut\u00f4t dans un style boh\u00e8me, chic, ou romantique? A vous de choisir!<\/p>\n<p>&nbsp;[\/et_pb_text][\/et_pb_column][\/et_pb_row][\/et_pb_section][et_pb_section fb_built=&#8221;1&#8243; _builder_version=&#8221;4.27.5&#8243; _module_preset=&#8221;a37cb46d-a9cb-4f77-bbbd-8966bde7aff0&#8243; saved_tabs=&#8221;all&#8221; locked=&#8221;off&#8221; global_colors_info=&#8221;{}&#8221; global_module=&#8221;74566&#8243; theme_builder_area=&#8221;post_content&#8221;][et_pb_row _builder_version=&#8221;4.27.5&#8243; _module_preset=&#8221;default&#8221; width=&#8221;100%&#8221; max_width=&#8221;100%&#8221; custom_padding=&#8221;0px|20px||20px|false|true&#8221; global_colors_info=&#8221;{}&#8221; theme_builder_area=&#8221;post_content&#8221;][et_pb_column type=&#8221;4_4&#8243; _builder_version=&#8221;4.23.4&#8243; _module_preset=&#8221;default&#8221; custom_padding=&#8221;50px||||false|false&#8221; global_colors_info=&#8221;{}&#8221; theme_builder_area=&#8221;post_content&#8221;][et_pb_image src=&#8221;https:\/\/www.verandair.com\/wp-content\/uploads\/2026\/02\/VERAN-brochure-A4-2026.webp&#8221; alt=&#8221;Brochure 2026 Verandair&#8221; title_text=&#8221;VERAN-brochure-A4-2026&#8243; align=&#8221;center&#8221; _builder_version=&#8221;4.27.5&#8243; _module_preset=&#8221;default&#8221; max_width=&#8221;300px&#8221; max_width_last_edited=&#8221;off|desktop&#8221; custom_margin=&#8221;0px||0px||false|false&#8221; scroll_vertical_motion_enable=&#8221;on&#8221; scroll_vertical_motion=&#8221;0|40|40|100|-0.5|0|0&#8243; scroll_fade_enable=&#8221;on&#8221; scroll_fade=&#8221;0|40|40|100|0|100|100&#8243; global_colors_info=&#8221;{}&#8221; theme_builder_area=&#8221;post_content&#8221;][\/et_pb_image][et_pb_text _builder_version=&#8221;4.27.5&#8243; _module_preset=&#8221;default&#8221; header_2_font_size=&#8221;32px&#8221; text_orientation=&#8221;center&#8221; custom_margin=&#8221;||15px||false|false&#8221; global_colors_info=&#8221;{%22gcid-4f3ca7d5-152d-4540-91b1-cc24563bf794%22:%91%22text_text_shadow_color%22%93}&#8221; theme_builder_area=&#8221;post_content&#8221;]<\/p>\n<h2><strong>Envie d&#8217;en savoir plus<\/strong> avant de vous d\u00e9cider ?<br \/><span data-metadata=\"&lt;!--(figmeta)eyJmaWxlS2V5IjoiNDJrcExzUGY2N0VsN0FkMldFdElreCIsInBhc3RlSUQiOjI4MTE1MTAxNSwiZGF0YVR5cGUiOiJzY2VuZSJ9Cg==(\/figmeta)--&gt;\"><\/span><\/h2>\n<p>[\/et_pb_text][et_pb_divider show_divider=&#8221;off&#8221; _builder_version=&#8221;4.27.5&#8243; _module_preset=&#8221;2adabd0f-cb12-404f-9aa7-a3088280e564&#8243; module_alignment=&#8221;center&#8221; global_colors_info=&#8221;{}&#8221; theme_builder_area=&#8221;post_content&#8221;][\/et_pb_divider][et_pb_text _builder_version=&#8221;4.27.5&#8243; _module_preset=&#8221;default&#8221; text_orientation=&#8221;center&#8221; custom_margin=&#8221;||50px||false|false&#8221; global_colors_info=&#8221;{%22gcid-4f3ca7d5-152d-4540-91b1-cc24563bf794%22:%91%22text_text_shadow_color%22%93}&#8221; theme_builder_area=&#8221;post_content&#8221;]<\/p>\n<p><span><strong>T\u00e9l\u00e9chargez la nouvelle brochure 2026<\/strong>\u00a0et d\u00e9couvrez notre <strong>gamme compl\u00e8te de produits<\/strong> pour profiter de votre vie en plein air toute l&#8217;ann\u00e9e.<\/span><\/p>\n<p>[\/et_pb_text][et_pb_button button_url=&#8221;https:\/\/info.verandair.com\/brochure-2026\/&#8221; url_new_window=&#8221;on&#8221; button_text=&#8221;Je t\u00e9l\u00e9charge ma brochure&#8221; button_alignment=&#8221;center&#8221; _builder_version=&#8221;4.27.5&#8243; _module_preset=&#8221;ae8d3791-01a2-4c4b-b221-c3f14f812284&#8243; global_colors_info=&#8221;{}&#8221; theme_builder_area=&#8221;post_content&#8221;][\/et_pb_button][\/et_pb_column][\/et_pb_row][\/et_pb_section]<\/p>\n","protected":false},"excerpt":{"rendered":"<p>Envie d\u2019un petit coin de paradis pour profiter de votre \u00e9t\u00e9 ? Pourquoi ne pas vous laisser s\u00e9duire par une pergola en aluminium?<\/p>\n","protected":false},"author":5,"featured_media":11911,"comment_status":"closed","ping_status":"closed","sticky":false,"template":"","format":"standard","meta":{"_acf_changed":false,"_et_pb_use_builder":"on","_et_pb_old_content":"","_et_gb_content_width":"","inline_featured_image":false,"footnotes":""},"categories":[33],"tags":[],"class_list":["post-11892","post","type-post","status-publish","format-standard","has-post-thumbnail","hentry","category-pergolas"],"acf":[],"yoast_head":"<!-- This site is optimized with the Yoast SEO plugin v27.5 - https:\/\/yoast.com\/product\/yoast-seo-wordpress\/ -->\n<title>Une pergola pour profiter de l&#039;\u00e9t\u00e9 ! D\u00e9couvrez la pergola Verandair<\/title>\n<meta name=\"description\" content=\"Laissez vous s\u00e9duire par une pergola en aluminium Verandair ! Et profitez pleinement de votre ext\u00e9rieur gr\u00e2ce \u00e0 votre pergola !\" \/>\n<meta name=\"robots\" content=\"index, follow, max-snippet:-1, max-image-preview:large, max-video-preview:-1\" \/>\n<link rel=\"canonical\" href=\"https:\/\/www.verandair.com\/fr\/pergola-pour-profiter-ete\/\" \/>\n<meta property=\"og:locale\" content=\"fr_FR\" \/>\n<meta property=\"og:type\" content=\"article\" \/>\n<meta property=\"og:title\" content=\"Une pergola pour profiter de l&#039;\u00e9t\u00e9 ! D\u00e9couvrez la pergola Verandair\" \/>\n<meta property=\"og:description\" content=\"Laissez vous s\u00e9duire par une pergola en aluminium Verandair ! Et profitez pleinement de votre ext\u00e9rieur gr\u00e2ce \u00e0 votre pergola !\" \/>\n<meta property=\"og:url\" content=\"https:\/\/www.verandair.com\/fr\/pergola-pour-profiter-ete\/\" \/>\n<meta property=\"og:site_name\" content=\"VERANDAIR\u00ae\" \/>\n<meta property=\"article:published_time\" content=\"2019-06-18T13:03:20+00:00\" \/>\n<meta property=\"article:modified_time\" content=\"2026-02-27T14:34:31+00:00\" \/>\n<meta property=\"og:image\" content=\"https:\/\/www.verandair.com\/wp-content\/uploads\/2019\/06\/photo-pergola-en-aluminium-Verandair.jpg\" \/>\n\t<meta property=\"og:image:width\" content=\"960\" \/>\n\t<meta property=\"og:image:height\" content=\"640\" \/>\n\t<meta property=\"og:image:type\" content=\"image\/jpeg\" \/>\n<meta name=\"author\" content=\"admin-verandair\" \/>\n<meta name=\"twitter:card\" content=\"summary_large_image\" \/>\n<meta name=\"twitter:label1\" content=\"\u00c9crit par\" \/>\n\t<meta name=\"twitter:data1\" content=\"admin-verandair\" \/>\n\t<meta name=\"twitter:label2\" content=\"Dur\u00e9e de lecture estim\u00e9e\" \/>\n\t<meta name=\"twitter:data2\" content=\"4 minutes\" \/>\n<script type=\"application\/ld+json\" class=\"yoast-schema-graph\">{\"@context\":\"https:\\\/\\\/schema.org\",\"@graph\":[{\"@type\":\"Article\",\"@id\":\"https:\\\/\\\/www.verandair.com\\\/fr\\\/pergola-pour-profiter-ete\\\/#article\",\"isPartOf\":{\"@id\":\"https:\\\/\\\/www.verandair.com\\\/fr\\\/pergola-pour-profiter-ete\\\/\"},\"author\":{\"name\":\"admin-verandair\",\"@id\":\"https:\\\/\\\/www.verandair.com\\\/fr\\\/#\\\/schema\\\/person\\\/cdeca2ebd6c03b60479d713f66329bc9\"},\"headline\":\"Une pergola pour profiter au mieux de l\u2019\u00e9t\u00e9\",\"datePublished\":\"2019-06-18T13:03:20+00:00\",\"dateModified\":\"2026-02-27T14:34:31+00:00\",\"mainEntityOfPage\":{\"@id\":\"https:\\\/\\\/www.verandair.com\\\/fr\\\/pergola-pour-profiter-ete\\\/\"},\"wordCount\":804,\"publisher\":{\"@id\":\"https:\\\/\\\/www.verandair.com\\\/fr\\\/#organization\"},\"image\":{\"@id\":\"https:\\\/\\\/www.verandair.com\\\/fr\\\/pergola-pour-profiter-ete\\\/#primaryimage\"},\"thumbnailUrl\":\"https:\\\/\\\/www.verandair.com\\\/wp-content\\\/uploads\\\/2019\\\/06\\\/photo-pergola-en-aluminium-Verandair.jpg\",\"articleSection\":[\"Pergolas\"],\"inLanguage\":\"fr-FR\"},{\"@type\":\"WebPage\",\"@id\":\"https:\\\/\\\/www.verandair.com\\\/fr\\\/pergola-pour-profiter-ete\\\/\",\"url\":\"https:\\\/\\\/www.verandair.com\\\/fr\\\/pergola-pour-profiter-ete\\\/\",\"name\":\"Une pergola pour profiter de l'\u00e9t\u00e9 ! D\u00e9couvrez la pergola Verandair\",\"isPartOf\":{\"@id\":\"https:\\\/\\\/www.verandair.com\\\/fr\\\/#website\"},\"primaryImageOfPage\":{\"@id\":\"https:\\\/\\\/www.verandair.com\\\/fr\\\/pergola-pour-profiter-ete\\\/#primaryimage\"},\"image\":{\"@id\":\"https:\\\/\\\/www.verandair.com\\\/fr\\\/pergola-pour-profiter-ete\\\/#primaryimage\"},\"thumbnailUrl\":\"https:\\\/\\\/www.verandair.com\\\/wp-content\\\/uploads\\\/2019\\\/06\\\/photo-pergola-en-aluminium-Verandair.jpg\",\"datePublished\":\"2019-06-18T13:03:20+00:00\",\"dateModified\":\"2026-02-27T14:34:31+00:00\",\"description\":\"Laissez vous s\u00e9duire par une pergola en aluminium Verandair ! Et profitez pleinement de votre ext\u00e9rieur gr\u00e2ce \u00e0 votre pergola !\",\"breadcrumb\":{\"@id\":\"https:\\\/\\\/www.verandair.com\\\/fr\\\/pergola-pour-profiter-ete\\\/#breadcrumb\"},\"inLanguage\":\"fr-FR\",\"potentialAction\":[{\"@type\":\"ReadAction\",\"target\":[\"https:\\\/\\\/www.verandair.com\\\/fr\\\/pergola-pour-profiter-ete\\\/\"]}]},{\"@type\":\"ImageObject\",\"inLanguage\":\"fr-FR\",\"@id\":\"https:\\\/\\\/www.verandair.com\\\/fr\\\/pergola-pour-profiter-ete\\\/#primaryimage\",\"url\":\"https:\\\/\\\/www.verandair.com\\\/wp-content\\\/uploads\\\/2019\\\/06\\\/photo-pergola-en-aluminium-Verandair.jpg\",\"contentUrl\":\"https:\\\/\\\/www.verandair.com\\\/wp-content\\\/uploads\\\/2019\\\/06\\\/photo-pergola-en-aluminium-Verandair.jpg\",\"width\":960,\"height\":640,\"caption\":\"Photo pergola en aluminium\"},{\"@type\":\"BreadcrumbList\",\"@id\":\"https:\\\/\\\/www.verandair.com\\\/fr\\\/pergola-pour-profiter-ete\\\/#breadcrumb\",\"itemListElement\":[{\"@type\":\"ListItem\",\"position\":1,\"name\":\"Accueil\",\"item\":{\"@type\":\"WebPage\",\"@id\":\"https:\\\/\\\/www.verandair.com\\\/fr\\\/\",\"name\":\"Accueil\"}},{\"@type\":\"ListItem\",\"position\":2,\"name\":\"Une pergola pour profiter au mieux de l\u2019\u00e9t\u00e9\"}]},{\"@type\":\"WebSite\",\"@id\":\"https:\\\/\\\/www.verandair.com\\\/fr\\\/#website\",\"url\":\"https:\\\/\\\/www.verandair.com\\\/fr\\\/\",\"name\":\"VERANDAIR\u00ae\",\"description\":\"\",\"publisher\":{\"@id\":\"https:\\\/\\\/www.verandair.com\\\/fr\\\/#organization\"},\"potentialAction\":[{\"@type\":\"SearchAction\",\"target\":{\"@type\":\"EntryPoint\",\"urlTemplate\":\"https:\\\/\\\/www.verandair.com\\\/fr\\\/?s={search_term_string}\"},\"query-input\":{\"@type\":\"PropertyValueSpecification\",\"valueRequired\":true,\"valueName\":\"search_term_string\"}}],\"inLanguage\":\"fr-FR\"},{\"@type\":\"Organization\",\"@id\":\"https:\\\/\\\/www.verandair.com\\\/fr\\\/#organization\",\"name\":\"Verandair\",\"url\":\"https:\\\/\\\/www.verandair.com\\\/fr\\\/\",\"logo\":{\"@type\":\"ImageObject\",\"inLanguage\":\"fr-FR\",\"@id\":\"https:\\\/\\\/www.verandair.com\\\/fr\\\/#\\\/schema\\\/logo\\\/image\\\/\",\"url\":\"https:\\\/\\\/www.verandair.com\\\/wp-content\\\/uploads\\\/2024\\\/06\\\/VERANDAIR-logo.png\",\"contentUrl\":\"https:\\\/\\\/www.verandair.com\\\/wp-content\\\/uploads\\\/2024\\\/06\\\/VERANDAIR-logo.png\",\"width\":283,\"height\":127,\"caption\":\"Verandair\"},\"image\":{\"@id\":\"https:\\\/\\\/www.verandair.com\\\/fr\\\/#\\\/schema\\\/logo\\\/image\\\/\"}},{\"@type\":\"Person\",\"@id\":\"https:\\\/\\\/www.verandair.com\\\/fr\\\/#\\\/schema\\\/person\\\/cdeca2ebd6c03b60479d713f66329bc9\",\"name\":\"admin-verandair\",\"image\":{\"@type\":\"ImageObject\",\"inLanguage\":\"fr-FR\",\"@id\":\"https:\\\/\\\/secure.gravatar.com\\\/avatar\\\/933ed88eb2b3e194c00d3516e15b0e50c947c76a16e37565b6eb035b6954d0c4?s=96&d=mm&r=g\",\"url\":\"https:\\\/\\\/secure.gravatar.com\\\/avatar\\\/933ed88eb2b3e194c00d3516e15b0e50c947c76a16e37565b6eb035b6954d0c4?s=96&d=mm&r=g\",\"contentUrl\":\"https:\\\/\\\/secure.gravatar.com\\\/avatar\\\/933ed88eb2b3e194c00d3516e15b0e50c947c76a16e37565b6eb035b6954d0c4?s=96&d=mm&r=g\",\"caption\":\"admin-verandair\"}}]}<\/script>\n<!-- \/ Yoast SEO plugin. -->","yoast_head_json":{"title":"Une pergola pour profiter de l'\u00e9t\u00e9 ! D\u00e9couvrez la pergola Verandair","description":"Laissez vous s\u00e9duire par une pergola en aluminium Verandair ! Et profitez pleinement de votre ext\u00e9rieur gr\u00e2ce \u00e0 votre pergola !","robots":{"index":"index","follow":"follow","max-snippet":"max-snippet:-1","max-image-preview":"max-image-preview:large","max-video-preview":"max-video-preview:-1"},"canonical":"https:\/\/www.verandair.com\/fr\/pergola-pour-profiter-ete\/","og_locale":"fr_FR","og_type":"article","og_title":"Une pergola pour profiter de l'\u00e9t\u00e9 ! D\u00e9couvrez la pergola Verandair","og_description":"Laissez vous s\u00e9duire par une pergola en aluminium Verandair ! Et profitez pleinement de votre ext\u00e9rieur gr\u00e2ce \u00e0 votre pergola !","og_url":"https:\/\/www.verandair.com\/fr\/pergola-pour-profiter-ete\/","og_site_name":"VERANDAIR\u00ae","article_published_time":"2019-06-18T13:03:20+00:00","article_modified_time":"2026-02-27T14:34:31+00:00","og_image":[{"width":960,"height":640,"url":"https:\/\/www.verandair.com\/wp-content\/uploads\/2019\/06\/photo-pergola-en-aluminium-Verandair.jpg","type":"image\/jpeg"}],"author":"admin-verandair","twitter_card":"summary_large_image","twitter_misc":{"\u00c9crit par":"admin-verandair","Dur\u00e9e de lecture estim\u00e9e":"4 minutes"},"schema":{"@context":"https:\/\/schema.org","@graph":[{"@type":"Article","@id":"https:\/\/www.verandair.com\/fr\/pergola-pour-profiter-ete\/#article","isPartOf":{"@id":"https:\/\/www.verandair.com\/fr\/pergola-pour-profiter-ete\/"},"author":{"name":"admin-verandair","@id":"https:\/\/www.verandair.com\/fr\/#\/schema\/person\/cdeca2ebd6c03b60479d713f66329bc9"},"headline":"Une pergola pour profiter au mieux de l\u2019\u00e9t\u00e9","datePublished":"2019-06-18T13:03:20+00:00","dateModified":"2026-02-27T14:34:31+00:00","mainEntityOfPage":{"@id":"https:\/\/www.verandair.com\/fr\/pergola-pour-profiter-ete\/"},"wordCount":804,"publisher":{"@id":"https:\/\/www.verandair.com\/fr\/#organization"},"image":{"@id":"https:\/\/www.verandair.com\/fr\/pergola-pour-profiter-ete\/#primaryimage"},"thumbnailUrl":"https:\/\/www.verandair.com\/wp-content\/uploads\/2019\/06\/photo-pergola-en-aluminium-Verandair.jpg","articleSection":["Pergolas"],"inLanguage":"fr-FR"},{"@type":"WebPage","@id":"https:\/\/www.verandair.com\/fr\/pergola-pour-profiter-ete\/","url":"https:\/\/www.verandair.com\/fr\/pergola-pour-profiter-ete\/","name":"Une pergola pour profiter de l'\u00e9t\u00e9 ! D\u00e9couvrez la pergola Verandair","isPartOf":{"@id":"https:\/\/www.verandair.com\/fr\/#website"},"primaryImageOfPage":{"@id":"https:\/\/www.verandair.com\/fr\/pergola-pour-profiter-ete\/#primaryimage"},"image":{"@id":"https:\/\/www.verandair.com\/fr\/pergola-pour-profiter-ete\/#primaryimage"},"thumbnailUrl":"https:\/\/www.verandair.com\/wp-content\/uploads\/2019\/06\/photo-pergola-en-aluminium-Verandair.jpg","datePublished":"2019-06-18T13:03:20+00:00","dateModified":"2026-02-27T14:34:31+00:00","description":"Laissez vous s\u00e9duire par une pergola en aluminium Verandair ! Et profitez pleinement de votre ext\u00e9rieur gr\u00e2ce \u00e0 votre pergola !","breadcrumb":{"@id":"https:\/\/www.verandair.com\/fr\/pergola-pour-profiter-ete\/#breadcrumb"},"inLanguage":"fr-FR","potentialAction":[{"@type":"ReadAction","target":["https:\/\/www.verandair.com\/fr\/pergola-pour-profiter-ete\/"]}]},{"@type":"ImageObject","inLanguage":"fr-FR","@id":"https:\/\/www.verandair.com\/fr\/pergola-pour-profiter-ete\/#primaryimage","url":"https:\/\/www.verandair.com\/wp-content\/uploads\/2019\/06\/photo-pergola-en-aluminium-Verandair.jpg","contentUrl":"https:\/\/www.verandair.com\/wp-content\/uploads\/2019\/06\/photo-pergola-en-aluminium-Verandair.jpg","width":960,"height":640,"caption":"Photo pergola en aluminium"},{"@type":"BreadcrumbList","@id":"https:\/\/www.verandair.com\/fr\/pergola-pour-profiter-ete\/#breadcrumb","itemListElement":[{"@type":"ListItem","position":1,"name":"Accueil","item":{"@type":"WebPage","@id":"https:\/\/www.verandair.com\/fr\/","name":"Accueil"}},{"@type":"ListItem","position":2,"name":"Une pergola pour profiter au mieux de l\u2019\u00e9t\u00e9"}]},{"@type":"WebSite","@id":"https:\/\/www.verandair.com\/fr\/#website","url":"https:\/\/www.verandair.com\/fr\/","name":"VERANDAIR\u00ae","description":"","publisher":{"@id":"https:\/\/www.verandair.com\/fr\/#organization"},"potentialAction":[{"@type":"SearchAction","target":{"@type":"EntryPoint","urlTemplate":"https:\/\/www.verandair.com\/fr\/?s={search_term_string}"},"query-input":{"@type":"PropertyValueSpecification","valueRequired":true,"valueName":"search_term_string"}}],"inLanguage":"fr-FR"},{"@type":"Organization","@id":"https:\/\/www.verandair.com\/fr\/#organization","name":"Verandair","url":"https:\/\/www.verandair.com\/fr\/","logo":{"@type":"ImageObject","inLanguage":"fr-FR","@id":"https:\/\/www.verandair.com\/fr\/#\/schema\/logo\/image\/","url":"https:\/\/www.verandair.com\/wp-content\/uploads\/2024\/06\/VERANDAIR-logo.png","contentUrl":"https:\/\/www.verandair.com\/wp-content\/uploads\/2024\/06\/VERANDAIR-logo.png","width":283,"height":127,"caption":"Verandair"},"image":{"@id":"https:\/\/www.verandair.com\/fr\/#\/schema\/logo\/image\/"}},{"@type":"Person","@id":"https:\/\/www.verandair.com\/fr\/#\/schema\/person\/cdeca2ebd6c03b60479d713f66329bc9","name":"admin-verandair","image":{"@type":"ImageObject","inLanguage":"fr-FR","@id":"https:\/\/secure.gravatar.com\/avatar\/933ed88eb2b3e194c00d3516e15b0e50c947c76a16e37565b6eb035b6954d0c4?s=96&d=mm&r=g","url":"https:\/\/secure.gravatar.com\/avatar\/933ed88eb2b3e194c00d3516e15b0e50c947c76a16e37565b6eb035b6954d0c4?s=96&d=mm&r=g","contentUrl":"https:\/\/secure.gravatar.com\/avatar\/933ed88eb2b3e194c00d3516e15b0e50c947c76a16e37565b6eb035b6954d0c4?s=96&d=mm&r=g","caption":"admin-verandair"}}]}},"_links":{"self":[{"href":"https:\/\/www.verandair.com\/fr\/wp-json\/wp\/v2\/posts\/11892","targetHints":{"allow":["GET"]}}],"collection":[{"href":"https:\/\/www.verandair.com\/fr\/wp-json\/wp\/v2\/posts"}],"about":[{"href":"https:\/\/www.verandair.com\/fr\/wp-json\/wp\/v2\/types\/post"}],"author":[{"embeddable":true,"href":"https:\/\/www.verandair.com\/fr\/wp-json\/wp\/v2\/users\/5"}],"replies":[{"embeddable":true,"href":"https:\/\/www.verandair.com\/fr\/wp-json\/wp\/v2\/comments?post=11892"}],"version-history":[{"count":2,"href":"https:\/\/www.verandair.com\/fr\/wp-json\/wp\/v2\/posts\/11892\/revisions"}],"predecessor-version":[{"id":74670,"href":"https:\/\/www.verandair.com\/fr\/wp-json\/wp\/v2\/posts\/11892\/revisions\/74670"}],"wp:featuredmedia":[{"embeddable":true,"href":"https:\/\/www.verandair.com\/fr\/wp-json\/wp\/v2\/media\/11911"}],"wp:attachment":[{"href":"https:\/\/www.verandair.com\/fr\/wp-json\/wp\/v2\/media?parent=11892"}],"wp:term":[{"taxonomy":"category","embeddable":true,"href":"https:\/\/www.verandair.com\/fr\/wp-json\/wp\/v2\/categories?post=11892"},{"taxonomy":"post_tag","embeddable":true,"href":"https:\/\/www.verandair.com\/fr\/wp-json\/wp\/v2\/tags?post=11892"}],"curies":[{"name":"wp","href":"https:\/\/api.w.org\/{rel}","templated":true}]}}