{"id":12630,"date":"2019-08-12T15:37:05","date_gmt":"2019-08-12T13:37:05","guid":{"rendered":"https:\/\/www.verandair.com\/?p=12630"},"modified":"2026-02-27T15:10:02","modified_gmt":"2026-02-27T14:10:02","slug":"quelle-orientation-choisir-veranda","status":"publish","type":"post","link":"https:\/\/www.verandair.com\/fr\/quelle-orientation-choisir-veranda\/","title":{"rendered":"Quelle orientation choisir pour sa v\u00e9randa ?"},"content":{"rendered":"<p>[et_pb_section fb_built=&#8221;1&#8243; _builder_version=&#8221;4.16&#8243; global_colors_info=&#8221;{}&#8221; theme_builder_area=&#8221;post_content&#8221;][et_pb_row _builder_version=&#8221;4.16&#8243; global_colors_info=&#8221;{}&#8221; theme_builder_area=&#8221;post_content&#8221;][et_pb_column type=&#8221;4_4&#8243; _builder_version=&#8221;4.16&#8243; custom_padding=&#8221;|||&#8221; global_colors_info=&#8221;{}&#8221; custom_padding__hover=&#8221;|||&#8221; theme_builder_area=&#8221;post_content&#8221;][et_pb_text _builder_version=&#8221;4.17.6&#8243; global_colors_info=&#8221;{}&#8221; theme_builder_area=&#8221;post_content&#8221;]<\/p>\n<p><strong>Vous aimeriez faire construire une v\u00e9randa dans votre maison? Ajouter quelques m\u00e8tres carr\u00e9s \u00e0 votre int\u00e9rieur et ainsi gagner en luminosit\u00e9 et en espace. Un \u00e9l\u00e9ment primordial dans le processus de choix d&#8217;une v\u00e9randa est la question de l&#8217;orientation. <\/strong><\/p>\n<p style=\"text-align: justify;\"><span style=\"font-weight: 400;\">L\u2019orientation d\u2019une v\u00e9randa est un choix crucial, il d\u00e9termine l<strong>a quantit\u00e9 de lumi\u00e8re et de chaleur<\/strong> qui entrera dans votre int\u00e9rieur. L\u2019orientation d\u00e9termine \u00e9galement le r\u00f4le que cette nouvelle pi\u00e8ce va jouer dans votre maison. La majorit\u00e9 des propri\u00e9taires de v\u00e9randa ont choisi une exposition sud mais il existe <strong>d\u2019autres possibilit\u00e9s<\/strong>.<\/span><\/p>\n<h2 style=\"color: #00909e;\"><span style=\"font-weight: 400;\">Une v\u00e9randa orient\u00e9e \u00e0 l&#8217;Est<\/span><\/h2>\n<p><span style=\"font-weight: 400;\">Une orientation \u00e0 l\u2019est offre<strong> les premiers rayons du soleil<\/strong> ainsi que de la lumi\u00e8re tout au long de la matin\u00e9e. Cette exposition permet de b\u00e9n\u00e9ficier de la luminosit\u00e9 matinale sans une surchauffe de l&#8217;int\u00e9rieur. Cette luminosit\u00e9 est tr\u00e8s agr\u00e9able, notamment dans une cuisine. Un petit-d\u00e9jeuner dans une v\u00e9randa en profitant des rayons du soleil pour bien d\u00e9marrer la journ\u00e9e, quoi de mieux ?\u00a0<\/span><\/p>\n<h2 style=\"color: #00909e;\"><span style=\"font-weight: 400;\">Une v\u00e9randa tourn\u00e9e vers le Nord<\/span><\/h2>\n<p style=\"text-align: justify;\"><span style=\"font-weight: 400;\">L&#8217;orientation d&#8217;une v\u00e9randa au nord est plus rare. En effet, on conseille de placer les pi\u00e8ces de vie plus au sud et les pi\u00e8ces dites servantes, tels que le cellier, les salles d&#8217;eaux, la buanderie,&#8230; au nord. Ce sont des pi\u00e8ces o\u00f9 l&#8217;on est moins souvent. Des pi\u00e8ces plus froides. Pour une v\u00e9randa, une orientation nord convient pour <strong>une entr\u00e9e, un petit sas lumineux ou encore un atelier<\/strong>,&#8230; Avec une v\u00e9randa positionn\u00e9e au nord, vous serez prot\u00e9g\u00e9 de la chaleur en \u00e9t\u00e9.<\/span><\/p>\n<p>[\/et_pb_text][et_pb_text _builder_version=&#8221;4.17.6&#8243; text_orientation=&#8221;justified&#8221; global_colors_info=&#8221;{}&#8221; theme_builder_area=&#8221;post_content&#8221;]<\/p>\n<h2 style=\"color: #00909e;\"><span style=\"font-weight: 400;\">L&#8217;Ouest, profiter de sa v\u00e9randa en fin de journ\u00e9e\u00a0<\/span><\/h2>\n<p style=\"text-align: justify;\"><span style=\"font-weight: 400;\">Cette orientation permet d\u2019avoir <strong>le soleil l\u2019apr\u00e8s-midi et ce, jusqu\u2019au coucher du soleil<\/strong>. Une exposition tr\u00e8s agr\u00e9able pour profiter d\u2019une fin de journ\u00e9e ensoleill\u00e9e et sentir la chaleur des derniers rayons du soleil. Une orientation \u00e0 l&#8217;ouest permet de <strong>chauffer rapidement<\/strong> votre pi\u00e8ce. Si le soleil se montre trop fort, en \u00e9t\u00e9 par exemple, pensez \u00e0 munir votre v\u00e9randa de stores.\u00a0<\/span><\/p>\n<h2 style=\"color: #00909e;\"><span style=\"font-weight: 400;\">L\u2019orientation la plus pris\u00e9e des v\u00e9randas, le Sud\u00a0<\/span><\/h2>\n<p style=\"text-align: justify;\"><span style=\"font-weight: 400;\">Un soleil chaud \u00e0 midi, qui se poursuit l&#8217;apr\u00e8s-midi. Avec une orientation sud, vous b\u00e9n\u00e9ficiez de <strong>la plus grande exposition<\/strong> du soleil et de la plus forte chaleur \u00e9galement. <strong>L&#8217;exposition sud, sud-est et sud-ouest sont les plus pris\u00e9es<\/strong>. Les pi\u00e8ces de vie (salon, salle \u00e0 manger,&#8230;) sont g\u00e9n\u00e9ralement plac\u00e9es selon cette exposition. Cela permet un grand apport de luminosit\u00e9 et rend les pi\u00e8ces conviviales et claires. Il en va de m\u00eame pour <a href=\"https:\/\/www.verandair.com\/fr\/veranda\/abri-de-terrasse\/\">les v\u00e9randas r\u00e9tractables<\/a> qui permettent de profiter d&#8217;une belle luminosit\u00e9 \u00e9t\u00e9 comme hiver. Pour \u00e9viter une trop grosse chaleur en \u00e9t\u00e9, n&#8217;h\u00e9sitez pas \u00e0 poser des stores pour limiter l&#8217;entr\u00e9e de la chaleur.<\/span><\/p>\n<h2 style=\"color: #00909e;\"><span style=\"font-weight: 400;\">La meilleure solution pour votre v\u00e9randa?\u00a0<\/span><\/h2>\n<p style=\"text-align: justify;\"><span style=\"font-weight: 400;\">Pour une v\u00e9randa la solution<strong>\u00a0la plus optimale est le sud-est<\/strong>, pour avoir une grande luminosit\u00e9 en \u00e9vitant la chaleur de l&#8217;apr\u00e8s-midi.<strong> Le sud-ouest<\/strong> est aussi fort conseill\u00e9 pour profiter d&#8217;une belle exposition en apr\u00e8s-midi et en fin de journ\u00e9e. Lors de la conception d&#8217;un projet de v\u00e9randa, plusieurs donn\u00e9es rentrent en compte pour choisir l&#8217;emplacement de la v\u00e9randa et son exposition. Une maison et son am\u00e9nagement se pensent en coh\u00e9rence, tel un ensemble architectural. R\u00e9fl\u00e9chissez d&#8217;abord <strong>au r\u00f4le que votre v\u00e9randa va prendre au sein de votre int\u00e9rieur<\/strong> pour ensuite imaginer la meilleure orientation. <\/span><\/p>\n<p style=\"text-align: justify;\"><span style=\"font-weight: 400;\">Pour la construction de votre v\u00e9randa, <a href=\"https:\/\/www.verandair.com\/fr\/contact\/\">n&#8217;h\u00e9sitez pas \u00e0 nous consulter<\/a> pour imaginer la exposition pour votre v\u00e9randa.\u00a0<\/span><\/p>\n<p>&nbsp;<\/p>\n<p>[\/et_pb_text][\/et_pb_column][\/et_pb_row][\/et_pb_section][et_pb_section fb_built=&#8221;1&#8243; _builder_version=&#8221;4.27.5&#8243; _module_preset=&#8221;a37cb46d-a9cb-4f77-bbbd-8966bde7aff0&#8243; saved_tabs=&#8221;all&#8221; locked=&#8221;off&#8221; global_colors_info=&#8221;{}&#8221; global_module=&#8221;74566&#8243; theme_builder_area=&#8221;post_content&#8221;][et_pb_row _builder_version=&#8221;4.27.5&#8243; _module_preset=&#8221;default&#8221; width=&#8221;100%&#8221; max_width=&#8221;100%&#8221; custom_padding=&#8221;0px|20px||20px|false|true&#8221; global_colors_info=&#8221;{}&#8221; theme_builder_area=&#8221;post_content&#8221;][et_pb_column type=&#8221;4_4&#8243; _builder_version=&#8221;4.23.4&#8243; _module_preset=&#8221;default&#8221; custom_padding=&#8221;50px||||false|false&#8221; global_colors_info=&#8221;{}&#8221; theme_builder_area=&#8221;post_content&#8221;][et_pb_image src=&#8221;https:\/\/www.verandair.com\/wp-content\/uploads\/2026\/02\/VERAN-brochure-A4-2026.webp&#8221; alt=&#8221;Brochure 2026 Verandair&#8221; title_text=&#8221;VERAN-brochure-A4-2026&#8243; align=&#8221;center&#8221; _builder_version=&#8221;4.27.5&#8243; _module_preset=&#8221;default&#8221; max_width=&#8221;300px&#8221; max_width_last_edited=&#8221;off|desktop&#8221; custom_margin=&#8221;0px||0px||false|false&#8221; scroll_vertical_motion_enable=&#8221;on&#8221; scroll_vertical_motion=&#8221;0|40|40|100|-0.5|0|0&#8243; scroll_fade_enable=&#8221;on&#8221; scroll_fade=&#8221;0|40|40|100|0|100|100&#8243; global_colors_info=&#8221;{}&#8221; theme_builder_area=&#8221;post_content&#8221;][\/et_pb_image][et_pb_text _builder_version=&#8221;4.27.5&#8243; _module_preset=&#8221;default&#8221; header_2_font_size=&#8221;32px&#8221; text_orientation=&#8221;center&#8221; custom_margin=&#8221;||15px||false|false&#8221; global_colors_info=&#8221;{%22gcid-4f3ca7d5-152d-4540-91b1-cc24563bf794%22:%91%22text_text_shadow_color%22%93}&#8221; theme_builder_area=&#8221;post_content&#8221;]<\/p>\n<h2><strong>Envie d&#8217;en savoir plus<\/strong> avant de vous d\u00e9cider ?<br \/><span data-metadata=\"&lt;!--(figmeta)eyJmaWxlS2V5IjoiNDJrcExzUGY2N0VsN0FkMldFdElreCIsInBhc3RlSUQiOjI4MTE1MTAxNSwiZGF0YVR5cGUiOiJzY2VuZSJ9Cg==(\/figmeta)--&gt;\"><\/span><\/h2>\n<p>[\/et_pb_text][et_pb_divider show_divider=&#8221;off&#8221; _builder_version=&#8221;4.27.5&#8243; _module_preset=&#8221;2adabd0f-cb12-404f-9aa7-a3088280e564&#8243; module_alignment=&#8221;center&#8221; global_colors_info=&#8221;{}&#8221; theme_builder_area=&#8221;post_content&#8221;][\/et_pb_divider][et_pb_text _builder_version=&#8221;4.27.5&#8243; _module_preset=&#8221;default&#8221; text_orientation=&#8221;center&#8221; custom_margin=&#8221;||50px||false|false&#8221; global_colors_info=&#8221;{%22gcid-4f3ca7d5-152d-4540-91b1-cc24563bf794%22:%91%22text_text_shadow_color%22%93}&#8221; theme_builder_area=&#8221;post_content&#8221;]<\/p>\n<p><span><strong>T\u00e9l\u00e9chargez la nouvelle brochure 2026<\/strong>\u00a0et d\u00e9couvrez notre <strong>gamme compl\u00e8te de produits<\/strong> pour profiter de votre vie en plein air toute l&#8217;ann\u00e9e.<\/span><\/p>\n<p>[\/et_pb_text][et_pb_button button_url=&#8221;https:\/\/info.verandair.com\/brochure-2026\/&#8221; url_new_window=&#8221;on&#8221; button_text=&#8221;Je t\u00e9l\u00e9charge ma brochure&#8221; button_alignment=&#8221;center&#8221; _builder_version=&#8221;4.27.5&#8243; _module_preset=&#8221;ae8d3791-01a2-4c4b-b221-c3f14f812284&#8243; global_colors_info=&#8221;{}&#8221; theme_builder_area=&#8221;post_content&#8221;][\/et_pb_button][\/et_pb_column][\/et_pb_row][\/et_pb_section]<\/p>\n","protected":false},"excerpt":{"rendered":"<p>Vous aimeriez faire construire une v\u00e9randa dans votre maison? Ajouter quelques m\u00e8tres carr\u00e9s \u00e0 votre int\u00e9rieur et ainsi gagner en luminosit\u00e9 et en espace. Un \u00e9l\u00e9ment primordial dans le processus de choix d&#8217;une v\u00e9randa est la question de l&#8217;orientation. L\u2019orientation d\u2019une v\u00e9randa est un choix crucial, il d\u00e9termine la quantit\u00e9 de lumi\u00e8re et de chaleur qui entrera dans votre int\u00e9rieur. L\u2019orientation d\u00e9termine \u00e9galement le r\u00f4le que cette nouvelle pi\u00e8ce va jouer dans votre maison. La majorit\u00e9 des propri\u00e9taires de v\u00e9randa ont choisi une exposition sud mais il existe d\u2019autres possibilit\u00e9s. Une v\u00e9randa orient\u00e9e \u00e0 l&#8217;Est Une orientation \u00e0 l\u2019est offre les premiers rayons du soleil ainsi que de la lumi\u00e8re tout au long de la matin\u00e9e. Cette exposition permet de b\u00e9n\u00e9ficier de la luminosit\u00e9 matinale sans une surchauffe de l&#8217;int\u00e9rieur. Cette luminosit\u00e9 est tr\u00e8s agr\u00e9able, notamment dans une cuisine. Un petit-d\u00e9jeuner dans une v\u00e9randa en profitant des rayons du soleil pour bien d\u00e9marrer la journ\u00e9e, quoi de mieux ?\u00a0 Une v\u00e9randa tourn\u00e9e vers le Nord L&#8217;orientation d&#8217;une v\u00e9randa au nord est plus rare. En effet, on conseille de placer les pi\u00e8ces de vie plus au sud et les pi\u00e8ces dites servantes, tels que le cellier, les salles d&#8217;eaux, la buanderie,&#8230; [&hellip;]<\/p>\n","protected":false},"author":5,"featured_media":12645,"comment_status":"closed","ping_status":"closed","sticky":false,"template":"","format":"standard","meta":{"_acf_changed":false,"_et_pb_use_builder":"on","_et_pb_old_content":"","_et_gb_content_width":"","inline_featured_image":false,"footnotes":""},"categories":[32],"tags":[],"class_list":["post-12630","post","type-post","status-publish","format-standard","has-post-thumbnail","hentry","category-abri-de-terrasse"],"acf":[],"yoast_head":"<!-- This site is optimized with the Yoast SEO plugin v27.5 - https:\/\/yoast.com\/product\/yoast-seo-wordpress\/ -->\n<title>Quelle orientation choisir pour sa v\u00e9randa ? | VERANDAIR\u00ae<\/title>\n<meta name=\"description\" content=\"Vous envisagez la construction d&#039;une v\u00e9randa dans votre maison ? L&#039;orientation de la v\u00e9randa est un choix crucial. Trouvez la meilleure solution ici !\" \/>\n<meta name=\"robots\" content=\"index, follow, max-snippet:-1, max-image-preview:large, max-video-preview:-1\" \/>\n<link rel=\"canonical\" href=\"https:\/\/www.verandair.com\/fr\/quelle-orientation-choisir-veranda\/\" \/>\n<meta property=\"og:locale\" content=\"fr_FR\" \/>\n<meta property=\"og:type\" content=\"article\" \/>\n<meta property=\"og:title\" content=\"Quelle orientation choisir pour sa v\u00e9randa ? | VERANDAIR\u00ae\" \/>\n<meta property=\"og:description\" content=\"Vous envisagez la construction d&#039;une v\u00e9randa dans votre maison ? L&#039;orientation de la v\u00e9randa est un choix crucial. Trouvez la meilleure solution ici !\" \/>\n<meta property=\"og:url\" content=\"https:\/\/www.verandair.com\/fr\/quelle-orientation-choisir-veranda\/\" \/>\n<meta property=\"og:site_name\" content=\"VERANDAIR\u00ae\" \/>\n<meta property=\"article:published_time\" content=\"2019-08-12T13:37:05+00:00\" \/>\n<meta property=\"article:modified_time\" content=\"2026-02-27T14:10:02+00:00\" \/>\n<meta property=\"og:image\" content=\"https:\/\/www.verandair.com\/wp-content\/uploads\/2019\/08\/Bien-oriente-sa-veranda-Verandair.jpg\" \/>\n\t<meta property=\"og:image:width\" content=\"1600\" \/>\n\t<meta property=\"og:image:height\" content=\"1200\" \/>\n\t<meta property=\"og:image:type\" content=\"image\/jpeg\" \/>\n<meta name=\"author\" content=\"admin-verandair\" \/>\n<meta name=\"twitter:card\" content=\"summary_large_image\" \/>\n<meta name=\"twitter:label1\" content=\"\u00c9crit par\" \/>\n\t<meta name=\"twitter:data1\" content=\"admin-verandair\" \/>\n\t<meta name=\"twitter:label2\" content=\"Dur\u00e9e de lecture estim\u00e9e\" \/>\n\t<meta name=\"twitter:data2\" content=\"5 minutes\" \/>\n<script type=\"application\/ld+json\" class=\"yoast-schema-graph\">{\"@context\":\"https:\\\/\\\/schema.org\",\"@graph\":[{\"@type\":\"Article\",\"@id\":\"https:\\\/\\\/www.verandair.com\\\/fr\\\/quelle-orientation-choisir-veranda\\\/#article\",\"isPartOf\":{\"@id\":\"https:\\\/\\\/www.verandair.com\\\/fr\\\/quelle-orientation-choisir-veranda\\\/\"},\"author\":{\"name\":\"admin-verandair\",\"@id\":\"https:\\\/\\\/www.verandair.com\\\/fr\\\/#\\\/schema\\\/person\\\/cdeca2ebd6c03b60479d713f66329bc9\"},\"headline\":\"Quelle orientation choisir pour sa v\u00e9randa ?\",\"datePublished\":\"2019-08-12T13:37:05+00:00\",\"dateModified\":\"2026-02-27T14:10:02+00:00\",\"mainEntityOfPage\":{\"@id\":\"https:\\\/\\\/www.verandair.com\\\/fr\\\/quelle-orientation-choisir-veranda\\\/\"},\"wordCount\":1114,\"publisher\":{\"@id\":\"https:\\\/\\\/www.verandair.com\\\/fr\\\/#organization\"},\"image\":{\"@id\":\"https:\\\/\\\/www.verandair.com\\\/fr\\\/quelle-orientation-choisir-veranda\\\/#primaryimage\"},\"thumbnailUrl\":\"https:\\\/\\\/www.verandair.com\\\/wp-content\\\/uploads\\\/2019\\\/08\\\/Bien-oriente-sa-veranda-Verandair.jpg\",\"articleSection\":[\"Abri de terrasse\"],\"inLanguage\":\"fr-FR\"},{\"@type\":\"WebPage\",\"@id\":\"https:\\\/\\\/www.verandair.com\\\/fr\\\/quelle-orientation-choisir-veranda\\\/\",\"url\":\"https:\\\/\\\/www.verandair.com\\\/fr\\\/quelle-orientation-choisir-veranda\\\/\",\"name\":\"Quelle orientation choisir pour sa v\u00e9randa ? | VERANDAIR\u00ae\",\"isPartOf\":{\"@id\":\"https:\\\/\\\/www.verandair.com\\\/fr\\\/#website\"},\"primaryImageOfPage\":{\"@id\":\"https:\\\/\\\/www.verandair.com\\\/fr\\\/quelle-orientation-choisir-veranda\\\/#primaryimage\"},\"image\":{\"@id\":\"https:\\\/\\\/www.verandair.com\\\/fr\\\/quelle-orientation-choisir-veranda\\\/#primaryimage\"},\"thumbnailUrl\":\"https:\\\/\\\/www.verandair.com\\\/wp-content\\\/uploads\\\/2019\\\/08\\\/Bien-oriente-sa-veranda-Verandair.jpg\",\"datePublished\":\"2019-08-12T13:37:05+00:00\",\"dateModified\":\"2026-02-27T14:10:02+00:00\",\"description\":\"Vous envisagez la construction d'une v\u00e9randa dans votre maison ? L'orientation de la v\u00e9randa est un choix crucial. Trouvez la meilleure solution ici !\",\"breadcrumb\":{\"@id\":\"https:\\\/\\\/www.verandair.com\\\/fr\\\/quelle-orientation-choisir-veranda\\\/#breadcrumb\"},\"inLanguage\":\"fr-FR\",\"potentialAction\":[{\"@type\":\"ReadAction\",\"target\":[\"https:\\\/\\\/www.verandair.com\\\/fr\\\/quelle-orientation-choisir-veranda\\\/\"]}]},{\"@type\":\"ImageObject\",\"inLanguage\":\"fr-FR\",\"@id\":\"https:\\\/\\\/www.verandair.com\\\/fr\\\/quelle-orientation-choisir-veranda\\\/#primaryimage\",\"url\":\"https:\\\/\\\/www.verandair.com\\\/wp-content\\\/uploads\\\/2019\\\/08\\\/Bien-oriente-sa-veranda-Verandair.jpg\",\"contentUrl\":\"https:\\\/\\\/www.verandair.com\\\/wp-content\\\/uploads\\\/2019\\\/08\\\/Bien-oriente-sa-veranda-Verandair.jpg\",\"width\":1600,\"height\":1200,\"caption\":\"Bien orienter sa v\u00e9randa Verandair\"},{\"@type\":\"BreadcrumbList\",\"@id\":\"https:\\\/\\\/www.verandair.com\\\/fr\\\/quelle-orientation-choisir-veranda\\\/#breadcrumb\",\"itemListElement\":[{\"@type\":\"ListItem\",\"position\":1,\"name\":\"Accueil\",\"item\":{\"@type\":\"WebPage\",\"@id\":\"https:\\\/\\\/www.verandair.com\\\/fr\\\/\",\"name\":\"Accueil\"}},{\"@type\":\"ListItem\",\"position\":2,\"name\":\"Quelle orientation choisir pour sa v\u00e9randa ?\"}]},{\"@type\":\"WebSite\",\"@id\":\"https:\\\/\\\/www.verandair.com\\\/fr\\\/#website\",\"url\":\"https:\\\/\\\/www.verandair.com\\\/fr\\\/\",\"name\":\"VERANDAIR\u00ae\",\"description\":\"\",\"publisher\":{\"@id\":\"https:\\\/\\\/www.verandair.com\\\/fr\\\/#organization\"},\"potentialAction\":[{\"@type\":\"SearchAction\",\"target\":{\"@type\":\"EntryPoint\",\"urlTemplate\":\"https:\\\/\\\/www.verandair.com\\\/fr\\\/?s={search_term_string}\"},\"query-input\":{\"@type\":\"PropertyValueSpecification\",\"valueRequired\":true,\"valueName\":\"search_term_string\"}}],\"inLanguage\":\"fr-FR\"},{\"@type\":\"Organization\",\"@id\":\"https:\\\/\\\/www.verandair.com\\\/fr\\\/#organization\",\"name\":\"Verandair\",\"url\":\"https:\\\/\\\/www.verandair.com\\\/fr\\\/\",\"logo\":{\"@type\":\"ImageObject\",\"inLanguage\":\"fr-FR\",\"@id\":\"https:\\\/\\\/www.verandair.com\\\/fr\\\/#\\\/schema\\\/logo\\\/image\\\/\",\"url\":\"https:\\\/\\\/www.verandair.com\\\/wp-content\\\/uploads\\\/2024\\\/06\\\/VERANDAIR-logo.png\",\"contentUrl\":\"https:\\\/\\\/www.verandair.com\\\/wp-content\\\/uploads\\\/2024\\\/06\\\/VERANDAIR-logo.png\",\"width\":283,\"height\":127,\"caption\":\"Verandair\"},\"image\":{\"@id\":\"https:\\\/\\\/www.verandair.com\\\/fr\\\/#\\\/schema\\\/logo\\\/image\\\/\"}},{\"@type\":\"Person\",\"@id\":\"https:\\\/\\\/www.verandair.com\\\/fr\\\/#\\\/schema\\\/person\\\/cdeca2ebd6c03b60479d713f66329bc9\",\"name\":\"admin-verandair\",\"image\":{\"@type\":\"ImageObject\",\"inLanguage\":\"fr-FR\",\"@id\":\"https:\\\/\\\/secure.gravatar.com\\\/avatar\\\/933ed88eb2b3e194c00d3516e15b0e50c947c76a16e37565b6eb035b6954d0c4?s=96&d=mm&r=g\",\"url\":\"https:\\\/\\\/secure.gravatar.com\\\/avatar\\\/933ed88eb2b3e194c00d3516e15b0e50c947c76a16e37565b6eb035b6954d0c4?s=96&d=mm&r=g\",\"contentUrl\":\"https:\\\/\\\/secure.gravatar.com\\\/avatar\\\/933ed88eb2b3e194c00d3516e15b0e50c947c76a16e37565b6eb035b6954d0c4?s=96&d=mm&r=g\",\"caption\":\"admin-verandair\"}}]}<\/script>\n<!-- \/ Yoast SEO plugin. -->","yoast_head_json":{"title":"Quelle orientation choisir pour sa v\u00e9randa ? | VERANDAIR\u00ae","description":"Vous envisagez la construction d'une v\u00e9randa dans votre maison ? L'orientation de la v\u00e9randa est un choix crucial. Trouvez la meilleure solution ici !","robots":{"index":"index","follow":"follow","max-snippet":"max-snippet:-1","max-image-preview":"max-image-preview:large","max-video-preview":"max-video-preview:-1"},"canonical":"https:\/\/www.verandair.com\/fr\/quelle-orientation-choisir-veranda\/","og_locale":"fr_FR","og_type":"article","og_title":"Quelle orientation choisir pour sa v\u00e9randa ? | VERANDAIR\u00ae","og_description":"Vous envisagez la construction d'une v\u00e9randa dans votre maison ? L'orientation de la v\u00e9randa est un choix crucial. Trouvez la meilleure solution ici !","og_url":"https:\/\/www.verandair.com\/fr\/quelle-orientation-choisir-veranda\/","og_site_name":"VERANDAIR\u00ae","article_published_time":"2019-08-12T13:37:05+00:00","article_modified_time":"2026-02-27T14:10:02+00:00","og_image":[{"width":1600,"height":1200,"url":"https:\/\/www.verandair.com\/wp-content\/uploads\/2019\/08\/Bien-oriente-sa-veranda-Verandair.jpg","type":"image\/jpeg"}],"author":"admin-verandair","twitter_card":"summary_large_image","twitter_misc":{"\u00c9crit par":"admin-verandair","Dur\u00e9e de lecture estim\u00e9e":"5 minutes"},"schema":{"@context":"https:\/\/schema.org","@graph":[{"@type":"Article","@id":"https:\/\/www.verandair.com\/fr\/quelle-orientation-choisir-veranda\/#article","isPartOf":{"@id":"https:\/\/www.verandair.com\/fr\/quelle-orientation-choisir-veranda\/"},"author":{"name":"admin-verandair","@id":"https:\/\/www.verandair.com\/fr\/#\/schema\/person\/cdeca2ebd6c03b60479d713f66329bc9"},"headline":"Quelle orientation choisir pour sa v\u00e9randa ?","datePublished":"2019-08-12T13:37:05+00:00","dateModified":"2026-02-27T14:10:02+00:00","mainEntityOfPage":{"@id":"https:\/\/www.verandair.com\/fr\/quelle-orientation-choisir-veranda\/"},"wordCount":1114,"publisher":{"@id":"https:\/\/www.verandair.com\/fr\/#organization"},"image":{"@id":"https:\/\/www.verandair.com\/fr\/quelle-orientation-choisir-veranda\/#primaryimage"},"thumbnailUrl":"https:\/\/www.verandair.com\/wp-content\/uploads\/2019\/08\/Bien-oriente-sa-veranda-Verandair.jpg","articleSection":["Abri de terrasse"],"inLanguage":"fr-FR"},{"@type":"WebPage","@id":"https:\/\/www.verandair.com\/fr\/quelle-orientation-choisir-veranda\/","url":"https:\/\/www.verandair.com\/fr\/quelle-orientation-choisir-veranda\/","name":"Quelle orientation choisir pour sa v\u00e9randa ? | VERANDAIR\u00ae","isPartOf":{"@id":"https:\/\/www.verandair.com\/fr\/#website"},"primaryImageOfPage":{"@id":"https:\/\/www.verandair.com\/fr\/quelle-orientation-choisir-veranda\/#primaryimage"},"image":{"@id":"https:\/\/www.verandair.com\/fr\/quelle-orientation-choisir-veranda\/#primaryimage"},"thumbnailUrl":"https:\/\/www.verandair.com\/wp-content\/uploads\/2019\/08\/Bien-oriente-sa-veranda-Verandair.jpg","datePublished":"2019-08-12T13:37:05+00:00","dateModified":"2026-02-27T14:10:02+00:00","description":"Vous envisagez la construction d'une v\u00e9randa dans votre maison ? L'orientation de la v\u00e9randa est un choix crucial. Trouvez la meilleure solution ici !","breadcrumb":{"@id":"https:\/\/www.verandair.com\/fr\/quelle-orientation-choisir-veranda\/#breadcrumb"},"inLanguage":"fr-FR","potentialAction":[{"@type":"ReadAction","target":["https:\/\/www.verandair.com\/fr\/quelle-orientation-choisir-veranda\/"]}]},{"@type":"ImageObject","inLanguage":"fr-FR","@id":"https:\/\/www.verandair.com\/fr\/quelle-orientation-choisir-veranda\/#primaryimage","url":"https:\/\/www.verandair.com\/wp-content\/uploads\/2019\/08\/Bien-oriente-sa-veranda-Verandair.jpg","contentUrl":"https:\/\/www.verandair.com\/wp-content\/uploads\/2019\/08\/Bien-oriente-sa-veranda-Verandair.jpg","width":1600,"height":1200,"caption":"Bien orienter sa v\u00e9randa Verandair"},{"@type":"BreadcrumbList","@id":"https:\/\/www.verandair.com\/fr\/quelle-orientation-choisir-veranda\/#breadcrumb","itemListElement":[{"@type":"ListItem","position":1,"name":"Accueil","item":{"@type":"WebPage","@id":"https:\/\/www.verandair.com\/fr\/","name":"Accueil"}},{"@type":"ListItem","position":2,"name":"Quelle orientation choisir pour sa v\u00e9randa ?"}]},{"@type":"WebSite","@id":"https:\/\/www.verandair.com\/fr\/#website","url":"https:\/\/www.verandair.com\/fr\/","name":"VERANDAIR\u00ae","description":"","publisher":{"@id":"https:\/\/www.verandair.com\/fr\/#organization"},"potentialAction":[{"@type":"SearchAction","target":{"@type":"EntryPoint","urlTemplate":"https:\/\/www.verandair.com\/fr\/?s={search_term_string}"},"query-input":{"@type":"PropertyValueSpecification","valueRequired":true,"valueName":"search_term_string"}}],"inLanguage":"fr-FR"},{"@type":"Organization","@id":"https:\/\/www.verandair.com\/fr\/#organization","name":"Verandair","url":"https:\/\/www.verandair.com\/fr\/","logo":{"@type":"ImageObject","inLanguage":"fr-FR","@id":"https:\/\/www.verandair.com\/fr\/#\/schema\/logo\/image\/","url":"https:\/\/www.verandair.com\/wp-content\/uploads\/2024\/06\/VERANDAIR-logo.png","contentUrl":"https:\/\/www.verandair.com\/wp-content\/uploads\/2024\/06\/VERANDAIR-logo.png","width":283,"height":127,"caption":"Verandair"},"image":{"@id":"https:\/\/www.verandair.com\/fr\/#\/schema\/logo\/image\/"}},{"@type":"Person","@id":"https:\/\/www.verandair.com\/fr\/#\/schema\/person\/cdeca2ebd6c03b60479d713f66329bc9","name":"admin-verandair","image":{"@type":"ImageObject","inLanguage":"fr-FR","@id":"https:\/\/secure.gravatar.com\/avatar\/933ed88eb2b3e194c00d3516e15b0e50c947c76a16e37565b6eb035b6954d0c4?s=96&d=mm&r=g","url":"https:\/\/secure.gravatar.com\/avatar\/933ed88eb2b3e194c00d3516e15b0e50c947c76a16e37565b6eb035b6954d0c4?s=96&d=mm&r=g","contentUrl":"https:\/\/secure.gravatar.com\/avatar\/933ed88eb2b3e194c00d3516e15b0e50c947c76a16e37565b6eb035b6954d0c4?s=96&d=mm&r=g","caption":"admin-verandair"}}]}},"_links":{"self":[{"href":"https:\/\/www.verandair.com\/fr\/wp-json\/wp\/v2\/posts\/12630","targetHints":{"allow":["GET"]}}],"collection":[{"href":"https:\/\/www.verandair.com\/fr\/wp-json\/wp\/v2\/posts"}],"about":[{"href":"https:\/\/www.verandair.com\/fr\/wp-json\/wp\/v2\/types\/post"}],"author":[{"embeddable":true,"href":"https:\/\/www.verandair.com\/fr\/wp-json\/wp\/v2\/users\/5"}],"replies":[{"embeddable":true,"href":"https:\/\/www.verandair.com\/fr\/wp-json\/wp\/v2\/comments?post=12630"}],"version-history":[{"count":2,"href":"https:\/\/www.verandair.com\/fr\/wp-json\/wp\/v2\/posts\/12630\/revisions"}],"predecessor-version":[{"id":74592,"href":"https:\/\/www.verandair.com\/fr\/wp-json\/wp\/v2\/posts\/12630\/revisions\/74592"}],"wp:featuredmedia":[{"embeddable":true,"href":"https:\/\/www.verandair.com\/fr\/wp-json\/wp\/v2\/media\/12645"}],"wp:attachment":[{"href":"https:\/\/www.verandair.com\/fr\/wp-json\/wp\/v2\/media?parent=12630"}],"wp:term":[{"taxonomy":"category","embeddable":true,"href":"https:\/\/www.verandair.com\/fr\/wp-json\/wp\/v2\/categories?post=12630"},{"taxonomy":"post_tag","embeddable":true,"href":"https:\/\/www.verandair.com\/fr\/wp-json\/wp\/v2\/tags?post=12630"}],"curies":[{"name":"wp","href":"https:\/\/api.w.org\/{rel}","templated":true}]}}