{"id":13168,"date":"2019-10-10T13:57:40","date_gmt":"2019-10-10T11:57:40","guid":{"rendered":"https:\/\/www.verandair.com\/?p=13168"},"modified":"2026-02-27T15:25:33","modified_gmt":"2026-02-27T14:25:33","slug":"illuminer-sa-veranda","status":"publish","type":"post","link":"https:\/\/www.verandair.com\/fr\/illuminer-sa-veranda\/","title":{"rendered":"Illuminez votre v\u00e9randa"},"content":{"rendered":"<p>[et_pb_section fb_built=&#8221;1&#8243; _builder_version=&#8221;4.16&#8243; global_colors_info=&#8221;{}&#8221; theme_builder_area=&#8221;post_content&#8221;][et_pb_row _builder_version=&#8221;4.16&#8243; global_colors_info=&#8221;{}&#8221; theme_builder_area=&#8221;post_content&#8221;][et_pb_column type=&#8221;4_4&#8243; _builder_version=&#8221;4.16&#8243; custom_padding=&#8221;|||&#8221; global_colors_info=&#8221;{}&#8221; custom_padding__hover=&#8221;|||&#8221; theme_builder_area=&#8221;post_content&#8221;][et_pb_text _builder_version=&#8221;4.17.6&#8243; global_colors_info=&#8221;{}&#8221; theme_builder_area=&#8221;post_content&#8221;]<\/p>\n<p style=\"text-align: justify;\"><strong>Les journ\u00e9es raccourcissent et la pluie assombrit le ciel, pas de doute, l\u2019hiver approche \u00e0 grands pas. Alors qu\u2019une v\u00e9randa repr\u00e9sente un apport important de luminosit\u00e9, l\u2019hiver approchant, la luminosit\u00e9 a fait place \u00e0 un doux paysage gris. Pour lutter contre cette grisaille automnale et continuer \u00e0 profiter de sa v\u00e9randa, focus sur l\u2019\u00e9clairage de votre v\u00e9randa.\u00a0<\/strong><\/p>\n<h2 style=\"color: #00909e;\">Une v\u00e9randa lumineuse \u00e0 toutes heures<\/h2>\n<p style=\"text-align: justify;\">Une v\u00e9randa, un puit de lumi\u00e8re dans son habitation. Mais comment en profiter lorsque la nuit est tomb\u00e9e? Comment transformer ce puit de lumi\u00e8re en pi\u00e8ce cosy, le soir venu? Apprenons \u00e0<strong> jouer avec les \u00e9clairages pour profiter de sa v\u00e9randa \u00e0 toutes heures<\/strong>.<br \/>Une fois la nuit tomb\u00e9e, la v\u00e9randa si lumineuse en journ\u00e9e, renvoie assez mal la lumi\u00e8re, elle devient une pi\u00e8ce fort sombre et froide. De plus, la v\u00e9randa ne poss\u00e8de pas ou peu d\u2019espace au plafond ou aux murs pour fixer des lumi\u00e8res.<\/p>\n<p>[\/et_pb_text][et_pb_image src=&#8221;https:\/\/www.verandair.com\/wp-content\/uploads\/2019\/10\/Eclairer-sa-veranda.jpeg&#8221; align=&#8221;center&#8221; align_tablet=&#8221;center&#8221; align_phone=&#8221;center&#8221; align_last_edited=&#8221;on|desktop&#8221; _builder_version=&#8221;4.16&#8243; global_colors_info=&#8221;{}&#8221; theme_builder_area=&#8221;post_content&#8221;][\/et_pb_image][et_pb_text _builder_version=&#8221;4.17.6&#8243; global_colors_info=&#8221;{}&#8221; theme_builder_area=&#8221;post_content&#8221;]<\/p>\n<h2 style=\"color: #00909e;\">Eclairer sa v\u00e9randa selon sa fonctionnalit\u00e9<\/h2>\n<p style=\"text-align: justify;\">L\u2019\u00e9clairage d\u2019<a href=\"https:\/\/www.verandair.com\/fr\/veranda\/abri-de-terrasse\/\">une v\u00e9randa ou d&#8217;une v\u00e9randa r\u00e9tractable<\/a> va diff\u00e9rer selon le r\u00f4le qu\u2019elle occupe dans une maison.\u00a0<span style=\"font-weight: 400;\">En effet, si votre v\u00e9randa correspond \u00e0 <strong>votre cuisine ou votre salle \u00e0 manger<\/strong>, la pi\u00e8ce demande <strong>une grande luminosit\u00e9<\/strong> et ce, m\u00eame le soir. Cette pi\u00e8ce devra \u00eatre parfaitement \u00e9clair\u00e9e, pour ce faire, <strong>une lumi\u00e8re z\u00e9nithale venant du haut devra \u00eatre plac\u00e9e<\/strong>. Une belle suspension, un plafonnier, un lustre trouvera sa place dans votre v\u00e9randa pour l\u2019\u00e9clairer au mieux. N\u2019h\u00e9sitez pas \u00e0 ajouter des points de lumi\u00e8re sur la table ou sur les c\u00f4t\u00e9s de la pi\u00e8ce.<\/span><\/p>\n<p style=\"text-align: justify;\">A l\u2019inverse, si votre v\u00e9randa est utilis\u00e9e comme <strong>salon<\/strong>, <strong>l\u2019\u00e9clairage sera plus doux, plus tamis\u00e9<\/strong>. Pour une pi\u00e8ce de d\u00e9tente, la simple luminosit\u00e9 naturelle en journ\u00e9e devrait suffire. Pour le soir, jouez avec<strong> des lumi\u00e8res d\u2019ambiances<\/strong>. Cr\u00e9ez des points de lumi\u00e8res par si par l\u00e0 pour \u00e9clairer la pi\u00e8ce. Utilisez des lampes d\u2019appoints, des lampadaires, des liseuses pour baliser la pi\u00e8ce et cr\u00e9er un espace cosy, un espace o\u00f9 le repos et la d\u00e9tente sont au rendez-vous.<\/p>\n<p style=\"text-align: justify;\">Votre v\u00e9randa s\u2019est transform\u00e9e en <strong>jardin d\u2019hiver<\/strong> ? Utilisez <strong>des points de lumi\u00e8re<\/strong> pour cr\u00e9er une atmosph\u00e8re chaleureuse et agr\u00e9able. Pensez \u00e0 placer des lampes au sol pour mettre en valeur vos plantes et cr\u00e9er des jeux d\u2019ombres. Une guirlande lumineuse pourra \u00e9galement trouver sa place dans ce jardin d\u2019hiver.<\/p>\n<h2 style=\"color: #00909e;\">Une belle luminosit\u00e9 le soir tomb\u00e9<\/h2>\n<p style=\"text-align: justify;\">Pour un \u00e9clairage optimal, <strong>le mieux est toujours l\u2019anticipation.<\/strong> Lors du projet de v\u00e9randa, n\u2019h\u00e9sitez pas \u00e0 faire part de vos envies\u00a0 et vos besoins. A cette \u00e9tape du projet, vous pourrez ins\u00e9rer des spots, des spots au sol, des prises \u00e9lectriques,&#8230;\u00a0<span style=\"font-weight: 400;\">Pour illuminer votre v\u00e9randa, <strong>jouez sur les points de lumi\u00e8re<\/strong>. Choisissez des ampoules aux couleurs chaudes pour apporter plus de chaleur \u00e0 votre v\u00e9randa. Et profitez de votre v\u00e9randa m\u00eame la nuit tomb\u00e9e.<\/span><\/p>\n<p>[\/et_pb_text][\/et_pb_column][\/et_pb_row][\/et_pb_section][et_pb_section fb_built=&#8221;1&#8243; _builder_version=&#8221;4.27.5&#8243; _module_preset=&#8221;a37cb46d-a9cb-4f77-bbbd-8966bde7aff0&#8243; saved_tabs=&#8221;all&#8221; locked=&#8221;off&#8221; global_colors_info=&#8221;{}&#8221; global_module=&#8221;74566&#8243; theme_builder_area=&#8221;post_content&#8221;][et_pb_row _builder_version=&#8221;4.27.5&#8243; _module_preset=&#8221;default&#8221; width=&#8221;100%&#8221; max_width=&#8221;100%&#8221; custom_padding=&#8221;0px|20px||20px|false|true&#8221; global_colors_info=&#8221;{}&#8221; theme_builder_area=&#8221;post_content&#8221;][et_pb_column type=&#8221;4_4&#8243; _builder_version=&#8221;4.23.4&#8243; _module_preset=&#8221;default&#8221; custom_padding=&#8221;50px||||false|false&#8221; global_colors_info=&#8221;{}&#8221; theme_builder_area=&#8221;post_content&#8221;][et_pb_image src=&#8221;https:\/\/www.verandair.com\/wp-content\/uploads\/2026\/02\/VERAN-brochure-A4-2026.webp&#8221; alt=&#8221;Brochure 2026 Verandair&#8221; title_text=&#8221;VERAN-brochure-A4-2026&#8243; align=&#8221;center&#8221; _builder_version=&#8221;4.27.5&#8243; _module_preset=&#8221;default&#8221; max_width=&#8221;300px&#8221; max_width_last_edited=&#8221;off|desktop&#8221; custom_margin=&#8221;0px||0px||false|false&#8221; scroll_vertical_motion_enable=&#8221;on&#8221; scroll_vertical_motion=&#8221;0|40|40|100|-0.5|0|0&#8243; scroll_fade_enable=&#8221;on&#8221; scroll_fade=&#8221;0|40|40|100|0|100|100&#8243; global_colors_info=&#8221;{}&#8221; theme_builder_area=&#8221;post_content&#8221;][\/et_pb_image][et_pb_text _builder_version=&#8221;4.27.5&#8243; _module_preset=&#8221;default&#8221; header_2_font_size=&#8221;32px&#8221; text_orientation=&#8221;center&#8221; custom_margin=&#8221;||15px||false|false&#8221; global_colors_info=&#8221;{%22gcid-4f3ca7d5-152d-4540-91b1-cc24563bf794%22:%91%22text_text_shadow_color%22%93}&#8221; theme_builder_area=&#8221;post_content&#8221;]<\/p>\n<h2><strong>Envie d&#8217;en savoir plus<\/strong> avant de vous d\u00e9cider ?<br \/><span data-metadata=\"&lt;!--(figmeta)eyJmaWxlS2V5IjoiNDJrcExzUGY2N0VsN0FkMldFdElreCIsInBhc3RlSUQiOjI4MTE1MTAxNSwiZGF0YVR5cGUiOiJzY2VuZSJ9Cg==(\/figmeta)--&gt;\"><\/span><\/h2>\n<p>[\/et_pb_text][et_pb_divider show_divider=&#8221;off&#8221; _builder_version=&#8221;4.27.5&#8243; _module_preset=&#8221;2adabd0f-cb12-404f-9aa7-a3088280e564&#8243; module_alignment=&#8221;center&#8221; global_colors_info=&#8221;{}&#8221; theme_builder_area=&#8221;post_content&#8221;][\/et_pb_divider][et_pb_text _builder_version=&#8221;4.27.5&#8243; _module_preset=&#8221;default&#8221; text_orientation=&#8221;center&#8221; custom_margin=&#8221;||50px||false|false&#8221; global_colors_info=&#8221;{%22gcid-4f3ca7d5-152d-4540-91b1-cc24563bf794%22:%91%22text_text_shadow_color%22%93}&#8221; theme_builder_area=&#8221;post_content&#8221;]<\/p>\n<p><span><strong>T\u00e9l\u00e9chargez la nouvelle brochure 2026<\/strong>\u00a0et d\u00e9couvrez notre <strong>gamme compl\u00e8te de produits<\/strong> pour profiter de votre vie en plein air toute l&#8217;ann\u00e9e.<\/span><\/p>\n<p>[\/et_pb_text][et_pb_button button_url=&#8221;https:\/\/info.verandair.com\/brochure-2026\/&#8221; url_new_window=&#8221;on&#8221; button_text=&#8221;Je t\u00e9l\u00e9charge ma brochure&#8221; button_alignment=&#8221;center&#8221; _builder_version=&#8221;4.27.5&#8243; _module_preset=&#8221;ae8d3791-01a2-4c4b-b221-c3f14f812284&#8243; global_colors_info=&#8221;{}&#8221; theme_builder_area=&#8221;post_content&#8221;][\/et_pb_button][\/et_pb_column][\/et_pb_row][\/et_pb_section]<\/p>\n","protected":false},"excerpt":{"rendered":"<p>Les journ\u00e9es raccourcissent et la pluie assombrit le ciel, pas de doute, l\u2019hiver approche \u00e0 grands pas. Alors qu\u2019une v\u00e9randa repr\u00e9sente un apport important de luminosit\u00e9, l\u2019hiver approchant, la luminosit\u00e9 a fait place \u00e0 un doux paysage gris. Pour lutter contre cette grisaille automnale et continuer \u00e0 profiter de sa v\u00e9randa, focus sur l\u2019\u00e9clairage de votre v\u00e9randa.\u00a0 Une v\u00e9randa lumineuse \u00e0 toutes heures Une v\u00e9randa, un puit de lumi\u00e8re dans son habitation. Mais comment en profiter lorsque la nuit est tomb\u00e9e? Comment transformer ce puit de lumi\u00e8re en pi\u00e8ce cosy, le soir venu? Apprenons \u00e0 jouer avec les \u00e9clairages pour profiter de sa v\u00e9randa \u00e0 toutes heures.Une fois la nuit tomb\u00e9e, la v\u00e9randa si lumineuse en journ\u00e9e, renvoie assez mal la lumi\u00e8re, elle devient une pi\u00e8ce fort sombre et froide. De plus, la v\u00e9randa ne poss\u00e8de pas ou peu d\u2019espace au plafond ou aux murs pour fixer des lumi\u00e8res.Eclairer sa v\u00e9randa selon sa fonctionnalit\u00e9 L\u2019\u00e9clairage d\u2019une v\u00e9randa ou d&#8217;une v\u00e9randa r\u00e9tractable va diff\u00e9rer selon le r\u00f4le qu\u2019elle occupe dans une maison.\u00a0En effet, si votre v\u00e9randa correspond \u00e0 votre cuisine ou votre salle \u00e0 manger, la pi\u00e8ce demande une grande luminosit\u00e9 et ce, m\u00eame le soir. Cette pi\u00e8ce devra \u00eatre parfaitement [&hellip;]<\/p>\n","protected":false},"author":5,"featured_media":13169,"comment_status":"closed","ping_status":"closed","sticky":false,"template":"","format":"standard","meta":{"_acf_changed":false,"_et_pb_use_builder":"on","_et_pb_old_content":"","_et_gb_content_width":"","inline_featured_image":false,"footnotes":""},"categories":[32],"tags":[],"class_list":["post-13168","post","type-post","status-publish","format-standard","has-post-thumbnail","hentry","category-abri-de-terrasse"],"acf":[],"yoast_head":"<!-- This site is optimized with the Yoast SEO plugin v27.5 - https:\/\/yoast.com\/product\/yoast-seo-wordpress\/ -->\n<title>Illuminez votre v\u00e9randa | Verandair, votre partenaire en v\u00e9randa et pergola<\/title>\n<meta name=\"description\" content=\"Apportez de la lumi\u00e8re dans votre v\u00e9randa une fois le soir tomb\u00e9. Suivez les conseils de Verandair illuminer pour votre v\u00e9randa\" \/>\n<meta name=\"robots\" content=\"index, follow, max-snippet:-1, max-image-preview:large, max-video-preview:-1\" \/>\n<link rel=\"canonical\" href=\"https:\/\/www.verandair.com\/fr\/illuminer-sa-veranda\/\" \/>\n<meta property=\"og:locale\" content=\"fr_FR\" \/>\n<meta property=\"og:type\" content=\"article\" \/>\n<meta property=\"og:title\" content=\"Illuminez votre v\u00e9randa | Verandair, votre partenaire en v\u00e9randa et pergola\" \/>\n<meta property=\"og:description\" content=\"Apportez de la lumi\u00e8re dans votre v\u00e9randa une fois le soir tomb\u00e9. Suivez les conseils de Verandair illuminer pour votre v\u00e9randa\" \/>\n<meta property=\"og:url\" content=\"https:\/\/www.verandair.com\/fr\/illuminer-sa-veranda\/\" \/>\n<meta property=\"og:site_name\" content=\"VERANDAIR\u00ae\" \/>\n<meta property=\"article:published_time\" content=\"2019-10-10T11:57:40+00:00\" \/>\n<meta property=\"article:modified_time\" content=\"2026-02-27T14:25:33+00:00\" \/>\n<meta property=\"og:image\" content=\"https:\/\/www.verandair.com\/wp-content\/uploads\/2019\/10\/Illuminer-sa-veranda.jpeg\" \/>\n\t<meta property=\"og:image:width\" content=\"800\" \/>\n\t<meta property=\"og:image:height\" content=\"533\" \/>\n\t<meta property=\"og:image:type\" content=\"image\/jpeg\" \/>\n<meta name=\"author\" content=\"admin-verandair\" \/>\n<meta name=\"twitter:card\" content=\"summary_large_image\" \/>\n<meta name=\"twitter:label1\" content=\"\u00c9crit par\" \/>\n\t<meta name=\"twitter:data1\" content=\"admin-verandair\" \/>\n\t<meta name=\"twitter:label2\" content=\"Dur\u00e9e de lecture estim\u00e9e\" \/>\n\t<meta name=\"twitter:data2\" content=\"5 minutes\" \/>\n<script type=\"application\/ld+json\" class=\"yoast-schema-graph\">{\"@context\":\"https:\\\/\\\/schema.org\",\"@graph\":[{\"@type\":\"Article\",\"@id\":\"https:\\\/\\\/www.verandair.com\\\/fr\\\/illuminer-sa-veranda\\\/#article\",\"isPartOf\":{\"@id\":\"https:\\\/\\\/www.verandair.com\\\/fr\\\/illuminer-sa-veranda\\\/\"},\"author\":{\"name\":\"admin-verandair\",\"@id\":\"https:\\\/\\\/www.verandair.com\\\/fr\\\/#\\\/schema\\\/person\\\/cdeca2ebd6c03b60479d713f66329bc9\"},\"headline\":\"Illuminez votre v\u00e9randa\",\"datePublished\":\"2019-10-10T11:57:40+00:00\",\"dateModified\":\"2026-02-27T14:25:33+00:00\",\"mainEntityOfPage\":{\"@id\":\"https:\\\/\\\/www.verandair.com\\\/fr\\\/illuminer-sa-veranda\\\/\"},\"wordCount\":1026,\"publisher\":{\"@id\":\"https:\\\/\\\/www.verandair.com\\\/fr\\\/#organization\"},\"image\":{\"@id\":\"https:\\\/\\\/www.verandair.com\\\/fr\\\/illuminer-sa-veranda\\\/#primaryimage\"},\"thumbnailUrl\":\"https:\\\/\\\/www.verandair.com\\\/wp-content\\\/uploads\\\/2019\\\/10\\\/Illuminer-sa-veranda.jpeg\",\"articleSection\":[\"Abri de terrasse\"],\"inLanguage\":\"fr-FR\"},{\"@type\":\"WebPage\",\"@id\":\"https:\\\/\\\/www.verandair.com\\\/fr\\\/illuminer-sa-veranda\\\/\",\"url\":\"https:\\\/\\\/www.verandair.com\\\/fr\\\/illuminer-sa-veranda\\\/\",\"name\":\"Illuminez votre v\u00e9randa | Verandair, votre partenaire en v\u00e9randa et pergola\",\"isPartOf\":{\"@id\":\"https:\\\/\\\/www.verandair.com\\\/fr\\\/#website\"},\"primaryImageOfPage\":{\"@id\":\"https:\\\/\\\/www.verandair.com\\\/fr\\\/illuminer-sa-veranda\\\/#primaryimage\"},\"image\":{\"@id\":\"https:\\\/\\\/www.verandair.com\\\/fr\\\/illuminer-sa-veranda\\\/#primaryimage\"},\"thumbnailUrl\":\"https:\\\/\\\/www.verandair.com\\\/wp-content\\\/uploads\\\/2019\\\/10\\\/Illuminer-sa-veranda.jpeg\",\"datePublished\":\"2019-10-10T11:57:40+00:00\",\"dateModified\":\"2026-02-27T14:25:33+00:00\",\"description\":\"Apportez de la lumi\u00e8re dans votre v\u00e9randa une fois le soir tomb\u00e9. Suivez les conseils de Verandair illuminer pour votre v\u00e9randa\",\"breadcrumb\":{\"@id\":\"https:\\\/\\\/www.verandair.com\\\/fr\\\/illuminer-sa-veranda\\\/#breadcrumb\"},\"inLanguage\":\"fr-FR\",\"potentialAction\":[{\"@type\":\"ReadAction\",\"target\":[\"https:\\\/\\\/www.verandair.com\\\/fr\\\/illuminer-sa-veranda\\\/\"]}]},{\"@type\":\"ImageObject\",\"inLanguage\":\"fr-FR\",\"@id\":\"https:\\\/\\\/www.verandair.com\\\/fr\\\/illuminer-sa-veranda\\\/#primaryimage\",\"url\":\"https:\\\/\\\/www.verandair.com\\\/wp-content\\\/uploads\\\/2019\\\/10\\\/Illuminer-sa-veranda.jpeg\",\"contentUrl\":\"https:\\\/\\\/www.verandair.com\\\/wp-content\\\/uploads\\\/2019\\\/10\\\/Illuminer-sa-veranda.jpeg\",\"width\":800,\"height\":533,\"caption\":\"illuminer sa v\u00e9randa avec une grosse ampoule\"},{\"@type\":\"BreadcrumbList\",\"@id\":\"https:\\\/\\\/www.verandair.com\\\/fr\\\/illuminer-sa-veranda\\\/#breadcrumb\",\"itemListElement\":[{\"@type\":\"ListItem\",\"position\":1,\"name\":\"Accueil\",\"item\":{\"@type\":\"WebPage\",\"@id\":\"https:\\\/\\\/www.verandair.com\\\/fr\\\/\",\"name\":\"Accueil\"}},{\"@type\":\"ListItem\",\"position\":2,\"name\":\"Illuminez votre v\u00e9randa\"}]},{\"@type\":\"WebSite\",\"@id\":\"https:\\\/\\\/www.verandair.com\\\/fr\\\/#website\",\"url\":\"https:\\\/\\\/www.verandair.com\\\/fr\\\/\",\"name\":\"VERANDAIR\u00ae\",\"description\":\"\",\"publisher\":{\"@id\":\"https:\\\/\\\/www.verandair.com\\\/fr\\\/#organization\"},\"potentialAction\":[{\"@type\":\"SearchAction\",\"target\":{\"@type\":\"EntryPoint\",\"urlTemplate\":\"https:\\\/\\\/www.verandair.com\\\/fr\\\/?s={search_term_string}\"},\"query-input\":{\"@type\":\"PropertyValueSpecification\",\"valueRequired\":true,\"valueName\":\"search_term_string\"}}],\"inLanguage\":\"fr-FR\"},{\"@type\":\"Organization\",\"@id\":\"https:\\\/\\\/www.verandair.com\\\/fr\\\/#organization\",\"name\":\"Verandair\",\"url\":\"https:\\\/\\\/www.verandair.com\\\/fr\\\/\",\"logo\":{\"@type\":\"ImageObject\",\"inLanguage\":\"fr-FR\",\"@id\":\"https:\\\/\\\/www.verandair.com\\\/fr\\\/#\\\/schema\\\/logo\\\/image\\\/\",\"url\":\"https:\\\/\\\/www.verandair.com\\\/wp-content\\\/uploads\\\/2024\\\/06\\\/VERANDAIR-logo.png\",\"contentUrl\":\"https:\\\/\\\/www.verandair.com\\\/wp-content\\\/uploads\\\/2024\\\/06\\\/VERANDAIR-logo.png\",\"width\":283,\"height\":127,\"caption\":\"Verandair\"},\"image\":{\"@id\":\"https:\\\/\\\/www.verandair.com\\\/fr\\\/#\\\/schema\\\/logo\\\/image\\\/\"}},{\"@type\":\"Person\",\"@id\":\"https:\\\/\\\/www.verandair.com\\\/fr\\\/#\\\/schema\\\/person\\\/cdeca2ebd6c03b60479d713f66329bc9\",\"name\":\"admin-verandair\",\"image\":{\"@type\":\"ImageObject\",\"inLanguage\":\"fr-FR\",\"@id\":\"https:\\\/\\\/secure.gravatar.com\\\/avatar\\\/933ed88eb2b3e194c00d3516e15b0e50c947c76a16e37565b6eb035b6954d0c4?s=96&d=mm&r=g\",\"url\":\"https:\\\/\\\/secure.gravatar.com\\\/avatar\\\/933ed88eb2b3e194c00d3516e15b0e50c947c76a16e37565b6eb035b6954d0c4?s=96&d=mm&r=g\",\"contentUrl\":\"https:\\\/\\\/secure.gravatar.com\\\/avatar\\\/933ed88eb2b3e194c00d3516e15b0e50c947c76a16e37565b6eb035b6954d0c4?s=96&d=mm&r=g\",\"caption\":\"admin-verandair\"}}]}<\/script>\n<!-- \/ Yoast SEO plugin. -->","yoast_head_json":{"title":"Illuminez votre v\u00e9randa | Verandair, votre partenaire en v\u00e9randa et pergola","description":"Apportez de la lumi\u00e8re dans votre v\u00e9randa une fois le soir tomb\u00e9. Suivez les conseils de Verandair illuminer pour votre v\u00e9randa","robots":{"index":"index","follow":"follow","max-snippet":"max-snippet:-1","max-image-preview":"max-image-preview:large","max-video-preview":"max-video-preview:-1"},"canonical":"https:\/\/www.verandair.com\/fr\/illuminer-sa-veranda\/","og_locale":"fr_FR","og_type":"article","og_title":"Illuminez votre v\u00e9randa | Verandair, votre partenaire en v\u00e9randa et pergola","og_description":"Apportez de la lumi\u00e8re dans votre v\u00e9randa une fois le soir tomb\u00e9. Suivez les conseils de Verandair illuminer pour votre v\u00e9randa","og_url":"https:\/\/www.verandair.com\/fr\/illuminer-sa-veranda\/","og_site_name":"VERANDAIR\u00ae","article_published_time":"2019-10-10T11:57:40+00:00","article_modified_time":"2026-02-27T14:25:33+00:00","og_image":[{"width":800,"height":533,"url":"https:\/\/www.verandair.com\/wp-content\/uploads\/2019\/10\/Illuminer-sa-veranda.jpeg","type":"image\/jpeg"}],"author":"admin-verandair","twitter_card":"summary_large_image","twitter_misc":{"\u00c9crit par":"admin-verandair","Dur\u00e9e de lecture estim\u00e9e":"5 minutes"},"schema":{"@context":"https:\/\/schema.org","@graph":[{"@type":"Article","@id":"https:\/\/www.verandair.com\/fr\/illuminer-sa-veranda\/#article","isPartOf":{"@id":"https:\/\/www.verandair.com\/fr\/illuminer-sa-veranda\/"},"author":{"name":"admin-verandair","@id":"https:\/\/www.verandair.com\/fr\/#\/schema\/person\/cdeca2ebd6c03b60479d713f66329bc9"},"headline":"Illuminez votre v\u00e9randa","datePublished":"2019-10-10T11:57:40+00:00","dateModified":"2026-02-27T14:25:33+00:00","mainEntityOfPage":{"@id":"https:\/\/www.verandair.com\/fr\/illuminer-sa-veranda\/"},"wordCount":1026,"publisher":{"@id":"https:\/\/www.verandair.com\/fr\/#organization"},"image":{"@id":"https:\/\/www.verandair.com\/fr\/illuminer-sa-veranda\/#primaryimage"},"thumbnailUrl":"https:\/\/www.verandair.com\/wp-content\/uploads\/2019\/10\/Illuminer-sa-veranda.jpeg","articleSection":["Abri de terrasse"],"inLanguage":"fr-FR"},{"@type":"WebPage","@id":"https:\/\/www.verandair.com\/fr\/illuminer-sa-veranda\/","url":"https:\/\/www.verandair.com\/fr\/illuminer-sa-veranda\/","name":"Illuminez votre v\u00e9randa | Verandair, votre partenaire en v\u00e9randa et pergola","isPartOf":{"@id":"https:\/\/www.verandair.com\/fr\/#website"},"primaryImageOfPage":{"@id":"https:\/\/www.verandair.com\/fr\/illuminer-sa-veranda\/#primaryimage"},"image":{"@id":"https:\/\/www.verandair.com\/fr\/illuminer-sa-veranda\/#primaryimage"},"thumbnailUrl":"https:\/\/www.verandair.com\/wp-content\/uploads\/2019\/10\/Illuminer-sa-veranda.jpeg","datePublished":"2019-10-10T11:57:40+00:00","dateModified":"2026-02-27T14:25:33+00:00","description":"Apportez de la lumi\u00e8re dans votre v\u00e9randa une fois le soir tomb\u00e9. Suivez les conseils de Verandair illuminer pour votre v\u00e9randa","breadcrumb":{"@id":"https:\/\/www.verandair.com\/fr\/illuminer-sa-veranda\/#breadcrumb"},"inLanguage":"fr-FR","potentialAction":[{"@type":"ReadAction","target":["https:\/\/www.verandair.com\/fr\/illuminer-sa-veranda\/"]}]},{"@type":"ImageObject","inLanguage":"fr-FR","@id":"https:\/\/www.verandair.com\/fr\/illuminer-sa-veranda\/#primaryimage","url":"https:\/\/www.verandair.com\/wp-content\/uploads\/2019\/10\/Illuminer-sa-veranda.jpeg","contentUrl":"https:\/\/www.verandair.com\/wp-content\/uploads\/2019\/10\/Illuminer-sa-veranda.jpeg","width":800,"height":533,"caption":"illuminer sa v\u00e9randa avec une grosse ampoule"},{"@type":"BreadcrumbList","@id":"https:\/\/www.verandair.com\/fr\/illuminer-sa-veranda\/#breadcrumb","itemListElement":[{"@type":"ListItem","position":1,"name":"Accueil","item":{"@type":"WebPage","@id":"https:\/\/www.verandair.com\/fr\/","name":"Accueil"}},{"@type":"ListItem","position":2,"name":"Illuminez votre v\u00e9randa"}]},{"@type":"WebSite","@id":"https:\/\/www.verandair.com\/fr\/#website","url":"https:\/\/www.verandair.com\/fr\/","name":"VERANDAIR\u00ae","description":"","publisher":{"@id":"https:\/\/www.verandair.com\/fr\/#organization"},"potentialAction":[{"@type":"SearchAction","target":{"@type":"EntryPoint","urlTemplate":"https:\/\/www.verandair.com\/fr\/?s={search_term_string}"},"query-input":{"@type":"PropertyValueSpecification","valueRequired":true,"valueName":"search_term_string"}}],"inLanguage":"fr-FR"},{"@type":"Organization","@id":"https:\/\/www.verandair.com\/fr\/#organization","name":"Verandair","url":"https:\/\/www.verandair.com\/fr\/","logo":{"@type":"ImageObject","inLanguage":"fr-FR","@id":"https:\/\/www.verandair.com\/fr\/#\/schema\/logo\/image\/","url":"https:\/\/www.verandair.com\/wp-content\/uploads\/2024\/06\/VERANDAIR-logo.png","contentUrl":"https:\/\/www.verandair.com\/wp-content\/uploads\/2024\/06\/VERANDAIR-logo.png","width":283,"height":127,"caption":"Verandair"},"image":{"@id":"https:\/\/www.verandair.com\/fr\/#\/schema\/logo\/image\/"}},{"@type":"Person","@id":"https:\/\/www.verandair.com\/fr\/#\/schema\/person\/cdeca2ebd6c03b60479d713f66329bc9","name":"admin-verandair","image":{"@type":"ImageObject","inLanguage":"fr-FR","@id":"https:\/\/secure.gravatar.com\/avatar\/933ed88eb2b3e194c00d3516e15b0e50c947c76a16e37565b6eb035b6954d0c4?s=96&d=mm&r=g","url":"https:\/\/secure.gravatar.com\/avatar\/933ed88eb2b3e194c00d3516e15b0e50c947c76a16e37565b6eb035b6954d0c4?s=96&d=mm&r=g","contentUrl":"https:\/\/secure.gravatar.com\/avatar\/933ed88eb2b3e194c00d3516e15b0e50c947c76a16e37565b6eb035b6954d0c4?s=96&d=mm&r=g","caption":"admin-verandair"}}]}},"_links":{"self":[{"href":"https:\/\/www.verandair.com\/fr\/wp-json\/wp\/v2\/posts\/13168","targetHints":{"allow":["GET"]}}],"collection":[{"href":"https:\/\/www.verandair.com\/fr\/wp-json\/wp\/v2\/posts"}],"about":[{"href":"https:\/\/www.verandair.com\/fr\/wp-json\/wp\/v2\/types\/post"}],"author":[{"embeddable":true,"href":"https:\/\/www.verandair.com\/fr\/wp-json\/wp\/v2\/users\/5"}],"replies":[{"embeddable":true,"href":"https:\/\/www.verandair.com\/fr\/wp-json\/wp\/v2\/comments?post=13168"}],"version-history":[{"count":2,"href":"https:\/\/www.verandair.com\/fr\/wp-json\/wp\/v2\/posts\/13168\/revisions"}],"predecessor-version":[{"id":74638,"href":"https:\/\/www.verandair.com\/fr\/wp-json\/wp\/v2\/posts\/13168\/revisions\/74638"}],"wp:featuredmedia":[{"embeddable":true,"href":"https:\/\/www.verandair.com\/fr\/wp-json\/wp\/v2\/media\/13169"}],"wp:attachment":[{"href":"https:\/\/www.verandair.com\/fr\/wp-json\/wp\/v2\/media?parent=13168"}],"wp:term":[{"taxonomy":"category","embeddable":true,"href":"https:\/\/www.verandair.com\/fr\/wp-json\/wp\/v2\/categories?post=13168"},{"taxonomy":"post_tag","embeddable":true,"href":"https:\/\/www.verandair.com\/fr\/wp-json\/wp\/v2\/tags?post=13168"}],"curies":[{"name":"wp","href":"https:\/\/api.w.org\/{rel}","templated":true}]}}