{"id":13474,"date":"2019-11-26T08:54:17","date_gmt":"2019-11-26T07:54:17","guid":{"rendered":"https:\/\/www.verandair.com\/?p=13474"},"modified":"2026-02-27T15:28:41","modified_gmt":"2026-02-27T14:28:41","slug":"baie-vitree-caracteristiques","status":"publish","type":"post","link":"https:\/\/www.verandair.com\/fr\/baie-vitree-caracteristiques\/","title":{"rendered":"La baie vitr\u00e9e : Les caract\u00e9ristiques"},"content":{"rendered":"<p>[et_pb_section fb_built=&#8221;1&#8243; _builder_version=&#8221;4.16&#8243; global_colors_info=&#8221;{}&#8221; theme_builder_area=&#8221;post_content&#8221;][et_pb_row _builder_version=&#8221;4.16&#8243; background_size=&#8221;initial&#8221; background_position=&#8221;top_left&#8221; background_repeat=&#8221;repeat&#8221; global_colors_info=&#8221;{}&#8221; theme_builder_area=&#8221;post_content&#8221;][et_pb_column type=&#8221;4_4&#8243; _builder_version=&#8221;4.16&#8243; custom_padding=&#8221;|||&#8221; global_colors_info=&#8221;{}&#8221; custom_padding__hover=&#8221;|||&#8221; theme_builder_area=&#8221;post_content&#8221;][et_pb_text _builder_version=&#8221;4.16&#8243; global_colors_info=&#8221;{}&#8221; theme_builder_area=&#8221;post_content&#8221;]<\/p>\n<p style=\"text-align: justify;\"><strong>De la hauteur et de la finesse pour vos ouvertures XXL. La baie vitr\u00e9e s\u2019invite de plus en plus dans nos int\u00e9rieurs et efface la fronti\u00e8re entre l\u2019int\u00e9rieur et l\u2019ext\u00e9rieur.\u00a0La baie vitr\u00e9e cr\u00e9e de larges espaces vitr\u00e9s et lumineux tout en optimisant l\u2019espace dans nos habitations. Un choix lumineux.<\/strong><\/p>\n<p style=\"text-align: justify;\">Les baies vitr\u00e9es favorisent <strong>l\u2019apport de luminosit\u00e9 et l&#8217;apport solaire<\/strong> qui permet de chauffer la maison naturellement. Il est toujours agr\u00e9able de profiter du paysage offert par une paroi vitr\u00e9e dans son int\u00e9rieur. De nombreuses possibilit\u00e9s de baies vitr\u00e9es s\u2019offrent \u00e0 vous\u00a0 en fonction du type d\u2019ouvertures, des mat\u00e9riaux et du vitrage que vous allez choisir. Des crit\u00e8res qui interviennent sur le prix final de votre baie vitr\u00e9e. <strong>Focus sur les diff\u00e9rents types de baies vitr\u00e9es disponibles sur le march\u00e9.<\/strong><\/p>\n<h2 style=\"text-align: justify;\">A chacun son style : les diff\u00e9rents types de baies vitr\u00e9s<\/h2>\n<p style=\"text-align: justify;\">Il y a<strong> la baie vitr\u00e9e fixe :<\/strong>\u00a0une ouverture sur l\u2019ext\u00e9rieur mais qui ne bouge pas. <strong>Pratique dans les \u00e9tages<\/strong> pour apporter de la lumi\u00e8re naturelle. Plac\u00e9e dans une chambre, un bureau ou encore dans un couloir, la baie vitr\u00e9e permet de cr\u00e9er des espaces lumineux et partager la lumi\u00e8re entre les pi\u00e8ces.<\/p>\n<p style=\"text-align: justify;\"><strong>La baie vitr\u00e9e coulissante : <\/strong>certainement la baie vitr\u00e9e la plus pris\u00e9e. <a href=\"https:\/\/www.verandair.com\/fr\/veranda\/parois-coulissantes-verre\/\">La paroi vitr\u00e9e coulissante<\/a> permet de <strong>gagner en luminosit\u00e9 mais \u00e9galement en espace<\/strong> dans la maison. Elle offre de belles ouvertures pour faire entrer la lumi\u00e8re dans nos int\u00e9rieurs et elle permet de cr\u00e9er une v\u00e9ritable ouverture sur l\u2019ext\u00e9rieur lorsqu&#8217;il fait beau en supprimant le mur qui s\u00e9pare l&#8217;habitation du jardin ou de la terrasse. La paroi vitr\u00e9e coulissante est devenue aujourd\u2019hui, <strong>un des piliers de l\u2019architecture bioclimatique<\/strong>.<\/p>\n<p style=\"text-align: justify;\"><strong>La baie vitr\u00e9e en accord\u00e9on :<\/strong>\u00a0Une variante de la paroi vitr\u00e9e. Lorsque celle-ci atteint de grande dimension, il est possible de l\u2019adopter en accord\u00e9on. Une option qui prend peu de place et permet de rapidement ouvrir et fermer votre baie pour profiter de l\u2019ext\u00e9rieur.<\/p>\n<p>[\/et_pb_text][et_pb_image src=&#8221;https:\/\/www.verandair.com\/wp-content\/uploads\/2019\/11\/paroi-en-verre-coulissante.jpeg&#8221; alt=&#8221;La paroi vitr\u00e9e coulissante &#8221; title_text=&#8221;La paroi vitr\u00e9e coulissante &#8221; align=&#8221;center&#8221; align_tablet=&#8221;center&#8221; align_phone=&#8221;center&#8221; align_last_edited=&#8221;on|desktop&#8221; _builder_version=&#8221;4.16&#8243; global_colors_info=&#8221;{}&#8221; theme_builder_area=&#8221;post_content&#8221;][\/et_pb_image][et_pb_text _builder_version=&#8221;4.16&#8243; global_colors_info=&#8221;{}&#8221; theme_builder_area=&#8221;post_content&#8221;]<\/p>\n<h2>Les mat\u00e9riaux de construction d&#8217;une baie vitr\u00e9e<\/h2>\n<p style=\"text-align: justify;\">Les baies vitr\u00e9es sont commandables en diff\u00e9rent mat\u00e9riaux. Selon vos affinit\u00e9s, vous pourrez s\u00e9lectionner un mat\u00e9riau en ad\u00e9quation avec vos envies et le style de votre habitation.<\/p>\n<p style=\"text-align: justify;\"><strong>Le bois<\/strong>, un mat\u00e9riau noble et naturellement isolant. Il peut \u00eatre peint ou laiss\u00e9 au naturel. Le bois vieilli et doit donc \u00eatre entretenu.<\/p>\n<p style=\"text-align: justify;\"><strong>Le PVC,<\/strong>\u00a0une proposition moins on\u00e9reuse que le bois. Le PVC propose de nombreuses couleurs applicables sur les ch\u00e2ssis et le PVC reste tr\u00e8s facile d\u2019entretien.<\/p>\n<p style=\"text-align: justify;\">Il reste<strong> l\u2019aluminium<\/strong>. Un mat\u00e9riau r\u00e9sistant, facile d\u2019entretien et disponible dans de nombreuses couleurs.<\/p>\n<p>[\/et_pb_text][et_pb_button button_url=&#8221;https:\/\/www.verandair.com\/fr\/composants-veranda\/&#8221; button_text=&#8221;Les mat\u00e9riaux des baies vitr\u00e9es &#8221; button_alignment=&#8221;center&#8221; _builder_version=&#8221;4.16&#8243; global_colors_info=&#8221;{}&#8221; button_text_size__hover_enabled=&#8221;off&#8221; button_one_text_size__hover_enabled=&#8221;off&#8221; button_two_text_size__hover_enabled=&#8221;off&#8221; button_text_color__hover_enabled=&#8221;off&#8221; button_one_text_color__hover_enabled=&#8221;off&#8221; button_two_text_color__hover_enabled=&#8221;off&#8221; button_border_width__hover_enabled=&#8221;off&#8221; button_one_border_width__hover_enabled=&#8221;off&#8221; button_two_border_width__hover_enabled=&#8221;off&#8221; button_border_color__hover_enabled=&#8221;off&#8221; button_one_border_color__hover_enabled=&#8221;off&#8221; button_two_border_color__hover_enabled=&#8221;off&#8221; button_border_radius__hover_enabled=&#8221;off&#8221; button_one_border_radius__hover_enabled=&#8221;off&#8221; button_two_border_radius__hover_enabled=&#8221;off&#8221; button_letter_spacing__hover_enabled=&#8221;off&#8221; button_one_letter_spacing__hover_enabled=&#8221;off&#8221; button_two_letter_spacing__hover_enabled=&#8221;off&#8221; button_bg_color__hover_enabled=&#8221;off&#8221; button_one_bg_color__hover_enabled=&#8221;off&#8221; button_two_bg_color__hover_enabled=&#8221;off&#8221; theme_builder_area=&#8221;post_content&#8221;][\/et_pb_button][et_pb_text _builder_version=&#8221;4.16&#8243; global_colors_info=&#8221;{}&#8221; theme_builder_area=&#8221;post_content&#8221;]<\/p>\n<h2>Le vitrage de la baie vitr\u00e9e<\/h2>\n<p style=\"text-align: justify;\">Une paroi vitr\u00e9e peut disposer d\u2019un simple ou d&#8217;un double vitrage. Le choix du vitrage d\u00e9pend de <strong>l&#8217;emplacement de la baie vitr\u00e9e et de son orientation<\/strong>. Une baie vitr\u00e9e plac\u00e9e plein sud devra en partie \u00e9viter les rayons du soleil, pour \u00e9viter les surchauffe, ce qui sera moins le cas \u00e0 l\u2019est ou \u00e0 l\u2019ouest, une orientation nord est d\u00e9conseill\u00e9e.<\/p>\n<h2 style=\"text-align: justify;\">Les mesures de la baie vitr\u00e9e<\/h2>\n<p style=\"text-align: justify;\">Les baies vitr\u00e9es standards peuvent atteindre <strong>200 cm ou 215 cm<\/strong> <strong>de hauteur<\/strong> et <strong>90, 120, 180, 210 ou 240 cm<\/strong> <strong>de largeur<\/strong>. Mais elle peut \u00e9galement \u00eatre construite sur-mesure. Offrez de la lumi\u00e8re naturelle \u00e0 votre int\u00e9rieur. Une paroi vitr\u00e9e apporte un confort et du bien-\u00eatre dans une habitation.<\/p>\n<h2 style=\"text-align: justify;\">La paroi vitr\u00e9e coulissante sign\u00e9e Verandair<\/h2>\n<p style=\"text-align: justify;\">Chez Verandair, nous vous conseillons<strong> une baie vitr\u00e9e coulissante en verre<\/strong> pour vos int\u00e9rieurs mais \u00e9galement pour <a href=\"https:\/\/www.verandair.com\/fr\/veranda\/veranda-retractable\/\">vos v\u00e9randas<\/a>. \u00c9quip\u00e9e d\u2019un syst\u00e8me de fermeture unique ultra silencieux et qui s\u2019utilise d\u2019un mouvement souple et facile. Une baie vitr\u00e9e coulissante r\u00e9alis\u00e9e<strong> sur-mesure<\/strong>, les \u00e9l\u00e9ments en aluminium qui constituent le ch\u00e2ssis avec les poign\u00e9es, la serrure,&#8230; sont peints dans la couleur de votre choix, une peinture poudrage garantie 10 ans. Le vitrage peut se faire en 6, 8 ou 10mm d\u2019\u00e9paisseur.<\/p>\n<p><strong>Faites appel \u00e0 Verandair pour vos v\u00e9randas et parois coulissante en verre sur-mesure !<\/strong><\/p>\n<p>[\/et_pb_text][\/et_pb_column][\/et_pb_row][\/et_pb_section][et_pb_section fb_built=&#8221;1&#8243; _builder_version=&#8221;4.27.5&#8243; _module_preset=&#8221;a37cb46d-a9cb-4f77-bbbd-8966bde7aff0&#8243; saved_tabs=&#8221;all&#8221; locked=&#8221;off&#8221; global_colors_info=&#8221;{}&#8221; global_module=&#8221;74566&#8243; theme_builder_area=&#8221;post_content&#8221;][et_pb_row _builder_version=&#8221;4.27.5&#8243; _module_preset=&#8221;default&#8221; width=&#8221;100%&#8221; max_width=&#8221;100%&#8221; custom_padding=&#8221;0px|20px||20px|false|true&#8221; global_colors_info=&#8221;{}&#8221; theme_builder_area=&#8221;post_content&#8221;][et_pb_column type=&#8221;4_4&#8243; _builder_version=&#8221;4.23.4&#8243; _module_preset=&#8221;default&#8221; custom_padding=&#8221;50px||||false|false&#8221; global_colors_info=&#8221;{}&#8221; theme_builder_area=&#8221;post_content&#8221;][et_pb_image src=&#8221;https:\/\/www.verandair.com\/wp-content\/uploads\/2026\/02\/VERAN-brochure-A4-2026.webp&#8221; alt=&#8221;Brochure 2026 Verandair&#8221; title_text=&#8221;VERAN-brochure-A4-2026&#8243; align=&#8221;center&#8221; _builder_version=&#8221;4.27.5&#8243; _module_preset=&#8221;default&#8221; max_width=&#8221;300px&#8221; max_width_last_edited=&#8221;off|desktop&#8221; custom_margin=&#8221;0px||0px||false|false&#8221; scroll_vertical_motion_enable=&#8221;on&#8221; scroll_vertical_motion=&#8221;0|40|40|100|-0.5|0|0&#8243; scroll_fade_enable=&#8221;on&#8221; scroll_fade=&#8221;0|40|40|100|0|100|100&#8243; global_colors_info=&#8221;{}&#8221; theme_builder_area=&#8221;post_content&#8221;][\/et_pb_image][et_pb_text _builder_version=&#8221;4.27.5&#8243; _module_preset=&#8221;default&#8221; header_2_font_size=&#8221;32px&#8221; text_orientation=&#8221;center&#8221; custom_margin=&#8221;||15px||false|false&#8221; global_colors_info=&#8221;{%22gcid-4f3ca7d5-152d-4540-91b1-cc24563bf794%22:%91%22text_text_shadow_color%22%93}&#8221; theme_builder_area=&#8221;post_content&#8221;]<\/p>\n<h2><strong>Envie d&#8217;en savoir plus<\/strong> avant de vous d\u00e9cider ?<br \/><span data-metadata=\"&lt;!--(figmeta)eyJmaWxlS2V5IjoiNDJrcExzUGY2N0VsN0FkMldFdElreCIsInBhc3RlSUQiOjI4MTE1MTAxNSwiZGF0YVR5cGUiOiJzY2VuZSJ9Cg==(\/figmeta)--&gt;\"><\/span><\/h2>\n<p>[\/et_pb_text][et_pb_divider show_divider=&#8221;off&#8221; _builder_version=&#8221;4.27.5&#8243; _module_preset=&#8221;2adabd0f-cb12-404f-9aa7-a3088280e564&#8243; module_alignment=&#8221;center&#8221; global_colors_info=&#8221;{}&#8221; theme_builder_area=&#8221;post_content&#8221;][\/et_pb_divider][et_pb_text _builder_version=&#8221;4.27.5&#8243; _module_preset=&#8221;default&#8221; text_orientation=&#8221;center&#8221; custom_margin=&#8221;||50px||false|false&#8221; global_colors_info=&#8221;{%22gcid-4f3ca7d5-152d-4540-91b1-cc24563bf794%22:%91%22text_text_shadow_color%22%93}&#8221; theme_builder_area=&#8221;post_content&#8221;]<\/p>\n<p><span><strong>T\u00e9l\u00e9chargez la nouvelle brochure 2026<\/strong>\u00a0et d\u00e9couvrez notre <strong>gamme compl\u00e8te de produits<\/strong> pour profiter de votre vie en plein air toute l&#8217;ann\u00e9e.<\/span><\/p>\n<p>[\/et_pb_text][et_pb_button button_url=&#8221;https:\/\/info.verandair.com\/brochure-2026\/&#8221; url_new_window=&#8221;on&#8221; button_text=&#8221;Je t\u00e9l\u00e9charge ma brochure&#8221; button_alignment=&#8221;center&#8221; _builder_version=&#8221;4.27.5&#8243; _module_preset=&#8221;ae8d3791-01a2-4c4b-b221-c3f14f812284&#8243; global_colors_info=&#8221;{}&#8221; theme_builder_area=&#8221;post_content&#8221;][\/et_pb_button][\/et_pb_column][\/et_pb_row][\/et_pb_section]<\/p>\n","protected":false},"excerpt":{"rendered":"<p>De la hauteur et de la finesse pour vos ouvertures XXL. La baie vitr\u00e9e s\u2019invite de plus en plus dans nos int\u00e9rieurs et efface la fronti\u00e8re entre l\u2019int\u00e9rieur et l\u2019ext\u00e9rieur.\u00a0La baie vitr\u00e9e cr\u00e9e de larges espaces vitr\u00e9s et lumineux tout en optimisant l\u2019espace dans nos habitations. Un choix lumineux. Les baies vitr\u00e9es favorisent l\u2019apport de luminosit\u00e9 et l&#8217;apport solaire qui permet de chauffer la maison naturellement. Il est toujours agr\u00e9able de profiter du paysage offert par une paroi vitr\u00e9e dans son int\u00e9rieur. De nombreuses possibilit\u00e9s de baies vitr\u00e9es s\u2019offrent \u00e0 vous\u00a0 en fonction du type d\u2019ouvertures, des mat\u00e9riaux et du vitrage que vous allez choisir. Des crit\u00e8res qui interviennent sur le prix final de votre baie vitr\u00e9e. Focus sur les diff\u00e9rents types de baies vitr\u00e9es disponibles sur le march\u00e9. A chacun son style : les diff\u00e9rents types de baies vitr\u00e9s Il y a la baie vitr\u00e9e fixe :\u00a0une ouverture sur l\u2019ext\u00e9rieur mais qui ne bouge pas. Pratique dans les \u00e9tages pour apporter de la lumi\u00e8re naturelle. Plac\u00e9e dans une chambre, un bureau ou encore dans un couloir, la baie vitr\u00e9e permet de cr\u00e9er des espaces lumineux et partager la lumi\u00e8re entre les pi\u00e8ces. La baie vitr\u00e9e coulissante : certainement la [&hellip;]<\/p>\n","protected":false},"author":5,"featured_media":13476,"comment_status":"closed","ping_status":"closed","sticky":false,"template":"","format":"standard","meta":{"_acf_changed":false,"_et_pb_use_builder":"on","_et_pb_old_content":"","_et_gb_content_width":"","inline_featured_image":false,"footnotes":""},"categories":[34],"tags":[],"class_list":["post-13474","post","type-post","status-publish","format-standard","has-post-thumbnail","hentry","category-actualites"],"acf":[],"yoast_head":"<!-- This site is optimized with the Yoast SEO plugin v27.5 - https:\/\/yoast.com\/product\/yoast-seo-wordpress\/ -->\n<title>la baie vitr\u00e9e coulissante : les caract\u00e9ristiques | Verandair<\/title>\n<meta name=\"description\" content=\"D\u00e9couvrez les diff\u00e9rents types de baies vitr\u00e9es et parois coulissantes en verre. Contcatez-nous pour vos baies vitr\u00e9es coulissantes !\" \/>\n<meta name=\"robots\" content=\"index, follow, max-snippet:-1, max-image-preview:large, max-video-preview:-1\" \/>\n<link rel=\"canonical\" href=\"https:\/\/www.verandair.com\/fr\/baie-vitree-caracteristiques\/\" \/>\n<meta property=\"og:locale\" content=\"fr_FR\" \/>\n<meta property=\"og:type\" content=\"article\" \/>\n<meta property=\"og:title\" content=\"la baie vitr\u00e9e coulissante : les caract\u00e9ristiques | Verandair\" \/>\n<meta property=\"og:description\" content=\"D\u00e9couvrez les diff\u00e9rents types de baies vitr\u00e9es et parois coulissantes en verre. Contcatez-nous pour vos baies vitr\u00e9es coulissantes !\" \/>\n<meta property=\"og:url\" content=\"https:\/\/www.verandair.com\/fr\/baie-vitree-caracteristiques\/\" \/>\n<meta property=\"og:site_name\" content=\"VERANDAIR\u00ae\" \/>\n<meta property=\"article:published_time\" content=\"2019-11-26T07:54:17+00:00\" \/>\n<meta property=\"article:modified_time\" content=\"2026-02-27T14:28:41+00:00\" \/>\n<meta property=\"og:image\" content=\"https:\/\/www.verandair.com\/wp-content\/uploads\/2019\/11\/la-baie-vitree-coulissante-les-caracteristiques.jpg\" \/>\n\t<meta property=\"og:image:width\" content=\"800\" \/>\n\t<meta property=\"og:image:height\" content=\"527\" \/>\n\t<meta property=\"og:image:type\" content=\"image\/jpeg\" \/>\n<meta name=\"author\" content=\"admin-verandair\" \/>\n<meta name=\"twitter:card\" content=\"summary_large_image\" \/>\n<meta name=\"twitter:label1\" content=\"\u00c9crit par\" \/>\n\t<meta name=\"twitter:data1\" content=\"admin-verandair\" \/>\n\t<meta name=\"twitter:label2\" content=\"Dur\u00e9e de lecture estim\u00e9e\" \/>\n\t<meta name=\"twitter:data2\" content=\"7 minutes\" \/>\n<script type=\"application\/ld+json\" class=\"yoast-schema-graph\">{\"@context\":\"https:\\\/\\\/schema.org\",\"@graph\":[{\"@type\":\"Article\",\"@id\":\"https:\\\/\\\/www.verandair.com\\\/fr\\\/baie-vitree-caracteristiques\\\/#article\",\"isPartOf\":{\"@id\":\"https:\\\/\\\/www.verandair.com\\\/fr\\\/baie-vitree-caracteristiques\\\/\"},\"author\":{\"name\":\"admin-verandair\",\"@id\":\"https:\\\/\\\/www.verandair.com\\\/fr\\\/#\\\/schema\\\/person\\\/cdeca2ebd6c03b60479d713f66329bc9\"},\"headline\":\"La baie vitr\u00e9e : Les caract\u00e9ristiques\",\"datePublished\":\"2019-11-26T07:54:17+00:00\",\"dateModified\":\"2026-02-27T14:28:41+00:00\",\"mainEntityOfPage\":{\"@id\":\"https:\\\/\\\/www.verandair.com\\\/fr\\\/baie-vitree-caracteristiques\\\/\"},\"wordCount\":1445,\"publisher\":{\"@id\":\"https:\\\/\\\/www.verandair.com\\\/fr\\\/#organization\"},\"image\":{\"@id\":\"https:\\\/\\\/www.verandair.com\\\/fr\\\/baie-vitree-caracteristiques\\\/#primaryimage\"},\"thumbnailUrl\":\"https:\\\/\\\/www.verandair.com\\\/wp-content\\\/uploads\\\/2019\\\/11\\\/la-baie-vitree-coulissante-les-caracteristiques.jpg\",\"articleSection\":[\"Actualit\u00e9s\"],\"inLanguage\":\"fr-FR\"},{\"@type\":\"WebPage\",\"@id\":\"https:\\\/\\\/www.verandair.com\\\/fr\\\/baie-vitree-caracteristiques\\\/\",\"url\":\"https:\\\/\\\/www.verandair.com\\\/fr\\\/baie-vitree-caracteristiques\\\/\",\"name\":\"la baie vitr\u00e9e coulissante : les caract\u00e9ristiques | Verandair\",\"isPartOf\":{\"@id\":\"https:\\\/\\\/www.verandair.com\\\/fr\\\/#website\"},\"primaryImageOfPage\":{\"@id\":\"https:\\\/\\\/www.verandair.com\\\/fr\\\/baie-vitree-caracteristiques\\\/#primaryimage\"},\"image\":{\"@id\":\"https:\\\/\\\/www.verandair.com\\\/fr\\\/baie-vitree-caracteristiques\\\/#primaryimage\"},\"thumbnailUrl\":\"https:\\\/\\\/www.verandair.com\\\/wp-content\\\/uploads\\\/2019\\\/11\\\/la-baie-vitree-coulissante-les-caracteristiques.jpg\",\"datePublished\":\"2019-11-26T07:54:17+00:00\",\"dateModified\":\"2026-02-27T14:28:41+00:00\",\"description\":\"D\u00e9couvrez les diff\u00e9rents types de baies vitr\u00e9es et parois coulissantes en verre. Contcatez-nous pour vos baies vitr\u00e9es coulissantes !\",\"breadcrumb\":{\"@id\":\"https:\\\/\\\/www.verandair.com\\\/fr\\\/baie-vitree-caracteristiques\\\/#breadcrumb\"},\"inLanguage\":\"fr-FR\",\"potentialAction\":[{\"@type\":\"ReadAction\",\"target\":[\"https:\\\/\\\/www.verandair.com\\\/fr\\\/baie-vitree-caracteristiques\\\/\"]}]},{\"@type\":\"ImageObject\",\"inLanguage\":\"fr-FR\",\"@id\":\"https:\\\/\\\/www.verandair.com\\\/fr\\\/baie-vitree-caracteristiques\\\/#primaryimage\",\"url\":\"https:\\\/\\\/www.verandair.com\\\/wp-content\\\/uploads\\\/2019\\\/11\\\/la-baie-vitree-coulissante-les-caracteristiques.jpg\",\"contentUrl\":\"https:\\\/\\\/www.verandair.com\\\/wp-content\\\/uploads\\\/2019\\\/11\\\/la-baie-vitree-coulissante-les-caracteristiques.jpg\",\"width\":800,\"height\":527,\"caption\":\"la baie vitr\u00e9e coulissante, les caract\u00e9ristiques\"},{\"@type\":\"BreadcrumbList\",\"@id\":\"https:\\\/\\\/www.verandair.com\\\/fr\\\/baie-vitree-caracteristiques\\\/#breadcrumb\",\"itemListElement\":[{\"@type\":\"ListItem\",\"position\":1,\"name\":\"Accueil\",\"item\":{\"@type\":\"WebPage\",\"@id\":\"https:\\\/\\\/www.verandair.com\\\/fr\\\/\",\"name\":\"Accueil\"}},{\"@type\":\"ListItem\",\"position\":2,\"name\":\"La baie vitr\u00e9e : Les caract\u00e9ristiques\"}]},{\"@type\":\"WebSite\",\"@id\":\"https:\\\/\\\/www.verandair.com\\\/fr\\\/#website\",\"url\":\"https:\\\/\\\/www.verandair.com\\\/fr\\\/\",\"name\":\"VERANDAIR\u00ae\",\"description\":\"\",\"publisher\":{\"@id\":\"https:\\\/\\\/www.verandair.com\\\/fr\\\/#organization\"},\"potentialAction\":[{\"@type\":\"SearchAction\",\"target\":{\"@type\":\"EntryPoint\",\"urlTemplate\":\"https:\\\/\\\/www.verandair.com\\\/fr\\\/?s={search_term_string}\"},\"query-input\":{\"@type\":\"PropertyValueSpecification\",\"valueRequired\":true,\"valueName\":\"search_term_string\"}}],\"inLanguage\":\"fr-FR\"},{\"@type\":\"Organization\",\"@id\":\"https:\\\/\\\/www.verandair.com\\\/fr\\\/#organization\",\"name\":\"Verandair\",\"url\":\"https:\\\/\\\/www.verandair.com\\\/fr\\\/\",\"logo\":{\"@type\":\"ImageObject\",\"inLanguage\":\"fr-FR\",\"@id\":\"https:\\\/\\\/www.verandair.com\\\/fr\\\/#\\\/schema\\\/logo\\\/image\\\/\",\"url\":\"https:\\\/\\\/www.verandair.com\\\/wp-content\\\/uploads\\\/2024\\\/06\\\/VERANDAIR-logo.png\",\"contentUrl\":\"https:\\\/\\\/www.verandair.com\\\/wp-content\\\/uploads\\\/2024\\\/06\\\/VERANDAIR-logo.png\",\"width\":283,\"height\":127,\"caption\":\"Verandair\"},\"image\":{\"@id\":\"https:\\\/\\\/www.verandair.com\\\/fr\\\/#\\\/schema\\\/logo\\\/image\\\/\"}},{\"@type\":\"Person\",\"@id\":\"https:\\\/\\\/www.verandair.com\\\/fr\\\/#\\\/schema\\\/person\\\/cdeca2ebd6c03b60479d713f66329bc9\",\"name\":\"admin-verandair\",\"image\":{\"@type\":\"ImageObject\",\"inLanguage\":\"fr-FR\",\"@id\":\"https:\\\/\\\/secure.gravatar.com\\\/avatar\\\/933ed88eb2b3e194c00d3516e15b0e50c947c76a16e37565b6eb035b6954d0c4?s=96&d=mm&r=g\",\"url\":\"https:\\\/\\\/secure.gravatar.com\\\/avatar\\\/933ed88eb2b3e194c00d3516e15b0e50c947c76a16e37565b6eb035b6954d0c4?s=96&d=mm&r=g\",\"contentUrl\":\"https:\\\/\\\/secure.gravatar.com\\\/avatar\\\/933ed88eb2b3e194c00d3516e15b0e50c947c76a16e37565b6eb035b6954d0c4?s=96&d=mm&r=g\",\"caption\":\"admin-verandair\"}}]}<\/script>\n<!-- \/ Yoast SEO plugin. -->","yoast_head_json":{"title":"la baie vitr\u00e9e coulissante : les caract\u00e9ristiques | Verandair","description":"D\u00e9couvrez les diff\u00e9rents types de baies vitr\u00e9es et parois coulissantes en verre. Contcatez-nous pour vos baies vitr\u00e9es coulissantes !","robots":{"index":"index","follow":"follow","max-snippet":"max-snippet:-1","max-image-preview":"max-image-preview:large","max-video-preview":"max-video-preview:-1"},"canonical":"https:\/\/www.verandair.com\/fr\/baie-vitree-caracteristiques\/","og_locale":"fr_FR","og_type":"article","og_title":"la baie vitr\u00e9e coulissante : les caract\u00e9ristiques | Verandair","og_description":"D\u00e9couvrez les diff\u00e9rents types de baies vitr\u00e9es et parois coulissantes en verre. Contcatez-nous pour vos baies vitr\u00e9es coulissantes !","og_url":"https:\/\/www.verandair.com\/fr\/baie-vitree-caracteristiques\/","og_site_name":"VERANDAIR\u00ae","article_published_time":"2019-11-26T07:54:17+00:00","article_modified_time":"2026-02-27T14:28:41+00:00","og_image":[{"width":800,"height":527,"url":"https:\/\/www.verandair.com\/wp-content\/uploads\/2019\/11\/la-baie-vitree-coulissante-les-caracteristiques.jpg","type":"image\/jpeg"}],"author":"admin-verandair","twitter_card":"summary_large_image","twitter_misc":{"\u00c9crit par":"admin-verandair","Dur\u00e9e de lecture estim\u00e9e":"7 minutes"},"schema":{"@context":"https:\/\/schema.org","@graph":[{"@type":"Article","@id":"https:\/\/www.verandair.com\/fr\/baie-vitree-caracteristiques\/#article","isPartOf":{"@id":"https:\/\/www.verandair.com\/fr\/baie-vitree-caracteristiques\/"},"author":{"name":"admin-verandair","@id":"https:\/\/www.verandair.com\/fr\/#\/schema\/person\/cdeca2ebd6c03b60479d713f66329bc9"},"headline":"La baie vitr\u00e9e : Les caract\u00e9ristiques","datePublished":"2019-11-26T07:54:17+00:00","dateModified":"2026-02-27T14:28:41+00:00","mainEntityOfPage":{"@id":"https:\/\/www.verandair.com\/fr\/baie-vitree-caracteristiques\/"},"wordCount":1445,"publisher":{"@id":"https:\/\/www.verandair.com\/fr\/#organization"},"image":{"@id":"https:\/\/www.verandair.com\/fr\/baie-vitree-caracteristiques\/#primaryimage"},"thumbnailUrl":"https:\/\/www.verandair.com\/wp-content\/uploads\/2019\/11\/la-baie-vitree-coulissante-les-caracteristiques.jpg","articleSection":["Actualit\u00e9s"],"inLanguage":"fr-FR"},{"@type":"WebPage","@id":"https:\/\/www.verandair.com\/fr\/baie-vitree-caracteristiques\/","url":"https:\/\/www.verandair.com\/fr\/baie-vitree-caracteristiques\/","name":"la baie vitr\u00e9e coulissante : les caract\u00e9ristiques | Verandair","isPartOf":{"@id":"https:\/\/www.verandair.com\/fr\/#website"},"primaryImageOfPage":{"@id":"https:\/\/www.verandair.com\/fr\/baie-vitree-caracteristiques\/#primaryimage"},"image":{"@id":"https:\/\/www.verandair.com\/fr\/baie-vitree-caracteristiques\/#primaryimage"},"thumbnailUrl":"https:\/\/www.verandair.com\/wp-content\/uploads\/2019\/11\/la-baie-vitree-coulissante-les-caracteristiques.jpg","datePublished":"2019-11-26T07:54:17+00:00","dateModified":"2026-02-27T14:28:41+00:00","description":"D\u00e9couvrez les diff\u00e9rents types de baies vitr\u00e9es et parois coulissantes en verre. Contcatez-nous pour vos baies vitr\u00e9es coulissantes !","breadcrumb":{"@id":"https:\/\/www.verandair.com\/fr\/baie-vitree-caracteristiques\/#breadcrumb"},"inLanguage":"fr-FR","potentialAction":[{"@type":"ReadAction","target":["https:\/\/www.verandair.com\/fr\/baie-vitree-caracteristiques\/"]}]},{"@type":"ImageObject","inLanguage":"fr-FR","@id":"https:\/\/www.verandair.com\/fr\/baie-vitree-caracteristiques\/#primaryimage","url":"https:\/\/www.verandair.com\/wp-content\/uploads\/2019\/11\/la-baie-vitree-coulissante-les-caracteristiques.jpg","contentUrl":"https:\/\/www.verandair.com\/wp-content\/uploads\/2019\/11\/la-baie-vitree-coulissante-les-caracteristiques.jpg","width":800,"height":527,"caption":"la baie vitr\u00e9e coulissante, les caract\u00e9ristiques"},{"@type":"BreadcrumbList","@id":"https:\/\/www.verandair.com\/fr\/baie-vitree-caracteristiques\/#breadcrumb","itemListElement":[{"@type":"ListItem","position":1,"name":"Accueil","item":{"@type":"WebPage","@id":"https:\/\/www.verandair.com\/fr\/","name":"Accueil"}},{"@type":"ListItem","position":2,"name":"La baie vitr\u00e9e : Les caract\u00e9ristiques"}]},{"@type":"WebSite","@id":"https:\/\/www.verandair.com\/fr\/#website","url":"https:\/\/www.verandair.com\/fr\/","name":"VERANDAIR\u00ae","description":"","publisher":{"@id":"https:\/\/www.verandair.com\/fr\/#organization"},"potentialAction":[{"@type":"SearchAction","target":{"@type":"EntryPoint","urlTemplate":"https:\/\/www.verandair.com\/fr\/?s={search_term_string}"},"query-input":{"@type":"PropertyValueSpecification","valueRequired":true,"valueName":"search_term_string"}}],"inLanguage":"fr-FR"},{"@type":"Organization","@id":"https:\/\/www.verandair.com\/fr\/#organization","name":"Verandair","url":"https:\/\/www.verandair.com\/fr\/","logo":{"@type":"ImageObject","inLanguage":"fr-FR","@id":"https:\/\/www.verandair.com\/fr\/#\/schema\/logo\/image\/","url":"https:\/\/www.verandair.com\/wp-content\/uploads\/2024\/06\/VERANDAIR-logo.png","contentUrl":"https:\/\/www.verandair.com\/wp-content\/uploads\/2024\/06\/VERANDAIR-logo.png","width":283,"height":127,"caption":"Verandair"},"image":{"@id":"https:\/\/www.verandair.com\/fr\/#\/schema\/logo\/image\/"}},{"@type":"Person","@id":"https:\/\/www.verandair.com\/fr\/#\/schema\/person\/cdeca2ebd6c03b60479d713f66329bc9","name":"admin-verandair","image":{"@type":"ImageObject","inLanguage":"fr-FR","@id":"https:\/\/secure.gravatar.com\/avatar\/933ed88eb2b3e194c00d3516e15b0e50c947c76a16e37565b6eb035b6954d0c4?s=96&d=mm&r=g","url":"https:\/\/secure.gravatar.com\/avatar\/933ed88eb2b3e194c00d3516e15b0e50c947c76a16e37565b6eb035b6954d0c4?s=96&d=mm&r=g","contentUrl":"https:\/\/secure.gravatar.com\/avatar\/933ed88eb2b3e194c00d3516e15b0e50c947c76a16e37565b6eb035b6954d0c4?s=96&d=mm&r=g","caption":"admin-verandair"}}]}},"_links":{"self":[{"href":"https:\/\/www.verandair.com\/fr\/wp-json\/wp\/v2\/posts\/13474","targetHints":{"allow":["GET"]}}],"collection":[{"href":"https:\/\/www.verandair.com\/fr\/wp-json\/wp\/v2\/posts"}],"about":[{"href":"https:\/\/www.verandair.com\/fr\/wp-json\/wp\/v2\/types\/post"}],"author":[{"embeddable":true,"href":"https:\/\/www.verandair.com\/fr\/wp-json\/wp\/v2\/users\/5"}],"replies":[{"embeddable":true,"href":"https:\/\/www.verandair.com\/fr\/wp-json\/wp\/v2\/comments?post=13474"}],"version-history":[{"count":2,"href":"https:\/\/www.verandair.com\/fr\/wp-json\/wp\/v2\/posts\/13474\/revisions"}],"predecessor-version":[{"id":74644,"href":"https:\/\/www.verandair.com\/fr\/wp-json\/wp\/v2\/posts\/13474\/revisions\/74644"}],"wp:featuredmedia":[{"embeddable":true,"href":"https:\/\/www.verandair.com\/fr\/wp-json\/wp\/v2\/media\/13476"}],"wp:attachment":[{"href":"https:\/\/www.verandair.com\/fr\/wp-json\/wp\/v2\/media?parent=13474"}],"wp:term":[{"taxonomy":"category","embeddable":true,"href":"https:\/\/www.verandair.com\/fr\/wp-json\/wp\/v2\/categories?post=13474"},{"taxonomy":"post_tag","embeddable":true,"href":"https:\/\/www.verandair.com\/fr\/wp-json\/wp\/v2\/tags?post=13474"}],"curies":[{"name":"wp","href":"https:\/\/api.w.org\/{rel}","templated":true}]}}