{"id":13546,"date":"2022-10-10T11:33:51","date_gmt":"2022-10-10T09:33:51","guid":{"rendered":"https:\/\/www.verandair.com\/?p=13546"},"modified":"2026-02-27T15:41:14","modified_gmt":"2026-02-27T14:41:14","slug":"nettoyer-veranda-conseils","status":"publish","type":"post","link":"https:\/\/www.verandair.com\/fr\/nettoyer-veranda-conseils\/","title":{"rendered":"Conseils pour le nettoyage et l&#8217;entretien de votre v\u00e9randa en aluminium"},"content":{"rendered":"<p>[et_pb_section fb_built=&#8221;1&#8243; _builder_version=&#8221;4.16&#8243; global_colors_info=&#8221;{}&#8221; theme_builder_area=&#8221;post_content&#8221;][et_pb_row _builder_version=&#8221;4.16&#8243; global_colors_info=&#8221;{}&#8221; theme_builder_area=&#8221;post_content&#8221;][et_pb_column type=&#8221;4_4&#8243; _builder_version=&#8221;4.16&#8243; custom_padding=&#8221;|||&#8221; global_colors_info=&#8221;{}&#8221; custom_padding__hover=&#8221;|||&#8221; theme_builder_area=&#8221;post_content&#8221;][et_pb_text _builder_version=&#8221;4.17.6&#8243; global_colors_info=&#8221;{}&#8221; theme_builder_area=&#8221;post_content&#8221;]<\/p>\n<p>Une v\u00e9randa repr\u00e9sente un v\u00e9ritable atout charme dans votre jardin. Tel une jonction entre l\u2019int\u00e9rieur et l\u2019ext\u00e9rieur, l&#8217;abri de terrasse est une <a href=\"https:\/\/www.verandair.com\/fr\/abri-de-terrasse\/\" target=\"_blank\" rel=\"noopener noreferrer\">v\u00e9ritable extension<\/a> qui offre un <strong>espace lumineux ouvert sur votre ext\u00e9rieur<\/strong>. Pour en profiter toute l\u2019ann\u00e9e, il est <strong>important d\u2019en prendre soin<\/strong> et de lui offrir un petit nettoyage de temps \u00e0 temps.<\/p>\n<p>Les saisons se succ\u00e9dant et le temps pr\u00e9sentant une alternance de pluie, de soleil et de vent, votre v\u00e9randa a perdu sa brillance des premiers jours. Afin de retrouver son \u00e9clat, il suffit de la nettoyer de temps \u00e0 autre. Voici, <strong>quelques conseils pour r<\/strong><strong>edonner sa brillance \u00e0 votre v\u00e9randa<\/strong>.<\/p>\n<p>&nbsp;<\/p>\n<h2>Les avantages de l&#8217;aluminium<\/h2>\n<h3>Un mat\u00e9riau l\u00e9ger et durable<\/h3>\n<p>L&#8217;aluminium est un <strong>choix populaire pour les projets de construction <\/strong>en raison de ses nombreux avantages. Il est <strong>l\u00e9ger mais solide<\/strong>, ce qui le rend facile \u00e0 travailler et \u00e0 transporter. En outre, l&#8217;aluminium est <strong>r\u00e9sistant \u00e0 la corrosion<\/strong> et peut \u00eatre facilement moul\u00e9 dans la forme souhait\u00e9e. Il s&#8217;agit donc d&#8217;un mat\u00e9riau id\u00e9al pour cr\u00e9er des structures telles que des <a href=\"https:\/\/www.verandair.com\/fr\/abri-de-terrasse\/\" target=\"_blank\" rel=\"noopener noreferrer\">v\u00e9randas<\/a>.<\/p>\n<p>&nbsp;<\/p>\n<h3>Couleur personnalisable<\/h3>\n<p>L&#8217;aluminium peut \u00eatre facilement <strong>peint dans la couleur de votre choix<\/strong>, ce qui vous permet de personnaliser l&#8217;aspect de votre v\u00e9randa. De cette mani\u00e8re, vous pouvez faire correspondre sa couleur \u00e0 celle de vos ch\u00e2ssis d\u00e9j\u00e0 existants, par exemple.<\/p>\n<p>&nbsp;<\/p>\n<h3>Une option abordable par rapport \u00e0 d&#8217;autres mat\u00e9riaux<\/h3>\n<p>L&#8217;aluminium est un <strong>mat\u00e9riau plus abordable que l&#8217;acier ou le bois<\/strong>, et il est donc pr\u00e9f\u00e9rable de l&#8217;utiliser pour la structure d&#8217;une v\u00e9randa. De plus, l&#8217;acier est \u00e9galement plus lourd, ce qui peut le rendre plus difficile \u00e0 installer. Aussi, le bois est sensible aux intemp\u00e9ries et \u00e0 la pourriture contrairement \u00e0 l&#8217;alu.<\/p>\n<p>[\/et_pb_text][et_pb_button button_url=&#8221;https:\/\/www.verandair.com\/fr\/veranda\/materiaux-verandas\/composants-veranda\/&#8221; button_text=&#8221;En savoir plus sur les composants de nos v\u00e9randas&#8221; button_alignment=&#8221;center&#8221; _builder_version=&#8221;4.24.2&#8243; _module_preset=&#8221;default&#8221; global_colors_info=&#8221;{}&#8221; theme_builder_area=&#8221;post_content&#8221;][\/et_pb_button][et_pb_text _builder_version=&#8221;4.17.6&#8243; global_colors_info=&#8221;{}&#8221; theme_builder_area=&#8221;post_content&#8221;]<\/p>\n<h2 class=\"ql-align-justify\">L\u2019entretien de la v\u00e9randa en aluminium<\/h2>\n<p>Non seulement les <a href=\"https:\/\/www.verandair.com\/fr\/abri-de-terrasse\/\" target=\"_blank\" rel=\"noopener noreferrer\">abris de terrasse en aluminium<\/a> sont faciles \u00e0 construire, mais elles <strong>n\u00e9cessitent peu d&#8217;entretien et durent longtemps<\/strong>. Avec les moyens appropri\u00e9s, une v\u00e9randa en alu peut offrir des ann\u00e9es de plaisir. Qu&#8217;elle soit utilis\u00e9e comme une oasis de tranquillit\u00e9 ou un lieu de rassemblement pour la famille et les amis, une v\u00e9randa bien con\u00e7ue peut <strong>ajouter de la valeur \u00e0 toute maison.<\/strong><\/p>\n<p>Cependant, pour conserver\u00a0la brillance et l\u2019\u00e9clat\u00a0des profil\u00e9s de votre extension\u00a0le plus longtemps possible, il est bon de\u00a0la <strong>nettoyer de temps en temps<\/strong>. Pour ce faire, il est important d\u2019<strong>utiliser\u00a0des produits adapt\u00e9s<\/strong>. N\u2019utilisez\u00a0<strong>pas de d\u00e9tergents, ni de produits abrasifs ou d\u2019\u00e9ponge de grattage.<\/strong><\/p>\n<p>&nbsp;<\/p>\n<h3>Conseil n\u00b01 : l&#8217;eau savonneuse<\/h3>\n<p>Elle repr\u00e9sente le <strong>moyen le plus efficace et non abrasif<\/strong>. Utilisez un liquide vaisselle sans ammoniaque avec de l\u2019eau ti\u00e8de. \u00c0 l\u2019aide d\u2019une \u00e9ponge douce ou d&#8217;un chiffon en microfibre, frottez les profil\u00e9s et rincez \u00e0 l\u2019eau claire.<\/p>\n<p>[\/et_pb_text][et_pb_image src=&#8221;https:\/\/www.verandair.com\/wp-content\/uploads\/2019\/12\/entretien-veranda.jpg&#8221; alt=&#8221;entretien v\u00e9randa&#8221; title_text=&#8221;entretien v\u00e9randa&#8221; align_tablet=&#8221;center&#8221; align_phone=&#8221;center&#8221; align_last_edited=&#8221;on|desktop&#8221; _builder_version=&#8221;4.16&#8243; global_colors_info=&#8221;{}&#8221; theme_builder_area=&#8221;post_content&#8221;][\/et_pb_image][et_pb_text _builder_version=&#8221;4.17.6&#8243; _module_preset=&#8221;default&#8221; global_colors_info=&#8221;{}&#8221; theme_builder_area=&#8221;post_content&#8221;]<\/p>\n<h3>Conseil n\u00b02 : le bicarbonate de soude<\/h3>\n<p>Fonctionnant pour 1001 choses, il est \u00e9galement utile pour nettoyer sa v\u00e9randa. Il est <strong>conseill\u00e9 pour les surfaces moyennement sales<\/strong>. M\u00e9langez le bicarbonate de soude avec de l\u2019eau et frottez les profil\u00e9s de la v\u00e9randa avec une \u00e9ponge douce.<\/p>\n<p>&nbsp;<\/p>\n<h3>Conseil n\u00b03 : le vinaigre blanc<\/h3>\n<p>Lorsque la v\u00e9randa est vraiment sale ou que les <strong>taches persistent<\/strong>. Vous pouvez m\u00e9langer du vinaigre blanc \u00e0 du sel pour obtenir une p\u00e2te. Appliquez cette p\u00e2te avec une \u00e9ponge sur votre v\u00e9randa et rincez \u00e0 l\u2019eau.<\/p>\n<p>&nbsp;<\/p>\n<h3>Conseil n\u00b04 : l&#8217;huile d&#8217;olive<\/h3>\n<p>Maintenant que vous avez nettoy\u00e9 les profil\u00e9s de la v\u00e9randa, il ne reste plus qu\u2019\u00e0\u00a0<strong>raviver la couleurs et la brillance<\/strong>\u00a0de ceux-ci. Pour rendre de l\u2019\u00e9clat \u00e0 votre v\u00e9randa, il suffit de verser\u00a0<strong>quelques gouttes d\u2019huile d\u2019olive<\/strong>\u00a0sur un chiffon et pour la faire p\u00e9n\u00e9trer dans les profil\u00e9s. Ensuite, essuyez avec un chiffon. De cette mani\u00e8re, vos profil\u00e9s retrouveront de l\u2019\u00e9clat, de la brillance et une belle couleur.<\/p>\n<p>[\/et_pb_text][et_pb_button button_url=&#8221;https:\/\/www.verandair.com\/fr\/veranda-piscine\/conseils-entretien-abris-de-piscine\/&#8221; button_text=&#8221;D\u00e9couvrez plus de conseils sur l&#8217;utilisation et l&#8217;entretien de vos abris de terrasse VERANDAIR&#8221; button_alignment=&#8221;center&#8221; _builder_version=&#8221;4.24.2&#8243; _module_preset=&#8221;default&#8221; global_colors_info=&#8221;{}&#8221; theme_builder_area=&#8221;post_content&#8221;][\/et_pb_button][et_pb_text _builder_version=&#8221;4.17.6&#8243; _module_preset=&#8221;default&#8221; global_colors_info=&#8221;{}&#8221; theme_builder_area=&#8221;post_content&#8221;]<\/p>\n<h2 class=\"ql-align-justify\">A quelle fr\u00e9quence nettoyer sa v\u00e9randa ?<\/h2>\n<p class=\"ql-align-justify\">L\u2019aluminium est\u00a0<strong>un mat\u00e9riau qui ne se salit pas vite<\/strong>. Cependant, avec le temps, la poussi\u00e8re et les taches peuvent s\u2019accumuler. Pour conserver une <a href=\"https:\/\/www.verandair.com\/fr\/veranda\/\" target=\"_blank\" rel=\"noopener noreferrer\">v\u00e9randa<\/a> propre et brillante sur le long terme, il est int\u00e9ressant de la nettoyer de temps \u00e0 autre. Il n\u2019existe pas de fr\u00e9quence id\u00e9ale, car<strong>\u00a0son nettoyage va d\u00e9pendre de son emplacement, du climat, de son exposition et de son utilisation<\/strong>. <strong>Un entretien l\u00e9ger mais r\u00e9gulier<\/strong>\u00a0est appropri\u00e9 pour une v\u00e9randa.<\/p>\n<p>&nbsp;<\/p>\n<h2 class=\"ql-align-justify\">Le nettoyage des vitres<\/h2>\n<p class=\"ql-align-justify\">Il est \u00e9galement n\u00e9cessaire de s&#8217;occuper des vitres de votre <a href=\"https:\/\/www.verandair.com\/fr\/abri-de-terrasse\/\" target=\"_blank\" rel=\"noopener noreferrer\">abri de terrasse<\/a>. Pour ce faire, les m\u00eames astuces cit\u00e9es plus haut peuvent \u00eatre appliqu\u00e9es. Vous pouvez \u00e9galement utiliser un produit classique que vous trouverez en grande surface. <strong>Nous d\u00e9conseillons cependant d&#8217;utiliser de l&#8217;huile d&#8217;olive<\/strong> car cela rendra vos baies vitr\u00e9es grasses.<\/p>\n<p>Nettoyez de haut en bas par petites sections pour \u00e9viter les traces, et utilisez un chiffon doux en microfibre ou une \u00e9ponge pour \u00e9viter les rayures. Le papier journal est \u00e9galement tr\u00e8s efficace pour essuyer les baies vitr\u00e9es et fen\u00eatres.<\/p>\n<p>&nbsp;<\/p>\n<h2>Qu&#8217;en est-il du toit\u202f?<\/h2>\n<p>Selon les mat\u00e9riaux utilis\u00e9s, le nettoyage d&#8217;un toit de v\u00e9randa peut \u00eatre une t\u00e2che simple ou difficile. Par exemple, si votre toit de v\u00e9randa est en bardeaux d&#8217;asphalte, vous pouvez g\u00e9n\u00e9ralement le nettoyer avec un <strong>tuyau d&#8217;arrosage et de l&#8217;eau savonneuse<\/strong>. En revanche, si le toit de votre v\u00e9randa est en m\u00e9tal ou en polycarbonate, vous devez <strong>faire attention \u00e0 ne pas endommager la finition<\/strong>. Dans les deux cas, il est<strong> important d&#8217;enlever r\u00e9guli\u00e8rement les d\u00e9bris<\/strong> tels que les feuilles et les brindilles, car ils peuvent boucher les canalisations et favoriser le d\u00e9veloppement de moisissures.<\/p>\n<p class=\"ql-align-justify\">Une fois par an, vous devriez \u00e9galement donner \u00e0 votre toiture un <strong>nettoyage approfondi \u00e0 l&#8217;aide d&#8217;un nettoyeur \u00e0 pression<\/strong>. Cela permettra d&#8217;\u00e9liminer toute accumulation de salet\u00e9 et de crasse et contribuera \u00e0 <strong>prolonger la dur\u00e9e de vie de votre toiture<\/strong>.<\/p>\n<p>&nbsp;<\/p>\n<h2 class=\"ql-align-justify\">Conclusion<\/h2>\n<p class=\"ql-align-justify\">L&#8217;entretien d&#8217;une <a href=\"https:\/\/www.verandair.com\/fr\/abri-de-terrasse\/\" target=\"_blank\" rel=\"noopener noreferrer\">v\u00e9randa en aluminium<\/a> est une t\u00e2che relativement facile. En la nettoyant avec une simple solution d&#8217;eau et de liquide vaisselle, il conservera son aspect neuf pendant des ann\u00e9es.<\/p>\n<p class=\"ql-align-justify\">Si vous avez d&#8217;autres questions sur l&#8217;<a href=\"https:\/\/www.verandair.com\/fr\/veranda-piscine\/conseils-entretien-abris-de-piscine\/\" target=\"_blank\" rel=\"noopener noreferrer\">entretien de votre v\u00e9randa en aluminium<\/a>, n&#8217;h\u00e9sitez pas \u00e0 <a href=\"https:\/\/www.verandair.com\/fr\/contact\/\" target=\"_blank\" rel=\"noopener noreferrer\">nous contacter<\/a>. Notre \u00e9quipe d&#8217;experts est toujours heureuse de vous aider !<\/p>\n<p>[\/et_pb_text][\/et_pb_column][\/et_pb_row][\/et_pb_section][et_pb_section fb_built=&#8221;1&#8243; _builder_version=&#8221;4.27.5&#8243; _module_preset=&#8221;a37cb46d-a9cb-4f77-bbbd-8966bde7aff0&#8243; saved_tabs=&#8221;all&#8221; locked=&#8221;off&#8221; global_colors_info=&#8221;{}&#8221; global_module=&#8221;74566&#8243; theme_builder_area=&#8221;post_content&#8221;][et_pb_row _builder_version=&#8221;4.27.5&#8243; _module_preset=&#8221;default&#8221; width=&#8221;100%&#8221; max_width=&#8221;100%&#8221; custom_padding=&#8221;0px|20px||20px|false|true&#8221; global_colors_info=&#8221;{}&#8221; theme_builder_area=&#8221;post_content&#8221;][et_pb_column type=&#8221;4_4&#8243; _builder_version=&#8221;4.23.4&#8243; _module_preset=&#8221;default&#8221; custom_padding=&#8221;50px||||false|false&#8221; global_colors_info=&#8221;{}&#8221; theme_builder_area=&#8221;post_content&#8221;][et_pb_image src=&#8221;https:\/\/www.verandair.com\/wp-content\/uploads\/2026\/02\/VERAN-brochure-A4-2026.webp&#8221; alt=&#8221;Brochure 2026 Verandair&#8221; title_text=&#8221;VERAN-brochure-A4-2026&#8243; align=&#8221;center&#8221; _builder_version=&#8221;4.27.5&#8243; _module_preset=&#8221;default&#8221; max_width=&#8221;300px&#8221; max_width_last_edited=&#8221;off|desktop&#8221; custom_margin=&#8221;0px||0px||false|false&#8221; scroll_vertical_motion_enable=&#8221;on&#8221; scroll_vertical_motion=&#8221;0|40|40|100|-0.5|0|0&#8243; scroll_fade_enable=&#8221;on&#8221; scroll_fade=&#8221;0|40|40|100|0|100|100&#8243; global_colors_info=&#8221;{}&#8221; theme_builder_area=&#8221;post_content&#8221;][\/et_pb_image][et_pb_text _builder_version=&#8221;4.27.5&#8243; _module_preset=&#8221;default&#8221; header_2_font_size=&#8221;32px&#8221; text_orientation=&#8221;center&#8221; custom_margin=&#8221;||15px||false|false&#8221; global_colors_info=&#8221;{%22gcid-4f3ca7d5-152d-4540-91b1-cc24563bf794%22:%91%22text_text_shadow_color%22%93}&#8221; theme_builder_area=&#8221;post_content&#8221;]<\/p>\n<h2><strong>Envie d&#8217;en savoir plus<\/strong> avant de vous d\u00e9cider ?<br \/><span data-metadata=\"&lt;!--(figmeta)eyJmaWxlS2V5IjoiNDJrcExzUGY2N0VsN0FkMldFdElreCIsInBhc3RlSUQiOjI4MTE1MTAxNSwiZGF0YVR5cGUiOiJzY2VuZSJ9Cg==(\/figmeta)--&gt;\"><\/span><\/h2>\n<p>[\/et_pb_text][et_pb_divider show_divider=&#8221;off&#8221; _builder_version=&#8221;4.27.5&#8243; _module_preset=&#8221;2adabd0f-cb12-404f-9aa7-a3088280e564&#8243; module_alignment=&#8221;center&#8221; global_colors_info=&#8221;{}&#8221; theme_builder_area=&#8221;post_content&#8221;][\/et_pb_divider][et_pb_text _builder_version=&#8221;4.27.5&#8243; _module_preset=&#8221;default&#8221; text_orientation=&#8221;center&#8221; custom_margin=&#8221;||50px||false|false&#8221; global_colors_info=&#8221;{%22gcid-4f3ca7d5-152d-4540-91b1-cc24563bf794%22:%91%22text_text_shadow_color%22%93}&#8221; theme_builder_area=&#8221;post_content&#8221;]<\/p>\n<p><span><strong>T\u00e9l\u00e9chargez la nouvelle brochure 2026<\/strong>\u00a0et d\u00e9couvrez notre <strong>gamme compl\u00e8te de produits<\/strong> pour profiter de votre vie en plein air toute l&#8217;ann\u00e9e.<\/span><\/p>\n<p>[\/et_pb_text][et_pb_button button_url=&#8221;https:\/\/info.verandair.com\/brochure-2026\/&#8221; url_new_window=&#8221;on&#8221; button_text=&#8221;Je t\u00e9l\u00e9charge ma brochure&#8221; button_alignment=&#8221;center&#8221; _builder_version=&#8221;4.27.5&#8243; _module_preset=&#8221;ae8d3791-01a2-4c4b-b221-c3f14f812284&#8243; global_colors_info=&#8221;{}&#8221; theme_builder_area=&#8221;post_content&#8221;][\/et_pb_button][\/et_pb_column][\/et_pb_row][\/et_pb_section]<\/p>\n","protected":false},"excerpt":{"rendered":"<p>Votre v\u00e9randa en aluminium a perdu de sa brillance? Nos astuces de nettoyage de vont vous permettre de la rendre comme neuve!<\/p>\n","protected":false},"author":5,"featured_media":13548,"comment_status":"open","ping_status":"closed","sticky":false,"template":"","format":"standard","meta":{"_acf_changed":false,"_et_pb_use_builder":"on","_et_pb_old_content":"","_et_gb_content_width":"","inline_featured_image":false,"footnotes":""},"categories":[32],"tags":[],"class_list":["post-13546","post","type-post","status-publish","format-standard","has-post-thumbnail","hentry","category-abri-de-terrasse"],"acf":[],"yoast_head":"<!-- This site is optimized with the Yoast SEO plugin v27.5 - https:\/\/yoast.com\/product\/yoast-seo-wordpress\/ -->\n<title>Nos astuces pour nettoyer votre v\u00e9randa en aluminium | VERANDAIR\u00ae<\/title>\n<meta name=\"description\" content=\"Votre v\u00e9randa a perdu de son \u00e9clat ? D\u00e9couvrez comment nettoyer votre v\u00e9randa efficacement avec les conseils de Verandair\" \/>\n<meta name=\"robots\" content=\"index, follow, max-snippet:-1, max-image-preview:large, max-video-preview:-1\" \/>\n<link rel=\"canonical\" href=\"https:\/\/www.verandair.com\/fr\/nettoyer-veranda-conseils\/\" \/>\n<meta property=\"og:locale\" content=\"fr_FR\" \/>\n<meta property=\"og:type\" content=\"article\" \/>\n<meta property=\"og:title\" content=\"Nos astuces pour nettoyer votre v\u00e9randa en aluminium | VERANDAIR\u00ae\" \/>\n<meta property=\"og:description\" content=\"Votre v\u00e9randa a perdu de son \u00e9clat ? D\u00e9couvrez comment nettoyer votre v\u00e9randa efficacement avec les conseils de Verandair\" \/>\n<meta property=\"og:url\" content=\"https:\/\/www.verandair.com\/fr\/nettoyer-veranda-conseils\/\" \/>\n<meta property=\"og:site_name\" content=\"VERANDAIR\u00ae\" \/>\n<meta property=\"article:published_time\" content=\"2022-10-10T09:33:51+00:00\" \/>\n<meta property=\"article:modified_time\" content=\"2026-02-27T14:41:14+00:00\" \/>\n<meta property=\"og:image\" content=\"https:\/\/www.verandair.com\/wp-content\/uploads\/2019\/12\/nettoyer-veranda.jpeg\" \/>\n\t<meta property=\"og:image:width\" content=\"800\" \/>\n\t<meta property=\"og:image:height\" content=\"533\" \/>\n\t<meta property=\"og:image:type\" content=\"image\/jpeg\" \/>\n<meta name=\"author\" content=\"admin-verandair\" \/>\n<meta name=\"twitter:card\" content=\"summary_large_image\" \/>\n<meta name=\"twitter:label1\" content=\"\u00c9crit par\" \/>\n\t<meta name=\"twitter:data1\" content=\"admin-verandair\" \/>\n\t<meta name=\"twitter:label2\" content=\"Dur\u00e9e de lecture estim\u00e9e\" \/>\n\t<meta name=\"twitter:data2\" content=\"9 minutes\" \/>\n<script type=\"application\/ld+json\" class=\"yoast-schema-graph\">{\"@context\":\"https:\\\/\\\/schema.org\",\"@graph\":[{\"@type\":\"Article\",\"@id\":\"https:\\\/\\\/www.verandair.com\\\/fr\\\/nettoyer-veranda-conseils\\\/#article\",\"isPartOf\":{\"@id\":\"https:\\\/\\\/www.verandair.com\\\/fr\\\/nettoyer-veranda-conseils\\\/\"},\"author\":{\"name\":\"admin-verandair\",\"@id\":\"https:\\\/\\\/www.verandair.com\\\/fr\\\/#\\\/schema\\\/person\\\/cdeca2ebd6c03b60479d713f66329bc9\"},\"headline\":\"Conseils pour le nettoyage et l&#8217;entretien de votre v\u00e9randa en aluminium\",\"datePublished\":\"2022-10-10T09:33:51+00:00\",\"dateModified\":\"2026-02-27T14:41:14+00:00\",\"mainEntityOfPage\":{\"@id\":\"https:\\\/\\\/www.verandair.com\\\/fr\\\/nettoyer-veranda-conseils\\\/\"},\"wordCount\":1761,\"commentCount\":3,\"publisher\":{\"@id\":\"https:\\\/\\\/www.verandair.com\\\/fr\\\/#organization\"},\"image\":{\"@id\":\"https:\\\/\\\/www.verandair.com\\\/fr\\\/nettoyer-veranda-conseils\\\/#primaryimage\"},\"thumbnailUrl\":\"https:\\\/\\\/www.verandair.com\\\/wp-content\\\/uploads\\\/2019\\\/12\\\/nettoyer-veranda.jpeg\",\"articleSection\":[\"Abri de terrasse\"],\"inLanguage\":\"fr-FR\",\"potentialAction\":[{\"@type\":\"CommentAction\",\"name\":\"Comment\",\"target\":[\"https:\\\/\\\/www.verandair.com\\\/fr\\\/nettoyer-veranda-conseils\\\/#respond\"]}]},{\"@type\":\"WebPage\",\"@id\":\"https:\\\/\\\/www.verandair.com\\\/fr\\\/nettoyer-veranda-conseils\\\/\",\"url\":\"https:\\\/\\\/www.verandair.com\\\/fr\\\/nettoyer-veranda-conseils\\\/\",\"name\":\"Nos astuces pour nettoyer votre v\u00e9randa en aluminium | VERANDAIR\u00ae\",\"isPartOf\":{\"@id\":\"https:\\\/\\\/www.verandair.com\\\/fr\\\/#website\"},\"primaryImageOfPage\":{\"@id\":\"https:\\\/\\\/www.verandair.com\\\/fr\\\/nettoyer-veranda-conseils\\\/#primaryimage\"},\"image\":{\"@id\":\"https:\\\/\\\/www.verandair.com\\\/fr\\\/nettoyer-veranda-conseils\\\/#primaryimage\"},\"thumbnailUrl\":\"https:\\\/\\\/www.verandair.com\\\/wp-content\\\/uploads\\\/2019\\\/12\\\/nettoyer-veranda.jpeg\",\"datePublished\":\"2022-10-10T09:33:51+00:00\",\"dateModified\":\"2026-02-27T14:41:14+00:00\",\"description\":\"Votre v\u00e9randa a perdu de son \u00e9clat ? D\u00e9couvrez comment nettoyer votre v\u00e9randa efficacement avec les conseils de Verandair\",\"breadcrumb\":{\"@id\":\"https:\\\/\\\/www.verandair.com\\\/fr\\\/nettoyer-veranda-conseils\\\/#breadcrumb\"},\"inLanguage\":\"fr-FR\",\"potentialAction\":[{\"@type\":\"ReadAction\",\"target\":[\"https:\\\/\\\/www.verandair.com\\\/fr\\\/nettoyer-veranda-conseils\\\/\"]}]},{\"@type\":\"ImageObject\",\"inLanguage\":\"fr-FR\",\"@id\":\"https:\\\/\\\/www.verandair.com\\\/fr\\\/nettoyer-veranda-conseils\\\/#primaryimage\",\"url\":\"https:\\\/\\\/www.verandair.com\\\/wp-content\\\/uploads\\\/2019\\\/12\\\/nettoyer-veranda.jpeg\",\"contentUrl\":\"https:\\\/\\\/www.verandair.com\\\/wp-content\\\/uploads\\\/2019\\\/12\\\/nettoyer-veranda.jpeg\",\"width\":800,\"height\":533,\"caption\":\"nettoyer sa v\u00e9randa\"},{\"@type\":\"BreadcrumbList\",\"@id\":\"https:\\\/\\\/www.verandair.com\\\/fr\\\/nettoyer-veranda-conseils\\\/#breadcrumb\",\"itemListElement\":[{\"@type\":\"ListItem\",\"position\":1,\"name\":\"Accueil\",\"item\":{\"@type\":\"WebPage\",\"@id\":\"https:\\\/\\\/www.verandair.com\\\/fr\\\/\",\"name\":\"Accueil\"}},{\"@type\":\"ListItem\",\"position\":2,\"name\":\"Conseils pour le nettoyage et l&#8217;entretien de votre v\u00e9randa en aluminium\"}]},{\"@type\":\"WebSite\",\"@id\":\"https:\\\/\\\/www.verandair.com\\\/fr\\\/#website\",\"url\":\"https:\\\/\\\/www.verandair.com\\\/fr\\\/\",\"name\":\"VERANDAIR\u00ae\",\"description\":\"\",\"publisher\":{\"@id\":\"https:\\\/\\\/www.verandair.com\\\/fr\\\/#organization\"},\"potentialAction\":[{\"@type\":\"SearchAction\",\"target\":{\"@type\":\"EntryPoint\",\"urlTemplate\":\"https:\\\/\\\/www.verandair.com\\\/fr\\\/?s={search_term_string}\"},\"query-input\":{\"@type\":\"PropertyValueSpecification\",\"valueRequired\":true,\"valueName\":\"search_term_string\"}}],\"inLanguage\":\"fr-FR\"},{\"@type\":\"Organization\",\"@id\":\"https:\\\/\\\/www.verandair.com\\\/fr\\\/#organization\",\"name\":\"Verandair\",\"url\":\"https:\\\/\\\/www.verandair.com\\\/fr\\\/\",\"logo\":{\"@type\":\"ImageObject\",\"inLanguage\":\"fr-FR\",\"@id\":\"https:\\\/\\\/www.verandair.com\\\/fr\\\/#\\\/schema\\\/logo\\\/image\\\/\",\"url\":\"https:\\\/\\\/www.verandair.com\\\/wp-content\\\/uploads\\\/2024\\\/06\\\/VERANDAIR-logo.png\",\"contentUrl\":\"https:\\\/\\\/www.verandair.com\\\/wp-content\\\/uploads\\\/2024\\\/06\\\/VERANDAIR-logo.png\",\"width\":283,\"height\":127,\"caption\":\"Verandair\"},\"image\":{\"@id\":\"https:\\\/\\\/www.verandair.com\\\/fr\\\/#\\\/schema\\\/logo\\\/image\\\/\"}},{\"@type\":\"Person\",\"@id\":\"https:\\\/\\\/www.verandair.com\\\/fr\\\/#\\\/schema\\\/person\\\/cdeca2ebd6c03b60479d713f66329bc9\",\"name\":\"admin-verandair\",\"image\":{\"@type\":\"ImageObject\",\"inLanguage\":\"fr-FR\",\"@id\":\"https:\\\/\\\/secure.gravatar.com\\\/avatar\\\/933ed88eb2b3e194c00d3516e15b0e50c947c76a16e37565b6eb035b6954d0c4?s=96&d=mm&r=g\",\"url\":\"https:\\\/\\\/secure.gravatar.com\\\/avatar\\\/933ed88eb2b3e194c00d3516e15b0e50c947c76a16e37565b6eb035b6954d0c4?s=96&d=mm&r=g\",\"contentUrl\":\"https:\\\/\\\/secure.gravatar.com\\\/avatar\\\/933ed88eb2b3e194c00d3516e15b0e50c947c76a16e37565b6eb035b6954d0c4?s=96&d=mm&r=g\",\"caption\":\"admin-verandair\"}}]}<\/script>\n<!-- \/ Yoast SEO plugin. -->","yoast_head_json":{"title":"Nos astuces pour nettoyer votre v\u00e9randa en aluminium | VERANDAIR\u00ae","description":"Votre v\u00e9randa a perdu de son \u00e9clat ? D\u00e9couvrez comment nettoyer votre v\u00e9randa efficacement avec les conseils de Verandair","robots":{"index":"index","follow":"follow","max-snippet":"max-snippet:-1","max-image-preview":"max-image-preview:large","max-video-preview":"max-video-preview:-1"},"canonical":"https:\/\/www.verandair.com\/fr\/nettoyer-veranda-conseils\/","og_locale":"fr_FR","og_type":"article","og_title":"Nos astuces pour nettoyer votre v\u00e9randa en aluminium | VERANDAIR\u00ae","og_description":"Votre v\u00e9randa a perdu de son \u00e9clat ? D\u00e9couvrez comment nettoyer votre v\u00e9randa efficacement avec les conseils de Verandair","og_url":"https:\/\/www.verandair.com\/fr\/nettoyer-veranda-conseils\/","og_site_name":"VERANDAIR\u00ae","article_published_time":"2022-10-10T09:33:51+00:00","article_modified_time":"2026-02-27T14:41:14+00:00","og_image":[{"width":800,"height":533,"url":"https:\/\/www.verandair.com\/wp-content\/uploads\/2019\/12\/nettoyer-veranda.jpeg","type":"image\/jpeg"}],"author":"admin-verandair","twitter_card":"summary_large_image","twitter_misc":{"\u00c9crit par":"admin-verandair","Dur\u00e9e de lecture estim\u00e9e":"9 minutes"},"schema":{"@context":"https:\/\/schema.org","@graph":[{"@type":"Article","@id":"https:\/\/www.verandair.com\/fr\/nettoyer-veranda-conseils\/#article","isPartOf":{"@id":"https:\/\/www.verandair.com\/fr\/nettoyer-veranda-conseils\/"},"author":{"name":"admin-verandair","@id":"https:\/\/www.verandair.com\/fr\/#\/schema\/person\/cdeca2ebd6c03b60479d713f66329bc9"},"headline":"Conseils pour le nettoyage et l&#8217;entretien de votre v\u00e9randa en aluminium","datePublished":"2022-10-10T09:33:51+00:00","dateModified":"2026-02-27T14:41:14+00:00","mainEntityOfPage":{"@id":"https:\/\/www.verandair.com\/fr\/nettoyer-veranda-conseils\/"},"wordCount":1761,"commentCount":3,"publisher":{"@id":"https:\/\/www.verandair.com\/fr\/#organization"},"image":{"@id":"https:\/\/www.verandair.com\/fr\/nettoyer-veranda-conseils\/#primaryimage"},"thumbnailUrl":"https:\/\/www.verandair.com\/wp-content\/uploads\/2019\/12\/nettoyer-veranda.jpeg","articleSection":["Abri de terrasse"],"inLanguage":"fr-FR","potentialAction":[{"@type":"CommentAction","name":"Comment","target":["https:\/\/www.verandair.com\/fr\/nettoyer-veranda-conseils\/#respond"]}]},{"@type":"WebPage","@id":"https:\/\/www.verandair.com\/fr\/nettoyer-veranda-conseils\/","url":"https:\/\/www.verandair.com\/fr\/nettoyer-veranda-conseils\/","name":"Nos astuces pour nettoyer votre v\u00e9randa en aluminium | VERANDAIR\u00ae","isPartOf":{"@id":"https:\/\/www.verandair.com\/fr\/#website"},"primaryImageOfPage":{"@id":"https:\/\/www.verandair.com\/fr\/nettoyer-veranda-conseils\/#primaryimage"},"image":{"@id":"https:\/\/www.verandair.com\/fr\/nettoyer-veranda-conseils\/#primaryimage"},"thumbnailUrl":"https:\/\/www.verandair.com\/wp-content\/uploads\/2019\/12\/nettoyer-veranda.jpeg","datePublished":"2022-10-10T09:33:51+00:00","dateModified":"2026-02-27T14:41:14+00:00","description":"Votre v\u00e9randa a perdu de son \u00e9clat ? D\u00e9couvrez comment nettoyer votre v\u00e9randa efficacement avec les conseils de Verandair","breadcrumb":{"@id":"https:\/\/www.verandair.com\/fr\/nettoyer-veranda-conseils\/#breadcrumb"},"inLanguage":"fr-FR","potentialAction":[{"@type":"ReadAction","target":["https:\/\/www.verandair.com\/fr\/nettoyer-veranda-conseils\/"]}]},{"@type":"ImageObject","inLanguage":"fr-FR","@id":"https:\/\/www.verandair.com\/fr\/nettoyer-veranda-conseils\/#primaryimage","url":"https:\/\/www.verandair.com\/wp-content\/uploads\/2019\/12\/nettoyer-veranda.jpeg","contentUrl":"https:\/\/www.verandair.com\/wp-content\/uploads\/2019\/12\/nettoyer-veranda.jpeg","width":800,"height":533,"caption":"nettoyer sa v\u00e9randa"},{"@type":"BreadcrumbList","@id":"https:\/\/www.verandair.com\/fr\/nettoyer-veranda-conseils\/#breadcrumb","itemListElement":[{"@type":"ListItem","position":1,"name":"Accueil","item":{"@type":"WebPage","@id":"https:\/\/www.verandair.com\/fr\/","name":"Accueil"}},{"@type":"ListItem","position":2,"name":"Conseils pour le nettoyage et l&#8217;entretien de votre v\u00e9randa en aluminium"}]},{"@type":"WebSite","@id":"https:\/\/www.verandair.com\/fr\/#website","url":"https:\/\/www.verandair.com\/fr\/","name":"VERANDAIR\u00ae","description":"","publisher":{"@id":"https:\/\/www.verandair.com\/fr\/#organization"},"potentialAction":[{"@type":"SearchAction","target":{"@type":"EntryPoint","urlTemplate":"https:\/\/www.verandair.com\/fr\/?s={search_term_string}"},"query-input":{"@type":"PropertyValueSpecification","valueRequired":true,"valueName":"search_term_string"}}],"inLanguage":"fr-FR"},{"@type":"Organization","@id":"https:\/\/www.verandair.com\/fr\/#organization","name":"Verandair","url":"https:\/\/www.verandair.com\/fr\/","logo":{"@type":"ImageObject","inLanguage":"fr-FR","@id":"https:\/\/www.verandair.com\/fr\/#\/schema\/logo\/image\/","url":"https:\/\/www.verandair.com\/wp-content\/uploads\/2024\/06\/VERANDAIR-logo.png","contentUrl":"https:\/\/www.verandair.com\/wp-content\/uploads\/2024\/06\/VERANDAIR-logo.png","width":283,"height":127,"caption":"Verandair"},"image":{"@id":"https:\/\/www.verandair.com\/fr\/#\/schema\/logo\/image\/"}},{"@type":"Person","@id":"https:\/\/www.verandair.com\/fr\/#\/schema\/person\/cdeca2ebd6c03b60479d713f66329bc9","name":"admin-verandair","image":{"@type":"ImageObject","inLanguage":"fr-FR","@id":"https:\/\/secure.gravatar.com\/avatar\/933ed88eb2b3e194c00d3516e15b0e50c947c76a16e37565b6eb035b6954d0c4?s=96&d=mm&r=g","url":"https:\/\/secure.gravatar.com\/avatar\/933ed88eb2b3e194c00d3516e15b0e50c947c76a16e37565b6eb035b6954d0c4?s=96&d=mm&r=g","contentUrl":"https:\/\/secure.gravatar.com\/avatar\/933ed88eb2b3e194c00d3516e15b0e50c947c76a16e37565b6eb035b6954d0c4?s=96&d=mm&r=g","caption":"admin-verandair"}}]}},"_links":{"self":[{"href":"https:\/\/www.verandair.com\/fr\/wp-json\/wp\/v2\/posts\/13546","targetHints":{"allow":["GET"]}}],"collection":[{"href":"https:\/\/www.verandair.com\/fr\/wp-json\/wp\/v2\/posts"}],"about":[{"href":"https:\/\/www.verandair.com\/fr\/wp-json\/wp\/v2\/types\/post"}],"author":[{"embeddable":true,"href":"https:\/\/www.verandair.com\/fr\/wp-json\/wp\/v2\/users\/5"}],"replies":[{"embeddable":true,"href":"https:\/\/www.verandair.com\/fr\/wp-json\/wp\/v2\/comments?post=13546"}],"version-history":[{"count":4,"href":"https:\/\/www.verandair.com\/fr\/wp-json\/wp\/v2\/posts\/13546\/revisions"}],"predecessor-version":[{"id":74696,"href":"https:\/\/www.verandair.com\/fr\/wp-json\/wp\/v2\/posts\/13546\/revisions\/74696"}],"wp:featuredmedia":[{"embeddable":true,"href":"https:\/\/www.verandair.com\/fr\/wp-json\/wp\/v2\/media\/13548"}],"wp:attachment":[{"href":"https:\/\/www.verandair.com\/fr\/wp-json\/wp\/v2\/media?parent=13546"}],"wp:term":[{"taxonomy":"category","embeddable":true,"href":"https:\/\/www.verandair.com\/fr\/wp-json\/wp\/v2\/categories?post=13546"},{"taxonomy":"post_tag","embeddable":true,"href":"https:\/\/www.verandair.com\/fr\/wp-json\/wp\/v2\/tags?post=13546"}],"curies":[{"name":"wp","href":"https:\/\/api.w.org\/{rel}","templated":true}]}}