{"id":13789,"date":"2020-01-13T12:05:45","date_gmt":"2020-01-13T11:05:45","guid":{"rendered":"https:\/\/www.verandair.com\/?p=13789"},"modified":"2026-02-27T15:21:09","modified_gmt":"2026-02-27T14:21:09","slug":"pergola-amenagement-exterieur-detente","status":"publish","type":"post","link":"https:\/\/www.verandair.com\/fr\/pergola-amenagement-exterieur-detente\/","title":{"rendered":"La pergola, un am\u00e9nagement ext\u00e9rieur d\u00e9di\u00e9 \u00e0 la d\u00e9tente"},"content":{"rendered":"<p>[et_pb_section fb_built=&#8221;1&#8243; _builder_version=&#8221;4.16&#8243; global_colors_info=&#8221;{}&#8221; theme_builder_area=&#8221;post_content&#8221;][et_pb_row _builder_version=&#8221;4.16&#8243; global_colors_info=&#8221;{}&#8221; theme_builder_area=&#8221;post_content&#8221;][et_pb_column type=&#8221;4_4&#8243; _builder_version=&#8221;4.16&#8243; custom_padding=&#8221;|||&#8221; global_colors_info=&#8221;{}&#8221; custom_padding__hover=&#8221;|||&#8221; theme_builder_area=&#8221;post_content&#8221;][et_pb_text _builder_version=&#8221;4.16&#8243; global_colors_info=&#8221;{}&#8221; theme_builder_area=&#8221;post_content&#8221;]<\/p>\n<p style=\"text-align: justify;\"><strong>Les journ\u00e9es s&#8217;allongent, la lumi\u00e8re vient titiller nos fins d&#8217;apr\u00e8s-midi, doucement l&#8217;hiver va faire place au printemps. Un signal qui nous rappelle de commencer notre am\u00e9nagement ext\u00e9rieur pour profiter des beaux jours.\u00a0<\/strong><\/p>\n<p style=\"text-align: justify;\">Ces derni\u00e8res ann\u00e9es, l&#8217;am\u00e9nagement ext\u00e9rieur rencontre un franc succ\u00e8s et fait l&#8217;objet d&#8217;une grande attention.<strong> Le jardin est devenu un v\u00e9ritable espace de vie<\/strong>. L&#8217;espace ext\u00e9rieur offre une r\u00e9elle prolongation de la maison et s&#8217;am\u00e9nage pour apporter une v\u00e9ritable plus value \u00e0 votre maison et votre bien-\u00eatre.<\/p>\n<h2 style=\"color: #00909e; text-align: justify;\">La pergola pour am\u00e9nager notre jardin<\/h2>\n<p style=\"text-align: justify;\">A l&#8217;heure actuelle, le jardin se dote de plus en plus d&#8217;espace pour r\u00e9pondre aux besoins de la vie en ext\u00e9rieur. Avec quelques am\u00e9nagements, le temps pass\u00e9 en ext\u00e9rieur est maximis\u00e9. Ainsi, chaque rayon de soleil peut se vivre dans votre jardin.<\/p>\n<p style=\"text-align: justify;\">Il est agr\u00e9able de poss\u00e9der<strong> un jardin bien am\u00e9nag\u00e9 avec un espace d\u00e9di\u00e9 \u00e0 la d\u00e9tente et au plaisir de l&#8217;ext\u00e9rieur.<\/strong><a href=\"https:\/\/www.verandair.com\/fr\/veranda\/pergola\/\"> La pergola r\u00e9pond parfaitement \u00e0 cette demande<\/a>. Dans la construction d&#8217;un jardin, la pergola permet de cr\u00e9er un point de fuite. <strong>Un eye-catcher qui permet de structurer le jardin et le souligner<\/strong>. La pergola va permettre de cr\u00e9er des espaces d\u00e9di\u00e9s \u00e0 la d\u00e9tente, \u00e0 la cuisine,&#8230;<\/p>\n<h3 style=\"text-align: justify;\">Les avantages d&#8217;une pergola dans un jardin<\/h3>\n<p style=\"text-align: justify;\">La pergola offre de nombreux avantages dans l&#8217;am\u00e9nagement ext\u00e9rieur de votre jardin.<\/p>\n<p style=\"text-align: justify;\">La pergola peut \u00eatre<strong> fixe ou dot\u00e9e d&#8217;un cabriolet<\/strong>, ce qui permet de d\u00e9ployer la pergola lorsque le vent souffle trop fort ou qu&#8217;une petite averse vient d\u00e9ranger une apr\u00e8s midi au soleil.<\/p>\n<p style=\"text-align: justify;\">La pergola peut \u00eatre <strong>bioclimatique, avec des lames orientables pour se prot\u00e9ger du soleil.<\/strong><\/p>\n<p style=\"text-align: justify;\">Elle poss\u00e8de <strong>un syst\u00e8me modulaire<\/strong>, il est possible <strong>d&#8217;int\u00e9grer des vitres<\/strong> sur les cot\u00e9s et ainsi cr\u00e9er un r\u00e9el abri.<\/p>\n<p style=\"text-align: justify;\">La pergola est construite en aluminium. Un avantage de personnalisation, car<strong><a href=\"https:\/\/www.verandair.com\/fr\/coloris-des-verandas\/\"> l&#8217;aluminium permet une grande vari\u00e9t\u00e9 de couleur<\/a>.<\/strong> Il offre aussi <strong>une grande facilit\u00e9 d&#8217;entretien<\/strong> et une bonne durabilit\u00e9.<\/p>\n<p>[\/et_pb_text][et_pb_image src=&#8221;https:\/\/www.verandair.com\/wp-content\/uploads\/2020\/01\/pergola-pour-un-espace-detente.jpg&#8221; alt=&#8221;Pergola, un espace de d\u00e9tente dans le jardin&#8221; title_text=&#8221;Pergola, un espace de d\u00e9tente dans le jardin&#8221; align=&#8221;center&#8221; align_tablet=&#8221;center&#8221; align_phone=&#8221;center&#8221; align_last_edited=&#8221;on|desktop&#8221; _builder_version=&#8221;4.16&#8243; global_colors_info=&#8221;{}&#8221; theme_builder_area=&#8221;post_content&#8221;][\/et_pb_image][et_pb_text _builder_version=&#8221;4.16&#8243; global_colors_info=&#8221;{}&#8221; theme_builder_area=&#8221;post_content&#8221;]<\/p>\n<h2 style=\"color: #00909e;\">La pergola comme espace de d\u00e9tente<\/h2>\n<p style=\"text-align: justify;\"><span style=\"font-weight: 400;\">La pergola peut d\u00e9finir <strong>un espace de d\u00e9tente dans votre ext\u00e9rieur<\/strong>. La pergola peut se poser contre la fa\u00e7ade ou au milieu du jardin. Ainsi, vous soulignez votre ext\u00e9rieur avec une pergola esth\u00e9tique tout en cr\u00e9ant un nouvel espace li\u00e9 \u00e0 la relaxation. Soulignez votre pergola en apportant du mobilier de jardin, des fauteuils, une petite table basse, quelques coussins color\u00e9s et des plaids pour les soir\u00e9es fra\u00eeches. Ainsi, vous cr\u00e9ez <strong>un v\u00e9ritable petit salon d&#8217;ext\u00e9rieur<\/strong> o\u00f9 vous profitez du soleil tout en lisant un livre, faisant la sieste ou prenant l&#8217;ap\u00e9ro entre amis.\u00a0<\/span><\/p>\n<h2 style=\"color: #00909e;\">La pergola comme abri de terrasse<\/h2>\n<p style=\"text-align: justify;\"><span style=\"font-weight: 400;\">La pergola adoss\u00e9e \u00e0 votre maison et pos\u00e9e sur votre terrasse permet de cr\u00e9er un abri de terrasse. La pergola devient alors <strong>une v\u00e9ritable extension de la cuisine ou du salon<\/strong>. La pergola sur une terrasse peut se doter de vitre lat\u00e9rales pour profiter de cet espace en toutes occasions. On peut \u00e9galement imaginer cr\u00e9er un espace de cuisine ext\u00e9rieur, ou de sortie de bain lorsque l&#8217;on poss\u00e8de une piscine, <strong>une petite pi\u00e8ce ext\u00e9rieur suppl\u00e9mentaire pour profiter au maximum des beaux jours.<\/strong><\/span><\/p>\n<h2 style=\"color: #00909e;\">La pergola, un v\u00e9ritable espace de d\u00e9tente<\/h2>\n<p style=\"text-align: justify;\"><span style=\"font-weight: 400;\">La pergola comme am\u00e9nagement ext\u00e9rieur permet de cr\u00e9er des espaces d\u00e9di\u00e9 \u00e0 la d\u00e9tente. Lecture au soleil, d\u00e9jeuner en famille ou ap\u00e9ro entre amis, cette pi\u00e8ce suppl\u00e9mentaire vous permet de passer plus de temps \u00e0 l&#8217;ext\u00e9rieur. <\/span><\/p>\n<p style=\"text-align: justify;\"><b>La pergola, un v\u00e9ritable atout pour\u00a0votre jardin et votre confort.<\/b><\/p>\n<p>[\/et_pb_text][\/et_pb_column][\/et_pb_row][\/et_pb_section][et_pb_section fb_built=&#8221;1&#8243; _builder_version=&#8221;4.27.5&#8243; _module_preset=&#8221;a37cb46d-a9cb-4f77-bbbd-8966bde7aff0&#8243; saved_tabs=&#8221;all&#8221; locked=&#8221;off&#8221; global_colors_info=&#8221;{}&#8221; global_module=&#8221;74566&#8243; theme_builder_area=&#8221;post_content&#8221;][et_pb_row _builder_version=&#8221;4.27.5&#8243; _module_preset=&#8221;default&#8221; width=&#8221;100%&#8221; max_width=&#8221;100%&#8221; custom_padding=&#8221;0px|20px||20px|false|true&#8221; global_colors_info=&#8221;{}&#8221; theme_builder_area=&#8221;post_content&#8221;][et_pb_column type=&#8221;4_4&#8243; _builder_version=&#8221;4.23.4&#8243; _module_preset=&#8221;default&#8221; custom_padding=&#8221;50px||||false|false&#8221; global_colors_info=&#8221;{}&#8221; theme_builder_area=&#8221;post_content&#8221;][et_pb_image src=&#8221;https:\/\/www.verandair.com\/wp-content\/uploads\/2026\/02\/VERAN-brochure-A4-2026.webp&#8221; alt=&#8221;Brochure 2026 Verandair&#8221; title_text=&#8221;VERAN-brochure-A4-2026&#8243; align=&#8221;center&#8221; _builder_version=&#8221;4.27.5&#8243; _module_preset=&#8221;default&#8221; max_width=&#8221;300px&#8221; max_width_last_edited=&#8221;off|desktop&#8221; custom_margin=&#8221;0px||0px||false|false&#8221; scroll_vertical_motion_enable=&#8221;on&#8221; scroll_vertical_motion=&#8221;0|40|40|100|-0.5|0|0&#8243; scroll_fade_enable=&#8221;on&#8221; scroll_fade=&#8221;0|40|40|100|0|100|100&#8243; global_colors_info=&#8221;{}&#8221; theme_builder_area=&#8221;post_content&#8221;][\/et_pb_image][et_pb_text _builder_version=&#8221;4.27.5&#8243; _module_preset=&#8221;default&#8221; header_2_font_size=&#8221;32px&#8221; text_orientation=&#8221;center&#8221; custom_margin=&#8221;||15px||false|false&#8221; global_colors_info=&#8221;{%22gcid-4f3ca7d5-152d-4540-91b1-cc24563bf794%22:%91%22text_text_shadow_color%22%93}&#8221; theme_builder_area=&#8221;post_content&#8221;]<\/p>\n<h2><strong>Envie d&#8217;en savoir plus<\/strong> avant de vous d\u00e9cider ?<br \/><span data-metadata=\"&lt;!--(figmeta)eyJmaWxlS2V5IjoiNDJrcExzUGY2N0VsN0FkMldFdElreCIsInBhc3RlSUQiOjI4MTE1MTAxNSwiZGF0YVR5cGUiOiJzY2VuZSJ9Cg==(\/figmeta)--&gt;\"><\/span><\/h2>\n<p>[\/et_pb_text][et_pb_divider show_divider=&#8221;off&#8221; _builder_version=&#8221;4.27.5&#8243; _module_preset=&#8221;2adabd0f-cb12-404f-9aa7-a3088280e564&#8243; module_alignment=&#8221;center&#8221; global_colors_info=&#8221;{}&#8221; theme_builder_area=&#8221;post_content&#8221;][\/et_pb_divider][et_pb_text _builder_version=&#8221;4.27.5&#8243; _module_preset=&#8221;default&#8221; text_orientation=&#8221;center&#8221; custom_margin=&#8221;||50px||false|false&#8221; global_colors_info=&#8221;{%22gcid-4f3ca7d5-152d-4540-91b1-cc24563bf794%22:%91%22text_text_shadow_color%22%93}&#8221; theme_builder_area=&#8221;post_content&#8221;]<\/p>\n<p><span><strong>T\u00e9l\u00e9chargez la nouvelle brochure 2026<\/strong>\u00a0et d\u00e9couvrez notre <strong>gamme compl\u00e8te de produits<\/strong> pour profiter de votre vie en plein air toute l&#8217;ann\u00e9e.<\/span><\/p>\n<p>[\/et_pb_text][et_pb_button button_url=&#8221;https:\/\/info.verandair.com\/brochure-2026\/&#8221; url_new_window=&#8221;on&#8221; button_text=&#8221;Je t\u00e9l\u00e9charge ma brochure&#8221; button_alignment=&#8221;center&#8221; _builder_version=&#8221;4.27.5&#8243; _module_preset=&#8221;ae8d3791-01a2-4c4b-b221-c3f14f812284&#8243; global_colors_info=&#8221;{}&#8221; theme_builder_area=&#8221;post_content&#8221;][\/et_pb_button][\/et_pb_column][\/et_pb_row][\/et_pb_section]<\/p>\n","protected":false},"excerpt":{"rendered":"<p>Les journ\u00e9es s&#8217;allongent, la lumi\u00e8re vient titiller nos fins d&#8217;apr\u00e8s-midi, doucement l&#8217;hiver va faire place au printemps. Un signal qui nous rappelle de commencer notre am\u00e9nagement ext\u00e9rieur pour profiter des beaux jours.\u00a0 Ces derni\u00e8res ann\u00e9es, l&#8217;am\u00e9nagement ext\u00e9rieur rencontre un franc succ\u00e8s et fait l&#8217;objet d&#8217;une grande attention. Le jardin est devenu un v\u00e9ritable espace de vie. L&#8217;espace ext\u00e9rieur offre une r\u00e9elle prolongation de la maison et s&#8217;am\u00e9nage pour apporter une v\u00e9ritable plus value \u00e0 votre maison et votre bien-\u00eatre. La pergola pour am\u00e9nager notre jardin A l&#8217;heure actuelle, le jardin se dote de plus en plus d&#8217;espace pour r\u00e9pondre aux besoins de la vie en ext\u00e9rieur. Avec quelques am\u00e9nagements, le temps pass\u00e9 en ext\u00e9rieur est maximis\u00e9. Ainsi, chaque rayon de soleil peut se vivre dans votre jardin. Il est agr\u00e9able de poss\u00e9der un jardin bien am\u00e9nag\u00e9 avec un espace d\u00e9di\u00e9 \u00e0 la d\u00e9tente et au plaisir de l&#8217;ext\u00e9rieur. La pergola r\u00e9pond parfaitement \u00e0 cette demande. Dans la construction d&#8217;un jardin, la pergola permet de cr\u00e9er un point de fuite. Un eye-catcher qui permet de structurer le jardin et le souligner. La pergola va permettre de cr\u00e9er des espaces d\u00e9di\u00e9s \u00e0 la d\u00e9tente, \u00e0 la cuisine,&#8230; Les avantages d&#8217;une pergola dans [&hellip;]<\/p>\n","protected":false},"author":5,"featured_media":13792,"comment_status":"open","ping_status":"closed","sticky":false,"template":"","format":"standard","meta":{"_acf_changed":false,"_et_pb_use_builder":"on","_et_pb_old_content":"","_et_gb_content_width":"","inline_featured_image":false,"footnotes":""},"categories":[34,33],"tags":[],"class_list":["post-13789","post","type-post","status-publish","format-standard","has-post-thumbnail","hentry","category-actualites","category-pergolas"],"acf":[],"yoast_head":"<!-- This site is optimized with the Yoast SEO plugin v27.5 - https:\/\/yoast.com\/product\/yoast-seo-wordpress\/ -->\n<title>La pergola, un am\u00e9nagement ext\u00e9rieur d\u00e9di\u00e9 \u00e0 la d\u00e9tente | VERANDAIR\u00ae<\/title>\n<meta name=\"description\" content=\"La pergola, l&#039;am\u00e9nagement parfait pour votre jardin. La pergola comme espace de d\u00e9tente. D\u00e9couvrez les pergolas Verandair\" \/>\n<meta name=\"robots\" content=\"index, follow, max-snippet:-1, max-image-preview:large, max-video-preview:-1\" \/>\n<link rel=\"canonical\" href=\"https:\/\/www.verandair.com\/fr\/pergola-amenagement-exterieur-detente\/\" \/>\n<meta property=\"og:locale\" content=\"fr_FR\" \/>\n<meta property=\"og:type\" content=\"article\" \/>\n<meta property=\"og:title\" content=\"La pergola, un am\u00e9nagement ext\u00e9rieur d\u00e9di\u00e9 \u00e0 la d\u00e9tente | VERANDAIR\u00ae\" \/>\n<meta property=\"og:description\" content=\"La pergola, l&#039;am\u00e9nagement parfait pour votre jardin. La pergola comme espace de d\u00e9tente. D\u00e9couvrez les pergolas Verandair\" \/>\n<meta property=\"og:url\" content=\"https:\/\/www.verandair.com\/fr\/pergola-amenagement-exterieur-detente\/\" \/>\n<meta property=\"og:site_name\" content=\"VERANDAIR\u00ae\" \/>\n<meta property=\"article:published_time\" content=\"2020-01-13T11:05:45+00:00\" \/>\n<meta property=\"article:modified_time\" content=\"2026-02-27T14:21:09+00:00\" \/>\n<meta property=\"og:image\" content=\"https:\/\/www.verandair.com\/wp-content\/uploads\/2020\/01\/pergola-pour-amenager-votre-jardin.jpeg\" \/>\n\t<meta property=\"og:image:width\" content=\"800\" \/>\n\t<meta property=\"og:image:height\" content=\"533\" \/>\n\t<meta property=\"og:image:type\" content=\"image\/jpeg\" \/>\n<meta name=\"author\" content=\"admin-verandair\" \/>\n<meta name=\"twitter:card\" content=\"summary_large_image\" \/>\n<meta name=\"twitter:label1\" content=\"\u00c9crit par\" \/>\n\t<meta name=\"twitter:data1\" content=\"admin-verandair\" \/>\n\t<meta name=\"twitter:label2\" content=\"Dur\u00e9e de lecture estim\u00e9e\" \/>\n\t<meta name=\"twitter:data2\" content=\"6 minutes\" \/>\n<script type=\"application\/ld+json\" class=\"yoast-schema-graph\">{\"@context\":\"https:\\\/\\\/schema.org\",\"@graph\":[{\"@type\":\"Article\",\"@id\":\"https:\\\/\\\/www.verandair.com\\\/fr\\\/pergola-amenagement-exterieur-detente\\\/#article\",\"isPartOf\":{\"@id\":\"https:\\\/\\\/www.verandair.com\\\/fr\\\/pergola-amenagement-exterieur-detente\\\/\"},\"author\":{\"name\":\"admin-verandair\",\"@id\":\"https:\\\/\\\/www.verandair.com\\\/fr\\\/#\\\/schema\\\/person\\\/cdeca2ebd6c03b60479d713f66329bc9\"},\"headline\":\"La pergola, un am\u00e9nagement ext\u00e9rieur d\u00e9di\u00e9 \u00e0 la d\u00e9tente\",\"datePublished\":\"2020-01-13T11:05:45+00:00\",\"dateModified\":\"2026-02-27T14:21:09+00:00\",\"mainEntityOfPage\":{\"@id\":\"https:\\\/\\\/www.verandair.com\\\/fr\\\/pergola-amenagement-exterieur-detente\\\/\"},\"wordCount\":1172,\"commentCount\":0,\"publisher\":{\"@id\":\"https:\\\/\\\/www.verandair.com\\\/fr\\\/#organization\"},\"image\":{\"@id\":\"https:\\\/\\\/www.verandair.com\\\/fr\\\/pergola-amenagement-exterieur-detente\\\/#primaryimage\"},\"thumbnailUrl\":\"https:\\\/\\\/www.verandair.com\\\/wp-content\\\/uploads\\\/2020\\\/01\\\/pergola-pour-amenager-votre-jardin.jpeg\",\"articleSection\":[\"Actualit\u00e9s\",\"Pergolas\"],\"inLanguage\":\"fr-FR\",\"potentialAction\":[{\"@type\":\"CommentAction\",\"name\":\"Comment\",\"target\":[\"https:\\\/\\\/www.verandair.com\\\/fr\\\/pergola-amenagement-exterieur-detente\\\/#respond\"]}]},{\"@type\":\"WebPage\",\"@id\":\"https:\\\/\\\/www.verandair.com\\\/fr\\\/pergola-amenagement-exterieur-detente\\\/\",\"url\":\"https:\\\/\\\/www.verandair.com\\\/fr\\\/pergola-amenagement-exterieur-detente\\\/\",\"name\":\"La pergola, un am\u00e9nagement ext\u00e9rieur d\u00e9di\u00e9 \u00e0 la d\u00e9tente | VERANDAIR\u00ae\",\"isPartOf\":{\"@id\":\"https:\\\/\\\/www.verandair.com\\\/fr\\\/#website\"},\"primaryImageOfPage\":{\"@id\":\"https:\\\/\\\/www.verandair.com\\\/fr\\\/pergola-amenagement-exterieur-detente\\\/#primaryimage\"},\"image\":{\"@id\":\"https:\\\/\\\/www.verandair.com\\\/fr\\\/pergola-amenagement-exterieur-detente\\\/#primaryimage\"},\"thumbnailUrl\":\"https:\\\/\\\/www.verandair.com\\\/wp-content\\\/uploads\\\/2020\\\/01\\\/pergola-pour-amenager-votre-jardin.jpeg\",\"datePublished\":\"2020-01-13T11:05:45+00:00\",\"dateModified\":\"2026-02-27T14:21:09+00:00\",\"description\":\"La pergola, l'am\u00e9nagement parfait pour votre jardin. La pergola comme espace de d\u00e9tente. D\u00e9couvrez les pergolas Verandair\",\"breadcrumb\":{\"@id\":\"https:\\\/\\\/www.verandair.com\\\/fr\\\/pergola-amenagement-exterieur-detente\\\/#breadcrumb\"},\"inLanguage\":\"fr-FR\",\"potentialAction\":[{\"@type\":\"ReadAction\",\"target\":[\"https:\\\/\\\/www.verandair.com\\\/fr\\\/pergola-amenagement-exterieur-detente\\\/\"]}]},{\"@type\":\"ImageObject\",\"inLanguage\":\"fr-FR\",\"@id\":\"https:\\\/\\\/www.verandair.com\\\/fr\\\/pergola-amenagement-exterieur-detente\\\/#primaryimage\",\"url\":\"https:\\\/\\\/www.verandair.com\\\/wp-content\\\/uploads\\\/2020\\\/01\\\/pergola-pour-amenager-votre-jardin.jpeg\",\"contentUrl\":\"https:\\\/\\\/www.verandair.com\\\/wp-content\\\/uploads\\\/2020\\\/01\\\/pergola-pour-amenager-votre-jardin.jpeg\",\"width\":800,\"height\":533,\"caption\":\"coin d'une pergola noir\"},{\"@type\":\"BreadcrumbList\",\"@id\":\"https:\\\/\\\/www.verandair.com\\\/fr\\\/pergola-amenagement-exterieur-detente\\\/#breadcrumb\",\"itemListElement\":[{\"@type\":\"ListItem\",\"position\":1,\"name\":\"Accueil\",\"item\":{\"@type\":\"WebPage\",\"@id\":\"https:\\\/\\\/www.verandair.com\\\/fr\\\/\",\"name\":\"Accueil\"}},{\"@type\":\"ListItem\",\"position\":2,\"name\":\"La pergola, un am\u00e9nagement ext\u00e9rieur d\u00e9di\u00e9 \u00e0 la d\u00e9tente\"}]},{\"@type\":\"WebSite\",\"@id\":\"https:\\\/\\\/www.verandair.com\\\/fr\\\/#website\",\"url\":\"https:\\\/\\\/www.verandair.com\\\/fr\\\/\",\"name\":\"VERANDAIR\u00ae\",\"description\":\"\",\"publisher\":{\"@id\":\"https:\\\/\\\/www.verandair.com\\\/fr\\\/#organization\"},\"potentialAction\":[{\"@type\":\"SearchAction\",\"target\":{\"@type\":\"EntryPoint\",\"urlTemplate\":\"https:\\\/\\\/www.verandair.com\\\/fr\\\/?s={search_term_string}\"},\"query-input\":{\"@type\":\"PropertyValueSpecification\",\"valueRequired\":true,\"valueName\":\"search_term_string\"}}],\"inLanguage\":\"fr-FR\"},{\"@type\":\"Organization\",\"@id\":\"https:\\\/\\\/www.verandair.com\\\/fr\\\/#organization\",\"name\":\"Verandair\",\"url\":\"https:\\\/\\\/www.verandair.com\\\/fr\\\/\",\"logo\":{\"@type\":\"ImageObject\",\"inLanguage\":\"fr-FR\",\"@id\":\"https:\\\/\\\/www.verandair.com\\\/fr\\\/#\\\/schema\\\/logo\\\/image\\\/\",\"url\":\"https:\\\/\\\/www.verandair.com\\\/wp-content\\\/uploads\\\/2024\\\/06\\\/VERANDAIR-logo.png\",\"contentUrl\":\"https:\\\/\\\/www.verandair.com\\\/wp-content\\\/uploads\\\/2024\\\/06\\\/VERANDAIR-logo.png\",\"width\":283,\"height\":127,\"caption\":\"Verandair\"},\"image\":{\"@id\":\"https:\\\/\\\/www.verandair.com\\\/fr\\\/#\\\/schema\\\/logo\\\/image\\\/\"}},{\"@type\":\"Person\",\"@id\":\"https:\\\/\\\/www.verandair.com\\\/fr\\\/#\\\/schema\\\/person\\\/cdeca2ebd6c03b60479d713f66329bc9\",\"name\":\"admin-verandair\",\"image\":{\"@type\":\"ImageObject\",\"inLanguage\":\"fr-FR\",\"@id\":\"https:\\\/\\\/secure.gravatar.com\\\/avatar\\\/933ed88eb2b3e194c00d3516e15b0e50c947c76a16e37565b6eb035b6954d0c4?s=96&d=mm&r=g\",\"url\":\"https:\\\/\\\/secure.gravatar.com\\\/avatar\\\/933ed88eb2b3e194c00d3516e15b0e50c947c76a16e37565b6eb035b6954d0c4?s=96&d=mm&r=g\",\"contentUrl\":\"https:\\\/\\\/secure.gravatar.com\\\/avatar\\\/933ed88eb2b3e194c00d3516e15b0e50c947c76a16e37565b6eb035b6954d0c4?s=96&d=mm&r=g\",\"caption\":\"admin-verandair\"}}]}<\/script>\n<!-- \/ Yoast SEO plugin. -->","yoast_head_json":{"title":"La pergola, un am\u00e9nagement ext\u00e9rieur d\u00e9di\u00e9 \u00e0 la d\u00e9tente | VERANDAIR\u00ae","description":"La pergola, l'am\u00e9nagement parfait pour votre jardin. La pergola comme espace de d\u00e9tente. D\u00e9couvrez les pergolas Verandair","robots":{"index":"index","follow":"follow","max-snippet":"max-snippet:-1","max-image-preview":"max-image-preview:large","max-video-preview":"max-video-preview:-1"},"canonical":"https:\/\/www.verandair.com\/fr\/pergola-amenagement-exterieur-detente\/","og_locale":"fr_FR","og_type":"article","og_title":"La pergola, un am\u00e9nagement ext\u00e9rieur d\u00e9di\u00e9 \u00e0 la d\u00e9tente | VERANDAIR\u00ae","og_description":"La pergola, l'am\u00e9nagement parfait pour votre jardin. La pergola comme espace de d\u00e9tente. D\u00e9couvrez les pergolas Verandair","og_url":"https:\/\/www.verandair.com\/fr\/pergola-amenagement-exterieur-detente\/","og_site_name":"VERANDAIR\u00ae","article_published_time":"2020-01-13T11:05:45+00:00","article_modified_time":"2026-02-27T14:21:09+00:00","og_image":[{"width":800,"height":533,"url":"https:\/\/www.verandair.com\/wp-content\/uploads\/2020\/01\/pergola-pour-amenager-votre-jardin.jpeg","type":"image\/jpeg"}],"author":"admin-verandair","twitter_card":"summary_large_image","twitter_misc":{"\u00c9crit par":"admin-verandair","Dur\u00e9e de lecture estim\u00e9e":"6 minutes"},"schema":{"@context":"https:\/\/schema.org","@graph":[{"@type":"Article","@id":"https:\/\/www.verandair.com\/fr\/pergola-amenagement-exterieur-detente\/#article","isPartOf":{"@id":"https:\/\/www.verandair.com\/fr\/pergola-amenagement-exterieur-detente\/"},"author":{"name":"admin-verandair","@id":"https:\/\/www.verandair.com\/fr\/#\/schema\/person\/cdeca2ebd6c03b60479d713f66329bc9"},"headline":"La pergola, un am\u00e9nagement ext\u00e9rieur d\u00e9di\u00e9 \u00e0 la d\u00e9tente","datePublished":"2020-01-13T11:05:45+00:00","dateModified":"2026-02-27T14:21:09+00:00","mainEntityOfPage":{"@id":"https:\/\/www.verandair.com\/fr\/pergola-amenagement-exterieur-detente\/"},"wordCount":1172,"commentCount":0,"publisher":{"@id":"https:\/\/www.verandair.com\/fr\/#organization"},"image":{"@id":"https:\/\/www.verandair.com\/fr\/pergola-amenagement-exterieur-detente\/#primaryimage"},"thumbnailUrl":"https:\/\/www.verandair.com\/wp-content\/uploads\/2020\/01\/pergola-pour-amenager-votre-jardin.jpeg","articleSection":["Actualit\u00e9s","Pergolas"],"inLanguage":"fr-FR","potentialAction":[{"@type":"CommentAction","name":"Comment","target":["https:\/\/www.verandair.com\/fr\/pergola-amenagement-exterieur-detente\/#respond"]}]},{"@type":"WebPage","@id":"https:\/\/www.verandair.com\/fr\/pergola-amenagement-exterieur-detente\/","url":"https:\/\/www.verandair.com\/fr\/pergola-amenagement-exterieur-detente\/","name":"La pergola, un am\u00e9nagement ext\u00e9rieur d\u00e9di\u00e9 \u00e0 la d\u00e9tente | VERANDAIR\u00ae","isPartOf":{"@id":"https:\/\/www.verandair.com\/fr\/#website"},"primaryImageOfPage":{"@id":"https:\/\/www.verandair.com\/fr\/pergola-amenagement-exterieur-detente\/#primaryimage"},"image":{"@id":"https:\/\/www.verandair.com\/fr\/pergola-amenagement-exterieur-detente\/#primaryimage"},"thumbnailUrl":"https:\/\/www.verandair.com\/wp-content\/uploads\/2020\/01\/pergola-pour-amenager-votre-jardin.jpeg","datePublished":"2020-01-13T11:05:45+00:00","dateModified":"2026-02-27T14:21:09+00:00","description":"La pergola, l'am\u00e9nagement parfait pour votre jardin. La pergola comme espace de d\u00e9tente. D\u00e9couvrez les pergolas Verandair","breadcrumb":{"@id":"https:\/\/www.verandair.com\/fr\/pergola-amenagement-exterieur-detente\/#breadcrumb"},"inLanguage":"fr-FR","potentialAction":[{"@type":"ReadAction","target":["https:\/\/www.verandair.com\/fr\/pergola-amenagement-exterieur-detente\/"]}]},{"@type":"ImageObject","inLanguage":"fr-FR","@id":"https:\/\/www.verandair.com\/fr\/pergola-amenagement-exterieur-detente\/#primaryimage","url":"https:\/\/www.verandair.com\/wp-content\/uploads\/2020\/01\/pergola-pour-amenager-votre-jardin.jpeg","contentUrl":"https:\/\/www.verandair.com\/wp-content\/uploads\/2020\/01\/pergola-pour-amenager-votre-jardin.jpeg","width":800,"height":533,"caption":"coin d'une pergola noir"},{"@type":"BreadcrumbList","@id":"https:\/\/www.verandair.com\/fr\/pergola-amenagement-exterieur-detente\/#breadcrumb","itemListElement":[{"@type":"ListItem","position":1,"name":"Accueil","item":{"@type":"WebPage","@id":"https:\/\/www.verandair.com\/fr\/","name":"Accueil"}},{"@type":"ListItem","position":2,"name":"La pergola, un am\u00e9nagement ext\u00e9rieur d\u00e9di\u00e9 \u00e0 la d\u00e9tente"}]},{"@type":"WebSite","@id":"https:\/\/www.verandair.com\/fr\/#website","url":"https:\/\/www.verandair.com\/fr\/","name":"VERANDAIR\u00ae","description":"","publisher":{"@id":"https:\/\/www.verandair.com\/fr\/#organization"},"potentialAction":[{"@type":"SearchAction","target":{"@type":"EntryPoint","urlTemplate":"https:\/\/www.verandair.com\/fr\/?s={search_term_string}"},"query-input":{"@type":"PropertyValueSpecification","valueRequired":true,"valueName":"search_term_string"}}],"inLanguage":"fr-FR"},{"@type":"Organization","@id":"https:\/\/www.verandair.com\/fr\/#organization","name":"Verandair","url":"https:\/\/www.verandair.com\/fr\/","logo":{"@type":"ImageObject","inLanguage":"fr-FR","@id":"https:\/\/www.verandair.com\/fr\/#\/schema\/logo\/image\/","url":"https:\/\/www.verandair.com\/wp-content\/uploads\/2024\/06\/VERANDAIR-logo.png","contentUrl":"https:\/\/www.verandair.com\/wp-content\/uploads\/2024\/06\/VERANDAIR-logo.png","width":283,"height":127,"caption":"Verandair"},"image":{"@id":"https:\/\/www.verandair.com\/fr\/#\/schema\/logo\/image\/"}},{"@type":"Person","@id":"https:\/\/www.verandair.com\/fr\/#\/schema\/person\/cdeca2ebd6c03b60479d713f66329bc9","name":"admin-verandair","image":{"@type":"ImageObject","inLanguage":"fr-FR","@id":"https:\/\/secure.gravatar.com\/avatar\/933ed88eb2b3e194c00d3516e15b0e50c947c76a16e37565b6eb035b6954d0c4?s=96&d=mm&r=g","url":"https:\/\/secure.gravatar.com\/avatar\/933ed88eb2b3e194c00d3516e15b0e50c947c76a16e37565b6eb035b6954d0c4?s=96&d=mm&r=g","contentUrl":"https:\/\/secure.gravatar.com\/avatar\/933ed88eb2b3e194c00d3516e15b0e50c947c76a16e37565b6eb035b6954d0c4?s=96&d=mm&r=g","caption":"admin-verandair"}}]}},"_links":{"self":[{"href":"https:\/\/www.verandair.com\/fr\/wp-json\/wp\/v2\/posts\/13789","targetHints":{"allow":["GET"]}}],"collection":[{"href":"https:\/\/www.verandair.com\/fr\/wp-json\/wp\/v2\/posts"}],"about":[{"href":"https:\/\/www.verandair.com\/fr\/wp-json\/wp\/v2\/types\/post"}],"author":[{"embeddable":true,"href":"https:\/\/www.verandair.com\/fr\/wp-json\/wp\/v2\/users\/5"}],"replies":[{"embeddable":true,"href":"https:\/\/www.verandair.com\/fr\/wp-json\/wp\/v2\/comments?post=13789"}],"version-history":[{"count":2,"href":"https:\/\/www.verandair.com\/fr\/wp-json\/wp\/v2\/posts\/13789\/revisions"}],"predecessor-version":[{"id":74625,"href":"https:\/\/www.verandair.com\/fr\/wp-json\/wp\/v2\/posts\/13789\/revisions\/74625"}],"wp:featuredmedia":[{"embeddable":true,"href":"https:\/\/www.verandair.com\/fr\/wp-json\/wp\/v2\/media\/13792"}],"wp:attachment":[{"href":"https:\/\/www.verandair.com\/fr\/wp-json\/wp\/v2\/media?parent=13789"}],"wp:term":[{"taxonomy":"category","embeddable":true,"href":"https:\/\/www.verandair.com\/fr\/wp-json\/wp\/v2\/categories?post=13789"},{"taxonomy":"post_tag","embeddable":true,"href":"https:\/\/www.verandair.com\/fr\/wp-json\/wp\/v2\/tags?post=13789"}],"curies":[{"name":"wp","href":"https:\/\/api.w.org\/{rel}","templated":true}]}}