{"id":14460,"date":"2020-03-30T11:58:09","date_gmt":"2020-03-30T09:58:09","guid":{"rendered":"https:\/\/www.verandair.com\/?p=14460"},"modified":"2026-02-27T15:35:58","modified_gmt":"2026-02-27T14:35:58","slug":"nettoyage-de-printemps-terrasse-pergola","status":"publish","type":"post","link":"https:\/\/www.verandair.com\/fr\/nettoyage-de-printemps-terrasse-pergola\/","title":{"rendered":"Terrasse &#038; Pergola : le grand nettoyage de printemps"},"content":{"rendered":"<p>[et_pb_section fb_built=&#8221;1&#8243; _builder_version=&#8221;4.16&#8243; global_colors_info=&#8221;{}&#8221; theme_builder_area=&#8221;post_content&#8221;][et_pb_row _builder_version=&#8221;4.16&#8243; global_colors_info=&#8221;{}&#8221; theme_builder_area=&#8221;post_content&#8221;][et_pb_column type=&#8221;4_4&#8243; _builder_version=&#8221;4.16&#8243; custom_padding=&#8221;|||&#8221; global_colors_info=&#8221;{}&#8221; custom_padding__hover=&#8221;|||&#8221; theme_builder_area=&#8221;post_content&#8221;][et_pb_text _builder_version=&#8221;4.16&#8243; global_colors_info=&#8221;{}&#8221; theme_builder_area=&#8221;post_content&#8221;]<\/p>\n<p style=\"text-align: justify;\"><strong>Le ciel bleu illumine nos journ\u00e9es. Le printemps est bien l\u00e0. Il est temps de r\u00e9aliser un grand nettoyage de sa terrasse pour pourvoir en profiter un maximum. Alors on se munit de gants, de brosses et de d\u00e9tergents pour donner un coup d&#8217;\u00e9clat \u00e0 notre terrasse ainsi qu&#8217;\u00e0 sa pergola.<\/strong><\/p>\n<h2 style=\"color: #00909e; text-align: justify;\">Une mise au propre de sa terrasse<\/h2>\n<p style=\"text-align: justify;\">D\u00e9sert\u00e9e durant les froides journ\u00e9es d&#8217;hiver, la terrasse a pu accumuler, salet\u00e9s, moisissures, feuilles mortes, &#8230; Au d\u00e9but du printemps, il est n\u00e9cessaire de<strong> r\u00e9aliser un nettoyage profond et un entretien de sa terrasse<\/strong> pour pouvoir profiter au maximum les beaux jours revenus.<\/p>\n<p style=\"text-align: justify;\">Avec un peu d&#8217;huile de coude et un bon nettoyant, votre terrasse sera vite remise en \u00e9tat.<\/p>\n<h3 style=\"color: #00909e; text-align: justify;\">Etape n\u00b01 : Nettoyer le rev\u00eatement de la terrasse<\/h3>\n<p style=\"text-align: justify;\">Le grand nettoyage de printemps commence par <strong>le sol de la<\/strong> <strong>terrasse<\/strong>. Si <strong>un bon coup de balai et de l&#8217;eau savonneuse<\/strong> ne suffisent pas, un r\u00e9novateur de sol peut redonner tout son \u00e9clat \u00e0 la terrasse. Ainsi, mousses, lichens et autres dispara\u00eetront efficacement.<\/p>\n<p style=\"text-align: justify;\">\u00c9vitez cependant, le nettoyage \u00e0 haute pression, ce type de nettoyage ab\u00eeme les surfaces min\u00e9rales, les surfaces en bois, les joints, &#8230;.<\/p>\n<p style=\"text-align: justify;\">Sur les rev\u00eatements en bois ou composite,<strong> n&#8217;oubliez pas d&#8217;appliquer un protecteur<\/strong>. Cela permet de conserver plus longtemps la couleur du bois et cela emp\u00eache, \u00e9galement, les t\u00e2ches de s&#8217;incruster trop rapidement dans le bois.<\/p>\n<p>[\/et_pb_text][et_pb_image src=&#8221;https:\/\/www.verandair.com\/wp-content\/uploads\/2020\/03\/pergola-pour-le-printemps.png&#8221; alt=&#8221;Nettoyage en profondeur de la terrasse et de la pergola&#8221; title_text=&#8221;Nettoyage en profondeur de la terrasse et de la pergola&#8221; align=&#8221;center&#8221; align_tablet=&#8221;center&#8221; align_phone=&#8221;center&#8221; align_last_edited=&#8221;on|desktop&#8221; _builder_version=&#8221;4.16&#8243; global_colors_info=&#8221;{}&#8221; theme_builder_area=&#8221;post_content&#8221;][\/et_pb_image][et_pb_text _builder_version=&#8221;4.16&#8243; global_colors_info=&#8221;{}&#8221; theme_builder_area=&#8221;post_content&#8221;]<\/p>\n<h2 style=\"color: #00909e; text-align: justify;\">Etape n\u00b02 : Un coup de propre sur la pergola<\/h2>\n<p style=\"text-align: justify;\">Une fois que le sol de la terrasse est comme neuf. Il est temps de passer <strong>au nettoyage de la pergola<\/strong>.<\/p>\n<p style=\"text-align: justify;\">A l&#8217;instar du sol de la terrasse, la couverture de terrasse a aussi pass\u00e9 un rude hiver et ne demande qu&#8217;\u00e0 \u00eatre <strong>nettoy\u00e9e en profondeur pour accueillir les beaux jours.<\/strong><br \/>\nPour entretenir <a href=\"https:\/\/www.verandair.com\/fr\/veranda\/pergola\/\">sa pergola en aluminium<\/a>, il est bon de <strong>la laver deux fois par an<\/strong>, au d\u00e9but du printemps et \u00e0 l&#8217;automne.<\/p>\n<p style=\"text-align: justify;\">Pour enlever les salissures, la poussi\u00e8re, les traces de pollen, &#8230; <strong>de l&#8217;eau savonneuse et une \u00e9ponge non abrasive<\/strong> ou un chiffon doux suffiront. S\u00e9chez votre pergola avec un chiffon et elle sera comme neuve.<\/p>\n<p style=\"text-align: justify;\">Lors de ce grand nettoyage, il est important de <strong>jeter un coup d\u2019\u0153il aux goutti\u00e8res<\/strong> pour s&#8217;assurer qu&#8217;elles ne sont pas obstru\u00e9es par des feuilles ou autres.<\/p>\n<p>[\/et_pb_text][et_pb_button button_url=&#8221;https:\/\/www.verandair.com\/fr\/veranda\/pergola\/&#8221; button_text=&#8221;D\u00e9couvrez nos pergolas ! &#8221; button_alignment=&#8221;center&#8221; _builder_version=&#8221;4.24.2&#8243; button_text_color=&#8221;#FFFFFF&#8221; button_border_color=&#8221;#ffffff&#8221; background_layout=&#8221;dark&#8221; button_text_color_hover=&#8221;#ffffff&#8221; button_border_color_hover=&#8221;#009f9c&#8221; button_bg_color_hover=&#8221;#009f9c&#8221; global_colors_info=&#8221;{}&#8221; button_text_size__hover_enabled=&#8221;off&#8221; button_one_text_size__hover_enabled=&#8221;off&#8221; button_two_text_size__hover_enabled=&#8221;off&#8221; button_text_color__hover_enabled=&#8221;on&#8221; button_text_color__hover=&#8221;#ffffff&#8221; button_one_text_color__hover_enabled=&#8221;off&#8221; button_two_text_color__hover_enabled=&#8221;off&#8221; button_border_width__hover_enabled=&#8221;off&#8221; button_one_border_width__hover_enabled=&#8221;off&#8221; button_two_border_width__hover_enabled=&#8221;off&#8221; button_border_color__hover_enabled=&#8221;on&#8221; button_border_color__hover=&#8221;#009f9c&#8221; button_one_border_color__hover_enabled=&#8221;off&#8221; button_two_border_color__hover_enabled=&#8221;off&#8221; button_border_radius__hover_enabled=&#8221;off&#8221; button_one_border_radius__hover_enabled=&#8221;off&#8221; button_two_border_radius__hover_enabled=&#8221;off&#8221; button_letter_spacing__hover_enabled=&#8221;off&#8221; button_one_letter_spacing__hover_enabled=&#8221;off&#8221; button_two_letter_spacing__hover_enabled=&#8221;off&#8221; button_bg_color__hover_enabled=&#8221;on&#8221; button_bg_color__hover=&#8221;#009f9c&#8221; button_one_bg_color__hover_enabled=&#8221;off&#8221; button_two_bg_color__hover_enabled=&#8221;off&#8221; theme_builder_area=&#8221;post_content&#8221;][\/et_pb_button][et_pb_text _builder_version=&#8221;4.16&#8243; global_colors_info=&#8221;{}&#8221; theme_builder_area=&#8221;post_content&#8221;]<\/p>\n<h2 style=\"color: #00909e; text-align: justify;\">Etape n\u00b03 : Une nouvelle d\u00e9coration pour sa pergola<\/h2>\n<p>Une fois que le sol et la pergola sont bien nettoy\u00e9s et r\u00e9cur\u00e9s, il est temps de <strong>sortir le mobilier de jardin et de d\u00e9corer la terrasse.<\/strong><\/p>\n<h3 style=\"color: #00909e; text-align: justify;\">Nettoyer son mobilier de terrasse et de pergola<\/h3>\n<p style=\"text-align: justify;\">La terrasse et<a href=\"https:\/\/www.verandair.com\/fr\/veranda\/pergola\/\"> la pergola<\/a> repr\u00e9sente <strong>une pi\u00e8ce \u00e0 part enti\u00e8re<\/strong> dans votre ext\u00e9rieur<strong>.<\/strong> Un espace \u00e0 am\u00e9nager pour qu&#8217;il soit agr\u00e9able et convivial. Selon votre style et vos go\u00fbts, <b>d\u00e9corez cet espace pour qu&#8217;il vous ressemble et vous donne envie de profiter des belles journ\u00e9es ensoleill\u00e9es\u00a0qui vous attendent.<\/b><\/p>\n<p style=\"text-align: justify;\"><strong>Ressortez vos meubles de jardins et nettoyez-les en profondeur<\/strong>. Pour une petite touche de nouveaut\u00e9, pensez \u00e0 changer la couleur des coussins ou de repeindre la table en bois. Quelques petits changements qui peuvent donner un coup de fouet \u00e0 votre mobilier de jardin!<\/p>\n<h3 style=\"color: #00909e; text-align: justify;\">Un peu de d\u00e9coration pour finir en beaut\u00e9<\/h3>\n<p>Une fois que le sol, la pergola et les meubles sont remis \u00e0 neuf, il est temps de penser \u00e0 <strong>quelques astuces d\u00e9co pour mettre encore plus en valeur votre ext\u00e9rieur.<\/strong><\/p>\n<p>Sous votre pergola, placez <strong>quelques pots de fleurs de taille diff\u00e9rentes<\/strong> sur les c\u00f4t\u00e9s de la pergola et sur votre table. Vous pouvez aussi faire pousser <strong>une plante grimpante sur les profil\u00e9s de la pergola<\/strong> pou un esprit jungle urbaine. Cela apportera une touche de couleurs et de la gaiet\u00e9.<\/p>\n<p>Suspendez <strong>quelques lampes, ampoules, boules chinoises ou encore guirlandes lumineuses au toit de votre pergola<\/strong> pour apporter de la lumi\u00e8re.<\/p>\n<p>Pour donner un air de vacances \u00e0 votre pergola et obtenir plus d&#8217;intimit\u00e9, vous pouvez <strong>ajouter des voilages<\/strong> sur les c\u00f4t\u00e9s de votre pergola. <strong>Quelques coussins augmenteront le confort de la pergola.<\/strong>\u00a0Osez les tapis sous la pergola pour un effet cosy et confortable assur\u00e9 ![\/et_pb_text][et_pb_image src=&#8221;https:\/\/www.verandair.com\/wp-content\/uploads\/2020\/03\/terrasse-et-pergola-printemps.png&#8221; alt=&#8221;Nettoyer sa terrasse et pergola pour le printemps&#8221; title_text=&#8221;Nettoyer sa terrasse et pergola pour le printemps&#8221; align=&#8221;center&#8221; align_tablet=&#8221;center&#8221; align_phone=&#8221;center&#8221; align_last_edited=&#8221;on|desktop&#8221; _builder_version=&#8221;4.16&#8243; global_colors_info=&#8221;{}&#8221; theme_builder_area=&#8221;post_content&#8221;][\/et_pb_image][et_pb_text _builder_version=&#8221;4.16&#8243; global_colors_info=&#8221;{}&#8221; theme_builder_area=&#8221;post_content&#8221;]<\/p>\n<p style=\"text-align: center;\"><strong>Maintenant, votre terrasse et votre pergola sont pr\u00eates \u00e0 vous accueillir pour la saison estivale. <\/strong><br \/>\n<strong>Au programme, farniente, lecture, repas en famille ou entre amis, bref, des instants de bonheur \u00e0 vivre dans votre pergola !<\/strong><\/p>\n<p>[\/et_pb_text][\/et_pb_column][\/et_pb_row][\/et_pb_section][et_pb_section fb_built=&#8221;1&#8243; _builder_version=&#8221;4.27.5&#8243; _module_preset=&#8221;a37cb46d-a9cb-4f77-bbbd-8966bde7aff0&#8243; saved_tabs=&#8221;all&#8221; locked=&#8221;off&#8221; global_colors_info=&#8221;{}&#8221; global_module=&#8221;74566&#8243; theme_builder_area=&#8221;post_content&#8221;][et_pb_row _builder_version=&#8221;4.27.5&#8243; _module_preset=&#8221;default&#8221; width=&#8221;100%&#8221; max_width=&#8221;100%&#8221; custom_padding=&#8221;0px|20px||20px|false|true&#8221; global_colors_info=&#8221;{}&#8221; theme_builder_area=&#8221;post_content&#8221;][et_pb_column type=&#8221;4_4&#8243; _builder_version=&#8221;4.23.4&#8243; _module_preset=&#8221;default&#8221; custom_padding=&#8221;50px||||false|false&#8221; global_colors_info=&#8221;{}&#8221; theme_builder_area=&#8221;post_content&#8221;][et_pb_image src=&#8221;https:\/\/www.verandair.com\/wp-content\/uploads\/2026\/02\/VERAN-brochure-A4-2026.webp&#8221; alt=&#8221;Brochure 2026 Verandair&#8221; title_text=&#8221;VERAN-brochure-A4-2026&#8243; align=&#8221;center&#8221; _builder_version=&#8221;4.27.5&#8243; _module_preset=&#8221;default&#8221; max_width=&#8221;300px&#8221; max_width_last_edited=&#8221;off|desktop&#8221; custom_margin=&#8221;0px||0px||false|false&#8221; scroll_vertical_motion_enable=&#8221;on&#8221; scroll_vertical_motion=&#8221;0|40|40|100|-0.5|0|0&#8243; scroll_fade_enable=&#8221;on&#8221; scroll_fade=&#8221;0|40|40|100|0|100|100&#8243; global_colors_info=&#8221;{}&#8221; theme_builder_area=&#8221;post_content&#8221;][\/et_pb_image][et_pb_text _builder_version=&#8221;4.27.5&#8243; _module_preset=&#8221;default&#8221; header_2_font_size=&#8221;32px&#8221; text_orientation=&#8221;center&#8221; custom_margin=&#8221;||15px||false|false&#8221; global_colors_info=&#8221;{%22gcid-4f3ca7d5-152d-4540-91b1-cc24563bf794%22:%91%22text_text_shadow_color%22%93}&#8221; theme_builder_area=&#8221;post_content&#8221;]<\/p>\n<h2><strong>Envie d&#8217;en savoir plus<\/strong> avant de vous d\u00e9cider ?<br \/><span data-metadata=\"&lt;!--(figmeta)eyJmaWxlS2V5IjoiNDJrcExzUGY2N0VsN0FkMldFdElreCIsInBhc3RlSUQiOjI4MTE1MTAxNSwiZGF0YVR5cGUiOiJzY2VuZSJ9Cg==(\/figmeta)--&gt;\"><\/span><\/h2>\n<p>[\/et_pb_text][et_pb_divider show_divider=&#8221;off&#8221; _builder_version=&#8221;4.27.5&#8243; _module_preset=&#8221;2adabd0f-cb12-404f-9aa7-a3088280e564&#8243; module_alignment=&#8221;center&#8221; global_colors_info=&#8221;{}&#8221; theme_builder_area=&#8221;post_content&#8221;][\/et_pb_divider][et_pb_text _builder_version=&#8221;4.27.5&#8243; _module_preset=&#8221;default&#8221; text_orientation=&#8221;center&#8221; custom_margin=&#8221;||50px||false|false&#8221; global_colors_info=&#8221;{%22gcid-4f3ca7d5-152d-4540-91b1-cc24563bf794%22:%91%22text_text_shadow_color%22%93}&#8221; theme_builder_area=&#8221;post_content&#8221;]<\/p>\n<p><span><strong>T\u00e9l\u00e9chargez la nouvelle brochure 2026<\/strong>\u00a0et d\u00e9couvrez notre <strong>gamme compl\u00e8te de produits<\/strong> pour profiter de votre vie en plein air toute l&#8217;ann\u00e9e.<\/span><\/p>\n<p>[\/et_pb_text][et_pb_button button_url=&#8221;https:\/\/info.verandair.com\/brochure-2026\/&#8221; url_new_window=&#8221;on&#8221; button_text=&#8221;Je t\u00e9l\u00e9charge ma brochure&#8221; button_alignment=&#8221;center&#8221; _builder_version=&#8221;4.27.5&#8243; _module_preset=&#8221;ae8d3791-01a2-4c4b-b221-c3f14f812284&#8243; global_colors_info=&#8221;{}&#8221; theme_builder_area=&#8221;post_content&#8221;][\/et_pb_button][\/et_pb_column][\/et_pb_row][\/et_pb_section]<\/p>\n","protected":false},"excerpt":{"rendered":"<p>Le ciel bleu illumine nos journ\u00e9es. Le printemps est bien l\u00e0. Il est temps de r\u00e9aliser un grand nettoyage de sa terrasse pour pourvoir en profiter un maximum. Alors on se munit de gants, de brosses et de d\u00e9tergents pour donner un coup d&#8217;\u00e9clat \u00e0 notre terrasse ainsi qu&#8217;\u00e0 sa pergola. Une mise au propre de sa terrasse D\u00e9sert\u00e9e durant les froides journ\u00e9es d&#8217;hiver, la terrasse a pu accumuler, salet\u00e9s, moisissures, feuilles mortes, &#8230; Au d\u00e9but du printemps, il est n\u00e9cessaire de r\u00e9aliser un nettoyage profond et un entretien de sa terrasse pour pouvoir profiter au maximum les beaux jours revenus. Avec un peu d&#8217;huile de coude et un bon nettoyant, votre terrasse sera vite remise en \u00e9tat. Etape n\u00b01 : Nettoyer le rev\u00eatement de la terrasse Le grand nettoyage de printemps commence par le sol de la terrasse. Si un bon coup de balai et de l&#8217;eau savonneuse ne suffisent pas, un r\u00e9novateur de sol peut redonner tout son \u00e9clat \u00e0 la terrasse. Ainsi, mousses, lichens et autres dispara\u00eetront efficacement. \u00c9vitez cependant, le nettoyage \u00e0 haute pression, ce type de nettoyage ab\u00eeme les surfaces min\u00e9rales, les surfaces en bois, les joints, &#8230;. Sur les rev\u00eatements en bois ou composite, [&hellip;]<\/p>\n","protected":false},"author":5,"featured_media":14477,"comment_status":"open","ping_status":"closed","sticky":false,"template":"","format":"standard","meta":{"_acf_changed":false,"_et_pb_use_builder":"on","_et_pb_old_content":"<p>[et_pb_section bb_built=\"1\" _builder_version=\"3.10.1\" next_background_color=\"#b7d484\"][et_pb_row _builder_version=\"3.10.1\"][et_pb_column type=\"4_4\"][et_pb_text _builder_version=\"3.10.1\"]<\/p><p style=\"text-align: justify;\"><b>Le beaux jours sont de retour. Les temp\u00e9ratures remontent et les sorties au grand air nous donnent du baume au c\u0153ur. Un petit air de printemps r\u00e8gne et nous rappelle qu'il est temps de penser \u00e0 nos am\u00e9nagements ext\u00e9rieurs. Et si, cette ann\u00e9e, on offrait un toit \u00e0 nos terrasses ? L'abri de terrasse habille \u00e9l\u00e9gamment\u00a0nos terrasses\u00a0et nous permet d'en profiter plus longuement ! Focus sur l'abri de terrasse\u00a0<\/b><\/p><h2 style=\"color: #00909e; text-align: justify;\">L'abri de terrasse : un atout d\u00e9co pour son ext\u00e9rieur<\/h2><p style=\"text-align: justify;\"><span style=\"font-weight: 400;\">En \u00e9t\u00e9, on appr\u00e9cie <strong>passer un maximum de temps \u00e0 l'ext\u00e9rieur<\/strong>, profiter du soleil, du vent chaud et des oiseaux qui chantent. Se reposer sur sa terrasse ou prendre le go\u00fbter dehors, cela n'a pas de prix !\u00a0<\/span><\/p><p style=\"text-align: justify;\"><a href=\"https:\/\/www.verandair.com\/fr\/veranda\/abri-de-terrasse\/\">Un abri de terrasse<\/a> permet de se prot\u00e9ger du soleil aux heures les plus chaudes, des petites intemp\u00e9ries ou m\u00eame de profiter de sa terrasse tout au long de l'ann\u00e9e.<\/p><p style=\"text-align: justify;\">Un abri de terrasse peut aussi devenir <strong>un v\u00e9ritable atout d\u00e9co<\/strong> dans votre jardin. Un abri de terrasse permet d'habiller une terrasse avec style et originalit\u00e9. Il offre \u00e9galement des jeux de lumi\u00e8res uniques sur votre terrasse tout en donnant <strong>un petit air de vacances \u00e0 votre terrasse.<\/strong><\/p><p>[\/et_pb_text][et_pb_image _builder_version=\"3.10.1\" src=\"https:\/\/www.verandair.com\/wp-content\/uploads\/2020\/03\/abri-de-terrasse-et-soleil.png\" align=\"center\" \/][et_pb_text _builder_version=\"3.10.1\"]<\/p><h2 style=\"color: #00909e; text-align: justify;\">Un abri de terrasse qui correspond \u00e0 votre style<\/h2><p style=\"text-align: justify;\">Un abri de terrasse peut rev\u00eatir<strong> diff\u00e9rentes formes<\/strong> comme un toit en toile, un toit en bois flott\u00e9, <a href=\"https:\/\/www.verandair.com\/fr\/veranda\/pergola\/\">une pergola bioclimatique<\/a>, une verri\u00e8re, <a href=\"https:\/\/www.verandair.com\/fr\/veranda\/abri-de-terrasse\/\">un abri de terrasse en aluminium<\/a>, ....<\/p><p style=\"text-align: justify;\">Pour vous offrir un coin \u00e0 l'ombre, un peu d'intimit\u00e9 ou simplement pour cr\u00e9er une atmosph\u00e8re cosy, <strong>l\u2019abri de terrasse saura sublimer votre ext\u00e9rieur.<\/strong><\/p><h3 style=\"color: #00909e; text-align: justify;\">Un abri de terrasse Verandair<\/h3><p style=\"text-align: justify;\">Si vous d\u00e9sirez profiter de votre terrasse tout au long de l'ann\u00e9e, la meilleure solution est<strong> un abri de terrasse r\u00e9tractable<\/strong>.<\/p><p style=\"text-align: justify;\">Au gr\u00e9 de vos envies,<strong> vous ouvrez et fermez facilement l'abri de terrasse<\/strong>. Ainsi, vous pouvez profiter du soleil de midi toute l'ann\u00e9e sans avoir \u00e0 d\u00e9placer le salon. Un syst\u00e8me unique qui permet de profiter d'une plus grande luminosit\u00e9 tout au long de l'ann\u00e9e !<\/p><p style=\"text-align: center;\"><a href=\"https:\/\/www.verandair.com\/fr\/veranda\/abri-de-terrasse\/\"><strong>Avec un abri de terrasse, vous \u00eates pr\u00eat \u00e0 profiter au maximum des beaux jours !<\/strong><\/a><\/p><p>[\/et_pb_text][\/et_pb_column][\/et_pb_row][\/et_pb_section][et_pb_section bb_built=\"1\" specialty=\"off\" _builder_version=\"3.10.1\" background_color=\"#b7d484\" custom_padding=\"0px||0px|\" prev_background_color=\"#ffffff\"][et_pb_row _builder_version=\"3.10.1\" custom_margin=\"0px||0px|\" custom_padding=\"40px||40px|\" padding_top_1=\"0px\" padding_right_1=\"0px\" padding_bottom_1=\"0px\" padding_left_1=\"0px\" padding_1_last_edited=\"on|\" make_fullwidth=\"on\" use_custom_gutter=\"on\" gutter_width=\"1\" module_class=\"fullwidth-cta\"][et_pb_column type=\"4_4\"][et_pb_code _builder_version=\"3.10.1\"]<style><!-- [et_pb_line_break_holder] -->.fullwidth-cta, .fullwidth-cta .arrow {<!-- [et_pb_line_break_holder] --> -webkit-transition: all 0.2s;<!-- [et_pb_line_break_holder] --> -moz-transition: all 0.2s;<!-- [et_pb_line_break_holder] --> transition: all 0.2s;<!-- [et_pb_line_break_holder] -->}<!-- [et_pb_line_break_holder] --><!-- [et_pb_line_break_holder] -->.fullwidth-cta:hover {<!-- [et_pb_line_break_holder] --> background: #009f9c;<!-- [et_pb_line_break_holder] -->}<!-- [et_pb_line_break_holder] --><!-- [et_pb_line_break_holder] -->.fullwidth-cta:hover .arrow {<!-- [et_pb_line_break_holder] --> padding-left: 5px;<!-- [et_pb_line_break_holder] -->}<!-- [et_pb_line_break_holder] --><\/style>[\/et_pb_code][et_pb_text _builder_version=\"3.10.1\"]<\/p><p style=\"text-align: center; font-size: 26px; font-weight: 800;\"><span style=\"color: #ffffff;\"><a style=\"color: #fff!important;\" href=\"\/fr\/contact\/\">D'autres questions? Contactez-nous!\u00a0<span class=\"arrow\">\u2192<\/span><\/a><\/span><\/p><p>[\/et_pb_text][\/et_pb_column][\/et_pb_row][\/et_pb_section]<\/p>","_et_gb_content_width":"","inline_featured_image":false,"footnotes":""},"categories":[33],"tags":[],"class_list":["post-14460","post","type-post","status-publish","format-standard","has-post-thumbnail","hentry","category-pergolas"],"acf":[],"yoast_head":"<!-- This site is optimized with the Yoast SEO plugin v27.5 - https:\/\/yoast.com\/product\/yoast-seo-wordpress\/ -->\n<title>Terrasse &amp; Pergola : le grand nettoyage de printemps | VERANDAIR\u00ae<\/title>\n<meta name=\"description\" content=\"Le printemps est de retour, l&#039;heure du grand nettoyage de la terrasse et de la pergola a sonn\u00e9. Suivez nos conseils pour le nettoyage de votre pergola !\" \/>\n<meta name=\"robots\" content=\"index, follow, max-snippet:-1, max-image-preview:large, max-video-preview:-1\" \/>\n<link rel=\"canonical\" href=\"https:\/\/www.verandair.com\/fr\/nettoyage-de-printemps-terrasse-pergola\/\" \/>\n<meta property=\"og:locale\" content=\"fr_FR\" \/>\n<meta property=\"og:type\" content=\"article\" \/>\n<meta property=\"og:title\" content=\"Terrasse &amp; Pergola : le grand nettoyage de printemps | VERANDAIR\u00ae\" \/>\n<meta property=\"og:description\" content=\"Le printemps est de retour, l&#039;heure du grand nettoyage de la terrasse et de la pergola a sonn\u00e9. Suivez nos conseils pour le nettoyage de votre pergola !\" \/>\n<meta property=\"og:url\" content=\"https:\/\/www.verandair.com\/fr\/nettoyage-de-printemps-terrasse-pergola\/\" \/>\n<meta property=\"og:site_name\" content=\"VERANDAIR\u00ae\" \/>\n<meta property=\"article:published_time\" content=\"2020-03-30T09:58:09+00:00\" \/>\n<meta property=\"article:modified_time\" content=\"2026-02-27T14:35:58+00:00\" \/>\n<meta property=\"og:image\" content=\"https:\/\/www.verandair.com\/wp-content\/uploads\/2020\/03\/nettoyage-de-printemps-terrasse-et-pergola.png\" \/>\n\t<meta property=\"og:image:width\" content=\"800\" \/>\n\t<meta property=\"og:image:height\" content=\"600\" \/>\n\t<meta property=\"og:image:type\" content=\"image\/png\" \/>\n<meta name=\"author\" content=\"admin-verandair\" \/>\n<meta name=\"twitter:card\" content=\"summary_large_image\" \/>\n<meta name=\"twitter:label1\" content=\"\u00c9crit par\" \/>\n\t<meta name=\"twitter:data1\" content=\"admin-verandair\" \/>\n\t<meta name=\"twitter:label2\" content=\"Dur\u00e9e de lecture estim\u00e9e\" \/>\n\t<meta name=\"twitter:data2\" content=\"8 minutes\" \/>\n<script type=\"application\/ld+json\" class=\"yoast-schema-graph\">{\"@context\":\"https:\\\/\\\/schema.org\",\"@graph\":[{\"@type\":\"Article\",\"@id\":\"https:\\\/\\\/www.verandair.com\\\/fr\\\/nettoyage-de-printemps-terrasse-pergola\\\/#article\",\"isPartOf\":{\"@id\":\"https:\\\/\\\/www.verandair.com\\\/fr\\\/nettoyage-de-printemps-terrasse-pergola\\\/\"},\"author\":{\"name\":\"admin-verandair\",\"@id\":\"https:\\\/\\\/www.verandair.com\\\/fr\\\/#\\\/schema\\\/person\\\/cdeca2ebd6c03b60479d713f66329bc9\"},\"headline\":\"Terrasse &#038; Pergola : le grand nettoyage de printemps\",\"datePublished\":\"2020-03-30T09:58:09+00:00\",\"dateModified\":\"2026-02-27T14:35:58+00:00\",\"mainEntityOfPage\":{\"@id\":\"https:\\\/\\\/www.verandair.com\\\/fr\\\/nettoyage-de-printemps-terrasse-pergola\\\/\"},\"wordCount\":1573,\"commentCount\":0,\"publisher\":{\"@id\":\"https:\\\/\\\/www.verandair.com\\\/fr\\\/#organization\"},\"image\":{\"@id\":\"https:\\\/\\\/www.verandair.com\\\/fr\\\/nettoyage-de-printemps-terrasse-pergola\\\/#primaryimage\"},\"thumbnailUrl\":\"https:\\\/\\\/www.verandair.com\\\/wp-content\\\/uploads\\\/2020\\\/03\\\/nettoyage-de-printemps-terrasse-et-pergola.png\",\"articleSection\":[\"Pergolas\"],\"inLanguage\":\"fr-FR\",\"potentialAction\":[{\"@type\":\"CommentAction\",\"name\":\"Comment\",\"target\":[\"https:\\\/\\\/www.verandair.com\\\/fr\\\/nettoyage-de-printemps-terrasse-pergola\\\/#respond\"]}]},{\"@type\":\"WebPage\",\"@id\":\"https:\\\/\\\/www.verandair.com\\\/fr\\\/nettoyage-de-printemps-terrasse-pergola\\\/\",\"url\":\"https:\\\/\\\/www.verandair.com\\\/fr\\\/nettoyage-de-printemps-terrasse-pergola\\\/\",\"name\":\"Terrasse & Pergola : le grand nettoyage de printemps | VERANDAIR\u00ae\",\"isPartOf\":{\"@id\":\"https:\\\/\\\/www.verandair.com\\\/fr\\\/#website\"},\"primaryImageOfPage\":{\"@id\":\"https:\\\/\\\/www.verandair.com\\\/fr\\\/nettoyage-de-printemps-terrasse-pergola\\\/#primaryimage\"},\"image\":{\"@id\":\"https:\\\/\\\/www.verandair.com\\\/fr\\\/nettoyage-de-printemps-terrasse-pergola\\\/#primaryimage\"},\"thumbnailUrl\":\"https:\\\/\\\/www.verandair.com\\\/wp-content\\\/uploads\\\/2020\\\/03\\\/nettoyage-de-printemps-terrasse-et-pergola.png\",\"datePublished\":\"2020-03-30T09:58:09+00:00\",\"dateModified\":\"2026-02-27T14:35:58+00:00\",\"description\":\"Le printemps est de retour, l'heure du grand nettoyage de la terrasse et de la pergola a sonn\u00e9. Suivez nos conseils pour le nettoyage de votre pergola !\",\"breadcrumb\":{\"@id\":\"https:\\\/\\\/www.verandair.com\\\/fr\\\/nettoyage-de-printemps-terrasse-pergola\\\/#breadcrumb\"},\"inLanguage\":\"fr-FR\",\"potentialAction\":[{\"@type\":\"ReadAction\",\"target\":[\"https:\\\/\\\/www.verandair.com\\\/fr\\\/nettoyage-de-printemps-terrasse-pergola\\\/\"]}]},{\"@type\":\"ImageObject\",\"inLanguage\":\"fr-FR\",\"@id\":\"https:\\\/\\\/www.verandair.com\\\/fr\\\/nettoyage-de-printemps-terrasse-pergola\\\/#primaryimage\",\"url\":\"https:\\\/\\\/www.verandair.com\\\/wp-content\\\/uploads\\\/2020\\\/03\\\/nettoyage-de-printemps-terrasse-et-pergola.png\",\"contentUrl\":\"https:\\\/\\\/www.verandair.com\\\/wp-content\\\/uploads\\\/2020\\\/03\\\/nettoyage-de-printemps-terrasse-et-pergola.png\",\"width\":800,\"height\":600,\"caption\":\"nettoyage de printemps terrasse et pergola\"},{\"@type\":\"BreadcrumbList\",\"@id\":\"https:\\\/\\\/www.verandair.com\\\/fr\\\/nettoyage-de-printemps-terrasse-pergola\\\/#breadcrumb\",\"itemListElement\":[{\"@type\":\"ListItem\",\"position\":1,\"name\":\"Accueil\",\"item\":{\"@type\":\"WebPage\",\"@id\":\"https:\\\/\\\/www.verandair.com\\\/fr\\\/\",\"name\":\"Accueil\"}},{\"@type\":\"ListItem\",\"position\":2,\"name\":\"Terrasse &#038; Pergola : le grand nettoyage de printemps\"}]},{\"@type\":\"WebSite\",\"@id\":\"https:\\\/\\\/www.verandair.com\\\/fr\\\/#website\",\"url\":\"https:\\\/\\\/www.verandair.com\\\/fr\\\/\",\"name\":\"VERANDAIR\u00ae\",\"description\":\"\",\"publisher\":{\"@id\":\"https:\\\/\\\/www.verandair.com\\\/fr\\\/#organization\"},\"potentialAction\":[{\"@type\":\"SearchAction\",\"target\":{\"@type\":\"EntryPoint\",\"urlTemplate\":\"https:\\\/\\\/www.verandair.com\\\/fr\\\/?s={search_term_string}\"},\"query-input\":{\"@type\":\"PropertyValueSpecification\",\"valueRequired\":true,\"valueName\":\"search_term_string\"}}],\"inLanguage\":\"fr-FR\"},{\"@type\":\"Organization\",\"@id\":\"https:\\\/\\\/www.verandair.com\\\/fr\\\/#organization\",\"name\":\"Verandair\",\"url\":\"https:\\\/\\\/www.verandair.com\\\/fr\\\/\",\"logo\":{\"@type\":\"ImageObject\",\"inLanguage\":\"fr-FR\",\"@id\":\"https:\\\/\\\/www.verandair.com\\\/fr\\\/#\\\/schema\\\/logo\\\/image\\\/\",\"url\":\"https:\\\/\\\/www.verandair.com\\\/wp-content\\\/uploads\\\/2024\\\/06\\\/VERANDAIR-logo.png\",\"contentUrl\":\"https:\\\/\\\/www.verandair.com\\\/wp-content\\\/uploads\\\/2024\\\/06\\\/VERANDAIR-logo.png\",\"width\":283,\"height\":127,\"caption\":\"Verandair\"},\"image\":{\"@id\":\"https:\\\/\\\/www.verandair.com\\\/fr\\\/#\\\/schema\\\/logo\\\/image\\\/\"}},{\"@type\":\"Person\",\"@id\":\"https:\\\/\\\/www.verandair.com\\\/fr\\\/#\\\/schema\\\/person\\\/cdeca2ebd6c03b60479d713f66329bc9\",\"name\":\"admin-verandair\",\"image\":{\"@type\":\"ImageObject\",\"inLanguage\":\"fr-FR\",\"@id\":\"https:\\\/\\\/secure.gravatar.com\\\/avatar\\\/933ed88eb2b3e194c00d3516e15b0e50c947c76a16e37565b6eb035b6954d0c4?s=96&d=mm&r=g\",\"url\":\"https:\\\/\\\/secure.gravatar.com\\\/avatar\\\/933ed88eb2b3e194c00d3516e15b0e50c947c76a16e37565b6eb035b6954d0c4?s=96&d=mm&r=g\",\"contentUrl\":\"https:\\\/\\\/secure.gravatar.com\\\/avatar\\\/933ed88eb2b3e194c00d3516e15b0e50c947c76a16e37565b6eb035b6954d0c4?s=96&d=mm&r=g\",\"caption\":\"admin-verandair\"}}]}<\/script>\n<!-- \/ Yoast SEO plugin. -->","yoast_head_json":{"title":"Terrasse & Pergola : le grand nettoyage de printemps | VERANDAIR\u00ae","description":"Le printemps est de retour, l'heure du grand nettoyage de la terrasse et de la pergola a sonn\u00e9. Suivez nos conseils pour le nettoyage de votre pergola !","robots":{"index":"index","follow":"follow","max-snippet":"max-snippet:-1","max-image-preview":"max-image-preview:large","max-video-preview":"max-video-preview:-1"},"canonical":"https:\/\/www.verandair.com\/fr\/nettoyage-de-printemps-terrasse-pergola\/","og_locale":"fr_FR","og_type":"article","og_title":"Terrasse & Pergola : le grand nettoyage de printemps | VERANDAIR\u00ae","og_description":"Le printemps est de retour, l'heure du grand nettoyage de la terrasse et de la pergola a sonn\u00e9. Suivez nos conseils pour le nettoyage de votre pergola !","og_url":"https:\/\/www.verandair.com\/fr\/nettoyage-de-printemps-terrasse-pergola\/","og_site_name":"VERANDAIR\u00ae","article_published_time":"2020-03-30T09:58:09+00:00","article_modified_time":"2026-02-27T14:35:58+00:00","og_image":[{"width":800,"height":600,"url":"https:\/\/www.verandair.com\/wp-content\/uploads\/2020\/03\/nettoyage-de-printemps-terrasse-et-pergola.png","type":"image\/png"}],"author":"admin-verandair","twitter_card":"summary_large_image","twitter_misc":{"\u00c9crit par":"admin-verandair","Dur\u00e9e de lecture estim\u00e9e":"8 minutes"},"schema":{"@context":"https:\/\/schema.org","@graph":[{"@type":"Article","@id":"https:\/\/www.verandair.com\/fr\/nettoyage-de-printemps-terrasse-pergola\/#article","isPartOf":{"@id":"https:\/\/www.verandair.com\/fr\/nettoyage-de-printemps-terrasse-pergola\/"},"author":{"name":"admin-verandair","@id":"https:\/\/www.verandair.com\/fr\/#\/schema\/person\/cdeca2ebd6c03b60479d713f66329bc9"},"headline":"Terrasse &#038; Pergola : le grand nettoyage de printemps","datePublished":"2020-03-30T09:58:09+00:00","dateModified":"2026-02-27T14:35:58+00:00","mainEntityOfPage":{"@id":"https:\/\/www.verandair.com\/fr\/nettoyage-de-printemps-terrasse-pergola\/"},"wordCount":1573,"commentCount":0,"publisher":{"@id":"https:\/\/www.verandair.com\/fr\/#organization"},"image":{"@id":"https:\/\/www.verandair.com\/fr\/nettoyage-de-printemps-terrasse-pergola\/#primaryimage"},"thumbnailUrl":"https:\/\/www.verandair.com\/wp-content\/uploads\/2020\/03\/nettoyage-de-printemps-terrasse-et-pergola.png","articleSection":["Pergolas"],"inLanguage":"fr-FR","potentialAction":[{"@type":"CommentAction","name":"Comment","target":["https:\/\/www.verandair.com\/fr\/nettoyage-de-printemps-terrasse-pergola\/#respond"]}]},{"@type":"WebPage","@id":"https:\/\/www.verandair.com\/fr\/nettoyage-de-printemps-terrasse-pergola\/","url":"https:\/\/www.verandair.com\/fr\/nettoyage-de-printemps-terrasse-pergola\/","name":"Terrasse & Pergola : le grand nettoyage de printemps | VERANDAIR\u00ae","isPartOf":{"@id":"https:\/\/www.verandair.com\/fr\/#website"},"primaryImageOfPage":{"@id":"https:\/\/www.verandair.com\/fr\/nettoyage-de-printemps-terrasse-pergola\/#primaryimage"},"image":{"@id":"https:\/\/www.verandair.com\/fr\/nettoyage-de-printemps-terrasse-pergola\/#primaryimage"},"thumbnailUrl":"https:\/\/www.verandair.com\/wp-content\/uploads\/2020\/03\/nettoyage-de-printemps-terrasse-et-pergola.png","datePublished":"2020-03-30T09:58:09+00:00","dateModified":"2026-02-27T14:35:58+00:00","description":"Le printemps est de retour, l'heure du grand nettoyage de la terrasse et de la pergola a sonn\u00e9. Suivez nos conseils pour le nettoyage de votre pergola !","breadcrumb":{"@id":"https:\/\/www.verandair.com\/fr\/nettoyage-de-printemps-terrasse-pergola\/#breadcrumb"},"inLanguage":"fr-FR","potentialAction":[{"@type":"ReadAction","target":["https:\/\/www.verandair.com\/fr\/nettoyage-de-printemps-terrasse-pergola\/"]}]},{"@type":"ImageObject","inLanguage":"fr-FR","@id":"https:\/\/www.verandair.com\/fr\/nettoyage-de-printemps-terrasse-pergola\/#primaryimage","url":"https:\/\/www.verandair.com\/wp-content\/uploads\/2020\/03\/nettoyage-de-printemps-terrasse-et-pergola.png","contentUrl":"https:\/\/www.verandair.com\/wp-content\/uploads\/2020\/03\/nettoyage-de-printemps-terrasse-et-pergola.png","width":800,"height":600,"caption":"nettoyage de printemps terrasse et pergola"},{"@type":"BreadcrumbList","@id":"https:\/\/www.verandair.com\/fr\/nettoyage-de-printemps-terrasse-pergola\/#breadcrumb","itemListElement":[{"@type":"ListItem","position":1,"name":"Accueil","item":{"@type":"WebPage","@id":"https:\/\/www.verandair.com\/fr\/","name":"Accueil"}},{"@type":"ListItem","position":2,"name":"Terrasse &#038; Pergola : le grand nettoyage de printemps"}]},{"@type":"WebSite","@id":"https:\/\/www.verandair.com\/fr\/#website","url":"https:\/\/www.verandair.com\/fr\/","name":"VERANDAIR\u00ae","description":"","publisher":{"@id":"https:\/\/www.verandair.com\/fr\/#organization"},"potentialAction":[{"@type":"SearchAction","target":{"@type":"EntryPoint","urlTemplate":"https:\/\/www.verandair.com\/fr\/?s={search_term_string}"},"query-input":{"@type":"PropertyValueSpecification","valueRequired":true,"valueName":"search_term_string"}}],"inLanguage":"fr-FR"},{"@type":"Organization","@id":"https:\/\/www.verandair.com\/fr\/#organization","name":"Verandair","url":"https:\/\/www.verandair.com\/fr\/","logo":{"@type":"ImageObject","inLanguage":"fr-FR","@id":"https:\/\/www.verandair.com\/fr\/#\/schema\/logo\/image\/","url":"https:\/\/www.verandair.com\/wp-content\/uploads\/2024\/06\/VERANDAIR-logo.png","contentUrl":"https:\/\/www.verandair.com\/wp-content\/uploads\/2024\/06\/VERANDAIR-logo.png","width":283,"height":127,"caption":"Verandair"},"image":{"@id":"https:\/\/www.verandair.com\/fr\/#\/schema\/logo\/image\/"}},{"@type":"Person","@id":"https:\/\/www.verandair.com\/fr\/#\/schema\/person\/cdeca2ebd6c03b60479d713f66329bc9","name":"admin-verandair","image":{"@type":"ImageObject","inLanguage":"fr-FR","@id":"https:\/\/secure.gravatar.com\/avatar\/933ed88eb2b3e194c00d3516e15b0e50c947c76a16e37565b6eb035b6954d0c4?s=96&d=mm&r=g","url":"https:\/\/secure.gravatar.com\/avatar\/933ed88eb2b3e194c00d3516e15b0e50c947c76a16e37565b6eb035b6954d0c4?s=96&d=mm&r=g","contentUrl":"https:\/\/secure.gravatar.com\/avatar\/933ed88eb2b3e194c00d3516e15b0e50c947c76a16e37565b6eb035b6954d0c4?s=96&d=mm&r=g","caption":"admin-verandair"}}]}},"_links":{"self":[{"href":"https:\/\/www.verandair.com\/fr\/wp-json\/wp\/v2\/posts\/14460","targetHints":{"allow":["GET"]}}],"collection":[{"href":"https:\/\/www.verandair.com\/fr\/wp-json\/wp\/v2\/posts"}],"about":[{"href":"https:\/\/www.verandair.com\/fr\/wp-json\/wp\/v2\/types\/post"}],"author":[{"embeddable":true,"href":"https:\/\/www.verandair.com\/fr\/wp-json\/wp\/v2\/users\/5"}],"replies":[{"embeddable":true,"href":"https:\/\/www.verandair.com\/fr\/wp-json\/wp\/v2\/comments?post=14460"}],"version-history":[{"count":4,"href":"https:\/\/www.verandair.com\/fr\/wp-json\/wp\/v2\/posts\/14460\/revisions"}],"predecessor-version":[{"id":74677,"href":"https:\/\/www.verandair.com\/fr\/wp-json\/wp\/v2\/posts\/14460\/revisions\/74677"}],"wp:featuredmedia":[{"embeddable":true,"href":"https:\/\/www.verandair.com\/fr\/wp-json\/wp\/v2\/media\/14477"}],"wp:attachment":[{"href":"https:\/\/www.verandair.com\/fr\/wp-json\/wp\/v2\/media?parent=14460"}],"wp:term":[{"taxonomy":"category","embeddable":true,"href":"https:\/\/www.verandair.com\/fr\/wp-json\/wp\/v2\/categories?post=14460"},{"taxonomy":"post_tag","embeddable":true,"href":"https:\/\/www.verandair.com\/fr\/wp-json\/wp\/v2\/tags?post=14460"}],"curies":[{"name":"wp","href":"https:\/\/api.w.org\/{rel}","templated":true}]}}