{"id":14750,"date":"2022-12-19T13:36:15","date_gmt":"2022-12-19T12:36:15","guid":{"rendered":"https:\/\/www.verandair.com\/?p=1281"},"modified":"2024-04-02T12:02:38","modified_gmt":"2024-04-02T10:02:38","slug":"construction-veranda-un-permis-urbanisme-necessaire","status":"publish","type":"post","link":"https:\/\/www.verandair.com\/fr\/construction-veranda-un-permis-urbanisme-necessaire\/","title":{"rendered":"Construction d&#8217;une v\u00e9randa: un permis d&#8217;urbanisme est-il n\u00e9cessaire?"},"content":{"rendered":"<p>[et_pb_section fb_built=&#8221;1&#8243; _builder_version=&#8221;4.16&#8243; global_colors_info=&#8221;{}&#8221; theme_builder_area=&#8221;post_content&#8221;][et_pb_row _builder_version=&#8221;4.16&#8243; background_size=&#8221;initial&#8221; background_position=&#8221;top_left&#8221; background_repeat=&#8221;repeat&#8221; global_colors_info=&#8221;{}&#8221; theme_builder_area=&#8221;post_content&#8221;][et_pb_column type=&#8221;4_4&#8243; _builder_version=&#8221;4.16&#8243; custom_padding=&#8221;|||&#8221; global_colors_info=&#8221;{}&#8221; custom_padding__hover=&#8221;|||&#8221; theme_builder_area=&#8221;post_content&#8221;][et_pb_text _builder_version=&#8221;4.19.2&#8243; border_style=&#8221;solid&#8221; global_colors_info=&#8221;{}&#8221; theme_builder_area=&#8221;post_content&#8221;]<\/p>\n<p>Vous \u00eates en train de r\u00e9nover votre maison et vous souhaitez ajouter une v\u00e9randa pour profiter de l&#8217;ext\u00e9rieur toute l&#8217;ann\u00e9e ? Vous vous demandez si vous avez besoin d&#8217;obtenir un permis d&#8217;urbanisme pour cela ? Cet article a pour objectif de vous \u00e9clairer sur cette question et de vous donner toutes les informations n\u00e9cessaires pour proc\u00e9der de mani\u00e8re l\u00e9gale \u00e0 l&#8217;installation de votre v\u00e9randa en Belgique.<\/p>\n<p>&nbsp;<\/p>\n<h2>La construction d\u2019une v\u00e9randa en R\u00e9gion wallonne:<\/h2>\n<p>En Wallonie, u<strong>n permis d\u2019urbanisme ne sera pas toujours n\u00e9cessaire pour une nouvelle<\/strong><strong> v\u00e9randa <\/strong>car une facilit\u00e9 proc\u00e9durale est pr\u00e9vue pour certains travaux dans le\u00a0<a href=\"http:\/\/dgo4.spw.wallonie.be\/dgatlp\/dgatlp\/Pages\/DGATLP\/PagesDG\/CWATUP\/GEDactualise\/GED\/gedListeArbo.asp\">Cwatupe<\/a>\u00a0(Code wallon de l\u2019am\u00e9nagement du territoire, du patrimoine et de l\u2019\u00e9nergie).\u00a0Bonne nouvelle: la\u00a0<a href=\"https:\/\/www.verandair.com\/fr\/abri-de-terrasse\/\">construction d\u2019une v\u00e9randa<\/a> en fait partie.<\/p>\n<p>Cette facilit\u00e9 proc\u00e9durale (qu\u2019on appelle la\u00a0d\u00e9claration urbanistique) permet d\u2019effectuer les travaux sans permis d\u2019urbanisme, \u00e0 condition qu\u2019une d\u00e9claration soit envoy\u00e9e \u00e0 votre administration communale et que cette derni\u00e8re donne son accord.<\/p>\n<p>[\/et_pb_text][et_pb_button button_url=&#8221;https:\/\/www.verandair.com\/fr\/abri-de-terrasse\/&#8221; button_text=&#8221;D\u00e9couvrez nos v\u00e9randas&#8221; button_alignment=&#8221;center&#8221; _builder_version=&#8221;4.24.2&#8243; _module_preset=&#8221;default&#8221; global_colors_info=&#8221;{}&#8221; theme_builder_area=&#8221;post_content&#8221;][\/et_pb_button][et_pb_text _builder_version=&#8221;4.19.2&#8243; _module_preset=&#8221;default&#8221; global_colors_info=&#8221;{}&#8221; theme_builder_area=&#8221;post_content&#8221;]<\/p>\n<h3>Quelles sont les conditions pour construire une v\u00e9randa en R\u00e9gion wallonne\u00a0?<\/h3>\n<p>\u00c9videmment, il y aura certaines <strong>conditions \u00e0 respecter<\/strong> pour que la commune donne son accord. Parmi celles-ci, on notera:<\/p>\n<ul>\n<li>Une v\u00e9randa de maximum 40 m\u00b2<\/li>\n<li>Construite \u00e0 minimum 2 m\u00e8tres des deux limites mitoyennes<\/li>\n<li>La hauteur maximale ne pourra pas d\u00e9passer les 3,5 m<\/li>\n<li>Les \u00e9tages ne sont pas accept\u00e9s<\/li>\n<li>La v\u00e9randa doit \u00eatre accol\u00e9e \u00e0 votre habitation<\/li>\n<\/ul>\n<p>Concernant les mat\u00e9riaux \u00e0 utiliser ou proscrits, il n\u2019y a pas de conditions sp\u00e9ciales.<\/p>\n<p>Si vous souhaitez en savoir plus sur les conditions \u00e0 respecter, rendez-vous sur le <a href=\"http:\/\/spw.wallonie.be\/dgo4\/site_thema\/index.php\">portail Wallonie<\/a>.<\/p>\n<p>&nbsp;<\/p>\n<h3>Qu\u2019en est-il des r\u00e8glements communaux wallons\u00a0?<\/h3>\n<p>On notera que <strong>les communes peuvent \u00e9galement rajouter des conditions<\/strong> qui leurs sont propres et que les lotissements poss\u00e8dent \u00e9galement souvent leurs propres r\u00e8gles. Et si la d\u00e9claration urbanistique n\u2019est pas envisageable, il conviendra alors d\u2019\u00e9tablir une demande de permis d\u2019urbanisme\u2026<\/p>\n<p>[\/et_pb_text][et_pb_image src=&#8221;https:\/\/www.verandair.com\/wp-content\/uploads\/2022\/08\/veranda-retractable-2.jpeg&#8221; alt=&#8221;Veranda retractable pour terrasse pour particuliers Verandair&#8221; title_text=&#8221;veranda-retractable-2&#8243; _builder_version=&#8221;4.19.2&#8243; _module_preset=&#8221;default&#8221; global_colors_info=&#8221;{}&#8221; theme_builder_area=&#8221;post_content&#8221;][\/et_pb_image][et_pb_text _builder_version=&#8221;4.19.2&#8243; _module_preset=&#8221;default&#8221; global_colors_info=&#8221;{}&#8221; theme_builder_area=&#8221;post_content&#8221;]<\/p>\n<h2>La construction d\u2019une v\u00e9randa en R\u00e9gion bruxelloise<\/h2>\n<p>La l\u00e9gislation est plus simple qu\u2019en Wallonie puisque, si le\u00a0<a href=\"http:\/\/urbanisme.irisnet.be\/lesreglesdujeu\/le-code-bruxellois-de-lamenagement-du-territoire-cobat\">Cobat<\/a>\u00a0(Code bruxellois de l\u2019am\u00e9nagement du territoire) d\u00e9limite \u00e9galement des travaux pour lesquels une proc\u00e9dure simplifi\u00e9e existe, la <a href=\"https:\/\/www.verandair.com\/fr\/abri-de-terrasse\/\">construction d\u2019une v\u00e9randa<\/a> n\u2019en fait pas partie.<\/p>\n<p>En d\u2019autres mots, si vous souhaitez <a href=\"https:\/\/www.verandair.com\/fr\/abri-de-terrasse\/\">construire une v\u00e9randa<\/a> en R\u00e9gion bruxelloise, <strong>un permis d\u2019urbanisme sera toujours obligatoir<\/strong>e. Il devra \u00eatre d\u00e9livr\u00e9 par votre administration communale et vous devrez, en outre, toujours avoir recours \u00e0 un architecte (\u00e0 moins que l\u2019extension soit inf\u00e9rieure \u00e0 6m\u00b2).<\/p>\n<p>&nbsp;<\/p>\n<h2>La construction d\u2019une v\u00e9randa en Flandre<\/h2>\n<p>Concernant la Flandre, le r\u00e8glement est encore diff\u00e9rent. En effet, depuis le 1\u1d49\u02b3\u00a0d\u00e9cembre 2010, il <strong>n\u2019est plus obligatoire d\u2019obtenir un permis d\u2019urbanisme pour les v\u00e9randas mesurant 4m maximum.<\/strong><\/p>\n<p>Cependant, il vous est tout demand\u00e9 de faire une <strong>d\u00e9claration urbanistique<\/strong> \u00e0 votre administration communale si votre v\u00e9randa poss\u00e8de une fonction d\u2019habitation. Cette d\u00e9claration est applicable si\u00a0:<\/p>\n<ul>\n<li>La v\u00e9randa mesure 40m2 maximum<\/li>\n<li>La v\u00e9randa ne d\u00e9passe pas 4m de haut<\/li>\n<li>La v\u00e9randa est situ\u00e9e \u00e0 plus de 3m des terrains alentours<\/li>\n<\/ul>\n<p>Si votre projet ne satisfait pas ces conditions, vous devez <strong>introduire une demande de permis communal.<\/strong><\/p>\n<p>[\/et_pb_text][et_pb_button button_url=&#8221;https:\/\/www.verandair.com\/fr\/contact\/&#8221; button_text=&#8221;Vous avez un projet de v\u00e9randa? Discutons-en!&#8221; button_alignment=&#8221;center&#8221; _builder_version=&#8221;4.24.2&#8243; _module_preset=&#8221;default&#8221; global_colors_info=&#8221;{}&#8221; theme_builder_area=&#8221;post_content&#8221;][\/et_pb_button][et_pb_text _builder_version=&#8221;4.19.2&#8243; _module_preset=&#8221;default&#8221; global_colors_info=&#8221;{}&#8221; theme_builder_area=&#8221;post_content&#8221;]<\/p>\n<h2>Quelles sont les d\u00e9marches pour obtenir un permis d\u2019urbanisme pour une v\u00e9randa\u00a0?<\/h2>\n<p>Pour obtenir un permis afin de <a href=\"https:\/\/www.verandair.com\/fr\/abri-de-terrasse\/\">construire une v\u00e9randa<\/a>, vous devrez <strong>vous adresser \u00e0 l\u2019administration communale<\/strong> o\u00f9 se trouve votre maison. C&#8217;est le coll\u00e8ge communal qui est charg\u00e9 de d\u00e9livrer ce type de permis.<\/p>\n<p>&nbsp;<\/p>\n<h3>Que doit contenir la demande de permis d\u2019urbanisme\u00a0?<\/h3>\n<p>Vous devrez <strong>pr\u00e9senter un dossier comprenant des plans, des photos, des d\u00e9tails des travaux<\/strong>, etc. qui d\u00e9crivent votre projet et sa place dans l&#8217;environnement. Si vous faites appel \u00e0 un architecte, celui-ci peut s&#8217;occuper de ces formalit\u00e9s \u00e0 votre place.<\/p>\n<p>&nbsp;<\/p>\n<h3>Combien de temps prend une demande de permis d\u2019urbanisme pour une v\u00e9randa\u00a0?<\/h3>\n<p>Le <strong>d\u00e9lai de d\u00e9cision<\/strong> du coll\u00e8ge communal pour ce type de demande est g\u00e9n\u00e9ralement de <strong>30 jours<\/strong>. Cependant, ce d\u00e9lai peut \u00eatre allong\u00e9 en cas de n\u00e9cessit\u00e9 de mesures ou d&#8217;avis particuliers.<\/p>\n<p>Une fois le permis d\u00e9livr\u00e9, vous pourrez entamer les travaux de construction de votre <a href=\"https:\/\/www.verandair.com\/fr\/abri-de-terrasse\/\">v\u00e9randa<\/a>.<\/p>\n<p>[\/et_pb_text][et_pb_image src=&#8221;https:\/\/www.verandair.com\/wp-content\/uploads\/2021\/10\/Veranda-Gerome-4.jpg&#8221; title_text=&#8221;Ve\u0301randa-Ge\u0301ro\u0302me-4&#8243; _builder_version=&#8221;4.19.2&#8243; _module_preset=&#8221;default&#8221; global_colors_info=&#8221;{}&#8221; theme_builder_area=&#8221;post_content&#8221;][\/et_pb_image][et_pb_text _builder_version=&#8221;4.19.2&#8243; _module_preset=&#8221;default&#8221; global_colors_info=&#8221;{}&#8221; theme_builder_area=&#8221;post_content&#8221;]<\/p>\n<h3>Avez-vous besoin de faire appel \u00e0 un architecte pour construire une v\u00e9randa\u00a0?<\/h3>\n<p><strong>S\u2019il vous devez faire une demande de permis d\u2019urbanisme, alors, g\u00e9n\u00e9ralement, vous \u00eates dans l\u2019obligation de faire appel \u00e0 une architecte.<\/strong><\/p>\n<h2>Conclusion<\/h2>\n<p>Il est important de <strong>vous renseigner sur les r\u00e8gles en vigueur<\/strong> dans votre r\u00e9gion avant de vous lancer dans la <a href=\"https:\/\/www.verandair.com\/fr\/abri-de-terrasse\/\">construction d&#8217;une v\u00e9randa<\/a>. En Wallonie, \u00e0 Bruxelles, ou en Flandre, les r\u00e8glements et les conditions diff\u00e8rent. Vous devez donc vous renseigner afin de respecter les r\u00e8gles en vigueur pour <strong>\u00e9viter tout probl\u00e8me lors de la construction de votre v\u00e9randa<\/strong>.<\/p>\n<p>[\/et_pb_text][\/et_pb_column][\/et_pb_row][\/et_pb_section][et_pb_section fb_built=&#8221;1&#8243; disabled_on=&#8221;||off&#8221; module_id=&#8221;contactrow_mob&#8221; _builder_version=&#8221;4.16&#8243; background_color=&#8221;#009f9c&#8221; custom_margin=&#8221;|||&#8221; collapsed=&#8221;off&#8221; global_colors_info=&#8221;{}&#8221; theme_builder_area=&#8221;post_content&#8221;][et_pb_row column_structure=&#8221;1_3,2_3&#8243; use_custom_gutter=&#8221;on&#8221; gutter_width=&#8221;1&#8243; make_equal=&#8221;on&#8221; padding_top_bottom_link_2=&#8221;false&#8221; padding_left_right_link_1=&#8221;true&#8221; padding_left_right_link_2=&#8221;true&#8221; _builder_version=&#8221;4.16&#8243; background_color=&#8221;#ffffff&#8221; global_colors_info=&#8221;{}&#8221; theme_builder_area=&#8221;post_content&#8221;][et_pb_column type=&#8221;1_3&#8243; _builder_version=&#8221;4.16&#8243; custom_padding=&#8221;|20px||20px&#8221; global_colors_info=&#8221;{}&#8221; custom_padding__hover=&#8221;|||&#8221; theme_builder_area=&#8221;post_content&#8221;][et_pb_image src=&#8221;https:\/\/www.verandair.com\/wp-content\/uploads\/2021\/12\/brochure-ABTR.png&#8221; url=&#8221;https:\/\/info.verandair.com\/brochure-abri-de-terrasse\/&#8221; url_new_window=&#8221;on&#8221; align=&#8221;center&#8221; align_tablet=&#8221;center&#8221; align_phone=&#8221;center&#8221; align_last_edited=&#8221;on|desktop&#8221; _builder_version=&#8221;4.19.2&#8243; custom_margin=&#8221;||0px|&#8221; custom_padding=&#8221;|0px||&#8221; custom_css_main_element=&#8221;max-width:280px;&#8221; global_colors_info=&#8221;{}&#8221; theme_builder_area=&#8221;post_content&#8221;][\/et_pb_image][\/et_pb_column][et_pb_column type=&#8221;2_3&#8243; _builder_version=&#8221;4.16&#8243; custom_padding=&#8221;30px|30px|0px|30px&#8221; global_colors_info=&#8221;{}&#8221; custom_padding__hover=&#8221;|||&#8221; theme_builder_area=&#8221;post_content&#8221;][et_pb_text _builder_version=&#8221;4.19.2&#8243; text_font_size=&#8221;30px&#8221; header_3_font_size=&#8221;20px&#8221; custom_margin=&#8221;||20px&#8221; global_colors_info=&#8221;{}&#8221; theme_builder_area=&#8221;post_content&#8221;]<\/p>\n<h3 style=\"font-size: 35px!important; line-height: 45px; text-align: center; color: #333333;\">Encore ind\u00e9cis?<\/h3>\n<p>[\/et_pb_text][et_pb_text _builder_version=&#8221;4.19.2&#8243; text_font=&#8221;||||||||&#8221; custom_margin=&#8221;||20px&#8221; global_colors_info=&#8221;{}&#8221; theme_builder_area=&#8221;post_content&#8221;]<\/p>\n<p style=\"text-align: center; font-size: 20px; line-height: 30px;\">Plongez dans notre brochure et d\u00e9couvrez comment nos abris de terrasse r\u00e9tractables peuvent m\u00e9tamorphoser vos ext\u00e9rieurs en tout temps. Profitez \u00e9galement d&#8217;exemples pertinents et de conseils judicieux pour votre choix parfait!<\/p>\n<p>[\/et_pb_text][et_pb_button button_url=&#8221;https:\/\/info.verandair.com\/Brochure\/&#8221; url_new_window=&#8221;on&#8221; button_text=&#8221;\u00bb RECEVEZ VOTRE BROCHURE ICI&#8221; button_alignment=&#8221;center&#8221; module_class=&#8221;custom-btn-orange&#8221; _builder_version=&#8221;4.24.2&#8243; custom_margin=&#8221;||0px&#8221; hover_enabled=&#8221;0&#8243; global_colors_info=&#8221;{}&#8221; theme_builder_area=&#8221;post_content&#8221; sticky_enabled=&#8221;0&#8243;][\/et_pb_button][et_pb_code _builder_version=&#8221;4.16&#8243; global_colors_info=&#8221;{}&#8221; theme_builder_area=&#8221;post_content&#8221;]<\/p>\n<style><!-- [et_pb_line_break_holder] -->  a.et_pb_button.custom-btn-orange{<!-- [et_pb_line_break_holder] -->    background:#EF865B!important;<!-- [et_pb_line_break_holder] -->  }<!-- [et_pb_line_break_holder] -->  a.et_pb_button.custom-btn-orange:hover{<!-- [et_pb_line_break_holder] -->    background:#F4AD91!important;<!-- [et_pb_line_break_holder] -->  }<!-- [et_pb_line_break_holder] --><\/style>\n<p>[\/et_pb_code][\/et_pb_column][\/et_pb_row][\/et_pb_section]<\/p>\n","protected":false},"excerpt":{"rendered":"<p>Construction d&#8217;une v\u00e9randa et permis d&#8217;urbanisme: faut-il un permis d&#8217;urbanisme pour construire une v\u00e9randa? R\u00e9ponse dans cet article.<\/p>\n","protected":false},"author":5,"featured_media":6117,"comment_status":"closed","ping_status":"closed","sticky":false,"template":"","format":"standard","meta":{"_acf_changed":false,"_et_pb_use_builder":"on","_et_pb_old_content":"","_et_gb_content_width":"","inline_featured_image":false,"footnotes":""},"categories":[32],"tags":[],"class_list":["post-14750","post","type-post","status-publish","format-standard","has-post-thumbnail","hentry","category-abri-de-terrasse"],"acf":[],"yoast_head":"<!-- This site is optimized with the Yoast SEO plugin v27.5 - https:\/\/yoast.com\/product\/yoast-seo-wordpress\/ -->\n<title>Faut-il un permis d&#039;urbanisme pour une v\u00e9randa? | VERANDAIR\u00ae<\/title>\n<meta name=\"description\" content=\"Construction d&#039;une v\u00e9randa et permis d&#039;urbanisme: ce qu&#039;il faut savoir dans chaque r\u00e9gion en Belgique avant de se lancer\" \/>\n<meta name=\"robots\" content=\"index, follow, max-snippet:-1, max-image-preview:large, max-video-preview:-1\" \/>\n<link rel=\"canonical\" href=\"https:\/\/www.verandair.com\/fr\/construction-veranda-un-permis-urbanisme-necessaire\/\" \/>\n<meta property=\"og:locale\" content=\"fr_FR\" \/>\n<meta property=\"og:type\" content=\"article\" \/>\n<meta property=\"og:title\" content=\"Faut-il un permis d&#039;urbanisme pour une v\u00e9randa? | VERANDAIR\u00ae\" \/>\n<meta property=\"og:description\" content=\"Construction d&#039;une v\u00e9randa et permis d&#039;urbanisme: ce qu&#039;il faut savoir dans chaque r\u00e9gion en Belgique avant de se lancer\" \/>\n<meta property=\"og:url\" content=\"https:\/\/www.verandair.com\/fr\/construction-veranda-un-permis-urbanisme-necessaire\/\" \/>\n<meta property=\"og:site_name\" content=\"VERANDAIR\u00ae\" \/>\n<meta property=\"article:published_time\" content=\"2022-12-19T12:36:15+00:00\" \/>\n<meta property=\"article:modified_time\" content=\"2024-04-02T10:02:38+00:00\" \/>\n<meta property=\"og:image\" content=\"https:\/\/www.verandair.com\/wp-content\/uploads\/2018\/05\/construction-veranda-permis-urbanisme-necessaire.jpg\" \/>\n\t<meta property=\"og:image:width\" content=\"950\" \/>\n\t<meta property=\"og:image:height\" content=\"485\" \/>\n\t<meta property=\"og:image:type\" content=\"image\/jpeg\" \/>\n<meta name=\"author\" content=\"admin-verandair\" \/>\n<meta name=\"twitter:card\" content=\"summary_large_image\" \/>\n<meta name=\"twitter:label1\" content=\"\u00c9crit par\" \/>\n\t<meta name=\"twitter:data1\" content=\"admin-verandair\" \/>\n\t<meta name=\"twitter:label2\" content=\"Dur\u00e9e de lecture estim\u00e9e\" \/>\n\t<meta name=\"twitter:data2\" content=\"7 minutes\" \/>\n<script type=\"application\/ld+json\" class=\"yoast-schema-graph\">{\"@context\":\"https:\\\/\\\/schema.org\",\"@graph\":[{\"@type\":\"Article\",\"@id\":\"https:\\\/\\\/www.verandair.com\\\/fr\\\/construction-veranda-un-permis-urbanisme-necessaire\\\/#article\",\"isPartOf\":{\"@id\":\"https:\\\/\\\/www.verandair.com\\\/fr\\\/construction-veranda-un-permis-urbanisme-necessaire\\\/\"},\"author\":{\"name\":\"admin-verandair\",\"@id\":\"https:\\\/\\\/www.verandair.com\\\/fr\\\/#\\\/schema\\\/person\\\/cdeca2ebd6c03b60479d713f66329bc9\"},\"headline\":\"Construction d&#8217;une v\u00e9randa: un permis d&#8217;urbanisme est-il n\u00e9cessaire?\",\"datePublished\":\"2022-12-19T12:36:15+00:00\",\"dateModified\":\"2024-04-02T10:02:38+00:00\",\"mainEntityOfPage\":{\"@id\":\"https:\\\/\\\/www.verandair.com\\\/fr\\\/construction-veranda-un-permis-urbanisme-necessaire\\\/\"},\"wordCount\":1506,\"publisher\":{\"@id\":\"https:\\\/\\\/www.verandair.com\\\/fr\\\/#organization\"},\"image\":{\"@id\":\"https:\\\/\\\/www.verandair.com\\\/fr\\\/construction-veranda-un-permis-urbanisme-necessaire\\\/#primaryimage\"},\"thumbnailUrl\":\"https:\\\/\\\/www.verandair.com\\\/wp-content\\\/uploads\\\/2018\\\/05\\\/construction-veranda-permis-urbanisme-necessaire.jpg\",\"articleSection\":[\"Abri de terrasse\"],\"inLanguage\":\"fr-FR\"},{\"@type\":\"WebPage\",\"@id\":\"https:\\\/\\\/www.verandair.com\\\/fr\\\/construction-veranda-un-permis-urbanisme-necessaire\\\/\",\"url\":\"https:\\\/\\\/www.verandair.com\\\/fr\\\/construction-veranda-un-permis-urbanisme-necessaire\\\/\",\"name\":\"Faut-il un permis d'urbanisme pour une v\u00e9randa? | VERANDAIR\u00ae\",\"isPartOf\":{\"@id\":\"https:\\\/\\\/www.verandair.com\\\/fr\\\/#website\"},\"primaryImageOfPage\":{\"@id\":\"https:\\\/\\\/www.verandair.com\\\/fr\\\/construction-veranda-un-permis-urbanisme-necessaire\\\/#primaryimage\"},\"image\":{\"@id\":\"https:\\\/\\\/www.verandair.com\\\/fr\\\/construction-veranda-un-permis-urbanisme-necessaire\\\/#primaryimage\"},\"thumbnailUrl\":\"https:\\\/\\\/www.verandair.com\\\/wp-content\\\/uploads\\\/2018\\\/05\\\/construction-veranda-permis-urbanisme-necessaire.jpg\",\"datePublished\":\"2022-12-19T12:36:15+00:00\",\"dateModified\":\"2024-04-02T10:02:38+00:00\",\"description\":\"Construction d'une v\u00e9randa et permis d'urbanisme: ce qu'il faut savoir dans chaque r\u00e9gion en Belgique avant de se lancer\",\"breadcrumb\":{\"@id\":\"https:\\\/\\\/www.verandair.com\\\/fr\\\/construction-veranda-un-permis-urbanisme-necessaire\\\/#breadcrumb\"},\"inLanguage\":\"fr-FR\",\"potentialAction\":[{\"@type\":\"ReadAction\",\"target\":[\"https:\\\/\\\/www.verandair.com\\\/fr\\\/construction-veranda-un-permis-urbanisme-necessaire\\\/\"]}]},{\"@type\":\"ImageObject\",\"inLanguage\":\"fr-FR\",\"@id\":\"https:\\\/\\\/www.verandair.com\\\/fr\\\/construction-veranda-un-permis-urbanisme-necessaire\\\/#primaryimage\",\"url\":\"https:\\\/\\\/www.verandair.com\\\/wp-content\\\/uploads\\\/2018\\\/05\\\/construction-veranda-permis-urbanisme-necessaire.jpg\",\"contentUrl\":\"https:\\\/\\\/www.verandair.com\\\/wp-content\\\/uploads\\\/2018\\\/05\\\/construction-veranda-permis-urbanisme-necessaire.jpg\",\"width\":950,\"height\":485,\"caption\":\"Construction d'une v\u00e9randa: un permis d'urbanisme est-il n\u00e9cessaire?\"},{\"@type\":\"BreadcrumbList\",\"@id\":\"https:\\\/\\\/www.verandair.com\\\/fr\\\/construction-veranda-un-permis-urbanisme-necessaire\\\/#breadcrumb\",\"itemListElement\":[{\"@type\":\"ListItem\",\"position\":1,\"name\":\"Accueil\",\"item\":{\"@type\":\"WebPage\",\"@id\":\"https:\\\/\\\/www.verandair.com\\\/fr\\\/\",\"name\":\"Accueil\"}},{\"@type\":\"ListItem\",\"position\":2,\"name\":\"Construction d&#8217;une v\u00e9randa: un permis d&#8217;urbanisme est-il n\u00e9cessaire?\"}]},{\"@type\":\"WebSite\",\"@id\":\"https:\\\/\\\/www.verandair.com\\\/fr\\\/#website\",\"url\":\"https:\\\/\\\/www.verandair.com\\\/fr\\\/\",\"name\":\"VERANDAIR\u00ae\",\"description\":\"\",\"publisher\":{\"@id\":\"https:\\\/\\\/www.verandair.com\\\/fr\\\/#organization\"},\"potentialAction\":[{\"@type\":\"SearchAction\",\"target\":{\"@type\":\"EntryPoint\",\"urlTemplate\":\"https:\\\/\\\/www.verandair.com\\\/fr\\\/?s={search_term_string}\"},\"query-input\":{\"@type\":\"PropertyValueSpecification\",\"valueRequired\":true,\"valueName\":\"search_term_string\"}}],\"inLanguage\":\"fr-FR\"},{\"@type\":\"Organization\",\"@id\":\"https:\\\/\\\/www.verandair.com\\\/fr\\\/#organization\",\"name\":\"Verandair\",\"url\":\"https:\\\/\\\/www.verandair.com\\\/fr\\\/\",\"logo\":{\"@type\":\"ImageObject\",\"inLanguage\":\"fr-FR\",\"@id\":\"https:\\\/\\\/www.verandair.com\\\/fr\\\/#\\\/schema\\\/logo\\\/image\\\/\",\"url\":\"https:\\\/\\\/www.verandair.com\\\/wp-content\\\/uploads\\\/2024\\\/06\\\/VERANDAIR-logo.png\",\"contentUrl\":\"https:\\\/\\\/www.verandair.com\\\/wp-content\\\/uploads\\\/2024\\\/06\\\/VERANDAIR-logo.png\",\"width\":283,\"height\":127,\"caption\":\"Verandair\"},\"image\":{\"@id\":\"https:\\\/\\\/www.verandair.com\\\/fr\\\/#\\\/schema\\\/logo\\\/image\\\/\"}},{\"@type\":\"Person\",\"@id\":\"https:\\\/\\\/www.verandair.com\\\/fr\\\/#\\\/schema\\\/person\\\/cdeca2ebd6c03b60479d713f66329bc9\",\"name\":\"admin-verandair\",\"image\":{\"@type\":\"ImageObject\",\"inLanguage\":\"fr-FR\",\"@id\":\"https:\\\/\\\/secure.gravatar.com\\\/avatar\\\/933ed88eb2b3e194c00d3516e15b0e50c947c76a16e37565b6eb035b6954d0c4?s=96&d=mm&r=g\",\"url\":\"https:\\\/\\\/secure.gravatar.com\\\/avatar\\\/933ed88eb2b3e194c00d3516e15b0e50c947c76a16e37565b6eb035b6954d0c4?s=96&d=mm&r=g\",\"contentUrl\":\"https:\\\/\\\/secure.gravatar.com\\\/avatar\\\/933ed88eb2b3e194c00d3516e15b0e50c947c76a16e37565b6eb035b6954d0c4?s=96&d=mm&r=g\",\"caption\":\"admin-verandair\"}}]}<\/script>\n<!-- \/ Yoast SEO plugin. -->","yoast_head_json":{"title":"Faut-il un permis d'urbanisme pour une v\u00e9randa? | VERANDAIR\u00ae","description":"Construction d'une v\u00e9randa et permis d'urbanisme: ce qu'il faut savoir dans chaque r\u00e9gion en Belgique avant de se lancer","robots":{"index":"index","follow":"follow","max-snippet":"max-snippet:-1","max-image-preview":"max-image-preview:large","max-video-preview":"max-video-preview:-1"},"canonical":"https:\/\/www.verandair.com\/fr\/construction-veranda-un-permis-urbanisme-necessaire\/","og_locale":"fr_FR","og_type":"article","og_title":"Faut-il un permis d'urbanisme pour une v\u00e9randa? | VERANDAIR\u00ae","og_description":"Construction d'une v\u00e9randa et permis d'urbanisme: ce qu'il faut savoir dans chaque r\u00e9gion en Belgique avant de se lancer","og_url":"https:\/\/www.verandair.com\/fr\/construction-veranda-un-permis-urbanisme-necessaire\/","og_site_name":"VERANDAIR\u00ae","article_published_time":"2022-12-19T12:36:15+00:00","article_modified_time":"2024-04-02T10:02:38+00:00","og_image":[{"width":950,"height":485,"url":"https:\/\/www.verandair.com\/wp-content\/uploads\/2018\/05\/construction-veranda-permis-urbanisme-necessaire.jpg","type":"image\/jpeg"}],"author":"admin-verandair","twitter_card":"summary_large_image","twitter_misc":{"\u00c9crit par":"admin-verandair","Dur\u00e9e de lecture estim\u00e9e":"7 minutes"},"schema":{"@context":"https:\/\/schema.org","@graph":[{"@type":"Article","@id":"https:\/\/www.verandair.com\/fr\/construction-veranda-un-permis-urbanisme-necessaire\/#article","isPartOf":{"@id":"https:\/\/www.verandair.com\/fr\/construction-veranda-un-permis-urbanisme-necessaire\/"},"author":{"name":"admin-verandair","@id":"https:\/\/www.verandair.com\/fr\/#\/schema\/person\/cdeca2ebd6c03b60479d713f66329bc9"},"headline":"Construction d&#8217;une v\u00e9randa: un permis d&#8217;urbanisme est-il n\u00e9cessaire?","datePublished":"2022-12-19T12:36:15+00:00","dateModified":"2024-04-02T10:02:38+00:00","mainEntityOfPage":{"@id":"https:\/\/www.verandair.com\/fr\/construction-veranda-un-permis-urbanisme-necessaire\/"},"wordCount":1506,"publisher":{"@id":"https:\/\/www.verandair.com\/fr\/#organization"},"image":{"@id":"https:\/\/www.verandair.com\/fr\/construction-veranda-un-permis-urbanisme-necessaire\/#primaryimage"},"thumbnailUrl":"https:\/\/www.verandair.com\/wp-content\/uploads\/2018\/05\/construction-veranda-permis-urbanisme-necessaire.jpg","articleSection":["Abri de terrasse"],"inLanguage":"fr-FR"},{"@type":"WebPage","@id":"https:\/\/www.verandair.com\/fr\/construction-veranda-un-permis-urbanisme-necessaire\/","url":"https:\/\/www.verandair.com\/fr\/construction-veranda-un-permis-urbanisme-necessaire\/","name":"Faut-il un permis d'urbanisme pour une v\u00e9randa? | VERANDAIR\u00ae","isPartOf":{"@id":"https:\/\/www.verandair.com\/fr\/#website"},"primaryImageOfPage":{"@id":"https:\/\/www.verandair.com\/fr\/construction-veranda-un-permis-urbanisme-necessaire\/#primaryimage"},"image":{"@id":"https:\/\/www.verandair.com\/fr\/construction-veranda-un-permis-urbanisme-necessaire\/#primaryimage"},"thumbnailUrl":"https:\/\/www.verandair.com\/wp-content\/uploads\/2018\/05\/construction-veranda-permis-urbanisme-necessaire.jpg","datePublished":"2022-12-19T12:36:15+00:00","dateModified":"2024-04-02T10:02:38+00:00","description":"Construction d'une v\u00e9randa et permis d'urbanisme: ce qu'il faut savoir dans chaque r\u00e9gion en Belgique avant de se lancer","breadcrumb":{"@id":"https:\/\/www.verandair.com\/fr\/construction-veranda-un-permis-urbanisme-necessaire\/#breadcrumb"},"inLanguage":"fr-FR","potentialAction":[{"@type":"ReadAction","target":["https:\/\/www.verandair.com\/fr\/construction-veranda-un-permis-urbanisme-necessaire\/"]}]},{"@type":"ImageObject","inLanguage":"fr-FR","@id":"https:\/\/www.verandair.com\/fr\/construction-veranda-un-permis-urbanisme-necessaire\/#primaryimage","url":"https:\/\/www.verandair.com\/wp-content\/uploads\/2018\/05\/construction-veranda-permis-urbanisme-necessaire.jpg","contentUrl":"https:\/\/www.verandair.com\/wp-content\/uploads\/2018\/05\/construction-veranda-permis-urbanisme-necessaire.jpg","width":950,"height":485,"caption":"Construction d'une v\u00e9randa: un permis d'urbanisme est-il n\u00e9cessaire?"},{"@type":"BreadcrumbList","@id":"https:\/\/www.verandair.com\/fr\/construction-veranda-un-permis-urbanisme-necessaire\/#breadcrumb","itemListElement":[{"@type":"ListItem","position":1,"name":"Accueil","item":{"@type":"WebPage","@id":"https:\/\/www.verandair.com\/fr\/","name":"Accueil"}},{"@type":"ListItem","position":2,"name":"Construction d&#8217;une v\u00e9randa: un permis d&#8217;urbanisme est-il n\u00e9cessaire?"}]},{"@type":"WebSite","@id":"https:\/\/www.verandair.com\/fr\/#website","url":"https:\/\/www.verandair.com\/fr\/","name":"VERANDAIR\u00ae","description":"","publisher":{"@id":"https:\/\/www.verandair.com\/fr\/#organization"},"potentialAction":[{"@type":"SearchAction","target":{"@type":"EntryPoint","urlTemplate":"https:\/\/www.verandair.com\/fr\/?s={search_term_string}"},"query-input":{"@type":"PropertyValueSpecification","valueRequired":true,"valueName":"search_term_string"}}],"inLanguage":"fr-FR"},{"@type":"Organization","@id":"https:\/\/www.verandair.com\/fr\/#organization","name":"Verandair","url":"https:\/\/www.verandair.com\/fr\/","logo":{"@type":"ImageObject","inLanguage":"fr-FR","@id":"https:\/\/www.verandair.com\/fr\/#\/schema\/logo\/image\/","url":"https:\/\/www.verandair.com\/wp-content\/uploads\/2024\/06\/VERANDAIR-logo.png","contentUrl":"https:\/\/www.verandair.com\/wp-content\/uploads\/2024\/06\/VERANDAIR-logo.png","width":283,"height":127,"caption":"Verandair"},"image":{"@id":"https:\/\/www.verandair.com\/fr\/#\/schema\/logo\/image\/"}},{"@type":"Person","@id":"https:\/\/www.verandair.com\/fr\/#\/schema\/person\/cdeca2ebd6c03b60479d713f66329bc9","name":"admin-verandair","image":{"@type":"ImageObject","inLanguage":"fr-FR","@id":"https:\/\/secure.gravatar.com\/avatar\/933ed88eb2b3e194c00d3516e15b0e50c947c76a16e37565b6eb035b6954d0c4?s=96&d=mm&r=g","url":"https:\/\/secure.gravatar.com\/avatar\/933ed88eb2b3e194c00d3516e15b0e50c947c76a16e37565b6eb035b6954d0c4?s=96&d=mm&r=g","contentUrl":"https:\/\/secure.gravatar.com\/avatar\/933ed88eb2b3e194c00d3516e15b0e50c947c76a16e37565b6eb035b6954d0c4?s=96&d=mm&r=g","caption":"admin-verandair"}}]}},"_links":{"self":[{"href":"https:\/\/www.verandair.com\/fr\/wp-json\/wp\/v2\/posts\/14750","targetHints":{"allow":["GET"]}}],"collection":[{"href":"https:\/\/www.verandair.com\/fr\/wp-json\/wp\/v2\/posts"}],"about":[{"href":"https:\/\/www.verandair.com\/fr\/wp-json\/wp\/v2\/types\/post"}],"author":[{"embeddable":true,"href":"https:\/\/www.verandair.com\/fr\/wp-json\/wp\/v2\/users\/5"}],"replies":[{"embeddable":true,"href":"https:\/\/www.verandair.com\/fr\/wp-json\/wp\/v2\/comments?post=14750"}],"version-history":[{"count":2,"href":"https:\/\/www.verandair.com\/fr\/wp-json\/wp\/v2\/posts\/14750\/revisions"}],"predecessor-version":[{"id":61151,"href":"https:\/\/www.verandair.com\/fr\/wp-json\/wp\/v2\/posts\/14750\/revisions\/61151"}],"wp:featuredmedia":[{"embeddable":true,"href":"https:\/\/www.verandair.com\/fr\/wp-json\/wp\/v2\/media\/6117"}],"wp:attachment":[{"href":"https:\/\/www.verandair.com\/fr\/wp-json\/wp\/v2\/media?parent=14750"}],"wp:term":[{"taxonomy":"category","embeddable":true,"href":"https:\/\/www.verandair.com\/fr\/wp-json\/wp\/v2\/categories?post=14750"},{"taxonomy":"post_tag","embeddable":true,"href":"https:\/\/www.verandair.com\/fr\/wp-json\/wp\/v2\/tags?post=14750"}],"curies":[{"name":"wp","href":"https:\/\/api.w.org\/{rel}","templated":true}]}}