{"id":14751,"date":"2017-03-25T15:59:53","date_gmt":"2017-03-25T14:59:53","guid":{"rendered":"https:\/\/www.verandair.com\/?p=1290"},"modified":"2026-02-27T15:11:06","modified_gmt":"2026-02-27T14:11:06","slug":"ete-toute-annee-grace-a-veranda","status":"publish","type":"post","link":"https:\/\/www.verandair.com\/fr\/ete-toute-annee-grace-a-veranda\/","title":{"rendered":"C\u2019est l\u2019\u00e9t\u00e9 toute l\u2019ann\u00e9e gr\u00e2ce \u00e0 votre v\u00e9randa !"},"content":{"rendered":"<p>[et_pb_section fb_built=&#8221;1&#8243; _builder_version=&#8221;4.16&#8243; global_colors_info=&#8221;{}&#8221; theme_builder_area=&#8221;post_content&#8221;][et_pb_row _builder_version=&#8221;4.16&#8243; background_size=&#8221;initial&#8221; background_position=&#8221;top_left&#8221; background_repeat=&#8221;repeat&#8221; global_colors_info=&#8221;{}&#8221; theme_builder_area=&#8221;post_content&#8221;][et_pb_column type=&#8221;4_4&#8243; _builder_version=&#8221;4.16&#8243; custom_padding=&#8221;|||&#8221; global_colors_info=&#8221;{}&#8221; custom_padding__hover=&#8221;|||&#8221; theme_builder_area=&#8221;post_content&#8221;][et_pb_text _builder_version=&#8221;4.16&#8243; border_style=&#8221;solid&#8221; global_colors_info=&#8221;{}&#8221; theme_builder_area=&#8221;post_content&#8221;]<\/p>\n<p style=\"text-align: justify;\"><span style=\"color: #00909e;\"><strong>Pour profiter de votre v\u00e9randa toute l\u2019ann\u00e9e dans des conditions de confort optimales, il est n\u00e9cessaire de ma\u00eetriser l\u2019effet de serre.\u00a0<\/strong><\/span><\/p>\n<p style=\"text-align: justify;\">Cela passe notamment par une isolation, des <a href=\"https:\/\/www.verandair.com\/fr\/veranda\/baie-vitree-coulissante\/\">vitrages<\/a> et une toiture adapt\u00e9e aux conditions climatiques et \u00e0 l\u2019orientation de la v\u00e9randa.<\/p>\n<p style=\"text-align: justify;\">Lorsque l\u2019effet de serre n\u2019est pas ma\u00eetris\u00e9 (ou lorsqu\u2019il est mal ma\u00eetris\u00e9), une <span style=\"color: #00909e;\"><a style=\"color: #00909e;\" href=\"https:\/\/www.verandair.com\/fr\/veranda\/verandas-bioclimatiques-retractables\/\">v\u00e9randa<\/a><\/span> peu rapidement devenir invivable en \u00e9t\u00e9 (la temp\u00e9rature devient excessive) comme en hiver (refroidissement trop important). Pour que votre v\u00e9randa soit <span style=\"color: #00909e;\"><strong>confortable et agr\u00e9able en toutes saisons<\/strong><\/span>, nous avons d\u00e9cid\u00e9 d\u2019utiliser les mat\u00e9riaux les plus performants du march\u00e9 et d\u2019associer aux v\u00e9randas une structure coulissante qui vous\u00a0permettra de profiter de votre espace ext\u00e9rieur d\u00e8s les premiers rayons de soleil !<\/p>\n<p style=\"text-align: justify;\">\n<h3 style=\"text-align: justify;\"><span style=\"color: #00909e;\">Verandair : 31 ans d\u2019exp\u00e9rience en v\u00e9randa<\/span><\/h3>\n<p style=\"text-align: justify;\">Nous sommes sp\u00e9cialis\u00e9 dans la conception, la fabrication et la pose de v\u00e9randa depuis 31 ans et nous avons d\u00e9j\u00e0 \u00e0 notre actif plus de <strong><span style=\"color: #009f9c;\">6<\/span><\/strong><a href=\"\/fr\/veranda\/abri-de-terrasse\"><span style=\"color: #00909e;\"><strong>.500 abris de terrasse install\u00e9s en Belgique <\/strong><\/span><\/a>mais aussi en France, aux Etats-Unis, au Moyen-Orient et au Canada. Nous nous adaptons donc aux conditions climatiques de chaque environnement afin de fournir aux particuliers et aux professionnels des solutions sur mesure efficaces et confortables.<\/p>\n<p style=\"text-align: justify;\">Vous voulez r\u00e9guler vous-m\u00eame la temp\u00e9rature de votre v\u00e9randa ? Nous int\u00e9grons des <span style=\"color: #00909e;\"><strong>stores occultants<\/strong><\/span> qui diminueront les assauts du soleil en \u00e9t\u00e9, un <span style=\"color: #00909e;\"><strong>syst\u00e8me de chauffage<\/strong><\/span> pour augmenter la temp\u00e9rature en hiver ou encore une <span style=\"color: #00909e;\"><strong>ventilation<\/strong><\/span> adapt\u00e9e \u00e0 vos besoins.<\/p>\n<p style=\"text-align: justify;\">\n<p style=\"text-align: justify;\">\n<h4 style=\"text-align: justify;\"><span style=\"color: #00909e;\"><strong>Vous souhaitez installer une v\u00e9randa cet \u00e9t\u00e9 ? N\u2019h\u00e9sitez pas \u00e0 nous contacter pour recevoir un devis sur mesure !<\/strong><\/span><\/h4>\n<p>[\/et_pb_text][et_pb_button button_url=&#8221;https:\/\/www.verandair.com\/fr\/contact\/&#8221; button_text=&#8221;Contactez-nous&#8221; button_alignment=&#8221;center&#8221; _builder_version=&#8221;4.19.2&#8243; _module_preset=&#8221;default&#8221; global_colors_info=&#8221;{}&#8221; theme_builder_area=&#8221;post_content&#8221;][\/et_pb_button][\/et_pb_column][\/et_pb_row][\/et_pb_section][et_pb_section fb_built=&#8221;1&#8243; _builder_version=&#8221;4.27.5&#8243; _module_preset=&#8221;a37cb46d-a9cb-4f77-bbbd-8966bde7aff0&#8243; saved_tabs=&#8221;all&#8221; locked=&#8221;off&#8221; global_colors_info=&#8221;{}&#8221; global_module=&#8221;74566&#8243; theme_builder_area=&#8221;post_content&#8221;][et_pb_row _builder_version=&#8221;4.27.5&#8243; _module_preset=&#8221;default&#8221; width=&#8221;100%&#8221; max_width=&#8221;100%&#8221; custom_padding=&#8221;0px|20px||20px|false|true&#8221; global_colors_info=&#8221;{}&#8221; theme_builder_area=&#8221;post_content&#8221;][et_pb_column type=&#8221;4_4&#8243; _builder_version=&#8221;4.23.4&#8243; _module_preset=&#8221;default&#8221; custom_padding=&#8221;50px||||false|false&#8221; global_colors_info=&#8221;{}&#8221; theme_builder_area=&#8221;post_content&#8221;][et_pb_image src=&#8221;https:\/\/www.verandair.com\/wp-content\/uploads\/2026\/02\/VERAN-brochure-A4-2026.webp&#8221; alt=&#8221;Brochure 2026 Verandair&#8221; title_text=&#8221;VERAN-brochure-A4-2026&#8243; align=&#8221;center&#8221; _builder_version=&#8221;4.27.5&#8243; _module_preset=&#8221;default&#8221; max_width=&#8221;300px&#8221; max_width_last_edited=&#8221;off|desktop&#8221; custom_margin=&#8221;0px||0px||false|false&#8221; scroll_vertical_motion_enable=&#8221;on&#8221; scroll_vertical_motion=&#8221;0|40|40|100|-0.5|0|0&#8243; scroll_fade_enable=&#8221;on&#8221; scroll_fade=&#8221;0|40|40|100|0|100|100&#8243; global_colors_info=&#8221;{}&#8221; theme_builder_area=&#8221;post_content&#8221;][\/et_pb_image][et_pb_text _builder_version=&#8221;4.27.5&#8243; _module_preset=&#8221;default&#8221; header_2_font_size=&#8221;32px&#8221; text_orientation=&#8221;center&#8221; custom_margin=&#8221;||15px||false|false&#8221; global_colors_info=&#8221;{%22gcid-4f3ca7d5-152d-4540-91b1-cc24563bf794%22:%91%22text_text_shadow_color%22%93}&#8221; theme_builder_area=&#8221;post_content&#8221;]<\/p>\n<h2><strong>Envie d&#8217;en savoir plus<\/strong> avant de vous d\u00e9cider ?<br \/><span data-metadata=\"&lt;!--(figmeta)eyJmaWxlS2V5IjoiNDJrcExzUGY2N0VsN0FkMldFdElreCIsInBhc3RlSUQiOjI4MTE1MTAxNSwiZGF0YVR5cGUiOiJzY2VuZSJ9Cg==(\/figmeta)--&gt;\"><\/span><\/h2>\n<p>[\/et_pb_text][et_pb_divider show_divider=&#8221;off&#8221; _builder_version=&#8221;4.27.5&#8243; _module_preset=&#8221;2adabd0f-cb12-404f-9aa7-a3088280e564&#8243; module_alignment=&#8221;center&#8221; global_colors_info=&#8221;{}&#8221; theme_builder_area=&#8221;post_content&#8221;][\/et_pb_divider][et_pb_text _builder_version=&#8221;4.27.5&#8243; _module_preset=&#8221;default&#8221; text_orientation=&#8221;center&#8221; custom_margin=&#8221;||50px||false|false&#8221; global_colors_info=&#8221;{%22gcid-4f3ca7d5-152d-4540-91b1-cc24563bf794%22:%91%22text_text_shadow_color%22%93}&#8221; theme_builder_area=&#8221;post_content&#8221;]<\/p>\n<p><span><strong>T\u00e9l\u00e9chargez la nouvelle brochure 2026<\/strong>\u00a0et d\u00e9couvrez notre <strong>gamme compl\u00e8te de produits<\/strong> pour profiter de votre vie en plein air toute l&#8217;ann\u00e9e.<\/span><\/p>\n<p>[\/et_pb_text][et_pb_button button_url=&#8221;https:\/\/info.verandair.com\/brochure-2026\/&#8221; url_new_window=&#8221;on&#8221; button_text=&#8221;Je t\u00e9l\u00e9charge ma brochure&#8221; button_alignment=&#8221;center&#8221; _builder_version=&#8221;4.27.5&#8243; _module_preset=&#8221;ae8d3791-01a2-4c4b-b221-c3f14f812284&#8243; global_colors_info=&#8221;{}&#8221; theme_builder_area=&#8221;post_content&#8221;][\/et_pb_button][\/et_pb_column][\/et_pb_row][\/et_pb_section]<\/p>\n","protected":false},"excerpt":{"rendered":"<p>Verandair confectionne des v\u00e9randas au sein desquelles vous pourrez profiter du soleil \u00e9t\u00e9 comme hiver avec un maximum de confort!<\/p>\n","protected":false},"author":5,"featured_media":6119,"comment_status":"closed","ping_status":"closed","sticky":false,"template":"","format":"standard","meta":{"_acf_changed":false,"_et_pb_use_builder":"on","_et_pb_old_content":"","_et_gb_content_width":"","inline_featured_image":false,"footnotes":""},"categories":[32],"tags":[],"class_list":["post-14751","post","type-post","status-publish","format-standard","has-post-thumbnail","hentry","category-abri-de-terrasse"],"acf":[],"yoast_head":"<!-- This site is optimized with the Yoast SEO plugin v27.5 - https:\/\/yoast.com\/product\/yoast-seo-wordpress\/ -->\n<title>C\u2019est l\u2019\u00e9t\u00e9 toute l\u2019ann\u00e9e gr\u00e2ce \u00e0 votre v\u00e9randa Verandair<\/title>\n<meta name=\"description\" content=\"Verandair confectionne des v\u00e9randas au sein desquelles vous pourrez profiter du soleil \u00e9t\u00e9 comme hiver avec un maximum de confort!\" \/>\n<meta name=\"robots\" content=\"index, follow, max-snippet:-1, max-image-preview:large, max-video-preview:-1\" \/>\n<link rel=\"canonical\" href=\"\/fr\/ete-toute-annee-grace-a-veranda\/\" \/>\n<meta property=\"og:locale\" content=\"fr_FR\" \/>\n<meta property=\"og:type\" content=\"article\" \/>\n<meta property=\"og:title\" content=\"C\u2019est l\u2019\u00e9t\u00e9 toute l\u2019ann\u00e9e gr\u00e2ce \u00e0 votre v\u00e9randa Verandair\" \/>\n<meta property=\"og:description\" content=\"Verandair confectionne des v\u00e9randas au sein desquelles vous pourrez profiter du soleil \u00e9t\u00e9 comme hiver avec un maximum de confort!\" \/>\n<meta property=\"og:url\" content=\"\/fr\/ete-toute-annee-grace-a-veranda\" \/>\n<meta property=\"og:site_name\" content=\"VERANDAIR\u00ae\" \/>\n<meta property=\"article:published_time\" content=\"2017-03-25T14:59:53+00:00\" \/>\n<meta property=\"article:modified_time\" content=\"2026-02-27T14:11:06+00:00\" \/>\n<meta property=\"og:image\" content=\"https:\/\/www.verandair.com\/wp-content\/uploads\/2018\/05\/ete-toute-annee-grace-veranda.jpg\" \/>\n\t<meta property=\"og:image:width\" content=\"950\" \/>\n\t<meta property=\"og:image:height\" content=\"594\" \/>\n\t<meta property=\"og:image:type\" content=\"image\/jpeg\" \/>\n<meta name=\"author\" content=\"admin-verandair\" \/>\n<meta name=\"twitter:card\" content=\"summary_large_image\" \/>\n<meta name=\"twitter:label1\" content=\"\u00c9crit par\" \/>\n\t<meta name=\"twitter:data1\" content=\"admin-verandair\" \/>\n\t<meta name=\"twitter:label2\" content=\"Dur\u00e9e de lecture estim\u00e9e\" \/>\n\t<meta name=\"twitter:data2\" content=\"2 minutes\" \/>\n<script type=\"application\/ld+json\" class=\"yoast-schema-graph\">{\"@context\":\"https:\\\/\\\/schema.org\",\"@graph\":[{\"@type\":\"Article\",\"@id\":\"\\\/fr\\\/ete-toute-annee-grace-a-veranda#article\",\"isPartOf\":{\"@id\":\"https:\\\/\\\/www.verandair.com\\\/fr\\\/ete-toute-annee-grace-a-veranda\\\/\"},\"author\":{\"name\":\"admin-verandair\",\"@id\":\"https:\\\/\\\/www.verandair.com\\\/fr\\\/#\\\/schema\\\/person\\\/cdeca2ebd6c03b60479d713f66329bc9\"},\"headline\":\"C\u2019est l\u2019\u00e9t\u00e9 toute l\u2019ann\u00e9e gr\u00e2ce \u00e0 votre v\u00e9randa !\",\"datePublished\":\"2017-03-25T14:59:53+00:00\",\"dateModified\":\"2026-02-27T14:11:06+00:00\",\"mainEntityOfPage\":{\"@id\":\"https:\\\/\\\/www.verandair.com\\\/fr\\\/ete-toute-annee-grace-a-veranda\\\/\"},\"wordCount\":776,\"publisher\":{\"@id\":\"https:\\\/\\\/www.verandair.com\\\/fr\\\/#organization\"},\"image\":{\"@id\":\"\\\/fr\\\/ete-toute-annee-grace-a-veranda#primaryimage\"},\"thumbnailUrl\":\"https:\\\/\\\/www.verandair.com\\\/wp-content\\\/uploads\\\/2018\\\/05\\\/ete-toute-annee-grace-veranda.jpg\",\"articleSection\":[\"Abri de terrasse\"],\"inLanguage\":\"fr-FR\"},{\"@type\":\"WebPage\",\"@id\":\"https:\\\/\\\/www.verandair.com\\\/fr\\\/ete-toute-annee-grace-a-veranda\\\/\",\"url\":\"\\\/fr\\\/ete-toute-annee-grace-a-veranda\",\"name\":\"C\u2019est l\u2019\u00e9t\u00e9 toute l\u2019ann\u00e9e gr\u00e2ce \u00e0 votre v\u00e9randa Verandair\",\"isPartOf\":{\"@id\":\"https:\\\/\\\/www.verandair.com\\\/fr\\\/#website\"},\"primaryImageOfPage\":{\"@id\":\"\\\/fr\\\/ete-toute-annee-grace-a-veranda#primaryimage\"},\"image\":{\"@id\":\"\\\/fr\\\/ete-toute-annee-grace-a-veranda#primaryimage\"},\"thumbnailUrl\":\"https:\\\/\\\/www.verandair.com\\\/wp-content\\\/uploads\\\/2018\\\/05\\\/ete-toute-annee-grace-veranda.jpg\",\"datePublished\":\"2017-03-25T14:59:53+00:00\",\"dateModified\":\"2026-02-27T14:11:06+00:00\",\"description\":\"Verandair confectionne des v\u00e9randas au sein desquelles vous pourrez profiter du soleil \u00e9t\u00e9 comme hiver avec un maximum de confort!\",\"breadcrumb\":{\"@id\":\"\\\/fr\\\/ete-toute-annee-grace-a-veranda#breadcrumb\"},\"inLanguage\":\"fr-FR\",\"potentialAction\":[{\"@type\":\"ReadAction\",\"target\":[\"\\\/fr\\\/ete-toute-annee-grace-a-veranda\"]}]},{\"@type\":\"ImageObject\",\"inLanguage\":\"fr-FR\",\"@id\":\"\\\/fr\\\/ete-toute-annee-grace-a-veranda#primaryimage\",\"url\":\"https:\\\/\\\/www.verandair.com\\\/wp-content\\\/uploads\\\/2018\\\/05\\\/ete-toute-annee-grace-veranda.jpg\",\"contentUrl\":\"https:\\\/\\\/www.verandair.com\\\/wp-content\\\/uploads\\\/2018\\\/05\\\/ete-toute-annee-grace-veranda.jpg\",\"width\":950,\"height\":594,\"caption\":\"C'est l'\u00e9t\u00e9 toute l'ann\u00e9e gr\u00e2ce \u00e0 votre v\u00e9randa!\"},{\"@type\":\"BreadcrumbList\",\"@id\":\"\\\/fr\\\/ete-toute-annee-grace-a-veranda#breadcrumb\",\"itemListElement\":[{\"@type\":\"ListItem\",\"position\":1,\"name\":\"Accueil\",\"item\":{\"@type\":\"WebPage\",\"@id\":\"https:\\\/\\\/www.verandair.com\\\/fr\\\/\",\"name\":\"Accueil\"}},{\"@type\":\"ListItem\",\"position\":2,\"name\":\"C\u2019est l\u2019\u00e9t\u00e9 toute l\u2019ann\u00e9e gr\u00e2ce \u00e0 votre v\u00e9randa !\"}]},{\"@type\":\"WebSite\",\"@id\":\"https:\\\/\\\/www.verandair.com\\\/fr\\\/#website\",\"url\":\"https:\\\/\\\/www.verandair.com\\\/fr\\\/\",\"name\":\"VERANDAIR\u00ae\",\"description\":\"\",\"publisher\":{\"@id\":\"https:\\\/\\\/www.verandair.com\\\/fr\\\/#organization\"},\"potentialAction\":[{\"@type\":\"SearchAction\",\"target\":{\"@type\":\"EntryPoint\",\"urlTemplate\":\"https:\\\/\\\/www.verandair.com\\\/fr\\\/?s={search_term_string}\"},\"query-input\":{\"@type\":\"PropertyValueSpecification\",\"valueRequired\":true,\"valueName\":\"search_term_string\"}}],\"inLanguage\":\"fr-FR\"},{\"@type\":\"Organization\",\"@id\":\"https:\\\/\\\/www.verandair.com\\\/fr\\\/#organization\",\"name\":\"Verandair\",\"url\":\"https:\\\/\\\/www.verandair.com\\\/fr\\\/\",\"logo\":{\"@type\":\"ImageObject\",\"inLanguage\":\"fr-FR\",\"@id\":\"https:\\\/\\\/www.verandair.com\\\/fr\\\/#\\\/schema\\\/logo\\\/image\\\/\",\"url\":\"https:\\\/\\\/www.verandair.com\\\/wp-content\\\/uploads\\\/2024\\\/06\\\/VERANDAIR-logo.png\",\"contentUrl\":\"https:\\\/\\\/www.verandair.com\\\/wp-content\\\/uploads\\\/2024\\\/06\\\/VERANDAIR-logo.png\",\"width\":283,\"height\":127,\"caption\":\"Verandair\"},\"image\":{\"@id\":\"https:\\\/\\\/www.verandair.com\\\/fr\\\/#\\\/schema\\\/logo\\\/image\\\/\"}},{\"@type\":\"Person\",\"@id\":\"https:\\\/\\\/www.verandair.com\\\/fr\\\/#\\\/schema\\\/person\\\/cdeca2ebd6c03b60479d713f66329bc9\",\"name\":\"admin-verandair\",\"image\":{\"@type\":\"ImageObject\",\"inLanguage\":\"fr-FR\",\"@id\":\"https:\\\/\\\/secure.gravatar.com\\\/avatar\\\/933ed88eb2b3e194c00d3516e15b0e50c947c76a16e37565b6eb035b6954d0c4?s=96&d=mm&r=g\",\"url\":\"https:\\\/\\\/secure.gravatar.com\\\/avatar\\\/933ed88eb2b3e194c00d3516e15b0e50c947c76a16e37565b6eb035b6954d0c4?s=96&d=mm&r=g\",\"contentUrl\":\"https:\\\/\\\/secure.gravatar.com\\\/avatar\\\/933ed88eb2b3e194c00d3516e15b0e50c947c76a16e37565b6eb035b6954d0c4?s=96&d=mm&r=g\",\"caption\":\"admin-verandair\"}}]}<\/script>\n<!-- \/ Yoast SEO plugin. -->","yoast_head_json":{"title":"C\u2019est l\u2019\u00e9t\u00e9 toute l\u2019ann\u00e9e gr\u00e2ce \u00e0 votre v\u00e9randa Verandair","description":"Verandair confectionne des v\u00e9randas au sein desquelles vous pourrez profiter du soleil \u00e9t\u00e9 comme hiver avec un maximum de confort!","robots":{"index":"index","follow":"follow","max-snippet":"max-snippet:-1","max-image-preview":"max-image-preview:large","max-video-preview":"max-video-preview:-1"},"canonical":"\/fr\/ete-toute-annee-grace-a-veranda\/","og_locale":"fr_FR","og_type":"article","og_title":"C\u2019est l\u2019\u00e9t\u00e9 toute l\u2019ann\u00e9e gr\u00e2ce \u00e0 votre v\u00e9randa Verandair","og_description":"Verandair confectionne des v\u00e9randas au sein desquelles vous pourrez profiter du soleil \u00e9t\u00e9 comme hiver avec un maximum de confort!","og_url":"\/fr\/ete-toute-annee-grace-a-veranda","og_site_name":"VERANDAIR\u00ae","article_published_time":"2017-03-25T14:59:53+00:00","article_modified_time":"2026-02-27T14:11:06+00:00","og_image":[{"width":950,"height":594,"url":"https:\/\/www.verandair.com\/wp-content\/uploads\/2018\/05\/ete-toute-annee-grace-veranda.jpg","type":"image\/jpeg"}],"author":"admin-verandair","twitter_card":"summary_large_image","twitter_misc":{"\u00c9crit par":"admin-verandair","Dur\u00e9e de lecture estim\u00e9e":"2 minutes"},"schema":{"@context":"https:\/\/schema.org","@graph":[{"@type":"Article","@id":"\/fr\/ete-toute-annee-grace-a-veranda#article","isPartOf":{"@id":"https:\/\/www.verandair.com\/fr\/ete-toute-annee-grace-a-veranda\/"},"author":{"name":"admin-verandair","@id":"https:\/\/www.verandair.com\/fr\/#\/schema\/person\/cdeca2ebd6c03b60479d713f66329bc9"},"headline":"C\u2019est l\u2019\u00e9t\u00e9 toute l\u2019ann\u00e9e gr\u00e2ce \u00e0 votre v\u00e9randa !","datePublished":"2017-03-25T14:59:53+00:00","dateModified":"2026-02-27T14:11:06+00:00","mainEntityOfPage":{"@id":"https:\/\/www.verandair.com\/fr\/ete-toute-annee-grace-a-veranda\/"},"wordCount":776,"publisher":{"@id":"https:\/\/www.verandair.com\/fr\/#organization"},"image":{"@id":"\/fr\/ete-toute-annee-grace-a-veranda#primaryimage"},"thumbnailUrl":"https:\/\/www.verandair.com\/wp-content\/uploads\/2018\/05\/ete-toute-annee-grace-veranda.jpg","articleSection":["Abri de terrasse"],"inLanguage":"fr-FR"},{"@type":"WebPage","@id":"https:\/\/www.verandair.com\/fr\/ete-toute-annee-grace-a-veranda\/","url":"\/fr\/ete-toute-annee-grace-a-veranda","name":"C\u2019est l\u2019\u00e9t\u00e9 toute l\u2019ann\u00e9e gr\u00e2ce \u00e0 votre v\u00e9randa Verandair","isPartOf":{"@id":"https:\/\/www.verandair.com\/fr\/#website"},"primaryImageOfPage":{"@id":"\/fr\/ete-toute-annee-grace-a-veranda#primaryimage"},"image":{"@id":"\/fr\/ete-toute-annee-grace-a-veranda#primaryimage"},"thumbnailUrl":"https:\/\/www.verandair.com\/wp-content\/uploads\/2018\/05\/ete-toute-annee-grace-veranda.jpg","datePublished":"2017-03-25T14:59:53+00:00","dateModified":"2026-02-27T14:11:06+00:00","description":"Verandair confectionne des v\u00e9randas au sein desquelles vous pourrez profiter du soleil \u00e9t\u00e9 comme hiver avec un maximum de confort!","breadcrumb":{"@id":"\/fr\/ete-toute-annee-grace-a-veranda#breadcrumb"},"inLanguage":"fr-FR","potentialAction":[{"@type":"ReadAction","target":["\/fr\/ete-toute-annee-grace-a-veranda"]}]},{"@type":"ImageObject","inLanguage":"fr-FR","@id":"\/fr\/ete-toute-annee-grace-a-veranda#primaryimage","url":"https:\/\/www.verandair.com\/wp-content\/uploads\/2018\/05\/ete-toute-annee-grace-veranda.jpg","contentUrl":"https:\/\/www.verandair.com\/wp-content\/uploads\/2018\/05\/ete-toute-annee-grace-veranda.jpg","width":950,"height":594,"caption":"C'est l'\u00e9t\u00e9 toute l'ann\u00e9e gr\u00e2ce \u00e0 votre v\u00e9randa!"},{"@type":"BreadcrumbList","@id":"\/fr\/ete-toute-annee-grace-a-veranda#breadcrumb","itemListElement":[{"@type":"ListItem","position":1,"name":"Accueil","item":{"@type":"WebPage","@id":"https:\/\/www.verandair.com\/fr\/","name":"Accueil"}},{"@type":"ListItem","position":2,"name":"C\u2019est l\u2019\u00e9t\u00e9 toute l\u2019ann\u00e9e gr\u00e2ce \u00e0 votre v\u00e9randa !"}]},{"@type":"WebSite","@id":"https:\/\/www.verandair.com\/fr\/#website","url":"https:\/\/www.verandair.com\/fr\/","name":"VERANDAIR\u00ae","description":"","publisher":{"@id":"https:\/\/www.verandair.com\/fr\/#organization"},"potentialAction":[{"@type":"SearchAction","target":{"@type":"EntryPoint","urlTemplate":"https:\/\/www.verandair.com\/fr\/?s={search_term_string}"},"query-input":{"@type":"PropertyValueSpecification","valueRequired":true,"valueName":"search_term_string"}}],"inLanguage":"fr-FR"},{"@type":"Organization","@id":"https:\/\/www.verandair.com\/fr\/#organization","name":"Verandair","url":"https:\/\/www.verandair.com\/fr\/","logo":{"@type":"ImageObject","inLanguage":"fr-FR","@id":"https:\/\/www.verandair.com\/fr\/#\/schema\/logo\/image\/","url":"https:\/\/www.verandair.com\/wp-content\/uploads\/2024\/06\/VERANDAIR-logo.png","contentUrl":"https:\/\/www.verandair.com\/wp-content\/uploads\/2024\/06\/VERANDAIR-logo.png","width":283,"height":127,"caption":"Verandair"},"image":{"@id":"https:\/\/www.verandair.com\/fr\/#\/schema\/logo\/image\/"}},{"@type":"Person","@id":"https:\/\/www.verandair.com\/fr\/#\/schema\/person\/cdeca2ebd6c03b60479d713f66329bc9","name":"admin-verandair","image":{"@type":"ImageObject","inLanguage":"fr-FR","@id":"https:\/\/secure.gravatar.com\/avatar\/933ed88eb2b3e194c00d3516e15b0e50c947c76a16e37565b6eb035b6954d0c4?s=96&d=mm&r=g","url":"https:\/\/secure.gravatar.com\/avatar\/933ed88eb2b3e194c00d3516e15b0e50c947c76a16e37565b6eb035b6954d0c4?s=96&d=mm&r=g","contentUrl":"https:\/\/secure.gravatar.com\/avatar\/933ed88eb2b3e194c00d3516e15b0e50c947c76a16e37565b6eb035b6954d0c4?s=96&d=mm&r=g","caption":"admin-verandair"}}]}},"_links":{"self":[{"href":"https:\/\/www.verandair.com\/fr\/wp-json\/wp\/v2\/posts\/14751","targetHints":{"allow":["GET"]}}],"collection":[{"href":"https:\/\/www.verandair.com\/fr\/wp-json\/wp\/v2\/posts"}],"about":[{"href":"https:\/\/www.verandair.com\/fr\/wp-json\/wp\/v2\/types\/post"}],"author":[{"embeddable":true,"href":"https:\/\/www.verandair.com\/fr\/wp-json\/wp\/v2\/users\/5"}],"replies":[{"embeddable":true,"href":"https:\/\/www.verandair.com\/fr\/wp-json\/wp\/v2\/comments?post=14751"}],"version-history":[{"count":4,"href":"https:\/\/www.verandair.com\/fr\/wp-json\/wp\/v2\/posts\/14751\/revisions"}],"predecessor-version":[{"id":74631,"href":"https:\/\/www.verandair.com\/fr\/wp-json\/wp\/v2\/posts\/14751\/revisions\/74631"}],"wp:featuredmedia":[{"embeddable":true,"href":"https:\/\/www.verandair.com\/fr\/wp-json\/wp\/v2\/media\/6119"}],"wp:attachment":[{"href":"https:\/\/www.verandair.com\/fr\/wp-json\/wp\/v2\/media?parent=14751"}],"wp:term":[{"taxonomy":"category","embeddable":true,"href":"https:\/\/www.verandair.com\/fr\/wp-json\/wp\/v2\/categories?post=14751"},{"taxonomy":"post_tag","embeddable":true,"href":"https:\/\/www.verandair.com\/fr\/wp-json\/wp\/v2\/tags?post=14751"}],"curies":[{"name":"wp","href":"https:\/\/api.w.org\/{rel}","templated":true}]}}