{"id":14756,"date":"2015-09-04T12:41:28","date_gmt":"2015-09-04T10:41:28","guid":{"rendered":"https:\/\/www.verandair.com\/?p=1311"},"modified":"2026-02-27T15:20:19","modified_gmt":"2026-02-27T14:20:19","slug":"choisir-veranda-retractable-pool-cover","status":"publish","type":"post","link":"https:\/\/www.verandair.com\/fr\/choisir-veranda-retractable-pool-cover\/","title":{"rendered":"Pourquoi choisir une v\u00e9randa r\u00e9tractable Verandair ?"},"content":{"rendered":"<p>[et_pb_section fb_built=&#8221;1&#8243; _builder_version=&#8221;4.16&#8243; global_colors_info=&#8221;{}&#8221; theme_builder_area=&#8221;post_content&#8221;][et_pb_row _builder_version=&#8221;4.16&#8243; background_size=&#8221;initial&#8221; background_position=&#8221;top_left&#8221; background_repeat=&#8221;repeat&#8221; global_colors_info=&#8221;{}&#8221; theme_builder_area=&#8221;post_content&#8221;][et_pb_column type=&#8221;4_4&#8243; _builder_version=&#8221;4.16&#8243; custom_padding=&#8221;|||&#8221; global_colors_info=&#8221;{}&#8221; custom_padding__hover=&#8221;|||&#8221; theme_builder_area=&#8221;post_content&#8221;][et_pb_text _builder_version=&#8221;4.19.2&#8243; text_font=&#8221;||||||||&#8221; header_font=&#8221;||||||||&#8221; header_2_font=&#8221;||||||||&#8221; header_2_text_color=&#8221;#292b2c&#8221; border_style=&#8221;solid&#8221; global_colors_info=&#8221;{}&#8221; theme_builder_area=&#8221;post_content&#8221;]<\/p>\n<p>Les v\u00e9randas sont un \u00e9l\u00e9ment central dans la vie d\u2019une maison. En plus d\u2019apporter de la lumi\u00e8re et du confort, elles permettent aux propri\u00e9taires de profiter du beau temps en toute tranquillit\u00e9. Les v\u00e9randas sont une solution pratique, car elles sont faciles \u00e0 installer et \u00e0 d\u00e9monter.<\/p>\n<h2>Les avantages de la v\u00e9randa r\u00e9tractable<\/h2>\n<p style=\"text-align: justify;\">Depuis le d\u00e9but des ann\u00e9es 2010,<strong> Verandair propose \u00e0 sa client\u00e8le des <a href=\"https:\/\/www.verandair.com\/fr\/veranda\/\">v\u00e9randas r\u00e9tractables en aluminium<\/a> bas\u00e9es sur le m\u00eame principe que les v\u00e9randas fixes. Seule exception: elles peuvent se r\u00e9tracter aux premiers rayons de soleil et permettre aux propri\u00e9taires de profiter du grand air.<\/strong><\/p>\n<p style=\"text-align: justify;\">Si les v\u00e9randas r\u00e9tractables n&#8217;atteignent pas les coefficients d&#8217;isolation des\u00a0<strong>v\u00e9randas <\/strong>fixes \u00e0 double vitrage, elles permettent d&#8217;<strong>ajouter une pi\u00e8ce de vie suppl\u00e9mentaire<\/strong> \u00e0 votre\u00a0habitation ou \u00e0 votre\u00a0commerce. Gr\u00e2ce \u00e0 cette structure coulissante en aluminium, vous pourrez <strong><span style=\"color: #00909e;\">profiter du soleil et du grand air<\/span><\/strong> tout en restant confortablement install\u00e9s dans votre\u00a0s\u00e9jour.<\/p>\n<p>Le temps est particuli\u00e8rement inconstant dans nos r\u00e9gions, nous ne pouvons donc pas toujours compter sur la possibilit\u00e9 de profiter de notre espace ext\u00e9rieur. Avec un abri de terrasse r\u00e9tractable, le temps ne dicte plus vos plans. Selon l&#8217;emplacement et l&#8217;orientation, la temp\u00e9rature peut augmenter de 6 \u00e0 8\u00b0C pendant les p\u00e9riodes ensoleill\u00e9es (sans isolation sp\u00e9cifique).<\/p>\n<p style=\"text-align: justify;\">En cas d&#8217;averses ou de vent trop fort, vous pourrez refermer votre <strong><a href=\"https:\/\/www.verandair.com\/fr\/veranda\/\">v\u00e9randa r\u00e9tractable<\/a> <\/strong>ais\u00e9ment (manuellement ou gr\u00e2ce \u00e0 un syst\u00e8me de motorisation) et profiter du confort de votre pi\u00e8ce tout en \u00e9tant parfaitement prot\u00e9g\u00e9 (notamment en hiver).<\/p>\n<h2>Une v\u00e9randa id\u00e9ale pour les restaurants, caf\u00e9s et bars<\/h2>\n<p style=\"text-align: justify;\">Les v\u00e9randas r\u00e9tractables sont tr\u00e8s appr\u00e9ci\u00e9es des particuliers qui peuvent s&#8217;en servir comme pi\u00e8ce de vie suppl\u00e9mentaire mais aussi des propri\u00e9taires de restaurants, de caf\u00e9s ou de bars. En effet, ces abris de terrasse r\u00e9tractables offrent la possibilit\u00e9 de<strong><span style=\"color: #00909e;\"> recouvrir un espace en quelques secondes<\/span><\/strong>. Du coup, ils\u00a0permettent aux clients de continuer \u00e0 profiter de la luminosit\u00e9 ou du paysage tout en \u00e9tant prot\u00e9g\u00e9 de la pluie ou des intemp\u00e9ries.<\/p>\n<p style=\"text-align: justify;\">Les couvertures coulissantes Verandair ont \u00e9t\u00e9 sp\u00e9cialement \u00e9tudi\u00e9es pour <strong><span style=\"color: #00909e;\">r\u00e9pondre aux exigences des professionnels<\/span><\/strong>.\u00a0Toutes les normes de r\u00e9sistance ont \u00e9t\u00e9 revues \u00e0 la hausse pour offrir un confort exceptionnel et \u00e0 long terme pour les particuliers et les professionnels.<\/p>\n<p>[\/et_pb_text][et_pb_button button_url=&#8221;https:\/\/www.verandair.com\/fr\/contact\/&#8221; button_text=&#8221;Contactez-nous!&#8221; button_alignment=&#8221;center&#8221; _builder_version=&#8221;4.19.2&#8243; _module_preset=&#8221;default&#8221; custom_margin=&#8221;40px||||false|false&#8221; global_colors_info=&#8221;{}&#8221; theme_builder_area=&#8221;post_content&#8221;][\/et_pb_button][\/et_pb_column][\/et_pb_row][\/et_pb_section][et_pb_section fb_built=&#8221;1&#8243; _builder_version=&#8221;4.27.5&#8243; _module_preset=&#8221;a37cb46d-a9cb-4f77-bbbd-8966bde7aff0&#8243; saved_tabs=&#8221;all&#8221; locked=&#8221;off&#8221; global_colors_info=&#8221;{}&#8221; global_module=&#8221;74566&#8243; theme_builder_area=&#8221;post_content&#8221;][et_pb_row _builder_version=&#8221;4.27.5&#8243; _module_preset=&#8221;default&#8221; width=&#8221;100%&#8221; max_width=&#8221;100%&#8221; custom_padding=&#8221;0px|20px||20px|false|true&#8221; global_colors_info=&#8221;{}&#8221; theme_builder_area=&#8221;post_content&#8221;][et_pb_column type=&#8221;4_4&#8243; _builder_version=&#8221;4.23.4&#8243; _module_preset=&#8221;default&#8221; custom_padding=&#8221;50px||||false|false&#8221; global_colors_info=&#8221;{}&#8221; theme_builder_area=&#8221;post_content&#8221;][et_pb_image src=&#8221;https:\/\/www.verandair.com\/wp-content\/uploads\/2026\/02\/VERAN-brochure-A4-2026.webp&#8221; alt=&#8221;Brochure 2026 Verandair&#8221; title_text=&#8221;VERAN-brochure-A4-2026&#8243; align=&#8221;center&#8221; _builder_version=&#8221;4.27.5&#8243; _module_preset=&#8221;default&#8221; max_width=&#8221;300px&#8221; max_width_last_edited=&#8221;off|desktop&#8221; custom_margin=&#8221;0px||0px||false|false&#8221; scroll_vertical_motion_enable=&#8221;on&#8221; scroll_vertical_motion=&#8221;0|40|40|100|-0.5|0|0&#8243; scroll_fade_enable=&#8221;on&#8221; scroll_fade=&#8221;0|40|40|100|0|100|100&#8243; global_colors_info=&#8221;{}&#8221; theme_builder_area=&#8221;post_content&#8221;][\/et_pb_image][et_pb_text _builder_version=&#8221;4.27.5&#8243; _module_preset=&#8221;default&#8221; header_2_font_size=&#8221;32px&#8221; text_orientation=&#8221;center&#8221; custom_margin=&#8221;||15px||false|false&#8221; global_colors_info=&#8221;{%22gcid-4f3ca7d5-152d-4540-91b1-cc24563bf794%22:%91%22text_text_shadow_color%22%93}&#8221; theme_builder_area=&#8221;post_content&#8221;]<\/p>\n<h2><strong>Envie d&#8217;en savoir plus<\/strong> avant de vous d\u00e9cider ?<br \/><span data-metadata=\"&lt;!--(figmeta)eyJmaWxlS2V5IjoiNDJrcExzUGY2N0VsN0FkMldFdElreCIsInBhc3RlSUQiOjI4MTE1MTAxNSwiZGF0YVR5cGUiOiJzY2VuZSJ9Cg==(\/figmeta)--&gt;\"><\/span><\/h2>\n<p>[\/et_pb_text][et_pb_divider show_divider=&#8221;off&#8221; _builder_version=&#8221;4.27.5&#8243; _module_preset=&#8221;2adabd0f-cb12-404f-9aa7-a3088280e564&#8243; module_alignment=&#8221;center&#8221; global_colors_info=&#8221;{}&#8221; theme_builder_area=&#8221;post_content&#8221;][\/et_pb_divider][et_pb_text _builder_version=&#8221;4.27.5&#8243; _module_preset=&#8221;default&#8221; text_orientation=&#8221;center&#8221; custom_margin=&#8221;||50px||false|false&#8221; global_colors_info=&#8221;{%22gcid-4f3ca7d5-152d-4540-91b1-cc24563bf794%22:%91%22text_text_shadow_color%22%93}&#8221; theme_builder_area=&#8221;post_content&#8221;]<\/p>\n<p><span><strong>T\u00e9l\u00e9chargez la nouvelle brochure 2026<\/strong>\u00a0et d\u00e9couvrez notre <strong>gamme compl\u00e8te de produits<\/strong> pour profiter de votre vie en plein air toute l&#8217;ann\u00e9e.<\/span><\/p>\n<p>[\/et_pb_text][et_pb_button button_url=&#8221;https:\/\/info.verandair.com\/brochure-2026\/&#8221; url_new_window=&#8221;on&#8221; button_text=&#8221;Je t\u00e9l\u00e9charge ma brochure&#8221; button_alignment=&#8221;center&#8221; _builder_version=&#8221;4.27.5&#8243; _module_preset=&#8221;ae8d3791-01a2-4c4b-b221-c3f14f812284&#8243; global_colors_info=&#8221;{}&#8221; theme_builder_area=&#8221;post_content&#8221;][\/et_pb_button][\/et_pb_column][\/et_pb_row][\/et_pb_section]<\/p>\n","protected":false},"excerpt":{"rendered":"<p>Les v\u00e9randas r\u00e9tractables Verandair offrent de v\u00e9ritables avantages aux particuliers et aux professionnels. Des v\u00e9randas confortables et r\u00e9sistantes !<\/p>\n","protected":false},"author":5,"featured_media":40586,"comment_status":"open","ping_status":"closed","sticky":false,"template":"","format":"standard","meta":{"_acf_changed":false,"_et_pb_use_builder":"on","_et_pb_old_content":"","_et_gb_content_width":"","inline_featured_image":false,"footnotes":""},"categories":[32],"tags":[],"class_list":["post-14756","post","type-post","status-publish","format-standard","has-post-thumbnail","hentry","category-abri-de-terrasse"],"acf":[],"yoast_head":"<!-- This site is optimized with the Yoast SEO plugin v27.5 - https:\/\/yoast.com\/product\/yoast-seo-wordpress\/ -->\n<title>Les v\u00e9randas r\u00e9tractables Verandair : le meilleur choix | VERANDAIR\u00ae<\/title>\n<meta name=\"description\" content=\"Les v\u00e9randas r\u00e9tractables Verandair offrent de v\u00e9ritables avantages aux particuliers et aux professionnels. Des v\u00e9randas confortables et r\u00e9sistantes !\" \/>\n<meta name=\"robots\" content=\"index, follow, max-snippet:-1, max-image-preview:large, max-video-preview:-1\" \/>\n<link rel=\"canonical\" href=\"https:\/\/www.verandair.com\/fr\/choisir-veranda-retractable-pool-cover\/\" \/>\n<meta property=\"og:locale\" content=\"fr_FR\" \/>\n<meta property=\"og:type\" content=\"article\" \/>\n<meta property=\"og:title\" content=\"Les v\u00e9randas r\u00e9tractables Verandair : le meilleur choix | VERANDAIR\u00ae\" \/>\n<meta property=\"og:description\" content=\"Les v\u00e9randas r\u00e9tractables Verandair offrent de v\u00e9ritables avantages aux particuliers et aux professionnels. Des v\u00e9randas confortables et r\u00e9sistantes !\" \/>\n<meta property=\"og:url\" content=\"https:\/\/www.verandair.com\/fr\/choisir-veranda-retractable-pool-cover\/\" \/>\n<meta property=\"og:site_name\" content=\"VERANDAIR\u00ae\" \/>\n<meta property=\"article:published_time\" content=\"2015-09-04T10:41:28+00:00\" \/>\n<meta property=\"article:modified_time\" content=\"2026-02-27T14:20:19+00:00\" \/>\n<meta property=\"og:image\" content=\"https:\/\/www.verandair.com\/wp-content\/uploads\/2022\/08\/pourquoi-choisir-veranda-retractable-verandair-1.jpg\" \/>\n\t<meta property=\"og:image:width\" content=\"950\" \/>\n\t<meta property=\"og:image:height\" content=\"594\" \/>\n\t<meta property=\"og:image:type\" content=\"image\/jpeg\" \/>\n<meta name=\"author\" content=\"admin-verandair\" \/>\n<meta name=\"twitter:card\" content=\"summary_large_image\" \/>\n<meta name=\"twitter:label1\" content=\"\u00c9crit par\" \/>\n\t<meta name=\"twitter:data1\" content=\"admin-verandair\" \/>\n\t<meta name=\"twitter:label2\" content=\"Dur\u00e9e de lecture estim\u00e9e\" \/>\n\t<meta name=\"twitter:data2\" content=\"5 minutes\" \/>\n<script type=\"application\/ld+json\" class=\"yoast-schema-graph\">{\"@context\":\"https:\\\/\\\/schema.org\",\"@graph\":[{\"@type\":\"Article\",\"@id\":\"https:\\\/\\\/www.verandair.com\\\/fr\\\/choisir-veranda-retractable-pool-cover\\\/#article\",\"isPartOf\":{\"@id\":\"https:\\\/\\\/www.verandair.com\\\/fr\\\/choisir-veranda-retractable-pool-cover\\\/\"},\"author\":{\"name\":\"admin-verandair\",\"@id\":\"https:\\\/\\\/www.verandair.com\\\/fr\\\/#\\\/schema\\\/person\\\/cdeca2ebd6c03b60479d713f66329bc9\"},\"headline\":\"Pourquoi choisir une v\u00e9randa r\u00e9tractable Verandair ?\",\"datePublished\":\"2015-09-04T10:41:28+00:00\",\"dateModified\":\"2026-02-27T14:20:19+00:00\",\"mainEntityOfPage\":{\"@id\":\"https:\\\/\\\/www.verandair.com\\\/fr\\\/choisir-veranda-retractable-pool-cover\\\/\"},\"wordCount\":924,\"commentCount\":0,\"publisher\":{\"@id\":\"https:\\\/\\\/www.verandair.com\\\/fr\\\/#organization\"},\"image\":{\"@id\":\"https:\\\/\\\/www.verandair.com\\\/fr\\\/choisir-veranda-retractable-pool-cover\\\/#primaryimage\"},\"thumbnailUrl\":\"https:\\\/\\\/www.verandair.com\\\/wp-content\\\/uploads\\\/2022\\\/08\\\/pourquoi-choisir-veranda-retractable-verandair-1.jpg\",\"articleSection\":[\"Abri de terrasse\"],\"inLanguage\":\"fr-FR\",\"potentialAction\":[{\"@type\":\"CommentAction\",\"name\":\"Comment\",\"target\":[\"https:\\\/\\\/www.verandair.com\\\/fr\\\/choisir-veranda-retractable-pool-cover\\\/#respond\"]}]},{\"@type\":\"WebPage\",\"@id\":\"https:\\\/\\\/www.verandair.com\\\/fr\\\/choisir-veranda-retractable-pool-cover\\\/\",\"url\":\"https:\\\/\\\/www.verandair.com\\\/fr\\\/choisir-veranda-retractable-pool-cover\\\/\",\"name\":\"Les v\u00e9randas r\u00e9tractables Verandair : le meilleur choix | VERANDAIR\u00ae\",\"isPartOf\":{\"@id\":\"https:\\\/\\\/www.verandair.com\\\/fr\\\/#website\"},\"primaryImageOfPage\":{\"@id\":\"https:\\\/\\\/www.verandair.com\\\/fr\\\/choisir-veranda-retractable-pool-cover\\\/#primaryimage\"},\"image\":{\"@id\":\"https:\\\/\\\/www.verandair.com\\\/fr\\\/choisir-veranda-retractable-pool-cover\\\/#primaryimage\"},\"thumbnailUrl\":\"https:\\\/\\\/www.verandair.com\\\/wp-content\\\/uploads\\\/2022\\\/08\\\/pourquoi-choisir-veranda-retractable-verandair-1.jpg\",\"datePublished\":\"2015-09-04T10:41:28+00:00\",\"dateModified\":\"2026-02-27T14:20:19+00:00\",\"description\":\"Les v\u00e9randas r\u00e9tractables Verandair offrent de v\u00e9ritables avantages aux particuliers et aux professionnels. Des v\u00e9randas confortables et r\u00e9sistantes !\",\"breadcrumb\":{\"@id\":\"https:\\\/\\\/www.verandair.com\\\/fr\\\/choisir-veranda-retractable-pool-cover\\\/#breadcrumb\"},\"inLanguage\":\"fr-FR\",\"potentialAction\":[{\"@type\":\"ReadAction\",\"target\":[\"https:\\\/\\\/www.verandair.com\\\/fr\\\/choisir-veranda-retractable-pool-cover\\\/\"]}]},{\"@type\":\"ImageObject\",\"inLanguage\":\"fr-FR\",\"@id\":\"https:\\\/\\\/www.verandair.com\\\/fr\\\/choisir-veranda-retractable-pool-cover\\\/#primaryimage\",\"url\":\"https:\\\/\\\/www.verandair.com\\\/wp-content\\\/uploads\\\/2022\\\/08\\\/pourquoi-choisir-veranda-retractable-verandair-1.jpg\",\"contentUrl\":\"https:\\\/\\\/www.verandair.com\\\/wp-content\\\/uploads\\\/2022\\\/08\\\/pourquoi-choisir-veranda-retractable-verandair-1.jpg\",\"width\":950,\"height\":594,\"caption\":\"V\u00e9randa r\u00e9tractable qui abrite un salon de jardin en osier\"},{\"@type\":\"BreadcrumbList\",\"@id\":\"https:\\\/\\\/www.verandair.com\\\/fr\\\/choisir-veranda-retractable-pool-cover\\\/#breadcrumb\",\"itemListElement\":[{\"@type\":\"ListItem\",\"position\":1,\"name\":\"Accueil\",\"item\":{\"@type\":\"WebPage\",\"@id\":\"https:\\\/\\\/www.verandair.com\\\/fr\\\/\",\"name\":\"Accueil\"}},{\"@type\":\"ListItem\",\"position\":2,\"name\":\"Pourquoi choisir une v\u00e9randa r\u00e9tractable Verandair ?\"}]},{\"@type\":\"WebSite\",\"@id\":\"https:\\\/\\\/www.verandair.com\\\/fr\\\/#website\",\"url\":\"https:\\\/\\\/www.verandair.com\\\/fr\\\/\",\"name\":\"VERANDAIR\u00ae\",\"description\":\"\",\"publisher\":{\"@id\":\"https:\\\/\\\/www.verandair.com\\\/fr\\\/#organization\"},\"potentialAction\":[{\"@type\":\"SearchAction\",\"target\":{\"@type\":\"EntryPoint\",\"urlTemplate\":\"https:\\\/\\\/www.verandair.com\\\/fr\\\/?s={search_term_string}\"},\"query-input\":{\"@type\":\"PropertyValueSpecification\",\"valueRequired\":true,\"valueName\":\"search_term_string\"}}],\"inLanguage\":\"fr-FR\"},{\"@type\":\"Organization\",\"@id\":\"https:\\\/\\\/www.verandair.com\\\/fr\\\/#organization\",\"name\":\"Verandair\",\"url\":\"https:\\\/\\\/www.verandair.com\\\/fr\\\/\",\"logo\":{\"@type\":\"ImageObject\",\"inLanguage\":\"fr-FR\",\"@id\":\"https:\\\/\\\/www.verandair.com\\\/fr\\\/#\\\/schema\\\/logo\\\/image\\\/\",\"url\":\"https:\\\/\\\/www.verandair.com\\\/wp-content\\\/uploads\\\/2024\\\/06\\\/VERANDAIR-logo.png\",\"contentUrl\":\"https:\\\/\\\/www.verandair.com\\\/wp-content\\\/uploads\\\/2024\\\/06\\\/VERANDAIR-logo.png\",\"width\":283,\"height\":127,\"caption\":\"Verandair\"},\"image\":{\"@id\":\"https:\\\/\\\/www.verandair.com\\\/fr\\\/#\\\/schema\\\/logo\\\/image\\\/\"}},{\"@type\":\"Person\",\"@id\":\"https:\\\/\\\/www.verandair.com\\\/fr\\\/#\\\/schema\\\/person\\\/cdeca2ebd6c03b60479d713f66329bc9\",\"name\":\"admin-verandair\",\"image\":{\"@type\":\"ImageObject\",\"inLanguage\":\"fr-FR\",\"@id\":\"https:\\\/\\\/secure.gravatar.com\\\/avatar\\\/933ed88eb2b3e194c00d3516e15b0e50c947c76a16e37565b6eb035b6954d0c4?s=96&d=mm&r=g\",\"url\":\"https:\\\/\\\/secure.gravatar.com\\\/avatar\\\/933ed88eb2b3e194c00d3516e15b0e50c947c76a16e37565b6eb035b6954d0c4?s=96&d=mm&r=g\",\"contentUrl\":\"https:\\\/\\\/secure.gravatar.com\\\/avatar\\\/933ed88eb2b3e194c00d3516e15b0e50c947c76a16e37565b6eb035b6954d0c4?s=96&d=mm&r=g\",\"caption\":\"admin-verandair\"}}]}<\/script>\n<!-- \/ Yoast SEO plugin. -->","yoast_head_json":{"title":"Les v\u00e9randas r\u00e9tractables Verandair : le meilleur choix | VERANDAIR\u00ae","description":"Les v\u00e9randas r\u00e9tractables Verandair offrent de v\u00e9ritables avantages aux particuliers et aux professionnels. Des v\u00e9randas confortables et r\u00e9sistantes !","robots":{"index":"index","follow":"follow","max-snippet":"max-snippet:-1","max-image-preview":"max-image-preview:large","max-video-preview":"max-video-preview:-1"},"canonical":"https:\/\/www.verandair.com\/fr\/choisir-veranda-retractable-pool-cover\/","og_locale":"fr_FR","og_type":"article","og_title":"Les v\u00e9randas r\u00e9tractables Verandair : le meilleur choix | VERANDAIR\u00ae","og_description":"Les v\u00e9randas r\u00e9tractables Verandair offrent de v\u00e9ritables avantages aux particuliers et aux professionnels. Des v\u00e9randas confortables et r\u00e9sistantes !","og_url":"https:\/\/www.verandair.com\/fr\/choisir-veranda-retractable-pool-cover\/","og_site_name":"VERANDAIR\u00ae","article_published_time":"2015-09-04T10:41:28+00:00","article_modified_time":"2026-02-27T14:20:19+00:00","og_image":[{"width":950,"height":594,"url":"https:\/\/www.verandair.com\/wp-content\/uploads\/2022\/08\/pourquoi-choisir-veranda-retractable-verandair-1.jpg","type":"image\/jpeg"}],"author":"admin-verandair","twitter_card":"summary_large_image","twitter_misc":{"\u00c9crit par":"admin-verandair","Dur\u00e9e de lecture estim\u00e9e":"5 minutes"},"schema":{"@context":"https:\/\/schema.org","@graph":[{"@type":"Article","@id":"https:\/\/www.verandair.com\/fr\/choisir-veranda-retractable-pool-cover\/#article","isPartOf":{"@id":"https:\/\/www.verandair.com\/fr\/choisir-veranda-retractable-pool-cover\/"},"author":{"name":"admin-verandair","@id":"https:\/\/www.verandair.com\/fr\/#\/schema\/person\/cdeca2ebd6c03b60479d713f66329bc9"},"headline":"Pourquoi choisir une v\u00e9randa r\u00e9tractable Verandair ?","datePublished":"2015-09-04T10:41:28+00:00","dateModified":"2026-02-27T14:20:19+00:00","mainEntityOfPage":{"@id":"https:\/\/www.verandair.com\/fr\/choisir-veranda-retractable-pool-cover\/"},"wordCount":924,"commentCount":0,"publisher":{"@id":"https:\/\/www.verandair.com\/fr\/#organization"},"image":{"@id":"https:\/\/www.verandair.com\/fr\/choisir-veranda-retractable-pool-cover\/#primaryimage"},"thumbnailUrl":"https:\/\/www.verandair.com\/wp-content\/uploads\/2022\/08\/pourquoi-choisir-veranda-retractable-verandair-1.jpg","articleSection":["Abri de terrasse"],"inLanguage":"fr-FR","potentialAction":[{"@type":"CommentAction","name":"Comment","target":["https:\/\/www.verandair.com\/fr\/choisir-veranda-retractable-pool-cover\/#respond"]}]},{"@type":"WebPage","@id":"https:\/\/www.verandair.com\/fr\/choisir-veranda-retractable-pool-cover\/","url":"https:\/\/www.verandair.com\/fr\/choisir-veranda-retractable-pool-cover\/","name":"Les v\u00e9randas r\u00e9tractables Verandair : le meilleur choix | VERANDAIR\u00ae","isPartOf":{"@id":"https:\/\/www.verandair.com\/fr\/#website"},"primaryImageOfPage":{"@id":"https:\/\/www.verandair.com\/fr\/choisir-veranda-retractable-pool-cover\/#primaryimage"},"image":{"@id":"https:\/\/www.verandair.com\/fr\/choisir-veranda-retractable-pool-cover\/#primaryimage"},"thumbnailUrl":"https:\/\/www.verandair.com\/wp-content\/uploads\/2022\/08\/pourquoi-choisir-veranda-retractable-verandair-1.jpg","datePublished":"2015-09-04T10:41:28+00:00","dateModified":"2026-02-27T14:20:19+00:00","description":"Les v\u00e9randas r\u00e9tractables Verandair offrent de v\u00e9ritables avantages aux particuliers et aux professionnels. Des v\u00e9randas confortables et r\u00e9sistantes !","breadcrumb":{"@id":"https:\/\/www.verandair.com\/fr\/choisir-veranda-retractable-pool-cover\/#breadcrumb"},"inLanguage":"fr-FR","potentialAction":[{"@type":"ReadAction","target":["https:\/\/www.verandair.com\/fr\/choisir-veranda-retractable-pool-cover\/"]}]},{"@type":"ImageObject","inLanguage":"fr-FR","@id":"https:\/\/www.verandair.com\/fr\/choisir-veranda-retractable-pool-cover\/#primaryimage","url":"https:\/\/www.verandair.com\/wp-content\/uploads\/2022\/08\/pourquoi-choisir-veranda-retractable-verandair-1.jpg","contentUrl":"https:\/\/www.verandair.com\/wp-content\/uploads\/2022\/08\/pourquoi-choisir-veranda-retractable-verandair-1.jpg","width":950,"height":594,"caption":"V\u00e9randa r\u00e9tractable qui abrite un salon de jardin en osier"},{"@type":"BreadcrumbList","@id":"https:\/\/www.verandair.com\/fr\/choisir-veranda-retractable-pool-cover\/#breadcrumb","itemListElement":[{"@type":"ListItem","position":1,"name":"Accueil","item":{"@type":"WebPage","@id":"https:\/\/www.verandair.com\/fr\/","name":"Accueil"}},{"@type":"ListItem","position":2,"name":"Pourquoi choisir une v\u00e9randa r\u00e9tractable Verandair ?"}]},{"@type":"WebSite","@id":"https:\/\/www.verandair.com\/fr\/#website","url":"https:\/\/www.verandair.com\/fr\/","name":"VERANDAIR\u00ae","description":"","publisher":{"@id":"https:\/\/www.verandair.com\/fr\/#organization"},"potentialAction":[{"@type":"SearchAction","target":{"@type":"EntryPoint","urlTemplate":"https:\/\/www.verandair.com\/fr\/?s={search_term_string}"},"query-input":{"@type":"PropertyValueSpecification","valueRequired":true,"valueName":"search_term_string"}}],"inLanguage":"fr-FR"},{"@type":"Organization","@id":"https:\/\/www.verandair.com\/fr\/#organization","name":"Verandair","url":"https:\/\/www.verandair.com\/fr\/","logo":{"@type":"ImageObject","inLanguage":"fr-FR","@id":"https:\/\/www.verandair.com\/fr\/#\/schema\/logo\/image\/","url":"https:\/\/www.verandair.com\/wp-content\/uploads\/2024\/06\/VERANDAIR-logo.png","contentUrl":"https:\/\/www.verandair.com\/wp-content\/uploads\/2024\/06\/VERANDAIR-logo.png","width":283,"height":127,"caption":"Verandair"},"image":{"@id":"https:\/\/www.verandair.com\/fr\/#\/schema\/logo\/image\/"}},{"@type":"Person","@id":"https:\/\/www.verandair.com\/fr\/#\/schema\/person\/cdeca2ebd6c03b60479d713f66329bc9","name":"admin-verandair","image":{"@type":"ImageObject","inLanguage":"fr-FR","@id":"https:\/\/secure.gravatar.com\/avatar\/933ed88eb2b3e194c00d3516e15b0e50c947c76a16e37565b6eb035b6954d0c4?s=96&d=mm&r=g","url":"https:\/\/secure.gravatar.com\/avatar\/933ed88eb2b3e194c00d3516e15b0e50c947c76a16e37565b6eb035b6954d0c4?s=96&d=mm&r=g","contentUrl":"https:\/\/secure.gravatar.com\/avatar\/933ed88eb2b3e194c00d3516e15b0e50c947c76a16e37565b6eb035b6954d0c4?s=96&d=mm&r=g","caption":"admin-verandair"}}]}},"_links":{"self":[{"href":"https:\/\/www.verandair.com\/fr\/wp-json\/wp\/v2\/posts\/14756","targetHints":{"allow":["GET"]}}],"collection":[{"href":"https:\/\/www.verandair.com\/fr\/wp-json\/wp\/v2\/posts"}],"about":[{"href":"https:\/\/www.verandair.com\/fr\/wp-json\/wp\/v2\/types\/post"}],"author":[{"embeddable":true,"href":"https:\/\/www.verandair.com\/fr\/wp-json\/wp\/v2\/users\/5"}],"replies":[{"embeddable":true,"href":"https:\/\/www.verandair.com\/fr\/wp-json\/wp\/v2\/comments?post=14756"}],"version-history":[{"count":3,"href":"https:\/\/www.verandair.com\/fr\/wp-json\/wp\/v2\/posts\/14756\/revisions"}],"predecessor-version":[{"id":74627,"href":"https:\/\/www.verandair.com\/fr\/wp-json\/wp\/v2\/posts\/14756\/revisions\/74627"}],"wp:featuredmedia":[{"embeddable":true,"href":"https:\/\/www.verandair.com\/fr\/wp-json\/wp\/v2\/media\/40586"}],"wp:attachment":[{"href":"https:\/\/www.verandair.com\/fr\/wp-json\/wp\/v2\/media?parent=14756"}],"wp:term":[{"taxonomy":"category","embeddable":true,"href":"https:\/\/www.verandair.com\/fr\/wp-json\/wp\/v2\/categories?post=14756"},{"taxonomy":"post_tag","embeddable":true,"href":"https:\/\/www.verandair.com\/fr\/wp-json\/wp\/v2\/tags?post=14756"}],"curies":[{"name":"wp","href":"https:\/\/api.w.org\/{rel}","templated":true}]}}