{"id":22960,"date":"2021-06-18T15:11:05","date_gmt":"2021-06-18T13:11:05","guid":{"rendered":"https:\/\/www.verandair.com\/?p=22960"},"modified":"2026-02-27T14:47:12","modified_gmt":"2026-02-27T13:47:12","slug":"micro-verandas-retractables-hotellerie","status":"publish","type":"post","link":"https:\/\/www.verandair.com\/fr\/micro-verandas-retractables-hotellerie\/","title":{"rendered":"Possibilit\u00e9s offertes par les micro v\u00e9randas r\u00e9tractables pour le secteur de l\u2019h\u00f4tellerie"},"content":{"rendered":"<p>[et_pb_section fb_built=&#8221;1&#8243; _builder_version=&#8221;4.16&#8243; global_colors_info=&#8221;{}&#8221; theme_builder_area=&#8221;post_content&#8221;][et_pb_row _builder_version=&#8221;4.16&#8243; background_size=&#8221;initial&#8221; background_position=&#8221;top_left&#8221; background_repeat=&#8221;repeat&#8221; global_colors_info=&#8221;{}&#8221; theme_builder_area=&#8221;post_content&#8221;][et_pb_column type=&#8221;4_4&#8243; _builder_version=&#8221;4.16&#8243; custom_padding=&#8221;|||&#8221; global_colors_info=&#8221;{}&#8221; custom_padding__hover=&#8221;|||&#8221; theme_builder_area=&#8221;post_content&#8221;][et_pb_text _builder_version=&#8221;4.17.6&#8243; background_size=&#8221;initial&#8221; background_position=&#8221;top_left&#8221; background_repeat=&#8221;repeat&#8221; global_colors_info=&#8221;{}&#8221; theme_builder_area=&#8221;post_content&#8221;]<\/p>\n<p>Les <a href=\"https:\/\/cube.verandair.com\/\"><strong>micro v\u00e9randas r\u00e9tractables<\/strong><\/a> peuvent \u00eatre un atout de choix pour les <strong>h\u00f4tels<\/strong>, <strong>g\u00eetes<\/strong> et autres <strong>maisons d\u2019h\u00f4te<\/strong> d\u00e9sirant offrir \u00e0 leurs clients une <strong>exp\u00e9rience atypique<\/strong>. D\u00e9couvrez les avantages de cette solution pour le secteur de l\u2019h\u00e9bergement.<\/p>\n<p>[\/et_pb_text][et_pb_button button_url=&#8221;https:\/\/cube.verandair.com\/&#8221; button_text=&#8221;D\u00e9couvrez les micro v\u00e9randas r\u00e9tractables&#8221; button_alignment=&#8221;center&#8221; _builder_version=&#8221;4.17.6&#8243; global_colors_info=&#8221;{}&#8221; theme_builder_area=&#8221;post_content&#8221;][\/et_pb_button][et_pb_text _builder_version=&#8221;4.17.6&#8243; global_colors_info=&#8221;{}&#8221; theme_builder_area=&#8221;post_content&#8221;]<\/p>\n<h2>Les micro v\u00e9randas r\u00e9tractables, c\u2019est quoi au juste\u00a0?<\/h2>\n<p>Il s\u2019agit d\u2019<a href=\"https:\/\/www.verandair.com\/fr\/veranda\/abri-de-terrasse\/\"><strong>abris de terrasse r\u00e9tractables<\/strong><\/a> de petite taille (pour 2 \u00e0 6 personnes environ) destin\u00e9s \u00e0 <strong>privatiser des espaces<\/strong> et \u00e0 profiter des ext\u00e9rieurs tout en restant abrit\u00e9 des conditions m\u00e9t\u00e9orologiques (soleil, pluie, etc.).<\/p>\n<p><strong>VERANDAIR<\/strong> propose sa solution en la mati\u00e8re\u00a0: <strong>le CUBE<\/strong>. Cette structure en aluminium est facile \u00e0 placer et peut \u00eatre install\u00e9e dans de nombreux environnements (jardin, terrasse, plage, bord de lac&#8230;). Elle est <strong>100% personnalisable<\/strong>, puisque r\u00e9alis\u00e9e <strong>sur mesure<\/strong>, et vous permet de jouir d\u2019un produit de qualit\u00e9, fini et \u00e0 votre image.<\/p>\n<p>L\u2019investissement est <strong>rapidement rentabilis\u00e9<\/strong> (en moins d\u2019un an en g\u00e9n\u00e9ral) et vous permet de faire des b\u00e9n\u00e9fices sur le long terme.<\/p>\n<p>[\/et_pb_text][et_pb_button button_url=&#8221;https:\/\/cube.verandair.com\/calcul-de-votre-rentabilite\/&#8221; button_text=&#8221;Calculez la rentabilit\u00e9 de votre CUBE&#8221; button_alignment=&#8221;center&#8221; _builder_version=&#8221;4.16&#8243; global_colors_info=&#8221;{}&#8221; theme_builder_area=&#8221;post_content&#8221;][\/et_pb_button][et_pb_text _builder_version=&#8221;4.17.6&#8243; global_colors_info=&#8221;{}&#8221; theme_builder_area=&#8221;post_content&#8221;]<\/p>\n<h2>Champs d\u2019application du CUBE pour le secteur de l\u2019h\u00f4tellerie<\/h2>\n<p>Pour votre h\u00f4tel, l\u2019acquisition d\u2019une ou de plusieurs mini v\u00e9randas r\u00e9tractables peut offrir de nombreuses possibilit\u00e9s en mati\u00e8re de confort. Parmi celles-ci, on retrouve\u00a0:<\/p>\n<h3>La cr\u00e9ation d\u2019un espace lounge<\/h3>\n<p>Vous souhaitez d\u00e9finir une salle dans laquelle vos clients peuvent <strong>se d\u00e9tendre<\/strong> et profiter d\u2019un <strong>moment privil\u00e9gi\u00e9<\/strong> au sein de votre h\u00f4tel ou maison d\u2019h\u00f4te\u00a0? C\u2019est possible gr\u00e2ce \u00e0 l\u2019am\u00e9nagement d\u2019un CUBE.<\/p>\n<p>Vous pouvez y cr\u00e9er l\u2019ambiance que vous souhaitez et y int\u00e9grer de nombreux dispositifs \u00e9lectroniques (t\u00e9l\u00e9vision, radio, ordinateur, tourne-disque, etc.). <strong>Personnalisez<\/strong>-la le plus possible afin d\u2019y cr\u00e9er l\u2019atmosph\u00e8re souhait\u00e9e et offrez \u00e0 vos h\u00f4tes un moment de <strong>bien-\u00eatre<\/strong> absolu.<\/p>\n<p>Gr\u00e2ce \u00e0 sa <strong>toiture inclinable<\/strong>, vos clients profitent d\u2019une <strong>protection <\/strong>contre le soleil, la pluie, la chaleur ou l\u2019exc\u00e8s de lumi\u00e8re. L\u2019ajout de <strong>stores<\/strong> sur les parois vitr\u00e9es peut lui aussi remplir ce r\u00f4le (en tout cas pour la chaleur et la lumi\u00e8re du soleil).<\/p>\n<p>&nbsp;<\/p>\n<p>&nbsp;<\/p>\n<h3>L\u2019am\u00e9nagement d\u2019un espace fumeurs (de cigares)<\/h3>\n<p>Les normes sont de plus en plus strictes quant \u00e0 l\u2019utilisation de cigarettes, cigares et autres versions \u00e9lectroniques. Pour contenter au mieux vos clients fumeurs et les abriter en cas de besoin, il vous est possible de d\u00e9limiter une <strong>zone fumeurs<\/strong> \u00e0 l\u2019aide d\u2019une mini v\u00e9randa.<\/p>\n<p>Celle-ci peut \u00eatre \u00e9quip\u00e9e d\u2019extracteurs d\u2019air, voire d\u2019un syst\u00e8me de ventilation complet, vous permettant de <strong>filtrer et de renouveler l\u2019air en continu<\/strong> afin d\u2019\u00e9viter tout probl\u00e8me \u00e0 l\u2019int\u00e9rieur de la structure.<\/p>\n<p>&nbsp;<\/p>\n<p>&nbsp;<\/p>\n<h3>La privatisation d\u2019un espace VIP<\/h3>\n<p>Envie d\u2019offrir un service votre client\u00e8le\u00a0? Pourquoi ne pas opter pour la <strong>cr\u00e9ation d\u2019une zone VIP<\/strong> dans l\u2019environnement de votre h\u00f4tel\u00a0? En bord de piscine, dans vos jardins, sur la terrasse de votre h\u00f4tel, au milieu de la for\u00eat, ou encore sur la plage\u2026 les possibilit\u00e9s sont nombreuses.<\/p>\n<p>Ce <strong>moment d\u2019\u00e9vasion<\/strong> et de <strong>confort<\/strong> propos\u00e9 \u00e0 vos clients leur laissera assur\u00e9ment un souvenir imp\u00e9rissable\u00a0!<\/p>\n<p>&nbsp;<\/p>\n<p>&nbsp;<\/p>\n<h3>La disposition de tables suppl\u00e9mentaires pour se restaurer<\/h3>\n<p>Dans le cadre de la crise sanitaire, les restaurateurs et autres professionnels de l\u2019HORECA sont amen\u00e9s \u00e0 \u00e9loigner leurs tables afin de garantir une distance r\u00e9glementaire entre les tables.<\/p>\n<p>Pour respecter ces distances sociales, chaque acteur de la restauration doit trouver des solutions pour permettre \u00e0 ses clients de profiter de sa terrasse. Ces <strong>structures en aluminium pr\u00e9vues pour 2 \u00e0 6 personnes dont les parois sont vitr\u00e9es<\/strong>\u00a0sont une solution id\u00e9ale \u00e0 cette probl\u00e9matique !<\/p>\n<p>Il est d\u00e8s lors possible de conserver le confort des petits groupes tout en ouvrant leur perspective et leur champ de vision vers l\u2019ext\u00e9rieur et les autres clients.<\/p>\n<p>&nbsp;<\/p>\n<p>&nbsp;<\/p>\n<h3>La mise \u00e0 disposition d\u2019espaces nuit insolites<\/h3>\n<p>D\u00e9clinables \u00e0 l\u2019envi, ces micro v\u00e9randas r\u00e9tractables peuvent m\u00eame \u00eatre utilis\u00e9es comme <strong>chambres suppl\u00e9mentaires<\/strong>\u00a0! <strong>Insolites<\/strong>, ces nuit\u00e9es dans cet espace intime offriront \u00e0 coup s\u00fbr une exp\u00e9rience unique \u00e0 vos clients\u00a0!<\/p>\n<p>Les <a href=\"https:\/\/www.verandair.com\/fr\/veranda\/parois-coulissantes-verre\/\"><strong>parois coulissantes<\/strong><\/a> du CUBE peuvent \u00eatre <strong>vitr\u00e9es ou compl\u00e8tement opaques<\/strong>. Ce qui est \u00e9galement le cas pour sa toiture.<\/p>\n<p>Vous pourriez par exemple fermer les c\u00f4t\u00e9s et proposer une toiture vitr\u00e9e permettant \u00e0 vos h\u00f4tes de contempler les \u00e9toiles et leur magnifique lumi\u00e8re la nuit. Ou encore opacifier le toit et laisser une paroi vitr\u00e9e sur un des c\u00f4t\u00e9s du CUBE afin de proposer \u00e0 vos invit\u00e9s la possibilit\u00e9 de contempler la nature qui les entoure. Ou pourquoi pas mixer les deux\u00a0?<\/p>\n<p>Libre \u00e0 vous de <strong>configurer votre exemplaire comme bon vous semble<\/strong>\u00a0gr\u00e2ce \u00e0 notre offre sur mesure !<\/p>\n<p>[\/et_pb_text][et_pb_button button_url=&#8221;https:\/\/www.verandair.com\/fr\/contact\/&#8221; button_text=&#8221;Discutons de votre projet&#8221; button_alignment=&#8221;center&#8221; _builder_version=&#8221;4.17.6&#8243; global_colors_info=&#8221;{}&#8221; theme_builder_area=&#8221;post_content&#8221;][\/et_pb_button][et_pb_text _builder_version=&#8221;4.17.6&#8243; global_colors_info=&#8221;{}&#8221; theme_builder_area=&#8221;post_content&#8221;]<\/p>\n<h2>Quid des maisons d\u2019h\u00f4te\u00a0et autres g\u00eetes\u00a0?<\/h2>\n<p>Nombreuses sont les maisons d&#8217;h\u00f4tes dans le paysage touristique belge et international. D\u00e8s lors, il est n\u00e9cessaire de <strong>vous d\u00e9marquer de la concurrence<\/strong> et de proposer des exp\u00e9riences uniques \u00e0 vos convives dans le cadre de votre projet.<\/p>\n<p>Pour cela, quoi de mieux que d\u2019opter pour le confort d\u2019une <strong>mini v\u00e9randa r\u00e9tractable am\u00e9nag\u00e9e \u00e0 votre image<\/strong>\u00a0? En tant que propri\u00e9taire d\u2019un h\u00e9bergement, vous pouvez l\u2019utiliser pour y installer le coin repas, comme pool house au bord de la piscine, comme abri de jacuzzi\u2026 les possibilit\u00e9s sont nombreuses et vous offrent des perspectives int\u00e9ressantes pour l\u2019accueil de vos clients. Vous pouvez m\u00eame envisager l\u2019acquisition de plusieurs <strong>modules<\/strong>.<\/p>\n<p>&nbsp;<\/p>\n<h2>Envie d\u2019en savoir plus sur le CUBE et ses atouts pour votre \u00e9tablissement\u00a0?<\/h2>\n<p>Vous \u00eates int\u00e9ress\u00e9 par notre mini v\u00e9randa de qualit\u00e9 et les applications qu\u2019elle pourrait avoir dans votre h\u00f4tel, votre maison d\u2019h\u00f4te ou votre g\u00eete\u00a0? Pourquoi ne pas nous contacter afin de b\u00e9n\u00e9ficier de nos conseils et d\u2019un devis 100% transparent\u00a0?<\/p>\n<p>[\/et_pb_text][\/et_pb_column][\/et_pb_row][\/et_pb_section][et_pb_section fb_built=&#8221;1&#8243; _builder_version=&#8221;4.27.5&#8243; _module_preset=&#8221;a37cb46d-a9cb-4f77-bbbd-8966bde7aff0&#8243; saved_tabs=&#8221;all&#8221; locked=&#8221;off&#8221; global_colors_info=&#8221;{}&#8221; global_module=&#8221;74566&#8243; theme_builder_area=&#8221;post_content&#8221;][et_pb_row _builder_version=&#8221;4.27.5&#8243; _module_preset=&#8221;default&#8221; width=&#8221;100%&#8221; max_width=&#8221;100%&#8221; custom_padding=&#8221;0px|20px||20px|false|true&#8221; global_colors_info=&#8221;{}&#8221; theme_builder_area=&#8221;post_content&#8221;][et_pb_column type=&#8221;4_4&#8243; _builder_version=&#8221;4.23.4&#8243; _module_preset=&#8221;default&#8221; custom_padding=&#8221;50px||||false|false&#8221; global_colors_info=&#8221;{}&#8221; theme_builder_area=&#8221;post_content&#8221;][et_pb_image src=&#8221;https:\/\/www.verandair.com\/wp-content\/uploads\/2026\/02\/VERAN-brochure-A4-2026.webp&#8221; alt=&#8221;Brochure 2026 Verandair&#8221; title_text=&#8221;VERAN-brochure-A4-2026&#8243; align=&#8221;center&#8221; _builder_version=&#8221;4.27.5&#8243; _module_preset=&#8221;default&#8221; max_width=&#8221;300px&#8221; max_width_last_edited=&#8221;off|desktop&#8221; custom_margin=&#8221;0px||0px||false|false&#8221; scroll_vertical_motion_enable=&#8221;on&#8221; scroll_vertical_motion=&#8221;0|40|40|100|-0.5|0|0&#8243; scroll_fade_enable=&#8221;on&#8221; scroll_fade=&#8221;0|40|40|100|0|100|100&#8243; global_colors_info=&#8221;{}&#8221; theme_builder_area=&#8221;post_content&#8221;][\/et_pb_image][et_pb_text _builder_version=&#8221;4.27.5&#8243; _module_preset=&#8221;default&#8221; header_2_font_size=&#8221;32px&#8221; text_orientation=&#8221;center&#8221; custom_margin=&#8221;||15px||false|false&#8221; global_colors_info=&#8221;{%22gcid-4f3ca7d5-152d-4540-91b1-cc24563bf794%22:%91%22text_text_shadow_color%22%93}&#8221; theme_builder_area=&#8221;post_content&#8221;]<\/p>\n<h2><strong>Envie d&#8217;en savoir plus<\/strong> avant de vous d\u00e9cider ?<br \/><span data-metadata=\"&lt;!--(figmeta)eyJmaWxlS2V5IjoiNDJrcExzUGY2N0VsN0FkMldFdElreCIsInBhc3RlSUQiOjI4MTE1MTAxNSwiZGF0YVR5cGUiOiJzY2VuZSJ9Cg==(\/figmeta)--&gt;\"><\/span><\/h2>\n<p>[\/et_pb_text][et_pb_divider show_divider=&#8221;off&#8221; _builder_version=&#8221;4.27.5&#8243; _module_preset=&#8221;2adabd0f-cb12-404f-9aa7-a3088280e564&#8243; module_alignment=&#8221;center&#8221; global_colors_info=&#8221;{}&#8221; theme_builder_area=&#8221;post_content&#8221;][\/et_pb_divider][et_pb_text _builder_version=&#8221;4.27.5&#8243; _module_preset=&#8221;default&#8221; text_orientation=&#8221;center&#8221; custom_margin=&#8221;||50px||false|false&#8221; global_colors_info=&#8221;{%22gcid-4f3ca7d5-152d-4540-91b1-cc24563bf794%22:%91%22text_text_shadow_color%22%93}&#8221; theme_builder_area=&#8221;post_content&#8221;]<\/p>\n<p><span><strong>T\u00e9l\u00e9chargez la nouvelle brochure 2026<\/strong>\u00a0et d\u00e9couvrez notre <strong>gamme compl\u00e8te de produits<\/strong> pour profiter de votre vie en plein air toute l&#8217;ann\u00e9e.<\/span><\/p>\n<p>[\/et_pb_text][et_pb_button url_new_window=&#8221;on&#8221; button_text=&#8221;Je t\u00e9l\u00e9charge ma brochure&#8221; button_alignment=&#8221;center&#8221; _builder_version=&#8221;4.27.5&#8243; _module_preset=&#8221;ae8d3791-01a2-4c4b-b221-c3f14f812284&#8243; global_colors_info=&#8221;{}&#8221; theme_builder_area=&#8221;post_content&#8221;][\/et_pb_button][\/et_pb_column][\/et_pb_row][\/et_pb_section]<\/p>\n","protected":false},"excerpt":{"rendered":"<p>Les micro v\u00e9randas r\u00e9tractables peuvent \u00eatre un atout de choix pour les h\u00f4tels, g\u00eetes et autres maisons d\u2019h\u00f4te d\u00e9sirant offrir \u00e0 leurs clients une exp\u00e9rience atypique. D\u00e9couvrez les avantages de cette solution pour le secteur de l\u2019h\u00e9bergement.Les micro v\u00e9randas r\u00e9tractables, c\u2019est quoi au juste\u00a0? Il s\u2019agit d\u2019abris de terrasse r\u00e9tractables de petite taille (pour 2 \u00e0 6 personnes environ) destin\u00e9s \u00e0 privatiser des espaces et \u00e0 profiter des ext\u00e9rieurs tout en restant abrit\u00e9 des conditions m\u00e9t\u00e9orologiques (soleil, pluie, etc.). VERANDAIR propose sa solution en la mati\u00e8re\u00a0: le CUBE. Cette structure en aluminium est facile \u00e0 placer et peut \u00eatre install\u00e9e dans de nombreux environnements (jardin, terrasse, plage, bord de lac&#8230;). Elle est 100% personnalisable, puisque r\u00e9alis\u00e9e sur mesure, et vous permet de jouir d\u2019un produit de qualit\u00e9, fini et \u00e0 votre image. L\u2019investissement est rapidement rentabilis\u00e9 (en moins d\u2019un an en g\u00e9n\u00e9ral) et vous permet de faire des b\u00e9n\u00e9fices sur le long terme.Champs d\u2019application du CUBE pour le secteur de l\u2019h\u00f4tellerie Pour votre h\u00f4tel, l\u2019acquisition d\u2019une ou de plusieurs mini v\u00e9randas r\u00e9tractables peut offrir de nombreuses possibilit\u00e9s en mati\u00e8re de confort. Parmi celles-ci, on retrouve\u00a0: La cr\u00e9ation d\u2019un espace lounge Vous souhaitez d\u00e9finir une salle dans laquelle vos clients peuvent [&hellip;]<\/p>\n","protected":false},"author":5,"featured_media":22950,"comment_status":"closed","ping_status":"closed","sticky":false,"template":"","format":"standard","meta":{"_acf_changed":false,"_et_pb_use_builder":"on","_et_pb_old_content":"<p>Lorsque l'on cherche \u00e0 embellir sa terrasse en Belgique, la pergola est souvent la premi\u00e8re structure qui vient en t\u00eate. Moins co\u00fbteuse qu'une v\u00e9randa, elle est souvent construite en bois ou en aluminium, et permet d'installer un abri dans son jardin pour profiter au maximum des beaux jours. Mais comment fixer une pergola chez soi ? Vous devrez choisir entre deux types de pergolas : la pergola adoss\u00e9e et la pergola autoportante.<\/p><h2><strong>La pergola autoportante<\/strong><\/h2><p>La pergola autoport\u00e9e repose sur quatre piliers qui soutiennent le toit. Vous n'avez pas besoin de fixer la pergola au mur : elle peut donc \u00eatre install\u00e9e o\u00f9 vous le souhaitez sur votre terrain. La pergola autoportante peut servir d'abri l\u00e0 o\u00f9 vous aurez besoin d'ombre en \u00e9t\u00e9. Elle sera particuli\u00e8rement esth\u00e9tique dans un grand terrain ou pr\u00e8s d'une piscine.<\/p><p>Cette installation peut \u00eatre r\u00e9alis\u00e9e en de nombreux styles et mat\u00e9riaux diff\u00e9rents. Vous aurez ainsi le choix entre une pergola en aluminium, en bois ou en pvc selon vos go\u00fbts et la d\u00e9coration de votre terrain. La toiture de pergola peut \u00eatre droite ou pench\u00e9e selon l'apparence que vous recherchez.<\/p><h3><strong>Avantages et inconv\u00e9nients d\u2019une pergola autoport\u00e9e<\/strong><\/h3><p>Les avantages des pergolas autoportantes \u00a0:<\/p><ul><li>Ce type de pergola n'a besoin d'aucun mur pour \u00eatre soutenue. Elle peut donc \u00eatre install\u00e9e o\u00f9 vous le souhaitez.<\/li><li>Il s'agit d'une installation tr\u00e8s esth\u00e9tique qui ajoutera de la valeur \u00e0 votre habitation.<\/li><li>Elle permet de cr\u00e9er une terrasse \u00e0 l'ombre un peu \u00e0 l'\u00e9cart de la maison pour se d\u00e9tendre dans son jardin.<\/li><\/ul><p><strong>Les inconv\u00e9nients des pergolas autoportantes :<\/strong><\/p><ul><li>Le prix de ce type de pergola est un peu plus \u00e9lev\u00e9 que celui d'une pergola murale.<\/li><li>Cette pergola sera plus difficile \u00e0 installer sur les terrains de petite taille. En effet, elle demande un peu plus de place.<\/li><li>Cette installation peut \u00eatre un peu fragile dans les r\u00e9gions venteuses. Tout d\u00e9pendra de votre lieu d'habitation en Belgique. Elle doit aussi imp\u00e9rativement \u00eatre plac\u00e9e sur un terrain plane.<\/li><\/ul><h2><strong>La pergola adoss\u00e9e<\/strong><\/h2><p>Aussi appel\u00e9e pergola murale, cette installation doit \u00eatre accol\u00e9e \u00e0 un mur via une fixation murale. Elle peut s'apparenter \u00e0 une v\u00e9randa mais sans les murs et avec une installation plus facile et rapide. La pergola contre une fa\u00e7ade permet d'apporter de l'ombre \u00e0 la maison pendant les journ\u00e9es les plus chaudes. Cette pergola terrasse apportera une v\u00e9ritable pi\u00e8ce suppl\u00e9mentaire \u00e0 votre habitation pendant la belle saison.<\/p><p>Comme la pergola autoport\u00e9e, ce type de pergola peut se d\u00e9cliner dans de nombreux styles et mat\u00e9riaux diff\u00e9rents. Vous pourrez ainsi choisir entre une pergola en aluminium, en bois, en pvc ou en fer forg\u00e9 selon le style de votre maison. Le toit de pergola peut \u00eatre pench\u00e9 pour suivre la courbe de la toiture de votre maison ou droit pour des raisons esth\u00e9tiques. Ce choix est \u00e9galement influenc\u00e9 par l\u2019orientation du soleil et le type d\u2019ombre souhait\u00e9e.<\/p><h3><strong>Avantages et inconv\u00e9nients d\u2019une pergola adoss\u00e9e \u00e0 un mur<\/strong><\/h3><p><strong>Les avantages des pergolas adoss\u00e9es :<\/strong><\/p><ul><li>Installer une pergola contre la maison co\u00fbte moins cher que de mettre en place une pergola ind\u00e9pendante.<\/li><li>Ce type de pergola n\u00e9cessite moins d'espace et peut facilement trouver sa place sur un petit terrain. Elle prendra moins de place sur votre terrasse gr\u00e2ce \u00e0 ses deux piliers.<\/li><li>Placer une pergola contre la fa\u00e7ade de votre maison vous permet de profiter d'une pi\u00e8ce suppl\u00e9mentaire comme par exemple une cuisine d'\u00e9t\u00e9.<\/li><\/ul><p><strong>Les inconv\u00e9nients des pergolas adoss\u00e9es :<\/strong><\/p><ul><li>Pour fixer la pergola au mur, vous aurez besoin d'au moins une fa\u00e7ade d\u00e9gag\u00e9e sur votre habitation pour placer les fixations murales.<\/li><li>Les travaux d'installation seront un peu plus importants et contraignants que pour une pergola ind\u00e9pendante.<\/li><li>Le style de la pergola contre le mur devra s'adapter \u00e0 celui de votre maison pour ne pas cr\u00e9er un effet disgracieux. Votre choix sera donc un peu plus limit\u00e9.<\/li><\/ul><p>\u00a0<\/p><h2><strong>Pergola autoportante ou adoss\u00e9e\u00a0: quels crit\u00e8res de choix entre ces deux structures ?<\/strong><\/h2><p>Pour choisir comment fixer sa pergola, certains crit\u00e8res sont essentiels. Nous vous avons s\u00e9lectionn\u00e9 les plus importants.<\/p><p><strong>Vos besoins<\/strong><\/p><p>Qu'attendez-vous d'une pergola ? Si vous recherchez un espace de vie suppl\u00e9mentaire en \u00e9t\u00e9 sans avoir \u00e0 sortir trop loin de chez vous, la pergola contre la maison est le choix id\u00e9al. Vous pouvez aussi choisir ce type de pergola terrasse pour relier votre habitation \u00e0 une piscine par exemple.<\/p><p>En revanche, si vous souhaitez plut\u00f4t cr\u00e9er un espace d\u00e9tente au milieu de votre jardin, la pergola autoport\u00e9e est le mod\u00e8le \u00e0 recommander. La toiture de pergola vous prot\u00e9gera du soleil et des intemp\u00e9ries m\u00eame si vous \u00eates \u00e9loign\u00e9s de la maison.<\/p><h3><strong>Le budget disponible pour l\u2019achat et l\u2019installation de la pergola<\/strong><\/h3><p>Le prix d'installation d'une pergola d\u00e9pendra en partie de son type. En g\u00e9n\u00e9ral, \u00e0 prestations \u00e9gales, une pergola contre un mur co\u00fbtera un peu moins cher qu'une pergola ind\u00e9pendante. Mais les tarifs d\u00e9pendront aussi des mat\u00e9riaux choisis pour les piliers et le toit de la pergola. En g\u00e9n\u00e9ral, l\u2019aluminium est plus couteux que le PVC ou le bois. Les options choisies et les mat\u00e9riaux utilis\u00e9s influencent aussi le prix\u00a0! Par exemple, le toit peut \u00eatre compos\u00e9 de panneaux en polycarbonates ou encore muni de lames orientables,\u2026\u00a0; la sous-toiture peut-\u00eatre garnie d\u2019un barnum ; des panneaux ou des rideaux peuvent \u00eatre ajout\u00e9s en guise de parois.<\/p><h3><strong>La nature du terrain sur lequel la pergola sera install\u00e9e<\/strong><\/h3><p>Selon la surface et la nature de votre terrain, un type de pergola sera plus adapt\u00e9. Si vous poss\u00e9dez un grand terrain plat, vous pourrez choisir d'installer n'importe quelle pergola. En revanche, si votre terrain est petit et en pente, la pergola adoss\u00e9e sera l'installation la plus recommand\u00e9e.<\/p>","_et_gb_content_width":"","inline_featured_image":false,"footnotes":""},"categories":[33],"tags":[],"class_list":["post-22960","post","type-post","status-publish","format-standard","has-post-thumbnail","hentry","category-pergolas"],"acf":[],"yoast_head":"<!-- This site is optimized with the Yoast SEO plugin v27.5 - https:\/\/yoast.com\/product\/yoast-seo-wordpress\/ -->\n<title>Les micro-v\u00e9randas r\u00e9tractables pour le secteur de l&#039;h\u00f4tellerie<\/title>\n<meta name=\"description\" content=\"Les micro v\u00e9randas r\u00e9tractables peuvent \u00eatre un atout de choix pour les h\u00f4tels et maisons d\u2019h\u00f4te pour offrir une exp\u00e9rience atypique.\" \/>\n<meta name=\"robots\" content=\"index, follow, max-snippet:-1, max-image-preview:large, max-video-preview:-1\" \/>\n<link rel=\"canonical\" href=\"https:\/\/www.verandair.com\/fr\/micro-verandas-retractables-hotellerie\/\" \/>\n<meta property=\"og:locale\" content=\"fr_FR\" \/>\n<meta property=\"og:type\" content=\"article\" \/>\n<meta property=\"og:title\" content=\"Les micro-v\u00e9randas r\u00e9tractables pour le secteur de l&#039;h\u00f4tellerie\" \/>\n<meta property=\"og:description\" content=\"Les micro v\u00e9randas r\u00e9tractables peuvent \u00eatre un atout de choix pour les h\u00f4tels et maisons d\u2019h\u00f4te pour offrir une exp\u00e9rience atypique.\" \/>\n<meta property=\"og:url\" content=\"https:\/\/www.verandair.com\/fr\/micro-verandas-retractables-hotellerie\/\" \/>\n<meta property=\"og:site_name\" content=\"VERANDAIR\u00ae\" \/>\n<meta property=\"article:published_time\" content=\"2021-06-18T13:11:05+00:00\" \/>\n<meta property=\"article:modified_time\" content=\"2026-02-27T13:47:12+00:00\" \/>\n<meta property=\"og:image\" content=\"https:\/\/www.verandair.com\/wp-content\/uploads\/2021\/06\/cube-micro-veranda-retractable-verandair4.jpeg\" \/>\n\t<meta property=\"og:image:width\" content=\"1280\" \/>\n\t<meta property=\"og:image:height\" content=\"960\" \/>\n\t<meta property=\"og:image:type\" content=\"image\/jpeg\" \/>\n<meta name=\"author\" content=\"admin-verandair\" \/>\n<meta name=\"twitter:card\" content=\"summary_large_image\" \/>\n<meta name=\"twitter:label1\" content=\"\u00c9crit par\" \/>\n\t<meta name=\"twitter:data1\" content=\"admin-verandair\" \/>\n\t<meta name=\"twitter:label2\" content=\"Dur\u00e9e de lecture estim\u00e9e\" \/>\n\t<meta name=\"twitter:data2\" content=\"5 minutes\" \/>\n<script type=\"application\/ld+json\" class=\"yoast-schema-graph\">{\"@context\":\"https:\\\/\\\/schema.org\",\"@graph\":[{\"@type\":\"Article\",\"@id\":\"https:\\\/\\\/www.verandair.com\\\/fr\\\/micro-verandas-retractables-hotellerie\\\/#article\",\"isPartOf\":{\"@id\":\"https:\\\/\\\/www.verandair.com\\\/fr\\\/micro-verandas-retractables-hotellerie\\\/\"},\"author\":{\"name\":\"admin-verandair\",\"@id\":\"https:\\\/\\\/www.verandair.com\\\/fr\\\/#\\\/schema\\\/person\\\/cdeca2ebd6c03b60479d713f66329bc9\"},\"headline\":\"Possibilit\u00e9s offertes par les micro v\u00e9randas r\u00e9tractables pour le secteur de l\u2019h\u00f4tellerie\",\"datePublished\":\"2021-06-18T13:11:05+00:00\",\"dateModified\":\"2026-02-27T13:47:12+00:00\",\"mainEntityOfPage\":{\"@id\":\"https:\\\/\\\/www.verandair.com\\\/fr\\\/micro-verandas-retractables-hotellerie\\\/\"},\"wordCount\":1641,\"publisher\":{\"@id\":\"https:\\\/\\\/www.verandair.com\\\/fr\\\/#organization\"},\"image\":{\"@id\":\"https:\\\/\\\/www.verandair.com\\\/fr\\\/micro-verandas-retractables-hotellerie\\\/#primaryimage\"},\"thumbnailUrl\":\"https:\\\/\\\/www.verandair.com\\\/wp-content\\\/uploads\\\/2021\\\/06\\\/cube-micro-veranda-retractable-verandair4.jpeg\",\"articleSection\":[\"Pergolas\"],\"inLanguage\":\"fr-FR\"},{\"@type\":\"WebPage\",\"@id\":\"https:\\\/\\\/www.verandair.com\\\/fr\\\/micro-verandas-retractables-hotellerie\\\/\",\"url\":\"https:\\\/\\\/www.verandair.com\\\/fr\\\/micro-verandas-retractables-hotellerie\\\/\",\"name\":\"Les micro-v\u00e9randas r\u00e9tractables pour le secteur de l'h\u00f4tellerie\",\"isPartOf\":{\"@id\":\"https:\\\/\\\/www.verandair.com\\\/fr\\\/#website\"},\"primaryImageOfPage\":{\"@id\":\"https:\\\/\\\/www.verandair.com\\\/fr\\\/micro-verandas-retractables-hotellerie\\\/#primaryimage\"},\"image\":{\"@id\":\"https:\\\/\\\/www.verandair.com\\\/fr\\\/micro-verandas-retractables-hotellerie\\\/#primaryimage\"},\"thumbnailUrl\":\"https:\\\/\\\/www.verandair.com\\\/wp-content\\\/uploads\\\/2021\\\/06\\\/cube-micro-veranda-retractable-verandair4.jpeg\",\"datePublished\":\"2021-06-18T13:11:05+00:00\",\"dateModified\":\"2026-02-27T13:47:12+00:00\",\"description\":\"Les micro v\u00e9randas r\u00e9tractables peuvent \u00eatre un atout de choix pour les h\u00f4tels et maisons d\u2019h\u00f4te pour offrir une exp\u00e9rience atypique.\",\"breadcrumb\":{\"@id\":\"https:\\\/\\\/www.verandair.com\\\/fr\\\/micro-verandas-retractables-hotellerie\\\/#breadcrumb\"},\"inLanguage\":\"fr-FR\",\"potentialAction\":[{\"@type\":\"ReadAction\",\"target\":[\"https:\\\/\\\/www.verandair.com\\\/fr\\\/micro-verandas-retractables-hotellerie\\\/\"]}]},{\"@type\":\"ImageObject\",\"inLanguage\":\"fr-FR\",\"@id\":\"https:\\\/\\\/www.verandair.com\\\/fr\\\/micro-verandas-retractables-hotellerie\\\/#primaryimage\",\"url\":\"https:\\\/\\\/www.verandair.com\\\/wp-content\\\/uploads\\\/2021\\\/06\\\/cube-micro-veranda-retractable-verandair4.jpeg\",\"contentUrl\":\"https:\\\/\\\/www.verandair.com\\\/wp-content\\\/uploads\\\/2021\\\/06\\\/cube-micro-veranda-retractable-verandair4.jpeg\",\"width\":1280,\"height\":960,\"caption\":\"Le Cube - micro veranda retractable - un abri de terrasse id\u00e9al pour l'horeca\"},{\"@type\":\"BreadcrumbList\",\"@id\":\"https:\\\/\\\/www.verandair.com\\\/fr\\\/micro-verandas-retractables-hotellerie\\\/#breadcrumb\",\"itemListElement\":[{\"@type\":\"ListItem\",\"position\":1,\"name\":\"Accueil\",\"item\":{\"@type\":\"WebPage\",\"@id\":\"https:\\\/\\\/www.verandair.com\\\/fr\\\/\",\"name\":\"Accueil\"}},{\"@type\":\"ListItem\",\"position\":2,\"name\":\"Possibilit\u00e9s offertes par les micro v\u00e9randas r\u00e9tractables pour le secteur de l\u2019h\u00f4tellerie\"}]},{\"@type\":\"WebSite\",\"@id\":\"https:\\\/\\\/www.verandair.com\\\/fr\\\/#website\",\"url\":\"https:\\\/\\\/www.verandair.com\\\/fr\\\/\",\"name\":\"VERANDAIR\u00ae\",\"description\":\"\",\"publisher\":{\"@id\":\"https:\\\/\\\/www.verandair.com\\\/fr\\\/#organization\"},\"potentialAction\":[{\"@type\":\"SearchAction\",\"target\":{\"@type\":\"EntryPoint\",\"urlTemplate\":\"https:\\\/\\\/www.verandair.com\\\/fr\\\/?s={search_term_string}\"},\"query-input\":{\"@type\":\"PropertyValueSpecification\",\"valueRequired\":true,\"valueName\":\"search_term_string\"}}],\"inLanguage\":\"fr-FR\"},{\"@type\":\"Organization\",\"@id\":\"https:\\\/\\\/www.verandair.com\\\/fr\\\/#organization\",\"name\":\"Verandair\",\"url\":\"https:\\\/\\\/www.verandair.com\\\/fr\\\/\",\"logo\":{\"@type\":\"ImageObject\",\"inLanguage\":\"fr-FR\",\"@id\":\"https:\\\/\\\/www.verandair.com\\\/fr\\\/#\\\/schema\\\/logo\\\/image\\\/\",\"url\":\"https:\\\/\\\/www.verandair.com\\\/wp-content\\\/uploads\\\/2024\\\/06\\\/VERANDAIR-logo.png\",\"contentUrl\":\"https:\\\/\\\/www.verandair.com\\\/wp-content\\\/uploads\\\/2024\\\/06\\\/VERANDAIR-logo.png\",\"width\":283,\"height\":127,\"caption\":\"Verandair\"},\"image\":{\"@id\":\"https:\\\/\\\/www.verandair.com\\\/fr\\\/#\\\/schema\\\/logo\\\/image\\\/\"}},{\"@type\":\"Person\",\"@id\":\"https:\\\/\\\/www.verandair.com\\\/fr\\\/#\\\/schema\\\/person\\\/cdeca2ebd6c03b60479d713f66329bc9\",\"name\":\"admin-verandair\",\"image\":{\"@type\":\"ImageObject\",\"inLanguage\":\"fr-FR\",\"@id\":\"https:\\\/\\\/secure.gravatar.com\\\/avatar\\\/933ed88eb2b3e194c00d3516e15b0e50c947c76a16e37565b6eb035b6954d0c4?s=96&d=mm&r=g\",\"url\":\"https:\\\/\\\/secure.gravatar.com\\\/avatar\\\/933ed88eb2b3e194c00d3516e15b0e50c947c76a16e37565b6eb035b6954d0c4?s=96&d=mm&r=g\",\"contentUrl\":\"https:\\\/\\\/secure.gravatar.com\\\/avatar\\\/933ed88eb2b3e194c00d3516e15b0e50c947c76a16e37565b6eb035b6954d0c4?s=96&d=mm&r=g\",\"caption\":\"admin-verandair\"}}]}<\/script>\n<!-- \/ Yoast SEO plugin. -->","yoast_head_json":{"title":"Les micro-v\u00e9randas r\u00e9tractables pour le secteur de l'h\u00f4tellerie","description":"Les micro v\u00e9randas r\u00e9tractables peuvent \u00eatre un atout de choix pour les h\u00f4tels et maisons d\u2019h\u00f4te pour offrir une exp\u00e9rience atypique.","robots":{"index":"index","follow":"follow","max-snippet":"max-snippet:-1","max-image-preview":"max-image-preview:large","max-video-preview":"max-video-preview:-1"},"canonical":"https:\/\/www.verandair.com\/fr\/micro-verandas-retractables-hotellerie\/","og_locale":"fr_FR","og_type":"article","og_title":"Les micro-v\u00e9randas r\u00e9tractables pour le secteur de l'h\u00f4tellerie","og_description":"Les micro v\u00e9randas r\u00e9tractables peuvent \u00eatre un atout de choix pour les h\u00f4tels et maisons d\u2019h\u00f4te pour offrir une exp\u00e9rience atypique.","og_url":"https:\/\/www.verandair.com\/fr\/micro-verandas-retractables-hotellerie\/","og_site_name":"VERANDAIR\u00ae","article_published_time":"2021-06-18T13:11:05+00:00","article_modified_time":"2026-02-27T13:47:12+00:00","og_image":[{"width":1280,"height":960,"url":"https:\/\/www.verandair.com\/wp-content\/uploads\/2021\/06\/cube-micro-veranda-retractable-verandair4.jpeg","type":"image\/jpeg"}],"author":"admin-verandair","twitter_card":"summary_large_image","twitter_misc":{"\u00c9crit par":"admin-verandair","Dur\u00e9e de lecture estim\u00e9e":"5 minutes"},"schema":{"@context":"https:\/\/schema.org","@graph":[{"@type":"Article","@id":"https:\/\/www.verandair.com\/fr\/micro-verandas-retractables-hotellerie\/#article","isPartOf":{"@id":"https:\/\/www.verandair.com\/fr\/micro-verandas-retractables-hotellerie\/"},"author":{"name":"admin-verandair","@id":"https:\/\/www.verandair.com\/fr\/#\/schema\/person\/cdeca2ebd6c03b60479d713f66329bc9"},"headline":"Possibilit\u00e9s offertes par les micro v\u00e9randas r\u00e9tractables pour le secteur de l\u2019h\u00f4tellerie","datePublished":"2021-06-18T13:11:05+00:00","dateModified":"2026-02-27T13:47:12+00:00","mainEntityOfPage":{"@id":"https:\/\/www.verandair.com\/fr\/micro-verandas-retractables-hotellerie\/"},"wordCount":1641,"publisher":{"@id":"https:\/\/www.verandair.com\/fr\/#organization"},"image":{"@id":"https:\/\/www.verandair.com\/fr\/micro-verandas-retractables-hotellerie\/#primaryimage"},"thumbnailUrl":"https:\/\/www.verandair.com\/wp-content\/uploads\/2021\/06\/cube-micro-veranda-retractable-verandair4.jpeg","articleSection":["Pergolas"],"inLanguage":"fr-FR"},{"@type":"WebPage","@id":"https:\/\/www.verandair.com\/fr\/micro-verandas-retractables-hotellerie\/","url":"https:\/\/www.verandair.com\/fr\/micro-verandas-retractables-hotellerie\/","name":"Les micro-v\u00e9randas r\u00e9tractables pour le secteur de l'h\u00f4tellerie","isPartOf":{"@id":"https:\/\/www.verandair.com\/fr\/#website"},"primaryImageOfPage":{"@id":"https:\/\/www.verandair.com\/fr\/micro-verandas-retractables-hotellerie\/#primaryimage"},"image":{"@id":"https:\/\/www.verandair.com\/fr\/micro-verandas-retractables-hotellerie\/#primaryimage"},"thumbnailUrl":"https:\/\/www.verandair.com\/wp-content\/uploads\/2021\/06\/cube-micro-veranda-retractable-verandair4.jpeg","datePublished":"2021-06-18T13:11:05+00:00","dateModified":"2026-02-27T13:47:12+00:00","description":"Les micro v\u00e9randas r\u00e9tractables peuvent \u00eatre un atout de choix pour les h\u00f4tels et maisons d\u2019h\u00f4te pour offrir une exp\u00e9rience atypique.","breadcrumb":{"@id":"https:\/\/www.verandair.com\/fr\/micro-verandas-retractables-hotellerie\/#breadcrumb"},"inLanguage":"fr-FR","potentialAction":[{"@type":"ReadAction","target":["https:\/\/www.verandair.com\/fr\/micro-verandas-retractables-hotellerie\/"]}]},{"@type":"ImageObject","inLanguage":"fr-FR","@id":"https:\/\/www.verandair.com\/fr\/micro-verandas-retractables-hotellerie\/#primaryimage","url":"https:\/\/www.verandair.com\/wp-content\/uploads\/2021\/06\/cube-micro-veranda-retractable-verandair4.jpeg","contentUrl":"https:\/\/www.verandair.com\/wp-content\/uploads\/2021\/06\/cube-micro-veranda-retractable-verandair4.jpeg","width":1280,"height":960,"caption":"Le Cube - micro veranda retractable - un abri de terrasse id\u00e9al pour l'horeca"},{"@type":"BreadcrumbList","@id":"https:\/\/www.verandair.com\/fr\/micro-verandas-retractables-hotellerie\/#breadcrumb","itemListElement":[{"@type":"ListItem","position":1,"name":"Accueil","item":{"@type":"WebPage","@id":"https:\/\/www.verandair.com\/fr\/","name":"Accueil"}},{"@type":"ListItem","position":2,"name":"Possibilit\u00e9s offertes par les micro v\u00e9randas r\u00e9tractables pour le secteur de l\u2019h\u00f4tellerie"}]},{"@type":"WebSite","@id":"https:\/\/www.verandair.com\/fr\/#website","url":"https:\/\/www.verandair.com\/fr\/","name":"VERANDAIR\u00ae","description":"","publisher":{"@id":"https:\/\/www.verandair.com\/fr\/#organization"},"potentialAction":[{"@type":"SearchAction","target":{"@type":"EntryPoint","urlTemplate":"https:\/\/www.verandair.com\/fr\/?s={search_term_string}"},"query-input":{"@type":"PropertyValueSpecification","valueRequired":true,"valueName":"search_term_string"}}],"inLanguage":"fr-FR"},{"@type":"Organization","@id":"https:\/\/www.verandair.com\/fr\/#organization","name":"Verandair","url":"https:\/\/www.verandair.com\/fr\/","logo":{"@type":"ImageObject","inLanguage":"fr-FR","@id":"https:\/\/www.verandair.com\/fr\/#\/schema\/logo\/image\/","url":"https:\/\/www.verandair.com\/wp-content\/uploads\/2024\/06\/VERANDAIR-logo.png","contentUrl":"https:\/\/www.verandair.com\/wp-content\/uploads\/2024\/06\/VERANDAIR-logo.png","width":283,"height":127,"caption":"Verandair"},"image":{"@id":"https:\/\/www.verandair.com\/fr\/#\/schema\/logo\/image\/"}},{"@type":"Person","@id":"https:\/\/www.verandair.com\/fr\/#\/schema\/person\/cdeca2ebd6c03b60479d713f66329bc9","name":"admin-verandair","image":{"@type":"ImageObject","inLanguage":"fr-FR","@id":"https:\/\/secure.gravatar.com\/avatar\/933ed88eb2b3e194c00d3516e15b0e50c947c76a16e37565b6eb035b6954d0c4?s=96&d=mm&r=g","url":"https:\/\/secure.gravatar.com\/avatar\/933ed88eb2b3e194c00d3516e15b0e50c947c76a16e37565b6eb035b6954d0c4?s=96&d=mm&r=g","contentUrl":"https:\/\/secure.gravatar.com\/avatar\/933ed88eb2b3e194c00d3516e15b0e50c947c76a16e37565b6eb035b6954d0c4?s=96&d=mm&r=g","caption":"admin-verandair"}}]}},"_links":{"self":[{"href":"https:\/\/www.verandair.com\/fr\/wp-json\/wp\/v2\/posts\/22960","targetHints":{"allow":["GET"]}}],"collection":[{"href":"https:\/\/www.verandair.com\/fr\/wp-json\/wp\/v2\/posts"}],"about":[{"href":"https:\/\/www.verandair.com\/fr\/wp-json\/wp\/v2\/types\/post"}],"author":[{"embeddable":true,"href":"https:\/\/www.verandair.com\/fr\/wp-json\/wp\/v2\/users\/5"}],"replies":[{"embeddable":true,"href":"https:\/\/www.verandair.com\/fr\/wp-json\/wp\/v2\/comments?post=22960"}],"version-history":[{"count":3,"href":"https:\/\/www.verandair.com\/fr\/wp-json\/wp\/v2\/posts\/22960\/revisions"}],"predecessor-version":[{"id":74567,"href":"https:\/\/www.verandair.com\/fr\/wp-json\/wp\/v2\/posts\/22960\/revisions\/74567"}],"wp:featuredmedia":[{"embeddable":true,"href":"https:\/\/www.verandair.com\/fr\/wp-json\/wp\/v2\/media\/22950"}],"wp:attachment":[{"href":"https:\/\/www.verandair.com\/fr\/wp-json\/wp\/v2\/media?parent=22960"}],"wp:term":[{"taxonomy":"category","embeddable":true,"href":"https:\/\/www.verandair.com\/fr\/wp-json\/wp\/v2\/categories?post=22960"},{"taxonomy":"post_tag","embeddable":true,"href":"https:\/\/www.verandair.com\/fr\/wp-json\/wp\/v2\/tags?post=22960"}],"curies":[{"name":"wp","href":"https:\/\/api.w.org\/{rel}","templated":true}]}}