{"id":27809,"date":"2022-10-03T16:20:14","date_gmt":"2022-10-03T14:20:14","guid":{"rendered":"https:\/\/www.verandair.com\/?p=27809"},"modified":"2026-02-27T15:13:56","modified_gmt":"2026-02-27T14:13:56","slug":"5-idees-pour-amenager-votre-jardin-dhiver","status":"publish","type":"post","link":"https:\/\/www.verandair.com\/fr\/5-idees-pour-amenager-votre-jardin-dhiver\/","title":{"rendered":"5 id\u00e9es pour am\u00e9nager votre jardin d\u2019hiver"},"content":{"rendered":"<p>[et_pb_section fb_built=&#8221;1&#8243; admin_label=&#8221;section&#8221; _builder_version=&#8221;4.16&#8243; global_colors_info=&#8221;{}&#8221; theme_builder_area=&#8221;post_content&#8221;][et_pb_row admin_label=&#8221;row&#8221; _builder_version=&#8221;4.16&#8243; background_size=&#8221;initial&#8221; background_position=&#8221;top_left&#8221; background_repeat=&#8221;repeat&#8221; global_colors_info=&#8221;{}&#8221; theme_builder_area=&#8221;post_content&#8221;][et_pb_column type=&#8221;4_4&#8243; _builder_version=&#8221;4.16&#8243; custom_padding=&#8221;|||&#8221; global_colors_info=&#8221;{}&#8221; custom_padding__hover=&#8221;|||&#8221; theme_builder_area=&#8221;post_content&#8221;][et_pb_text _builder_version=&#8221;4.17.6&#8243; global_colors_info=&#8221;{}&#8221; theme_builder_area=&#8221;post_content&#8221;]<\/p>\n<p>\u200bEnvie d\u2019un <strong>coin cocooning<\/strong> o\u00f9 profiter de l\u2019ambiance hivernale\u00a0? Pourquoi ne pas am\u00e9nager un joli <strong>jardin d\u2019hiver<\/strong> dans votre <a href=\"https:\/\/www.verandair.com\/fr\/veranda\/\">v\u00e9randa<\/a> ou <a href=\"https:\/\/www.verandair.com\/fr\/pergolas\/\">pergola<\/a> ? Une mani\u00e8re de continuer \u00e0 <strong>profiter <\/strong>de vos espaces ext\u00e9rieurs, tout en restant bien <strong>au chaud<\/strong>. Dans cet article, nous vous expliquons le principe du jardin d\u2019int\u00e9rieur et comment y passer un hiver confortable.<\/p>\n<h2>Pourquoi un jardin d\u2019hiver ?<\/h2>\n<p>Commen\u00e7ons par comprendre en quoi cela consiste. Le jardin d\u2019hiver est une <a href=\"https:\/\/www.verandair.com\/fr\/veranda\/verandas-bioclimatiques-retractables\/\"><strong>pi\u00e8ce vitr\u00e9e<\/strong><\/a>, souvent adoss\u00e9e \u00e0 votre maison ou appartement, destin\u00e9e \u00e0 <strong>abriter les plantes sensibles au froid<\/strong>. Ces derni\u00e8res profitent ainsi de la luminosit\u00e9 du soleil, sans subir les temp\u00e9ratures hivernales. Par la m\u00eame occasion, vous aussi, vous profitez d\u2019un espace de verdure toute l\u2019ann\u00e9e en \u00e9tant prot\u00e9g\u00e9 des intemp\u00e9ries.<\/p>\n<p>Lorsqu\u2019il est am\u00e9nag\u00e9, le <a href=\"https:\/\/www.verandair.com\/fr\/veranda\/abri-de-terrasse\/\">jardin d\u2019int\u00e9rieur<\/a> vous donne la possibilit\u00e9 de <strong>profiter autrement de la saison froide<\/strong>. Cr\u00e9ez un lieu cocooning, trouvez l\u2019inspiration dans un atelier v\u00e9g\u00e9tal ou mangez comme si vous \u00e9tiez en terrasse\u00a0!<\/p>\n<p>[\/et_pb_text][et_pb_text _builder_version=&#8221;4.17.6&#8243; global_colors_info=&#8221;{}&#8221; theme_builder_area=&#8221;post_content&#8221;]<\/p>\n<h2>O\u00f9 cr\u00e9er votre jardin d\u2019int\u00e9rieur\u00a0?<\/h2>\n<h3>Dans une v\u00e9randa<\/h3>\n<p>Le jardin d\u2019hiver est g\u00e9n\u00e9ralement am\u00e9nag\u00e9 dans un <a href=\"https:\/\/www.verandair.com\/fr\/veranda\/abri-de-terrasse\/\"><strong>abri de terrasse <\/strong>ou<strong> v\u00e9randa froide<\/strong><\/a>. Gr\u00e2ce aux baies vitr\u00e9es et \u00e0 son toit en verre, la v\u00e9randa est une pi\u00e8ce baign\u00e9e de lumi\u00e8re et chauff\u00e9e naturellement par le soleil ! En plus, vous pouvez facilement l\u2019<strong>a\u00e9rer<\/strong> r\u00e9guli\u00e8rement pour maintenir la bonne sant\u00e9 de vos plantes.<\/p>\n<p>[\/et_pb_text][et_pb_button button_url=&#8221;https:\/\/www.verandair.com\/fr\/veranda\/&#8221; button_text=&#8221;D\u00e9couvrez nos v\u00e9randas&#8221; button_alignment=&#8221;center&#8221; _builder_version=&#8221;4.17.6&#8243; _module_preset=&#8221;default&#8221; global_colors_info=&#8221;{}&#8221; theme_builder_area=&#8221;post_content&#8221;][\/et_pb_button][et_pb_text _builder_version=&#8221;4.17.6&#8243; _module_preset=&#8221;default&#8221; global_colors_info=&#8221;{}&#8221; theme_builder_area=&#8221;post_content&#8221;]<\/p>\n<h3>Dans une pergola bioclimatique avec baies vitr\u00e9es<\/h3>\n<p>Fermer votre <strong><a href=\"https:\/\/www.verandair.com\/fr\/pergolas\/\">pergola<\/a>\u00a0<\/strong>pour en faire un jardin d\u2019hiver\u00a0? C\u2019est possible\u00a0! Vous pouvez lui ajouter <strong>des <a href=\"https:\/\/www.verandair.com\/fr\/pergolas\/baie-vitree-coulissante\/\">baies vitr\u00e9es coulissantes<\/a><\/strong>. Le vitrage vous offre ainsi une protection contre les intemp\u00e9ries et garde vos plantes \u00e0 l\u2019abri des temp\u00e9ratures hivernales. En plus, en optant pour une <strong><a href=\"https:\/\/www.verandair.com\/fr\/pergolas\/pergola-bioclimatique\/\">pergola bioclimatique<\/a><\/strong>, vous avez la possibilit\u00e9 d\u2019orienter les lames du toit \u00e0 votre convenance pour a\u00e9rer votre pergola et laisser entrer davantage la lumi\u00e8re du soleil par la toiture.<\/p>\n<p>[\/et_pb_text][et_pb_button button_url=&#8221;https:\/\/www.verandair.com\/fr\/pergolas\/&#8221; button_text=&#8221;D\u00e9couvrez nos pergolas&#8221; button_alignment=&#8221;center&#8221; _builder_version=&#8221;4.17.6&#8243; _module_preset=&#8221;default&#8221; global_colors_info=&#8221;{}&#8221; theme_builder_area=&#8221;post_content&#8221;][\/et_pb_button][et_pb_gallery gallery_ids=&#8221;26277,26279,26771,26159&#8243; fullwidth=&#8221;on&#8221; _builder_version=&#8221;4.17.6&#8243; max_width=&#8221;65%&#8221; global_colors_info=&#8221;{}&#8221; theme_builder_area=&#8221;post_content&#8221;][\/et_pb_gallery][et_pb_text _builder_version=&#8221;4.17.6&#8243; global_colors_info=&#8221;{}&#8221; theme_builder_area=&#8221;post_content&#8221;]<\/p>\n<h2>Nos id\u00e9es pour am\u00e9nager le jardin d\u2019hiver id\u00e9al<\/h2>\n<p>Maintenant, voyons comment d\u00e9gager un maximum de plaisir et de confort. N\u2019h\u00e9sitez pas \u00e0 <strong>combiner<\/strong> plusieurs de ces id\u00e9es pour rendre cet endroit encore plus agr\u00e9able.<\/p>\n<h3>Un petit coin de v\u00e9g\u00e9tation luxuriante<\/h3>\n<p>Cela va de soi, les <strong>plantes<\/strong> sont un incontournable de cette pi\u00e8ce. Rien ne vous emp\u00eache de miser enti\u00e8rement dessus pour donner un effet totalement v\u00e9g\u00e9tal \u00e0 votre v\u00e9randa ou pergola. Les plantes qui s\u2019y adaptent le mieux\u00a0? Celles qui sont <strong>adeptes d\u2019un climat doux<\/strong>. Misez sur le cactus pour un style <strong>ethnique<\/strong> ou le bonsa\u00ef pour une ambiance <strong>zen<\/strong>. Pensez aussi aux fleurs, comme l\u2019orchid\u00e9e, pour une d\u00e9co <strong>exotique<\/strong>.<\/p>\n<p>N\u2019h\u00e9sitez pas \u00e0 varier les plaisirs en y alliant des vari\u00e9t\u00e9s <strong>\u00e0 suspendre<\/strong> et d\u2019autres <strong>grimpantes<\/strong>, telles que le lierre ou le bougainvillier. Question <strong>pots<\/strong>, faites le tour des brocantes, vous en trouverez de tous les styles selon ce que vous affectionnez\u00a0: art d\u00e9co, boh\u00e8me, design,\u2026<\/p>\n<h3>Une jolie salle \u00e0 manger rustique<\/h3>\n<p>Quoi de plus agr\u00e9able que de <strong>manger en terrasse<\/strong>\u00a0? Am\u00e9nagez <a href=\"https:\/\/www.verandair.com\/fr\/abri-de-terrasse\/\">votre jardin d\u2019hiver<\/a> avec une table en bois massif agr\u00e9ment\u00e9e de bancs design, et prenez un petit-d\u00e9jeuner dans une atmosph\u00e8re champ\u00eatre. Vous pourrez \u00e9galement y <strong>recevoir des invit\u00e9s<\/strong>. Digestion en toute s\u00e9r\u00e9nit\u00e9 assur\u00e9e.<\/p>\n<p>Pour une d\u00e9co rustique qui rappelle les maisons de campagne, utilisez du <strong>mobilier r\u00e9sistant<\/strong> et des <strong>mat\u00e9riaux bruts<\/strong>. Vous pouvez, par exemple, allier des meubles chin\u00e9s en <strong>bois<\/strong> couleur naturelle et d\u2019autres peints en blanc.<\/p>\n<h3>Un salon\u00a0de th\u00e9 cosy<\/h3>\n<p>Mais rien ne vous emp\u00eache d\u2019y boire du caf\u00e9. Pour un endroit cosy, optez pour de jolis <strong>fauteuils en rotin<\/strong>, une <strong>rocking chair<\/strong> ou une jolie <strong>m\u00e9ridienne<\/strong> en fer forg\u00e9. Avec une table basse, un tapis et des plaids, vous aurez tout le loisir de contempler la gel\u00e9e matinale avec un th\u00e9 bien chaud ou en lisant un bon bouquin. L\u2019astuce\u00a0: une jolie <strong>guirlande lumineuse<\/strong> autour d\u2019une structure en bois pour donner une touche romantique \u00e0 votre espace !<\/p>\n<h3>Un atelier pour les artistes<\/h3>\n<p>Si vous avez l\u2019\u00e2me d\u2019un artiste, tirez parti de votre v\u00e9randa ou pergola avec un <strong>chevalet<\/strong> tourn\u00e9 vers la v\u00e9g\u00e9tation qui vous donnera toute l\u2019inspiration n\u00e9cessaire. Quelques <strong>\u00e9tag\u00e8res<\/strong> pour vos pots de couleur et une petite <strong>armoire<\/strong> d\u00e9got\u00e9e sur un march\u00e9 aux puces pour vos pinceaux\u00a0: vous voil\u00e0 par\u00e9(e) \u00e0 r\u00e9aliser vos plus belles aquarelles, sans risquer d\u2019en mettre une goutte dans votre maison. Plut\u00f4t bricoleur\u00a0? Si vous avez la place, pourquoi ne pas installer un <strong>\u00e9tabli<\/strong>\u00a0?<\/p>\n<h3>Un espace zen<\/h3>\n<p>Ce n\u2019est plus \u00e0 prouver, la nature poss\u00e8de des <strong>vertus relaxantes<\/strong>. Relativement isol\u00e9 des pi\u00e8ces de la maison, un jardin d\u2019hiver vous fournira le <strong>calme<\/strong> et le confort n\u00e9cessaire pour vous retrouver. Un <strong>tapis<\/strong> de yoga, des <strong>coussins<\/strong> et de jolies <strong>bougies<\/strong> pour la d\u00e9co\u00a0: le tour est jou\u00e9\u00a0! Le petit plus\u00a0: un baffle qui diffuse un air de douceur ou des sons imitant la balade en pleine nature (chant d\u2019oiseaux, eau qui ruisselle,\u2026). Vous visualisez\u00a0?<\/p>\n<h2>Un projet de pergola ou de v\u00e9randa ?<\/h2>\n<p>Si vous pensez installer une <strong><a href=\"https:\/\/www.verandair.com\/fr\/veranda\/\">v\u00e9randa<\/a> ou une <a href=\"https:\/\/www.verandair.com\/fr\/pergolas\/\">pergola<\/a> pour cr\u00e9er <\/strong><strong>un<\/strong><strong> jardin d\u2019hiver<\/strong>, n\u2019h\u00e9sitez pas \u00e0 <a href=\"https:\/\/www.verandair.com\/fr\/contact\/\">demander conseil<\/a> aux professionnels de Verandair. En tant que sp\u00e9cialistes, ils sont \u00e0 m\u00eame de vous guider sur la meilleure mani\u00e8re d\u2019orienter et de construire votre pi\u00e8ce, de fa\u00e7on \u00e0 <a href=\"https:\/\/www.verandair.com\/fr\/veranda\/verandas-bioclimatiques-retractables\/\">profiter au maximum de vos espaces ext\u00e9rieurs<\/a>.<\/p>\n<p>[\/et_pb_text][et_pb_button button_url=&#8221;https:\/\/www.verandair.com\/fr\/contact\/&#8221; button_text=&#8221;Parlons de votre projet&#8221; button_alignment=&#8221;center&#8221; _builder_version=&#8221;4.17.6&#8243; global_colors_info=&#8221;{}&#8221; theme_builder_area=&#8221;post_content&#8221;][\/et_pb_button][\/et_pb_column][\/et_pb_row][\/et_pb_section][et_pb_section fb_built=&#8221;1&#8243; _builder_version=&#8221;4.27.5&#8243; _module_preset=&#8221;a37cb46d-a9cb-4f77-bbbd-8966bde7aff0&#8243; saved_tabs=&#8221;all&#8221; locked=&#8221;off&#8221; global_colors_info=&#8221;{}&#8221; global_module=&#8221;74566&#8243; theme_builder_area=&#8221;post_content&#8221;][et_pb_row _builder_version=&#8221;4.27.5&#8243; _module_preset=&#8221;default&#8221; width=&#8221;100%&#8221; max_width=&#8221;100%&#8221; custom_padding=&#8221;0px|20px||20px|false|true&#8221; global_colors_info=&#8221;{}&#8221; theme_builder_area=&#8221;post_content&#8221;][et_pb_column type=&#8221;4_4&#8243; _builder_version=&#8221;4.23.4&#8243; _module_preset=&#8221;default&#8221; custom_padding=&#8221;50px||||false|false&#8221; global_colors_info=&#8221;{}&#8221; theme_builder_area=&#8221;post_content&#8221;][et_pb_image src=&#8221;https:\/\/www.verandair.com\/wp-content\/uploads\/2026\/02\/VERAN-brochure-A4-2026.webp&#8221; alt=&#8221;Brochure 2026 Verandair&#8221; title_text=&#8221;VERAN-brochure-A4-2026&#8243; align=&#8221;center&#8221; _builder_version=&#8221;4.27.5&#8243; _module_preset=&#8221;default&#8221; max_width=&#8221;300px&#8221; max_width_last_edited=&#8221;off|desktop&#8221; custom_margin=&#8221;0px||0px||false|false&#8221; scroll_vertical_motion_enable=&#8221;on&#8221; scroll_vertical_motion=&#8221;0|40|40|100|-0.5|0|0&#8243; scroll_fade_enable=&#8221;on&#8221; scroll_fade=&#8221;0|40|40|100|0|100|100&#8243; global_colors_info=&#8221;{}&#8221; theme_builder_area=&#8221;post_content&#8221;][\/et_pb_image][et_pb_text _builder_version=&#8221;4.27.5&#8243; _module_preset=&#8221;default&#8221; header_2_font_size=&#8221;32px&#8221; text_orientation=&#8221;center&#8221; custom_margin=&#8221;||15px||false|false&#8221; global_colors_info=&#8221;{%22gcid-4f3ca7d5-152d-4540-91b1-cc24563bf794%22:%91%22text_text_shadow_color%22%93}&#8221; theme_builder_area=&#8221;post_content&#8221;]<\/p>\n<h2><strong>Envie d&#8217;en savoir plus<\/strong> avant de vous d\u00e9cider ?<br \/><span data-metadata=\"&lt;!--(figmeta)eyJmaWxlS2V5IjoiNDJrcExzUGY2N0VsN0FkMldFdElreCIsInBhc3RlSUQiOjI4MTE1MTAxNSwiZGF0YVR5cGUiOiJzY2VuZSJ9Cg==(\/figmeta)--&gt;\"><\/span><\/h2>\n<p>[\/et_pb_text][et_pb_divider show_divider=&#8221;off&#8221; _builder_version=&#8221;4.27.5&#8243; _module_preset=&#8221;2adabd0f-cb12-404f-9aa7-a3088280e564&#8243; module_alignment=&#8221;center&#8221; global_colors_info=&#8221;{}&#8221; theme_builder_area=&#8221;post_content&#8221;][\/et_pb_divider][et_pb_text _builder_version=&#8221;4.27.5&#8243; _module_preset=&#8221;default&#8221; text_orientation=&#8221;center&#8221; custom_margin=&#8221;||50px||false|false&#8221; global_colors_info=&#8221;{%22gcid-4f3ca7d5-152d-4540-91b1-cc24563bf794%22:%91%22text_text_shadow_color%22%93}&#8221; theme_builder_area=&#8221;post_content&#8221;]<\/p>\n<p><span><strong>T\u00e9l\u00e9chargez la nouvelle brochure 2026<\/strong>\u00a0et d\u00e9couvrez notre <strong>gamme compl\u00e8te de produits<\/strong> pour profiter de votre vie en plein air toute l&#8217;ann\u00e9e.<\/span><\/p>\n<p>[\/et_pb_text][et_pb_button button_url=&#8221;https:\/\/info.verandair.com\/brochure-2026\/&#8221; url_new_window=&#8221;on&#8221; button_text=&#8221;Je t\u00e9l\u00e9charge ma brochure&#8221; button_alignment=&#8221;center&#8221; _builder_version=&#8221;4.27.5&#8243; _module_preset=&#8221;ae8d3791-01a2-4c4b-b221-c3f14f812284&#8243; global_colors_info=&#8221;{}&#8221; theme_builder_area=&#8221;post_content&#8221;][\/et_pb_button][\/et_pb_column][\/et_pb_row][\/et_pb_section]<\/p>\n","protected":false},"excerpt":{"rendered":"<p>Pour profiter de vos espaces ext\u00e9rieurs et prot\u00e9ger vos plantes sensibles au gel, pourquoi ne pas installer un jardin d&#8217;hiver dans votre v\u00e9randa ou pergola ? D\u00e9couvrez cinq fa\u00e7ons de le d\u00e9corer pour profiter au maximum de votre espace. <\/p>\n","protected":false},"author":8,"featured_media":26001,"comment_status":"closed","ping_status":"closed","sticky":false,"template":"","format":"standard","meta":{"_acf_changed":false,"_et_pb_use_builder":"on","_et_pb_old_content":"","_et_gb_content_width":"","inline_featured_image":false,"footnotes":""},"categories":[32],"tags":[],"class_list":["post-27809","post","type-post","status-publish","format-standard","has-post-thumbnail","hentry","category-abri-de-terrasse"],"acf":[],"yoast_head":"<!-- This site is optimized with the Yoast SEO plugin v27.5 - https:\/\/yoast.com\/product\/yoast-seo-wordpress\/ -->\n<title>Nos id\u00e9es pour am\u00e9nager un jardin d&#039;hiver | VERANDAIR\u00ae<\/title>\n<meta name=\"description\" content=\"Envie d&#039;un espace lumineux o\u00f9 profiter de l&#039;ambiance hivernale ? Voici nos id\u00e9es d\u00e9co pour am\u00e9nager un jardin d&#039;hiver dans votre v\u00e9randa ou pergola !\" \/>\n<meta name=\"robots\" content=\"index, follow, max-snippet:-1, max-image-preview:large, max-video-preview:-1\" \/>\n<link rel=\"canonical\" href=\"https:\/\/www.verandair.com\/fr\/5-idees-pour-amenager-votre-jardin-dhiver\/\" \/>\n<meta property=\"og:locale\" content=\"fr_FR\" \/>\n<meta property=\"og:type\" content=\"article\" \/>\n<meta property=\"og:title\" content=\"D\u00e9corez votre v\u00e9randa en am\u00e9nageant un joli jardin d&#039;hiver\" \/>\n<meta property=\"og:description\" content=\"Envie d&#039;un espace lumineux o\u00f9 profiter de l&#039;ambiance hivernale ? Voici nos id\u00e9es d\u00e9co pour am\u00e9nager un jardin d&#039;hiver dans votre v\u00e9randa ou pergola !\" \/>\n<meta property=\"og:url\" content=\"https:\/\/www.verandair.com\/fr\/5-idees-pour-amenager-votre-jardin-dhiver\/\" \/>\n<meta property=\"og:site_name\" content=\"VERANDAIR\u00ae\" \/>\n<meta property=\"article:published_time\" content=\"2022-10-03T14:20:14+00:00\" \/>\n<meta property=\"article:modified_time\" content=\"2026-02-27T14:13:56+00:00\" \/>\n<meta property=\"og:image\" content=\"https:\/\/www.verandair.com\/wp-content\/uploads\/2021\/09\/IMG_2700.jpg\" \/>\n\t<meta property=\"og:image:width\" content=\"1600\" \/>\n\t<meta property=\"og:image:height\" content=\"1200\" \/>\n\t<meta property=\"og:image:type\" content=\"image\/jpeg\" \/>\n<meta name=\"author\" content=\"Alice\" \/>\n<meta name=\"twitter:card\" content=\"summary_large_image\" \/>\n<meta name=\"twitter:label1\" content=\"\u00c9crit par\" \/>\n\t<meta name=\"twitter:data1\" content=\"Alice\" \/>\n\t<meta name=\"twitter:label2\" content=\"Dur\u00e9e de lecture estim\u00e9e\" \/>\n\t<meta name=\"twitter:data2\" content=\"4 minutes\" \/>\n<script type=\"application\/ld+json\" class=\"yoast-schema-graph\">{\"@context\":\"https:\\\/\\\/schema.org\",\"@graph\":[{\"@type\":\"Article\",\"@id\":\"https:\\\/\\\/www.verandair.com\\\/fr\\\/5-idees-pour-amenager-votre-jardin-dhiver\\\/#article\",\"isPartOf\":{\"@id\":\"https:\\\/\\\/www.verandair.com\\\/fr\\\/5-idees-pour-amenager-votre-jardin-dhiver\\\/\"},\"author\":{\"name\":\"Alice\",\"@id\":\"https:\\\/\\\/www.verandair.com\\\/fr\\\/#\\\/schema\\\/person\\\/0d97763121460877f40970171852e2a2\"},\"headline\":\"5 id\u00e9es pour am\u00e9nager votre jardin d\u2019hiver\",\"datePublished\":\"2022-10-03T14:20:14+00:00\",\"dateModified\":\"2026-02-27T14:13:56+00:00\",\"mainEntityOfPage\":{\"@id\":\"https:\\\/\\\/www.verandair.com\\\/fr\\\/5-idees-pour-amenager-votre-jardin-dhiver\\\/\"},\"wordCount\":1611,\"publisher\":{\"@id\":\"https:\\\/\\\/www.verandair.com\\\/fr\\\/#organization\"},\"image\":{\"@id\":\"https:\\\/\\\/www.verandair.com\\\/fr\\\/5-idees-pour-amenager-votre-jardin-dhiver\\\/#primaryimage\"},\"thumbnailUrl\":\"https:\\\/\\\/www.verandair.com\\\/wp-content\\\/uploads\\\/2021\\\/09\\\/IMG_2700.jpg\",\"articleSection\":[\"Abri de terrasse\"],\"inLanguage\":\"fr-FR\"},{\"@type\":\"WebPage\",\"@id\":\"https:\\\/\\\/www.verandair.com\\\/fr\\\/5-idees-pour-amenager-votre-jardin-dhiver\\\/\",\"url\":\"https:\\\/\\\/www.verandair.com\\\/fr\\\/5-idees-pour-amenager-votre-jardin-dhiver\\\/\",\"name\":\"Nos id\u00e9es pour am\u00e9nager un jardin d'hiver | VERANDAIR\u00ae\",\"isPartOf\":{\"@id\":\"https:\\\/\\\/www.verandair.com\\\/fr\\\/#website\"},\"primaryImageOfPage\":{\"@id\":\"https:\\\/\\\/www.verandair.com\\\/fr\\\/5-idees-pour-amenager-votre-jardin-dhiver\\\/#primaryimage\"},\"image\":{\"@id\":\"https:\\\/\\\/www.verandair.com\\\/fr\\\/5-idees-pour-amenager-votre-jardin-dhiver\\\/#primaryimage\"},\"thumbnailUrl\":\"https:\\\/\\\/www.verandair.com\\\/wp-content\\\/uploads\\\/2021\\\/09\\\/IMG_2700.jpg\",\"datePublished\":\"2022-10-03T14:20:14+00:00\",\"dateModified\":\"2026-02-27T14:13:56+00:00\",\"description\":\"Envie d'un espace lumineux o\u00f9 profiter de l'ambiance hivernale ? Voici nos id\u00e9es d\u00e9co pour am\u00e9nager un jardin d'hiver dans votre v\u00e9randa ou pergola !\",\"breadcrumb\":{\"@id\":\"https:\\\/\\\/www.verandair.com\\\/fr\\\/5-idees-pour-amenager-votre-jardin-dhiver\\\/#breadcrumb\"},\"inLanguage\":\"fr-FR\",\"potentialAction\":[{\"@type\":\"ReadAction\",\"target\":[\"https:\\\/\\\/www.verandair.com\\\/fr\\\/5-idees-pour-amenager-votre-jardin-dhiver\\\/\"]}]},{\"@type\":\"ImageObject\",\"inLanguage\":\"fr-FR\",\"@id\":\"https:\\\/\\\/www.verandair.com\\\/fr\\\/5-idees-pour-amenager-votre-jardin-dhiver\\\/#primaryimage\",\"url\":\"https:\\\/\\\/www.verandair.com\\\/wp-content\\\/uploads\\\/2021\\\/09\\\/IMG_2700.jpg\",\"contentUrl\":\"https:\\\/\\\/www.verandair.com\\\/wp-content\\\/uploads\\\/2021\\\/09\\\/IMG_2700.jpg\",\"width\":1600,\"height\":1200,\"caption\":\"jardin d'hiver v\u00e9randa froide\"},{\"@type\":\"BreadcrumbList\",\"@id\":\"https:\\\/\\\/www.verandair.com\\\/fr\\\/5-idees-pour-amenager-votre-jardin-dhiver\\\/#breadcrumb\",\"itemListElement\":[{\"@type\":\"ListItem\",\"position\":1,\"name\":\"Accueil\",\"item\":{\"@type\":\"WebPage\",\"@id\":\"https:\\\/\\\/www.verandair.com\\\/fr\\\/\",\"name\":\"Accueil\"}},{\"@type\":\"ListItem\",\"position\":2,\"name\":\"5 id\u00e9es pour am\u00e9nager votre jardin d\u2019hiver\"}]},{\"@type\":\"WebSite\",\"@id\":\"https:\\\/\\\/www.verandair.com\\\/fr\\\/#website\",\"url\":\"https:\\\/\\\/www.verandair.com\\\/fr\\\/\",\"name\":\"VERANDAIR\u00ae\",\"description\":\"\",\"publisher\":{\"@id\":\"https:\\\/\\\/www.verandair.com\\\/fr\\\/#organization\"},\"potentialAction\":[{\"@type\":\"SearchAction\",\"target\":{\"@type\":\"EntryPoint\",\"urlTemplate\":\"https:\\\/\\\/www.verandair.com\\\/fr\\\/?s={search_term_string}\"},\"query-input\":{\"@type\":\"PropertyValueSpecification\",\"valueRequired\":true,\"valueName\":\"search_term_string\"}}],\"inLanguage\":\"fr-FR\"},{\"@type\":\"Organization\",\"@id\":\"https:\\\/\\\/www.verandair.com\\\/fr\\\/#organization\",\"name\":\"Verandair\",\"url\":\"https:\\\/\\\/www.verandair.com\\\/fr\\\/\",\"logo\":{\"@type\":\"ImageObject\",\"inLanguage\":\"fr-FR\",\"@id\":\"https:\\\/\\\/www.verandair.com\\\/fr\\\/#\\\/schema\\\/logo\\\/image\\\/\",\"url\":\"https:\\\/\\\/www.verandair.com\\\/wp-content\\\/uploads\\\/2024\\\/06\\\/VERANDAIR-logo.png\",\"contentUrl\":\"https:\\\/\\\/www.verandair.com\\\/wp-content\\\/uploads\\\/2024\\\/06\\\/VERANDAIR-logo.png\",\"width\":283,\"height\":127,\"caption\":\"Verandair\"},\"image\":{\"@id\":\"https:\\\/\\\/www.verandair.com\\\/fr\\\/#\\\/schema\\\/logo\\\/image\\\/\"}},{\"@type\":\"Person\",\"@id\":\"https:\\\/\\\/www.verandair.com\\\/fr\\\/#\\\/schema\\\/person\\\/0d97763121460877f40970171852e2a2\",\"name\":\"Alice\",\"image\":{\"@type\":\"ImageObject\",\"inLanguage\":\"fr-FR\",\"@id\":\"https:\\\/\\\/secure.gravatar.com\\\/avatar\\\/a66e8d2a8f0ca0e40a41ef0745c005ca526fd833910838127297e19dfce18750?s=96&d=mm&r=g\",\"url\":\"https:\\\/\\\/secure.gravatar.com\\\/avatar\\\/a66e8d2a8f0ca0e40a41ef0745c005ca526fd833910838127297e19dfce18750?s=96&d=mm&r=g\",\"contentUrl\":\"https:\\\/\\\/secure.gravatar.com\\\/avatar\\\/a66e8d2a8f0ca0e40a41ef0745c005ca526fd833910838127297e19dfce18750?s=96&d=mm&r=g\",\"caption\":\"Alice\"}}]}<\/script>\n<!-- \/ Yoast SEO plugin. -->","yoast_head_json":{"title":"Nos id\u00e9es pour am\u00e9nager un jardin d'hiver | VERANDAIR\u00ae","description":"Envie d'un espace lumineux o\u00f9 profiter de l'ambiance hivernale ? Voici nos id\u00e9es d\u00e9co pour am\u00e9nager un jardin d'hiver dans votre v\u00e9randa ou pergola !","robots":{"index":"index","follow":"follow","max-snippet":"max-snippet:-1","max-image-preview":"max-image-preview:large","max-video-preview":"max-video-preview:-1"},"canonical":"https:\/\/www.verandair.com\/fr\/5-idees-pour-amenager-votre-jardin-dhiver\/","og_locale":"fr_FR","og_type":"article","og_title":"D\u00e9corez votre v\u00e9randa en am\u00e9nageant un joli jardin d'hiver","og_description":"Envie d'un espace lumineux o\u00f9 profiter de l'ambiance hivernale ? Voici nos id\u00e9es d\u00e9co pour am\u00e9nager un jardin d'hiver dans votre v\u00e9randa ou pergola !","og_url":"https:\/\/www.verandair.com\/fr\/5-idees-pour-amenager-votre-jardin-dhiver\/","og_site_name":"VERANDAIR\u00ae","article_published_time":"2022-10-03T14:20:14+00:00","article_modified_time":"2026-02-27T14:13:56+00:00","og_image":[{"width":1600,"height":1200,"url":"https:\/\/www.verandair.com\/wp-content\/uploads\/2021\/09\/IMG_2700.jpg","type":"image\/jpeg"}],"author":"Alice","twitter_card":"summary_large_image","twitter_misc":{"\u00c9crit par":"Alice","Dur\u00e9e de lecture estim\u00e9e":"4 minutes"},"schema":{"@context":"https:\/\/schema.org","@graph":[{"@type":"Article","@id":"https:\/\/www.verandair.com\/fr\/5-idees-pour-amenager-votre-jardin-dhiver\/#article","isPartOf":{"@id":"https:\/\/www.verandair.com\/fr\/5-idees-pour-amenager-votre-jardin-dhiver\/"},"author":{"name":"Alice","@id":"https:\/\/www.verandair.com\/fr\/#\/schema\/person\/0d97763121460877f40970171852e2a2"},"headline":"5 id\u00e9es pour am\u00e9nager votre jardin d\u2019hiver","datePublished":"2022-10-03T14:20:14+00:00","dateModified":"2026-02-27T14:13:56+00:00","mainEntityOfPage":{"@id":"https:\/\/www.verandair.com\/fr\/5-idees-pour-amenager-votre-jardin-dhiver\/"},"wordCount":1611,"publisher":{"@id":"https:\/\/www.verandair.com\/fr\/#organization"},"image":{"@id":"https:\/\/www.verandair.com\/fr\/5-idees-pour-amenager-votre-jardin-dhiver\/#primaryimage"},"thumbnailUrl":"https:\/\/www.verandair.com\/wp-content\/uploads\/2021\/09\/IMG_2700.jpg","articleSection":["Abri de terrasse"],"inLanguage":"fr-FR"},{"@type":"WebPage","@id":"https:\/\/www.verandair.com\/fr\/5-idees-pour-amenager-votre-jardin-dhiver\/","url":"https:\/\/www.verandair.com\/fr\/5-idees-pour-amenager-votre-jardin-dhiver\/","name":"Nos id\u00e9es pour am\u00e9nager un jardin d'hiver | VERANDAIR\u00ae","isPartOf":{"@id":"https:\/\/www.verandair.com\/fr\/#website"},"primaryImageOfPage":{"@id":"https:\/\/www.verandair.com\/fr\/5-idees-pour-amenager-votre-jardin-dhiver\/#primaryimage"},"image":{"@id":"https:\/\/www.verandair.com\/fr\/5-idees-pour-amenager-votre-jardin-dhiver\/#primaryimage"},"thumbnailUrl":"https:\/\/www.verandair.com\/wp-content\/uploads\/2021\/09\/IMG_2700.jpg","datePublished":"2022-10-03T14:20:14+00:00","dateModified":"2026-02-27T14:13:56+00:00","description":"Envie d'un espace lumineux o\u00f9 profiter de l'ambiance hivernale ? Voici nos id\u00e9es d\u00e9co pour am\u00e9nager un jardin d'hiver dans votre v\u00e9randa ou pergola !","breadcrumb":{"@id":"https:\/\/www.verandair.com\/fr\/5-idees-pour-amenager-votre-jardin-dhiver\/#breadcrumb"},"inLanguage":"fr-FR","potentialAction":[{"@type":"ReadAction","target":["https:\/\/www.verandair.com\/fr\/5-idees-pour-amenager-votre-jardin-dhiver\/"]}]},{"@type":"ImageObject","inLanguage":"fr-FR","@id":"https:\/\/www.verandair.com\/fr\/5-idees-pour-amenager-votre-jardin-dhiver\/#primaryimage","url":"https:\/\/www.verandair.com\/wp-content\/uploads\/2021\/09\/IMG_2700.jpg","contentUrl":"https:\/\/www.verandair.com\/wp-content\/uploads\/2021\/09\/IMG_2700.jpg","width":1600,"height":1200,"caption":"jardin d'hiver v\u00e9randa froide"},{"@type":"BreadcrumbList","@id":"https:\/\/www.verandair.com\/fr\/5-idees-pour-amenager-votre-jardin-dhiver\/#breadcrumb","itemListElement":[{"@type":"ListItem","position":1,"name":"Accueil","item":{"@type":"WebPage","@id":"https:\/\/www.verandair.com\/fr\/","name":"Accueil"}},{"@type":"ListItem","position":2,"name":"5 id\u00e9es pour am\u00e9nager votre jardin d\u2019hiver"}]},{"@type":"WebSite","@id":"https:\/\/www.verandair.com\/fr\/#website","url":"https:\/\/www.verandair.com\/fr\/","name":"VERANDAIR\u00ae","description":"","publisher":{"@id":"https:\/\/www.verandair.com\/fr\/#organization"},"potentialAction":[{"@type":"SearchAction","target":{"@type":"EntryPoint","urlTemplate":"https:\/\/www.verandair.com\/fr\/?s={search_term_string}"},"query-input":{"@type":"PropertyValueSpecification","valueRequired":true,"valueName":"search_term_string"}}],"inLanguage":"fr-FR"},{"@type":"Organization","@id":"https:\/\/www.verandair.com\/fr\/#organization","name":"Verandair","url":"https:\/\/www.verandair.com\/fr\/","logo":{"@type":"ImageObject","inLanguage":"fr-FR","@id":"https:\/\/www.verandair.com\/fr\/#\/schema\/logo\/image\/","url":"https:\/\/www.verandair.com\/wp-content\/uploads\/2024\/06\/VERANDAIR-logo.png","contentUrl":"https:\/\/www.verandair.com\/wp-content\/uploads\/2024\/06\/VERANDAIR-logo.png","width":283,"height":127,"caption":"Verandair"},"image":{"@id":"https:\/\/www.verandair.com\/fr\/#\/schema\/logo\/image\/"}},{"@type":"Person","@id":"https:\/\/www.verandair.com\/fr\/#\/schema\/person\/0d97763121460877f40970171852e2a2","name":"Alice","image":{"@type":"ImageObject","inLanguage":"fr-FR","@id":"https:\/\/secure.gravatar.com\/avatar\/a66e8d2a8f0ca0e40a41ef0745c005ca526fd833910838127297e19dfce18750?s=96&d=mm&r=g","url":"https:\/\/secure.gravatar.com\/avatar\/a66e8d2a8f0ca0e40a41ef0745c005ca526fd833910838127297e19dfce18750?s=96&d=mm&r=g","contentUrl":"https:\/\/secure.gravatar.com\/avatar\/a66e8d2a8f0ca0e40a41ef0745c005ca526fd833910838127297e19dfce18750?s=96&d=mm&r=g","caption":"Alice"}}]}},"_links":{"self":[{"href":"https:\/\/www.verandair.com\/fr\/wp-json\/wp\/v2\/posts\/27809","targetHints":{"allow":["GET"]}}],"collection":[{"href":"https:\/\/www.verandair.com\/fr\/wp-json\/wp\/v2\/posts"}],"about":[{"href":"https:\/\/www.verandair.com\/fr\/wp-json\/wp\/v2\/types\/post"}],"author":[{"embeddable":true,"href":"https:\/\/www.verandair.com\/fr\/wp-json\/wp\/v2\/users\/8"}],"replies":[{"embeddable":true,"href":"https:\/\/www.verandair.com\/fr\/wp-json\/wp\/v2\/comments?post=27809"}],"version-history":[{"count":4,"href":"https:\/\/www.verandair.com\/fr\/wp-json\/wp\/v2\/posts\/27809\/revisions"}],"predecessor-version":[{"id":74604,"href":"https:\/\/www.verandair.com\/fr\/wp-json\/wp\/v2\/posts\/27809\/revisions\/74604"}],"wp:featuredmedia":[{"embeddable":true,"href":"https:\/\/www.verandair.com\/fr\/wp-json\/wp\/v2\/media\/26001"}],"wp:attachment":[{"href":"https:\/\/www.verandair.com\/fr\/wp-json\/wp\/v2\/media?parent=27809"}],"wp:term":[{"taxonomy":"category","embeddable":true,"href":"https:\/\/www.verandair.com\/fr\/wp-json\/wp\/v2\/categories?post=27809"},{"taxonomy":"post_tag","embeddable":true,"href":"https:\/\/www.verandair.com\/fr\/wp-json\/wp\/v2\/tags?post=27809"}],"curies":[{"name":"wp","href":"https:\/\/api.w.org\/{rel}","templated":true}]}}