{"id":27827,"date":"2021-11-15T09:00:46","date_gmt":"2021-11-15T08:00:46","guid":{"rendered":"https:\/\/www.verandair.com\/?p=27827"},"modified":"2026-02-27T15:24:31","modified_gmt":"2026-02-27T14:24:31","slug":"agrandir-votre-etablissement-horeca-la-veranda-retractable","status":"publish","type":"post","link":"https:\/\/www.verandair.com\/fr\/agrandir-votre-etablissement-horeca-la-veranda-retractable\/","title":{"rendered":"Agrandir votre \u00e9tablissement Horeca : la v\u00e9randa r\u00e9tractable"},"content":{"rendered":"<p>[et_pb_section fb_built=&#8221;1&#8243; admin_label=&#8221;section&#8221; _builder_version=&#8221;4.16&#8243; global_colors_info=&#8221;{}&#8221; theme_builder_area=&#8221;post_content&#8221;][et_pb_row admin_label=&#8221;row&#8221; _builder_version=&#8221;4.16&#8243; background_size=&#8221;initial&#8221; background_position=&#8221;top_left&#8221; background_repeat=&#8221;repeat&#8221; global_colors_info=&#8221;{}&#8221; theme_builder_area=&#8221;post_content&#8221;][et_pb_column type=&#8221;4_4&#8243; _builder_version=&#8221;4.16&#8243; custom_padding=&#8221;|||&#8221; global_colors_info=&#8221;{}&#8221; custom_padding__hover=&#8221;|||&#8221; theme_builder_area=&#8221;post_content&#8221;][et_pb_text _builder_version=&#8221;4.16&#8243; global_colors_info=&#8221;{}&#8221; theme_builder_area=&#8221;post_content&#8221;]<\/p>\n<p><strong>L\u2019hiver est \u00e0 nos portes et il est d\u00e9j\u00e0 temps pour les professionnels de l\u2019Horeca de penser aux am\u00e9nagements pour pr\u00e9parer la belle saison. <\/strong>Vous poss\u00e9dez un restaurant, un h\u00f4tel, un caf\u00e9 ou un bar et vous d\u00e9sirez<strong>\u00a0agrandir sa surface<\/strong>, ou simplement<strong>\u00a0prot\u00e9ger votre terrasse<\/strong> pour l\u2019utiliser plus souvent ? La <strong>v\u00e9randa r\u00e9tractable<\/strong> constitue une solution esth\u00e9tique et rentable.<\/p>\n<h2>La v\u00e9randa bioclimatique\u00a0: une pi\u00e8ce qui s\u2019adapte aux saisons<\/h2>\n<p>Vous l\u2019avez remarqu\u00e9, en Belgique, <strong>la m\u00e9t\u00e9o peut \u00eatre variable<\/strong>. Nous avons l\u2019habitude de passer d\u2019un ciel ensoleill\u00e9 \u00e0 un temps pluvieux en quelques minutes. Or, lorsque des \u00e9claircies apparaissent, les clients aiment\u00a0<strong>profiter des terrasses et autres installations ext\u00e9rieures<\/strong>. Inversement, il arrive que le\u00a0<em>spritz<\/em>\u00a0de 17h au soleil se finisse \u00e0 c\u00f4t\u00e9 d\u2019un radiateur \u00e0 l\u2019int\u00e9rieur.<\/p>\n<p><strong>L\u2019abri de terrasse amovible<\/strong>\u00a0offre la possibilit\u00e9 de jouir des plaisirs ext\u00e9rieurs au fil des saisons. S<strong>p\u00e9cialement <\/strong><a href=\"https:\/\/www.verandair.com\/fr\/veranda\/verandas-bioclimatiques-retractables\/veranda-pour-horeca\/\"><strong>con\u00e7u pour r\u00e9pondre aux besoins de l\u2019Horeca<\/strong><\/a>, il s\u2019ouvre et se referme en quelques secondes pour s\u2019adapter \u00e0 la m\u00e9t\u00e9o du moment.\u00a0Ce syst\u00e8me<strong> bioclimatique\u00a0<\/strong>permet de profiter d\u2019<strong>un cadre verdoyant ou citadin \u00e0 tout moment<\/strong>. En bref, une <a href=\"https:\/\/www.verandair.com\/fr\/veranda\/verandas-bioclimatiques-retractables\/veranda-pour-horeca\/\">bulle de verre<\/a> qui offre <strong>charme et confort<\/strong> \u00e0 votre client\u00e8le, prot\u00e9g\u00e9e tant du vent que des averses\u00a0!<\/p>\n<p>[\/et_pb_text][et_pb_button button_url=&#8221;https:\/\/www.verandair.com\/fr\/veranda\/verandas-bioclimatiques-retractables\/veranda-pour-horeca\/&#8221; button_text=&#8221;D\u00e9couvrez nos v\u00e9randas pour l&#8217;Horeca&#8221; button_alignment=&#8221;center&#8221; _builder_version=&#8221;4.16&#8243; global_colors_info=&#8221;{}&#8221; theme_builder_area=&#8221;post_content&#8221;][\/et_pb_button][et_pb_text _builder_version=&#8221;4.16&#8243; global_colors_info=&#8221;{}&#8221; theme_builder_area=&#8221;post_content&#8221;]<\/p>\n<h2>Une solution id\u00e9ale pour agrandir un \u00e9tablissement<\/h2>\n<p>L\u2019installation d\u2019une v\u00e9randa permet d\u2019<strong>agrandir consid\u00e9rablement la surface <\/strong>de votre \u00e9tablissement et d\u2019accueillir, ainsi, plus de clients. Ne constituant pas en soi une extension des pi\u00e8ces du b\u00e2timent, elle ne n\u00e9cessite pas de travaux aussi cons\u00e9quents. Il s\u2019agit simplement de <strong>couvrir votre terrasse<\/strong> afin de pouvoir l\u2019utiliser par tous les temps, ce qui engendre un <a href=\"https:\/\/www.verandair.com\/fr\/veranda\/verandas-bioclimatiques-retractables\/veranda-pour-horeca\/\">gain de surface int\u00e9rieure<\/a>. En outre, les parois vitr\u00e9es et la luminosit\u00e9 de l\u2019abri de terrasse offrent un agr\u00e9able <strong>sentiment d\u2019espace<\/strong>.<\/p>\n<h3>Et s\u00e9duire les clients<\/h3>\n<p>Avec une v\u00e9randa, vous cr\u00e9ez une <strong>nouvelle pi\u00e8ce inond\u00e9e de lumi\u00e8re<\/strong>. Elle ajoute une <strong>plus-value \u00e0 votre\u00a0<\/strong>\u00e9tablissement<strong>,<\/strong> mais \u00e9galement du<strong>\u00a0charme et de la\u00a0<\/strong><strong>convivialit\u00e9<\/strong>. Vous b\u00e9n\u00e9ficiez d\u2019un espace dedans\/dehors qui pr\u00e9sente<strong>\u00a0une vue panoramique sur l\u2019ext\u00e9rieur, et ce tout au long de l\u2019ann\u00e9e. <\/strong>De cette fa\u00e7on, vos clients profitent d\u2019un bain de lumi\u00e8re en \u00e9t\u00e9, des jolies couleurs orang\u00e9es de l\u2019automne, d\u2019une pellicule de neige en hiver et des fleurs au printemps.<\/p>\n<h2>Quelques-unes des r\u00e9alisations Verandair<\/h2>\n<p>Construits <strong>sur mesure<\/strong>, les <a href=\"https:\/\/www.verandair.com\/fr\/galerie\/abri-de-terrasse\/hotellerie-restaurants-et-bars\/\">abris de terrasse de Verandair<\/a> sont con\u00e7us pour <strong>s\u2019int\u00e9grer parfaitement<\/strong> \u00e0 chaque \u00e9tablissement. Ils se d\u00e9clinent en <a href=\"https:\/\/www.verandair.com\/fr\/veranda\/materiaux-verandas\/coloris-verandas\/\">2500 couleurs<\/a> pour une <strong>personnalisation<\/strong> totale et<strong> peuvent \u00eatre motoris\u00e9s<\/strong>\u00a0afin de permettre un d\u00e9ploiement facile et rapide. Pour ce qui est des <a href=\"https:\/\/www.verandair.com\/fr\/veranda\/materiaux-verandas\/composants-veranda\/\">mat\u00e9riaux<\/a> utilis\u00e9s, nous avons fait le choix de l\u2019<strong>aluminium<\/strong> qui offre<strong>\u00a0une excellente r\u00e9sistance et une grande facilit\u00e9 d\u2019entretien<\/strong>.<\/p>\n<h3>Matthias &amp; Sea \u00e0 Tarcienne<\/h3>\n<p>Envie de d\u00e9guster une d\u00e9licieuse assiette de fruits de mer en terrasse sans avoir \u00e0 vous soucier des caprices m\u00e9t\u00e9orologiques dont est coutumier notre plat pays? Une seule adresse:\u00a0<a href=\"http:\/\/www.matthiasandsea.be\/\" target=\"_blank\" rel=\"noopener\">Matthias &amp; Sea<\/a>, \u00e0 Tarcienne! Que vous optiez pour une cassolette de crustac\u00e9s ou un filet d\u2019espadon, vous aurez l\u2019assurance, en plus de satisfaire vos papilles, d\u2019engloutir ces d\u00e9licieux mets \u00e0 l\u2019abri de la pluie et du vent si ceux-ci choisissent de s\u2019inviter \u00e0 la f\u00eate!<\/p>\n<p>D\u00e9couvrez la terrasse couverte sign\u00e9e Verandair de Matthias &amp; Sea en images:<\/p>\n<p>[\/et_pb_text][et_pb_gallery gallery_ids=&#8221;262,261,259&#8243; fullwidth=&#8221;on&#8221; _builder_version=&#8221;4.16&#8243; max_width=&#8221;60%&#8221; global_colors_info=&#8221;{}&#8221; theme_builder_area=&#8221;post_content&#8221;][\/et_pb_gallery][et_pb_text _builder_version=&#8221;4.16&#8243; global_colors_info=&#8221;{}&#8221; theme_builder_area=&#8221;post_content&#8221;]<\/p>\n<h3>La Romance \u00e0 Floreffe\u00a0<\/h3>\n<p>En vadrouille du c\u00f4t\u00e9 de Floreffe? Faites le plein de saveurs au restaurant\u00a0<a href=\"http:\/\/www.la-romance.be\/\">La Romance<\/a>\u00a0et profitez, du m\u00eame coup, de la terrasse r\u00e9tractable sign\u00e9e Verandair si vous choisissez de vous restaurer en terrasse\u2026 Croquette de maquereau, Magret de canard, moules marini\u00e8res,\u2026 Vous aurez l\u2019embarras du choix.<\/p>\n<p>Voici un avant-go\u00fbt de la v\u00e9randa de La Romance:<\/p>\n<p>[\/et_pb_text][et_pb_gallery gallery_ids=&#8221;305,304,301&#8243; fullwidth=&#8221;on&#8221; _builder_version=&#8221;4.16&#8243; max_width=&#8221;60%&#8221; global_colors_info=&#8221;{}&#8221; theme_builder_area=&#8221;post_content&#8221;][\/et_pb_gallery][et_pb_text _builder_version=&#8221;4.16&#8243; global_colors_info=&#8221;{}&#8221; theme_builder_area=&#8221;post_content&#8221;]<\/p>\n<h3>Le Ch\u00e2teau Bayard \u00e0 Eghez\u00e9e<\/h3>\n<p>Le splendide\u00a0<a href=\"http:\/\/chateaubayard.be\/\">Ch\u00e2teau Bayard<\/a> a choisi de faire appel \u00e0 Verandair pour son orangerie. Elle est aujourd\u2019hui le th\u00e9\u00e2tre de mariages, s\u00e9minaires et autres r\u00e9ceptions. Une v\u00e9randa qui a su s\u2019adapter au charme de l\u2019ancien. Jugez plut\u00f4t:<\/p>\n<p>[\/et_pb_text][et_pb_gallery gallery_ids=&#8221;206,25686,201&#8243; fullwidth=&#8221;on&#8221; _builder_version=&#8221;4.16&#8243; max_width=&#8221;60%&#8221; global_colors_info=&#8221;{}&#8221; theme_builder_area=&#8221;post_content&#8221;][\/et_pb_gallery][et_pb_text _builder_version=&#8221;4.16&#8243; global_colors_info=&#8221;{}&#8221; theme_builder_area=&#8221;post_content&#8221;]<\/p>\n<h3>Un restaurant p\u00e9niche \u00e0 Suresnes<\/h3>\n<p>Pour un moment gourmand sur le pont d\u2019un bateau, un restaurant flottant \u00e0 Suresnes, en \u00cele de France, a fait appel \u00e0 Verandair pour installer\u00a0une v\u00e9randa r\u00e9tractable. Pour cette installation originale, Verandair a collabor\u00e9 avec Homabris. Telle une verri\u00e8re, cette v\u00e9randa r\u00e9tractable offre\u00a0une vue imprenable sur la Seine tout au long de l\u2019ann\u00e9e.<\/p>\n<p>[\/et_pb_text][et_pb_image src=&#8221;https:\/\/www.verandair.com\/wp-content\/uploads\/2019\/12\/veranda-horeca-seine-paris.jpg&#8221; align_tablet=&#8221;center&#8221; align_phone=&#8221;center&#8221; align_last_edited=&#8221;on|desktop&#8221; _builder_version=&#8221;4.16&#8243; global_colors_info=&#8221;{}&#8221; theme_builder_area=&#8221;post_content&#8221;][\/et_pb_image][et_pb_button button_url=&#8221;https:\/\/www.verandair.com\/fr\/contact\/&#8221; button_text=&#8221;Obtenez votre devis d\u00e9taill\u00e9&#8221; button_alignment=&#8221;center&#8221; _builder_version=&#8221;4.16&#8243; global_colors_info=&#8221;{}&#8221; theme_builder_area=&#8221;post_content&#8221;][\/et_pb_button][et_pb_text _builder_version=&#8221;4.16&#8243; global_colors_info=&#8221;{}&#8221; theme_builder_area=&#8221;post_content&#8221;]<\/p>\n<h2>En conclusion<\/h2>\n<p>Les <a href=\"https:\/\/www.verandair.com\/fr\/veranda\/abri-de-terrasse\/\">v\u00e9randas r\u00e9tractables<\/a> repr\u00e9sentent un <strong>moyen efficace d\u2019augmenter la surface utilisable<\/strong> d\u2019un \u00e9tablissement. Elles offrent \u00e0 leurs utilisateurs un moment convivial, permettant de <strong>profiter de la m\u00e9t\u00e9o tout en \u00e9tant \u00e0 l\u2019abri de ses caprices<\/strong>.<\/p>\n<p>De nombreux professionnels de la restauration ont d\u00e9j\u00e0 fait confiance \u00e0 <strong>Verandair<\/strong>. Si vous pensez <a href=\"https:\/\/www.verandair.com\/fr\/veranda\/verandas-bioclimatiques-retractables\/veranda-pour-horeca\/\">couvrir votre terrasse<\/a> et lui <strong>donner du cachet avec une v\u00e9randa r\u00e9tractable<\/strong>, n\u2019h\u00e9sitez pas \u00e0 vous renseigner aupr\u00e8s nos sp\u00e9cialistes. Ceux-ci pourront aussi vous expliquer toutes les <strong>options<\/strong> qu\u2019il est possible d\u2019y ajouter pour une adaptation compl\u00e8te \u00e0 vos besoins et une <strong>exp\u00e9rience unique<\/strong> pour vos clients.\u00a0<\/p>\n<p>[\/et_pb_text][\/et_pb_column][\/et_pb_row][\/et_pb_section][et_pb_section fb_built=&#8221;1&#8243; _builder_version=&#8221;4.27.5&#8243; _module_preset=&#8221;a37cb46d-a9cb-4f77-bbbd-8966bde7aff0&#8243; saved_tabs=&#8221;all&#8221; locked=&#8221;off&#8221; global_colors_info=&#8221;{}&#8221; global_module=&#8221;74566&#8243; theme_builder_area=&#8221;post_content&#8221;][et_pb_row _builder_version=&#8221;4.27.5&#8243; _module_preset=&#8221;default&#8221; width=&#8221;100%&#8221; max_width=&#8221;100%&#8221; custom_padding=&#8221;0px|20px||20px|false|true&#8221; global_colors_info=&#8221;{}&#8221; theme_builder_area=&#8221;post_content&#8221;][et_pb_column type=&#8221;4_4&#8243; _builder_version=&#8221;4.23.4&#8243; _module_preset=&#8221;default&#8221; custom_padding=&#8221;50px||||false|false&#8221; global_colors_info=&#8221;{}&#8221; theme_builder_area=&#8221;post_content&#8221;][et_pb_image src=&#8221;https:\/\/www.verandair.com\/wp-content\/uploads\/2026\/02\/VERAN-brochure-A4-2026.webp&#8221; alt=&#8221;Brochure 2026 Verandair&#8221; title_text=&#8221;VERAN-brochure-A4-2026&#8243; align=&#8221;center&#8221; _builder_version=&#8221;4.27.5&#8243; _module_preset=&#8221;default&#8221; max_width=&#8221;300px&#8221; max_width_last_edited=&#8221;off|desktop&#8221; custom_margin=&#8221;0px||0px||false|false&#8221; scroll_vertical_motion_enable=&#8221;on&#8221; scroll_vertical_motion=&#8221;0|40|40|100|-0.5|0|0&#8243; scroll_fade_enable=&#8221;on&#8221; scroll_fade=&#8221;0|40|40|100|0|100|100&#8243; global_colors_info=&#8221;{}&#8221; theme_builder_area=&#8221;post_content&#8221;][\/et_pb_image][et_pb_text _builder_version=&#8221;4.27.5&#8243; _module_preset=&#8221;default&#8221; header_2_font_size=&#8221;32px&#8221; text_orientation=&#8221;center&#8221; custom_margin=&#8221;||15px||false|false&#8221; global_colors_info=&#8221;{%22gcid-4f3ca7d5-152d-4540-91b1-cc24563bf794%22:%91%22text_text_shadow_color%22%93}&#8221; theme_builder_area=&#8221;post_content&#8221;]<\/p>\n<h2><strong>Envie d&#8217;en savoir plus<\/strong> avant de vous d\u00e9cider ?<br \/><span data-metadata=\"&lt;!--(figmeta)eyJmaWxlS2V5IjoiNDJrcExzUGY2N0VsN0FkMldFdElreCIsInBhc3RlSUQiOjI4MTE1MTAxNSwiZGF0YVR5cGUiOiJzY2VuZSJ9Cg==(\/figmeta)--&gt;\"><\/span><\/h2>\n<p>[\/et_pb_text][et_pb_divider show_divider=&#8221;off&#8221; _builder_version=&#8221;4.27.5&#8243; _module_preset=&#8221;2adabd0f-cb12-404f-9aa7-a3088280e564&#8243; module_alignment=&#8221;center&#8221; global_colors_info=&#8221;{}&#8221; theme_builder_area=&#8221;post_content&#8221;][\/et_pb_divider][et_pb_text _builder_version=&#8221;4.27.5&#8243; _module_preset=&#8221;default&#8221; text_orientation=&#8221;center&#8221; custom_margin=&#8221;||50px||false|false&#8221; global_colors_info=&#8221;{%22gcid-4f3ca7d5-152d-4540-91b1-cc24563bf794%22:%91%22text_text_shadow_color%22%93}&#8221; theme_builder_area=&#8221;post_content&#8221;]<\/p>\n<p><span><strong>T\u00e9l\u00e9chargez la nouvelle brochure 2026<\/strong>\u00a0et d\u00e9couvrez notre <strong>gamme compl\u00e8te de produits<\/strong> pour profiter de votre vie en plein air toute l&#8217;ann\u00e9e.<\/span><\/p>\n<p>[\/et_pb_text][et_pb_button button_url=&#8221;https:\/\/info.verandair.com\/brochure-2026\/&#8221; url_new_window=&#8221;on&#8221; button_text=&#8221;Je t\u00e9l\u00e9charge ma brochure&#8221; button_alignment=&#8221;center&#8221; _builder_version=&#8221;4.27.5&#8243; _module_preset=&#8221;ae8d3791-01a2-4c4b-b221-c3f14f812284&#8243; global_colors_info=&#8221;{}&#8221; theme_builder_area=&#8221;post_content&#8221;][\/et_pb_button][\/et_pb_column][\/et_pb_row][\/et_pb_section]<\/p>\n","protected":false},"excerpt":{"rendered":"<p>La v\u00e9randa r\u00e9tractable est la solution id\u00e9ale pour agrandir facilement la surface de votre \u00e9tablissement Horeca. Accueillez vos clients en terrasse quelle que soit la saison gr\u00e2ce \u00e0 un syst\u00e8me bioclimatique. <\/p>\n","protected":false},"author":8,"featured_media":57094,"comment_status":"closed","ping_status":"closed","sticky":false,"template":"","format":"standard","meta":{"_acf_changed":false,"_et_pb_use_builder":"on","_et_pb_old_content":"","_et_gb_content_width":"","inline_featured_image":false,"footnotes":""},"categories":[38],"tags":[],"class_list":["post-27827","post","type-post","status-publish","format-standard","has-post-thumbnail","hentry","category-verandas-horeca-chr"],"acf":[],"yoast_head":"<!-- This site is optimized with the Yoast SEO plugin v27.5 - https:\/\/yoast.com\/product\/yoast-seo-wordpress\/ -->\n<title>Horeca : plus d&#039;espace avec la v\u00e9randa r\u00e9tractable pour professionnels<\/title>\n<meta name=\"description\" content=\"Vous souhaitez agrandir votre \u00e9tablissement ? Utilisez votre terrasse toute l\u2019ann\u00e9e et donnez-lui du cachet avec une v\u00e9randa bioclimatique.\" \/>\n<meta name=\"robots\" content=\"index, follow, max-snippet:-1, max-image-preview:large, max-video-preview:-1\" \/>\n<link rel=\"canonical\" href=\"https:\/\/www.verandair.com\/fr\/agrandir-votre-etablissement-horeca-la-veranda-retractable\/\" \/>\n<meta property=\"og:locale\" content=\"fr_FR\" \/>\n<meta property=\"og:type\" content=\"article\" \/>\n<meta property=\"og:title\" content=\"Agrandissez votre \u00e9tablissement horeca facilement avec une v\u00e9randa r\u00e9tractable.\" \/>\n<meta property=\"og:description\" content=\"Vous souhaitez agrandir votre \u00e9tablissement ? Utilisez votre terrasse toute l\u2019ann\u00e9e et donnez-lui du cachet avec une v\u00e9randa bioclimatique.\" \/>\n<meta property=\"og:url\" content=\"https:\/\/www.verandair.com\/fr\/agrandir-votre-etablissement-horeca-la-veranda-retractable\/\" \/>\n<meta property=\"og:site_name\" content=\"VERANDAIR\u00ae\" \/>\n<meta property=\"article:published_time\" content=\"2021-11-15T08:00:46+00:00\" \/>\n<meta property=\"article:modified_time\" content=\"2026-02-27T14:24:31+00:00\" \/>\n<meta name=\"author\" content=\"Alice\" \/>\n<meta name=\"twitter:card\" content=\"summary_large_image\" \/>\n<meta name=\"twitter:image\" content=\"https:\/\/www.verandair.com\/wp-content\/uploads\/2019\/09\/veranda-horeca-verandair-realisation-5.jpg\" \/>\n<meta name=\"twitter:label1\" content=\"\u00c9crit par\" \/>\n\t<meta name=\"twitter:data1\" content=\"Alice\" \/>\n\t<meta name=\"twitter:label2\" content=\"Dur\u00e9e de lecture estim\u00e9e\" \/>\n\t<meta name=\"twitter:data2\" content=\"5 minutes\" \/>\n<script type=\"application\/ld+json\" class=\"yoast-schema-graph\">{\"@context\":\"https:\\\/\\\/schema.org\",\"@graph\":[{\"@type\":\"Article\",\"@id\":\"https:\\\/\\\/www.verandair.com\\\/fr\\\/agrandir-votre-etablissement-horeca-la-veranda-retractable\\\/#article\",\"isPartOf\":{\"@id\":\"https:\\\/\\\/www.verandair.com\\\/fr\\\/agrandir-votre-etablissement-horeca-la-veranda-retractable\\\/\"},\"author\":{\"name\":\"Alice\",\"@id\":\"https:\\\/\\\/www.verandair.com\\\/fr\\\/#\\\/schema\\\/person\\\/0d97763121460877f40970171852e2a2\"},\"headline\":\"Agrandir votre \u00e9tablissement Horeca : la v\u00e9randa r\u00e9tractable\",\"datePublished\":\"2021-11-15T08:00:46+00:00\",\"dateModified\":\"2026-02-27T14:24:31+00:00\",\"mainEntityOfPage\":{\"@id\":\"https:\\\/\\\/www.verandair.com\\\/fr\\\/agrandir-votre-etablissement-horeca-la-veranda-retractable\\\/\"},\"wordCount\":1621,\"publisher\":{\"@id\":\"https:\\\/\\\/www.verandair.com\\\/fr\\\/#organization\"},\"image\":{\"@id\":\"https:\\\/\\\/www.verandair.com\\\/fr\\\/agrandir-votre-etablissement-horeca-la-veranda-retractable\\\/#primaryimage\"},\"thumbnailUrl\":\"https:\\\/\\\/www.verandair.com\\\/wp-content\\\/uploads\\\/2019\\\/09\\\/veranda-horeca-verandair-realisation-5.jpg\",\"articleSection\":[\"V\u00e9randas HORECA \u2013 CHR\"],\"inLanguage\":\"fr-FR\"},{\"@type\":\"WebPage\",\"@id\":\"https:\\\/\\\/www.verandair.com\\\/fr\\\/agrandir-votre-etablissement-horeca-la-veranda-retractable\\\/\",\"url\":\"https:\\\/\\\/www.verandair.com\\\/fr\\\/agrandir-votre-etablissement-horeca-la-veranda-retractable\\\/\",\"name\":\"Horeca : plus d'espace avec la v\u00e9randa r\u00e9tractable pour professionnels\",\"isPartOf\":{\"@id\":\"https:\\\/\\\/www.verandair.com\\\/fr\\\/#website\"},\"primaryImageOfPage\":{\"@id\":\"https:\\\/\\\/www.verandair.com\\\/fr\\\/agrandir-votre-etablissement-horeca-la-veranda-retractable\\\/#primaryimage\"},\"image\":{\"@id\":\"https:\\\/\\\/www.verandair.com\\\/fr\\\/agrandir-votre-etablissement-horeca-la-veranda-retractable\\\/#primaryimage\"},\"thumbnailUrl\":\"https:\\\/\\\/www.verandair.com\\\/wp-content\\\/uploads\\\/2019\\\/09\\\/veranda-horeca-verandair-realisation-5.jpg\",\"datePublished\":\"2021-11-15T08:00:46+00:00\",\"dateModified\":\"2026-02-27T14:24:31+00:00\",\"description\":\"Vous souhaitez agrandir votre \u00e9tablissement ? Utilisez votre terrasse toute l\u2019ann\u00e9e et donnez-lui du cachet avec une v\u00e9randa bioclimatique.\",\"breadcrumb\":{\"@id\":\"https:\\\/\\\/www.verandair.com\\\/fr\\\/agrandir-votre-etablissement-horeca-la-veranda-retractable\\\/#breadcrumb\"},\"inLanguage\":\"fr-FR\",\"potentialAction\":[{\"@type\":\"ReadAction\",\"target\":[\"https:\\\/\\\/www.verandair.com\\\/fr\\\/agrandir-votre-etablissement-horeca-la-veranda-retractable\\\/\"]}]},{\"@type\":\"ImageObject\",\"inLanguage\":\"fr-FR\",\"@id\":\"https:\\\/\\\/www.verandair.com\\\/fr\\\/agrandir-votre-etablissement-horeca-la-veranda-retractable\\\/#primaryimage\",\"url\":\"https:\\\/\\\/www.verandair.com\\\/wp-content\\\/uploads\\\/2019\\\/09\\\/veranda-horeca-verandair-realisation-5.jpg\",\"contentUrl\":\"https:\\\/\\\/www.verandair.com\\\/wp-content\\\/uploads\\\/2019\\\/09\\\/veranda-horeca-verandair-realisation-5.jpg\",\"width\":600,\"height\":400,\"caption\":\"Terrasse couverte avec une structure en bois et toit en verre, am\u00e9nag\u00e9e en espace de restauration avec des tables et chaises en m\u00e9tal, entour\u00e9e de plantes en pots et de d\u00e9corations murales v\u00e9g\u00e9tales.\"},{\"@type\":\"BreadcrumbList\",\"@id\":\"https:\\\/\\\/www.verandair.com\\\/fr\\\/agrandir-votre-etablissement-horeca-la-veranda-retractable\\\/#breadcrumb\",\"itemListElement\":[{\"@type\":\"ListItem\",\"position\":1,\"name\":\"Accueil\",\"item\":{\"@type\":\"WebPage\",\"@id\":\"https:\\\/\\\/www.verandair.com\\\/fr\\\/\",\"name\":\"Accueil\"}},{\"@type\":\"ListItem\",\"position\":2,\"name\":\"Agrandir votre \u00e9tablissement Horeca : la v\u00e9randa r\u00e9tractable\"}]},{\"@type\":\"WebSite\",\"@id\":\"https:\\\/\\\/www.verandair.com\\\/fr\\\/#website\",\"url\":\"https:\\\/\\\/www.verandair.com\\\/fr\\\/\",\"name\":\"VERANDAIR\u00ae\",\"description\":\"\",\"publisher\":{\"@id\":\"https:\\\/\\\/www.verandair.com\\\/fr\\\/#organization\"},\"potentialAction\":[{\"@type\":\"SearchAction\",\"target\":{\"@type\":\"EntryPoint\",\"urlTemplate\":\"https:\\\/\\\/www.verandair.com\\\/fr\\\/?s={search_term_string}\"},\"query-input\":{\"@type\":\"PropertyValueSpecification\",\"valueRequired\":true,\"valueName\":\"search_term_string\"}}],\"inLanguage\":\"fr-FR\"},{\"@type\":\"Organization\",\"@id\":\"https:\\\/\\\/www.verandair.com\\\/fr\\\/#organization\",\"name\":\"Verandair\",\"url\":\"https:\\\/\\\/www.verandair.com\\\/fr\\\/\",\"logo\":{\"@type\":\"ImageObject\",\"inLanguage\":\"fr-FR\",\"@id\":\"https:\\\/\\\/www.verandair.com\\\/fr\\\/#\\\/schema\\\/logo\\\/image\\\/\",\"url\":\"https:\\\/\\\/www.verandair.com\\\/wp-content\\\/uploads\\\/2024\\\/06\\\/VERANDAIR-logo.png\",\"contentUrl\":\"https:\\\/\\\/www.verandair.com\\\/wp-content\\\/uploads\\\/2024\\\/06\\\/VERANDAIR-logo.png\",\"width\":283,\"height\":127,\"caption\":\"Verandair\"},\"image\":{\"@id\":\"https:\\\/\\\/www.verandair.com\\\/fr\\\/#\\\/schema\\\/logo\\\/image\\\/\"}},{\"@type\":\"Person\",\"@id\":\"https:\\\/\\\/www.verandair.com\\\/fr\\\/#\\\/schema\\\/person\\\/0d97763121460877f40970171852e2a2\",\"name\":\"Alice\",\"image\":{\"@type\":\"ImageObject\",\"inLanguage\":\"fr-FR\",\"@id\":\"https:\\\/\\\/secure.gravatar.com\\\/avatar\\\/a66e8d2a8f0ca0e40a41ef0745c005ca526fd833910838127297e19dfce18750?s=96&d=mm&r=g\",\"url\":\"https:\\\/\\\/secure.gravatar.com\\\/avatar\\\/a66e8d2a8f0ca0e40a41ef0745c005ca526fd833910838127297e19dfce18750?s=96&d=mm&r=g\",\"contentUrl\":\"https:\\\/\\\/secure.gravatar.com\\\/avatar\\\/a66e8d2a8f0ca0e40a41ef0745c005ca526fd833910838127297e19dfce18750?s=96&d=mm&r=g\",\"caption\":\"Alice\"}}]}<\/script>\n<!-- \/ Yoast SEO plugin. -->","yoast_head_json":{"title":"Horeca : plus d'espace avec la v\u00e9randa r\u00e9tractable pour professionnels","description":"Vous souhaitez agrandir votre \u00e9tablissement ? Utilisez votre terrasse toute l\u2019ann\u00e9e et donnez-lui du cachet avec une v\u00e9randa bioclimatique.","robots":{"index":"index","follow":"follow","max-snippet":"max-snippet:-1","max-image-preview":"max-image-preview:large","max-video-preview":"max-video-preview:-1"},"canonical":"https:\/\/www.verandair.com\/fr\/agrandir-votre-etablissement-horeca-la-veranda-retractable\/","og_locale":"fr_FR","og_type":"article","og_title":"Agrandissez votre \u00e9tablissement horeca facilement avec une v\u00e9randa r\u00e9tractable.","og_description":"Vous souhaitez agrandir votre \u00e9tablissement ? Utilisez votre terrasse toute l\u2019ann\u00e9e et donnez-lui du cachet avec une v\u00e9randa bioclimatique.","og_url":"https:\/\/www.verandair.com\/fr\/agrandir-votre-etablissement-horeca-la-veranda-retractable\/","og_site_name":"VERANDAIR\u00ae","article_published_time":"2021-11-15T08:00:46+00:00","article_modified_time":"2026-02-27T14:24:31+00:00","author":"Alice","twitter_card":"summary_large_image","twitter_image":"https:\/\/www.verandair.com\/wp-content\/uploads\/2019\/09\/veranda-horeca-verandair-realisation-5.jpg","twitter_misc":{"\u00c9crit par":"Alice","Dur\u00e9e de lecture estim\u00e9e":"5 minutes"},"schema":{"@context":"https:\/\/schema.org","@graph":[{"@type":"Article","@id":"https:\/\/www.verandair.com\/fr\/agrandir-votre-etablissement-horeca-la-veranda-retractable\/#article","isPartOf":{"@id":"https:\/\/www.verandair.com\/fr\/agrandir-votre-etablissement-horeca-la-veranda-retractable\/"},"author":{"name":"Alice","@id":"https:\/\/www.verandair.com\/fr\/#\/schema\/person\/0d97763121460877f40970171852e2a2"},"headline":"Agrandir votre \u00e9tablissement Horeca : la v\u00e9randa r\u00e9tractable","datePublished":"2021-11-15T08:00:46+00:00","dateModified":"2026-02-27T14:24:31+00:00","mainEntityOfPage":{"@id":"https:\/\/www.verandair.com\/fr\/agrandir-votre-etablissement-horeca-la-veranda-retractable\/"},"wordCount":1621,"publisher":{"@id":"https:\/\/www.verandair.com\/fr\/#organization"},"image":{"@id":"https:\/\/www.verandair.com\/fr\/agrandir-votre-etablissement-horeca-la-veranda-retractable\/#primaryimage"},"thumbnailUrl":"https:\/\/www.verandair.com\/wp-content\/uploads\/2019\/09\/veranda-horeca-verandair-realisation-5.jpg","articleSection":["V\u00e9randas HORECA \u2013 CHR"],"inLanguage":"fr-FR"},{"@type":"WebPage","@id":"https:\/\/www.verandair.com\/fr\/agrandir-votre-etablissement-horeca-la-veranda-retractable\/","url":"https:\/\/www.verandair.com\/fr\/agrandir-votre-etablissement-horeca-la-veranda-retractable\/","name":"Horeca : plus d'espace avec la v\u00e9randa r\u00e9tractable pour professionnels","isPartOf":{"@id":"https:\/\/www.verandair.com\/fr\/#website"},"primaryImageOfPage":{"@id":"https:\/\/www.verandair.com\/fr\/agrandir-votre-etablissement-horeca-la-veranda-retractable\/#primaryimage"},"image":{"@id":"https:\/\/www.verandair.com\/fr\/agrandir-votre-etablissement-horeca-la-veranda-retractable\/#primaryimage"},"thumbnailUrl":"https:\/\/www.verandair.com\/wp-content\/uploads\/2019\/09\/veranda-horeca-verandair-realisation-5.jpg","datePublished":"2021-11-15T08:00:46+00:00","dateModified":"2026-02-27T14:24:31+00:00","description":"Vous souhaitez agrandir votre \u00e9tablissement ? Utilisez votre terrasse toute l\u2019ann\u00e9e et donnez-lui du cachet avec une v\u00e9randa bioclimatique.","breadcrumb":{"@id":"https:\/\/www.verandair.com\/fr\/agrandir-votre-etablissement-horeca-la-veranda-retractable\/#breadcrumb"},"inLanguage":"fr-FR","potentialAction":[{"@type":"ReadAction","target":["https:\/\/www.verandair.com\/fr\/agrandir-votre-etablissement-horeca-la-veranda-retractable\/"]}]},{"@type":"ImageObject","inLanguage":"fr-FR","@id":"https:\/\/www.verandair.com\/fr\/agrandir-votre-etablissement-horeca-la-veranda-retractable\/#primaryimage","url":"https:\/\/www.verandair.com\/wp-content\/uploads\/2019\/09\/veranda-horeca-verandair-realisation-5.jpg","contentUrl":"https:\/\/www.verandair.com\/wp-content\/uploads\/2019\/09\/veranda-horeca-verandair-realisation-5.jpg","width":600,"height":400,"caption":"Terrasse couverte avec une structure en bois et toit en verre, am\u00e9nag\u00e9e en espace de restauration avec des tables et chaises en m\u00e9tal, entour\u00e9e de plantes en pots et de d\u00e9corations murales v\u00e9g\u00e9tales."},{"@type":"BreadcrumbList","@id":"https:\/\/www.verandair.com\/fr\/agrandir-votre-etablissement-horeca-la-veranda-retractable\/#breadcrumb","itemListElement":[{"@type":"ListItem","position":1,"name":"Accueil","item":{"@type":"WebPage","@id":"https:\/\/www.verandair.com\/fr\/","name":"Accueil"}},{"@type":"ListItem","position":2,"name":"Agrandir votre \u00e9tablissement Horeca : la v\u00e9randa r\u00e9tractable"}]},{"@type":"WebSite","@id":"https:\/\/www.verandair.com\/fr\/#website","url":"https:\/\/www.verandair.com\/fr\/","name":"VERANDAIR\u00ae","description":"","publisher":{"@id":"https:\/\/www.verandair.com\/fr\/#organization"},"potentialAction":[{"@type":"SearchAction","target":{"@type":"EntryPoint","urlTemplate":"https:\/\/www.verandair.com\/fr\/?s={search_term_string}"},"query-input":{"@type":"PropertyValueSpecification","valueRequired":true,"valueName":"search_term_string"}}],"inLanguage":"fr-FR"},{"@type":"Organization","@id":"https:\/\/www.verandair.com\/fr\/#organization","name":"Verandair","url":"https:\/\/www.verandair.com\/fr\/","logo":{"@type":"ImageObject","inLanguage":"fr-FR","@id":"https:\/\/www.verandair.com\/fr\/#\/schema\/logo\/image\/","url":"https:\/\/www.verandair.com\/wp-content\/uploads\/2024\/06\/VERANDAIR-logo.png","contentUrl":"https:\/\/www.verandair.com\/wp-content\/uploads\/2024\/06\/VERANDAIR-logo.png","width":283,"height":127,"caption":"Verandair"},"image":{"@id":"https:\/\/www.verandair.com\/fr\/#\/schema\/logo\/image\/"}},{"@type":"Person","@id":"https:\/\/www.verandair.com\/fr\/#\/schema\/person\/0d97763121460877f40970171852e2a2","name":"Alice","image":{"@type":"ImageObject","inLanguage":"fr-FR","@id":"https:\/\/secure.gravatar.com\/avatar\/a66e8d2a8f0ca0e40a41ef0745c005ca526fd833910838127297e19dfce18750?s=96&d=mm&r=g","url":"https:\/\/secure.gravatar.com\/avatar\/a66e8d2a8f0ca0e40a41ef0745c005ca526fd833910838127297e19dfce18750?s=96&d=mm&r=g","contentUrl":"https:\/\/secure.gravatar.com\/avatar\/a66e8d2a8f0ca0e40a41ef0745c005ca526fd833910838127297e19dfce18750?s=96&d=mm&r=g","caption":"Alice"}}]}},"_links":{"self":[{"href":"https:\/\/www.verandair.com\/fr\/wp-json\/wp\/v2\/posts\/27827","targetHints":{"allow":["GET"]}}],"collection":[{"href":"https:\/\/www.verandair.com\/fr\/wp-json\/wp\/v2\/posts"}],"about":[{"href":"https:\/\/www.verandair.com\/fr\/wp-json\/wp\/v2\/types\/post"}],"author":[{"embeddable":true,"href":"https:\/\/www.verandair.com\/fr\/wp-json\/wp\/v2\/users\/8"}],"replies":[{"embeddable":true,"href":"https:\/\/www.verandair.com\/fr\/wp-json\/wp\/v2\/comments?post=27827"}],"version-history":[{"count":2,"href":"https:\/\/www.verandair.com\/fr\/wp-json\/wp\/v2\/posts\/27827\/revisions"}],"predecessor-version":[{"id":74633,"href":"https:\/\/www.verandair.com\/fr\/wp-json\/wp\/v2\/posts\/27827\/revisions\/74633"}],"wp:featuredmedia":[{"embeddable":true,"href":"https:\/\/www.verandair.com\/fr\/wp-json\/wp\/v2\/media\/57094"}],"wp:attachment":[{"href":"https:\/\/www.verandair.com\/fr\/wp-json\/wp\/v2\/media?parent=27827"}],"wp:term":[{"taxonomy":"category","embeddable":true,"href":"https:\/\/www.verandair.com\/fr\/wp-json\/wp\/v2\/categories?post=27827"},{"taxonomy":"post_tag","embeddable":true,"href":"https:\/\/www.verandair.com\/fr\/wp-json\/wp\/v2\/tags?post=27827"}],"curies":[{"name":"wp","href":"https:\/\/api.w.org\/{rel}","templated":true}]}}