{"id":28786,"date":"2022-11-11T09:53:43","date_gmt":"2022-11-11T08:53:43","guid":{"rendered":"https:\/\/www.verandair.com\/?p=28786"},"modified":"2026-02-27T15:18:53","modified_gmt":"2026-02-27T14:18:53","slug":"deco-cocooning-veranda-ou-pergola","status":"publish","type":"post","link":"https:\/\/www.verandair.com\/fr\/deco-cocooning-veranda-ou-pergola\/","title":{"rendered":"Nos conseils pour un espace d\u00e9co cocooning"},"content":{"rendered":"<p>[et_pb_section fb_built=&#8221;1&#8243; _builder_version=&#8221;4.16&#8243; global_colors_info=&#8221;{}&#8221; theme_builder_area=&#8221;post_content&#8221;][et_pb_row _builder_version=&#8221;4.16&#8243; global_colors_info=&#8221;{}&#8221; theme_builder_area=&#8221;post_content&#8221;][et_pb_column type=&#8221;4_4&#8243; _builder_version=&#8221;4.16&#8243; custom_padding=&#8221;|||&#8221; global_colors_info=&#8221;{}&#8221; custom_padding__hover=&#8221;|||&#8221; theme_builder_area=&#8221;post_content&#8221;][et_pb_text _builder_version=&#8221;4.19.2&#8243; global_colors_info=&#8221;{}&#8221; theme_builder_area=&#8221;post_content&#8221;]<\/p>\n<p><em>Que diriez-vous de vous blottir <\/em>confortablement sous un plaid, chocolat chaud \u00e0 la main, en regardant la neige tomber dehors\u00a0? Ou de boire un th\u00e9 dans un <strong>petit salon cosy avec vue sur votre jardin<\/strong>\u00a0? Il suffit parfois d\u2019un rien pour <strong>cr\u00e9er une ambiance douillette<\/strong> dans un coin de votre maison. Trouvez l\u2019inspiration pour une jolie pi\u00e8ce confortable avec ces quelques <strong>id\u00e9es et astuces d\u00e9co<\/strong>.<\/p>\n<p>&nbsp;<\/p>\n<h2>O\u00f9 cr\u00e9er votre pi\u00e8ce \u00e0 la d\u00e9co cocooning\u00a0?<\/h2>\n<p>Avant de vous lancer dans la d\u00e9coration, il est utile de savoir o\u00f9 vous souhaitez profiter de vos moments de d\u00e9tente. Pourquoi\u00a0? Parce que <strong>le tout est de trouver le bon endroit<\/strong>. Celui qui vous apportera \u00e0 la fois <strong>confort, luminosit\u00e9 et relaxation<\/strong>.<\/p>\n<p>&nbsp;<\/p>\n<h3>L\u2019int\u00e9rieur de votre maison<\/h3>\n<p>La premi\u00e8re id\u00e9e qui vient \u00e0 l\u2019esprit pour une d\u00e9co cocooning est celle d\u2019une pi\u00e8ce de votre maison. Si vous avez l\u2019espace, un <strong>petit coin lecture<\/strong> pourrait trouver sa place dans une <strong>chambre<\/strong>, du c\u00f4t\u00e9 d\u2019une fen\u00eatre donnant sur le jardin. Ou pourquoi pas dans votre <strong>salon<\/strong>\u00a0? A condition, bien s\u00fbr, que sa d\u00e9co s\u2019y pr\u00eate.<\/p>\n<p>Et si, toutefois, vous souhaitiez vous cr\u00e9er votre petit <strong>cocon \u00e0 part<\/strong>\u00a0? Dans un lieu rien qu\u2019\u00e0 vous, qui vous permette de profiter d\u2019une vue sur l\u2019ext\u00e9rieur et la nature tout en restant bien au chaud\u2026\u00a0? Ce qui suit devrait vous int\u00e9resser.\u00a0<\/p>\n<p>&nbsp;<\/p>\n<h3>Sous une pergola design<\/h3>\n<p>De nos jours, la chambre ou le salon ne sont plus les seules pi\u00e8ces de relaxation au sein d\u2019une maison. Les tendances indiquent un <strong>investissement des espaces ext\u00e9rieurs <\/strong>tels que la terrasse. Et la pergola est un am\u00e9nagement qui a le vent en poupe, ces derni\u00e8res ann\u00e9es.<\/p>\n<p>[\/et_pb_text][et_pb_button button_url=&#8221;https:\/\/www.verandair.com\/fr\/pergolas\/&#8221; button_text=&#8221;D\u00e9couvrez nos pergolas&#8221; button_alignment=&#8221;center&#8221; _builder_version=&#8221;4.24.2&#8243; custom_margin=&#8221;30px|30px|30px|30px&#8221; custom_padding=&#8221;30px|30px|30px|30px&#8221; global_colors_info=&#8221;{}&#8221; theme_builder_area=&#8221;post_content&#8221;][\/et_pb_button][et_pb_text _builder_version=&#8221;4.19.2&#8243; global_colors_info=&#8221;{}&#8221; theme_builder_area=&#8221;post_content&#8221;]<\/p>\n<p>Pour <strong>am\u00e9nager un coin douillet<\/strong>, rien de tel que ce petit havre de paix qui peut abriter tant un salon de jardin qu\u2019une pi\u00e8ce lounge ou une table \u00e0 manger. Contrairement \u00e0 ce que l\u2019on peut penser, <strong>la pergola ne s\u2019utilise pas que l\u2019\u00e9t\u00e9<\/strong>. Il suffit de lui ajouter <a href=\"https:\/\/www.verandair.com\/fr\/pergolas\/baie-vitree-coulissante\/\">quelques <strong>baies vitr\u00e9es<\/strong><\/a> coulissantes. De cette fa\u00e7on, vous \u00eates \u00e0 l\u2019ext\u00e9rieur, mais prot\u00e9g\u00e9 dans une <strong>petite bulle de bien-\u00eatre<\/strong>. Un peu \u00e0 la mani\u00e8re d\u2019une v\u00e9randa\u2026<\/p>\n<p>[\/et_pb_text][et_pb_image src=&#8221;https:\/\/www.verandair.com\/wp-content\/uploads\/2021\/12\/Sans-titre-13-1.jpg&#8221; alt=&#8221;d\u00e9co chaleureuse dans une v\u00e9randa: canap\u00e9, coussin, livre ouvert&#8221; title_text=&#8221;d\u00e9coration cocooning dans une v\u00e9randa&#8221; _builder_version=&#8221;4.19.2&#8243; _module_preset=&#8221;default&#8221; global_colors_info=&#8221;{}&#8221; theme_builder_area=&#8221;post_content&#8221;][\/et_pb_image][et_pb_text _builder_version=&#8221;4.19.2&#8243; global_colors_info=&#8221;{}&#8221; theme_builder_area=&#8221;post_content&#8221;]<\/p>\n<h3>Dans une v\u00e9randa cosy<\/h3>\n<p>Dans le m\u00eame esprit, en am\u00e9nageant une v\u00e9randa avec une d\u00e9co cocooning moderne, vous vous cr\u00e9erez une <strong>pi\u00e8ce int\u00e9rieure id\u00e9ale pour appr\u00e9cier la vue sur votre jardin<\/strong>. Et ce, m\u00eame en hiver.<\/p>\n<p>V\u00e9ritable puit de lumi\u00e8re, <strong>la v\u00e9randa froide est un lieu de\u00a0<\/strong><b>tranquillit\u00e9<\/b>. Vous n\u2019\u00eates plus dans le quotidien de votre maison et vous n\u2019\u00eates pas non plus dehors. Vous profitez de tous les avantages\u00a0: le <strong>confort d\u2019un int\u00e9rieur <\/strong>mix\u00e9 au<strong> plaisir de la vue sur l\u2019ext\u00e9rieur<\/strong>. Bref, id\u00e9al pour y installer votre endroit douillet, surtout lorsque les temp\u00e9ratures baissent\u00a0!<\/p>\n<p>[\/et_pb_text][et_pb_button button_url=&#8221;https:\/\/www.verandair.com\/fr\/abri-de-terrasse\/&#8221; button_text=&#8221;Votre projet de v\u00e9randa sur-mesure&#8221; button_alignment=&#8221;center&#8221; _builder_version=&#8221;4.24.2&#8243; custom_margin=&#8221;30px|30px|30px|30px&#8221; custom_padding=&#8221;30px|30px|30px|30px&#8221; global_colors_info=&#8221;{}&#8221; theme_builder_area=&#8221;post_content&#8221;][\/et_pb_button][et_pb_text _builder_version=&#8221;4.19.2&#8243; global_colors_info=&#8221;{}&#8221; theme_builder_area=&#8221;post_content&#8221;]<\/p>\n<h2>Les essentiels d\u2019une d\u00e9coration cocooning<\/h2>\n<p>Maintenant que vous avez r\u00e9fl\u00e9chi \u00e0 l\u2019endroit, passons \u00e0 sa d\u00e9coration. Voici les essentiels pour un <strong>style ultra comfy<\/strong>.<\/p>\n<p>&nbsp;<\/p>\n<h3>Des couleurs chaleureuses et \u00e9pur\u00e9es<\/h3>\n<p>Pour donner une ambiance chaleureuse \u00e0 votre int\u00e9rieur, optez pour des coloris tels que <strong>le blanc, les teints cr\u00e8me, l\u2019\u00e9cru ou le pastel<\/strong>. Dirigez-vous \u00e9galement vers les <strong>couleurs de l\u2019hiver<\/strong> <strong>pour un am\u00e9nagement chaleureux<\/strong>\u00a0: l\u2019<strong>ocre<\/strong>, la <strong>terracotta<\/strong> et le pourpre en font partie.<\/p>\n<p>S\u2019il n\u2019est pas n\u00e9cessaire de repeindre vos murs pour la cause, quelques \u00e9l\u00e9ments de d\u00e9coration dans ces diff\u00e9rents tons participeront \u00e0 vous plonger dans l\u2019esprit d\u00e9co recherch\u00e9.<\/p>\n<p>&nbsp;<\/p>\n<h3>Des meubles en mati\u00e8res naturelles<\/h3>\n<p>Pour ce qui est du mobilier, pourquoi ne pas installer un salon avec un <strong>fauteuil<\/strong> o\u00f9 prendre le th\u00e9 en lisant un bon livre\u00a0? Ou une jolie <strong>table \u00e0 manger<\/strong> o\u00f9 recevoir des convives\u00a0? Ou encore un <strong>coin lounge<\/strong> <strong>avec un canap\u00e9<\/strong> ? Une derni\u00e8re petite id\u00e9e\u00a0: un <strong>banc<\/strong>, soit \u00e0 la table, soit sur lequel vous posez quelques plantes. C\u2019est l\u2019id\u00e9al sous <a href=\"https:\/\/www.verandair.com\/fr\/pergolas\/\">une pergola<\/a> ou <a href=\"https:\/\/www.verandair.com\/fr\/abri-de-terrasse\/\">v\u00e9randa<\/a>\u00a0!<\/p>\n<p>Quoi qu\u2019il en soit, pr\u00e9f\u00e9rez des meubles en <strong>mati\u00e8res naturelles comme le bois, le rotin et le bambou<\/strong> qui donnent une touche conviviale et une sensation de chaleur. Par ailleurs, en particulier dans une v\u00e9randa, optez pour du <strong>mobilier bas<\/strong>, qui ne fera pas obstacle \u00e0 la lumi\u00e8re et qui pr\u00e9servera votre jolie vue sur jardin\u00a0!<\/p>\n<p>&nbsp;<\/p>\n<h3>Des tissus chauds pour un effet confort<\/h3>\n<p>Qui dit cosy dit bien-\u00eatre, et cela ne va pas sans tissus bien choisis. Vous pouvez ainsi recouvrir vos si\u00e8ges et fauteuils de<strong>\u00a0plaids et autres couvertures bien chaudes<\/strong>. N\u2019h\u00e9sitez pas non plus \u00e0 ajouter des <strong>coussins<\/strong> sur vos chaises, sur un canap\u00e9, ou m\u00eame sur un <strong>tapis<\/strong> au sol.<\/p>\n<p>Pour rester dans les mati\u00e8res naturelles, privil\u00e9giez le lin ou le coton. Pensez \u00e9galement au velours pour un <strong>c\u00f4t\u00e9 douillet<\/strong>.<\/p>\n<p>&nbsp;<\/p>\n<h3>Une atmosph\u00e8re lumineuse pour la relaxation<\/h3>\n<p>Que ce soit dans votre maison ou dans une v\u00e9randa, la luminosit\u00e9 est essentielle. Au sein d\u2019<a href=\"https:\/\/www.verandair.com\/fr\/veranda\/verandas-bioclimatiques-retractables\/\">un abri de terrasse<\/a>, vous profiterez de la <strong>lumi\u00e8re naturelle<\/strong> en journ\u00e9e, ce qui est un avantage consid\u00e9rable. Mais, pour le soir, une touche lumineuse peut s\u2019imposer.<\/p>\n<p>Dans ce cas, optez pour un \u00e9clairage doux et progressif, avec une <strong>luminosit\u00e9 indirecte<\/strong>. Et pour un <strong>environnement chaleureux<\/strong>, pourquoi ne pas y placer votre sapin de No\u00ebl\u00a0?<\/p>\n<p>&nbsp;<\/p>\n<h3>Des objets d\u00e9co pour la touche finale ultra confortable<\/h3>\n<p>Enfin, passons aux petits d\u00e9tails qui comptent. Bien s\u00fbr, les plaids, mais aussi <strong>les bougies<\/strong>. Disposez-en quelques-unes pour profiter de senteurs qui vous plaisent. \u00c0 la mani\u00e8re d\u2019un <a href=\"https:\/\/www.verandair.com\/fr\/5-idees-pour-amenager-votre-jardin-dhiver\/\">jardin d\u2019hiver<\/a>, la v\u00e9randa est, par ailleurs, un <strong>rep\u00e8re parfait pour vos plantes<\/strong> lorsqu\u2019il g\u00e8le. Gr\u00e2ce \u00e0 celles-ci, l\u2019abri offre tout le charme d\u2019une petite serre.<\/p>\n<p>La petite astuce\u00a0: placez vos orchid\u00e9es, bonza\u00efs et autres fleurs dans des <strong>pots en osier<\/strong>. Dans la m\u00eame mati\u00e8re, un <strong>panier<\/strong>, une jolie malle ou un coffre seront parfaits\u00a0!<\/p>\n<p>[\/et_pb_text][et_pb_button button_url=&#8221;https:\/\/www.verandair.com\/fr\/contact\/&#8221; button_text=&#8221;Contactez-nous pour discuter de votre projet&#8221; button_alignment=&#8221;center&#8221; _builder_version=&#8221;4.19.2&#8243; custom_margin=&#8221;20px|20px|20px|20px|true|true&#8221; custom_padding=&#8221;20px|20px|20px|20px|true|true&#8221; global_colors_info=&#8221;{}&#8221; theme_builder_area=&#8221;post_content&#8221;][\/et_pb_button][et_pb_text _builder_version=&#8221;4.19.2&#8243; global_colors_info=&#8221;{}&#8221; theme_builder_area=&#8221;post_content&#8221;]<\/p>\n<h2>Pour une d\u00e9co cocooning\u00a0: en bref<\/h2>\n<p>Am\u00e9nager un espace de vie \u00e0 la d\u00e9co cocooning peut se faire <strong>dans un salon ou une chambre<\/strong> de votre maison. Mais, pour profiter de la nature et vous relaxer, il est tout \u00e0 fait possible de cr\u00e9er facilement une <strong>nouvelle pi\u00e8ce lumineuse et chaleureuse<\/strong>. Comment\u00a0? Gr\u00e2ce \u00e0 <strong>une <a href=\"https:\/\/www.verandair.com\/fr\/pergolas\/\">pergola<\/a> ou une <\/strong><a href=\"https:\/\/www.verandair.com\/fr\/abri-de-terrasse\/\"><strong>v\u00e9randa froide<\/strong><\/a>.<\/p>\n<p>Envie de profiter d\u2019un espace de vie et de d\u00e9tente moderne sur votre terrasse\u00a0? <a href=\"https:\/\/www.verandair.com\/fr\/contact\/\">Contactez-nous\u00a0!<\/a> Nous fabriquons <strong>des v\u00e9randas et des pergolas sur-mesure<\/strong>, personnalis\u00e9es selon vos besoins.<\/p>\n<p>[\/et_pb_text][\/et_pb_column][\/et_pb_row][\/et_pb_section][et_pb_section fb_built=&#8221;1&#8243; _builder_version=&#8221;4.27.5&#8243; _module_preset=&#8221;a37cb46d-a9cb-4f77-bbbd-8966bde7aff0&#8243; saved_tabs=&#8221;all&#8221; locked=&#8221;off&#8221; global_colors_info=&#8221;{}&#8221; global_module=&#8221;74566&#8243; theme_builder_area=&#8221;post_content&#8221;][et_pb_row _builder_version=&#8221;4.27.5&#8243; _module_preset=&#8221;default&#8221; width=&#8221;100%&#8221; max_width=&#8221;100%&#8221; custom_padding=&#8221;0px|20px||20px|false|true&#8221; global_colors_info=&#8221;{}&#8221; theme_builder_area=&#8221;post_content&#8221;][et_pb_column type=&#8221;4_4&#8243; _builder_version=&#8221;4.23.4&#8243; _module_preset=&#8221;default&#8221; custom_padding=&#8221;50px||||false|false&#8221; global_colors_info=&#8221;{}&#8221; theme_builder_area=&#8221;post_content&#8221;][et_pb_image src=&#8221;https:\/\/www.verandair.com\/wp-content\/uploads\/2026\/02\/VERAN-brochure-A4-2026.webp&#8221; alt=&#8221;Brochure 2026 Verandair&#8221; title_text=&#8221;VERAN-brochure-A4-2026&#8243; align=&#8221;center&#8221; _builder_version=&#8221;4.27.5&#8243; _module_preset=&#8221;default&#8221; max_width=&#8221;300px&#8221; max_width_last_edited=&#8221;off|desktop&#8221; custom_margin=&#8221;0px||0px||false|false&#8221; scroll_vertical_motion_enable=&#8221;on&#8221; scroll_vertical_motion=&#8221;0|40|40|100|-0.5|0|0&#8243; scroll_fade_enable=&#8221;on&#8221; scroll_fade=&#8221;0|40|40|100|0|100|100&#8243; global_colors_info=&#8221;{}&#8221; theme_builder_area=&#8221;post_content&#8221;][\/et_pb_image][et_pb_text _builder_version=&#8221;4.27.5&#8243; _module_preset=&#8221;default&#8221; header_2_font_size=&#8221;32px&#8221; text_orientation=&#8221;center&#8221; custom_margin=&#8221;||15px||false|false&#8221; global_colors_info=&#8221;{%22gcid-4f3ca7d5-152d-4540-91b1-cc24563bf794%22:%91%22text_text_shadow_color%22%93}&#8221; theme_builder_area=&#8221;post_content&#8221;]<\/p>\n<h2><strong>Envie d&#8217;en savoir plus<\/strong> avant de vous d\u00e9cider ?<br \/><span data-metadata=\"&lt;!--(figmeta)eyJmaWxlS2V5IjoiNDJrcExzUGY2N0VsN0FkMldFdElreCIsInBhc3RlSUQiOjI4MTE1MTAxNSwiZGF0YVR5cGUiOiJzY2VuZSJ9Cg==(\/figmeta)--&gt;\"><\/span><\/h2>\n<p>[\/et_pb_text][et_pb_divider show_divider=&#8221;off&#8221; _builder_version=&#8221;4.27.5&#8243; _module_preset=&#8221;2adabd0f-cb12-404f-9aa7-a3088280e564&#8243; module_alignment=&#8221;center&#8221; global_colors_info=&#8221;{}&#8221; theme_builder_area=&#8221;post_content&#8221;][\/et_pb_divider][et_pb_text _builder_version=&#8221;4.27.5&#8243; _module_preset=&#8221;default&#8221; text_orientation=&#8221;center&#8221; custom_margin=&#8221;||50px||false|false&#8221; global_colors_info=&#8221;{%22gcid-4f3ca7d5-152d-4540-91b1-cc24563bf794%22:%91%22text_text_shadow_color%22%93}&#8221; theme_builder_area=&#8221;post_content&#8221;]<\/p>\n<p><span><strong>T\u00e9l\u00e9chargez la nouvelle brochure 2026<\/strong>\u00a0et d\u00e9couvrez notre <strong>gamme compl\u00e8te de produits<\/strong> pour profiter de votre vie en plein air toute l&#8217;ann\u00e9e.<\/span><\/p>\n<p>[\/et_pb_text][et_pb_button button_url=&#8221;https:\/\/info.verandair.com\/brochure-2026\/&#8221; url_new_window=&#8221;on&#8221; button_text=&#8221;Je t\u00e9l\u00e9charge ma brochure&#8221; button_alignment=&#8221;center&#8221; _builder_version=&#8221;4.27.5&#8243; _module_preset=&#8221;ae8d3791-01a2-4c4b-b221-c3f14f812284&#8243; global_colors_info=&#8221;{}&#8221; theme_builder_area=&#8221;post_content&#8221;][\/et_pb_button][\/et_pb_column][\/et_pb_row][\/et_pb_section]<\/p>\n","protected":false},"excerpt":{"rendered":"<p>Cr\u00e9er une ambiance cocooning dans votre maison requiert non seulement de bonnes id\u00e9es d\u00e9co, mais aussi et surtout, de trouver le lieu ad\u00e9quat. Pour ce faire, une v\u00e9randa ou une pergola sont id\u00e9ales : espaces de d\u00e9tente et de bien-\u00eatre, elles vous offrent chaleur, confort et luminosit\u00e9. Voici comment les d\u00e9corer. <\/p>\n","protected":false},"author":8,"featured_media":28791,"comment_status":"closed","ping_status":"closed","sticky":false,"template":"","format":"standard","meta":{"_acf_changed":false,"_et_pb_use_builder":"on","_et_pb_old_content":"","_et_gb_content_width":"","inline_featured_image":false,"footnotes":""},"categories":[32,33],"tags":[],"class_list":["post-28786","post","type-post","status-publish","format-standard","has-post-thumbnail","hentry","category-abri-de-terrasse","category-pergolas"],"acf":[],"yoast_head":"<!-- This site is optimized with the Yoast SEO plugin v27.5 - https:\/\/yoast.com\/product\/yoast-seo-wordpress\/ -->\n<title>Nos id\u00e9es d\u00e9co pour une pi\u00e8ce cocooning | Verandair<\/title>\n<meta name=\"description\" content=\"Envie de profiter d\u2019un espace de d\u00e9tente et de bien-\u00eatre ? D\u00e9couvrez tous nos conseils pour une ambiance ultra cosy \u00e0 la maison.\" \/>\n<meta name=\"robots\" content=\"index, follow, max-snippet:-1, max-image-preview:large, max-video-preview:-1\" \/>\n<link rel=\"canonical\" href=\"https:\/\/www.verandair.com\/fr\/deco-cocooning-veranda-ou-pergola\/\" \/>\n<meta property=\"og:locale\" content=\"fr_FR\" \/>\n<meta property=\"og:type\" content=\"article\" \/>\n<meta property=\"og:title\" content=\"Nos meilleures id\u00e9es d\u00e9co pour une pi\u00e8ce cocooning\" \/>\n<meta property=\"og:description\" content=\"Votre espace cocooning repose non seulement sur une jolie d\u00e9coration, mais aussi, et surtout, sur le lieu dans lequel vous l&#039;installez. D\u00e9couvrez tous nos conseils.\" \/>\n<meta property=\"og:url\" content=\"https:\/\/www.verandair.com\/fr\/deco-cocooning-veranda-ou-pergola\/\" \/>\n<meta property=\"og:site_name\" content=\"VERANDAIR\u00ae\" \/>\n<meta property=\"article:published_time\" content=\"2022-11-11T08:53:43+00:00\" \/>\n<meta property=\"article:modified_time\" content=\"2026-02-27T14:18:53+00:00\" \/>\n<meta property=\"og:image\" content=\"https:\/\/www.verandair.com\/wp-content\/uploads\/2021\/12\/pexels-lisa-1866761-1.jpg\" \/>\n\t<meta property=\"og:image:width\" content=\"901\" \/>\n\t<meta property=\"og:image:height\" content=\"1200\" \/>\n\t<meta property=\"og:image:type\" content=\"image\/jpeg\" \/>\n<meta name=\"author\" content=\"Alice\" \/>\n<meta name=\"twitter:card\" content=\"summary_large_image\" \/>\n<meta name=\"twitter:title\" content=\"Nos meilleures id\u00e9es d\u00e9co pour une pi\u00e8ce cocooning\" \/>\n<meta name=\"twitter:description\" content=\"Votre espace cocooning repose non seulement sur une jolie d\u00e9coration, mais aussi, et surtout, sur le lieu dans lequel vous l&#039;installez. D\u00e9couvrez tous nos conseils.\" \/>\n<meta name=\"twitter:image\" content=\"https:\/\/www.verandair.com\/wp-content\/uploads\/2021\/12\/pexels-lisa-1866761-1.jpg\" \/>\n<meta name=\"twitter:label1\" content=\"\u00c9crit par\" \/>\n\t<meta name=\"twitter:data1\" content=\"Alice\" \/>\n\t<meta name=\"twitter:label2\" content=\"Dur\u00e9e de lecture estim\u00e9e\" \/>\n\t<meta name=\"twitter:data2\" content=\"6 minutes\" \/>\n<script type=\"application\/ld+json\" class=\"yoast-schema-graph\">{\"@context\":\"https:\\\/\\\/schema.org\",\"@graph\":[{\"@type\":\"Article\",\"@id\":\"https:\\\/\\\/www.verandair.com\\\/fr\\\/deco-cocooning-veranda-ou-pergola\\\/#article\",\"isPartOf\":{\"@id\":\"https:\\\/\\\/www.verandair.com\\\/fr\\\/deco-cocooning-veranda-ou-pergola\\\/\"},\"author\":{\"name\":\"Alice\",\"@id\":\"https:\\\/\\\/www.verandair.com\\\/fr\\\/#\\\/schema\\\/person\\\/0d97763121460877f40970171852e2a2\"},\"headline\":\"Nos conseils pour un espace d\u00e9co cocooning\",\"datePublished\":\"2022-11-11T08:53:43+00:00\",\"dateModified\":\"2026-02-27T14:18:53+00:00\",\"mainEntityOfPage\":{\"@id\":\"https:\\\/\\\/www.verandair.com\\\/fr\\\/deco-cocooning-veranda-ou-pergola\\\/\"},\"wordCount\":1836,\"publisher\":{\"@id\":\"https:\\\/\\\/www.verandair.com\\\/fr\\\/#organization\"},\"image\":{\"@id\":\"https:\\\/\\\/www.verandair.com\\\/fr\\\/deco-cocooning-veranda-ou-pergola\\\/#primaryimage\"},\"thumbnailUrl\":\"https:\\\/\\\/www.verandair.com\\\/wp-content\\\/uploads\\\/2021\\\/12\\\/pexels-lisa-1866761-1.jpg\",\"articleSection\":[\"Abri de terrasse\",\"Pergolas\"],\"inLanguage\":\"fr-FR\"},{\"@type\":\"WebPage\",\"@id\":\"https:\\\/\\\/www.verandair.com\\\/fr\\\/deco-cocooning-veranda-ou-pergola\\\/\",\"url\":\"https:\\\/\\\/www.verandair.com\\\/fr\\\/deco-cocooning-veranda-ou-pergola\\\/\",\"name\":\"Nos id\u00e9es d\u00e9co pour une pi\u00e8ce cocooning | Verandair\",\"isPartOf\":{\"@id\":\"https:\\\/\\\/www.verandair.com\\\/fr\\\/#website\"},\"primaryImageOfPage\":{\"@id\":\"https:\\\/\\\/www.verandair.com\\\/fr\\\/deco-cocooning-veranda-ou-pergola\\\/#primaryimage\"},\"image\":{\"@id\":\"https:\\\/\\\/www.verandair.com\\\/fr\\\/deco-cocooning-veranda-ou-pergola\\\/#primaryimage\"},\"thumbnailUrl\":\"https:\\\/\\\/www.verandair.com\\\/wp-content\\\/uploads\\\/2021\\\/12\\\/pexels-lisa-1866761-1.jpg\",\"datePublished\":\"2022-11-11T08:53:43+00:00\",\"dateModified\":\"2026-02-27T14:18:53+00:00\",\"description\":\"Envie de profiter d\u2019un espace de d\u00e9tente et de bien-\u00eatre ? D\u00e9couvrez tous nos conseils pour une ambiance ultra cosy \u00e0 la maison.\",\"breadcrumb\":{\"@id\":\"https:\\\/\\\/www.verandair.com\\\/fr\\\/deco-cocooning-veranda-ou-pergola\\\/#breadcrumb\"},\"inLanguage\":\"fr-FR\",\"potentialAction\":[{\"@type\":\"ReadAction\",\"target\":[\"https:\\\/\\\/www.verandair.com\\\/fr\\\/deco-cocooning-veranda-ou-pergola\\\/\"]}]},{\"@type\":\"ImageObject\",\"inLanguage\":\"fr-FR\",\"@id\":\"https:\\\/\\\/www.verandair.com\\\/fr\\\/deco-cocooning-veranda-ou-pergola\\\/#primaryimage\",\"url\":\"https:\\\/\\\/www.verandair.com\\\/wp-content\\\/uploads\\\/2021\\\/12\\\/pexels-lisa-1866761-1.jpg\",\"contentUrl\":\"https:\\\/\\\/www.verandair.com\\\/wp-content\\\/uploads\\\/2021\\\/12\\\/pexels-lisa-1866761-1.jpg\",\"width\":901,\"height\":1200,\"caption\":\"deco cocooning Verandair\"},{\"@type\":\"BreadcrumbList\",\"@id\":\"https:\\\/\\\/www.verandair.com\\\/fr\\\/deco-cocooning-veranda-ou-pergola\\\/#breadcrumb\",\"itemListElement\":[{\"@type\":\"ListItem\",\"position\":1,\"name\":\"Accueil\",\"item\":{\"@type\":\"WebPage\",\"@id\":\"https:\\\/\\\/www.verandair.com\\\/fr\\\/\",\"name\":\"Accueil\"}},{\"@type\":\"ListItem\",\"position\":2,\"name\":\"Nos conseils pour un espace d\u00e9co cocooning\"}]},{\"@type\":\"WebSite\",\"@id\":\"https:\\\/\\\/www.verandair.com\\\/fr\\\/#website\",\"url\":\"https:\\\/\\\/www.verandair.com\\\/fr\\\/\",\"name\":\"VERANDAIR\u00ae\",\"description\":\"\",\"publisher\":{\"@id\":\"https:\\\/\\\/www.verandair.com\\\/fr\\\/#organization\"},\"potentialAction\":[{\"@type\":\"SearchAction\",\"target\":{\"@type\":\"EntryPoint\",\"urlTemplate\":\"https:\\\/\\\/www.verandair.com\\\/fr\\\/?s={search_term_string}\"},\"query-input\":{\"@type\":\"PropertyValueSpecification\",\"valueRequired\":true,\"valueName\":\"search_term_string\"}}],\"inLanguage\":\"fr-FR\"},{\"@type\":\"Organization\",\"@id\":\"https:\\\/\\\/www.verandair.com\\\/fr\\\/#organization\",\"name\":\"Verandair\",\"url\":\"https:\\\/\\\/www.verandair.com\\\/fr\\\/\",\"logo\":{\"@type\":\"ImageObject\",\"inLanguage\":\"fr-FR\",\"@id\":\"https:\\\/\\\/www.verandair.com\\\/fr\\\/#\\\/schema\\\/logo\\\/image\\\/\",\"url\":\"https:\\\/\\\/www.verandair.com\\\/wp-content\\\/uploads\\\/2024\\\/06\\\/VERANDAIR-logo.png\",\"contentUrl\":\"https:\\\/\\\/www.verandair.com\\\/wp-content\\\/uploads\\\/2024\\\/06\\\/VERANDAIR-logo.png\",\"width\":283,\"height\":127,\"caption\":\"Verandair\"},\"image\":{\"@id\":\"https:\\\/\\\/www.verandair.com\\\/fr\\\/#\\\/schema\\\/logo\\\/image\\\/\"}},{\"@type\":\"Person\",\"@id\":\"https:\\\/\\\/www.verandair.com\\\/fr\\\/#\\\/schema\\\/person\\\/0d97763121460877f40970171852e2a2\",\"name\":\"Alice\",\"image\":{\"@type\":\"ImageObject\",\"inLanguage\":\"fr-FR\",\"@id\":\"https:\\\/\\\/secure.gravatar.com\\\/avatar\\\/a66e8d2a8f0ca0e40a41ef0745c005ca526fd833910838127297e19dfce18750?s=96&d=mm&r=g\",\"url\":\"https:\\\/\\\/secure.gravatar.com\\\/avatar\\\/a66e8d2a8f0ca0e40a41ef0745c005ca526fd833910838127297e19dfce18750?s=96&d=mm&r=g\",\"contentUrl\":\"https:\\\/\\\/secure.gravatar.com\\\/avatar\\\/a66e8d2a8f0ca0e40a41ef0745c005ca526fd833910838127297e19dfce18750?s=96&d=mm&r=g\",\"caption\":\"Alice\"}}]}<\/script>\n<!-- \/ Yoast SEO plugin. -->","yoast_head_json":{"title":"Nos id\u00e9es d\u00e9co pour une pi\u00e8ce cocooning | Verandair","description":"Envie de profiter d\u2019un espace de d\u00e9tente et de bien-\u00eatre ? D\u00e9couvrez tous nos conseils pour une ambiance ultra cosy \u00e0 la maison.","robots":{"index":"index","follow":"follow","max-snippet":"max-snippet:-1","max-image-preview":"max-image-preview:large","max-video-preview":"max-video-preview:-1"},"canonical":"https:\/\/www.verandair.com\/fr\/deco-cocooning-veranda-ou-pergola\/","og_locale":"fr_FR","og_type":"article","og_title":"Nos meilleures id\u00e9es d\u00e9co pour une pi\u00e8ce cocooning","og_description":"Votre espace cocooning repose non seulement sur une jolie d\u00e9coration, mais aussi, et surtout, sur le lieu dans lequel vous l'installez. D\u00e9couvrez tous nos conseils.","og_url":"https:\/\/www.verandair.com\/fr\/deco-cocooning-veranda-ou-pergola\/","og_site_name":"VERANDAIR\u00ae","article_published_time":"2022-11-11T08:53:43+00:00","article_modified_time":"2026-02-27T14:18:53+00:00","og_image":[{"width":901,"height":1200,"url":"https:\/\/www.verandair.com\/wp-content\/uploads\/2021\/12\/pexels-lisa-1866761-1.jpg","type":"image\/jpeg"}],"author":"Alice","twitter_card":"summary_large_image","twitter_title":"Nos meilleures id\u00e9es d\u00e9co pour une pi\u00e8ce cocooning","twitter_description":"Votre espace cocooning repose non seulement sur une jolie d\u00e9coration, mais aussi, et surtout, sur le lieu dans lequel vous l'installez. D\u00e9couvrez tous nos conseils.","twitter_image":"https:\/\/www.verandair.com\/wp-content\/uploads\/2021\/12\/pexels-lisa-1866761-1.jpg","twitter_misc":{"\u00c9crit par":"Alice","Dur\u00e9e de lecture estim\u00e9e":"6 minutes"},"schema":{"@context":"https:\/\/schema.org","@graph":[{"@type":"Article","@id":"https:\/\/www.verandair.com\/fr\/deco-cocooning-veranda-ou-pergola\/#article","isPartOf":{"@id":"https:\/\/www.verandair.com\/fr\/deco-cocooning-veranda-ou-pergola\/"},"author":{"name":"Alice","@id":"https:\/\/www.verandair.com\/fr\/#\/schema\/person\/0d97763121460877f40970171852e2a2"},"headline":"Nos conseils pour un espace d\u00e9co cocooning","datePublished":"2022-11-11T08:53:43+00:00","dateModified":"2026-02-27T14:18:53+00:00","mainEntityOfPage":{"@id":"https:\/\/www.verandair.com\/fr\/deco-cocooning-veranda-ou-pergola\/"},"wordCount":1836,"publisher":{"@id":"https:\/\/www.verandair.com\/fr\/#organization"},"image":{"@id":"https:\/\/www.verandair.com\/fr\/deco-cocooning-veranda-ou-pergola\/#primaryimage"},"thumbnailUrl":"https:\/\/www.verandair.com\/wp-content\/uploads\/2021\/12\/pexels-lisa-1866761-1.jpg","articleSection":["Abri de terrasse","Pergolas"],"inLanguage":"fr-FR"},{"@type":"WebPage","@id":"https:\/\/www.verandair.com\/fr\/deco-cocooning-veranda-ou-pergola\/","url":"https:\/\/www.verandair.com\/fr\/deco-cocooning-veranda-ou-pergola\/","name":"Nos id\u00e9es d\u00e9co pour une pi\u00e8ce cocooning | Verandair","isPartOf":{"@id":"https:\/\/www.verandair.com\/fr\/#website"},"primaryImageOfPage":{"@id":"https:\/\/www.verandair.com\/fr\/deco-cocooning-veranda-ou-pergola\/#primaryimage"},"image":{"@id":"https:\/\/www.verandair.com\/fr\/deco-cocooning-veranda-ou-pergola\/#primaryimage"},"thumbnailUrl":"https:\/\/www.verandair.com\/wp-content\/uploads\/2021\/12\/pexels-lisa-1866761-1.jpg","datePublished":"2022-11-11T08:53:43+00:00","dateModified":"2026-02-27T14:18:53+00:00","description":"Envie de profiter d\u2019un espace de d\u00e9tente et de bien-\u00eatre ? D\u00e9couvrez tous nos conseils pour une ambiance ultra cosy \u00e0 la maison.","breadcrumb":{"@id":"https:\/\/www.verandair.com\/fr\/deco-cocooning-veranda-ou-pergola\/#breadcrumb"},"inLanguage":"fr-FR","potentialAction":[{"@type":"ReadAction","target":["https:\/\/www.verandair.com\/fr\/deco-cocooning-veranda-ou-pergola\/"]}]},{"@type":"ImageObject","inLanguage":"fr-FR","@id":"https:\/\/www.verandair.com\/fr\/deco-cocooning-veranda-ou-pergola\/#primaryimage","url":"https:\/\/www.verandair.com\/wp-content\/uploads\/2021\/12\/pexels-lisa-1866761-1.jpg","contentUrl":"https:\/\/www.verandair.com\/wp-content\/uploads\/2021\/12\/pexels-lisa-1866761-1.jpg","width":901,"height":1200,"caption":"deco cocooning Verandair"},{"@type":"BreadcrumbList","@id":"https:\/\/www.verandair.com\/fr\/deco-cocooning-veranda-ou-pergola\/#breadcrumb","itemListElement":[{"@type":"ListItem","position":1,"name":"Accueil","item":{"@type":"WebPage","@id":"https:\/\/www.verandair.com\/fr\/","name":"Accueil"}},{"@type":"ListItem","position":2,"name":"Nos conseils pour un espace d\u00e9co cocooning"}]},{"@type":"WebSite","@id":"https:\/\/www.verandair.com\/fr\/#website","url":"https:\/\/www.verandair.com\/fr\/","name":"VERANDAIR\u00ae","description":"","publisher":{"@id":"https:\/\/www.verandair.com\/fr\/#organization"},"potentialAction":[{"@type":"SearchAction","target":{"@type":"EntryPoint","urlTemplate":"https:\/\/www.verandair.com\/fr\/?s={search_term_string}"},"query-input":{"@type":"PropertyValueSpecification","valueRequired":true,"valueName":"search_term_string"}}],"inLanguage":"fr-FR"},{"@type":"Organization","@id":"https:\/\/www.verandair.com\/fr\/#organization","name":"Verandair","url":"https:\/\/www.verandair.com\/fr\/","logo":{"@type":"ImageObject","inLanguage":"fr-FR","@id":"https:\/\/www.verandair.com\/fr\/#\/schema\/logo\/image\/","url":"https:\/\/www.verandair.com\/wp-content\/uploads\/2024\/06\/VERANDAIR-logo.png","contentUrl":"https:\/\/www.verandair.com\/wp-content\/uploads\/2024\/06\/VERANDAIR-logo.png","width":283,"height":127,"caption":"Verandair"},"image":{"@id":"https:\/\/www.verandair.com\/fr\/#\/schema\/logo\/image\/"}},{"@type":"Person","@id":"https:\/\/www.verandair.com\/fr\/#\/schema\/person\/0d97763121460877f40970171852e2a2","name":"Alice","image":{"@type":"ImageObject","inLanguage":"fr-FR","@id":"https:\/\/secure.gravatar.com\/avatar\/a66e8d2a8f0ca0e40a41ef0745c005ca526fd833910838127297e19dfce18750?s=96&d=mm&r=g","url":"https:\/\/secure.gravatar.com\/avatar\/a66e8d2a8f0ca0e40a41ef0745c005ca526fd833910838127297e19dfce18750?s=96&d=mm&r=g","contentUrl":"https:\/\/secure.gravatar.com\/avatar\/a66e8d2a8f0ca0e40a41ef0745c005ca526fd833910838127297e19dfce18750?s=96&d=mm&r=g","caption":"Alice"}}]}},"_links":{"self":[{"href":"https:\/\/www.verandair.com\/fr\/wp-json\/wp\/v2\/posts\/28786","targetHints":{"allow":["GET"]}}],"collection":[{"href":"https:\/\/www.verandair.com\/fr\/wp-json\/wp\/v2\/posts"}],"about":[{"href":"https:\/\/www.verandair.com\/fr\/wp-json\/wp\/v2\/types\/post"}],"author":[{"embeddable":true,"href":"https:\/\/www.verandair.com\/fr\/wp-json\/wp\/v2\/users\/8"}],"replies":[{"embeddable":true,"href":"https:\/\/www.verandair.com\/fr\/wp-json\/wp\/v2\/comments?post=28786"}],"version-history":[{"count":4,"href":"https:\/\/www.verandair.com\/fr\/wp-json\/wp\/v2\/posts\/28786\/revisions"}],"predecessor-version":[{"id":74616,"href":"https:\/\/www.verandair.com\/fr\/wp-json\/wp\/v2\/posts\/28786\/revisions\/74616"}],"wp:featuredmedia":[{"embeddable":true,"href":"https:\/\/www.verandair.com\/fr\/wp-json\/wp\/v2\/media\/28791"}],"wp:attachment":[{"href":"https:\/\/www.verandair.com\/fr\/wp-json\/wp\/v2\/media?parent=28786"}],"wp:term":[{"taxonomy":"category","embeddable":true,"href":"https:\/\/www.verandair.com\/fr\/wp-json\/wp\/v2\/categories?post=28786"},{"taxonomy":"post_tag","embeddable":true,"href":"https:\/\/www.verandair.com\/fr\/wp-json\/wp\/v2\/tags?post=28786"}],"curies":[{"name":"wp","href":"https:\/\/api.w.org\/{rel}","templated":true}]}}