{"id":29572,"date":"2022-02-03T09:00:51","date_gmt":"2022-02-03T08:00:51","guid":{"rendered":"https:\/\/www.verandair.com\/?p=29572"},"modified":"2026-02-27T15:40:50","modified_gmt":"2026-02-27T14:40:50","slug":"5-utilisations-de-la-cloison-vitree-amovible","status":"publish","type":"post","link":"https:\/\/www.verandair.com\/fr\/5-utilisations-de-la-cloison-vitree-amovible\/","title":{"rendered":"5 fa\u00e7ons d&#8217;utiliser une cloison vitr\u00e9e amovible"},"content":{"rendered":"<p>[et_pb_section fb_built=&#8221;1&#8243; _builder_version=&#8221;4.16&#8243; global_colors_info=&#8221;{}&#8221; theme_builder_area=&#8221;post_content&#8221;][et_pb_row _builder_version=&#8221;4.16&#8243; global_colors_info=&#8221;{}&#8221; theme_builder_area=&#8221;post_content&#8221;][et_pb_column type=&#8221;4_4&#8243; _builder_version=&#8221;4.16&#8243; custom_padding=&#8221;|||&#8221; global_colors_info=&#8221;{}&#8221; custom_padding__hover=&#8221;|||&#8221; theme_builder_area=&#8221;post_content&#8221;][et_pb_text _builder_version=&#8221;4.19.2&#8243; global_colors_info=&#8221;{}&#8221; theme_builder_area=&#8221;post_content&#8221;]<\/p>\n<p>Depuis quelques ann\u00e9es, les <a href=\"https:\/\/www.verandair.com\/fr\/veranda\/parois-coulissantes-verre\/\">cloisons en verre<\/a> sont <strong>de plus en plus populaires<\/strong> aupr\u00e8s des particuliers, et on comprend facilement pourquoi. Outre leur caract\u00e8re design, elles pr\u00e9sentent de multiples applications : d\u00e9corer une pi\u00e8ce, cr\u00e9er une s\u00e9paration \u00e9l\u00e9gante, am\u00e9liorer une pergola,&#8230; Voici <strong>5 fa\u00e7ons d\u2019am\u00e9nager et d\u2019am\u00e9liorer votre int\u00e9rieur<\/strong> gr\u00e2ce aux <a href=\"https:\/\/www.verandair.com\/fr\/veranda\/parois-coulissantes-verre\/\">cloisons coulissantes en verre<\/a>.<\/p>\n<p>&nbsp;<\/p>\n<h2>Pourquoi installer une cloison vitr\u00e9e amovible\u00a0?<\/h2>\n<p>Par rapport \u00e0 un mur standard ou \u00e0 une fen\u00eatre, la <a href=\"https:\/\/www.verandair.com\/fr\/veranda\/baie-vitree-coulissante\/\">cloison vitr\u00e9e amovible<\/a> offre de nombreux avantages qui lui permettent de <strong>s&#8217;adapter dans presque tout type de logement<\/strong>.<\/p>\n<p>&nbsp;<\/p>\n<h3>Une solution facile \u00e0 installer<\/h3>\n<p>Relativement l\u00e9g\u00e8re, une <a href=\"https:\/\/www.verandair.com\/fr\/veranda\/baie-vitree-coulissante\/\">paroi vitr\u00e9e<\/a> s&#8217;installe assez facilement. Il s\u2019agit d\u2019un produit parfait si vous \u00eates locataire ou que vous ne souhaitez pas effectuer de grands travaux d&#8217;am\u00e9nagement. On distingue <strong>2 grands modes de fixation<\/strong> d\u2019une <a href=\"https:\/\/www.verandair.com\/fr\/veranda\/baie-vitree-coulissante\/\">cloison vitr\u00e9e<\/a> : sur v\u00e9rins ou coulissante avec des rails.<\/p>\n<p>&nbsp;<\/p>\n<h3>Une touche design de lumi\u00e8re<\/h3>\n<p>Gr\u00e2ce \u00e0 la <strong>transparence du verre<\/strong>, la paroi laisse passer la lumi\u00e8re du jour, tout en cr\u00e9ant une s\u00e9paration d\u00e9corative. Selon vos go\u00fbts, vous pouvez aussi choisir un <strong>vitrage opaque<\/strong> pour plus d\u2019intimit\u00e9. Ainsi, les cloisons transparentes sont parfaites pour <strong>profiter d&#8217;un beau paysage<\/strong> tout en cr\u00e9ant une s\u00e9paration protectrice avec celui-ci. \u00c0 l&#8217;inverse, une cloison amovible avec un vitrage opaque peut cr\u00e9er un <strong>espace intime<\/strong>, \u00e0 l&#8217;abri des regards indiscrets.<\/p>\n<p>[\/et_pb_text][et_pb_button button_url=&#8221;https:\/\/www.verandair.com\/fr\/veranda\/baie-vitree-coulissante\/&#8221; button_text=&#8221;Votre cloison en verre amovible sur mesure&#8221; button_alignment=&#8221;center&#8221; _builder_version=&#8221;4.19.2&#8243; custom_margin=&#8221;||||false|false&#8221; custom_padding=&#8221;||||false|false&#8221; global_colors_info=&#8221;{}&#8221; theme_builder_area=&#8221;post_content&#8221;][\/et_pb_button][et_pb_text _builder_version=&#8221;4.19.2&#8243; global_colors_info=&#8221;{}&#8221; theme_builder_area=&#8221;post_content&#8221;]<\/p>\n<h2>Id\u00e9es d\u00e9co : 5 utilisations pour votre cloison vitr\u00e9e amovible<\/h2>\n<h3>Ouvrir un espace vers l&#8217;ext\u00e9rieur<\/h3>\n<p>L\u2019une de vos pi\u00e8ces de vie vous para\u00eet sombre\u00a0? Vous souhaitez profiter d\u2019une vue imprenable sur votre jardin, la nature ou le paysage urbain qui vous entoure\u00a0? Dans ce cas, une cloison coulissante en verre peut venir <strong>remplacer un mur ou une fen\u00eatre<\/strong>, exactement \u00e0 la mani\u00e8re d\u2019une baie vitr\u00e9e.<\/p>\n<p>Cette option est probablement celle des 5 qui vous demandera le plus de travail, mais elle vous permet d\u2019ajouter une r\u00e9elle <a href=\"https:\/\/www.verandair.com\/fr\/design-maison-baie-coulissante-en-verre\/\"><strong>touche de charme<\/strong> \u00e0 votre habitation<\/a>. En outre, et c\u2019est un avantage non n\u00e9gligeable, elle augmente la <strong>luminosit\u00e9<\/strong> de votre int\u00e9rieur, a\u00e8re vos pi\u00e8ces et offre une <strong>sensation d\u2019espace<\/strong>.<\/p>\n<p>[\/et_pb_text][et_pb_image src=&#8221;https:\/\/www.verandair.com\/wp-content\/uploads\/2022\/02\/pexels-rachel-claire-5490295.jpg&#8221; align=&#8221;center&#8221; align_tablet=&#8221;center&#8221; align_phone=&#8221;center&#8221; align_last_edited=&#8221;on|desktop&#8221; _builder_version=&#8221;4.17.6&#8243; max_width=&#8221;80%&#8221; module_alignment=&#8221;center&#8221; custom_margin=&#8221;30px|30px|30px|30px&#8221; custom_padding=&#8221;30px|30px|30px|30px&#8221; global_colors_info=&#8221;{}&#8221; theme_builder_area=&#8221;post_content&#8221;][\/et_pb_image][et_pb_text _builder_version=&#8221;4.17.6&#8243; global_colors_info=&#8221;{}&#8221; theme_builder_area=&#8221;post_content&#8221;]<\/p>\n<h3>Am\u00e9liorer une pergola<\/h3>\n<blockquote>\n<p>L&#8217;utilisation des cloisons vitr\u00e9es amovibles ne se limite pas \u00e0 la maison. Elles peuvent aussi vous aider \u00e0 embellir et <a href=\"https:\/\/www.verandair.com\/fr\/pergolas\/\">am\u00e9liorer votre pergola<\/a>. Comme vous le savez, cette derni\u00e8re vous permet de profiter d&#8217;un coin ombrag\u00e9 sur votre terrasse. En y installant des <a href=\"https:\/\/www.verandair.com\/fr\/veranda\/baie-vitree-coulissante\/\">panneaux coulissants en verre<\/a>, vous profitez \u00e9galement d\u2019un coupe-vent et d\u2019une <a href=\"https:\/\/www.verandair.com\/fr\/veranda\/parois-coulissantes-verre\/\"><strong>protection face aux pluies passag\u00e8res<\/strong><\/a>.<\/p>\n<\/blockquote>\n<p>Vous pouvez m\u00eame placer une cloison sur chaque bord de <a href=\"https:\/\/www.verandair.com\/fr\/pergolas\/pergola-toiture-fixe\/\">la pergola<\/a> lorsque le temps rafra\u00eechit, ce qui la transforme en petite v\u00e9randa et vous permet d\u2019<strong>en profiter encore plus longtemps<\/strong>.<\/p>\n<p>&nbsp;<\/p>\n<h3>Une s\u00e9paration pour cr\u00e9er une pi\u00e8ce en plus\u00a0: 3 possibilit\u00e9s<\/h3>\n<p>En plus des utilisations d\u00e9j\u00e0 mentionn\u00e9es, les panneaux vitr\u00e9s amovibles repr\u00e9sentent \u00e9galement le moyen de <strong>cr\u00e9er des pi\u00e8ces suppl\u00e9mentaires dans votre habitation<\/strong>. Voici trois id\u00e9es pour modifier facilement vos espaces int\u00e9rieurs.<\/p>\n<p>&nbsp;<\/p>\n<h4>Un bureau<\/h4>\n<p>Nous ne vous apprenons rien, le t\u00e9l\u00e9travail se fait plus fr\u00e9quent de nos jours. Or, la cloison vitr\u00e9e amovible permet de <strong>cr\u00e9er rapidement et facilement un nouvel espace de travail<\/strong> au sein de votre maison ou appartement.<\/p>\n<p>La vitre peut, en effet, s\u2019encastrer dans l\u2019\u00e9paisseur d\u2019un mur int\u00e9rieur et en sortir pour fermer la pi\u00e8ce au besoin. Son <strong>caract\u00e8re modulable<\/strong> est tr\u00e8s pratique et vous permet de modifier votre bureau en fonction de vos envies.<\/p>\n<p>Il est possible de la faire fabriquer <strong>sur mesure<\/strong> et de choisir le <strong>type de vitrage<\/strong> que vous pr\u00e9f\u00e9rez, ainsi que son caract\u00e8re transparent ou opaque. Certains mod\u00e8les poss\u00e8dent, par ailleurs, d&#8217;excellentes propri\u00e9t\u00e9s acoustiques qui apportent une bonne <strong>isolation sonore<\/strong>.<\/p>\n<p>[\/et_pb_text][et_pb_button button_url=&#8221;https:\/\/www.verandair.com\/fr\/contact\/&#8221; button_text=&#8221;Int\u00e9ress\u00e9(e) par une paroi coulissante ? Contactez-nous !&#8221; button_alignment=&#8221;center&#8221; _builder_version=&#8221;4.17.6&#8243; custom_margin=&#8221;||||false|false&#8221; custom_padding=&#8221;||||false|false&#8221; global_colors_info=&#8221;{}&#8221; theme_builder_area=&#8221;post_content&#8221;][\/et_pb_button][et_pb_text _builder_version=&#8221;4.17.6&#8243; global_colors_info=&#8221;{}&#8221; theme_builder_area=&#8221;post_content&#8221;]<\/p>\n<h4>Un atelier<\/h4>\n<p>En outre, les cloisons vitr\u00e9es sont tr\u00e8s pl\u00e9biscit\u00e9es pour cr\u00e9er un atelier \u00e0 domicile. Leur design \u00e9pur\u00e9 et leur structure en aluminium s\u2019int\u00e8grent parfaitement dans une <strong>pi\u00e8ce de style \u00ab\u00a0industriel\u00a0\u00bb<\/strong>, comme on en voit beaucoup aujourd\u2019hui.<\/p>\n<p>La transparence du vitrage apporte une <strong>luminosit\u00e9 parfaite pour travailler avec pr\u00e9cision<\/strong>. Si vous exercez une activit\u00e9 d&#8217;artisanat, les <a href=\"https:\/\/www.verandair.com\/fr\/veranda\/baie-vitree-coulissante\/\">cloisons vitr\u00e9es<\/a> laissent, en plus, la possibilit\u00e9 aux visiteurs de voir vos gestes dans le cadre d&#8217;une d\u00e9monstration, par exemple.<\/p>\n<p>&nbsp;<\/p>\n<h4>Un jardin d&#8217;hiver<\/h4>\n<p>S\u2019il vous est difficile de placer <a href=\"https:\/\/www.verandair.com\/fr\/veranda\/baie-vitree-coulissante\/\">une verri\u00e8re<\/a> chez vous, mais que vous \u00eates f\u00e9ru de v\u00e9g\u00e9tation, rien ne vous emp\u00eache d&#8217;installer un petit jardin d\u2019hiver. Il vous suffit de placer une cloison vitr\u00e9e dans le coin d&#8217;une grande pi\u00e8ce. L\u2019id\u00e9al pour <strong>abriter vos plantes fragiles tout en les laissant profiter de la lumi\u00e8re naturelle<\/strong>.<\/p>\n<p>Dans ce cas, nous vous conseillons d&#8217;\u00e9viter de placer un radiateur trop proche des plantes dans la pi\u00e8ce. En effet, le jardin d&#8217;hiver doit rester <strong>frais<\/strong>.<\/p>\n<p>&nbsp;<\/p>\n<h2>VERANDAIR\u00a0: un am\u00e9nagement de qualit\u00e9 \u00e0 prix juste<\/h2>\n<p>Ainsi, les <a href=\"https:\/\/www.verandair.com\/fr\/veranda\/baie-vitree-coulissante\/\">cloisons vitr\u00e9es amovibles<\/a> repr\u00e9sentent une <strong>solution d\u00e9co<\/strong> id\u00e9ale, mais \u00e9galement pratique pour divers projets de r\u00e9novation. <strong>Faciles et rapides \u00e0 mettre en place<\/strong>, elles vous offrent luminosit\u00e9, compl\u00e8tent votre <a href=\"https:\/\/www.verandair.com\/fr\/pergolas\/\">pergola<\/a> ou vous permettent de cr\u00e9er un bureau ou toute autre pi\u00e8ce de votre choix.<\/p>\n<p>Chez VERANDAIR, nous sommes sp\u00e9cialis\u00e9s depuis plus de 35 ans dans la <strong>cr\u00e9ation d\u2019univers confortables pour nos clients.<\/strong> Nous vous proposons de r\u00e9aliser vos <a href=\"https:\/\/www.verandair.com\/fr\/veranda\/parois-coulissantes-verre\/\"><strong>baies vitr\u00e9es sur mesure<\/strong><\/a> dans nos ateliers en Belgique, pour un <strong>excellent rapport qualit\u00e9-prix<\/strong>.<\/p>\n<p>Vous choisissez la hauteur et le vitrage souhait\u00e9. Gr\u00e2ce \u00e0 ses <a href=\"https:\/\/www.verandair.com\/fr\/veranda\/parois-coulissantes-verre\/\"><strong>panneaux amovibles coulissants<\/strong><\/a>, la cloison s&#8217;ouvre et se referme ais\u00e9ment. D\u00e9pourvue de ch\u00e2ssis encombrants, elle constitue un <strong>produit \u00e9pur\u00e9<\/strong> qui offre une solidit\u00e9 et une transparence optimales.<\/p>\n<p>[\/et_pb_text][\/et_pb_column][\/et_pb_row][\/et_pb_section][et_pb_section fb_built=&#8221;1&#8243; _builder_version=&#8221;4.27.5&#8243; _module_preset=&#8221;a37cb46d-a9cb-4f77-bbbd-8966bde7aff0&#8243; saved_tabs=&#8221;all&#8221; locked=&#8221;off&#8221; global_colors_info=&#8221;{}&#8221; global_module=&#8221;74566&#8243; theme_builder_area=&#8221;post_content&#8221;][et_pb_row _builder_version=&#8221;4.27.5&#8243; _module_preset=&#8221;default&#8221; width=&#8221;100%&#8221; max_width=&#8221;100%&#8221; custom_padding=&#8221;0px|20px||20px|false|true&#8221; global_colors_info=&#8221;{}&#8221; theme_builder_area=&#8221;post_content&#8221;][et_pb_column type=&#8221;4_4&#8243; _builder_version=&#8221;4.23.4&#8243; _module_preset=&#8221;default&#8221; custom_padding=&#8221;50px||||false|false&#8221; global_colors_info=&#8221;{}&#8221; theme_builder_area=&#8221;post_content&#8221;][et_pb_image src=&#8221;https:\/\/www.verandair.com\/wp-content\/uploads\/2026\/02\/VERAN-brochure-A4-2026.webp&#8221; alt=&#8221;Brochure 2026 Verandair&#8221; title_text=&#8221;VERAN-brochure-A4-2026&#8243; align=&#8221;center&#8221; _builder_version=&#8221;4.27.5&#8243; _module_preset=&#8221;default&#8221; max_width=&#8221;300px&#8221; max_width_last_edited=&#8221;off|desktop&#8221; custom_margin=&#8221;0px||0px||false|false&#8221; scroll_vertical_motion_enable=&#8221;on&#8221; scroll_vertical_motion=&#8221;0|40|40|100|-0.5|0|0&#8243; scroll_fade_enable=&#8221;on&#8221; scroll_fade=&#8221;0|40|40|100|0|100|100&#8243; global_colors_info=&#8221;{}&#8221; theme_builder_area=&#8221;post_content&#8221;][\/et_pb_image][et_pb_text _builder_version=&#8221;4.27.5&#8243; _module_preset=&#8221;default&#8221; header_2_font_size=&#8221;32px&#8221; text_orientation=&#8221;center&#8221; custom_margin=&#8221;||15px||false|false&#8221; global_colors_info=&#8221;{%22gcid-4f3ca7d5-152d-4540-91b1-cc24563bf794%22:%91%22text_text_shadow_color%22%93}&#8221; theme_builder_area=&#8221;post_content&#8221;]<\/p>\n<h2><strong>Envie d&#8217;en savoir plus<\/strong> avant de vous d\u00e9cider ?<br \/><span data-metadata=\"&lt;!--(figmeta)eyJmaWxlS2V5IjoiNDJrcExzUGY2N0VsN0FkMldFdElreCIsInBhc3RlSUQiOjI4MTE1MTAxNSwiZGF0YVR5cGUiOiJzY2VuZSJ9Cg==(\/figmeta)--&gt;\"><\/span><\/h2>\n<p>[\/et_pb_text][et_pb_divider show_divider=&#8221;off&#8221; _builder_version=&#8221;4.27.5&#8243; _module_preset=&#8221;2adabd0f-cb12-404f-9aa7-a3088280e564&#8243; module_alignment=&#8221;center&#8221; global_colors_info=&#8221;{}&#8221; theme_builder_area=&#8221;post_content&#8221;][\/et_pb_divider][et_pb_text _builder_version=&#8221;4.27.5&#8243; _module_preset=&#8221;default&#8221; text_orientation=&#8221;center&#8221; custom_margin=&#8221;||50px||false|false&#8221; global_colors_info=&#8221;{%22gcid-4f3ca7d5-152d-4540-91b1-cc24563bf794%22:%91%22text_text_shadow_color%22%93}&#8221; theme_builder_area=&#8221;post_content&#8221;]<\/p>\n<p><span><strong>T\u00e9l\u00e9chargez la nouvelle brochure 2026<\/strong>\u00a0et d\u00e9couvrez notre <strong>gamme compl\u00e8te de produits<\/strong> pour profiter de votre vie en plein air toute l&#8217;ann\u00e9e.<\/span><\/p>\n<p>[\/et_pb_text][et_pb_button button_url=&#8221;https:\/\/info.verandair.com\/brochure-2026\/&#8221; url_new_window=&#8221;on&#8221; button_text=&#8221;Je t\u00e9l\u00e9charge ma brochure&#8221; button_alignment=&#8221;center&#8221; _builder_version=&#8221;4.27.5&#8243; _module_preset=&#8221;ae8d3791-01a2-4c4b-b221-c3f14f812284&#8243; global_colors_info=&#8221;{}&#8221; theme_builder_area=&#8221;post_content&#8221;][\/et_pb_button][\/et_pb_column][\/et_pb_row][\/et_pb_section]<\/p>\n","protected":false},"excerpt":{"rendered":"<p>El\u00e9ment design par excellence, l&#8217;ajout d&#8217;une baie vitr\u00e9e donne un coup de neuf \u00e0 n&#8217;importe quelle habitation. Et au-del\u00e0 de son caract\u00e8re esth\u00e9tique, elle rev\u00eat \u00e9galement un aspect pratique. Gr\u00e2ce \u00e0 elle, gagnez en luminosit\u00e9, am\u00e9liorez vos installations existantes ou b\u00e9n\u00e9ficiez d&#8217;une pi\u00e8ce \u00e0 vivre suppl\u00e9mentaire. <\/p>\n","protected":false},"author":8,"featured_media":29580,"comment_status":"closed","ping_status":"closed","sticky":false,"template":"","format":"standard","meta":{"_acf_changed":false,"_et_pb_use_builder":"on","_et_pb_old_content":"","_et_gb_content_width":"","inline_featured_image":false,"footnotes":""},"categories":[35],"tags":[],"class_list":["post-29572","post","type-post","status-publish","format-standard","has-post-thumbnail","hentry","category-paroi-coulissante"],"acf":[],"yoast_head":"<!-- This site is optimized with the Yoast SEO plugin v27.5 - https:\/\/yoast.com\/product\/yoast-seo-wordpress\/ -->\n<title>Int\u00e9rieur design : 5 fa\u00e7ons d\u2019utiliser la cloison vitr\u00e9e amovible<\/title>\n<meta name=\"description\" content=\"Un salon lumineux, un atelier trendy ou un joli bureau pour t\u00e9l\u00e9travailler ? Voici comment am\u00e9liorer votre int\u00e9rieur avec une paroi en verre.\" \/>\n<meta name=\"robots\" content=\"index, follow, max-snippet:-1, max-image-preview:large, max-video-preview:-1\" \/>\n<link rel=\"canonical\" href=\"https:\/\/www.verandair.com\/fr\/5-utilisations-de-la-cloison-vitree-amovible\/\" \/>\n<meta property=\"og:locale\" content=\"fr_FR\" \/>\n<meta property=\"og:type\" content=\"article\" \/>\n<meta property=\"og:title\" content=\"5 utilisations de la cloison vitr\u00e9e amovible\" \/>\n<meta property=\"og:description\" content=\"El\u00e9ment design par excellence, l&#039;ajout d&#039;une baie vitr\u00e9e donne un coup de neuf \u00e0 n&#039;importe quelle habitation. Vous gagnez en luminosit\u00e9, am\u00e9liorez vos installations existantes ou b\u00e9n\u00e9ficiez d&#039;une pi\u00e8ce \u00e0 vivre suppl\u00e9mentaire.\" \/>\n<meta property=\"og:url\" content=\"https:\/\/www.verandair.com\/fr\/5-utilisations-de-la-cloison-vitree-amovible\/\" \/>\n<meta property=\"og:site_name\" content=\"VERANDAIR\u00ae\" \/>\n<meta property=\"article:published_time\" content=\"2022-02-03T08:00:51+00:00\" \/>\n<meta property=\"article:modified_time\" content=\"2026-02-27T14:40:50+00:00\" \/>\n<meta property=\"og:image\" content=\"https:\/\/www.verandair.com\/wp-content\/uploads\/2022\/02\/S20_NL-1.jpeg\" \/>\n\t<meta property=\"og:image:width\" content=\"972\" \/>\n\t<meta property=\"og:image:height\" content=\"768\" \/>\n\t<meta property=\"og:image:type\" content=\"image\/jpeg\" \/>\n<meta name=\"author\" content=\"Alice\" \/>\n<meta name=\"twitter:card\" content=\"summary_large_image\" \/>\n<meta name=\"twitter:title\" content=\"5 utilisations de la cloison vitr\u00e9e amovible\" \/>\n<meta name=\"twitter:description\" content=\"El\u00e9ment design par excellence, l&#039;ajout d&#039;une baie vitr\u00e9e donne un coup de neuf \u00e0 n&#039;importe quelle habitation. Vous gagnez en luminosit\u00e9, am\u00e9liorez vos installations existantes ou b\u00e9n\u00e9ficiez d&#039;une pi\u00e8ce \u00e0 vivre suppl\u00e9mentaire.\" \/>\n<meta name=\"twitter:label1\" content=\"\u00c9crit par\" \/>\n\t<meta name=\"twitter:data1\" content=\"Alice\" \/>\n\t<meta name=\"twitter:label2\" content=\"Dur\u00e9e de lecture estim\u00e9e\" \/>\n\t<meta name=\"twitter:data2\" content=\"5 minutes\" \/>\n<script type=\"application\/ld+json\" class=\"yoast-schema-graph\">{\"@context\":\"https:\\\/\\\/schema.org\",\"@graph\":[{\"@type\":\"Article\",\"@id\":\"https:\\\/\\\/www.verandair.com\\\/fr\\\/5-utilisations-de-la-cloison-vitree-amovible\\\/#article\",\"isPartOf\":{\"@id\":\"https:\\\/\\\/www.verandair.com\\\/fr\\\/5-utilisations-de-la-cloison-vitree-amovible\\\/\"},\"author\":{\"name\":\"Alice\",\"@id\":\"https:\\\/\\\/www.verandair.com\\\/fr\\\/#\\\/schema\\\/person\\\/0d97763121460877f40970171852e2a2\"},\"headline\":\"5 fa\u00e7ons d&#8217;utiliser une cloison vitr\u00e9e amovible\",\"datePublished\":\"2022-02-03T08:00:51+00:00\",\"dateModified\":\"2026-02-27T14:40:50+00:00\",\"mainEntityOfPage\":{\"@id\":\"https:\\\/\\\/www.verandair.com\\\/fr\\\/5-utilisations-de-la-cloison-vitree-amovible\\\/\"},\"wordCount\":1659,\"publisher\":{\"@id\":\"https:\\\/\\\/www.verandair.com\\\/fr\\\/#organization\"},\"image\":{\"@id\":\"https:\\\/\\\/www.verandair.com\\\/fr\\\/5-utilisations-de-la-cloison-vitree-amovible\\\/#primaryimage\"},\"thumbnailUrl\":\"https:\\\/\\\/www.verandair.com\\\/wp-content\\\/uploads\\\/2022\\\/02\\\/S20_NL-1.jpeg\",\"articleSection\":[\"Paroi Coulissante\"],\"inLanguage\":\"fr-FR\"},{\"@type\":\"WebPage\",\"@id\":\"https:\\\/\\\/www.verandair.com\\\/fr\\\/5-utilisations-de-la-cloison-vitree-amovible\\\/\",\"url\":\"https:\\\/\\\/www.verandair.com\\\/fr\\\/5-utilisations-de-la-cloison-vitree-amovible\\\/\",\"name\":\"Int\u00e9rieur design : 5 fa\u00e7ons d\u2019utiliser la cloison vitr\u00e9e amovible\",\"isPartOf\":{\"@id\":\"https:\\\/\\\/www.verandair.com\\\/fr\\\/#website\"},\"primaryImageOfPage\":{\"@id\":\"https:\\\/\\\/www.verandair.com\\\/fr\\\/5-utilisations-de-la-cloison-vitree-amovible\\\/#primaryimage\"},\"image\":{\"@id\":\"https:\\\/\\\/www.verandair.com\\\/fr\\\/5-utilisations-de-la-cloison-vitree-amovible\\\/#primaryimage\"},\"thumbnailUrl\":\"https:\\\/\\\/www.verandair.com\\\/wp-content\\\/uploads\\\/2022\\\/02\\\/S20_NL-1.jpeg\",\"datePublished\":\"2022-02-03T08:00:51+00:00\",\"dateModified\":\"2026-02-27T14:40:50+00:00\",\"description\":\"Un salon lumineux, un atelier trendy ou un joli bureau pour t\u00e9l\u00e9travailler ? Voici comment am\u00e9liorer votre int\u00e9rieur avec une paroi en verre.\",\"breadcrumb\":{\"@id\":\"https:\\\/\\\/www.verandair.com\\\/fr\\\/5-utilisations-de-la-cloison-vitree-amovible\\\/#breadcrumb\"},\"inLanguage\":\"fr-FR\",\"potentialAction\":[{\"@type\":\"ReadAction\",\"target\":[\"https:\\\/\\\/www.verandair.com\\\/fr\\\/5-utilisations-de-la-cloison-vitree-amovible\\\/\"]}]},{\"@type\":\"ImageObject\",\"inLanguage\":\"fr-FR\",\"@id\":\"https:\\\/\\\/www.verandair.com\\\/fr\\\/5-utilisations-de-la-cloison-vitree-amovible\\\/#primaryimage\",\"url\":\"https:\\\/\\\/www.verandair.com\\\/wp-content\\\/uploads\\\/2022\\\/02\\\/S20_NL-1.jpeg\",\"contentUrl\":\"https:\\\/\\\/www.verandair.com\\\/wp-content\\\/uploads\\\/2022\\\/02\\\/S20_NL-1.jpeg\",\"width\":972,\"height\":768,\"caption\":\"paroi vitr\u00e9e coulissante entre un salon int\u00e9rieur et une piscine ext\u00e9rieure\"},{\"@type\":\"BreadcrumbList\",\"@id\":\"https:\\\/\\\/www.verandair.com\\\/fr\\\/5-utilisations-de-la-cloison-vitree-amovible\\\/#breadcrumb\",\"itemListElement\":[{\"@type\":\"ListItem\",\"position\":1,\"name\":\"Accueil\",\"item\":{\"@type\":\"WebPage\",\"@id\":\"https:\\\/\\\/www.verandair.com\\\/fr\\\/\",\"name\":\"Accueil\"}},{\"@type\":\"ListItem\",\"position\":2,\"name\":\"5 fa\u00e7ons d&#8217;utiliser une cloison vitr\u00e9e amovible\"}]},{\"@type\":\"WebSite\",\"@id\":\"https:\\\/\\\/www.verandair.com\\\/fr\\\/#website\",\"url\":\"https:\\\/\\\/www.verandair.com\\\/fr\\\/\",\"name\":\"VERANDAIR\u00ae\",\"description\":\"\",\"publisher\":{\"@id\":\"https:\\\/\\\/www.verandair.com\\\/fr\\\/#organization\"},\"potentialAction\":[{\"@type\":\"SearchAction\",\"target\":{\"@type\":\"EntryPoint\",\"urlTemplate\":\"https:\\\/\\\/www.verandair.com\\\/fr\\\/?s={search_term_string}\"},\"query-input\":{\"@type\":\"PropertyValueSpecification\",\"valueRequired\":true,\"valueName\":\"search_term_string\"}}],\"inLanguage\":\"fr-FR\"},{\"@type\":\"Organization\",\"@id\":\"https:\\\/\\\/www.verandair.com\\\/fr\\\/#organization\",\"name\":\"Verandair\",\"url\":\"https:\\\/\\\/www.verandair.com\\\/fr\\\/\",\"logo\":{\"@type\":\"ImageObject\",\"inLanguage\":\"fr-FR\",\"@id\":\"https:\\\/\\\/www.verandair.com\\\/fr\\\/#\\\/schema\\\/logo\\\/image\\\/\",\"url\":\"https:\\\/\\\/www.verandair.com\\\/wp-content\\\/uploads\\\/2024\\\/06\\\/VERANDAIR-logo.png\",\"contentUrl\":\"https:\\\/\\\/www.verandair.com\\\/wp-content\\\/uploads\\\/2024\\\/06\\\/VERANDAIR-logo.png\",\"width\":283,\"height\":127,\"caption\":\"Verandair\"},\"image\":{\"@id\":\"https:\\\/\\\/www.verandair.com\\\/fr\\\/#\\\/schema\\\/logo\\\/image\\\/\"}},{\"@type\":\"Person\",\"@id\":\"https:\\\/\\\/www.verandair.com\\\/fr\\\/#\\\/schema\\\/person\\\/0d97763121460877f40970171852e2a2\",\"name\":\"Alice\",\"image\":{\"@type\":\"ImageObject\",\"inLanguage\":\"fr-FR\",\"@id\":\"https:\\\/\\\/secure.gravatar.com\\\/avatar\\\/a66e8d2a8f0ca0e40a41ef0745c005ca526fd833910838127297e19dfce18750?s=96&d=mm&r=g\",\"url\":\"https:\\\/\\\/secure.gravatar.com\\\/avatar\\\/a66e8d2a8f0ca0e40a41ef0745c005ca526fd833910838127297e19dfce18750?s=96&d=mm&r=g\",\"contentUrl\":\"https:\\\/\\\/secure.gravatar.com\\\/avatar\\\/a66e8d2a8f0ca0e40a41ef0745c005ca526fd833910838127297e19dfce18750?s=96&d=mm&r=g\",\"caption\":\"Alice\"}}]}<\/script>\n<!-- \/ Yoast SEO plugin. -->","yoast_head_json":{"title":"Int\u00e9rieur design : 5 fa\u00e7ons d\u2019utiliser la cloison vitr\u00e9e amovible","description":"Un salon lumineux, un atelier trendy ou un joli bureau pour t\u00e9l\u00e9travailler ? Voici comment am\u00e9liorer votre int\u00e9rieur avec une paroi en verre.","robots":{"index":"index","follow":"follow","max-snippet":"max-snippet:-1","max-image-preview":"max-image-preview:large","max-video-preview":"max-video-preview:-1"},"canonical":"https:\/\/www.verandair.com\/fr\/5-utilisations-de-la-cloison-vitree-amovible\/","og_locale":"fr_FR","og_type":"article","og_title":"5 utilisations de la cloison vitr\u00e9e amovible","og_description":"El\u00e9ment design par excellence, l'ajout d'une baie vitr\u00e9e donne un coup de neuf \u00e0 n'importe quelle habitation. Vous gagnez en luminosit\u00e9, am\u00e9liorez vos installations existantes ou b\u00e9n\u00e9ficiez d'une pi\u00e8ce \u00e0 vivre suppl\u00e9mentaire.","og_url":"https:\/\/www.verandair.com\/fr\/5-utilisations-de-la-cloison-vitree-amovible\/","og_site_name":"VERANDAIR\u00ae","article_published_time":"2022-02-03T08:00:51+00:00","article_modified_time":"2026-02-27T14:40:50+00:00","og_image":[{"width":972,"height":768,"url":"https:\/\/www.verandair.com\/wp-content\/uploads\/2022\/02\/S20_NL-1.jpeg","type":"image\/jpeg"}],"author":"Alice","twitter_card":"summary_large_image","twitter_title":"5 utilisations de la cloison vitr\u00e9e amovible","twitter_description":"El\u00e9ment design par excellence, l'ajout d'une baie vitr\u00e9e donne un coup de neuf \u00e0 n'importe quelle habitation. Vous gagnez en luminosit\u00e9, am\u00e9liorez vos installations existantes ou b\u00e9n\u00e9ficiez d'une pi\u00e8ce \u00e0 vivre suppl\u00e9mentaire.","twitter_misc":{"\u00c9crit par":"Alice","Dur\u00e9e de lecture estim\u00e9e":"5 minutes"},"schema":{"@context":"https:\/\/schema.org","@graph":[{"@type":"Article","@id":"https:\/\/www.verandair.com\/fr\/5-utilisations-de-la-cloison-vitree-amovible\/#article","isPartOf":{"@id":"https:\/\/www.verandair.com\/fr\/5-utilisations-de-la-cloison-vitree-amovible\/"},"author":{"name":"Alice","@id":"https:\/\/www.verandair.com\/fr\/#\/schema\/person\/0d97763121460877f40970171852e2a2"},"headline":"5 fa\u00e7ons d&#8217;utiliser une cloison vitr\u00e9e amovible","datePublished":"2022-02-03T08:00:51+00:00","dateModified":"2026-02-27T14:40:50+00:00","mainEntityOfPage":{"@id":"https:\/\/www.verandair.com\/fr\/5-utilisations-de-la-cloison-vitree-amovible\/"},"wordCount":1659,"publisher":{"@id":"https:\/\/www.verandair.com\/fr\/#organization"},"image":{"@id":"https:\/\/www.verandair.com\/fr\/5-utilisations-de-la-cloison-vitree-amovible\/#primaryimage"},"thumbnailUrl":"https:\/\/www.verandair.com\/wp-content\/uploads\/2022\/02\/S20_NL-1.jpeg","articleSection":["Paroi Coulissante"],"inLanguage":"fr-FR"},{"@type":"WebPage","@id":"https:\/\/www.verandair.com\/fr\/5-utilisations-de-la-cloison-vitree-amovible\/","url":"https:\/\/www.verandair.com\/fr\/5-utilisations-de-la-cloison-vitree-amovible\/","name":"Int\u00e9rieur design : 5 fa\u00e7ons d\u2019utiliser la cloison vitr\u00e9e amovible","isPartOf":{"@id":"https:\/\/www.verandair.com\/fr\/#website"},"primaryImageOfPage":{"@id":"https:\/\/www.verandair.com\/fr\/5-utilisations-de-la-cloison-vitree-amovible\/#primaryimage"},"image":{"@id":"https:\/\/www.verandair.com\/fr\/5-utilisations-de-la-cloison-vitree-amovible\/#primaryimage"},"thumbnailUrl":"https:\/\/www.verandair.com\/wp-content\/uploads\/2022\/02\/S20_NL-1.jpeg","datePublished":"2022-02-03T08:00:51+00:00","dateModified":"2026-02-27T14:40:50+00:00","description":"Un salon lumineux, un atelier trendy ou un joli bureau pour t\u00e9l\u00e9travailler ? Voici comment am\u00e9liorer votre int\u00e9rieur avec une paroi en verre.","breadcrumb":{"@id":"https:\/\/www.verandair.com\/fr\/5-utilisations-de-la-cloison-vitree-amovible\/#breadcrumb"},"inLanguage":"fr-FR","potentialAction":[{"@type":"ReadAction","target":["https:\/\/www.verandair.com\/fr\/5-utilisations-de-la-cloison-vitree-amovible\/"]}]},{"@type":"ImageObject","inLanguage":"fr-FR","@id":"https:\/\/www.verandair.com\/fr\/5-utilisations-de-la-cloison-vitree-amovible\/#primaryimage","url":"https:\/\/www.verandair.com\/wp-content\/uploads\/2022\/02\/S20_NL-1.jpeg","contentUrl":"https:\/\/www.verandair.com\/wp-content\/uploads\/2022\/02\/S20_NL-1.jpeg","width":972,"height":768,"caption":"paroi vitr\u00e9e coulissante entre un salon int\u00e9rieur et une piscine ext\u00e9rieure"},{"@type":"BreadcrumbList","@id":"https:\/\/www.verandair.com\/fr\/5-utilisations-de-la-cloison-vitree-amovible\/#breadcrumb","itemListElement":[{"@type":"ListItem","position":1,"name":"Accueil","item":{"@type":"WebPage","@id":"https:\/\/www.verandair.com\/fr\/","name":"Accueil"}},{"@type":"ListItem","position":2,"name":"5 fa\u00e7ons d&#8217;utiliser une cloison vitr\u00e9e amovible"}]},{"@type":"WebSite","@id":"https:\/\/www.verandair.com\/fr\/#website","url":"https:\/\/www.verandair.com\/fr\/","name":"VERANDAIR\u00ae","description":"","publisher":{"@id":"https:\/\/www.verandair.com\/fr\/#organization"},"potentialAction":[{"@type":"SearchAction","target":{"@type":"EntryPoint","urlTemplate":"https:\/\/www.verandair.com\/fr\/?s={search_term_string}"},"query-input":{"@type":"PropertyValueSpecification","valueRequired":true,"valueName":"search_term_string"}}],"inLanguage":"fr-FR"},{"@type":"Organization","@id":"https:\/\/www.verandair.com\/fr\/#organization","name":"Verandair","url":"https:\/\/www.verandair.com\/fr\/","logo":{"@type":"ImageObject","inLanguage":"fr-FR","@id":"https:\/\/www.verandair.com\/fr\/#\/schema\/logo\/image\/","url":"https:\/\/www.verandair.com\/wp-content\/uploads\/2024\/06\/VERANDAIR-logo.png","contentUrl":"https:\/\/www.verandair.com\/wp-content\/uploads\/2024\/06\/VERANDAIR-logo.png","width":283,"height":127,"caption":"Verandair"},"image":{"@id":"https:\/\/www.verandair.com\/fr\/#\/schema\/logo\/image\/"}},{"@type":"Person","@id":"https:\/\/www.verandair.com\/fr\/#\/schema\/person\/0d97763121460877f40970171852e2a2","name":"Alice","image":{"@type":"ImageObject","inLanguage":"fr-FR","@id":"https:\/\/secure.gravatar.com\/avatar\/a66e8d2a8f0ca0e40a41ef0745c005ca526fd833910838127297e19dfce18750?s=96&d=mm&r=g","url":"https:\/\/secure.gravatar.com\/avatar\/a66e8d2a8f0ca0e40a41ef0745c005ca526fd833910838127297e19dfce18750?s=96&d=mm&r=g","contentUrl":"https:\/\/secure.gravatar.com\/avatar\/a66e8d2a8f0ca0e40a41ef0745c005ca526fd833910838127297e19dfce18750?s=96&d=mm&r=g","caption":"Alice"}}]}},"_links":{"self":[{"href":"https:\/\/www.verandair.com\/fr\/wp-json\/wp\/v2\/posts\/29572","targetHints":{"allow":["GET"]}}],"collection":[{"href":"https:\/\/www.verandair.com\/fr\/wp-json\/wp\/v2\/posts"}],"about":[{"href":"https:\/\/www.verandair.com\/fr\/wp-json\/wp\/v2\/types\/post"}],"author":[{"embeddable":true,"href":"https:\/\/www.verandair.com\/fr\/wp-json\/wp\/v2\/users\/8"}],"replies":[{"embeddable":true,"href":"https:\/\/www.verandair.com\/fr\/wp-json\/wp\/v2\/comments?post=29572"}],"version-history":[{"count":4,"href":"https:\/\/www.verandair.com\/fr\/wp-json\/wp\/v2\/posts\/29572\/revisions"}],"predecessor-version":[{"id":74694,"href":"https:\/\/www.verandair.com\/fr\/wp-json\/wp\/v2\/posts\/29572\/revisions\/74694"}],"wp:featuredmedia":[{"embeddable":true,"href":"https:\/\/www.verandair.com\/fr\/wp-json\/wp\/v2\/media\/29580"}],"wp:attachment":[{"href":"https:\/\/www.verandair.com\/fr\/wp-json\/wp\/v2\/media?parent=29572"}],"wp:term":[{"taxonomy":"category","embeddable":true,"href":"https:\/\/www.verandair.com\/fr\/wp-json\/wp\/v2\/categories?post=29572"},{"taxonomy":"post_tag","embeddable":true,"href":"https:\/\/www.verandair.com\/fr\/wp-json\/wp\/v2\/tags?post=29572"}],"curies":[{"name":"wp","href":"https:\/\/api.w.org\/{rel}","templated":true}]}}