{"id":29594,"date":"2022-03-04T08:00:15","date_gmt":"2022-03-04T07:00:15","guid":{"rendered":"https:\/\/www.verandair.com\/?p=29594"},"modified":"2026-02-27T15:31:49","modified_gmt":"2026-02-27T14:31:49","slug":"comment-proteger-votre-terrasse","status":"publish","type":"post","link":"https:\/\/www.verandair.com\/fr\/comment-proteger-votre-terrasse\/","title":{"rendered":"Comment prot\u00e9ger votre terrasse ?"},"content":{"rendered":"<p>[et_pb_section fb_built=&#8221;1&#8243; _builder_version=&#8221;4.16&#8243; global_colors_info=&#8221;{}&#8221; theme_builder_area=&#8221;post_content&#8221;][et_pb_row _builder_version=&#8221;4.16&#8243; global_colors_info=&#8221;{}&#8221; theme_builder_area=&#8221;post_content&#8221;][et_pb_column type=&#8221;4_4&#8243; _builder_version=&#8221;4.16&#8243; custom_padding=&#8221;|||&#8221; global_colors_info=&#8221;{}&#8221; custom_padding__hover=&#8221;|||&#8221; theme_builder_area=&#8221;post_content&#8221;][et_pb_text _builder_version=&#8221;4.19.2&#8243; global_colors_info=&#8221;{}&#8221; theme_builder_area=&#8221;post_content&#8221;]<\/p>\n<p>V\u00e9ritable transition entre la maison et le jardin, la terrasse est particuli\u00e8rement agr\u00e9able en \u00e9t\u00e9. N\u00e9anmoins, \u00e9tant <strong>soumise aux intemp\u00e9ries, elle doit \u00eatre entretenue<\/strong>. Cette t\u00e2che peut vite devenir une corv\u00e9e. Il est donc int\u00e9ressant de <strong>limiter l&#8217;impact des conditions ext\u00e9rieures<\/strong>. Voici toutes les solutions pour <a href=\"https:\/\/www.verandair.com\/fr\/veranda\/abri-de-terrasse\/\">prot\u00e9ger votre terrasse<\/a> et conserver au maximum son aspect d&#8217;origine.<\/p>\n<p>&nbsp;<\/p>\n<h2>Pourquoi est-il important de prot\u00e9ger votre terrasse ?<\/h2>\n<p>La terrasse est une installation qui permet de profiter du soleil et de la belle saison en toute tranquillit\u00e9. Mais, en fonction de ses mat\u00e9riaux de construction, cette zone peut s\u2019av\u00e9rer particuli\u00e8rement <strong>vuln\u00e9rable aux<\/strong> <strong>al\u00e9as climatiques<\/strong>.<\/p>\n<p>La pluie, la neige, le gel, mais aussi les rayons du soleil peuvent l&#8217;abimer et la ternir. Non prot\u00e9g\u00e9, le <strong>mobilier de jardin<\/strong> est \u00e9galement susceptible de se d\u00e9t\u00e9riorer rapidement. Ainsi, pour maintenir vos espaces ext\u00e9rieurs en bon \u00e9tat, <strong>plusieurs options<\/strong> s\u2019offrent \u00e0 vous.<\/p>\n<p>[\/et_pb_text][et_pb_button button_url=&#8221;https:\/\/www.verandair.com\/fr\/contact\/&#8221; button_text=&#8221;Obtenez votre abri de terrasse sur mesure&#8221; button_alignment=&#8221;center&#8221; _builder_version=&#8221;4.19.2&#8243; custom_margin=&#8221;||||false|false&#8221; custom_padding=&#8221;||||false|false&#8221; global_colors_info=&#8221;{}&#8221; theme_builder_area=&#8221;post_content&#8221;][\/et_pb_button][et_pb_text _builder_version=&#8221;4.19.2&#8243; global_colors_info=&#8221;{}&#8221; theme_builder_area=&#8221;post_content&#8221;]<\/p>\n<h2>Comment prot\u00e9ger efficacement votre terrasse\u00a0?<\/h2>\n<p>Si votre terrasse est \u00e0 l\u2019air libre, il faut, en principe, <strong>l\u2019entretenir r\u00e9guli\u00e8rement avec des<\/strong> <strong>produits adapt\u00e9s<\/strong>. Il va sans dire que cet entretien peut s\u2019av\u00e9rer <strong>plus ou moins contraignant<\/strong>.<\/p>\n<h3>La terrasse en bois<\/h3>\n<p><a href=\"https:\/\/www.verandair.com\/fr\/veranda\/abri-de-terrasse\/\">L&#8217;entretien de votre terrasse<\/a> en bois varie selon votre budget et vos besoins. Cependant, pour <strong>entretenir efficacement une terrasse en bois<\/strong>, il est important de <strong>suivre quelques r\u00e8gles de base<\/strong>. Tout d&#8217;abord, il est recommand\u00e9 de <strong>nettoyer r\u00e9guli\u00e8rement votre terrasse en bois avec un jet d&#8217;eau et une brosse douce<\/strong>. Cela permet d&#8217;\u00e9liminer les salet\u00e9s, les feuilles mortes et les r\u00e9sidus de nourriture qui peuvent s&#8217;accumuler sur votre terrasse.<\/p>\n<p>Ensuite, il est important de <a href=\"https:\/\/www.verandair.com\/fr\/veranda\/abri-de-terrasse\/\">prot\u00e9ger votre terrasse<\/a> en bois avec un <strong>produit de traitement sp\u00e9cifique<\/strong>. Il existe plusieurs types de produits sur le march\u00e9 pour prot\u00e9ger le bois, tels que les huiles, les teintures, les vernis ou les lasures. <strong>Chaque type de produit a ses propres avantages et inconv\u00e9nients<\/strong>, c&#8217;est \u00e0 vous de d\u00e9cider celui qui convient le mieux au bois de votre terrasse.<\/p>\n<h3>\u00a0<\/h3>\n<h3>La terrasse en pierres<\/h3>\n<p>De m\u00eame, dans le cas d\u2019<strong>une terrasse en pierres<\/strong>, le nettoyage reste conseill\u00e9, surtout \u00e0 la mauvaise saison lorsque les feuilles mortes s&#8217;accumulent. Il est important d&#8217;<strong>appliquer un traitement hydrofuge <\/strong>sur votre terrasse en pierres. Cela aidera \u00e0 repousser l&#8217;eau et \u00e0 emp\u00eacher les taches de s&#8217;incruster dans les pores de la pierre.<\/p>\n<p>Si vous remarquez des <strong>fissures ou des dommages<\/strong> sur la surface des pierres, vous devez les <strong>r\u00e9parer imm\u00e9diatement<\/strong>. Pour ce faire, utilisez du mortier ou du mastic de pierre pour combler les fissures et les dommages.<\/p>\n<h3>\u00a0<\/h3>\n<h3>Fr\u00e9quence d&#8217;entretien<\/h3>\n<p>Que votre terrasse soit en bois ou en pierres, il est <strong>recommand\u00e9 de <a href=\"https:\/\/www.verandair.com\/fr\/veranda\/abri-de-terrasse\/\">traiter votre terrasse<\/a> au moins une fois par an<\/strong> pour la prot\u00e9ger efficacement des intemp\u00e9ries et des UV. Si votre terrasse est <strong>tr\u00e8s expos\u00e9e au soleil, au vent ou \u00e0 la pluie<\/strong>, vous pouvez <strong>augmenter la fr\u00e9quence de traitement<\/strong> pour en assurer une meilleure protection.<\/p>\n<h3>\u00a0<\/h3>\n<h3>Alternatives durables<\/h3>\n<p>Pour vous faciliter la t\u00e2che, il existe des <strong>solutions plus durables<\/strong> permettant de<a href=\"https:\/\/www.verandair.com\/fr\/veranda\/abri-de-terrasse\/\"> prot\u00e9ger une terrasse<\/a> des al\u00e9as climatiques. En effet, il est possible de l\u2019abriter sous une <a href=\"https:\/\/www.verandair.com\/fr\/veranda\/abri-de-terrasse\/\"><strong>installation fixe<\/strong> <strong>et modulable<\/strong><\/a>, comme <a href=\"https:\/\/www.verandair.com\/fr\/pergolas\/pergola-toiture-fixe\/\">une pergola<\/a> ou <a href=\"https:\/\/www.verandair.com\/fr\/veranda\/verandas-bioclimatiques-retractables\/\">une v\u00e9randa r\u00e9tractable<\/a><\/p>\n<p>Vous pouvez \u00e9galement <strong>opter pour une toiture en verre ou en polycarbonate<\/strong> pour <a href=\"https:\/\/www.verandair.com\/fr\/veranda\/abri-de-terrasse\/\">prot\u00e9ger votre terrasse<\/a> des rayons UV et de la pluie. Une toiture en verre ou en polycarbonate peut \u00eatre install\u00e9e de mani\u00e8re <strong>fixe ou mobile<\/strong>, selon vos pr\u00e9f\u00e9rences et les besoins de votre terrasse.<\/p>\n<h2>\u00a0<\/h2>\n<h2>La pergola\u00a0: une protection solide et un espace d\u00e9co cosy<\/h2>\n<p>Plus r\u00e9sistante et protectrice qu&#8217;un parasol, <a href=\"https:\/\/www.verandair.com\/fr\/pergolas\/pergola-toiture-fixe\/\">la pergola<\/a> constitue un moyen \u00e9l\u00e9gant de prot\u00e9ger vos espaces ext\u00e9rieurs et votre mobilier de jardin. De plus, elle permet de cr\u00e9er un <strong>lieu de vie<\/strong> <strong>cosy<\/strong> en dehors de votre maison ou appartement. La <a href=\"https:\/\/www.verandair.com\/fr\/pergolas\/\">pergola<\/a> peut, en effet, \u00e9galement \u00eatre install\u00e9e sur un balcon.<\/p>\n<p>Gr\u00e2ce \u00e0 son <strong>toit, qui peut \u00eatre r\u00e9tractable<\/strong>, vous \u00eates prot\u00e9g\u00e9 des rayons du soleil et de la pluie. Il est parfois possible d\u2019ajouter des <a href=\"https:\/\/www.verandair.com\/fr\/veranda\/parois-coulissantes-verre\/\">parois lat\u00e9rales coulissantes<\/a> le long de la structure afin d\u2019augmenter cette <strong>protection<\/strong>, notamment s\u2019il y a du vent.<\/p>\n<p>Vous avez alors tout le loisir de placer <strong>de la d\u00e9co, un store et du mobilier<\/strong> sous la <a href=\"https:\/\/www.verandair.com\/fr\/pergolas\/\">pergola<\/a>. De cette fa\u00e7on, en \u00e9t\u00e9 comme par temps frais, vous <strong>profitez un maximum de votre jardin.<\/strong><\/p>\n<h3>\u00a0<\/h3>\n<h3>La pergola \u00e0 lames orientables<\/h3>\n<p>Si vous pr\u00e9f\u00e9rez les <a href=\"https:\/\/www.verandair.com\/fr\/galerie\/pergolas\/la-pergola-bioclimatique\/\"><strong>lames orientables<\/strong><\/a> \u00e0 un <a href=\"https:\/\/www.verandair.com\/fr\/pergolas\/pergola-toiture-fixe\/\">toit classique<\/a>, vous pourriez <a href=\"https:\/\/www.verandair.com\/fr\/pergolas\/la-pergola-bioclimatique\/\">vous diriger vers une pergola bioclimatique<\/a>. Dans ce cas, vous orientez les lames en fonction de la m\u00e9t\u00e9o pour ajuster la ventilation et l&#8217;ensoleillement sur la terrasse.<\/p>\n<p>[\/et_pb_text][et_pb_button button_url=&#8221;https:\/\/www.verandair.com\/fr\/pergolas\/&#8221; button_text=&#8221;Vous avez un projet de pergola? Contactez-nous pour recevoir un devis gratuit!&#8221; button_alignment=&#8221;center&#8221; _builder_version=&#8221;4.17.6&#8243; custom_margin=&#8221;||||false|false&#8221; custom_padding=&#8221;||||false|false&#8221; global_colors_info=&#8221;{}&#8221; theme_builder_area=&#8221;post_content&#8221;][\/et_pb_button][et_pb_text _builder_version=&#8221;4.19.2&#8243; global_colors_info=&#8221;{}&#8221; theme_builder_area=&#8221;post_content&#8221;]<\/p>\n<h3>L\u2019abri de terrasse ou comment profiter de votre ext\u00e9rieur toute l\u2019ann\u00e9e<\/h3>\n<p>Pour transformer votre terrasse en une <a href=\"https:\/\/www.verandair.com\/fr\/veranda\/abri-de-terrasse\/\">v\u00e9ritable pi\u00e8ce suppl\u00e9mentaire<\/a>, vous pouvez faire le choix d\u2019un <a href=\"https:\/\/www.verandair.com\/fr\/veranda\/abri-de-terrasse\/\">abri r\u00e9tractable<\/a> ou d&#8217;une <a href=\"https:\/\/www.verandair.com\/fr\/veranda\/verandas-bioclimatiques-retractables\/\">v\u00e9randa bioclimatique<\/a>. Ce terme renvoie au fait qu\u2019elle <strong>s\u2019adapte au climat<\/strong> gr\u00e2ce \u00e0 sa <a href=\"https:\/\/www.verandair.com\/fr\/veranda\/abri-de-terrasse\/\">structure t\u00e9lescopique<\/a>.<\/p>\n<p>Modulable, cette <a href=\"https:\/\/www.verandair.com\/fr\/veranda\/\">protection de terrasse<\/a> fait donc office de deux en un\u00a0: une fois ouverte, elle prend peu de place et laisse votre terrasse \u00e0 l\u2019air libre pour <strong>profiter des rayons du soleil<\/strong>\u00a0; en position ferm\u00e9e, elle <strong>abrite vos installations ext\u00e9rieures des intemp\u00e9ries<\/strong>. Vous pourrez ainsi y placer des meubles plus fragiles.\u00a0<\/p>\n<p>&nbsp;<\/p>\n<h2>En conclusion<\/h2>\n<p>Dans nos r\u00e9gions, les terrasses et le mobilier de jardin sont soumis \u00e0 des <strong>conditions climatiques variables<\/strong>. Sans un <strong>entretien plus ou moins r\u00e9gulier<\/strong> ou une <strong>protection ad\u00e9quate<\/strong>, ils risquent de se d\u00e9t\u00e9riorer.<\/p>\n<p>Si vous souhaitez vous faciliter la vie, il existe des <strong>solutions efficaces et durables pour la <\/strong>protection de votre terrasse.<\/p>\n<p>Tout d\u2019abord, <a href=\"https:\/\/www.verandair.com\/fr\/pergolas\/\">la pergola<\/a> est une structure plus robuste qu\u2019un parasol que vous pouvez moduler selon vos envies, en y ajoutant des <a href=\"https:\/\/www.verandair.com\/fr\/veranda\/parois-coulissantes-verre\/\">parois lat\u00e9rales<\/a> avec un store au besoin. Ensuite, <a href=\"https:\/\/www.verandair.com\/fr\/veranda\/\">l\u2019abri de terrasse r\u00e9tractable<\/a> offre une protection compl\u00e8te pour vos espaces ext\u00e9rieurs, tout en constituant une <a href=\"https:\/\/www.verandair.com\/fr\/veranda\/\">v\u00e9ritable pi\u00e8ce de vie suppl\u00e9mentaire<\/a>.<\/p>\n<p>Ces deux solutions s\u2019int\u00e8grent tant \u00e0 la <strong>terrasse de votre maison <\/strong>qu\u2019au <strong>balcon d\u2019un appartement<\/strong>.<\/p>\n<p>&nbsp;<\/p>\n<h3>Les avantages des produits VERANDAIR\u00a0: un bon rapport qualit\u00e9-prix<\/h3>\n<p>Chez VERANDAIR, nous concevons des <strong>abris esth\u00e9tiques, faciles d\u2019utilisation et robustes<\/strong>. Ils sont constitu\u00e9s d\u2019une <a href=\"https:\/\/www.verandair.com\/fr\/veranda\/materiaux-verandas\/composants-veranda\/\">structure en aluminium<\/a>, un mat\u00e9riau l\u00e9ger et renouvelable, qui r\u00e9siste parfaitement \u00e0 la corrosion. Nos produits sont <strong>garantis 15 ans<\/strong>, pour une tranquillit\u00e9 d\u2019esprit totale.<\/p>\n<p>[\/et_pb_text][\/et_pb_column][\/et_pb_row][\/et_pb_section][et_pb_section fb_built=&#8221;1&#8243; _builder_version=&#8221;4.27.5&#8243; _module_preset=&#8221;a37cb46d-a9cb-4f77-bbbd-8966bde7aff0&#8243; saved_tabs=&#8221;all&#8221; locked=&#8221;off&#8221; global_colors_info=&#8221;{}&#8221; global_module=&#8221;74566&#8243; theme_builder_area=&#8221;post_content&#8221;][et_pb_row _builder_version=&#8221;4.27.5&#8243; _module_preset=&#8221;default&#8221; width=&#8221;100%&#8221; max_width=&#8221;100%&#8221; custom_padding=&#8221;0px|20px||20px|false|true&#8221; global_colors_info=&#8221;{}&#8221; theme_builder_area=&#8221;post_content&#8221;][et_pb_column type=&#8221;4_4&#8243; _builder_version=&#8221;4.23.4&#8243; _module_preset=&#8221;default&#8221; custom_padding=&#8221;50px||||false|false&#8221; global_colors_info=&#8221;{}&#8221; theme_builder_area=&#8221;post_content&#8221;][et_pb_image src=&#8221;https:\/\/www.verandair.com\/wp-content\/uploads\/2026\/02\/VERAN-brochure-A4-2026.webp&#8221; alt=&#8221;Brochure 2026 Verandair&#8221; title_text=&#8221;VERAN-brochure-A4-2026&#8243; align=&#8221;center&#8221; _builder_version=&#8221;4.27.5&#8243; _module_preset=&#8221;default&#8221; max_width=&#8221;300px&#8221; max_width_last_edited=&#8221;off|desktop&#8221; custom_margin=&#8221;0px||0px||false|false&#8221; scroll_vertical_motion_enable=&#8221;on&#8221; scroll_vertical_motion=&#8221;0|40|40|100|-0.5|0|0&#8243; scroll_fade_enable=&#8221;on&#8221; scroll_fade=&#8221;0|40|40|100|0|100|100&#8243; global_colors_info=&#8221;{}&#8221; theme_builder_area=&#8221;post_content&#8221;][\/et_pb_image][et_pb_text _builder_version=&#8221;4.27.5&#8243; _module_preset=&#8221;default&#8221; header_2_font_size=&#8221;32px&#8221; text_orientation=&#8221;center&#8221; custom_margin=&#8221;||15px||false|false&#8221; global_colors_info=&#8221;{%22gcid-4f3ca7d5-152d-4540-91b1-cc24563bf794%22:%91%22text_text_shadow_color%22%93}&#8221; theme_builder_area=&#8221;post_content&#8221;]<\/p>\n<h2><strong>Envie d&#8217;en savoir plus<\/strong> avant de vous d\u00e9cider ?<br \/><span data-metadata=\"&lt;!--(figmeta)eyJmaWxlS2V5IjoiNDJrcExzUGY2N0VsN0FkMldFdElreCIsInBhc3RlSUQiOjI4MTE1MTAxNSwiZGF0YVR5cGUiOiJzY2VuZSJ9Cg==(\/figmeta)--&gt;\"><\/span><\/h2>\n<p>[\/et_pb_text][et_pb_divider show_divider=&#8221;off&#8221; _builder_version=&#8221;4.27.5&#8243; _module_preset=&#8221;2adabd0f-cb12-404f-9aa7-a3088280e564&#8243; module_alignment=&#8221;center&#8221; global_colors_info=&#8221;{}&#8221; theme_builder_area=&#8221;post_content&#8221;][\/et_pb_divider][et_pb_text _builder_version=&#8221;4.27.5&#8243; _module_preset=&#8221;default&#8221; text_orientation=&#8221;center&#8221; custom_margin=&#8221;||50px||false|false&#8221; global_colors_info=&#8221;{%22gcid-4f3ca7d5-152d-4540-91b1-cc24563bf794%22:%91%22text_text_shadow_color%22%93}&#8221; theme_builder_area=&#8221;post_content&#8221;]<\/p>\n<p><span><strong>T\u00e9l\u00e9chargez la nouvelle brochure 2026<\/strong>\u00a0et d\u00e9couvrez notre <strong>gamme compl\u00e8te de produits<\/strong> pour profiter de votre vie en plein air toute l&#8217;ann\u00e9e.<\/span><\/p>\n<p>[\/et_pb_text][et_pb_button button_url=&#8221;https:\/\/info.verandair.com\/brochure-2026\/&#8221; url_new_window=&#8221;on&#8221; button_text=&#8221;Je t\u00e9l\u00e9charge ma brochure&#8221; button_alignment=&#8221;center&#8221; _builder_version=&#8221;4.27.5&#8243; _module_preset=&#8221;ae8d3791-01a2-4c4b-b221-c3f14f812284&#8243; global_colors_info=&#8221;{}&#8221; theme_builder_area=&#8221;post_content&#8221;][\/et_pb_button][\/et_pb_column][\/et_pb_row][\/et_pb_section]<\/p>\n","protected":false},"excerpt":{"rendered":"<p>Prot\u00e9ger votre terrasse sans devoir recourir \u00e0 des produits d&#8217;entretien, c&#8217;est possible. Avez-vous d\u00e9j\u00e0 pens\u00e9 \u00e0 une pergola ou v\u00e9randa ? Design et faciles d&#8217;utilisation, elles embellissent vos espaces ext\u00e9rieurs.<\/p>\n","protected":false},"author":8,"featured_media":26993,"comment_status":"closed","ping_status":"closed","sticky":false,"template":"","format":"standard","meta":{"_acf_changed":false,"_et_pb_use_builder":"on","_et_pb_old_content":"","_et_gb_content_width":"","inline_featured_image":false,"footnotes":""},"categories":[32,33],"tags":[],"class_list":["post-29594","post","type-post","status-publish","format-standard","has-post-thumbnail","hentry","category-abri-de-terrasse","category-pergolas"],"acf":[],"yoast_head":"<!-- This site is optimized with the Yoast SEO plugin v27.5 - https:\/\/yoast.com\/product\/yoast-seo-wordpress\/ -->\n<title>Comment prot\u00e9ger durablement votre terrasse ext\u00e9rieure ?<\/title>\n<meta name=\"description\" content=\"Envie de prot\u00e9ger efficacement votre terrasse des intemp\u00e9ries pour en profiter un maximum? Pourquoi pas opter pour une pergola ou une v\u00e9randa?\" \/>\n<meta name=\"robots\" content=\"index, follow, max-snippet:-1, max-image-preview:large, max-video-preview:-1\" \/>\n<link rel=\"canonical\" href=\"https:\/\/www.verandair.com\/fr\/comment-proteger-votre-terrasse\/\" \/>\n<meta property=\"og:locale\" content=\"fr_FR\" \/>\n<meta property=\"og:type\" content=\"article\" \/>\n<meta property=\"og:title\" content=\"Comment prot\u00e9ger votre terrasse ?\" \/>\n<meta property=\"og:description\" content=\"Prot\u00e9ger votre terrasse sans recourir sans cesse \u00e0 des produits d&#039;entretien, c&#039;est possible. Avez-vous d\u00e9j\u00e0 pens\u00e9 \u00e0 une pergola ou v\u00e9randa ? Design et faciles d&#039;utilisation, elles embellissent vos espaces ext\u00e9rieurs.\" \/>\n<meta property=\"og:url\" content=\"https:\/\/www.verandair.com\/fr\/comment-proteger-votre-terrasse\/\" \/>\n<meta property=\"og:site_name\" content=\"VERANDAIR\u00ae\" \/>\n<meta property=\"article:published_time\" content=\"2022-03-04T07:00:15+00:00\" \/>\n<meta property=\"article:modified_time\" content=\"2026-02-27T14:31:49+00:00\" \/>\n<meta name=\"author\" content=\"Alice\" \/>\n<meta name=\"twitter:card\" content=\"summary_large_image\" \/>\n<meta name=\"twitter:title\" content=\"Comment prot\u00e9ger votre terrasse ?\" \/>\n<meta name=\"twitter:description\" content=\"Prot\u00e9ger votre terrasse sans recourir sans cesse \u00e0 des produits d&#039;entretien, c&#039;est possible. Avez-vous d\u00e9j\u00e0 pens\u00e9 \u00e0 une pergola ou v\u00e9randa ? Design et faciles d&#039;utilisation, elles embellissent vos espaces ext\u00e9rieurs.\" \/>\n<meta name=\"twitter:label1\" content=\"\u00c9crit par\" \/>\n\t<meta name=\"twitter:data1\" content=\"Alice\" \/>\n\t<meta name=\"twitter:label2\" content=\"Dur\u00e9e de lecture estim\u00e9e\" \/>\n\t<meta name=\"twitter:data2\" content=\"8 minutes\" \/>\n<script type=\"application\/ld+json\" class=\"yoast-schema-graph\">{\"@context\":\"https:\\\/\\\/schema.org\",\"@graph\":[{\"@type\":\"Article\",\"@id\":\"https:\\\/\\\/www.verandair.com\\\/fr\\\/comment-proteger-votre-terrasse\\\/#article\",\"isPartOf\":{\"@id\":\"https:\\\/\\\/www.verandair.com\\\/fr\\\/comment-proteger-votre-terrasse\\\/\"},\"author\":{\"name\":\"Alice\",\"@id\":\"https:\\\/\\\/www.verandair.com\\\/fr\\\/#\\\/schema\\\/person\\\/0d97763121460877f40970171852e2a2\"},\"headline\":\"Comment prot\u00e9ger votre terrasse ?\",\"datePublished\":\"2022-03-04T07:00:15+00:00\",\"dateModified\":\"2026-02-27T14:31:49+00:00\",\"mainEntityOfPage\":{\"@id\":\"https:\\\/\\\/www.verandair.com\\\/fr\\\/comment-proteger-votre-terrasse\\\/\"},\"wordCount\":1703,\"publisher\":{\"@id\":\"https:\\\/\\\/www.verandair.com\\\/fr\\\/#organization\"},\"image\":{\"@id\":\"https:\\\/\\\/www.verandair.com\\\/fr\\\/comment-proteger-votre-terrasse\\\/#primaryimage\"},\"thumbnailUrl\":\"https:\\\/\\\/www.verandair.com\\\/wp-content\\\/uploads\\\/2021\\\/10\\\/IMG_6528.jpg\",\"articleSection\":[\"Abri de terrasse\",\"Pergolas\"],\"inLanguage\":\"fr-FR\"},{\"@type\":\"WebPage\",\"@id\":\"https:\\\/\\\/www.verandair.com\\\/fr\\\/comment-proteger-votre-terrasse\\\/\",\"url\":\"https:\\\/\\\/www.verandair.com\\\/fr\\\/comment-proteger-votre-terrasse\\\/\",\"name\":\"Comment prot\u00e9ger durablement votre terrasse ext\u00e9rieure ?\",\"isPartOf\":{\"@id\":\"https:\\\/\\\/www.verandair.com\\\/fr\\\/#website\"},\"primaryImageOfPage\":{\"@id\":\"https:\\\/\\\/www.verandair.com\\\/fr\\\/comment-proteger-votre-terrasse\\\/#primaryimage\"},\"image\":{\"@id\":\"https:\\\/\\\/www.verandair.com\\\/fr\\\/comment-proteger-votre-terrasse\\\/#primaryimage\"},\"thumbnailUrl\":\"https:\\\/\\\/www.verandair.com\\\/wp-content\\\/uploads\\\/2021\\\/10\\\/IMG_6528.jpg\",\"datePublished\":\"2022-03-04T07:00:15+00:00\",\"dateModified\":\"2026-02-27T14:31:49+00:00\",\"description\":\"Envie de prot\u00e9ger efficacement votre terrasse des intemp\u00e9ries pour en profiter un maximum? Pourquoi pas opter pour une pergola ou une v\u00e9randa?\",\"breadcrumb\":{\"@id\":\"https:\\\/\\\/www.verandair.com\\\/fr\\\/comment-proteger-votre-terrasse\\\/#breadcrumb\"},\"inLanguage\":\"fr-FR\",\"potentialAction\":[{\"@type\":\"ReadAction\",\"target\":[\"https:\\\/\\\/www.verandair.com\\\/fr\\\/comment-proteger-votre-terrasse\\\/\"]}]},{\"@type\":\"ImageObject\",\"inLanguage\":\"fr-FR\",\"@id\":\"https:\\\/\\\/www.verandair.com\\\/fr\\\/comment-proteger-votre-terrasse\\\/#primaryimage\",\"url\":\"https:\\\/\\\/www.verandair.com\\\/wp-content\\\/uploads\\\/2021\\\/10\\\/IMG_6528.jpg\",\"contentUrl\":\"https:\\\/\\\/www.verandair.com\\\/wp-content\\\/uploads\\\/2021\\\/10\\\/IMG_6528.jpg\",\"width\":1170,\"height\":878,\"caption\":\"Grande pergola devant un jaccuzzi et un grand jardin\"},{\"@type\":\"BreadcrumbList\",\"@id\":\"https:\\\/\\\/www.verandair.com\\\/fr\\\/comment-proteger-votre-terrasse\\\/#breadcrumb\",\"itemListElement\":[{\"@type\":\"ListItem\",\"position\":1,\"name\":\"Accueil\",\"item\":{\"@type\":\"WebPage\",\"@id\":\"https:\\\/\\\/www.verandair.com\\\/fr\\\/\",\"name\":\"Accueil\"}},{\"@type\":\"ListItem\",\"position\":2,\"name\":\"Comment prot\u00e9ger votre terrasse ?\"}]},{\"@type\":\"WebSite\",\"@id\":\"https:\\\/\\\/www.verandair.com\\\/fr\\\/#website\",\"url\":\"https:\\\/\\\/www.verandair.com\\\/fr\\\/\",\"name\":\"VERANDAIR\u00ae\",\"description\":\"\",\"publisher\":{\"@id\":\"https:\\\/\\\/www.verandair.com\\\/fr\\\/#organization\"},\"potentialAction\":[{\"@type\":\"SearchAction\",\"target\":{\"@type\":\"EntryPoint\",\"urlTemplate\":\"https:\\\/\\\/www.verandair.com\\\/fr\\\/?s={search_term_string}\"},\"query-input\":{\"@type\":\"PropertyValueSpecification\",\"valueRequired\":true,\"valueName\":\"search_term_string\"}}],\"inLanguage\":\"fr-FR\"},{\"@type\":\"Organization\",\"@id\":\"https:\\\/\\\/www.verandair.com\\\/fr\\\/#organization\",\"name\":\"Verandair\",\"url\":\"https:\\\/\\\/www.verandair.com\\\/fr\\\/\",\"logo\":{\"@type\":\"ImageObject\",\"inLanguage\":\"fr-FR\",\"@id\":\"https:\\\/\\\/www.verandair.com\\\/fr\\\/#\\\/schema\\\/logo\\\/image\\\/\",\"url\":\"https:\\\/\\\/www.verandair.com\\\/wp-content\\\/uploads\\\/2024\\\/06\\\/VERANDAIR-logo.png\",\"contentUrl\":\"https:\\\/\\\/www.verandair.com\\\/wp-content\\\/uploads\\\/2024\\\/06\\\/VERANDAIR-logo.png\",\"width\":283,\"height\":127,\"caption\":\"Verandair\"},\"image\":{\"@id\":\"https:\\\/\\\/www.verandair.com\\\/fr\\\/#\\\/schema\\\/logo\\\/image\\\/\"}},{\"@type\":\"Person\",\"@id\":\"https:\\\/\\\/www.verandair.com\\\/fr\\\/#\\\/schema\\\/person\\\/0d97763121460877f40970171852e2a2\",\"name\":\"Alice\",\"image\":{\"@type\":\"ImageObject\",\"inLanguage\":\"fr-FR\",\"@id\":\"https:\\\/\\\/secure.gravatar.com\\\/avatar\\\/a66e8d2a8f0ca0e40a41ef0745c005ca526fd833910838127297e19dfce18750?s=96&d=mm&r=g\",\"url\":\"https:\\\/\\\/secure.gravatar.com\\\/avatar\\\/a66e8d2a8f0ca0e40a41ef0745c005ca526fd833910838127297e19dfce18750?s=96&d=mm&r=g\",\"contentUrl\":\"https:\\\/\\\/secure.gravatar.com\\\/avatar\\\/a66e8d2a8f0ca0e40a41ef0745c005ca526fd833910838127297e19dfce18750?s=96&d=mm&r=g\",\"caption\":\"Alice\"}}]}<\/script>\n<!-- \/ Yoast SEO plugin. -->","yoast_head_json":{"title":"Comment prot\u00e9ger durablement votre terrasse ext\u00e9rieure ?","description":"Envie de prot\u00e9ger efficacement votre terrasse des intemp\u00e9ries pour en profiter un maximum? Pourquoi pas opter pour une pergola ou une v\u00e9randa?","robots":{"index":"index","follow":"follow","max-snippet":"max-snippet:-1","max-image-preview":"max-image-preview:large","max-video-preview":"max-video-preview:-1"},"canonical":"https:\/\/www.verandair.com\/fr\/comment-proteger-votre-terrasse\/","og_locale":"fr_FR","og_type":"article","og_title":"Comment prot\u00e9ger votre terrasse ?","og_description":"Prot\u00e9ger votre terrasse sans recourir sans cesse \u00e0 des produits d'entretien, c'est possible. Avez-vous d\u00e9j\u00e0 pens\u00e9 \u00e0 une pergola ou v\u00e9randa ? Design et faciles d'utilisation, elles embellissent vos espaces ext\u00e9rieurs.","og_url":"https:\/\/www.verandair.com\/fr\/comment-proteger-votre-terrasse\/","og_site_name":"VERANDAIR\u00ae","article_published_time":"2022-03-04T07:00:15+00:00","article_modified_time":"2026-02-27T14:31:49+00:00","author":"Alice","twitter_card":"summary_large_image","twitter_title":"Comment prot\u00e9ger votre terrasse ?","twitter_description":"Prot\u00e9ger votre terrasse sans recourir sans cesse \u00e0 des produits d'entretien, c'est possible. Avez-vous d\u00e9j\u00e0 pens\u00e9 \u00e0 une pergola ou v\u00e9randa ? Design et faciles d'utilisation, elles embellissent vos espaces ext\u00e9rieurs.","twitter_misc":{"\u00c9crit par":"Alice","Dur\u00e9e de lecture estim\u00e9e":"8 minutes"},"schema":{"@context":"https:\/\/schema.org","@graph":[{"@type":"Article","@id":"https:\/\/www.verandair.com\/fr\/comment-proteger-votre-terrasse\/#article","isPartOf":{"@id":"https:\/\/www.verandair.com\/fr\/comment-proteger-votre-terrasse\/"},"author":{"name":"Alice","@id":"https:\/\/www.verandair.com\/fr\/#\/schema\/person\/0d97763121460877f40970171852e2a2"},"headline":"Comment prot\u00e9ger votre terrasse ?","datePublished":"2022-03-04T07:00:15+00:00","dateModified":"2026-02-27T14:31:49+00:00","mainEntityOfPage":{"@id":"https:\/\/www.verandair.com\/fr\/comment-proteger-votre-terrasse\/"},"wordCount":1703,"publisher":{"@id":"https:\/\/www.verandair.com\/fr\/#organization"},"image":{"@id":"https:\/\/www.verandair.com\/fr\/comment-proteger-votre-terrasse\/#primaryimage"},"thumbnailUrl":"https:\/\/www.verandair.com\/wp-content\/uploads\/2021\/10\/IMG_6528.jpg","articleSection":["Abri de terrasse","Pergolas"],"inLanguage":"fr-FR"},{"@type":"WebPage","@id":"https:\/\/www.verandair.com\/fr\/comment-proteger-votre-terrasse\/","url":"https:\/\/www.verandair.com\/fr\/comment-proteger-votre-terrasse\/","name":"Comment prot\u00e9ger durablement votre terrasse ext\u00e9rieure ?","isPartOf":{"@id":"https:\/\/www.verandair.com\/fr\/#website"},"primaryImageOfPage":{"@id":"https:\/\/www.verandair.com\/fr\/comment-proteger-votre-terrasse\/#primaryimage"},"image":{"@id":"https:\/\/www.verandair.com\/fr\/comment-proteger-votre-terrasse\/#primaryimage"},"thumbnailUrl":"https:\/\/www.verandair.com\/wp-content\/uploads\/2021\/10\/IMG_6528.jpg","datePublished":"2022-03-04T07:00:15+00:00","dateModified":"2026-02-27T14:31:49+00:00","description":"Envie de prot\u00e9ger efficacement votre terrasse des intemp\u00e9ries pour en profiter un maximum? Pourquoi pas opter pour une pergola ou une v\u00e9randa?","breadcrumb":{"@id":"https:\/\/www.verandair.com\/fr\/comment-proteger-votre-terrasse\/#breadcrumb"},"inLanguage":"fr-FR","potentialAction":[{"@type":"ReadAction","target":["https:\/\/www.verandair.com\/fr\/comment-proteger-votre-terrasse\/"]}]},{"@type":"ImageObject","inLanguage":"fr-FR","@id":"https:\/\/www.verandair.com\/fr\/comment-proteger-votre-terrasse\/#primaryimage","url":"https:\/\/www.verandair.com\/wp-content\/uploads\/2021\/10\/IMG_6528.jpg","contentUrl":"https:\/\/www.verandair.com\/wp-content\/uploads\/2021\/10\/IMG_6528.jpg","width":1170,"height":878,"caption":"Grande pergola devant un jaccuzzi et un grand jardin"},{"@type":"BreadcrumbList","@id":"https:\/\/www.verandair.com\/fr\/comment-proteger-votre-terrasse\/#breadcrumb","itemListElement":[{"@type":"ListItem","position":1,"name":"Accueil","item":{"@type":"WebPage","@id":"https:\/\/www.verandair.com\/fr\/","name":"Accueil"}},{"@type":"ListItem","position":2,"name":"Comment prot\u00e9ger votre terrasse ?"}]},{"@type":"WebSite","@id":"https:\/\/www.verandair.com\/fr\/#website","url":"https:\/\/www.verandair.com\/fr\/","name":"VERANDAIR\u00ae","description":"","publisher":{"@id":"https:\/\/www.verandair.com\/fr\/#organization"},"potentialAction":[{"@type":"SearchAction","target":{"@type":"EntryPoint","urlTemplate":"https:\/\/www.verandair.com\/fr\/?s={search_term_string}"},"query-input":{"@type":"PropertyValueSpecification","valueRequired":true,"valueName":"search_term_string"}}],"inLanguage":"fr-FR"},{"@type":"Organization","@id":"https:\/\/www.verandair.com\/fr\/#organization","name":"Verandair","url":"https:\/\/www.verandair.com\/fr\/","logo":{"@type":"ImageObject","inLanguage":"fr-FR","@id":"https:\/\/www.verandair.com\/fr\/#\/schema\/logo\/image\/","url":"https:\/\/www.verandair.com\/wp-content\/uploads\/2024\/06\/VERANDAIR-logo.png","contentUrl":"https:\/\/www.verandair.com\/wp-content\/uploads\/2024\/06\/VERANDAIR-logo.png","width":283,"height":127,"caption":"Verandair"},"image":{"@id":"https:\/\/www.verandair.com\/fr\/#\/schema\/logo\/image\/"}},{"@type":"Person","@id":"https:\/\/www.verandair.com\/fr\/#\/schema\/person\/0d97763121460877f40970171852e2a2","name":"Alice","image":{"@type":"ImageObject","inLanguage":"fr-FR","@id":"https:\/\/secure.gravatar.com\/avatar\/a66e8d2a8f0ca0e40a41ef0745c005ca526fd833910838127297e19dfce18750?s=96&d=mm&r=g","url":"https:\/\/secure.gravatar.com\/avatar\/a66e8d2a8f0ca0e40a41ef0745c005ca526fd833910838127297e19dfce18750?s=96&d=mm&r=g","contentUrl":"https:\/\/secure.gravatar.com\/avatar\/a66e8d2a8f0ca0e40a41ef0745c005ca526fd833910838127297e19dfce18750?s=96&d=mm&r=g","caption":"Alice"}}]}},"_links":{"self":[{"href":"https:\/\/www.verandair.com\/fr\/wp-json\/wp\/v2\/posts\/29594","targetHints":{"allow":["GET"]}}],"collection":[{"href":"https:\/\/www.verandair.com\/fr\/wp-json\/wp\/v2\/posts"}],"about":[{"href":"https:\/\/www.verandair.com\/fr\/wp-json\/wp\/v2\/types\/post"}],"author":[{"embeddable":true,"href":"https:\/\/www.verandair.com\/fr\/wp-json\/wp\/v2\/users\/8"}],"replies":[{"embeddable":true,"href":"https:\/\/www.verandair.com\/fr\/wp-json\/wp\/v2\/comments?post=29594"}],"version-history":[{"count":3,"href":"https:\/\/www.verandair.com\/fr\/wp-json\/wp\/v2\/posts\/29594\/revisions"}],"predecessor-version":[{"id":74660,"href":"https:\/\/www.verandair.com\/fr\/wp-json\/wp\/v2\/posts\/29594\/revisions\/74660"}],"wp:featuredmedia":[{"embeddable":true,"href":"https:\/\/www.verandair.com\/fr\/wp-json\/wp\/v2\/media\/26993"}],"wp:attachment":[{"href":"https:\/\/www.verandair.com\/fr\/wp-json\/wp\/v2\/media?parent=29594"}],"wp:term":[{"taxonomy":"category","embeddable":true,"href":"https:\/\/www.verandair.com\/fr\/wp-json\/wp\/v2\/categories?post=29594"},{"taxonomy":"post_tag","embeddable":true,"href":"https:\/\/www.verandair.com\/fr\/wp-json\/wp\/v2\/tags?post=29594"}],"curies":[{"name":"wp","href":"https:\/\/api.w.org\/{rel}","templated":true}]}}