{"id":29791,"date":"2022-10-04T12:20:33","date_gmt":"2022-10-04T10:20:33","guid":{"rendered":"https:\/\/www.verandair.com\/?p=29791"},"modified":"2026-02-27T15:39:01","modified_gmt":"2026-02-27T14:39:01","slug":"completez-votre-pergola","status":"publish","type":"post","link":"https:\/\/www.verandair.com\/fr\/completez-votre-pergola\/","title":{"rendered":"Quels sont les accessoires pour compl\u00e9ter votre pergola?"},"content":{"rendered":"<p>[et_pb_section fb_built=&#8221;1&#8243; _builder_version=&#8221;4.16&#8243; global_colors_info=&#8221;{}&#8221; theme_builder_area=&#8221;post_content&#8221;][et_pb_row _builder_version=&#8221;4.16&#8243; global_colors_info=&#8221;{}&#8221; theme_builder_area=&#8221;post_content&#8221;][et_pb_column type=&#8221;4_4&#8243; _builder_version=&#8221;4.16&#8243; custom_padding=&#8221;|||&#8221; global_colors_info=&#8221;{}&#8221; custom_padding__hover=&#8221;|||&#8221; theme_builder_area=&#8221;post_content&#8221;][et_pb_text _builder_version=&#8221;4.17.6&#8243; global_colors_info=&#8221;{}&#8221; theme_builder_area=&#8221;post_content&#8221;]<\/p>\n<p>Saviez-vous qu\u2019il existe de nombreuses fa\u00e7ons d\u2019<a href=\"https:\/\/www.verandair.com\/fr\/pergolas\/accessoires\/\"><strong>am\u00e9nager votre pergola<\/strong><\/a> pour en faire un espace encore plus convivial\u00a0? La <a href=\"https:\/\/www.verandair.com\/fr\/pergolas\/\"><strong>pergola<\/strong><\/a> est un <strong>produit \u00e9volutif<\/strong>\u00a0: vous pouvez commencer avec une structure simple et l\u2019agr\u00e9menter de divers accessoires au fil des ann\u00e9es, en fonction de votre budget. Cela vous permet d\u2019<strong>amortir le co\u00fbt de l\u2019installation,<\/strong> de changer r\u00e9guli\u00e8rement le <strong>design<\/strong> de votre <strong>abri de terrasse <\/strong>et de<strong> profiter \u00e0 loisir de votre pergola tout au long de l\u2019ann\u00e9e<\/strong>. En plus, la pose de ces \u00e9quipements est simple et rapide. Zoom sur la <a href=\"https:\/\/www.verandair.com\/fr\/pergolas\/\">pergola<\/a> et ses possibilit\u00e9s pour parfaire votre ext\u00e9rieur.<\/p>\n<h2>La valeur ajout\u00e9e d\u2019une pergola<\/h2>\n<p>Une <a href=\"https:\/\/www.verandair.com\/fr\/pergolas\/\">pergola<\/a> est une structure compos\u00e9e de <strong>pieds sur lesquels reposent des montants<\/strong> horizontaux qui vont supporter le poids d\u2019une petite toiture. Elle se distingue notamment de <a href=\"https:\/\/www.verandair.com\/fr\/veranda\/verandas-bioclimatiques-retractables\/\">la v\u00e9randa<\/a>, qui est totalement ferm\u00e9e, et du store banne (une toile r\u00e9tractable fix\u00e9e \u00e0 votre fa\u00e7ade).<\/p>\n<p>En effet, la pergola poss\u00e8de une toiture couvrante tout en \u00e9tant ouverte de tous les c\u00f4t\u00e9s. Elle vous offre de <strong>l\u2019ombre et de la fra\u00eecheur<\/strong>, ou une <strong>protection<\/strong> en cas de pluie passag\u00e8re.<\/p>\n<p>[\/et_pb_text][et_pb_image src=&#8221;https:\/\/www.verandair.com\/wp-content\/uploads\/2021\/10\/Corradi_Bioclimatic_Maestro-38.jpg&#8221; align_tablet=&#8221;center&#8221; align_phone=&#8221;center&#8221; align_last_edited=&#8221;on|desktop&#8221; _builder_version=&#8221;4.16&#8243; max_width=&#8221;69%&#8221; global_colors_info=&#8221;{}&#8221; theme_builder_area=&#8221;post_content&#8221;][\/et_pb_image][et_pb_text _builder_version=&#8221;4.17.6&#8243; global_colors_info=&#8221;{}&#8221; theme_builder_area=&#8221;post_content&#8221;]<\/p>\n<p>Quoi qu\u2019il en soit, bien choisie et am\u00e9nag\u00e9e, la <a href=\"https:\/\/www.verandair.com\/fr\/pergolas\/\">pergola<\/a> ajoute de la valeur \u00e0 votre maison ou appartement en lui offrant <strong>un ext\u00e9rieur convivial<\/strong>. Enfin, peu contraignante au niveau des formalit\u00e9s administratives, elle ne n\u00e9cessite <strong>aucun permis d\u2019urbanisme<\/strong>.<\/p>\n<p>Et avec les diff\u00e9rents \u00e9quipements qui la compl\u00e8tent, vous profitez de votre ext\u00e9rieur <strong>par n\u2019importe quel temps<\/strong>.\u200b<\/p>\n<p>[\/et_pb_text][et_pb_button button_url=&#8221;https:\/\/www.verandair.com\/fr\/pergolas\/&#8221; button_text=&#8221;D\u00e9couvrez nos pergolas en aluminium&#8221; button_alignment=&#8221;center&#8221; _builder_version=&#8221;4.24.2&#8243; global_colors_info=&#8221;{}&#8221; theme_builder_area=&#8221;post_content&#8221;][\/et_pb_button][et_pb_text _builder_version=&#8221;4.17.6&#8243; global_colors_info=&#8221;{}&#8221; theme_builder_area=&#8221;post_content&#8221;]<\/p>\n<h2>\u200bQuels \u00e9quipements pour compl\u00e9ter une pergola ?<\/h2>\n<p>Voici quelques id\u00e9es d\u2019accessoires et \u00e9quipements pour <strong>plus de confort<\/strong>.<\/p>\n<h3>Personnalisation des parois<\/h3>\n<h4>Prot\u00e9gez-vous contre les intemp\u00e9ries et les regards indiscrets<\/h4>\n<p>Votre <a href=\"https:\/\/www.verandair.com\/fr\/pergolas\/\">pergola<\/a> peut \u00eatre des plus basiques\u00a0: des pieds surmont\u00e9s d\u2019une toiture. Mais vous pouvez \u00e9galement envisager l\u2019ajout de parois lat\u00e9rales. Qu\u2019il s\u2019agisse de <strong>parois vitr\u00e9es<\/strong> ou enti\u00e8rement <strong>opaques<\/strong> (polycarbonate), vous pouvez d\u00e9cider de fermer certaines parties ou la totalit\u00e9 de votre abri.<\/p>\n<p>Ces choix peuvent d\u00e9pendre de <strong>l\u2019orientation de votre terrasse et de votre jardin<\/strong>, de <strong>l\u2019exposition au vent, \u00e0 la pluie et autres intemp\u00e9ries<\/strong> ou encore de votre <strong>envie d\u2019intimit\u00e9 et de confort<\/strong>. N\u2019h\u00e9sitez pas \u00e0 demander conseil \u00e0 des sp\u00e9cialistes pour vous aider dans votre choix.<\/p>\n<h4>Ajoutez des vitrages<\/h4>\n<p>L\u2019un des \u00e9quipements principaux suppl\u00e9mentaires sur une <a href=\"https:\/\/www.verandair.com\/fr\/pergolas\/\">pergola<\/a> reste <strong>l\u2019ajout de <\/strong><a href=\"https:\/\/www.verandair.com\/fr\/pergolas\/baie-vitree-coulissante\/\"><strong>vitres lat\u00e9rales<\/strong><\/a>. Gr\u00e2ce \u00e0 des panneaux vitr\u00e9s, vous ne ressentez plus les d\u00e9sagr\u00e9ments du vent.<\/p>\n<p>Parmi les verres qu\u2019il est possible d\u2019utiliser pour votre pergola, vous pouvez opter pour\u00a0:<\/p>\n<ul>\n<li>un verre <strong>sabl\u00e9<\/strong> pour plus d\u2019intimit\u00e9<\/li>\n<li>des <strong>vitres avec un film solaire<\/strong> ou <strong>r\u00e9fl\u00e9chissantes<\/strong> pour une protection accrue contre les rayons du soleil<\/li>\n<li>des <strong>verres autonettoyants <\/strong>pour une plus grande facilit\u00e9 d\u2019entretien<\/li>\n<li>des <strong>vitrages \u00e0 isolation acoustique<\/strong> pour plus d\u2019efficacit\u00e9 pour les bruits ext\u00e9rieurs<\/li>\n<li>du verre <strong>tremp\u00e9<\/strong> pour une r\u00e9sistance maximale<\/li>\n<li>et\/ou <strong>feuillet\u00e9<\/strong> pour un maximum de s\u00e9curit\u00e9<\/li>\n<li>\u2026<\/li>\n<\/ul>\n<h4>Int\u00e9grez des baies coulissantes<\/h4>\n<p>Si vous optez pour des parois vitr\u00e9es, il peut \u00eatre int\u00e9ressant de les rendre mobiles. En optant pour des <strong><a href=\"https:\/\/www.verandair.com\/fr\/pergolas\/baie-vitree-coulissante\/\">baies coulissantes en verre<\/a><\/strong>, vous \u00eates plus libres lors de l\u2019utilisation de votre abri. Celles-ci vous permettent en effet d\u2019ouvrir ou de fermer votre espace en fonction des conditions climatiques.<\/p>\n<p>[\/et_pb_text][et_pb_button button_url=&#8221;https:\/\/www.verandair.com\/fr\/pergolas\/baie-vitree-coulissante\/&#8221; button_text=&#8221;D\u00e9couvrez nos baies vitr\u00e9es coulissantes&#8221; button_alignment=&#8221;center&#8221; _builder_version=&#8221;4.24.2&#8243; _module_preset=&#8221;default&#8221; global_colors_info=&#8221;{}&#8221; theme_builder_area=&#8221;post_content&#8221;][\/et_pb_button][et_pb_text _builder_version=&#8221;4.17.6&#8243; global_colors_info=&#8221;{}&#8221; theme_builder_area=&#8221;post_content&#8221;]<\/p>\n<h3>Des screens et stores<\/h3>\n<p>Parmi les accessoires tr\u00e8s pratiques, on trouve \u00e9galement les <strong>voiles solaires<\/strong>, ou <strong>screens<\/strong>, qui peuvent \u00eatre install\u00e9s pour couvrir vos parois vitr\u00e9es. Ces \u00e9quipements sont tr\u00e8s pratiques pour vous prot\u00e9ger de la luminosit\u00e9 et de la chaleur \u00e9mises par le soleil lors des jours de beau temps.<\/p>\n<p>Vous pouvez \u00e9galement vous prot\u00e9ger des rayons ou des regards des voisins en optant pour <strong>des stores<\/strong> \u00e0 fixer en applique des <a href=\"https:\/\/www.verandair.com\/fr\/pergolas\/baie-vitree-coulissante\/\">vitrages<\/a>.<\/p>\n<h3>La toiture<\/h3>\n<p>Le <strong><a href=\"https:\/\/www.verandair.com\/fr\/pergolas\/pergola-terrasse-toiture-fixe\/\">toit de votre pergola fixe<\/a><\/strong> est g\u00e9n\u00e9ralement constitu\u00e9 de feuilles de polycarbonate (tr\u00e8s r\u00e9sistantes) ou de verre feuillet\u00e9 capable de laisser p\u00e9n\u00e9trer la lumi\u00e8re.<\/p>\n<p>Vous avez cependant la possibilit\u00e9 de leur pr\u00e9f\u00e9rer les panneaux sandwich isolants. Constitu\u00e9s de plusieurs couches, ils offrent un pouvoir isolant plus important que les deux autres solutions.<\/p>\n<p>Par ailleurs, vous pouvez \u00e9galement opter pour une<a href=\"https:\/\/www.verandair.com\/fr\/pergolas\/pergola-bioclimatique\/\"> <strong>pergola bioclimatique<\/strong><\/a><strong> qui poss\u00e8de une<\/strong> <strong>toiture avec des lames orientables<\/strong>. Elle vous permet d\u2019adapter l\u2019orientation des lames en fonction des conditions m\u00e9t\u00e9orologiques.<\/p>\n<p>[\/et_pb_text][et_pb_button button_url=&#8221;https:\/\/www.verandair.com\/fr\/pergolas\/pergola-bioclimatique\/&#8221; button_text=&#8221;D\u00e9couvrez nos pergolas bioclimatiques&#8221; button_alignment=&#8221;center&#8221; _builder_version=&#8221;4.24.2&#8243; global_colors_info=&#8221;{}&#8221; theme_builder_area=&#8221;post_content&#8221;][\/et_pb_button][et_pb_text _builder_version=&#8221;4.17.6&#8243; global_colors_info=&#8221;{}&#8221; theme_builder_area=&#8221;post_content&#8221;]<\/p>\n<h3>Un syst\u00e8me de chauffage<\/h3>\n<p>Vous pourriez avoir envie de profiter de votre <a href=\"https:\/\/www.verandair.com\/fr\/pergolas\/\">pergola<\/a> et de votre jardin, <strong>m\u00eame lorsqu\u2019il fait un peu frais dehors<\/strong>. Ce n\u2019est pas un probl\u00e8me, il vous suffit d\u2019installer un petit chauffage (\u00e9lectrique, au gaz) d\u2019appoint et vous boirez votre caf\u00e9 au chaud, avec une vue sur votre jardin le matin. Cela vous permettra de limiter les baisses de temp\u00e9rature dans cette installation qui n\u2019est pas aussi isol\u00e9e qu\u2019une v\u00e9randa ou votre maison.<\/p>\n<p>Vous avez le choix entre des <strong>\u00e9quipements mobiles et ceux \u00e0 fixer ou \u00e0 suspendre<\/strong>. Vous trouverez n\u00e9cessairement de quoi r\u00e9chauffer l\u2019ambiance parmi de nombreux mod\u00e8les pour <a href=\"https:\/\/www.verandair.com\/fr\/abri-de-terrasse\/\">abris de terrasse<\/a>.<\/p>\n<h3>Un syst\u00e8me pour vous rafraichir<\/h3>\n<p>\u00c0 l\u2019aide d\u2019un brumisateur basse pression, <strong>int\u00e9gr\u00e9 sous les lames du toit ou juste au bord de la toiture<\/strong>, rafra\u00eechissez l\u2019atmosph\u00e8re sous votre <a href=\"https:\/\/www.verandair.com\/fr\/pergolas\/\">pergola<\/a>. Ouvrez tous les c\u00f4t\u00e9s, laissez les courants d\u2019air emporter l\u2019exc\u00e8s de chaleur et <strong>appr\u00e9ciez la fra\u00eecheur<\/strong> apport\u00e9e par votre brumisateur.<\/p>\n<h3>Les luminaires<\/h3>\n<p>Lorsque la lumi\u00e8re du jour baisse, vous pouvez r\u00e9tablir la luminosit\u00e9 gr\u00e2ce \u00e0 des <strong>lampes LED int\u00e9gr\u00e9es<\/strong> directement aux rails du toit (pour un <a href=\"https:\/\/www.verandair.com\/fr\/pergolas\/pergola-toiture-fixe\/\">mod\u00e8le classique<\/a>) ou dans les lames orientables (pour un <a href=\"https:\/\/www.verandair.com\/fr\/pergolas\/pergola-bioclimatique\/\">mod\u00e8le bioclimatique<\/a>). Les <strong>LED<\/strong> sont tr\u00e8s appr\u00e9ci\u00e9es pour agr\u00e9menter les <a href=\"https:\/\/www.verandair.com\/fr\/pergolas\/\">pergolas<\/a>. Elles vous permettent de profiter d\u2019une <strong>luminosit\u00e9 agr\u00e9able<\/strong> \u00e0 tout moment de la journ\u00e9e et de la nuit. Vous pouvez d\u2019ailleurs choisir des <strong>LED \u00e0 variation de lumi\u00e8re<\/strong> pour qu\u2019elles s\u2019adaptent d\u2019elles-m\u00eames \u00e0 la clart\u00e9 ambiante.<\/p>\n<h3>Int\u00e9gration domotique<\/h3>\n<p>Et pourquoi pas <strong>une <\/strong><strong>pergola intelligente<\/strong>\u00a0? Il est possible d\u2019<strong>automatiser<\/strong> certaines actions afin de rendre l\u2019utilisation de votre abri de terrasse encore plus ais\u00e9e. Avec des \u00e9quipements contr\u00f4lables gr\u00e2ce \u00e0 une t\u00e9l\u00e9commande ou depuis votre smartphone, vous <strong>contr\u00f4lez \u00e0 distance<\/strong> l\u2019orientation des lames du toit, les stores, les LED, et m\u00eame le mat\u00e9riel audio et vid\u00e9o. Haut-parleurs et \u00e9crans de projection peuvent transformer votre abri en v\u00e9ritable salon.<\/p>\n<h3>Ajout d\u2019une cuisine d\u2019\u00e9t\u00e9<\/h3>\n<p><strong>Barbecue<\/strong>, <strong>fumoir<\/strong>, <strong>plancha<\/strong> et autres appareils de cuisson peuvent s\u2019inviter dans votre <a href=\"https:\/\/www.verandair.com\/fr\/pergolas\/pergola-bioclimatique\/\">pergola bioclimatique<\/a>. Lorsque vous ouvrez les parois coulissantes et votre toit r\u00e9tractable, vous profitez d\u2019une <strong>cuisine ext\u00e9rieure <\/strong>dans votre jardin, pratique et agr\u00e9able pour pr\u00e9parer et d\u00e9guster de d\u00e9licieux repas.<\/p>\n<p>[\/et_pb_text][et_pb_button button_url=&#8221;https:\/\/www.verandair.com\/fr\/contact\/&#8221; button_text=&#8221;Vous souhaitez installer une pergola ? Prenez rendez-vous !&#8221; button_alignment=&#8221;center&#8221; _builder_version=&#8221;4.17.6&#8243; global_colors_info=&#8221;{}&#8221; theme_builder_area=&#8221;post_content&#8221;][\/et_pb_button][et_pb_text _builder_version=&#8221;4.17.6&#8243; global_colors_info=&#8221;{}&#8221; theme_builder_area=&#8221;post_content&#8221;]<\/p>\n<h2>Les diff\u00e9rents types de pergola<\/h2>\n<p>Naturellement, tous ces \u00e9quipements d\u00e9pendront aussi du <a href=\"https:\/\/www.verandair.com\/fr\/pergolas\/\">type de pergola<\/a> que vous poss\u00e9dez ou souhaitez installer. Il existe en effet des pergolas diff\u00e9rentes, avec des <strong>budgets vari\u00e9s<\/strong>.<\/p>\n<h3>La pergola en aluminium \u00e0 toiture fixe<\/h3>\n<p>La <a href=\"https:\/\/www.verandair.com\/fr\/pergolas\/pergola-toiture-fixe\/\">pergola classique<\/a> en aluminium est une structure agr\u00e9ment\u00e9e d\u2019un <strong>toit plat ou en pente<\/strong>, en verre ou en polycarbonate (opaque). Chez <a href=\"https:\/\/www.verandair.com\/fr\/\">VERANDAIR<\/a>, nous vous proposons de la r\u00e9aliser sur mesure. En <strong>aluminium<\/strong>, elle pr\u00e9sente un design moderne et fin qui s\u2019int\u00e8gre \u00e0 tous les styles, tout en offrant une excellente r\u00e9sistance.<\/p>\n<h3>La pergola bioclimatique<\/h3>\n<p>La<a href=\"https:\/\/www.verandair.com\/fr\/pergolas\/pergola-bioclimatique\/\"> pergola bioclimatique<\/a> : la structure est la m\u00eame que pour le mod\u00e8le classique, mais la toiture est, en revanche, compos\u00e9e de <strong>lames orientables que vous contr\u00f4lez selon vos envies<\/strong>. De cette fa\u00e7on, vous cr\u00e9ez de l\u2019ombre ou, au contraire, vous laissez entrer la lumi\u00e8re.<\/p>\n<h3>Structure adoss\u00e9e ou autoportante<\/h3>\n<p>La <a href=\"https:\/\/www.verandair.com\/fr\/pergolas\/\">pergola adoss\u00e9e<\/a> est, comme son nom l\u2019indique, <strong>accol\u00e9e \u00e0 la fa\u00e7ade de votre logement<\/strong>. L\u2019autoportante, en revanche, peut \u00eatre <strong>dispos\u00e9e n&#8217;importe o\u00f9<\/strong>, sur votre terrasse ou dans votre jardin.<\/p>\n<h2>En bref\u00a0: votre pergola enti\u00e8rement personnalis\u00e9e<\/h2>\n<p>En conclusion, <a href=\"https:\/\/www.verandair.com\/fr\/pergolas\/\">installer une pergola<\/a> vous permet d\u2019ajouter de la <strong>valeur \u00e0 votre maison ou votre appartement<\/strong>. Elle constitue un <strong>lieu cosy et convivial<\/strong>. Avec <strong>les \u00e9quipements et accessoires ad\u00e9quats<\/strong>, elle offre de nombreux autres avantages, notamment un usage prolong\u00e9 de vos espaces ext\u00e9rieurs.<\/p>\n<h2>Venez nous voir en showroom pour profiter de nos conseils<\/h2>\n<p>Envie de vous laisser tenter\u00a0? <a href=\"https:\/\/www.verandair.com\/fr\/contact\/\">Contactez-nous\u00a0!<\/a> Nos <a href=\"https:\/\/www.verandair.com\/fr\/pergolas\/\"><strong>pergolas en aluminium<\/strong><\/a> sont int\u00e9gralement <strong>con\u00e7ues sur mesure<\/strong> pour correspondre \u00e0 vos go\u00fbts et \u00e0 votre budget. Vous pouvez compter sur la <strong>qualit\u00e9 de nos mat\u00e9riaux<\/strong> garantis 15 ans, ainsi que sur <strong>l\u2019exp\u00e9rience<\/strong> <strong>de nos professionnels<\/strong>.<\/p>\n<p>[\/et_pb_text][et_pb_button button_url=&#8221;https:\/\/www.verandair.com\/fr\/contact\/&#8221; button_text=&#8221;Discutons de votre projet&#8221; button_alignment=&#8221;center&#8221; _builder_version=&#8221;4.17.6&#8243; global_colors_info=&#8221;{}&#8221; theme_builder_area=&#8221;post_content&#8221;][\/et_pb_button][\/et_pb_column][\/et_pb_row][\/et_pb_section][et_pb_section fb_built=&#8221;1&#8243; _builder_version=&#8221;4.27.5&#8243; _module_preset=&#8221;a37cb46d-a9cb-4f77-bbbd-8966bde7aff0&#8243; saved_tabs=&#8221;all&#8221; locked=&#8221;off&#8221; global_colors_info=&#8221;{}&#8221; global_module=&#8221;74566&#8243; theme_builder_area=&#8221;post_content&#8221;][et_pb_row _builder_version=&#8221;4.27.5&#8243; _module_preset=&#8221;default&#8221; width=&#8221;100%&#8221; max_width=&#8221;100%&#8221; custom_padding=&#8221;0px|20px||20px|false|true&#8221; global_colors_info=&#8221;{}&#8221; theme_builder_area=&#8221;post_content&#8221;][et_pb_column type=&#8221;4_4&#8243; _builder_version=&#8221;4.23.4&#8243; _module_preset=&#8221;default&#8221; custom_padding=&#8221;50px||||false|false&#8221; global_colors_info=&#8221;{}&#8221; theme_builder_area=&#8221;post_content&#8221;][et_pb_image src=&#8221;https:\/\/www.verandair.com\/wp-content\/uploads\/2026\/02\/VERAN-brochure-A4-2026.webp&#8221; alt=&#8221;Brochure 2026 Verandair&#8221; title_text=&#8221;VERAN-brochure-A4-2026&#8243; align=&#8221;center&#8221; _builder_version=&#8221;4.27.5&#8243; _module_preset=&#8221;default&#8221; max_width=&#8221;300px&#8221; max_width_last_edited=&#8221;off|desktop&#8221; custom_margin=&#8221;0px||0px||false|false&#8221; scroll_vertical_motion_enable=&#8221;on&#8221; scroll_vertical_motion=&#8221;0|40|40|100|-0.5|0|0&#8243; scroll_fade_enable=&#8221;on&#8221; scroll_fade=&#8221;0|40|40|100|0|100|100&#8243; global_colors_info=&#8221;{}&#8221; theme_builder_area=&#8221;post_content&#8221;][\/et_pb_image][et_pb_text _builder_version=&#8221;4.27.5&#8243; _module_preset=&#8221;default&#8221; header_2_font_size=&#8221;32px&#8221; text_orientation=&#8221;center&#8221; custom_margin=&#8221;||15px||false|false&#8221; global_colors_info=&#8221;{%22gcid-4f3ca7d5-152d-4540-91b1-cc24563bf794%22:%91%22text_text_shadow_color%22%93}&#8221; theme_builder_area=&#8221;post_content&#8221;]<\/p>\n<h2><strong>Envie d&#8217;en savoir plus<\/strong> avant de vous d\u00e9cider ?<br \/><span data-metadata=\"&lt;!--(figmeta)eyJmaWxlS2V5IjoiNDJrcExzUGY2N0VsN0FkMldFdElreCIsInBhc3RlSUQiOjI4MTE1MTAxNSwiZGF0YVR5cGUiOiJzY2VuZSJ9Cg==(\/figmeta)--&gt;\"><\/span><\/h2>\n<p>[\/et_pb_text][et_pb_divider show_divider=&#8221;off&#8221; _builder_version=&#8221;4.27.5&#8243; _module_preset=&#8221;2adabd0f-cb12-404f-9aa7-a3088280e564&#8243; module_alignment=&#8221;center&#8221; global_colors_info=&#8221;{}&#8221; theme_builder_area=&#8221;post_content&#8221;][\/et_pb_divider][et_pb_text _builder_version=&#8221;4.27.5&#8243; _module_preset=&#8221;default&#8221; text_orientation=&#8221;center&#8221; custom_margin=&#8221;||50px||false|false&#8221; global_colors_info=&#8221;{%22gcid-4f3ca7d5-152d-4540-91b1-cc24563bf794%22:%91%22text_text_shadow_color%22%93}&#8221; theme_builder_area=&#8221;post_content&#8221;]<\/p>\n<p><span><strong>T\u00e9l\u00e9chargez la nouvelle brochure 2026<\/strong>\u00a0et d\u00e9couvrez notre <strong>gamme compl\u00e8te de produits<\/strong> pour profiter de votre vie en plein air toute l&#8217;ann\u00e9e.<\/span><\/p>\n<p>[\/et_pb_text][et_pb_button button_url=&#8221;https:\/\/info.verandair.com\/brochure-2026\/&#8221; url_new_window=&#8221;on&#8221; button_text=&#8221;Je t\u00e9l\u00e9charge ma brochure&#8221; button_alignment=&#8221;center&#8221; _builder_version=&#8221;4.27.5&#8243; _module_preset=&#8221;ae8d3791-01a2-4c4b-b221-c3f14f812284&#8243; global_colors_info=&#8221;{}&#8221; theme_builder_area=&#8221;post_content&#8221;][\/et_pb_button][\/et_pb_column][\/et_pb_row][\/et_pb_section]<\/p>\n","protected":false},"excerpt":{"rendered":"<p>De nombreux accessoires vous permettent d\u2019agr\u00e9menter votre pergola pour en disposer \u00e0 loisir tout au long de l\u2019ann\u00e9e. D\u00e9couvrez nos conseils pour en faire un espace encore plus convivial!<\/p>\n","protected":false},"author":7,"featured_media":26723,"comment_status":"closed","ping_status":"closed","sticky":false,"template":"","format":"standard","meta":{"_acf_changed":false,"_et_pb_use_builder":"on","_et_pb_old_content":"","_et_gb_content_width":"","inline_featured_image":false,"footnotes":""},"categories":[33],"tags":[],"class_list":["post-29791","post","type-post","status-publish","format-standard","has-post-thumbnail","hentry","category-pergolas"],"acf":[],"yoast_head":"<!-- This site is optimized with the Yoast SEO plugin v27.5 - https:\/\/yoast.com\/product\/yoast-seo-wordpress\/ -->\n<title>Compl\u00e9tez votre pergola avec des accessoires | VERANDAIR\u00ae<\/title>\n<meta name=\"description\" content=\"Vous souhaitez installer une pergola ou utiliser davantage celle que vous poss\u00e9dez ? Voici quelques id\u00e9es pour en faire un espace ultra cosy.\" \/>\n<meta name=\"robots\" content=\"index, follow, max-snippet:-1, max-image-preview:large, max-video-preview:-1\" \/>\n<link rel=\"canonical\" href=\"https:\/\/www.verandair.com\/fr\/completez-votre-pergola\/\" \/>\n<meta property=\"og:locale\" content=\"fr_FR\" \/>\n<meta property=\"og:type\" content=\"article\" \/>\n<meta property=\"og:title\" content=\"Comment rendre votre pergola encore plus conviviale ?\" \/>\n<meta property=\"og:description\" content=\"Vous souhaitez installer une pergola ou utiliser davantage celle que vous poss\u00e9dez ? Voici quelques id\u00e9es pour en faire un espace ultra cosy.\" \/>\n<meta property=\"og:url\" content=\"https:\/\/www.verandair.com\/fr\/completez-votre-pergola\/\" \/>\n<meta property=\"og:site_name\" content=\"VERANDAIR\u00ae\" \/>\n<meta property=\"article:published_time\" content=\"2022-10-04T10:20:33+00:00\" \/>\n<meta property=\"article:modified_time\" content=\"2026-02-27T14:39:01+00:00\" \/>\n<meta property=\"og:image\" content=\"https:\/\/www.verandair.com\/wp-content\/uploads\/2021\/10\/Corradi_Bioclimatic_Maestro-34.jpg\" \/>\n\t<meta property=\"og:image:width\" content=\"2160\" \/>\n\t<meta property=\"og:image:height\" content=\"1440\" \/>\n\t<meta property=\"og:image:type\" content=\"image\/jpeg\" \/>\n<meta name=\"author\" content=\"Mathilde\" \/>\n<meta name=\"twitter:card\" content=\"summary_large_image\" \/>\n<meta name=\"twitter:title\" content=\"Comment rendre votre pergola encore plus conviviale ?\" \/>\n<meta name=\"twitter:description\" content=\"Vous souhaitez installer une pergola ou utiliser davantage celle que vous poss\u00e9dez ? Voici quelques id\u00e9es pour en faire un espace ultra cosy.\" \/>\n<meta name=\"twitter:image\" content=\"https:\/\/www.verandair.com\/wp-content\/uploads\/2021\/10\/Corradi_Bioclimatic_Maestro-34.jpg\" \/>\n<meta name=\"twitter:label1\" content=\"\u00c9crit par\" \/>\n\t<meta name=\"twitter:data1\" content=\"Mathilde\" \/>\n\t<meta name=\"twitter:label2\" content=\"Dur\u00e9e de lecture estim\u00e9e\" \/>\n\t<meta name=\"twitter:data2\" content=\"5 minutes\" \/>\n<script type=\"application\/ld+json\" class=\"yoast-schema-graph\">{\"@context\":\"https:\\\/\\\/schema.org\",\"@graph\":[{\"@type\":\"Article\",\"@id\":\"https:\\\/\\\/www.verandair.com\\\/fr\\\/completez-votre-pergola\\\/#article\",\"isPartOf\":{\"@id\":\"https:\\\/\\\/www.verandair.com\\\/fr\\\/completez-votre-pergola\\\/\"},\"author\":{\"name\":\"Mathilde\",\"@id\":\"https:\\\/\\\/www.verandair.com\\\/fr\\\/#\\\/schema\\\/person\\\/3a5c69caeff8e8cf38b8648c6ed68a7a\"},\"headline\":\"Quels sont les accessoires pour compl\u00e9ter votre pergola?\",\"datePublished\":\"2022-10-04T10:20:33+00:00\",\"dateModified\":\"2026-02-27T14:39:01+00:00\",\"mainEntityOfPage\":{\"@id\":\"https:\\\/\\\/www.verandair.com\\\/fr\\\/completez-votre-pergola\\\/\"},\"wordCount\":2233,\"publisher\":{\"@id\":\"https:\\\/\\\/www.verandair.com\\\/fr\\\/#organization\"},\"image\":{\"@id\":\"https:\\\/\\\/www.verandair.com\\\/fr\\\/completez-votre-pergola\\\/#primaryimage\"},\"thumbnailUrl\":\"https:\\\/\\\/www.verandair.com\\\/wp-content\\\/uploads\\\/2021\\\/10\\\/Corradi_Bioclimatic_Maestro-34.jpg\",\"articleSection\":[\"Pergolas\"],\"inLanguage\":\"fr-FR\"},{\"@type\":\"WebPage\",\"@id\":\"https:\\\/\\\/www.verandair.com\\\/fr\\\/completez-votre-pergola\\\/\",\"url\":\"https:\\\/\\\/www.verandair.com\\\/fr\\\/completez-votre-pergola\\\/\",\"name\":\"Compl\u00e9tez votre pergola avec des accessoires | VERANDAIR\u00ae\",\"isPartOf\":{\"@id\":\"https:\\\/\\\/www.verandair.com\\\/fr\\\/#website\"},\"primaryImageOfPage\":{\"@id\":\"https:\\\/\\\/www.verandair.com\\\/fr\\\/completez-votre-pergola\\\/#primaryimage\"},\"image\":{\"@id\":\"https:\\\/\\\/www.verandair.com\\\/fr\\\/completez-votre-pergola\\\/#primaryimage\"},\"thumbnailUrl\":\"https:\\\/\\\/www.verandair.com\\\/wp-content\\\/uploads\\\/2021\\\/10\\\/Corradi_Bioclimatic_Maestro-34.jpg\",\"datePublished\":\"2022-10-04T10:20:33+00:00\",\"dateModified\":\"2026-02-27T14:39:01+00:00\",\"description\":\"Vous souhaitez installer une pergola ou utiliser davantage celle que vous poss\u00e9dez ? Voici quelques id\u00e9es pour en faire un espace ultra cosy.\",\"breadcrumb\":{\"@id\":\"https:\\\/\\\/www.verandair.com\\\/fr\\\/completez-votre-pergola\\\/#breadcrumb\"},\"inLanguage\":\"fr-FR\",\"potentialAction\":[{\"@type\":\"ReadAction\",\"target\":[\"https:\\\/\\\/www.verandair.com\\\/fr\\\/completez-votre-pergola\\\/\"]}]},{\"@type\":\"ImageObject\",\"inLanguage\":\"fr-FR\",\"@id\":\"https:\\\/\\\/www.verandair.com\\\/fr\\\/completez-votre-pergola\\\/#primaryimage\",\"url\":\"https:\\\/\\\/www.verandair.com\\\/wp-content\\\/uploads\\\/2021\\\/10\\\/Corradi_Bioclimatic_Maestro-34.jpg\",\"contentUrl\":\"https:\\\/\\\/www.verandair.com\\\/wp-content\\\/uploads\\\/2021\\\/10\\\/Corradi_Bioclimatic_Maestro-34.jpg\",\"width\":2160,\"height\":1440,\"caption\":\"Pergola blanche avec terrasse \u00e0 c\u00f4t\u00e9 de la piscine ext\u00e9rieure\"},{\"@type\":\"BreadcrumbList\",\"@id\":\"https:\\\/\\\/www.verandair.com\\\/fr\\\/completez-votre-pergola\\\/#breadcrumb\",\"itemListElement\":[{\"@type\":\"ListItem\",\"position\":1,\"name\":\"Accueil\",\"item\":{\"@type\":\"WebPage\",\"@id\":\"https:\\\/\\\/www.verandair.com\\\/fr\\\/\",\"name\":\"Accueil\"}},{\"@type\":\"ListItem\",\"position\":2,\"name\":\"Quels sont les accessoires pour compl\u00e9ter votre pergola?\"}]},{\"@type\":\"WebSite\",\"@id\":\"https:\\\/\\\/www.verandair.com\\\/fr\\\/#website\",\"url\":\"https:\\\/\\\/www.verandair.com\\\/fr\\\/\",\"name\":\"VERANDAIR\u00ae\",\"description\":\"\",\"publisher\":{\"@id\":\"https:\\\/\\\/www.verandair.com\\\/fr\\\/#organization\"},\"potentialAction\":[{\"@type\":\"SearchAction\",\"target\":{\"@type\":\"EntryPoint\",\"urlTemplate\":\"https:\\\/\\\/www.verandair.com\\\/fr\\\/?s={search_term_string}\"},\"query-input\":{\"@type\":\"PropertyValueSpecification\",\"valueRequired\":true,\"valueName\":\"search_term_string\"}}],\"inLanguage\":\"fr-FR\"},{\"@type\":\"Organization\",\"@id\":\"https:\\\/\\\/www.verandair.com\\\/fr\\\/#organization\",\"name\":\"Verandair\",\"url\":\"https:\\\/\\\/www.verandair.com\\\/fr\\\/\",\"logo\":{\"@type\":\"ImageObject\",\"inLanguage\":\"fr-FR\",\"@id\":\"https:\\\/\\\/www.verandair.com\\\/fr\\\/#\\\/schema\\\/logo\\\/image\\\/\",\"url\":\"https:\\\/\\\/www.verandair.com\\\/wp-content\\\/uploads\\\/2024\\\/06\\\/VERANDAIR-logo.png\",\"contentUrl\":\"https:\\\/\\\/www.verandair.com\\\/wp-content\\\/uploads\\\/2024\\\/06\\\/VERANDAIR-logo.png\",\"width\":283,\"height\":127,\"caption\":\"Verandair\"},\"image\":{\"@id\":\"https:\\\/\\\/www.verandair.com\\\/fr\\\/#\\\/schema\\\/logo\\\/image\\\/\"}},{\"@type\":\"Person\",\"@id\":\"https:\\\/\\\/www.verandair.com\\\/fr\\\/#\\\/schema\\\/person\\\/3a5c69caeff8e8cf38b8648c6ed68a7a\",\"name\":\"Mathilde\",\"image\":{\"@type\":\"ImageObject\",\"inLanguage\":\"fr-FR\",\"@id\":\"https:\\\/\\\/secure.gravatar.com\\\/avatar\\\/60cdeb61797badacb2caeeb7abb512c9068be1f7f1e4a57746a5baaaf599e2bf?s=96&d=mm&r=g\",\"url\":\"https:\\\/\\\/secure.gravatar.com\\\/avatar\\\/60cdeb61797badacb2caeeb7abb512c9068be1f7f1e4a57746a5baaaf599e2bf?s=96&d=mm&r=g\",\"contentUrl\":\"https:\\\/\\\/secure.gravatar.com\\\/avatar\\\/60cdeb61797badacb2caeeb7abb512c9068be1f7f1e4a57746a5baaaf599e2bf?s=96&d=mm&r=g\",\"caption\":\"Mathilde\"}}]}<\/script>\n<!-- \/ Yoast SEO plugin. -->","yoast_head_json":{"title":"Compl\u00e9tez votre pergola avec des accessoires | VERANDAIR\u00ae","description":"Vous souhaitez installer une pergola ou utiliser davantage celle que vous poss\u00e9dez ? Voici quelques id\u00e9es pour en faire un espace ultra cosy.","robots":{"index":"index","follow":"follow","max-snippet":"max-snippet:-1","max-image-preview":"max-image-preview:large","max-video-preview":"max-video-preview:-1"},"canonical":"https:\/\/www.verandair.com\/fr\/completez-votre-pergola\/","og_locale":"fr_FR","og_type":"article","og_title":"Comment rendre votre pergola encore plus conviviale ?","og_description":"Vous souhaitez installer une pergola ou utiliser davantage celle que vous poss\u00e9dez ? Voici quelques id\u00e9es pour en faire un espace ultra cosy.","og_url":"https:\/\/www.verandair.com\/fr\/completez-votre-pergola\/","og_site_name":"VERANDAIR\u00ae","article_published_time":"2022-10-04T10:20:33+00:00","article_modified_time":"2026-02-27T14:39:01+00:00","og_image":[{"width":2160,"height":1440,"url":"https:\/\/www.verandair.com\/wp-content\/uploads\/2021\/10\/Corradi_Bioclimatic_Maestro-34.jpg","type":"image\/jpeg"}],"author":"Mathilde","twitter_card":"summary_large_image","twitter_title":"Comment rendre votre pergola encore plus conviviale ?","twitter_description":"Vous souhaitez installer une pergola ou utiliser davantage celle que vous poss\u00e9dez ? Voici quelques id\u00e9es pour en faire un espace ultra cosy.","twitter_image":"https:\/\/www.verandair.com\/wp-content\/uploads\/2021\/10\/Corradi_Bioclimatic_Maestro-34.jpg","twitter_misc":{"\u00c9crit par":"Mathilde","Dur\u00e9e de lecture estim\u00e9e":"5 minutes"},"schema":{"@context":"https:\/\/schema.org","@graph":[{"@type":"Article","@id":"https:\/\/www.verandair.com\/fr\/completez-votre-pergola\/#article","isPartOf":{"@id":"https:\/\/www.verandair.com\/fr\/completez-votre-pergola\/"},"author":{"name":"Mathilde","@id":"https:\/\/www.verandair.com\/fr\/#\/schema\/person\/3a5c69caeff8e8cf38b8648c6ed68a7a"},"headline":"Quels sont les accessoires pour compl\u00e9ter votre pergola?","datePublished":"2022-10-04T10:20:33+00:00","dateModified":"2026-02-27T14:39:01+00:00","mainEntityOfPage":{"@id":"https:\/\/www.verandair.com\/fr\/completez-votre-pergola\/"},"wordCount":2233,"publisher":{"@id":"https:\/\/www.verandair.com\/fr\/#organization"},"image":{"@id":"https:\/\/www.verandair.com\/fr\/completez-votre-pergola\/#primaryimage"},"thumbnailUrl":"https:\/\/www.verandair.com\/wp-content\/uploads\/2021\/10\/Corradi_Bioclimatic_Maestro-34.jpg","articleSection":["Pergolas"],"inLanguage":"fr-FR"},{"@type":"WebPage","@id":"https:\/\/www.verandair.com\/fr\/completez-votre-pergola\/","url":"https:\/\/www.verandair.com\/fr\/completez-votre-pergola\/","name":"Compl\u00e9tez votre pergola avec des accessoires | VERANDAIR\u00ae","isPartOf":{"@id":"https:\/\/www.verandair.com\/fr\/#website"},"primaryImageOfPage":{"@id":"https:\/\/www.verandair.com\/fr\/completez-votre-pergola\/#primaryimage"},"image":{"@id":"https:\/\/www.verandair.com\/fr\/completez-votre-pergola\/#primaryimage"},"thumbnailUrl":"https:\/\/www.verandair.com\/wp-content\/uploads\/2021\/10\/Corradi_Bioclimatic_Maestro-34.jpg","datePublished":"2022-10-04T10:20:33+00:00","dateModified":"2026-02-27T14:39:01+00:00","description":"Vous souhaitez installer une pergola ou utiliser davantage celle que vous poss\u00e9dez ? Voici quelques id\u00e9es pour en faire un espace ultra cosy.","breadcrumb":{"@id":"https:\/\/www.verandair.com\/fr\/completez-votre-pergola\/#breadcrumb"},"inLanguage":"fr-FR","potentialAction":[{"@type":"ReadAction","target":["https:\/\/www.verandair.com\/fr\/completez-votre-pergola\/"]}]},{"@type":"ImageObject","inLanguage":"fr-FR","@id":"https:\/\/www.verandair.com\/fr\/completez-votre-pergola\/#primaryimage","url":"https:\/\/www.verandair.com\/wp-content\/uploads\/2021\/10\/Corradi_Bioclimatic_Maestro-34.jpg","contentUrl":"https:\/\/www.verandair.com\/wp-content\/uploads\/2021\/10\/Corradi_Bioclimatic_Maestro-34.jpg","width":2160,"height":1440,"caption":"Pergola blanche avec terrasse \u00e0 c\u00f4t\u00e9 de la piscine ext\u00e9rieure"},{"@type":"BreadcrumbList","@id":"https:\/\/www.verandair.com\/fr\/completez-votre-pergola\/#breadcrumb","itemListElement":[{"@type":"ListItem","position":1,"name":"Accueil","item":{"@type":"WebPage","@id":"https:\/\/www.verandair.com\/fr\/","name":"Accueil"}},{"@type":"ListItem","position":2,"name":"Quels sont les accessoires pour compl\u00e9ter votre pergola?"}]},{"@type":"WebSite","@id":"https:\/\/www.verandair.com\/fr\/#website","url":"https:\/\/www.verandair.com\/fr\/","name":"VERANDAIR\u00ae","description":"","publisher":{"@id":"https:\/\/www.verandair.com\/fr\/#organization"},"potentialAction":[{"@type":"SearchAction","target":{"@type":"EntryPoint","urlTemplate":"https:\/\/www.verandair.com\/fr\/?s={search_term_string}"},"query-input":{"@type":"PropertyValueSpecification","valueRequired":true,"valueName":"search_term_string"}}],"inLanguage":"fr-FR"},{"@type":"Organization","@id":"https:\/\/www.verandair.com\/fr\/#organization","name":"Verandair","url":"https:\/\/www.verandair.com\/fr\/","logo":{"@type":"ImageObject","inLanguage":"fr-FR","@id":"https:\/\/www.verandair.com\/fr\/#\/schema\/logo\/image\/","url":"https:\/\/www.verandair.com\/wp-content\/uploads\/2024\/06\/VERANDAIR-logo.png","contentUrl":"https:\/\/www.verandair.com\/wp-content\/uploads\/2024\/06\/VERANDAIR-logo.png","width":283,"height":127,"caption":"Verandair"},"image":{"@id":"https:\/\/www.verandair.com\/fr\/#\/schema\/logo\/image\/"}},{"@type":"Person","@id":"https:\/\/www.verandair.com\/fr\/#\/schema\/person\/3a5c69caeff8e8cf38b8648c6ed68a7a","name":"Mathilde","image":{"@type":"ImageObject","inLanguage":"fr-FR","@id":"https:\/\/secure.gravatar.com\/avatar\/60cdeb61797badacb2caeeb7abb512c9068be1f7f1e4a57746a5baaaf599e2bf?s=96&d=mm&r=g","url":"https:\/\/secure.gravatar.com\/avatar\/60cdeb61797badacb2caeeb7abb512c9068be1f7f1e4a57746a5baaaf599e2bf?s=96&d=mm&r=g","contentUrl":"https:\/\/secure.gravatar.com\/avatar\/60cdeb61797badacb2caeeb7abb512c9068be1f7f1e4a57746a5baaaf599e2bf?s=96&d=mm&r=g","caption":"Mathilde"}}]}},"_links":{"self":[{"href":"https:\/\/www.verandair.com\/fr\/wp-json\/wp\/v2\/posts\/29791","targetHints":{"allow":["GET"]}}],"collection":[{"href":"https:\/\/www.verandair.com\/fr\/wp-json\/wp\/v2\/posts"}],"about":[{"href":"https:\/\/www.verandair.com\/fr\/wp-json\/wp\/v2\/types\/post"}],"author":[{"embeddable":true,"href":"https:\/\/www.verandair.com\/fr\/wp-json\/wp\/v2\/users\/7"}],"replies":[{"embeddable":true,"href":"https:\/\/www.verandair.com\/fr\/wp-json\/wp\/v2\/comments?post=29791"}],"version-history":[{"count":4,"href":"https:\/\/www.verandair.com\/fr\/wp-json\/wp\/v2\/posts\/29791\/revisions"}],"predecessor-version":[{"id":74686,"href":"https:\/\/www.verandair.com\/fr\/wp-json\/wp\/v2\/posts\/29791\/revisions\/74686"}],"wp:featuredmedia":[{"embeddable":true,"href":"https:\/\/www.verandair.com\/fr\/wp-json\/wp\/v2\/media\/26723"}],"wp:attachment":[{"href":"https:\/\/www.verandair.com\/fr\/wp-json\/wp\/v2\/media?parent=29791"}],"wp:term":[{"taxonomy":"category","embeddable":true,"href":"https:\/\/www.verandair.com\/fr\/wp-json\/wp\/v2\/categories?post=29791"},{"taxonomy":"post_tag","embeddable":true,"href":"https:\/\/www.verandair.com\/fr\/wp-json\/wp\/v2\/tags?post=29791"}],"curies":[{"name":"wp","href":"https:\/\/api.w.org\/{rel}","templated":true}]}}