{"id":30068,"date":"2022-03-02T09:00:22","date_gmt":"2022-03-02T08:00:22","guid":{"rendered":"https:\/\/www.verandair.com\/?p=30068"},"modified":"2026-02-27T15:33:29","modified_gmt":"2026-02-27T14:33:29","slug":"controle-technique-entretien-veranda-pergola","status":"publish","type":"post","link":"https:\/\/www.verandair.com\/fr\/controle-technique-entretien-veranda-pergola\/","title":{"rendered":"L\u2019entretien annuel de votre v\u00e9randa : pourquoi et comment ?"},"content":{"rendered":"<p>[et_pb_section fb_built=&#8221;1&#8243; _builder_version=&#8221;4.16&#8243; global_colors_info=&#8221;{}&#8221; theme_builder_area=&#8221;post_content&#8221;][et_pb_row _builder_version=&#8221;4.16&#8243; global_colors_info=&#8221;{}&#8221; theme_builder_area=&#8221;post_content&#8221;][et_pb_column type=&#8221;4_4&#8243; _builder_version=&#8221;4.16&#8243; custom_padding=&#8221;|||&#8221; global_colors_info=&#8221;{}&#8221; custom_padding__hover=&#8221;|||&#8221; theme_builder_area=&#8221;post_content&#8221;][et_pb_text _builder_version=&#8221;4.16&#8243; global_colors_info=&#8221;{}&#8221; theme_builder_area=&#8221;post_content&#8221;]<\/p>\n<p>Vous \u00eates <strong>propri\u00e9taire d\u2019un abri de terrasse, v\u00e9randa ou pergola<\/strong>\u00a0? Si ces produits sont d\u2019excellente qualit\u00e9, ils peuvent \u00eatre soumis \u00e0 l\u2019usure naturelle. Aussi, <strong>faire contr\u00f4ler votre installation par un technicien sp\u00e9cialis\u00e9<\/strong> vous permet d\u2019anticiper toute r\u00e9paration \u00e0 effectuer afin d\u2019en minimiser l\u2019impact. Dans cet article, vous apprendrez <strong>comment<\/strong> se d\u00e9roule le contr\u00f4le technique annuel de votre v\u00e9randa et <strong>en quoi il peut vous \u00eatre utile<\/strong>.<\/p>\n<h2>Le contr\u00f4le technique de v\u00e9randas et pergolas\u00a0: pourquoi\u00a0?<\/h2>\n<p>Vous poss\u00e9dez une <strong>v\u00e9randa ou un <\/strong><a href=\"https:\/\/www.verandair.com\/fr\/veranda\/abri-de-terrasse\/\"><strong>abri en aluminium<\/strong>\u00a0<\/a>? Alors, vous avez certainement d\u00e9j\u00e0 fait l\u2019<strong>exp\u00e9rience de leur r\u00e9sistance et de leur solidit\u00e9<\/strong>. N\u00e9anmoins, une certaine <strong>usure<\/strong> peut toujours survenir en fonction de diff\u00e9rents param\u00e8tres.<\/p>\n<h3>Limiter l\u2019impact de l\u2019usure naturelle<\/h3>\n<p>En effet, comme tout produit du m\u00eame type, les <a href=\"https:\/\/www.verandair.com\/fr\/veranda\/\">v\u00e9randas<\/a> et <a href=\"https:\/\/www.verandair.com\/fr\/pergolas\/\">pergolas<\/a> sont <strong>soumises aux conditions ext\u00e9rieures<\/strong>. Bien entendu, elles sont con\u00e7ues pour y r\u00e9sister. Mais certains de leurs composants peuvent \u00eatre plus ou moins impact\u00e9s par le temps, <strong>en fonction de leur mat\u00e9riau de fabrication<\/strong>, de leur <strong>exposition au soleil<\/strong> ou d\u2019autres <strong>circonstances externes<\/strong> ind\u00e9pendantes de votre volont\u00e9.<\/p>\n<p>Il s\u2019agit d\u2019un processus naturel qui concerne <strong>plus particuli\u00e8rement certaines mati\u00e8res <\/strong>comme, par exemple, le silicone avec lequel sont fabriqu\u00e9s les joints. Or, il est toujours bon de <strong>conna\u00eetre \u00e0 l\u2019avance les ajustements, remplacements ou r\u00e9parations <\/strong>auxquels vous pourriez faire face, afin de les <strong>anticiper dans votre budget<\/strong>. C\u2019est tout l\u2019int\u00e9r\u00eat du contr\u00f4le technique annuel.<\/p>\n<p>[\/et_pb_text][et_pb_button button_url=&#8221;https:\/\/www.verandair.com\/fr\/contact\/&#8221; button_text=&#8221;Demandez un contr\u00f4le technique&#8221; button_alignment=&#8221;center&#8221; _builder_version=&#8221;4.16&#8243; custom_margin=&#8221;30px|30px|30px|30px&#8221; custom_padding=&#8221;30px|30px|30px|30px&#8221; global_colors_info=&#8221;{}&#8221; theme_builder_area=&#8221;post_content&#8221;][\/et_pb_button][et_pb_text _builder_version=&#8221;4.16&#8243; global_colors_info=&#8221;{}&#8221; theme_builder_area=&#8221;post_content&#8221;]<\/p>\n<h2>Le service d\u2019entretien annuel : pour qui ?<\/h2>\n<p>Chez VERANDAIR, nous proposons ce service \u00e0 <strong>tous nos clients<\/strong>, qu\u2019ils poss\u00e8dent une v\u00e9randa ou une pergola. \u00a0<\/p>\n<h2>Comment se d\u00e9roule le contr\u00f4le technique des v\u00e9randas et pergolas\u00a0? \u00a0<\/h2>\n<p>C\u2019est tr\u00e8s simple\u00a0: <strong>une fois par an<\/strong>, votre expert VERANDAIR se d\u00e9place \u00e0 votre domicile pour effectuer les v\u00e9rifications d\u2019usage. Ce professionnel est un <strong>technicien form\u00e9<\/strong> qui conna\u00eet parfaitement votre installation. Il en profitera pour vous fournir tous ses <strong>conseils et recommandations<\/strong> pour un bon entretien de votre v\u00e9randa.<\/p>\n<h3>Les points examin\u00e9s par votre sp\u00e9cialiste<\/h3>\n<p>Votre technicien commence par observer <strong>l\u2019\u00e9tat g\u00e9n\u00e9ral<\/strong> de votre v\u00e9randa, avant de passer \u00e0 un <strong>contr\u00f4le d\u00e9taill\u00e9<\/strong>.\u00a0<\/p>\n<p>Il examinera efficacement pr\u00e8s d\u2019une vingtaine de points, en fonction des options et fonctionnalit\u00e9s de votre installation. Ces v\u00e9rifications concernent\u00a0:<\/p>\n<ul>\n<li>L\u2019<strong>ouverture<\/strong> du produit, si celui-ci est r\u00e9tractable (toiture, vitres,\u2026)<\/li>\n<li>Les syst\u00e8mes de <strong>guidage et but\u00e9es<\/strong><\/li>\n<li>Les <strong>joints<\/strong><\/li>\n<li>Les \u00e9l\u00e9ments de <strong>fermeture<\/strong>(poign\u00e9es, serrures,\u2026)<\/li>\n<li>La <strong>motorisation<\/strong><\/li>\n<li>Les <strong>\u00e9clairages<\/strong><\/li>\n<li>Les <strong>fixations<\/strong> au sol<\/li>\n<\/ul>\n<h3>Un rapport complet<\/h3>\n<p>A la suite de l\u2019examen, le technicien \u00e9tablit un <strong>rapport de contr\u00f4le technique<\/strong> qui reprend ses observations.<\/p>\n<p>Il vous fournira alors ses <strong>conseils<\/strong> et ses \u00e9ventuelles propositions d\u2019am\u00e9lioration\u00a0: changer une serrure, effectuer un nettoyage de la toiture, etc. En cas de petits ajustements \u00e0 effectuer, tels qu\u2019un ajout d\u2019huile par exemple, il pourra s\u2019en occuper sur place.<\/p>\n<p>En fonction des constats effectu\u00e9s, notre technicien vous procurera un <strong>devis<\/strong> <strong>d\u00e9taill\u00e9<\/strong> directement. De cette fa\u00e7on, lorsqu\u2019il quitte votre domicile, vous avez une indication claire de l&#8217;\u00e9tat de votre installation et de tout ajustement ou toute r\u00e9paration \u00e0 effectuer.<\/p>\n<p>[\/et_pb_text][et_pb_button button_url=&#8221;https:\/\/www.verandair.com\/fr\/contact\/&#8221; button_text=&#8221;B\u00e9n\u00e9ficier d&#8217;un entretien annuel&#8221; button_alignment=&#8221;center&#8221; _builder_version=&#8221;4.16&#8243; custom_margin=&#8221;30px|30px|30px|30px&#8221; custom_padding=&#8221;30px|30px|30px|30px&#8221; global_colors_info=&#8221;{}&#8221; theme_builder_area=&#8221;post_content&#8221;][\/et_pb_button][et_pb_text _builder_version=&#8221;4.19.2&#8243; global_colors_info=&#8221;{}&#8221; theme_builder_area=&#8221;post_content&#8221;]<\/p>\n<h2>Prolonger la dur\u00e9e de vie de la v\u00e9randa gr\u00e2ce \u00e0 un nettoyage r\u00e9gulier<\/h2>\n<p><strong>Le saviez-vous\u00a0?<\/strong> De nombreux clients VERANDAIR gardent leur abri de terrasse en tr\u00e8s bon \u00e9tat, y compris 20 ou 30 ans apr\u00e8s leur pose. Et ce, en grande partie, gr\u00e2ce \u00e0 un <strong>nettoyage r\u00e9gulier<\/strong>.<\/p>\n<p>Imaginez une voiture qu&#8217;on laisserait dans un jardin plusieurs ann\u00e9es sans plus s&#8217;en occuper. Inutile de vous expliquer qu\u2019elle risque, au fil du temps, de se salir et de s\u2019user. Il en va de m\u00eame pour votre installation.<\/p>\n<p>Rassurez-vous, pas besoin de faire appel aux services d\u2019une entreprise. Un petit nettoyage ponctuel suffit amplement pour garder votre v\u00e9randa ou pergola en excellent \u00e9tat. \u00c9tant donn\u00e9 qu\u2019elles pr\u00e9sentent une <strong>structure en aluminium<\/strong> et non en bois, vous n\u2019aurez qu\u2019\u00e0 utiliser une <strong>\u00e9ponge tremp\u00e9e dans de l\u2019eau avec un peu de savon<\/strong>. Passez sur les ch\u00e2ssis, les rails, \u00e9ventuellement <a href=\"https:\/\/www.verandair.com\/fr\/nettoyer-une-baie-vitree-coulissante\/\">les vitres<\/a> et la toiture. Le tour est jou\u00e9\u00a0!<\/p>\n<h2>En conclusion<\/h2>\n<p>Avec un parc de plus 6000 abris de terrasse pos\u00e9s depuis plus de 35 ans, l\u2019entreprise VERANDAIR vous propose des <strong>produits fiables et robustes <\/strong>en aluminium. Bien entretenus, ils resteront en bon \u00e9tat toute leur vie.<\/p>\n<p>Gr\u00e2ce au <strong>contr\u00f4le technique<\/strong>, vous profitez de conseils et d\u2019un suivi d\u2019ann\u00e9e en ann\u00e9e, pour garder votre v\u00e9randa en parfait \u00e9tat \u00e0 tout moment. Une r\u00e9paration \u00e0 effectuer\u00a0? Obtenez votre <strong>devis d\u00e9taill\u00e9 imm\u00e9diatement<\/strong>\u00a0!<\/p>\n<p>Profitez de notre <strong>offre sp\u00e9ciale <\/strong>de lancement \u00e0 prix attractif, <strong>valable jusqu\u2019au 29 janvier 2023 !<\/strong><\/p>\n<p>[\/et_pb_text][\/et_pb_column][\/et_pb_row][\/et_pb_section][et_pb_section fb_built=&#8221;1&#8243; _builder_version=&#8221;4.27.5&#8243; _module_preset=&#8221;a37cb46d-a9cb-4f77-bbbd-8966bde7aff0&#8243; saved_tabs=&#8221;all&#8221; locked=&#8221;off&#8221; global_colors_info=&#8221;{}&#8221; global_module=&#8221;74566&#8243; theme_builder_area=&#8221;post_content&#8221;][et_pb_row _builder_version=&#8221;4.27.5&#8243; _module_preset=&#8221;default&#8221; width=&#8221;100%&#8221; max_width=&#8221;100%&#8221; custom_padding=&#8221;0px|20px||20px|false|true&#8221; global_colors_info=&#8221;{}&#8221; theme_builder_area=&#8221;post_content&#8221;][et_pb_column type=&#8221;4_4&#8243; _builder_version=&#8221;4.23.4&#8243; _module_preset=&#8221;default&#8221; custom_padding=&#8221;50px||||false|false&#8221; global_colors_info=&#8221;{}&#8221; theme_builder_area=&#8221;post_content&#8221;][et_pb_image src=&#8221;https:\/\/www.verandair.com\/wp-content\/uploads\/2026\/02\/VERAN-brochure-A4-2026.webp&#8221; alt=&#8221;Brochure 2026 Verandair&#8221; title_text=&#8221;VERAN-brochure-A4-2026&#8243; align=&#8221;center&#8221; _builder_version=&#8221;4.27.5&#8243; _module_preset=&#8221;default&#8221; max_width=&#8221;300px&#8221; max_width_last_edited=&#8221;off|desktop&#8221; custom_margin=&#8221;0px||0px||false|false&#8221; scroll_vertical_motion_enable=&#8221;on&#8221; scroll_vertical_motion=&#8221;0|40|40|100|-0.5|0|0&#8243; scroll_fade_enable=&#8221;on&#8221; scroll_fade=&#8221;0|40|40|100|0|100|100&#8243; global_colors_info=&#8221;{}&#8221; theme_builder_area=&#8221;post_content&#8221;][\/et_pb_image][et_pb_text _builder_version=&#8221;4.27.5&#8243; _module_preset=&#8221;default&#8221; header_2_font_size=&#8221;32px&#8221; text_orientation=&#8221;center&#8221; custom_margin=&#8221;||15px||false|false&#8221; global_colors_info=&#8221;{%22gcid-4f3ca7d5-152d-4540-91b1-cc24563bf794%22:%91%22text_text_shadow_color%22%93}&#8221; theme_builder_area=&#8221;post_content&#8221;]<\/p>\n<h2><strong>Envie d&#8217;en savoir plus<\/strong> avant de vous d\u00e9cider ?<br \/><span data-metadata=\"&lt;!--(figmeta)eyJmaWxlS2V5IjoiNDJrcExzUGY2N0VsN0FkMldFdElreCIsInBhc3RlSUQiOjI4MTE1MTAxNSwiZGF0YVR5cGUiOiJzY2VuZSJ9Cg==(\/figmeta)--&gt;\"><\/span><\/h2>\n<p>[\/et_pb_text][et_pb_divider show_divider=&#8221;off&#8221; _builder_version=&#8221;4.27.5&#8243; _module_preset=&#8221;2adabd0f-cb12-404f-9aa7-a3088280e564&#8243; module_alignment=&#8221;center&#8221; global_colors_info=&#8221;{}&#8221; theme_builder_area=&#8221;post_content&#8221;][\/et_pb_divider][et_pb_text _builder_version=&#8221;4.27.5&#8243; _module_preset=&#8221;default&#8221; text_orientation=&#8221;center&#8221; custom_margin=&#8221;||50px||false|false&#8221; global_colors_info=&#8221;{%22gcid-4f3ca7d5-152d-4540-91b1-cc24563bf794%22:%91%22text_text_shadow_color%22%93}&#8221; theme_builder_area=&#8221;post_content&#8221;]<\/p>\n<p><span><strong>T\u00e9l\u00e9chargez la nouvelle brochure 2026<\/strong>\u00a0et d\u00e9couvrez notre <strong>gamme compl\u00e8te de produits<\/strong> pour profiter de votre vie en plein air toute l&#8217;ann\u00e9e.<\/span><\/p>\n<p>[\/et_pb_text][et_pb_button button_url=&#8221;https:\/\/info.verandair.com\/brochure-2026\/&#8221; url_new_window=&#8221;on&#8221; button_text=&#8221;Je t\u00e9l\u00e9charge ma brochure&#8221; button_alignment=&#8221;center&#8221; _builder_version=&#8221;4.27.5&#8243; _module_preset=&#8221;ae8d3791-01a2-4c4b-b221-c3f14f812284&#8243; global_colors_info=&#8221;{}&#8221; theme_builder_area=&#8221;post_content&#8221;][\/et_pb_button][\/et_pb_column][\/et_pb_row][\/et_pb_section]<\/p>\n","protected":false},"excerpt":{"rendered":"<p>Vous poss\u00e9dez un abri de terrasse ? Faire contr\u00f4ler votre installation par un technicien sp\u00e9cialis\u00e9 vous permet de b\u00e9n\u00e9ficier des meilleurs conseils et d&#8217;un entretien adapt\u00e9 pour un abri comme neuf durant de tr\u00e8s longues ann\u00e9es. <\/p>\n","protected":false},"author":2,"featured_media":57096,"comment_status":"closed","ping_status":"closed","sticky":false,"template":"","format":"standard","meta":{"_acf_changed":false,"_et_pb_use_builder":"on","_et_pb_old_content":"","_et_gb_content_width":"","inline_featured_image":false,"footnotes":""},"categories":[32,33],"tags":[],"class_list":["post-30068","post","type-post","status-publish","format-standard","has-post-thumbnail","hentry","category-abri-de-terrasse","category-pergolas"],"acf":[],"yoast_head":"<!-- This site is optimized with the Yoast SEO plugin v27.5 - https:\/\/yoast.com\/product\/yoast-seo-wordpress\/ -->\n<title>Tout savoir sur le contr\u00f4le technique annuel de votre v\u00e9randa ou pergola<\/title>\n<meta name=\"description\" content=\"Un entretien pour votre abri de terrasse ? C\u2019est important ! D\u00e9couvrez pourquoi et comment se d\u00e9roule un contr\u00f4le technique \u00e0 domicile.\" \/>\n<meta name=\"robots\" content=\"index, follow, max-snippet:-1, max-image-preview:large, max-video-preview:-1\" \/>\n<link rel=\"canonical\" href=\"https:\/\/www.verandair.com\/fr\/controle-technique-entretien-veranda-pergola\/\" \/>\n<meta property=\"og:locale\" content=\"fr_FR\" \/>\n<meta property=\"og:type\" content=\"article\" \/>\n<meta property=\"og:title\" content=\"L&#039;entretien annuel de votre abri de terrasse : une garantie de long\u00e9vit\u00e9\" \/>\n<meta property=\"og:description\" content=\"Si vous poss\u00e9dez une v\u00e9randa, faire contr\u00f4ler votre installation par un technicien sp\u00e9cialis\u00e9 vous permet de b\u00e9n\u00e9ficier des meilleurs conseils et d&#039;anticiper toute r\u00e9paration \u00e0 effectuer.\" \/>\n<meta property=\"og:url\" content=\"https:\/\/www.verandair.com\/fr\/controle-technique-entretien-veranda-pergola\/\" \/>\n<meta property=\"og:site_name\" content=\"VERANDAIR\u00ae\" \/>\n<meta property=\"article:published_time\" content=\"2022-03-02T08:00:22+00:00\" \/>\n<meta property=\"article:modified_time\" content=\"2026-02-27T14:33:29+00:00\" \/>\n<meta name=\"author\" content=\"rami\" \/>\n<meta name=\"twitter:card\" content=\"summary_large_image\" \/>\n<meta name=\"twitter:title\" content=\"L&#039;entretien annuel de votre abri de terrasse : une garantie de long\u00e9vit\u00e9\" \/>\n<meta name=\"twitter:description\" content=\"Si vous poss\u00e9dez une v\u00e9randa, faire contr\u00f4ler votre installation par un technicien sp\u00e9cialis\u00e9 vous permet de b\u00e9n\u00e9ficier des meilleurs conseils et d&#039;anticiper toute r\u00e9paration \u00e0 effectuer.\" \/>\n<meta name=\"twitter:label1\" content=\"\u00c9crit par\" \/>\n\t<meta name=\"twitter:data1\" content=\"rami\" \/>\n\t<meta name=\"twitter:label2\" content=\"Dur\u00e9e de lecture estim\u00e9e\" \/>\n\t<meta name=\"twitter:data2\" content=\"4 minutes\" \/>\n<script type=\"application\/ld+json\" class=\"yoast-schema-graph\">{\"@context\":\"https:\\\/\\\/schema.org\",\"@graph\":[{\"@type\":\"Article\",\"@id\":\"https:\\\/\\\/www.verandair.com\\\/fr\\\/controle-technique-entretien-veranda-pergola\\\/#article\",\"isPartOf\":{\"@id\":\"https:\\\/\\\/www.verandair.com\\\/fr\\\/controle-technique-entretien-veranda-pergola\\\/\"},\"author\":{\"name\":\"rami\",\"@id\":\"https:\\\/\\\/www.verandair.com\\\/fr\\\/#\\\/schema\\\/person\\\/016d0fc6890f3f46f3f12a80890bf4fa\"},\"headline\":\"L\u2019entretien annuel de votre v\u00e9randa : pourquoi et comment ?\",\"datePublished\":\"2022-03-02T08:00:22+00:00\",\"dateModified\":\"2026-02-27T14:33:29+00:00\",\"mainEntityOfPage\":{\"@id\":\"https:\\\/\\\/www.verandair.com\\\/fr\\\/controle-technique-entretien-veranda-pergola\\\/\"},\"wordCount\":1402,\"publisher\":{\"@id\":\"https:\\\/\\\/www.verandair.com\\\/fr\\\/#organization\"},\"image\":{\"@id\":\"https:\\\/\\\/www.verandair.com\\\/fr\\\/controle-technique-entretien-veranda-pergola\\\/#primaryimage\"},\"thumbnailUrl\":\"https:\\\/\\\/www.verandair.com\\\/wp-content\\\/uploads\\\/2019\\\/09\\\/veranda-retractable-fabrication.jpg\",\"articleSection\":[\"Abri de terrasse\",\"Pergolas\"],\"inLanguage\":\"fr-FR\"},{\"@type\":\"WebPage\",\"@id\":\"https:\\\/\\\/www.verandair.com\\\/fr\\\/controle-technique-entretien-veranda-pergola\\\/\",\"url\":\"https:\\\/\\\/www.verandair.com\\\/fr\\\/controle-technique-entretien-veranda-pergola\\\/\",\"name\":\"Tout savoir sur le contr\u00f4le technique annuel de votre v\u00e9randa ou pergola\",\"isPartOf\":{\"@id\":\"https:\\\/\\\/www.verandair.com\\\/fr\\\/#website\"},\"primaryImageOfPage\":{\"@id\":\"https:\\\/\\\/www.verandair.com\\\/fr\\\/controle-technique-entretien-veranda-pergola\\\/#primaryimage\"},\"image\":{\"@id\":\"https:\\\/\\\/www.verandair.com\\\/fr\\\/controle-technique-entretien-veranda-pergola\\\/#primaryimage\"},\"thumbnailUrl\":\"https:\\\/\\\/www.verandair.com\\\/wp-content\\\/uploads\\\/2019\\\/09\\\/veranda-retractable-fabrication.jpg\",\"datePublished\":\"2022-03-02T08:00:22+00:00\",\"dateModified\":\"2026-02-27T14:33:29+00:00\",\"description\":\"Un entretien pour votre abri de terrasse ? C\u2019est important ! D\u00e9couvrez pourquoi et comment se d\u00e9roule un contr\u00f4le technique \u00e0 domicile.\",\"breadcrumb\":{\"@id\":\"https:\\\/\\\/www.verandair.com\\\/fr\\\/controle-technique-entretien-veranda-pergola\\\/#breadcrumb\"},\"inLanguage\":\"fr-FR\",\"potentialAction\":[{\"@type\":\"ReadAction\",\"target\":[\"https:\\\/\\\/www.verandair.com\\\/fr\\\/controle-technique-entretien-veranda-pergola\\\/\"]}]},{\"@type\":\"ImageObject\",\"inLanguage\":\"fr-FR\",\"@id\":\"https:\\\/\\\/www.verandair.com\\\/fr\\\/controle-technique-entretien-veranda-pergola\\\/#primaryimage\",\"url\":\"https:\\\/\\\/www.verandair.com\\\/wp-content\\\/uploads\\\/2019\\\/09\\\/veranda-retractable-fabrication.jpg\",\"contentUrl\":\"https:\\\/\\\/www.verandair.com\\\/wp-content\\\/uploads\\\/2019\\\/09\\\/veranda-retractable-fabrication.jpg\",\"width\":590,\"height\":390,\"caption\":\"veranda-retractable-fabrication\"},{\"@type\":\"BreadcrumbList\",\"@id\":\"https:\\\/\\\/www.verandair.com\\\/fr\\\/controle-technique-entretien-veranda-pergola\\\/#breadcrumb\",\"itemListElement\":[{\"@type\":\"ListItem\",\"position\":1,\"name\":\"Accueil\",\"item\":{\"@type\":\"WebPage\",\"@id\":\"https:\\\/\\\/www.verandair.com\\\/fr\\\/\",\"name\":\"Accueil\"}},{\"@type\":\"ListItem\",\"position\":2,\"name\":\"L\u2019entretien annuel de votre v\u00e9randa : pourquoi et comment ?\"}]},{\"@type\":\"WebSite\",\"@id\":\"https:\\\/\\\/www.verandair.com\\\/fr\\\/#website\",\"url\":\"https:\\\/\\\/www.verandair.com\\\/fr\\\/\",\"name\":\"VERANDAIR\u00ae\",\"description\":\"\",\"publisher\":{\"@id\":\"https:\\\/\\\/www.verandair.com\\\/fr\\\/#organization\"},\"potentialAction\":[{\"@type\":\"SearchAction\",\"target\":{\"@type\":\"EntryPoint\",\"urlTemplate\":\"https:\\\/\\\/www.verandair.com\\\/fr\\\/?s={search_term_string}\"},\"query-input\":{\"@type\":\"PropertyValueSpecification\",\"valueRequired\":true,\"valueName\":\"search_term_string\"}}],\"inLanguage\":\"fr-FR\"},{\"@type\":\"Organization\",\"@id\":\"https:\\\/\\\/www.verandair.com\\\/fr\\\/#organization\",\"name\":\"Verandair\",\"url\":\"https:\\\/\\\/www.verandair.com\\\/fr\\\/\",\"logo\":{\"@type\":\"ImageObject\",\"inLanguage\":\"fr-FR\",\"@id\":\"https:\\\/\\\/www.verandair.com\\\/fr\\\/#\\\/schema\\\/logo\\\/image\\\/\",\"url\":\"https:\\\/\\\/www.verandair.com\\\/wp-content\\\/uploads\\\/2024\\\/06\\\/VERANDAIR-logo.png\",\"contentUrl\":\"https:\\\/\\\/www.verandair.com\\\/wp-content\\\/uploads\\\/2024\\\/06\\\/VERANDAIR-logo.png\",\"width\":283,\"height\":127,\"caption\":\"Verandair\"},\"image\":{\"@id\":\"https:\\\/\\\/www.verandair.com\\\/fr\\\/#\\\/schema\\\/logo\\\/image\\\/\"}},{\"@type\":\"Person\",\"@id\":\"https:\\\/\\\/www.verandair.com\\\/fr\\\/#\\\/schema\\\/person\\\/016d0fc6890f3f46f3f12a80890bf4fa\",\"name\":\"rami\",\"image\":{\"@type\":\"ImageObject\",\"inLanguage\":\"fr-FR\",\"@id\":\"https:\\\/\\\/secure.gravatar.com\\\/avatar\\\/d3debc42751c1353e14f547fae32b6b47824cea3f3333f51b5c703c9f4b52936?s=96&d=mm&r=g\",\"url\":\"https:\\\/\\\/secure.gravatar.com\\\/avatar\\\/d3debc42751c1353e14f547fae32b6b47824cea3f3333f51b5c703c9f4b52936?s=96&d=mm&r=g\",\"contentUrl\":\"https:\\\/\\\/secure.gravatar.com\\\/avatar\\\/d3debc42751c1353e14f547fae32b6b47824cea3f3333f51b5c703c9f4b52936?s=96&d=mm&r=g\",\"caption\":\"rami\"}}]}<\/script>\n<!-- \/ Yoast SEO plugin. -->","yoast_head_json":{"title":"Tout savoir sur le contr\u00f4le technique annuel de votre v\u00e9randa ou pergola","description":"Un entretien pour votre abri de terrasse ? C\u2019est important ! D\u00e9couvrez pourquoi et comment se d\u00e9roule un contr\u00f4le technique \u00e0 domicile.","robots":{"index":"index","follow":"follow","max-snippet":"max-snippet:-1","max-image-preview":"max-image-preview:large","max-video-preview":"max-video-preview:-1"},"canonical":"https:\/\/www.verandair.com\/fr\/controle-technique-entretien-veranda-pergola\/","og_locale":"fr_FR","og_type":"article","og_title":"L'entretien annuel de votre abri de terrasse : une garantie de long\u00e9vit\u00e9","og_description":"Si vous poss\u00e9dez une v\u00e9randa, faire contr\u00f4ler votre installation par un technicien sp\u00e9cialis\u00e9 vous permet de b\u00e9n\u00e9ficier des meilleurs conseils et d'anticiper toute r\u00e9paration \u00e0 effectuer.","og_url":"https:\/\/www.verandair.com\/fr\/controle-technique-entretien-veranda-pergola\/","og_site_name":"VERANDAIR\u00ae","article_published_time":"2022-03-02T08:00:22+00:00","article_modified_time":"2026-02-27T14:33:29+00:00","author":"rami","twitter_card":"summary_large_image","twitter_title":"L'entretien annuel de votre abri de terrasse : une garantie de long\u00e9vit\u00e9","twitter_description":"Si vous poss\u00e9dez une v\u00e9randa, faire contr\u00f4ler votre installation par un technicien sp\u00e9cialis\u00e9 vous permet de b\u00e9n\u00e9ficier des meilleurs conseils et d'anticiper toute r\u00e9paration \u00e0 effectuer.","twitter_misc":{"\u00c9crit par":"rami","Dur\u00e9e de lecture estim\u00e9e":"4 minutes"},"schema":{"@context":"https:\/\/schema.org","@graph":[{"@type":"Article","@id":"https:\/\/www.verandair.com\/fr\/controle-technique-entretien-veranda-pergola\/#article","isPartOf":{"@id":"https:\/\/www.verandair.com\/fr\/controle-technique-entretien-veranda-pergola\/"},"author":{"name":"rami","@id":"https:\/\/www.verandair.com\/fr\/#\/schema\/person\/016d0fc6890f3f46f3f12a80890bf4fa"},"headline":"L\u2019entretien annuel de votre v\u00e9randa : pourquoi et comment ?","datePublished":"2022-03-02T08:00:22+00:00","dateModified":"2026-02-27T14:33:29+00:00","mainEntityOfPage":{"@id":"https:\/\/www.verandair.com\/fr\/controle-technique-entretien-veranda-pergola\/"},"wordCount":1402,"publisher":{"@id":"https:\/\/www.verandair.com\/fr\/#organization"},"image":{"@id":"https:\/\/www.verandair.com\/fr\/controle-technique-entretien-veranda-pergola\/#primaryimage"},"thumbnailUrl":"https:\/\/www.verandair.com\/wp-content\/uploads\/2019\/09\/veranda-retractable-fabrication.jpg","articleSection":["Abri de terrasse","Pergolas"],"inLanguage":"fr-FR"},{"@type":"WebPage","@id":"https:\/\/www.verandair.com\/fr\/controle-technique-entretien-veranda-pergola\/","url":"https:\/\/www.verandair.com\/fr\/controle-technique-entretien-veranda-pergola\/","name":"Tout savoir sur le contr\u00f4le technique annuel de votre v\u00e9randa ou pergola","isPartOf":{"@id":"https:\/\/www.verandair.com\/fr\/#website"},"primaryImageOfPage":{"@id":"https:\/\/www.verandair.com\/fr\/controle-technique-entretien-veranda-pergola\/#primaryimage"},"image":{"@id":"https:\/\/www.verandair.com\/fr\/controle-technique-entretien-veranda-pergola\/#primaryimage"},"thumbnailUrl":"https:\/\/www.verandair.com\/wp-content\/uploads\/2019\/09\/veranda-retractable-fabrication.jpg","datePublished":"2022-03-02T08:00:22+00:00","dateModified":"2026-02-27T14:33:29+00:00","description":"Un entretien pour votre abri de terrasse ? C\u2019est important ! D\u00e9couvrez pourquoi et comment se d\u00e9roule un contr\u00f4le technique \u00e0 domicile.","breadcrumb":{"@id":"https:\/\/www.verandair.com\/fr\/controle-technique-entretien-veranda-pergola\/#breadcrumb"},"inLanguage":"fr-FR","potentialAction":[{"@type":"ReadAction","target":["https:\/\/www.verandair.com\/fr\/controle-technique-entretien-veranda-pergola\/"]}]},{"@type":"ImageObject","inLanguage":"fr-FR","@id":"https:\/\/www.verandair.com\/fr\/controle-technique-entretien-veranda-pergola\/#primaryimage","url":"https:\/\/www.verandair.com\/wp-content\/uploads\/2019\/09\/veranda-retractable-fabrication.jpg","contentUrl":"https:\/\/www.verandair.com\/wp-content\/uploads\/2019\/09\/veranda-retractable-fabrication.jpg","width":590,"height":390,"caption":"veranda-retractable-fabrication"},{"@type":"BreadcrumbList","@id":"https:\/\/www.verandair.com\/fr\/controle-technique-entretien-veranda-pergola\/#breadcrumb","itemListElement":[{"@type":"ListItem","position":1,"name":"Accueil","item":{"@type":"WebPage","@id":"https:\/\/www.verandair.com\/fr\/","name":"Accueil"}},{"@type":"ListItem","position":2,"name":"L\u2019entretien annuel de votre v\u00e9randa : pourquoi et comment ?"}]},{"@type":"WebSite","@id":"https:\/\/www.verandair.com\/fr\/#website","url":"https:\/\/www.verandair.com\/fr\/","name":"VERANDAIR\u00ae","description":"","publisher":{"@id":"https:\/\/www.verandair.com\/fr\/#organization"},"potentialAction":[{"@type":"SearchAction","target":{"@type":"EntryPoint","urlTemplate":"https:\/\/www.verandair.com\/fr\/?s={search_term_string}"},"query-input":{"@type":"PropertyValueSpecification","valueRequired":true,"valueName":"search_term_string"}}],"inLanguage":"fr-FR"},{"@type":"Organization","@id":"https:\/\/www.verandair.com\/fr\/#organization","name":"Verandair","url":"https:\/\/www.verandair.com\/fr\/","logo":{"@type":"ImageObject","inLanguage":"fr-FR","@id":"https:\/\/www.verandair.com\/fr\/#\/schema\/logo\/image\/","url":"https:\/\/www.verandair.com\/wp-content\/uploads\/2024\/06\/VERANDAIR-logo.png","contentUrl":"https:\/\/www.verandair.com\/wp-content\/uploads\/2024\/06\/VERANDAIR-logo.png","width":283,"height":127,"caption":"Verandair"},"image":{"@id":"https:\/\/www.verandair.com\/fr\/#\/schema\/logo\/image\/"}},{"@type":"Person","@id":"https:\/\/www.verandair.com\/fr\/#\/schema\/person\/016d0fc6890f3f46f3f12a80890bf4fa","name":"rami","image":{"@type":"ImageObject","inLanguage":"fr-FR","@id":"https:\/\/secure.gravatar.com\/avatar\/d3debc42751c1353e14f547fae32b6b47824cea3f3333f51b5c703c9f4b52936?s=96&d=mm&r=g","url":"https:\/\/secure.gravatar.com\/avatar\/d3debc42751c1353e14f547fae32b6b47824cea3f3333f51b5c703c9f4b52936?s=96&d=mm&r=g","contentUrl":"https:\/\/secure.gravatar.com\/avatar\/d3debc42751c1353e14f547fae32b6b47824cea3f3333f51b5c703c9f4b52936?s=96&d=mm&r=g","caption":"rami"}}]}},"_links":{"self":[{"href":"https:\/\/www.verandair.com\/fr\/wp-json\/wp\/v2\/posts\/30068","targetHints":{"allow":["GET"]}}],"collection":[{"href":"https:\/\/www.verandair.com\/fr\/wp-json\/wp\/v2\/posts"}],"about":[{"href":"https:\/\/www.verandair.com\/fr\/wp-json\/wp\/v2\/types\/post"}],"author":[{"embeddable":true,"href":"https:\/\/www.verandair.com\/fr\/wp-json\/wp\/v2\/users\/2"}],"replies":[{"embeddable":true,"href":"https:\/\/www.verandair.com\/fr\/wp-json\/wp\/v2\/comments?post=30068"}],"version-history":[{"count":5,"href":"https:\/\/www.verandair.com\/fr\/wp-json\/wp\/v2\/posts\/30068\/revisions"}],"predecessor-version":[{"id":74665,"href":"https:\/\/www.verandair.com\/fr\/wp-json\/wp\/v2\/posts\/30068\/revisions\/74665"}],"wp:featuredmedia":[{"embeddable":true,"href":"https:\/\/www.verandair.com\/fr\/wp-json\/wp\/v2\/media\/57096"}],"wp:attachment":[{"href":"https:\/\/www.verandair.com\/fr\/wp-json\/wp\/v2\/media?parent=30068"}],"wp:term":[{"taxonomy":"category","embeddable":true,"href":"https:\/\/www.verandair.com\/fr\/wp-json\/wp\/v2\/categories?post=30068"},{"taxonomy":"post_tag","embeddable":true,"href":"https:\/\/www.verandair.com\/fr\/wp-json\/wp\/v2\/tags?post=30068"}],"curies":[{"name":"wp","href":"https:\/\/api.w.org\/{rel}","templated":true}]}}