{"id":30516,"date":"2022-04-07T14:26:58","date_gmt":"2022-04-07T12:26:58","guid":{"rendered":"https:\/\/www.verandair.com\/?p=30516"},"modified":"2026-02-27T15:43:58","modified_gmt":"2026-02-27T14:43:58","slug":"profitez-barbecue-entre-amis-pergola","status":"publish","type":"post","link":"https:\/\/www.verandair.com\/fr\/profitez-barbecue-entre-amis-pergola\/","title":{"rendered":"Profitez de votre barbecue entre amis gr\u00e2ce \u00e0 une pergola"},"content":{"rendered":"<p>[et_pb_section fb_built=&#8221;1&#8243; admin_label=&#8221;section&#8221; _builder_version=&#8221;4.16&#8243; global_colors_info=&#8221;{}&#8221; theme_builder_area=&#8221;post_content&#8221;][et_pb_row admin_label=&#8221;row&#8221; _builder_version=&#8221;4.16&#8243; background_size=&#8221;initial&#8221; background_position=&#8221;top_left&#8221; background_repeat=&#8221;repeat&#8221; global_colors_info=&#8221;{}&#8221; theme_builder_area=&#8221;post_content&#8221;][et_pb_column type=&#8221;4_4&#8243; _builder_version=&#8221;4.16&#8243; custom_padding=&#8221;|||&#8221; global_colors_info=&#8221;{}&#8221; custom_padding__hover=&#8221;|||&#8221; theme_builder_area=&#8221;post_content&#8221;][et_pb_text _builder_version=&#8221;4.16&#8243; global_colors_info=&#8221;{}&#8221; theme_builder_area=&#8221;post_content&#8221;]<\/p>\n<p>Quoi de plus agr\u00e9able que de ressortir le barbecue \u00e0 la belle saison ? C&#8217;est l&#8217;occasion de pr\u00e9parer des plats aussi conviviaux que savoureux. Mais parfois la m\u00e9t\u00e9o peut se montrer capricieuse et d\u00e9caler vos projets de grillades. Une <a href=\"https:\/\/www.verandair.com\/fr\/pergolas\/la-pergola-bioclimatique\/\">pergola dans le jardin<\/a> ou sur votre terrasse est tr\u00e8s pratique pour \u00e9viter cet inconv\u00e9nient.<\/p>\n<h2>Pourquoi installer un barbecue sous une pergola\u00a0?<\/h2>\n<p>Cette installation est le compl\u00e9ment parfait pour rendre la cuisine au barbecue encore plus agr\u00e9able. Passons en revue ses diff\u00e9rents avantages.<\/p>\n<h3>Profiter d&#8217;une cuisine ext\u00e9rieure<\/h3>\n<p>Plac\u00e9e au-dessus du barbecue, la <a href=\"https:\/\/www.verandair.com\/fr\/pergolas\/\">pergola<\/a> vous permet de <strong>cr\u00e9er une v\u00e9ritable cuisine ext\u00e9rieure<\/strong>. Vous pouvez l&#8217;adosser \u00e0 la maison comme une tonnelle ou un auvent pour acc\u00e9der plus facilement \u00e0 l&#8217;espace grillade. La structure en aluminium ou en bois de la pergola constitue un <strong>abri contre les \u00e9l\u00e9ments tels que la pluie ou le vent<\/strong>. Vous pourrez donc vous faire un barbecue par presque tous les temps.<\/p>\n<p>En \u00e9t\u00e9, les pergolas <strong>apportent de l&#8217;ombre et permet de mieux supporter la chaleur<\/strong>. A la mi-saison, \u00e0 condition d&#8217;\u00eatre \u00e9quip\u00e9e d&#8217;une toile ou d&#8217;une b\u00e2che imperm\u00e9able, elles vous permettent de cuisiner au sec. Plac\u00e9 entre ses poteaux, <strong>le barbecue est mis en valeur et s&#8217;int\u00e8gre parfaitement \u00e0 votre jardin.<\/strong><\/p>\n<p>[\/et_pb_text][et_pb_button button_url=&#8221;https:\/\/www.verandair.com\/fr\/pergolas\/&#8221; button_text=&#8221;D\u00e9couvrez nos mod\u00e8les de pergolas&#8221; button_alignment=&#8221;center&#8221; _builder_version=&#8221;4.16&#8243; global_colors_info=&#8221;{}&#8221; theme_builder_area=&#8221;post_content&#8221;][\/et_pb_button][et_pb_text _builder_version=&#8221;4.16&#8243; global_colors_info=&#8221;{}&#8221; theme_builder_area=&#8221;post_content&#8221;]<\/p>\n<h3>Offrir une protection entre deux utilisations<\/h3>\n<p>Un barbecue, surtout s&#8217;il est de grande taille, peut \u00eatre compliqu\u00e9 \u00e0 d\u00e9placer et \u00e0 stocker entre deux utilisations. Vous devrez alors le recouvrir d&#8217;une b\u00e2che imperm\u00e9able peu esth\u00e9tique ou le d\u00e9placer \u00e0 l&#8217;abri. <strong>Avec une <\/strong><a href=\"https:\/\/www.verandair.com\/fr\/pergolas\/\"><strong>pergola<\/strong><\/a><strong>, vous pouvez laisser votre appareil en place entre deux utilisations<\/strong>. Il sera relativement prot\u00e9g\u00e9 des intemp\u00e9ries, notamment si votre pergola a un <a href=\"https:\/\/www.verandair.com\/fr\/pergolas\/pergola-toiture-fixe\/\">toit fixe<\/a> ou <a href=\"https:\/\/www.verandair.com\/fr\/pergolas\/la-pergola-bioclimatique\/\">bioclimatique<\/a> et des <a href=\"https:\/\/www.verandair.com\/fr\/veranda\/parois-coulissantes-verre\/\">parois en verre<\/a>. Et <strong>il le sera d\u2019autant plus si elle est adoss\u00e9e \u00e0 votre habitation<\/strong>.<\/p>\n<h3>Recevoir tout en profitant du jardin<\/h3>\n<p>La structure de la <a href=\"https:\/\/www.verandair.com\/fr\/pergolas\/\">pergola<\/a> vous permet de <strong>cr\u00e9er un espace pour recevoir tous vos amis et votre famille. <\/strong>C&#8217;est la solution parfaite si votre maison est trop petite pour accueillir tout le monde. Gr\u00e2ce \u00e0 son toit et ses <a href=\"https:\/\/www.verandair.com\/fr\/veranda\/parois-coulissantes-verre\/\">parois coulissantes en verre<\/a>, la pergola met tout le monde \u00e0 l&#8217;abri tout laissant admirer le jardin. A c\u00f4t\u00e9 du barbecue, vous pouvez <strong>installer un salon d&#8217;ext\u00e9rieur<\/strong> pour profiter un maximum des longues soir\u00e9es d&#8217;\u00e9t\u00e9 sur votre terrasse.<\/p>\n<p>Contrairement \u00e0 une tonnelle classique, la <a href=\"https:\/\/www.verandair.com\/fr\/pergolas\/\">pergola<\/a> est beaucoup plus moderne. En effet, les <strong>mat\u00e9riaux utilis\u00e9s se marient parfaitement \u00e0 toutes les habitations<\/strong>. Vos invit\u00e9s seront subjugu\u00e9s par votre nouvelle installation\u00a0!<\/p>\n<h2>Choisir la pergola la plus adapt\u00e9e<\/h2>\n<p>Pour la protection de votre appareil, vous avez le choix entre plusieurs types de pergolas\u00a0: <a href=\"https:\/\/www.verandair.com\/fr\/pergolas\/pergola-toiture-fixe\/\">fixes<\/a>, <a href=\"https:\/\/www.verandair.com\/fr\/pergolas\/la-pergola-bioclimatique\/\">bioclimatiques<\/a>, avec toile, en acier, en bois, en aluminium, etc. Nous allons voir les diff\u00e9rents crit\u00e8res \u00e0 prendre en compte pour faire votre choix.<\/p>\n<h3>Les diff\u00e9rents types<\/h3>\n<p>Il existe deux types de pergolas diff\u00e9rents\u00a0: celles \u00e0 <a href=\"https:\/\/www.verandair.com\/fr\/pergolas\/pergola-toiture-fixe\/\">toit fixe<\/a> et celles \u00e0 <a href=\"https:\/\/www.verandair.com\/fr\/pergolas\/la-pergola-bioclimatique\/\">toit bioclimatique<\/a>.<\/p>\n<p>Les premi\u00e8res ont une toiture en verre ou en polycarbonate translucide. Celle-ci permet de <strong>laisser passer la lumi\u00e8re de fa\u00e7on agr\u00e9able<\/strong>. <strong>Elles sont \u00e9volutives<\/strong> et il est donc possible d\u2019y ajouter des stores, des toiles, des rideaux ou encore des <a href=\"https:\/\/www.verandair.com\/fr\/veranda\/parois-coulissantes-verre\/\">parois lat\u00e9rales en verre<\/a> <strong>afin de cr\u00e9er une fermeture<\/strong>.<\/p>\n<p>A l&#8217;inverse, les <a href=\"https:\/\/www.verandair.com\/fr\/pergolas\/la-pergola-bioclimatique\/\">pergolas bioclimatiques<\/a> pr\u00e9sentent un toit avec des lames orientables. <strong>Leur degr\u00e9 d&#8217;ouverture peut \u00eatre contr\u00f4l\u00e9 par t\u00e9l\u00e9commande.<\/strong> Tr\u00e8s esth\u00e9tiques et modernes, elles ont n\u00e9anmoins l\u2019inconv\u00e9nient de cr\u00e9er beaucoup d\u2019ombrage.<\/p>\n<p>[\/et_pb_text][et_pb_button button_url=&#8221;https:\/\/www.verandair.com\/fr\/pergolas\/pergola-toiture-fixe\/&#8221; button_text=&#8221;Les pergolas \u00e0 toit fixe VERANDAIR\u00ae&#8221; button_alignment=&#8221;center&#8221; _builder_version=&#8221;4.16&#8243; global_colors_info=&#8221;{}&#8221; theme_builder_area=&#8221;post_content&#8221;][\/et_pb_button][et_pb_text _builder_version=&#8221;4.16&#8243; global_colors_info=&#8221;{}&#8221; theme_builder_area=&#8221;post_content&#8221;]<\/p>\n<h3>Adoss\u00e9e ou non \u00e0 votre habitation<\/h3>\n<p>Il est possible d\u2019installer une <a href=\"https:\/\/www.verandair.com\/fr\/pergolas\/\">pergola<\/a> dans votre jardin ou bien sur votre terrasse. Dans le premier cas, elle sera compos\u00e9e de <strong>quatre poteaux fix\u00e9s dans une base en b\u00e9ton arm\u00e9 afin de bien soutenir la structure<\/strong>. Dans le second cas, seuls deux poteaux seront n\u00e9cessaires pour <strong>garantir la solidit\u00e9 de la pergola.<\/strong><\/p>\n<p>Afin de choisir entre ces deux options, vous devez vous poser plusieurs questions\u00a0:<\/p>\n<ul>\n<li>Votre terrain est-il en pente\u00a0? Si oui, une structure adoss\u00e9e sur votre terrasse est recommand\u00e9e\u00a0;<\/li>\n<li>De quelle surface b\u00e9n\u00e9ficiez-vous\u00a0?<\/li>\n<li>Quels sont besoins\u00a0? Recevoir des amis \u2013 prot\u00e9ger votre barbecue \u2013 cr\u00e9er un coin lecture ombrag\u00e9\u00a0?<\/li>\n<\/ul>\n<h3>Les mat\u00e9riaux<\/h3>\n<p>Vous avez g\u00e9n\u00e9ralement le choix entre une structure en bois, en acier, en aluminium ou en pvc, contrairement \u00e0 la tonnelle ou le auvent qui sont g\u00e9n\u00e9ralement en plastique.<\/p>\n<p>Chacune pr\u00e9sente des avantages et des inconv\u00e9nients\u00a0:<\/p>\n<ul>\n<li>Le <strong>bois<\/strong> apporte un <strong>aspect chaleureux \u00e0 la <\/strong><a href=\"https:\/\/www.verandair.com\/fr\/pergolas\/\"><strong>pergola<\/strong><\/a>. Ses poteaux s&#8217;int\u00e8grent bien dans un jardin ou sur une terrasse gr\u00e2ce \u00e0 leur c\u00f4t\u00e9 naturel. En revanche, il n\u00e9cessite <strong>l&#8217;utilisation r\u00e9guli\u00e8re d&#8217;un produit d&#8217;entretien.<\/strong><\/li>\n<li>L&#8217;<strong>acier<\/strong> est <strong>solide et r\u00e9sistant<\/strong>. Il est surtout utilis\u00e9 pour les tonnelles fixes. Il est souvent accompagn\u00e9 d&#8217;une toile imperm\u00e9able ou d&#8217;une b\u00e2che en guise de toit.<\/li>\n<li>L&#8217;<strong>aluminium<\/strong> est un mat\u00e9riau \u00e0 la fois <strong>l\u00e9ger et r\u00e9sistant<\/strong>. Il apporte un aspect contemporain et design aux habitations. Il <strong>ne<\/strong> <strong>demande aucun produit d&#8217;entretien<\/strong>. Les <a href=\"https:\/\/www.verandair.com\/fr\/pergolas\/\">pergolas<\/a> en aluminium donnent une touche moderne \u00e0 la maison.<\/li>\n<li>Le <strong>PVC<\/strong> est <strong>l\u00e9ger et \u00e9conomique<\/strong>. Il s&#8217;entretient tr\u00e8s facilement, mais n&#8217;est pas toujours tr\u00e8s esth\u00e9tique. <strong>Il a tendance \u00e0 jaunir avec le temps<\/strong>. De plus, le PVC est sensible \u00e0 la chaleur.<\/li>\n<\/ul>\n<p>[\/et_pb_text][et_pb_button button_url=&#8221;https:\/\/www.verandair.com\/fr\/contact\/&#8221; button_text=&#8221;Discutons ensemble de votre projet&#8221; button_alignment=&#8221;center&#8221; _builder_version=&#8221;4.16&#8243; global_colors_info=&#8221;{}&#8221; theme_builder_area=&#8221;post_content&#8221;][\/et_pb_button][et_pb_text _builder_version=&#8221;4.16&#8243; global_colors_info=&#8221;{}&#8221; theme_builder_area=&#8221;post_content&#8221;]<\/p>\n<h3>Les pr\u00e9cautions \u00e0 prendre avant d&#8217;installer un barbecue sous une pergola<\/h3>\n<p>Les dimensions de votre <a href=\"https:\/\/www.verandair.com\/fr\/pergolas\/\">pergola<\/a> doivent \u00eatre adapt\u00e9es \u00e0 celles du barbecue. Vous devez pouvoir circuler librement sous la structure. Au niveau de la hauteur, nous vous recommandons qu\u2019elle soit <strong>au minimum de 2,20 m<\/strong> pour faciliter l&#8217;\u00e9vacuation de la fum\u00e9e.<\/p>\n<p>Vous devez aussi \u00eatre attentif au toit de la pergola. Avec une <a href=\"https:\/\/www.verandair.com\/fr\/pergolas\/pergola-toiture-fixe\/\">toiture compl\u00e9tement ferm\u00e9e<\/a> en polycarbonate ou en toile, les fum\u00e9es s&#8217;\u00e9vacueront plus difficilement. Mieux vaut s\u00e9lectionner un <a href=\"https:\/\/www.verandair.com\/fr\/pergolas\/la-pergola-bioclimatique\/\">toit avec des lames<\/a> ou une b\u00e2che \u00e0 retirer quand vous lancez le barbecue.<\/p>\n<p>L&#8217;abri o\u00f9 est plac\u00e9 le barbecue doit \u00eatre bien a\u00e9r\u00e9. \u00c9vitez les pergolas ferm\u00e9es ou choisissez des <a href=\"https:\/\/www.verandair.com\/fr\/veranda\/parois-coulissantes-verre\/\">parois coulissantes en verre<\/a> que vous laisserez ouvertes pendant la cuisson. Ne placez pas le barbecue trop pr\u00e8s de la structure si elle est en PVC.<\/p>\n<p>[\/et_pb_text][\/et_pb_column][\/et_pb_row][\/et_pb_section][et_pb_section fb_built=&#8221;1&#8243; _builder_version=&#8221;4.27.5&#8243; _module_preset=&#8221;a37cb46d-a9cb-4f77-bbbd-8966bde7aff0&#8243; saved_tabs=&#8221;all&#8221; locked=&#8221;off&#8221; global_colors_info=&#8221;{}&#8221; global_module=&#8221;74566&#8243; theme_builder_area=&#8221;post_content&#8221;][et_pb_row _builder_version=&#8221;4.27.5&#8243; _module_preset=&#8221;default&#8221; width=&#8221;100%&#8221; max_width=&#8221;100%&#8221; custom_padding=&#8221;0px|20px||20px|false|true&#8221; global_colors_info=&#8221;{}&#8221; theme_builder_area=&#8221;post_content&#8221;][et_pb_column type=&#8221;4_4&#8243; _builder_version=&#8221;4.23.4&#8243; _module_preset=&#8221;default&#8221; custom_padding=&#8221;50px||||false|false&#8221; global_colors_info=&#8221;{}&#8221; theme_builder_area=&#8221;post_content&#8221;][et_pb_image src=&#8221;https:\/\/www.verandair.com\/wp-content\/uploads\/2026\/02\/VERAN-brochure-A4-2026.webp&#8221; alt=&#8221;Brochure 2026 Verandair&#8221; title_text=&#8221;VERAN-brochure-A4-2026&#8243; align=&#8221;center&#8221; _builder_version=&#8221;4.27.5&#8243; _module_preset=&#8221;default&#8221; max_width=&#8221;300px&#8221; max_width_last_edited=&#8221;off|desktop&#8221; custom_margin=&#8221;0px||0px||false|false&#8221; scroll_vertical_motion_enable=&#8221;on&#8221; scroll_vertical_motion=&#8221;0|40|40|100|-0.5|0|0&#8243; scroll_fade_enable=&#8221;on&#8221; scroll_fade=&#8221;0|40|40|100|0|100|100&#8243; global_colors_info=&#8221;{}&#8221; theme_builder_area=&#8221;post_content&#8221;][\/et_pb_image][et_pb_text _builder_version=&#8221;4.27.5&#8243; _module_preset=&#8221;default&#8221; header_2_font_size=&#8221;32px&#8221; text_orientation=&#8221;center&#8221; custom_margin=&#8221;||15px||false|false&#8221; global_colors_info=&#8221;{%22gcid-4f3ca7d5-152d-4540-91b1-cc24563bf794%22:%91%22text_text_shadow_color%22%93}&#8221; theme_builder_area=&#8221;post_content&#8221;]<\/p>\n<h2><strong>Envie d&#8217;en savoir plus<\/strong> avant de vous d\u00e9cider ?<br \/><span data-metadata=\"&lt;!--(figmeta)eyJmaWxlS2V5IjoiNDJrcExzUGY2N0VsN0FkMldFdElreCIsInBhc3RlSUQiOjI4MTE1MTAxNSwiZGF0YVR5cGUiOiJzY2VuZSJ9Cg==(\/figmeta)--&gt;\"><\/span><\/h2>\n<p>[\/et_pb_text][et_pb_divider show_divider=&#8221;off&#8221; _builder_version=&#8221;4.27.5&#8243; _module_preset=&#8221;2adabd0f-cb12-404f-9aa7-a3088280e564&#8243; module_alignment=&#8221;center&#8221; global_colors_info=&#8221;{}&#8221; theme_builder_area=&#8221;post_content&#8221;][\/et_pb_divider][et_pb_text _builder_version=&#8221;4.27.5&#8243; _module_preset=&#8221;default&#8221; text_orientation=&#8221;center&#8221; custom_margin=&#8221;||50px||false|false&#8221; global_colors_info=&#8221;{%22gcid-4f3ca7d5-152d-4540-91b1-cc24563bf794%22:%91%22text_text_shadow_color%22%93}&#8221; theme_builder_area=&#8221;post_content&#8221;]<\/p>\n<p><span><strong>T\u00e9l\u00e9chargez la nouvelle brochure 2026<\/strong>\u00a0et d\u00e9couvrez notre <strong>gamme compl\u00e8te de produits<\/strong> pour profiter de votre vie en plein air toute l&#8217;ann\u00e9e.<\/span><\/p>\n<p>[\/et_pb_text][et_pb_button button_url=&#8221;https:\/\/info.verandair.com\/brochure-2026\/&#8221; url_new_window=&#8221;on&#8221; button_text=&#8221;Je t\u00e9l\u00e9charge ma brochure&#8221; button_alignment=&#8221;center&#8221; _builder_version=&#8221;4.27.5&#8243; _module_preset=&#8221;ae8d3791-01a2-4c4b-b221-c3f14f812284&#8243; global_colors_info=&#8221;{}&#8221; theme_builder_area=&#8221;post_content&#8221;][\/et_pb_button][\/et_pb_column][\/et_pb_row][\/et_pb_section]<\/p>\n","protected":false},"excerpt":{"rendered":"<p>Qui dit printemps et \u00e9t\u00e9 dit barbecue ! En installant une pergola sur votre terrasse, vous profitez de repas entre amis, sans vous soucier des averses passag\u00e8res.<\/p>\n","protected":false},"author":7,"featured_media":30523,"comment_status":"closed","ping_status":"closed","sticky":false,"template":"","format":"standard","meta":{"_acf_changed":false,"_et_pb_use_builder":"on","_et_pb_old_content":"","_et_gb_content_width":"","inline_featured_image":false,"footnotes":""},"categories":[33],"tags":[],"class_list":["post-30516","post","type-post","status-publish","format-standard","has-post-thumbnail","hentry","category-pergolas"],"acf":[],"yoast_head":"<!-- This site is optimized with the Yoast SEO plugin v27.5 - https:\/\/yoast.com\/product\/yoast-seo-wordpress\/ -->\n<title>Une pergola pour profiter de votre barbecue entre amis | VERANDAIR\u00ae<\/title>\n<meta name=\"description\" content=\"La cuisine au barbecue est un incontournable de la belle saison. Pour cuisiner \u00e0 l&#039;abri, investir dans une pergola est souvent la meilleure solution.\" \/>\n<meta name=\"robots\" content=\"index, follow, max-snippet:-1, max-image-preview:large, max-video-preview:-1\" \/>\n<link rel=\"canonical\" href=\"https:\/\/www.verandair.com\/fr\/profitez-barbecue-entre-amis-pergola\/\" \/>\n<meta property=\"og:locale\" content=\"fr_FR\" \/>\n<meta property=\"og:type\" content=\"article\" \/>\n<meta property=\"og:title\" content=\"Une pergola pour profiter de votre barbecue entre amis | VERANDAIR\u00ae\" \/>\n<meta property=\"og:description\" content=\"La cuisine au barbecue est un incontournable de la belle saison. Pour cuisiner \u00e0 l&#039;abri, investir dans une pergola est souvent la meilleure solution.\" \/>\n<meta property=\"og:url\" content=\"https:\/\/www.verandair.com\/fr\/profitez-barbecue-entre-amis-pergola\/\" \/>\n<meta property=\"og:site_name\" content=\"VERANDAIR\u00ae\" \/>\n<meta property=\"article:published_time\" content=\"2022-04-07T12:26:58+00:00\" \/>\n<meta property=\"article:modified_time\" content=\"2026-02-27T14:43:58+00:00\" \/>\n<meta property=\"og:image\" content=\"https:\/\/www.verandair.com\/wp-content\/uploads\/2022\/04\/pexels-askar-abayev-5637689.jpg\" \/>\n\t<meta property=\"og:image:width\" content=\"1920\" \/>\n\t<meta property=\"og:image:height\" content=\"1280\" \/>\n\t<meta property=\"og:image:type\" content=\"image\/jpeg\" \/>\n<meta name=\"author\" content=\"Mathilde\" \/>\n<meta name=\"twitter:card\" content=\"summary_large_image\" \/>\n<meta name=\"twitter:label1\" content=\"\u00c9crit par\" \/>\n\t<meta name=\"twitter:data1\" content=\"Mathilde\" \/>\n\t<meta name=\"twitter:label2\" content=\"Dur\u00e9e de lecture estim\u00e9e\" \/>\n\t<meta name=\"twitter:data2\" content=\"6 minutes\" \/>\n<script type=\"application\/ld+json\" class=\"yoast-schema-graph\">{\"@context\":\"https:\\\/\\\/schema.org\",\"@graph\":[{\"@type\":\"Article\",\"@id\":\"https:\\\/\\\/www.verandair.com\\\/fr\\\/profitez-barbecue-entre-amis-pergola\\\/#article\",\"isPartOf\":{\"@id\":\"https:\\\/\\\/www.verandair.com\\\/fr\\\/profitez-barbecue-entre-amis-pergola\\\/\"},\"author\":{\"name\":\"Mathilde\",\"@id\":\"https:\\\/\\\/www.verandair.com\\\/fr\\\/#\\\/schema\\\/person\\\/3a5c69caeff8e8cf38b8648c6ed68a7a\"},\"headline\":\"Profitez de votre barbecue entre amis gr\u00e2ce \u00e0 une pergola\",\"datePublished\":\"2022-04-07T12:26:58+00:00\",\"dateModified\":\"2026-02-27T14:43:58+00:00\",\"mainEntityOfPage\":{\"@id\":\"https:\\\/\\\/www.verandair.com\\\/fr\\\/profitez-barbecue-entre-amis-pergola\\\/\"},\"wordCount\":1689,\"publisher\":{\"@id\":\"https:\\\/\\\/www.verandair.com\\\/fr\\\/#organization\"},\"image\":{\"@id\":\"https:\\\/\\\/www.verandair.com\\\/fr\\\/profitez-barbecue-entre-amis-pergola\\\/#primaryimage\"},\"thumbnailUrl\":\"https:\\\/\\\/www.verandair.com\\\/wp-content\\\/uploads\\\/2022\\\/04\\\/pexels-askar-abayev-5637689.jpg\",\"articleSection\":[\"Pergolas\"],\"inLanguage\":\"fr-FR\"},{\"@type\":\"WebPage\",\"@id\":\"https:\\\/\\\/www.verandair.com\\\/fr\\\/profitez-barbecue-entre-amis-pergola\\\/\",\"url\":\"https:\\\/\\\/www.verandair.com\\\/fr\\\/profitez-barbecue-entre-amis-pergola\\\/\",\"name\":\"Une pergola pour profiter de votre barbecue entre amis | VERANDAIR\u00ae\",\"isPartOf\":{\"@id\":\"https:\\\/\\\/www.verandair.com\\\/fr\\\/#website\"},\"primaryImageOfPage\":{\"@id\":\"https:\\\/\\\/www.verandair.com\\\/fr\\\/profitez-barbecue-entre-amis-pergola\\\/#primaryimage\"},\"image\":{\"@id\":\"https:\\\/\\\/www.verandair.com\\\/fr\\\/profitez-barbecue-entre-amis-pergola\\\/#primaryimage\"},\"thumbnailUrl\":\"https:\\\/\\\/www.verandair.com\\\/wp-content\\\/uploads\\\/2022\\\/04\\\/pexels-askar-abayev-5637689.jpg\",\"datePublished\":\"2022-04-07T12:26:58+00:00\",\"dateModified\":\"2026-02-27T14:43:58+00:00\",\"description\":\"La cuisine au barbecue est un incontournable de la belle saison. Pour cuisiner \u00e0 l'abri, investir dans une pergola est souvent la meilleure solution.\",\"breadcrumb\":{\"@id\":\"https:\\\/\\\/www.verandair.com\\\/fr\\\/profitez-barbecue-entre-amis-pergola\\\/#breadcrumb\"},\"inLanguage\":\"fr-FR\",\"potentialAction\":[{\"@type\":\"ReadAction\",\"target\":[\"https:\\\/\\\/www.verandair.com\\\/fr\\\/profitez-barbecue-entre-amis-pergola\\\/\"]}]},{\"@type\":\"ImageObject\",\"inLanguage\":\"fr-FR\",\"@id\":\"https:\\\/\\\/www.verandair.com\\\/fr\\\/profitez-barbecue-entre-amis-pergola\\\/#primaryimage\",\"url\":\"https:\\\/\\\/www.verandair.com\\\/wp-content\\\/uploads\\\/2022\\\/04\\\/pexels-askar-abayev-5637689.jpg\",\"contentUrl\":\"https:\\\/\\\/www.verandair.com\\\/wp-content\\\/uploads\\\/2022\\\/04\\\/pexels-askar-abayev-5637689.jpg\",\"width\":1920,\"height\":1280,\"caption\":\"barbecue entre amis, \u00e0 l'abri gr\u00e2ce \u00e0 une pergola\"},{\"@type\":\"BreadcrumbList\",\"@id\":\"https:\\\/\\\/www.verandair.com\\\/fr\\\/profitez-barbecue-entre-amis-pergola\\\/#breadcrumb\",\"itemListElement\":[{\"@type\":\"ListItem\",\"position\":1,\"name\":\"Accueil\",\"item\":{\"@type\":\"WebPage\",\"@id\":\"https:\\\/\\\/www.verandair.com\\\/fr\\\/\",\"name\":\"Accueil\"}},{\"@type\":\"ListItem\",\"position\":2,\"name\":\"Profitez de votre barbecue entre amis gr\u00e2ce \u00e0 une pergola\"}]},{\"@type\":\"WebSite\",\"@id\":\"https:\\\/\\\/www.verandair.com\\\/fr\\\/#website\",\"url\":\"https:\\\/\\\/www.verandair.com\\\/fr\\\/\",\"name\":\"VERANDAIR\u00ae\",\"description\":\"\",\"publisher\":{\"@id\":\"https:\\\/\\\/www.verandair.com\\\/fr\\\/#organization\"},\"potentialAction\":[{\"@type\":\"SearchAction\",\"target\":{\"@type\":\"EntryPoint\",\"urlTemplate\":\"https:\\\/\\\/www.verandair.com\\\/fr\\\/?s={search_term_string}\"},\"query-input\":{\"@type\":\"PropertyValueSpecification\",\"valueRequired\":true,\"valueName\":\"search_term_string\"}}],\"inLanguage\":\"fr-FR\"},{\"@type\":\"Organization\",\"@id\":\"https:\\\/\\\/www.verandair.com\\\/fr\\\/#organization\",\"name\":\"Verandair\",\"url\":\"https:\\\/\\\/www.verandair.com\\\/fr\\\/\",\"logo\":{\"@type\":\"ImageObject\",\"inLanguage\":\"fr-FR\",\"@id\":\"https:\\\/\\\/www.verandair.com\\\/fr\\\/#\\\/schema\\\/logo\\\/image\\\/\",\"url\":\"https:\\\/\\\/www.verandair.com\\\/wp-content\\\/uploads\\\/2024\\\/06\\\/VERANDAIR-logo.png\",\"contentUrl\":\"https:\\\/\\\/www.verandair.com\\\/wp-content\\\/uploads\\\/2024\\\/06\\\/VERANDAIR-logo.png\",\"width\":283,\"height\":127,\"caption\":\"Verandair\"},\"image\":{\"@id\":\"https:\\\/\\\/www.verandair.com\\\/fr\\\/#\\\/schema\\\/logo\\\/image\\\/\"}},{\"@type\":\"Person\",\"@id\":\"https:\\\/\\\/www.verandair.com\\\/fr\\\/#\\\/schema\\\/person\\\/3a5c69caeff8e8cf38b8648c6ed68a7a\",\"name\":\"Mathilde\",\"image\":{\"@type\":\"ImageObject\",\"inLanguage\":\"fr-FR\",\"@id\":\"https:\\\/\\\/secure.gravatar.com\\\/avatar\\\/60cdeb61797badacb2caeeb7abb512c9068be1f7f1e4a57746a5baaaf599e2bf?s=96&d=mm&r=g\",\"url\":\"https:\\\/\\\/secure.gravatar.com\\\/avatar\\\/60cdeb61797badacb2caeeb7abb512c9068be1f7f1e4a57746a5baaaf599e2bf?s=96&d=mm&r=g\",\"contentUrl\":\"https:\\\/\\\/secure.gravatar.com\\\/avatar\\\/60cdeb61797badacb2caeeb7abb512c9068be1f7f1e4a57746a5baaaf599e2bf?s=96&d=mm&r=g\",\"caption\":\"Mathilde\"}}]}<\/script>\n<!-- \/ Yoast SEO plugin. -->","yoast_head_json":{"title":"Une pergola pour profiter de votre barbecue entre amis | VERANDAIR\u00ae","description":"La cuisine au barbecue est un incontournable de la belle saison. Pour cuisiner \u00e0 l'abri, investir dans une pergola est souvent la meilleure solution.","robots":{"index":"index","follow":"follow","max-snippet":"max-snippet:-1","max-image-preview":"max-image-preview:large","max-video-preview":"max-video-preview:-1"},"canonical":"https:\/\/www.verandair.com\/fr\/profitez-barbecue-entre-amis-pergola\/","og_locale":"fr_FR","og_type":"article","og_title":"Une pergola pour profiter de votre barbecue entre amis | VERANDAIR\u00ae","og_description":"La cuisine au barbecue est un incontournable de la belle saison. Pour cuisiner \u00e0 l'abri, investir dans une pergola est souvent la meilleure solution.","og_url":"https:\/\/www.verandair.com\/fr\/profitez-barbecue-entre-amis-pergola\/","og_site_name":"VERANDAIR\u00ae","article_published_time":"2022-04-07T12:26:58+00:00","article_modified_time":"2026-02-27T14:43:58+00:00","og_image":[{"width":1920,"height":1280,"url":"https:\/\/www.verandair.com\/wp-content\/uploads\/2022\/04\/pexels-askar-abayev-5637689.jpg","type":"image\/jpeg"}],"author":"Mathilde","twitter_card":"summary_large_image","twitter_misc":{"\u00c9crit par":"Mathilde","Dur\u00e9e de lecture estim\u00e9e":"6 minutes"},"schema":{"@context":"https:\/\/schema.org","@graph":[{"@type":"Article","@id":"https:\/\/www.verandair.com\/fr\/profitez-barbecue-entre-amis-pergola\/#article","isPartOf":{"@id":"https:\/\/www.verandair.com\/fr\/profitez-barbecue-entre-amis-pergola\/"},"author":{"name":"Mathilde","@id":"https:\/\/www.verandair.com\/fr\/#\/schema\/person\/3a5c69caeff8e8cf38b8648c6ed68a7a"},"headline":"Profitez de votre barbecue entre amis gr\u00e2ce \u00e0 une pergola","datePublished":"2022-04-07T12:26:58+00:00","dateModified":"2026-02-27T14:43:58+00:00","mainEntityOfPage":{"@id":"https:\/\/www.verandair.com\/fr\/profitez-barbecue-entre-amis-pergola\/"},"wordCount":1689,"publisher":{"@id":"https:\/\/www.verandair.com\/fr\/#organization"},"image":{"@id":"https:\/\/www.verandair.com\/fr\/profitez-barbecue-entre-amis-pergola\/#primaryimage"},"thumbnailUrl":"https:\/\/www.verandair.com\/wp-content\/uploads\/2022\/04\/pexels-askar-abayev-5637689.jpg","articleSection":["Pergolas"],"inLanguage":"fr-FR"},{"@type":"WebPage","@id":"https:\/\/www.verandair.com\/fr\/profitez-barbecue-entre-amis-pergola\/","url":"https:\/\/www.verandair.com\/fr\/profitez-barbecue-entre-amis-pergola\/","name":"Une pergola pour profiter de votre barbecue entre amis | VERANDAIR\u00ae","isPartOf":{"@id":"https:\/\/www.verandair.com\/fr\/#website"},"primaryImageOfPage":{"@id":"https:\/\/www.verandair.com\/fr\/profitez-barbecue-entre-amis-pergola\/#primaryimage"},"image":{"@id":"https:\/\/www.verandair.com\/fr\/profitez-barbecue-entre-amis-pergola\/#primaryimage"},"thumbnailUrl":"https:\/\/www.verandair.com\/wp-content\/uploads\/2022\/04\/pexels-askar-abayev-5637689.jpg","datePublished":"2022-04-07T12:26:58+00:00","dateModified":"2026-02-27T14:43:58+00:00","description":"La cuisine au barbecue est un incontournable de la belle saison. Pour cuisiner \u00e0 l'abri, investir dans une pergola est souvent la meilleure solution.","breadcrumb":{"@id":"https:\/\/www.verandair.com\/fr\/profitez-barbecue-entre-amis-pergola\/#breadcrumb"},"inLanguage":"fr-FR","potentialAction":[{"@type":"ReadAction","target":["https:\/\/www.verandair.com\/fr\/profitez-barbecue-entre-amis-pergola\/"]}]},{"@type":"ImageObject","inLanguage":"fr-FR","@id":"https:\/\/www.verandair.com\/fr\/profitez-barbecue-entre-amis-pergola\/#primaryimage","url":"https:\/\/www.verandair.com\/wp-content\/uploads\/2022\/04\/pexels-askar-abayev-5637689.jpg","contentUrl":"https:\/\/www.verandair.com\/wp-content\/uploads\/2022\/04\/pexels-askar-abayev-5637689.jpg","width":1920,"height":1280,"caption":"barbecue entre amis, \u00e0 l'abri gr\u00e2ce \u00e0 une pergola"},{"@type":"BreadcrumbList","@id":"https:\/\/www.verandair.com\/fr\/profitez-barbecue-entre-amis-pergola\/#breadcrumb","itemListElement":[{"@type":"ListItem","position":1,"name":"Accueil","item":{"@type":"WebPage","@id":"https:\/\/www.verandair.com\/fr\/","name":"Accueil"}},{"@type":"ListItem","position":2,"name":"Profitez de votre barbecue entre amis gr\u00e2ce \u00e0 une pergola"}]},{"@type":"WebSite","@id":"https:\/\/www.verandair.com\/fr\/#website","url":"https:\/\/www.verandair.com\/fr\/","name":"VERANDAIR\u00ae","description":"","publisher":{"@id":"https:\/\/www.verandair.com\/fr\/#organization"},"potentialAction":[{"@type":"SearchAction","target":{"@type":"EntryPoint","urlTemplate":"https:\/\/www.verandair.com\/fr\/?s={search_term_string}"},"query-input":{"@type":"PropertyValueSpecification","valueRequired":true,"valueName":"search_term_string"}}],"inLanguage":"fr-FR"},{"@type":"Organization","@id":"https:\/\/www.verandair.com\/fr\/#organization","name":"Verandair","url":"https:\/\/www.verandair.com\/fr\/","logo":{"@type":"ImageObject","inLanguage":"fr-FR","@id":"https:\/\/www.verandair.com\/fr\/#\/schema\/logo\/image\/","url":"https:\/\/www.verandair.com\/wp-content\/uploads\/2024\/06\/VERANDAIR-logo.png","contentUrl":"https:\/\/www.verandair.com\/wp-content\/uploads\/2024\/06\/VERANDAIR-logo.png","width":283,"height":127,"caption":"Verandair"},"image":{"@id":"https:\/\/www.verandair.com\/fr\/#\/schema\/logo\/image\/"}},{"@type":"Person","@id":"https:\/\/www.verandair.com\/fr\/#\/schema\/person\/3a5c69caeff8e8cf38b8648c6ed68a7a","name":"Mathilde","image":{"@type":"ImageObject","inLanguage":"fr-FR","@id":"https:\/\/secure.gravatar.com\/avatar\/60cdeb61797badacb2caeeb7abb512c9068be1f7f1e4a57746a5baaaf599e2bf?s=96&d=mm&r=g","url":"https:\/\/secure.gravatar.com\/avatar\/60cdeb61797badacb2caeeb7abb512c9068be1f7f1e4a57746a5baaaf599e2bf?s=96&d=mm&r=g","contentUrl":"https:\/\/secure.gravatar.com\/avatar\/60cdeb61797badacb2caeeb7abb512c9068be1f7f1e4a57746a5baaaf599e2bf?s=96&d=mm&r=g","caption":"Mathilde"}}]}},"_links":{"self":[{"href":"https:\/\/www.verandair.com\/fr\/wp-json\/wp\/v2\/posts\/30516","targetHints":{"allow":["GET"]}}],"collection":[{"href":"https:\/\/www.verandair.com\/fr\/wp-json\/wp\/v2\/posts"}],"about":[{"href":"https:\/\/www.verandair.com\/fr\/wp-json\/wp\/v2\/types\/post"}],"author":[{"embeddable":true,"href":"https:\/\/www.verandair.com\/fr\/wp-json\/wp\/v2\/users\/7"}],"replies":[{"embeddable":true,"href":"https:\/\/www.verandair.com\/fr\/wp-json\/wp\/v2\/comments?post=30516"}],"version-history":[{"count":3,"href":"https:\/\/www.verandair.com\/fr\/wp-json\/wp\/v2\/posts\/30516\/revisions"}],"predecessor-version":[{"id":74704,"href":"https:\/\/www.verandair.com\/fr\/wp-json\/wp\/v2\/posts\/30516\/revisions\/74704"}],"wp:featuredmedia":[{"embeddable":true,"href":"https:\/\/www.verandair.com\/fr\/wp-json\/wp\/v2\/media\/30523"}],"wp:attachment":[{"href":"https:\/\/www.verandair.com\/fr\/wp-json\/wp\/v2\/media?parent=30516"}],"wp:term":[{"taxonomy":"category","embeddable":true,"href":"https:\/\/www.verandair.com\/fr\/wp-json\/wp\/v2\/categories?post=30516"},{"taxonomy":"post_tag","embeddable":true,"href":"https:\/\/www.verandair.com\/fr\/wp-json\/wp\/v2\/tags?post=30516"}],"curies":[{"name":"wp","href":"https:\/\/api.w.org\/{rel}","templated":true}]}}