{"id":30533,"date":"2023-04-14T10:20:27","date_gmt":"2023-04-14T08:20:27","guid":{"rendered":"https:\/\/www.verandair.com\/?p=30533"},"modified":"2024-04-02T11:51:39","modified_gmt":"2024-04-02T09:51:39","slug":"installer-pergola-terrasse-appartement","status":"publish","type":"post","link":"https:\/\/www.verandair.com\/fr\/installer-pergola-terrasse-appartement\/","title":{"rendered":"Installer une pergola en appartement : une bonne id\u00e9e?"},"content":{"rendered":"<p>[et_pb_section fb_built=&#8221;1&#8243; admin_label=&#8221;section&#8221; _builder_version=&#8221;4.16&#8243; global_colors_info=&#8221;{}&#8221; theme_builder_area=&#8221;post_content&#8221;][et_pb_row admin_label=&#8221;row&#8221; _builder_version=&#8221;4.16&#8243; background_size=&#8221;initial&#8221; background_position=&#8221;top_left&#8221; background_repeat=&#8221;repeat&#8221; global_colors_info=&#8221;{}&#8221; theme_builder_area=&#8221;post_content&#8221;][et_pb_column type=&#8221;4_4&#8243; _builder_version=&#8221;4.16&#8243; custom_padding=&#8221;|||&#8221; global_colors_info=&#8221;{}&#8221; custom_padding__hover=&#8221;|||&#8221; theme_builder_area=&#8221;post_content&#8221;][et_pb_text _builder_version=&#8221;4.24.2&#8243; global_colors_info=&#8221;{}&#8221; theme_builder_area=&#8221;post_content&#8221;]<\/p>\n<p>Vous r\u00eavez de profiter de votre ext\u00e9rieur par tous les temps, m\u00eame en appartement\u00a0? Si vous disposez d\u2019une terrasse ou d\u2019un rez-de-jardin, alors tout est possible\u00a0! Votre appartement peut s\u2019\u00e9quiper d\u2019une d\u00e9co ext\u00e9rieure design et b\u00e9n\u00e9ficier de nombreuses options. Gr\u00e2ce \u00e0 une <a href=\"https:\/\/www.verandair.com\/fr\/pergolas\/\">pergola<\/a>, vous d\u00e9fierez la pluie et le soleil ardent, avec une toiture en toile, en dur ou \u00e0 <a href=\"https:\/\/www.verandair.com\/fr\/pergolas\/pergola-bioclimatique\/\">lames orientables<\/a>.<\/p>\n<p>[\/et_pb_text][et_pb_text _builder_version=&#8221;4.19.2&#8243; global_colors_info=&#8221;{}&#8221; theme_builder_area=&#8221;post_content&#8221;]<\/p>\n<h2>Quelle pergola pour une terrasse d&#8217;appartement?<\/h2>\n<p>Il existe autant de styles que de projets d\u2019am\u00e9nagement\u00a0! Ainsi, vous devez prendre en compte plusieurs aspects essentiels\u00a0:<\/p>\n<ul>\n<li>poss\u00e9dez-vous un balcon, un toit-terrasse ou un jardin\u00a0?<\/li>\n<li>souhaitez-vous beaucoup d\u2019ombrage ou non\u00a0?<\/li>\n<li>\u00e0 quelle p\u00e9riode souhaitez-vous en profiter le plus\u00a0?<\/li>\n<li>quels sont vos besoins\u00a0?<\/li>\n<\/ul>\n<p>Selon vos r\u00e9ponses \u00e0 ces questions, les options \u00e0 choisir pour votre <a href=\"https:\/\/www.verandair.com\/fr\/pergolas\/\">pergola<\/a> seront diff\u00e9rentes, que vous viviez dans un appart ou une maison.<\/p>\n<p>[\/et_pb_text][\/et_pb_column][\/et_pb_row][et_pb_row column_structure=&#8221;1_2,1_2&#8243; _builder_version=&#8221;4.19.2&#8243; _module_preset=&#8221;default&#8221; custom_margin=&#8221;40px||||false|false&#8221; global_colors_info=&#8221;{}&#8221; theme_builder_area=&#8221;post_content&#8221;][et_pb_column type=&#8221;1_2&#8243; _builder_version=&#8221;4.19.2&#8243; _module_preset=&#8221;default&#8221; global_colors_info=&#8221;{}&#8221; theme_builder_area=&#8221;post_content&#8221;][et_pb_text _builder_version=&#8221;4.24.2&#8243; _module_preset=&#8221;default&#8221; global_colors_info=&#8221;{}&#8221; theme_builder_area=&#8221;post_content&#8221;]<\/p>\n<h3><strong>La pergola bioclimatique<\/strong><\/h3>\n<p>Le toit de ces <a href=\"https:\/\/www.verandair.com\/fr\/pergolas\/pergola-bioclimatique\/\">pergolas est compos\u00e9 de lames d\u2019aluminium<\/a>, toutes orientables selon vos envies. Elles peuvent \u00eatre ouvertes et ainsi <strong>laisser entrer un maximum de lumi\u00e8re<\/strong> ou, au contraire, \u00eatre <strong>compl\u00e8tement ferm\u00e9es et vous prot\u00e9ger de la pluie<\/strong>. Elles permettent de conserver la fra\u00eecheur ou la chaleur de fa\u00e7on naturelle, d\u2019o\u00f9 le nom de <a href=\"https:\/\/www.verandair.com\/fr\/pergolas\/pergola-bioclimatique\/\">bioclimatique<\/a>.<\/p>\n<p>A l\u2019instar des autres <a href=\"https:\/\/www.verandair.com\/fr\/pergolas\/\">pergolas<\/a>, celles-ci peuvent \u00eatre compl\u00e9t\u00e9es avec des parois amovibles ou coulissantes afin vous prot\u00e9ger du vent.<\/p>\n<p>[\/et_pb_text][et_pb_button button_url=&#8221;https:\/\/www.verandair.com\/fr\/pergolas\/pergola-bioclimatique\/&#8221; button_text=&#8221;D\u00e9couvrez la pergola bioclimatique &#8221; button_alignment=&#8221;center&#8221; _builder_version=&#8221;4.24.2&#8243; global_colors_info=&#8221;{}&#8221; theme_builder_area=&#8221;post_content&#8221;][\/et_pb_button][\/et_pb_column][et_pb_column type=&#8221;1_2&#8243; _builder_version=&#8221;4.19.2&#8243; _module_preset=&#8221;default&#8221; global_colors_info=&#8221;{}&#8221; theme_builder_area=&#8221;post_content&#8221;][et_pb_image src=&#8221;https:\/\/www.verandair.com\/wp-content\/uploads\/2022\/04\/pergola-bioclimatique-appartement.png&#8221; alt=&#8221;pergola bioclimatique en terrasse d&#8217;appartement&#8221; title_text=&#8221;pergola bioclimatique appartement&#8221; align=&#8221;center&#8221; _builder_version=&#8221;4.19.2&#8243; _module_preset=&#8221;default&#8221; global_colors_info=&#8221;{}&#8221; theme_builder_area=&#8221;post_content&#8221;][\/et_pb_image][\/et_pb_column][\/et_pb_row][et_pb_row column_structure=&#8221;1_2,1_2&#8243; _builder_version=&#8221;4.19.2&#8243; _module_preset=&#8221;default&#8221; custom_margin=&#8221;40px||||false|false&#8221; global_colors_info=&#8221;{}&#8221; theme_builder_area=&#8221;post_content&#8221;][et_pb_column type=&#8221;1_2&#8243; _builder_version=&#8221;4.19.2&#8243; _module_preset=&#8221;default&#8221; global_colors_info=&#8221;{}&#8221; theme_builder_area=&#8221;post_content&#8221;][et_pb_image src=&#8221;https:\/\/www.verandair.com\/wp-content\/uploads\/2019\/09\/pergola-verandair-6.jpg&#8221; alt=&#8221;Pergola \u00e0 toiture fixe&#8221; title_text=&#8221;Pergola \u00e0 toiture fixe&#8221; align=&#8221;center&#8221; _builder_version=&#8221;4.19.2&#8243; _module_preset=&#8221;default&#8221; global_colors_info=&#8221;{}&#8221; theme_builder_area=&#8221;post_content&#8221;][\/et_pb_image][\/et_pb_column][et_pb_column type=&#8221;1_2&#8243; _builder_version=&#8221;4.19.2&#8243; _module_preset=&#8221;default&#8221; global_colors_info=&#8221;{}&#8221; theme_builder_area=&#8221;post_content&#8221;][et_pb_text _builder_version=&#8221;4.19.2&#8243; _module_preset=&#8221;default&#8221; global_colors_info=&#8221;{}&#8221; theme_builder_area=&#8221;post_content&#8221;]<\/p>\n<h3><strong>La pergola \u00e0 toit fixe<\/strong><\/h3>\n<p>\u00c0 la diff\u00e9rence d\u2019un \u00e9quipement \u00e0 <a href=\"https:\/\/www.verandair.com\/fr\/pergolas\/pergola-bioclimatique\/\">lames orientables<\/a>, le type \u00e0 <a href=\"https:\/\/www.verandair.com\/fr\/pergolas\/pergola-terrasse-toiture-fixe\/\">toit fixe<\/a> offre un peu moins de possibilit\u00e9s, dans la mesure o\u00f9 vous ne pouvez pas g\u00e9rer l\u2019afflux de lumi\u00e8re sans un autre \u00e9quipement tel que parasol, toile d\u2019ombrage ou store banne fix\u00e9 sous la structure.<\/p>\n<p>Cependant, ce syst\u00e8me offre moins d\u2019ombre et donc <strong>plus de luminosit\u00e9 gr\u00e2ce aux panneaux de verre tremp\u00e9 ou en polycarbonate translucide.<\/strong><\/p>\n<p>[\/et_pb_text][et_pb_button button_url=&#8221;https:\/\/www.verandair.com\/fr\/pergolas\/pergola-terrasse-toiture-fixe\/&#8221; button_text=&#8221;D\u00e9couvrez la pergola \u00e0 toit fixe&#8221; button_alignment=&#8221;center&#8221; _builder_version=&#8221;4.24.2&#8243; global_colors_info=&#8221;{}&#8221; theme_builder_area=&#8221;post_content&#8221;][\/et_pb_button][\/et_pb_column][\/et_pb_row][et_pb_row column_structure=&#8221;1_2,1_2&#8243; _builder_version=&#8221;4.19.2&#8243; _module_preset=&#8221;default&#8221; custom_margin=&#8221;40px||||false|false&#8221; global_colors_info=&#8221;{}&#8221; theme_builder_area=&#8221;post_content&#8221;][et_pb_column type=&#8221;1_2&#8243; _builder_version=&#8221;4.19.2&#8243; _module_preset=&#8221;default&#8221; global_colors_info=&#8221;{}&#8221; theme_builder_area=&#8221;post_content&#8221;][et_pb_text _builder_version=&#8221;4.19.2&#8243; _module_preset=&#8221;default&#8221; global_colors_info=&#8221;{}&#8221; theme_builder_area=&#8221;post_content&#8221;]<\/p>\n<h3><strong>La pergola en toile<\/strong><\/h3>\n<p>On retrouve ce type de toiture notamment sur les pergolas en fer forg\u00e9 dont le style se marie bien avec la toile. Mais il peut \u00e9galement \u00e9quiper les abris modernes. Vous pouvez ainsi <strong>jouer avec la luminosit\u00e9<\/strong>. La protection est moindre qu\u2019avec un toit en dur, mais suffisamment efficace pour un ombrage de qualit\u00e9.<\/p>\n<p>L\u2019inconv\u00e9nient de ce type de <a href=\"https:\/\/www.verandair.com\/fr\/pergolas\/\">pergola<\/a> est qu\u2019on ne peut l\u2019utiliser que lorsqu\u2019il fait beau. En effet, ces toiles ne sont pas imperm\u00e9ables en cas d\u2019averses.<\/p>\n<p>[\/et_pb_text][\/et_pb_column][et_pb_column type=&#8221;1_2&#8243; _builder_version=&#8221;4.19.2&#8243; _module_preset=&#8221;default&#8221; global_colors_info=&#8221;{}&#8221; theme_builder_area=&#8221;post_content&#8221;][et_pb_image src=&#8221;https:\/\/www.verandair.com\/wp-content\/uploads\/2022\/04\/toile-pergola-appartement.jpg&#8221; alt=&#8221;toile terrasse appartement &#8221; title_text=&#8221;toile pergola appartement&#8221; align=&#8221;center&#8221; _builder_version=&#8221;4.19.2&#8243; _module_preset=&#8221;default&#8221; global_colors_info=&#8221;{}&#8221; theme_builder_area=&#8221;post_content&#8221;][\/et_pb_image][\/et_pb_column][\/et_pb_row][et_pb_row _builder_version=&#8221;4.19.2&#8243; _module_preset=&#8221;default&#8221; custom_margin=&#8221;40px||||false|false&#8221; global_colors_info=&#8221;{}&#8221; theme_builder_area=&#8221;post_content&#8221;][et_pb_column type=&#8221;4_4&#8243; _builder_version=&#8221;4.19.2&#8243; _module_preset=&#8221;default&#8221; global_colors_info=&#8221;{}&#8221; theme_builder_area=&#8221;post_content&#8221;][et_pb_text _builder_version=&#8221;4.19.2&#8243; _module_preset=&#8221;default&#8221; global_colors_info=&#8221;{}&#8221; theme_builder_area=&#8221;post_content&#8221;]<\/p>\n<h3>Quel mat\u00e9riau choisir\u00a0?<\/h3>\n<p>Pour d\u00e9finir le mat\u00e9riau id\u00e9al, vous devez <strong>penser esth\u00e9tique et entretien<\/strong>. Ce sont les deux crit\u00e8res essentiels (en plus du budget, bien s\u00fbr) \u00e0 prendre en compte.<\/p>\n<p>Les mat\u00e9riaux couramment utilis\u00e9s :<\/p>\n<ul>\n<li><strong>l\u2019aluminium<\/strong>\u00a0: design et \u00e9pur\u00e9, il s\u2019agit d\u2019un <strong>mat\u00e9riau l\u00e9ger qui n\u00e9cessite tr\u00e8s peu d\u2019entretien<\/strong>\u00a0;<\/li>\n<li>le <strong>bois<\/strong>\u00a0: chaleureux et authentique, il demande un <strong>entretien r\u00e9gulier<\/strong>\u00a0;<\/li>\n<li>le <strong>fer forg\u00e9<\/strong>\u00a0: charmant et classique, on le trouve notamment dans une maison de caract\u00e8re. Il demande un <strong>entretien r\u00e9gulier<\/strong> pour \u00e9viter la rouille, par exemple.<\/li>\n<\/ul>\n<p>[\/et_pb_text][et_pb_button button_url=&#8221;https:\/\/www.verandair.com\/contact&#8221; button_text=&#8221;Contactez-nous pour recevoir un devis&#8221; button_alignment=&#8221;center&#8221; _builder_version=&#8221;4.19.2&#8243; global_colors_info=&#8221;{}&#8221; theme_builder_area=&#8221;post_content&#8221;][\/et_pb_button][et_pb_text _builder_version=&#8221;4.19.2&#8243; global_colors_info=&#8221;{}&#8221; theme_builder_area=&#8221;post_content&#8221;]<\/p>\n<h2>Les avantages d\u2019une pergola sur la terrasse de votre appartement<\/h2>\n<p>Il s\u2019agit d\u2019un <strong>syst\u00e8me d\u2019ombrage sur-mesure pour contrer un soleil br\u00fblant<\/strong> et vous prot\u00e9ger de la pluie. Il s\u2019adaptera parfaitement au style de votre immeuble selon le mat\u00e9riau que vous choisirez. La pergola est le <strong>compromis parfait entre la marquise et la <\/strong><a href=\"https:\/\/www.verandair.com\/fr\/veranda\/abri-de-terrasse\/\"><strong>v\u00e9randa<\/strong><\/a>. Ses options se d\u00e9clinent de fa\u00e7on \u00e0 devenir <strong>un abri en toutes saisons<\/strong>, en plus d\u2019un \u00e9l\u00e9ment architectural.<\/p>\n<p>Ainsi, installer une <a href=\"https:\/\/www.verandair.com\/fr\/pergolas\/\">pergola<\/a> comporte de nombreux avantages\u00a0:<\/p>\n<ul>\n<li>un <a href=\"https:\/\/www.verandair.com\/fr\/pergolas\/\">abri contre les intemp\u00e9ries\u00a0<\/a>;<\/li>\n<li>une protection pour <strong>se cacher de la vue et du vis-\u00e0-vis<\/strong>\u00a0;<\/li>\n<li>une <strong>intimit\u00e9 pr\u00e9serv\u00e9e<\/strong>\u00a0;<\/li>\n<li>un \u00e9l\u00e9ment de <strong>d\u00e9co original<\/strong>\u00a0;<\/li>\n<li>une <strong>pi\u00e8ce de vie suppl\u00e9mentaire<\/strong>, accol\u00e9e \u00e0 votre salon ou votre cuisine\u00a0;<\/li>\n<li>la possibilit\u00e9 de choisir une <strong>installation sur-mesure<\/strong>\u00a0: mat\u00e9riau, toiture, options, etc.\u00a0;<\/li>\n<li>une <strong>installation facile, <\/strong>car\u00a0un sol en dur existe d\u00e9j\u00e0\u00a0;<\/li>\n<li>des <strong>contraintes techniques et administratives all\u00e9g\u00e9es<\/strong>.<\/li>\n<\/ul>\n<p>[\/et_pb_text][et_pb_text _builder_version=&#8221;4.19.2&#8243; _module_preset=&#8221;default&#8221; global_colors_info=&#8221;{}&#8221; theme_builder_area=&#8221;post_content&#8221;]<\/p>\n<h2>Comment installer une pergola sur votre terrasse d\u2019appartement\u00a0?<\/h2>\n<p>Afin d\u2019\u00e9quiper votre espace ext\u00e9rieur en s\u00e9curit\u00e9 et conformit\u00e9 avec le r\u00e8glement de votre immeuble, vous devrez <strong>tenir compte de certaines contraintes<\/strong>.<\/p>\n<p>&nbsp;<\/p>\n<h3>Les contraintes techniques<\/h3>\n<p><strong>Votre premi\u00e8re consid\u00e9ration concerne la surface<\/strong>. Vous pourriez \u00eatre limit\u00e9 dans le cadre d\u2019un balcon. M\u00eame si l\u2019am\u00e9nagement de petites surfaces est possible, <strong>vous \u00eates soumis aux m\u00eames r\u00e8gles que les terrasses et jardins<\/strong>, m\u00eame si votre habitation n\u2019est pas une maison.<\/p>\n<p><strong>Le poids peut \u00eatre une contrainte<\/strong>. Sur un balcon ou une terrasse, c\u2019est un risque pour la structure de du b\u00e2timent. <strong>Un am\u00e9nagement en aluminium est donc \u00e0 privil\u00e9gier<\/strong>.<\/p>\n<p>La <strong>luminosit\u00e9<\/strong> est \u00e0 prendre en compte, notamment en rez-de-jardin.<\/p>\n<p>&nbsp;<\/p>\n<h3>Les contraintes administratives<\/h3>\n<p>Tout d\u2019abord, <strong>assurez-vous que vous seul poss\u00e9dez la propri\u00e9t\u00e9 de l\u2019espace ext\u00e9rieur<\/strong>. M\u00eame en copropri\u00e9t\u00e9, vous devez jouir de votre espace privatif exclusivement.<\/p>\n<p>Les <a href=\"https:\/\/www.verandair.com\/fr\/pergolas\/pergola-terrasse-toiture-fixe\/\">pergolas d\u2019appartement<\/a> sont g\u00e9n\u00e9ralement adoss\u00e9es \u00e0 la fa\u00e7ade du b\u00e2timent, et y sont donc fix\u00e9es. Vous allez percer des trous dans le mur et dans le sol. Dans la mesure o\u00f9 votre am\u00e9nagement va affecter les fondations et l\u2019apparence de l\u2019immeuble, vous devez <strong>demander une autorisation \u00e0 l\u2019assembl\u00e9e g\u00e9n\u00e9rale des copropri\u00e9taires<\/strong> pour effectuer des travaux.<\/p>\n<p>Une <strong>d\u00e9claration de travaux<\/strong> doit \u00e9galement \u00eatre d\u00e9pos\u00e9e \u00e0 la commune. Vous n\u2019avez pas besoin de permis de construire comme dans le cas d\u2019une <a href=\"https:\/\/www.verandair.com\/fr\/abri-de-terrasse\/\">v\u00e9randa<\/a>.<\/p>\n<p>[\/et_pb_text][\/et_pb_column][\/et_pb_row][\/et_pb_section][et_pb_section fb_built=&#8221;1&#8243; admin_label=&#8221;CTA Guide achat Pergola&#8221; _builder_version=&#8221;4.19.2&#8243; background_color=&#8221;#009f9c&#8221; custom_margin=&#8221;|||&#8221; saved_tabs=&#8221;all&#8221; collapsed=&#8221;off&#8221; global_colors_info=&#8221;{}&#8221; theme_builder_area=&#8221;post_content&#8221;][et_pb_row column_structure=&#8221;1_3,2_3&#8243; use_custom_gutter=&#8221;on&#8221; gutter_width=&#8221;1&#8243; make_equal=&#8221;on&#8221; padding_top_bottom_link_2=&#8221;false&#8221; padding_left_right_link_1=&#8221;true&#8221; padding_left_right_link_2=&#8221;true&#8221; _builder_version=&#8221;4.16&#8243; background_color=&#8221;#ffffff&#8221; global_colors_info=&#8221;{}&#8221; theme_builder_area=&#8221;post_content&#8221;][et_pb_column type=&#8221;1_3&#8243; _builder_version=&#8221;4.16&#8243; custom_padding=&#8221;|20px||20px&#8221; global_colors_info=&#8221;{}&#8221; custom_padding__hover=&#8221;|||&#8221; theme_builder_area=&#8221;post_content&#8221;][et_pb_image src=&#8221;https:\/\/www.verandair.com\/wp-content\/uploads\/2021\/11\/guide-achat-pergola.png&#8221; url=&#8221;https:\/\/info.verandair.com\/guide-pergola\/&#8221; url_new_window=&#8221;on&#8221; align=&#8221;center&#8221; align_tablet=&#8221;center&#8221; align_phone=&#8221;&#8221; align_last_edited=&#8221;on|desktop&#8221; _builder_version=&#8221;4.19.2&#8243; custom_margin=&#8221;||0px|&#8221; custom_padding=&#8221;|0px||&#8221; custom_css_main_element=&#8221;max-width:280px;&#8221; global_colors_info=&#8221;{}&#8221; theme_builder_area=&#8221;post_content&#8221;][\/et_pb_image][\/et_pb_column][et_pb_column type=&#8221;2_3&#8243; _builder_version=&#8221;4.16&#8243; custom_padding=&#8221;30px|30px|0px|30px&#8221; global_colors_info=&#8221;{}&#8221; custom_padding__hover=&#8221;|||&#8221; theme_builder_area=&#8221;post_content&#8221;][et_pb_text _builder_version=&#8221;4.19.2&#8243; text_font=&#8221;||||||||&#8221; text_font_size=&#8221;30px&#8221; header_font=&#8221;||||||||&#8221; header_2_font=&#8221;||||||||&#8221; header_3_font=&#8221;|800|||||||&#8221; header_3_text_align=&#8221;center&#8221; header_3_font_size=&#8221;35px&#8221; custom_margin=&#8221;||20px&#8221; header_3_font_size_tablet=&#8221;25px&#8221; header_3_font_size_phone=&#8221;&#8221; header_3_font_size_last_edited=&#8221;on|tablet&#8221; global_colors_info=&#8221;{}&#8221; theme_builder_area=&#8221;post_content&#8221;]<\/p>\n<h3>Encore ind\u00e9cis?<\/h3>\n<p>[\/et_pb_text][et_pb_text _builder_version=&#8221;4.19.2&#8243; text_font=&#8221;||||||||&#8221; custom_margin=&#8221;||20px&#8221; global_colors_info=&#8221;{}&#8221; theme_builder_area=&#8221;post_content&#8221;]<\/p>\n<h3 class=\"p1\">Notre guide d&#8217;achat simplifie votre choix avec 19 questions cl\u00e9s! \u00c9vitez les surprises et profitez pleinement de votre future pergola.<span class=\"Apple-converted-space\">\u00a0<\/span><\/h3>\n<p>[\/et_pb_text][et_pb_button button_url=&#8221;https:\/\/info.verandair.com\/guide-pergola\/&#8221; url_new_window=&#8221;on&#8221; button_text=&#8221;\u00bb Cliquez ici pour votre guide &#8221; button_alignment=&#8221;center&#8221; module_class=&#8221;custom-btn-orange&#8221; _builder_version=&#8221;4.24.2&#8243; custom_margin=&#8221;||0px&#8221; hover_enabled=&#8221;0&#8243; global_colors_info=&#8221;{}&#8221; theme_builder_area=&#8221;post_content&#8221; sticky_enabled=&#8221;0&#8243;][\/et_pb_button][et_pb_code _builder_version=&#8221;4.16&#8243; global_colors_info=&#8221;{}&#8221; theme_builder_area=&#8221;post_content&#8221;]<\/p>\n<style><!-- [et_pb_line_break_holder] -->  a.et_pb_button.custom-btn-orange{<!-- [et_pb_line_break_holder] -->    background:#EF865B!important;<!-- [et_pb_line_break_holder] -->  }<!-- [et_pb_line_break_holder] -->  a.et_pb_button.custom-btn-orange:hover{<!-- [et_pb_line_break_holder] -->    background:#F4AD91!important;<!-- [et_pb_line_break_holder] -->  }<!-- [et_pb_line_break_holder] --><\/style>\n<p>[\/et_pb_code][\/et_pb_column][\/et_pb_row][\/et_pb_section]<\/p>\n","protected":false},"excerpt":{"rendered":"<p>Vous vivez en appartement et poss\u00e9dez un balcon ou une terrasse ? Installer une pergola vous offrira un coin d\u2019ombre bienvenu ainsi qu\u2019une pi\u00e8ce de vie suppl\u00e9mentaire. De quoi profiter toute l\u2019ann\u00e9e de votre ext\u00e9rieur.<\/p>\n","protected":false},"author":4,"featured_media":26722,"comment_status":"closed","ping_status":"closed","sticky":false,"template":"","format":"standard","meta":{"_acf_changed":false,"_et_pb_use_builder":"on","_et_pb_old_content":"","_et_gb_content_width":"","inline_featured_image":false,"footnotes":""},"categories":[33],"tags":[],"class_list":["post-30533","post","type-post","status-publish","format-standard","has-post-thumbnail","hentry","category-pergolas"],"acf":[],"yoast_head":"<!-- This site is optimized with the Yoast SEO plugin v27.5 - https:\/\/yoast.com\/product\/yoast-seo-wordpress\/ -->\n<title>Installer une pergola sur une terrasse d&#039;appartement | VERANDAIR\u00ae<\/title>\n<meta name=\"description\" content=\"Installer une pergola sur la terrasse de votre appartement: les diff\u00e9rents mod\u00e8les de pergola que vous pouvez installer en appartement.\" \/>\n<meta name=\"robots\" content=\"index, follow, max-snippet:-1, max-image-preview:large, max-video-preview:-1\" \/>\n<link rel=\"canonical\" href=\"https:\/\/www.verandair.com\/fr\/installer-pergola-terrasse-appartement\/\" \/>\n<meta property=\"og:locale\" content=\"fr_FR\" \/>\n<meta property=\"og:type\" content=\"article\" \/>\n<meta property=\"og:title\" content=\"Installer une pergola sur une terrasse d&#039;appartement | VERANDAIR\u00ae\" \/>\n<meta property=\"og:description\" content=\"Installer une pergola sur la terrasse de votre appartement: les diff\u00e9rents mod\u00e8les de pergola que vous pouvez installer en appartement.\" \/>\n<meta property=\"og:url\" content=\"https:\/\/www.verandair.com\/fr\/installer-pergola-terrasse-appartement\/\" \/>\n<meta property=\"og:site_name\" content=\"VERANDAIR\u00ae\" \/>\n<meta property=\"article:published_time\" content=\"2023-04-14T08:20:27+00:00\" \/>\n<meta property=\"article:modified_time\" content=\"2024-04-02T09:51:39+00:00\" \/>\n<meta property=\"og:image\" content=\"https:\/\/www.verandair.com\/wp-content\/uploads\/2021\/10\/Corradi_Bioclimatic_Maestro-33.jpg\" \/>\n\t<meta property=\"og:image:width\" content=\"2160\" \/>\n\t<meta property=\"og:image:height\" content=\"1440\" \/>\n\t<meta property=\"og:image:type\" content=\"image\/jpeg\" \/>\n<meta name=\"author\" content=\"caro\" \/>\n<meta name=\"twitter:card\" content=\"summary_large_image\" \/>\n<meta name=\"twitter:label1\" content=\"\u00c9crit par\" \/>\n\t<meta name=\"twitter:data1\" content=\"caro\" \/>\n\t<meta name=\"twitter:label2\" content=\"Dur\u00e9e de lecture estim\u00e9e\" \/>\n\t<meta name=\"twitter:data2\" content=\"10 minutes\" \/>\n<script type=\"application\/ld+json\" class=\"yoast-schema-graph\">{\"@context\":\"https:\\\/\\\/schema.org\",\"@graph\":[{\"@type\":\"Article\",\"@id\":\"https:\\\/\\\/www.verandair.com\\\/fr\\\/installer-pergola-terrasse-appartement\\\/#article\",\"isPartOf\":{\"@id\":\"https:\\\/\\\/www.verandair.com\\\/fr\\\/installer-pergola-terrasse-appartement\\\/\"},\"author\":{\"name\":\"caro\",\"@id\":\"https:\\\/\\\/www.verandair.com\\\/fr\\\/#\\\/schema\\\/person\\\/af737cd43f080163882becebbd86c4db\"},\"headline\":\"Installer une pergola en appartement : une bonne id\u00e9e?\",\"datePublished\":\"2023-04-14T08:20:27+00:00\",\"dateModified\":\"2024-04-02T09:51:39+00:00\",\"mainEntityOfPage\":{\"@id\":\"https:\\\/\\\/www.verandair.com\\\/fr\\\/installer-pergola-terrasse-appartement\\\/\"},\"wordCount\":1990,\"publisher\":{\"@id\":\"https:\\\/\\\/www.verandair.com\\\/fr\\\/#organization\"},\"image\":{\"@id\":\"https:\\\/\\\/www.verandair.com\\\/fr\\\/installer-pergola-terrasse-appartement\\\/#primaryimage\"},\"thumbnailUrl\":\"https:\\\/\\\/www.verandair.com\\\/wp-content\\\/uploads\\\/2021\\\/10\\\/Corradi_Bioclimatic_Maestro-33.jpg\",\"articleSection\":[\"Pergolas\"],\"inLanguage\":\"fr-FR\"},{\"@type\":\"WebPage\",\"@id\":\"https:\\\/\\\/www.verandair.com\\\/fr\\\/installer-pergola-terrasse-appartement\\\/\",\"url\":\"https:\\\/\\\/www.verandair.com\\\/fr\\\/installer-pergola-terrasse-appartement\\\/\",\"name\":\"Installer une pergola sur une terrasse d'appartement | VERANDAIR\u00ae\",\"isPartOf\":{\"@id\":\"https:\\\/\\\/www.verandair.com\\\/fr\\\/#website\"},\"primaryImageOfPage\":{\"@id\":\"https:\\\/\\\/www.verandair.com\\\/fr\\\/installer-pergola-terrasse-appartement\\\/#primaryimage\"},\"image\":{\"@id\":\"https:\\\/\\\/www.verandair.com\\\/fr\\\/installer-pergola-terrasse-appartement\\\/#primaryimage\"},\"thumbnailUrl\":\"https:\\\/\\\/www.verandair.com\\\/wp-content\\\/uploads\\\/2021\\\/10\\\/Corradi_Bioclimatic_Maestro-33.jpg\",\"datePublished\":\"2023-04-14T08:20:27+00:00\",\"dateModified\":\"2024-04-02T09:51:39+00:00\",\"description\":\"Installer une pergola sur la terrasse de votre appartement: les diff\u00e9rents mod\u00e8les de pergola que vous pouvez installer en appartement.\",\"breadcrumb\":{\"@id\":\"https:\\\/\\\/www.verandair.com\\\/fr\\\/installer-pergola-terrasse-appartement\\\/#breadcrumb\"},\"inLanguage\":\"fr-FR\",\"potentialAction\":[{\"@type\":\"ReadAction\",\"target\":[\"https:\\\/\\\/www.verandair.com\\\/fr\\\/installer-pergola-terrasse-appartement\\\/\"]}]},{\"@type\":\"ImageObject\",\"inLanguage\":\"fr-FR\",\"@id\":\"https:\\\/\\\/www.verandair.com\\\/fr\\\/installer-pergola-terrasse-appartement\\\/#primaryimage\",\"url\":\"https:\\\/\\\/www.verandair.com\\\/wp-content\\\/uploads\\\/2021\\\/10\\\/Corradi_Bioclimatic_Maestro-33.jpg\",\"contentUrl\":\"https:\\\/\\\/www.verandair.com\\\/wp-content\\\/uploads\\\/2021\\\/10\\\/Corradi_Bioclimatic_Maestro-33.jpg\",\"width\":2160,\"height\":1440,\"caption\":\"Pergola pour la terrasse en bois d'un appartement\"},{\"@type\":\"BreadcrumbList\",\"@id\":\"https:\\\/\\\/www.verandair.com\\\/fr\\\/installer-pergola-terrasse-appartement\\\/#breadcrumb\",\"itemListElement\":[{\"@type\":\"ListItem\",\"position\":1,\"name\":\"Accueil\",\"item\":{\"@type\":\"WebPage\",\"@id\":\"https:\\\/\\\/www.verandair.com\\\/fr\\\/\",\"name\":\"Accueil\"}},{\"@type\":\"ListItem\",\"position\":2,\"name\":\"Installer une pergola en appartement : une bonne id\u00e9e?\"}]},{\"@type\":\"WebSite\",\"@id\":\"https:\\\/\\\/www.verandair.com\\\/fr\\\/#website\",\"url\":\"https:\\\/\\\/www.verandair.com\\\/fr\\\/\",\"name\":\"VERANDAIR\u00ae\",\"description\":\"\",\"publisher\":{\"@id\":\"https:\\\/\\\/www.verandair.com\\\/fr\\\/#organization\"},\"potentialAction\":[{\"@type\":\"SearchAction\",\"target\":{\"@type\":\"EntryPoint\",\"urlTemplate\":\"https:\\\/\\\/www.verandair.com\\\/fr\\\/?s={search_term_string}\"},\"query-input\":{\"@type\":\"PropertyValueSpecification\",\"valueRequired\":true,\"valueName\":\"search_term_string\"}}],\"inLanguage\":\"fr-FR\"},{\"@type\":\"Organization\",\"@id\":\"https:\\\/\\\/www.verandair.com\\\/fr\\\/#organization\",\"name\":\"Verandair\",\"url\":\"https:\\\/\\\/www.verandair.com\\\/fr\\\/\",\"logo\":{\"@type\":\"ImageObject\",\"inLanguage\":\"fr-FR\",\"@id\":\"https:\\\/\\\/www.verandair.com\\\/fr\\\/#\\\/schema\\\/logo\\\/image\\\/\",\"url\":\"https:\\\/\\\/www.verandair.com\\\/wp-content\\\/uploads\\\/2024\\\/06\\\/VERANDAIR-logo.png\",\"contentUrl\":\"https:\\\/\\\/www.verandair.com\\\/wp-content\\\/uploads\\\/2024\\\/06\\\/VERANDAIR-logo.png\",\"width\":283,\"height\":127,\"caption\":\"Verandair\"},\"image\":{\"@id\":\"https:\\\/\\\/www.verandair.com\\\/fr\\\/#\\\/schema\\\/logo\\\/image\\\/\"}},{\"@type\":\"Person\",\"@id\":\"https:\\\/\\\/www.verandair.com\\\/fr\\\/#\\\/schema\\\/person\\\/af737cd43f080163882becebbd86c4db\",\"name\":\"caro\",\"image\":{\"@type\":\"ImageObject\",\"inLanguage\":\"fr-FR\",\"@id\":\"https:\\\/\\\/secure.gravatar.com\\\/avatar\\\/4c356829a7552d3573f0151ea3bcc417616acba472a5e3565de5ae3a5b614aab?s=96&d=mm&r=g\",\"url\":\"https:\\\/\\\/secure.gravatar.com\\\/avatar\\\/4c356829a7552d3573f0151ea3bcc417616acba472a5e3565de5ae3a5b614aab?s=96&d=mm&r=g\",\"contentUrl\":\"https:\\\/\\\/secure.gravatar.com\\\/avatar\\\/4c356829a7552d3573f0151ea3bcc417616acba472a5e3565de5ae3a5b614aab?s=96&d=mm&r=g\",\"caption\":\"caro\"}}]}<\/script>\n<!-- \/ Yoast SEO plugin. -->","yoast_head_json":{"title":"Installer une pergola sur une terrasse d'appartement | VERANDAIR\u00ae","description":"Installer une pergola sur la terrasse de votre appartement: les diff\u00e9rents mod\u00e8les de pergola que vous pouvez installer en appartement.","robots":{"index":"index","follow":"follow","max-snippet":"max-snippet:-1","max-image-preview":"max-image-preview:large","max-video-preview":"max-video-preview:-1"},"canonical":"https:\/\/www.verandair.com\/fr\/installer-pergola-terrasse-appartement\/","og_locale":"fr_FR","og_type":"article","og_title":"Installer une pergola sur une terrasse d'appartement | VERANDAIR\u00ae","og_description":"Installer une pergola sur la terrasse de votre appartement: les diff\u00e9rents mod\u00e8les de pergola que vous pouvez installer en appartement.","og_url":"https:\/\/www.verandair.com\/fr\/installer-pergola-terrasse-appartement\/","og_site_name":"VERANDAIR\u00ae","article_published_time":"2023-04-14T08:20:27+00:00","article_modified_time":"2024-04-02T09:51:39+00:00","og_image":[{"width":2160,"height":1440,"url":"https:\/\/www.verandair.com\/wp-content\/uploads\/2021\/10\/Corradi_Bioclimatic_Maestro-33.jpg","type":"image\/jpeg"}],"author":"caro","twitter_card":"summary_large_image","twitter_misc":{"\u00c9crit par":"caro","Dur\u00e9e de lecture estim\u00e9e":"10 minutes"},"schema":{"@context":"https:\/\/schema.org","@graph":[{"@type":"Article","@id":"https:\/\/www.verandair.com\/fr\/installer-pergola-terrasse-appartement\/#article","isPartOf":{"@id":"https:\/\/www.verandair.com\/fr\/installer-pergola-terrasse-appartement\/"},"author":{"name":"caro","@id":"https:\/\/www.verandair.com\/fr\/#\/schema\/person\/af737cd43f080163882becebbd86c4db"},"headline":"Installer une pergola en appartement : une bonne id\u00e9e?","datePublished":"2023-04-14T08:20:27+00:00","dateModified":"2024-04-02T09:51:39+00:00","mainEntityOfPage":{"@id":"https:\/\/www.verandair.com\/fr\/installer-pergola-terrasse-appartement\/"},"wordCount":1990,"publisher":{"@id":"https:\/\/www.verandair.com\/fr\/#organization"},"image":{"@id":"https:\/\/www.verandair.com\/fr\/installer-pergola-terrasse-appartement\/#primaryimage"},"thumbnailUrl":"https:\/\/www.verandair.com\/wp-content\/uploads\/2021\/10\/Corradi_Bioclimatic_Maestro-33.jpg","articleSection":["Pergolas"],"inLanguage":"fr-FR"},{"@type":"WebPage","@id":"https:\/\/www.verandair.com\/fr\/installer-pergola-terrasse-appartement\/","url":"https:\/\/www.verandair.com\/fr\/installer-pergola-terrasse-appartement\/","name":"Installer une pergola sur une terrasse d'appartement | VERANDAIR\u00ae","isPartOf":{"@id":"https:\/\/www.verandair.com\/fr\/#website"},"primaryImageOfPage":{"@id":"https:\/\/www.verandair.com\/fr\/installer-pergola-terrasse-appartement\/#primaryimage"},"image":{"@id":"https:\/\/www.verandair.com\/fr\/installer-pergola-terrasse-appartement\/#primaryimage"},"thumbnailUrl":"https:\/\/www.verandair.com\/wp-content\/uploads\/2021\/10\/Corradi_Bioclimatic_Maestro-33.jpg","datePublished":"2023-04-14T08:20:27+00:00","dateModified":"2024-04-02T09:51:39+00:00","description":"Installer une pergola sur la terrasse de votre appartement: les diff\u00e9rents mod\u00e8les de pergola que vous pouvez installer en appartement.","breadcrumb":{"@id":"https:\/\/www.verandair.com\/fr\/installer-pergola-terrasse-appartement\/#breadcrumb"},"inLanguage":"fr-FR","potentialAction":[{"@type":"ReadAction","target":["https:\/\/www.verandair.com\/fr\/installer-pergola-terrasse-appartement\/"]}]},{"@type":"ImageObject","inLanguage":"fr-FR","@id":"https:\/\/www.verandair.com\/fr\/installer-pergola-terrasse-appartement\/#primaryimage","url":"https:\/\/www.verandair.com\/wp-content\/uploads\/2021\/10\/Corradi_Bioclimatic_Maestro-33.jpg","contentUrl":"https:\/\/www.verandair.com\/wp-content\/uploads\/2021\/10\/Corradi_Bioclimatic_Maestro-33.jpg","width":2160,"height":1440,"caption":"Pergola pour la terrasse en bois d'un appartement"},{"@type":"BreadcrumbList","@id":"https:\/\/www.verandair.com\/fr\/installer-pergola-terrasse-appartement\/#breadcrumb","itemListElement":[{"@type":"ListItem","position":1,"name":"Accueil","item":{"@type":"WebPage","@id":"https:\/\/www.verandair.com\/fr\/","name":"Accueil"}},{"@type":"ListItem","position":2,"name":"Installer une pergola en appartement : une bonne id\u00e9e?"}]},{"@type":"WebSite","@id":"https:\/\/www.verandair.com\/fr\/#website","url":"https:\/\/www.verandair.com\/fr\/","name":"VERANDAIR\u00ae","description":"","publisher":{"@id":"https:\/\/www.verandair.com\/fr\/#organization"},"potentialAction":[{"@type":"SearchAction","target":{"@type":"EntryPoint","urlTemplate":"https:\/\/www.verandair.com\/fr\/?s={search_term_string}"},"query-input":{"@type":"PropertyValueSpecification","valueRequired":true,"valueName":"search_term_string"}}],"inLanguage":"fr-FR"},{"@type":"Organization","@id":"https:\/\/www.verandair.com\/fr\/#organization","name":"Verandair","url":"https:\/\/www.verandair.com\/fr\/","logo":{"@type":"ImageObject","inLanguage":"fr-FR","@id":"https:\/\/www.verandair.com\/fr\/#\/schema\/logo\/image\/","url":"https:\/\/www.verandair.com\/wp-content\/uploads\/2024\/06\/VERANDAIR-logo.png","contentUrl":"https:\/\/www.verandair.com\/wp-content\/uploads\/2024\/06\/VERANDAIR-logo.png","width":283,"height":127,"caption":"Verandair"},"image":{"@id":"https:\/\/www.verandair.com\/fr\/#\/schema\/logo\/image\/"}},{"@type":"Person","@id":"https:\/\/www.verandair.com\/fr\/#\/schema\/person\/af737cd43f080163882becebbd86c4db","name":"caro","image":{"@type":"ImageObject","inLanguage":"fr-FR","@id":"https:\/\/secure.gravatar.com\/avatar\/4c356829a7552d3573f0151ea3bcc417616acba472a5e3565de5ae3a5b614aab?s=96&d=mm&r=g","url":"https:\/\/secure.gravatar.com\/avatar\/4c356829a7552d3573f0151ea3bcc417616acba472a5e3565de5ae3a5b614aab?s=96&d=mm&r=g","contentUrl":"https:\/\/secure.gravatar.com\/avatar\/4c356829a7552d3573f0151ea3bcc417616acba472a5e3565de5ae3a5b614aab?s=96&d=mm&r=g","caption":"caro"}}]}},"_links":{"self":[{"href":"https:\/\/www.verandair.com\/fr\/wp-json\/wp\/v2\/posts\/30533","targetHints":{"allow":["GET"]}}],"collection":[{"href":"https:\/\/www.verandair.com\/fr\/wp-json\/wp\/v2\/posts"}],"about":[{"href":"https:\/\/www.verandair.com\/fr\/wp-json\/wp\/v2\/types\/post"}],"author":[{"embeddable":true,"href":"https:\/\/www.verandair.com\/fr\/wp-json\/wp\/v2\/users\/4"}],"replies":[{"embeddable":true,"href":"https:\/\/www.verandair.com\/fr\/wp-json\/wp\/v2\/comments?post=30533"}],"version-history":[{"count":2,"href":"https:\/\/www.verandair.com\/fr\/wp-json\/wp\/v2\/posts\/30533\/revisions"}],"predecessor-version":[{"id":61137,"href":"https:\/\/www.verandair.com\/fr\/wp-json\/wp\/v2\/posts\/30533\/revisions\/61137"}],"wp:featuredmedia":[{"embeddable":true,"href":"https:\/\/www.verandair.com\/fr\/wp-json\/wp\/v2\/media\/26722"}],"wp:attachment":[{"href":"https:\/\/www.verandair.com\/fr\/wp-json\/wp\/v2\/media?parent=30533"}],"wp:term":[{"taxonomy":"category","embeddable":true,"href":"https:\/\/www.verandair.com\/fr\/wp-json\/wp\/v2\/categories?post=30533"},{"taxonomy":"post_tag","embeddable":true,"href":"https:\/\/www.verandair.com\/fr\/wp-json\/wp\/v2\/tags?post=30533"}],"curies":[{"name":"wp","href":"https:\/\/api.w.org\/{rel}","templated":true}]}}