{"id":31108,"date":"2022-05-24T11:50:46","date_gmt":"2022-05-24T09:50:46","guid":{"rendered":"https:\/\/www.verandair.com\/?p=31108"},"modified":"2026-02-27T15:31:23","modified_gmt":"2026-02-27T14:31:23","slug":"quels-sont-les-avantages-des-pergolas-evolutives-en-verandas","status":"publish","type":"post","link":"https:\/\/www.verandair.com\/fr\/quels-sont-les-avantages-des-pergolas-evolutives-en-verandas\/","title":{"rendered":"Quels sont les avantages des pergolas \u00e9volutives en v\u00e9randas ?"},"content":{"rendered":"<p>[et_pb_section fb_built=&#8221;1&#8243; admin_label=&#8221;section&#8221; _builder_version=&#8221;4.16&#8243; global_colors_info=&#8221;{}&#8221; theme_builder_area=&#8221;post_content&#8221;][et_pb_row admin_label=&#8221;row&#8221; _builder_version=&#8221;4.16&#8243; background_size=&#8221;initial&#8221; background_position=&#8221;top_left&#8221; background_repeat=&#8221;repeat&#8221; global_colors_info=&#8221;{}&#8221; theme_builder_area=&#8221;post_content&#8221;][et_pb_column type=&#8221;4_4&#8243; _builder_version=&#8221;4.16&#8243; custom_padding=&#8221;|||&#8221; global_colors_info=&#8221;{}&#8221; custom_padding__hover=&#8221;|||&#8221; theme_builder_area=&#8221;post_content&#8221;][et_pb_text _builder_version=&#8221;4.16&#8243; global_colors_info=&#8221;{}&#8221; theme_builder_area=&#8221;post_content&#8221;]<\/p>\n<p>Appr\u00e9ciez la douce atmosph\u00e8re qui r\u00e8gne dans votre jardin en y installant une pergola ! Si vous optez pour une <a href=\"https:\/\/www.verandair.com\/fr\/pergolas\/\">structure \u00e9volutive en aluminium<\/a>, vous aurez en plus la possibilit\u00e9 de <strong>transformer votre terrasse en v\u00e9randa<\/strong> en quelques minutes. Vous profiterez ainsi de moments de d\u00e9tente dans votre salon ext\u00e9rieur par tous les temps, toute l\u2019ann\u00e9e.<\/p>\n<h2>Quel est le concept des pergolas \u00e9volutives ?<\/h2>\n<p>Install\u00e9e dans la continuit\u00e9 de votre maison ou dans le jardin, <a href=\"https:\/\/www.verandair.com\/fr\/pergolas\/\">la pergola<\/a> offre une ombre rafra\u00eechissante lorsque le soleil tape fort. Les <strong>possibilit\u00e9s d\u2019am\u00e9nagement<\/strong> sont vastes : installez-y par exemple un salon, une salle \u00e0 manger, un coin barbecue. Vous pouvez aussi l\u2019agr\u00e9menter avec des plantes, des luminaires et divers accessoires de d\u00e9coration.<\/p>\n<p>Les simples <a href=\"https:\/\/www.verandair.com\/fr\/pergolas\/la-pergola-bioclimatique\/\">pergolas bioclimatiques<\/a> ou en verre sont n\u00e9anmoins <strong>expos\u00e9es aux intemp\u00e9ries<\/strong> : au vent, \u00e0 la pluie, au froid. Si bien que vous devez syst\u00e9matiquement entrer dans la maison si jamais la m\u00e9t\u00e9o devenait d\u00e9favorable. En optant pour <strong>une v\u00e9randa en alu<\/strong>, celle-ci se m\u00e9tamorphosera en espace de vie dans lequel vous serez \u00e0 l\u2019abri des \u00e9l\u00e9ments. Votre famille et vous continuerez \u00e0 y profiter du moment pr\u00e9sent. Enfin, vous pouvez aussi y faire l\u2019am\u00e9nagement d\u2019un jardin d\u2019hiver pour l\u2019entreposage de vos plantes.<\/p>\n<p>[\/et_pb_text][et_pb_button button_url=&#8221;https:\/\/www.verandair.com\/fr\/pergolas\/&#8221; button_text=&#8221;D\u00e9couvrez nos pergolas&#8221; button_alignment=&#8221;center&#8221; _builder_version=&#8221;4.16&#8243; global_colors_info=&#8221;{}&#8221; theme_builder_area=&#8221;post_content&#8221;][\/et_pb_button][et_pb_text _builder_version=&#8221;4.16&#8243; global_colors_info=&#8221;{}&#8221; theme_builder_area=&#8221;post_content&#8221;]<\/p>\n<h2>De quoi la pergola modulable est-elle constitu\u00e9e ?<\/h2>\n<p>Le concept de <strong>la <a href=\"https:\/\/www.verandair.com\/fr\/pergolas\/la-pergola-bioclimatique\/\">pergola modulable<\/a><\/strong> est simple : elle vous permet de <a href=\"https:\/\/www.verandair.com\/fr\/pergolas\/la-pergola-bioclimatique\/\">transformer une terrasse classique en pi\u00e8ce \u00e0 vivre<\/a> ferm\u00e9e par <strong>des parois vitr\u00e9es<\/strong>. Elle peut \u00eatre en bois, en PVC ou en aluminium. Cette construction est en outre propos\u00e9e dans plusieurs versions.<\/p>\n<h3>Les diff\u00e9rents choix de toiture<\/h3>\n<p>Divers types de toiture peuvent couvrir votre zone de d\u00e9tente ext\u00e9rieure en aluminium :<\/p>\n<ul>\n<li><a href=\"https:\/\/www.verandair.com\/fr\/pergolas\/pergola-toiture-fixe\/\">le toit fixe<\/a> en verre feuillet\u00e9 de 8 mm : votre toit peut \u00eatre transparent si vous souhaitez <strong>inonder votre <a href=\"https:\/\/www.verandair.com\/fr\/pergolas\/\">pergola<\/a> de lumi\u00e8re<\/strong>. Choisissez en revanche un verre opaque pour une bonne diffusion de celle-ci et pour une <strong>bonne isolation thermique<\/strong> de votre structure ;<\/li>\n<li><strong><a href=\"https:\/\/www.verandair.com\/fr\/pergolas\/pergola-toiture-fixe\/\">le toit fixe<\/a> en polycarbonate alv\u00e9olaire<\/strong> de 16 mm : cette toiture est abordable tout en \u00e9tant translucide. Elle est donc parfaite pour les utilisateurs qui veulent pr\u00e9server leur intimit\u00e9. En effet, les personnes qui se trouvent dans les \u00e9tages ne pourront pas distinguer ce qu\u2019elles font dans leur int\u00e9rieur. Elle est aussi id\u00e9ale pour <strong>tamiser la lumi\u00e8re ext\u00e9rieure<\/strong> afin qu\u2019elle se diffuse d\u2019une mani\u00e8re uniforme dans l\u2019espace.<\/li>\n<\/ul>\n<h3>Des parois coulissantes en verre<\/h3>\n<p>Pour fermer votre <a href=\"https:\/\/www.verandair.com\/fr\/pergolas\/\">pergola<\/a> et vous permettre d\u2019en profiter en toute saison, votre structure est compl\u00e9t\u00e9e d\u2019un ensemble de <a href=\"https:\/\/www.verandair.com\/fr\/veranda\/parois-coulissantes-verre\/\">parois coulissantes en verre<\/a>. Ces <strong>baies vitr\u00e9es<\/strong> vous offrent une vue imprenable sur votre jardin tout en vous prot\u00e9geant des \u00e9ventuelles intemp\u00e9ries.<\/p>\n<p><strong>Leur \u00e9tanch\u00e9it\u00e9 est garantie<\/strong>. Ni le vent, ni la pluie, ni la neige ne peuvent s\u2019y infiltrer. Pour une utilisation plus confortable, il vous est aussi possible d\u2019occulter les parois avec des stores ou des rideaux.<\/p>\n<p>[\/et_pb_text][et_pb_button button_url=&#8221;https:\/\/www.verandair.com\/fr\/veranda\/parois-coulissantes-verre\/&#8221; button_text=&#8221;D\u00e9couvrez nos parois coulissantes&#8221; button_alignment=&#8221;center&#8221; _builder_version=&#8221;4.16&#8243; global_colors_info=&#8221;{}&#8221; theme_builder_area=&#8221;post_content&#8221;][\/et_pb_button][et_pb_text _builder_version=&#8221;4.16&#8243; global_colors_info=&#8221;{}&#8221; theme_builder_area=&#8221;post_content&#8221;]<\/p>\n<h2>Quels sont les avantages des v\u00e9randas \u00e9volutives en alu ?<\/h2>\n<p>Le concept de l\u2019abri de terrasse ne pr\u00e9sente que des avantages :<\/p>\n<ul>\n<li>les profil\u00e9s en aluminium sont robustes et discrets ;<\/li>\n<li>les panneaux vitr\u00e9s vous permettent d\u2019avoir une vue panoramique sur votre jardin ;<\/li>\n<li>cette extension s\u2019int\u00e8gre parfaitement dans l\u2019architecture de votre maison ;<\/li>\n<li>vous avez la possibilit\u00e9 de l\u2019agrandir si votre terrasse s\u2019\u00e9largit. Si vous comptez construire une piscine devant votre salon, vous pouvez commander une <a href=\"https:\/\/www.verandair.com\/fr\/pergolas\/\">protection sur mesure<\/a> qui la recouvrira enti\u00e8rement ;<\/li>\n<li>par rapport \u00e0 une construction en dur, elle s\u2019enl\u00e8ve plus facilement au cas o\u00f9 vous voudriez modifier votre maison ;<\/li>\n<li>la transformation <a href=\"https:\/\/www.verandair.com\/fr\/pergolas\/\">pergolas<\/a>\/v\u00e9randas se fait en quelques instants ;<\/li>\n<li>elle peut \u00eatre plac\u00e9e sur tout rev\u00eatement de sol : bois, carrelage, pierre, etc.<\/li>\n<li>elle ne craint pas la rouille tout en \u00e9tant ais\u00e9e \u00e0 entretenir ;<\/li>\n<li>elle est confortable et en hiver, elle est naturellement chauff\u00e9e par les rayonnements solaires gr\u00e2ce \u00e0 son \u00e9pais vitrage.<\/li>\n<\/ul>\n<p>[\/et_pb_text][et_pb_button button_url=&#8221;https:\/\/www.verandair.com\/fr\/contact\/&#8221; button_text=&#8221;Parlons de votre projet&#8221; button_alignment=&#8221;center&#8221; _builder_version=&#8221;4.16&#8243; global_colors_info=&#8221;{}&#8221; theme_builder_area=&#8221;post_content&#8221;][\/et_pb_button][\/et_pb_column][\/et_pb_row][\/et_pb_section][et_pb_section fb_built=&#8221;1&#8243; _builder_version=&#8221;4.27.5&#8243; _module_preset=&#8221;a37cb46d-a9cb-4f77-bbbd-8966bde7aff0&#8243; saved_tabs=&#8221;all&#8221; locked=&#8221;off&#8221; global_colors_info=&#8221;{}&#8221; global_module=&#8221;74566&#8243; theme_builder_area=&#8221;post_content&#8221;][et_pb_row _builder_version=&#8221;4.27.5&#8243; _module_preset=&#8221;default&#8221; width=&#8221;100%&#8221; max_width=&#8221;100%&#8221; custom_padding=&#8221;0px|20px||20px|false|true&#8221; global_colors_info=&#8221;{}&#8221; theme_builder_area=&#8221;post_content&#8221;][et_pb_column type=&#8221;4_4&#8243; _builder_version=&#8221;4.23.4&#8243; _module_preset=&#8221;default&#8221; custom_padding=&#8221;50px||||false|false&#8221; global_colors_info=&#8221;{}&#8221; theme_builder_area=&#8221;post_content&#8221;][et_pb_image src=&#8221;https:\/\/www.verandair.com\/wp-content\/uploads\/2026\/02\/VERAN-brochure-A4-2026.webp&#8221; alt=&#8221;Brochure 2026 Verandair&#8221; title_text=&#8221;VERAN-brochure-A4-2026&#8243; align=&#8221;center&#8221; _builder_version=&#8221;4.27.5&#8243; _module_preset=&#8221;default&#8221; max_width=&#8221;300px&#8221; max_width_last_edited=&#8221;off|desktop&#8221; custom_margin=&#8221;0px||0px||false|false&#8221; scroll_vertical_motion_enable=&#8221;on&#8221; scroll_vertical_motion=&#8221;0|40|40|100|-0.5|0|0&#8243; scroll_fade_enable=&#8221;on&#8221; scroll_fade=&#8221;0|40|40|100|0|100|100&#8243; global_colors_info=&#8221;{}&#8221; theme_builder_area=&#8221;post_content&#8221;][\/et_pb_image][et_pb_text _builder_version=&#8221;4.27.5&#8243; _module_preset=&#8221;default&#8221; header_2_font_size=&#8221;32px&#8221; text_orientation=&#8221;center&#8221; custom_margin=&#8221;||15px||false|false&#8221; global_colors_info=&#8221;{%22gcid-4f3ca7d5-152d-4540-91b1-cc24563bf794%22:%91%22text_text_shadow_color%22%93}&#8221; theme_builder_area=&#8221;post_content&#8221;]<\/p>\n<h2><strong>Envie d&#8217;en savoir plus<\/strong> avant de vous d\u00e9cider ?<br \/><span data-metadata=\"&lt;!--(figmeta)eyJmaWxlS2V5IjoiNDJrcExzUGY2N0VsN0FkMldFdElreCIsInBhc3RlSUQiOjI4MTE1MTAxNSwiZGF0YVR5cGUiOiJzY2VuZSJ9Cg==(\/figmeta)--&gt;\"><\/span><\/h2>\n<p>[\/et_pb_text][et_pb_divider show_divider=&#8221;off&#8221; _builder_version=&#8221;4.27.5&#8243; _module_preset=&#8221;2adabd0f-cb12-404f-9aa7-a3088280e564&#8243; module_alignment=&#8221;center&#8221; global_colors_info=&#8221;{}&#8221; theme_builder_area=&#8221;post_content&#8221;][\/et_pb_divider][et_pb_text _builder_version=&#8221;4.27.5&#8243; _module_preset=&#8221;default&#8221; text_orientation=&#8221;center&#8221; custom_margin=&#8221;||50px||false|false&#8221; global_colors_info=&#8221;{%22gcid-4f3ca7d5-152d-4540-91b1-cc24563bf794%22:%91%22text_text_shadow_color%22%93}&#8221; theme_builder_area=&#8221;post_content&#8221;]<\/p>\n<p><span><strong>T\u00e9l\u00e9chargez la nouvelle brochure 2026<\/strong>\u00a0et d\u00e9couvrez notre <strong>gamme compl\u00e8te de produits<\/strong> pour profiter de votre vie en plein air toute l&#8217;ann\u00e9e.<\/span><\/p>\n<p>[\/et_pb_text][et_pb_button button_url=&#8221;https:\/\/info.verandair.com\/brochure-2026\/&#8221; url_new_window=&#8221;on&#8221; button_text=&#8221;Je t\u00e9l\u00e9charge ma brochure&#8221; button_alignment=&#8221;center&#8221; _builder_version=&#8221;4.27.5&#8243; _module_preset=&#8221;ae8d3791-01a2-4c4b-b221-c3f14f812284&#8243; global_colors_info=&#8221;{}&#8221; theme_builder_area=&#8221;post_content&#8221;][\/et_pb_button][\/et_pb_column][\/et_pb_row][\/et_pb_section]<\/p>\n","protected":false},"excerpt":{"rendered":"<p>D\u00e9couvrez pourquoi la pergola \u00e9volutive est une solution int\u00e9ressante pour vous.<\/p>\n","protected":false},"author":9,"featured_media":26847,"comment_status":"closed","ping_status":"closed","sticky":false,"template":"","format":"standard","meta":{"_acf_changed":false,"_et_pb_use_builder":"on","_et_pb_old_content":"","_et_gb_content_width":"","inline_featured_image":false,"footnotes":""},"categories":[32,33],"tags":[],"class_list":["post-31108","post","type-post","status-publish","format-standard","has-post-thumbnail","hentry","category-abri-de-terrasse","category-pergolas"],"acf":[],"yoast_head":"<!-- This site is optimized with the Yoast SEO plugin v27.5 - https:\/\/yoast.com\/product\/yoast-seo-wordpress\/ -->\n<title>Pourquoi craquer pour une pergola \u00e9volutive en v\u00e9randa ?<\/title>\n<meta name=\"description\" content=\"Vous h\u00e9sitez entre une pergola et une v\u00e9randa ? En fonction de votre budget privil\u00e9giez une pergola \u00e9volutive.\" \/>\n<meta name=\"robots\" content=\"index, follow, max-snippet:-1, max-image-preview:large, max-video-preview:-1\" \/>\n<link rel=\"canonical\" href=\"https:\/\/www.verandair.com\/fr\/quels-sont-les-avantages-des-pergolas-evolutives-en-verandas\/\" \/>\n<meta property=\"og:locale\" content=\"fr_FR\" \/>\n<meta property=\"og:type\" content=\"article\" \/>\n<meta property=\"og:title\" content=\"Pourquoi craquer pour une pergola \u00e9volutive en v\u00e9randa ?\" \/>\n<meta property=\"og:description\" content=\"Vous h\u00e9sitez entre une pergola et une v\u00e9randa ? En fonction de votre budget privil\u00e9giez une pergola \u00e9volutive.\" \/>\n<meta property=\"og:url\" content=\"https:\/\/www.verandair.com\/fr\/quels-sont-les-avantages-des-pergolas-evolutives-en-verandas\/\" \/>\n<meta property=\"og:site_name\" content=\"VERANDAIR\u00ae\" \/>\n<meta property=\"article:published_time\" content=\"2022-05-24T09:50:46+00:00\" \/>\n<meta property=\"article:modified_time\" content=\"2026-02-27T14:31:23+00:00\" \/>\n<meta property=\"og:image\" content=\"https:\/\/www.verandair.com\/wp-content\/uploads\/2021\/10\/IMG-20200531-WA0002.jpg\" \/>\n\t<meta property=\"og:image:width\" content=\"1920\" \/>\n\t<meta property=\"og:image:height\" content=\"1440\" \/>\n\t<meta property=\"og:image:type\" content=\"image\/jpeg\" \/>\n<meta name=\"author\" content=\"Jade\" \/>\n<meta name=\"twitter:card\" content=\"summary_large_image\" \/>\n<meta name=\"twitter:label1\" content=\"\u00c9crit par\" \/>\n\t<meta name=\"twitter:data1\" content=\"Jade\" \/>\n\t<meta name=\"twitter:label2\" content=\"Dur\u00e9e de lecture estim\u00e9e\" \/>\n\t<meta name=\"twitter:data2\" content=\"4 minutes\" \/>\n<script type=\"application\/ld+json\" class=\"yoast-schema-graph\">{\"@context\":\"https:\\\/\\\/schema.org\",\"@graph\":[{\"@type\":\"Article\",\"@id\":\"https:\\\/\\\/www.verandair.com\\\/fr\\\/quels-sont-les-avantages-des-pergolas-evolutives-en-verandas\\\/#article\",\"isPartOf\":{\"@id\":\"https:\\\/\\\/www.verandair.com\\\/fr\\\/quels-sont-les-avantages-des-pergolas-evolutives-en-verandas\\\/\"},\"author\":{\"name\":\"Jade\",\"@id\":\"https:\\\/\\\/www.verandair.com\\\/fr\\\/#\\\/schema\\\/person\\\/da64cd926898cbc86665dfb40089fbd6\"},\"headline\":\"Quels sont les avantages des pergolas \u00e9volutives en v\u00e9randas ?\",\"datePublished\":\"2022-05-24T09:50:46+00:00\",\"dateModified\":\"2026-02-27T14:31:23+00:00\",\"mainEntityOfPage\":{\"@id\":\"https:\\\/\\\/www.verandair.com\\\/fr\\\/quels-sont-les-avantages-des-pergolas-evolutives-en-verandas\\\/\"},\"wordCount\":1275,\"publisher\":{\"@id\":\"https:\\\/\\\/www.verandair.com\\\/fr\\\/#organization\"},\"image\":{\"@id\":\"https:\\\/\\\/www.verandair.com\\\/fr\\\/quels-sont-les-avantages-des-pergolas-evolutives-en-verandas\\\/#primaryimage\"},\"thumbnailUrl\":\"https:\\\/\\\/www.verandair.com\\\/wp-content\\\/uploads\\\/2021\\\/10\\\/IMG-20200531-WA0002.jpg\",\"articleSection\":[\"Abri de terrasse\",\"Pergolas\"],\"inLanguage\":\"fr-FR\"},{\"@type\":\"WebPage\",\"@id\":\"https:\\\/\\\/www.verandair.com\\\/fr\\\/quels-sont-les-avantages-des-pergolas-evolutives-en-verandas\\\/\",\"url\":\"https:\\\/\\\/www.verandair.com\\\/fr\\\/quels-sont-les-avantages-des-pergolas-evolutives-en-verandas\\\/\",\"name\":\"Pourquoi craquer pour une pergola \u00e9volutive en v\u00e9randa ?\",\"isPartOf\":{\"@id\":\"https:\\\/\\\/www.verandair.com\\\/fr\\\/#website\"},\"primaryImageOfPage\":{\"@id\":\"https:\\\/\\\/www.verandair.com\\\/fr\\\/quels-sont-les-avantages-des-pergolas-evolutives-en-verandas\\\/#primaryimage\"},\"image\":{\"@id\":\"https:\\\/\\\/www.verandair.com\\\/fr\\\/quels-sont-les-avantages-des-pergolas-evolutives-en-verandas\\\/#primaryimage\"},\"thumbnailUrl\":\"https:\\\/\\\/www.verandair.com\\\/wp-content\\\/uploads\\\/2021\\\/10\\\/IMG-20200531-WA0002.jpg\",\"datePublished\":\"2022-05-24T09:50:46+00:00\",\"dateModified\":\"2026-02-27T14:31:23+00:00\",\"description\":\"Vous h\u00e9sitez entre une pergola et une v\u00e9randa ? En fonction de votre budget privil\u00e9giez une pergola \u00e9volutive.\",\"breadcrumb\":{\"@id\":\"https:\\\/\\\/www.verandair.com\\\/fr\\\/quels-sont-les-avantages-des-pergolas-evolutives-en-verandas\\\/#breadcrumb\"},\"inLanguage\":\"fr-FR\",\"potentialAction\":[{\"@type\":\"ReadAction\",\"target\":[\"https:\\\/\\\/www.verandair.com\\\/fr\\\/quels-sont-les-avantages-des-pergolas-evolutives-en-verandas\\\/\"]}]},{\"@type\":\"ImageObject\",\"inLanguage\":\"fr-FR\",\"@id\":\"https:\\\/\\\/www.verandair.com\\\/fr\\\/quels-sont-les-avantages-des-pergolas-evolutives-en-verandas\\\/#primaryimage\",\"url\":\"https:\\\/\\\/www.verandair.com\\\/wp-content\\\/uploads\\\/2021\\\/10\\\/IMG-20200531-WA0002.jpg\",\"contentUrl\":\"https:\\\/\\\/www.verandair.com\\\/wp-content\\\/uploads\\\/2021\\\/10\\\/IMG-20200531-WA0002.jpg\",\"width\":1920,\"height\":1440,\"caption\":\"Pergola gris fonc\u00e9 ferm\u00e9e par quatre baies coulissantes\"},{\"@type\":\"BreadcrumbList\",\"@id\":\"https:\\\/\\\/www.verandair.com\\\/fr\\\/quels-sont-les-avantages-des-pergolas-evolutives-en-verandas\\\/#breadcrumb\",\"itemListElement\":[{\"@type\":\"ListItem\",\"position\":1,\"name\":\"Accueil\",\"item\":{\"@type\":\"WebPage\",\"@id\":\"https:\\\/\\\/www.verandair.com\\\/fr\\\/\",\"name\":\"Accueil\"}},{\"@type\":\"ListItem\",\"position\":2,\"name\":\"Quels sont les avantages des pergolas \u00e9volutives en v\u00e9randas ?\"}]},{\"@type\":\"WebSite\",\"@id\":\"https:\\\/\\\/www.verandair.com\\\/fr\\\/#website\",\"url\":\"https:\\\/\\\/www.verandair.com\\\/fr\\\/\",\"name\":\"VERANDAIR\u00ae\",\"description\":\"\",\"publisher\":{\"@id\":\"https:\\\/\\\/www.verandair.com\\\/fr\\\/#organization\"},\"potentialAction\":[{\"@type\":\"SearchAction\",\"target\":{\"@type\":\"EntryPoint\",\"urlTemplate\":\"https:\\\/\\\/www.verandair.com\\\/fr\\\/?s={search_term_string}\"},\"query-input\":{\"@type\":\"PropertyValueSpecification\",\"valueRequired\":true,\"valueName\":\"search_term_string\"}}],\"inLanguage\":\"fr-FR\"},{\"@type\":\"Organization\",\"@id\":\"https:\\\/\\\/www.verandair.com\\\/fr\\\/#organization\",\"name\":\"Verandair\",\"url\":\"https:\\\/\\\/www.verandair.com\\\/fr\\\/\",\"logo\":{\"@type\":\"ImageObject\",\"inLanguage\":\"fr-FR\",\"@id\":\"https:\\\/\\\/www.verandair.com\\\/fr\\\/#\\\/schema\\\/logo\\\/image\\\/\",\"url\":\"https:\\\/\\\/www.verandair.com\\\/wp-content\\\/uploads\\\/2024\\\/06\\\/VERANDAIR-logo.png\",\"contentUrl\":\"https:\\\/\\\/www.verandair.com\\\/wp-content\\\/uploads\\\/2024\\\/06\\\/VERANDAIR-logo.png\",\"width\":283,\"height\":127,\"caption\":\"Verandair\"},\"image\":{\"@id\":\"https:\\\/\\\/www.verandair.com\\\/fr\\\/#\\\/schema\\\/logo\\\/image\\\/\"}},{\"@type\":\"Person\",\"@id\":\"https:\\\/\\\/www.verandair.com\\\/fr\\\/#\\\/schema\\\/person\\\/da64cd926898cbc86665dfb40089fbd6\",\"name\":\"Jade\",\"image\":{\"@type\":\"ImageObject\",\"inLanguage\":\"fr-FR\",\"@id\":\"https:\\\/\\\/secure.gravatar.com\\\/avatar\\\/23cec229e94be1bbd8d0cc0979d8db37ac94e82a27388cb332d2e4ca9db9df1c?s=96&d=mm&r=g\",\"url\":\"https:\\\/\\\/secure.gravatar.com\\\/avatar\\\/23cec229e94be1bbd8d0cc0979d8db37ac94e82a27388cb332d2e4ca9db9df1c?s=96&d=mm&r=g\",\"contentUrl\":\"https:\\\/\\\/secure.gravatar.com\\\/avatar\\\/23cec229e94be1bbd8d0cc0979d8db37ac94e82a27388cb332d2e4ca9db9df1c?s=96&d=mm&r=g\",\"caption\":\"Jade\"}}]}<\/script>\n<!-- \/ Yoast SEO plugin. -->","yoast_head_json":{"title":"Pourquoi craquer pour une pergola \u00e9volutive en v\u00e9randa ?","description":"Vous h\u00e9sitez entre une pergola et une v\u00e9randa ? En fonction de votre budget privil\u00e9giez une pergola \u00e9volutive.","robots":{"index":"index","follow":"follow","max-snippet":"max-snippet:-1","max-image-preview":"max-image-preview:large","max-video-preview":"max-video-preview:-1"},"canonical":"https:\/\/www.verandair.com\/fr\/quels-sont-les-avantages-des-pergolas-evolutives-en-verandas\/","og_locale":"fr_FR","og_type":"article","og_title":"Pourquoi craquer pour une pergola \u00e9volutive en v\u00e9randa ?","og_description":"Vous h\u00e9sitez entre une pergola et une v\u00e9randa ? En fonction de votre budget privil\u00e9giez une pergola \u00e9volutive.","og_url":"https:\/\/www.verandair.com\/fr\/quels-sont-les-avantages-des-pergolas-evolutives-en-verandas\/","og_site_name":"VERANDAIR\u00ae","article_published_time":"2022-05-24T09:50:46+00:00","article_modified_time":"2026-02-27T14:31:23+00:00","og_image":[{"width":1920,"height":1440,"url":"https:\/\/www.verandair.com\/wp-content\/uploads\/2021\/10\/IMG-20200531-WA0002.jpg","type":"image\/jpeg"}],"author":"Jade","twitter_card":"summary_large_image","twitter_misc":{"\u00c9crit par":"Jade","Dur\u00e9e de lecture estim\u00e9e":"4 minutes"},"schema":{"@context":"https:\/\/schema.org","@graph":[{"@type":"Article","@id":"https:\/\/www.verandair.com\/fr\/quels-sont-les-avantages-des-pergolas-evolutives-en-verandas\/#article","isPartOf":{"@id":"https:\/\/www.verandair.com\/fr\/quels-sont-les-avantages-des-pergolas-evolutives-en-verandas\/"},"author":{"name":"Jade","@id":"https:\/\/www.verandair.com\/fr\/#\/schema\/person\/da64cd926898cbc86665dfb40089fbd6"},"headline":"Quels sont les avantages des pergolas \u00e9volutives en v\u00e9randas ?","datePublished":"2022-05-24T09:50:46+00:00","dateModified":"2026-02-27T14:31:23+00:00","mainEntityOfPage":{"@id":"https:\/\/www.verandair.com\/fr\/quels-sont-les-avantages-des-pergolas-evolutives-en-verandas\/"},"wordCount":1275,"publisher":{"@id":"https:\/\/www.verandair.com\/fr\/#organization"},"image":{"@id":"https:\/\/www.verandair.com\/fr\/quels-sont-les-avantages-des-pergolas-evolutives-en-verandas\/#primaryimage"},"thumbnailUrl":"https:\/\/www.verandair.com\/wp-content\/uploads\/2021\/10\/IMG-20200531-WA0002.jpg","articleSection":["Abri de terrasse","Pergolas"],"inLanguage":"fr-FR"},{"@type":"WebPage","@id":"https:\/\/www.verandair.com\/fr\/quels-sont-les-avantages-des-pergolas-evolutives-en-verandas\/","url":"https:\/\/www.verandair.com\/fr\/quels-sont-les-avantages-des-pergolas-evolutives-en-verandas\/","name":"Pourquoi craquer pour une pergola \u00e9volutive en v\u00e9randa ?","isPartOf":{"@id":"https:\/\/www.verandair.com\/fr\/#website"},"primaryImageOfPage":{"@id":"https:\/\/www.verandair.com\/fr\/quels-sont-les-avantages-des-pergolas-evolutives-en-verandas\/#primaryimage"},"image":{"@id":"https:\/\/www.verandair.com\/fr\/quels-sont-les-avantages-des-pergolas-evolutives-en-verandas\/#primaryimage"},"thumbnailUrl":"https:\/\/www.verandair.com\/wp-content\/uploads\/2021\/10\/IMG-20200531-WA0002.jpg","datePublished":"2022-05-24T09:50:46+00:00","dateModified":"2026-02-27T14:31:23+00:00","description":"Vous h\u00e9sitez entre une pergola et une v\u00e9randa ? En fonction de votre budget privil\u00e9giez une pergola \u00e9volutive.","breadcrumb":{"@id":"https:\/\/www.verandair.com\/fr\/quels-sont-les-avantages-des-pergolas-evolutives-en-verandas\/#breadcrumb"},"inLanguage":"fr-FR","potentialAction":[{"@type":"ReadAction","target":["https:\/\/www.verandair.com\/fr\/quels-sont-les-avantages-des-pergolas-evolutives-en-verandas\/"]}]},{"@type":"ImageObject","inLanguage":"fr-FR","@id":"https:\/\/www.verandair.com\/fr\/quels-sont-les-avantages-des-pergolas-evolutives-en-verandas\/#primaryimage","url":"https:\/\/www.verandair.com\/wp-content\/uploads\/2021\/10\/IMG-20200531-WA0002.jpg","contentUrl":"https:\/\/www.verandair.com\/wp-content\/uploads\/2021\/10\/IMG-20200531-WA0002.jpg","width":1920,"height":1440,"caption":"Pergola gris fonc\u00e9 ferm\u00e9e par quatre baies coulissantes"},{"@type":"BreadcrumbList","@id":"https:\/\/www.verandair.com\/fr\/quels-sont-les-avantages-des-pergolas-evolutives-en-verandas\/#breadcrumb","itemListElement":[{"@type":"ListItem","position":1,"name":"Accueil","item":{"@type":"WebPage","@id":"https:\/\/www.verandair.com\/fr\/","name":"Accueil"}},{"@type":"ListItem","position":2,"name":"Quels sont les avantages des pergolas \u00e9volutives en v\u00e9randas ?"}]},{"@type":"WebSite","@id":"https:\/\/www.verandair.com\/fr\/#website","url":"https:\/\/www.verandair.com\/fr\/","name":"VERANDAIR\u00ae","description":"","publisher":{"@id":"https:\/\/www.verandair.com\/fr\/#organization"},"potentialAction":[{"@type":"SearchAction","target":{"@type":"EntryPoint","urlTemplate":"https:\/\/www.verandair.com\/fr\/?s={search_term_string}"},"query-input":{"@type":"PropertyValueSpecification","valueRequired":true,"valueName":"search_term_string"}}],"inLanguage":"fr-FR"},{"@type":"Organization","@id":"https:\/\/www.verandair.com\/fr\/#organization","name":"Verandair","url":"https:\/\/www.verandair.com\/fr\/","logo":{"@type":"ImageObject","inLanguage":"fr-FR","@id":"https:\/\/www.verandair.com\/fr\/#\/schema\/logo\/image\/","url":"https:\/\/www.verandair.com\/wp-content\/uploads\/2024\/06\/VERANDAIR-logo.png","contentUrl":"https:\/\/www.verandair.com\/wp-content\/uploads\/2024\/06\/VERANDAIR-logo.png","width":283,"height":127,"caption":"Verandair"},"image":{"@id":"https:\/\/www.verandair.com\/fr\/#\/schema\/logo\/image\/"}},{"@type":"Person","@id":"https:\/\/www.verandair.com\/fr\/#\/schema\/person\/da64cd926898cbc86665dfb40089fbd6","name":"Jade","image":{"@type":"ImageObject","inLanguage":"fr-FR","@id":"https:\/\/secure.gravatar.com\/avatar\/23cec229e94be1bbd8d0cc0979d8db37ac94e82a27388cb332d2e4ca9db9df1c?s=96&d=mm&r=g","url":"https:\/\/secure.gravatar.com\/avatar\/23cec229e94be1bbd8d0cc0979d8db37ac94e82a27388cb332d2e4ca9db9df1c?s=96&d=mm&r=g","contentUrl":"https:\/\/secure.gravatar.com\/avatar\/23cec229e94be1bbd8d0cc0979d8db37ac94e82a27388cb332d2e4ca9db9df1c?s=96&d=mm&r=g","caption":"Jade"}}]}},"_links":{"self":[{"href":"https:\/\/www.verandair.com\/fr\/wp-json\/wp\/v2\/posts\/31108","targetHints":{"allow":["GET"]}}],"collection":[{"href":"https:\/\/www.verandair.com\/fr\/wp-json\/wp\/v2\/posts"}],"about":[{"href":"https:\/\/www.verandair.com\/fr\/wp-json\/wp\/v2\/types\/post"}],"author":[{"embeddable":true,"href":"https:\/\/www.verandair.com\/fr\/wp-json\/wp\/v2\/users\/9"}],"replies":[{"embeddable":true,"href":"https:\/\/www.verandair.com\/fr\/wp-json\/wp\/v2\/comments?post=31108"}],"version-history":[{"count":3,"href":"https:\/\/www.verandair.com\/fr\/wp-json\/wp\/v2\/posts\/31108\/revisions"}],"predecessor-version":[{"id":74656,"href":"https:\/\/www.verandair.com\/fr\/wp-json\/wp\/v2\/posts\/31108\/revisions\/74656"}],"wp:featuredmedia":[{"embeddable":true,"href":"https:\/\/www.verandair.com\/fr\/wp-json\/wp\/v2\/media\/26847"}],"wp:attachment":[{"href":"https:\/\/www.verandair.com\/fr\/wp-json\/wp\/v2\/media?parent=31108"}],"wp:term":[{"taxonomy":"category","embeddable":true,"href":"https:\/\/www.verandair.com\/fr\/wp-json\/wp\/v2\/categories?post=31108"},{"taxonomy":"post_tag","embeddable":true,"href":"https:\/\/www.verandair.com\/fr\/wp-json\/wp\/v2\/tags?post=31108"}],"curies":[{"name":"wp","href":"https:\/\/api.w.org\/{rel}","templated":true}]}}