{"id":31117,"date":"2022-05-30T12:20:38","date_gmt":"2022-05-30T10:20:38","guid":{"rendered":"https:\/\/www.verandair.com\/?p=31117"},"modified":"2022-05-30T12:20:38","modified_gmt":"2022-05-30T10:20:38","slug":"eclairage-exterieur-pergola","status":"publish","type":"post","link":"https:\/\/www.verandair.com\/fr\/eclairage-exterieur-pergola\/","title":{"rendered":"Quel \u00e9clairage ext\u00e9rieur pour votre pergola?"},"content":{"rendered":"<p>[et_pb_section fb_built=&#8221;1&#8243; admin_label=&#8221;section&#8221; _builder_version=&#8221;4.16&#8243; global_colors_info=&#8221;{}&#8221;][et_pb_row admin_label=&#8221;row&#8221; _builder_version=&#8221;4.16&#8243; background_size=&#8221;initial&#8221; background_position=&#8221;top_left&#8221; background_repeat=&#8221;repeat&#8221; global_colors_info=&#8221;{}&#8221;][et_pb_column type=&#8221;4_4&#8243; _builder_version=&#8221;4.16&#8243; custom_padding=&#8221;|||&#8221; global_colors_info=&#8221;{}&#8221; custom_padding__hover=&#8221;|||&#8221;][et_pb_text _builder_version=&#8221;4.16&#8243; global_colors_info=&#8221;{}&#8221;]<\/p>\n<p>Pour <strong>profiter de votre <a href=\"https:\/\/www.verandair.com\/fr\/pergolas\/\">pergola<\/a><\/strong> pendant les soir\u00e9es estivales, il est indispensable de l\u2019\u00e9clairer efficacement afin d\u2019y cr\u00e9er une ambiance douce et confortable. Lumi\u00e8res leds ou d\u00e9coratives, ampoules solaires, \u2026 vous n\u2019aurez que l\u2019embarras du choix quant aux <strong>mod\u00e8les de luminaires<\/strong> destin\u00e9s \u00e0 illuminer votre terrasse.<\/p>\n<h2>Optez pour un syst\u00e8me luminaire int\u00e9gr\u00e9 \u00e0 la structure<\/h2>\n<p>Si votre <a href=\"https:\/\/www.verandair.com\/fr\/pergolas\/\">pergola en aluminium<\/a> n\u2019est pas encore install\u00e9e sur la terrasse de votre maison, pensez \u00e0 placer un <strong>syst\u00e8me d\u2019\u00e9clairage LED int\u00e9gr\u00e9<\/strong> au cadre. Vous profiterez ainsi d\u2019une agr\u00e9able luminosit\u00e9 et d\u2019un confort optimis\u00e9. De plus, ces \u00e9clairages sont pens\u00e9s sp\u00e9cifiquement pour embellir votre structure et lui donner un c\u00f4t\u00e9 design tr\u00e8s tendance.<\/p>\n<p>[\/et_pb_text][et_pb_button button_url=&#8221;https:\/\/www.verandair.com\/fr\/contact\/&#8221; button_text=&#8221;Parlons de votre projet&#8221; button_alignment=&#8221;center&#8221; _builder_version=&#8221;4.16&#8243; global_colors_info=&#8221;{}&#8221;][\/et_pb_button][et_pb_text _builder_version=&#8221;4.16&#8243; global_colors_info=&#8221;{}&#8221;]<\/p>\n<h2>Quelques autres solutions<\/h2>\n<p>Votre v\u00e9randa ou <a href=\"https:\/\/www.verandair.com\/fr\/pergolas\/\">pergola<\/a> est d\u00e9j\u00e0 construite\u00a0? Il existe bien d\u2019autres solutions pour vous permettre de l\u2019\u00e9clairer.<\/p>\n<h3>Les rubans LED<\/h3>\n<p>Tr\u00e8s tendance, <strong>les rubans LED<\/strong> s\u2019ajoutent \u00e0 la structure de votre <a href=\"https:\/\/www.verandair.com\/fr\/pergolas\/\">pergola<\/a>, qu\u2019elle soit en bois ou en aluminium, <a href=\"https:\/\/www.verandair.com\/fr\/pergolas\/la-pergola-bioclimatique\/\">bioclimatique<\/a> ou non. Ce sont des luminaires de basse tension d\u2019une grande efficacit\u00e9. Vous pouvez choisir la longueur de ruban qui convient et le couper en plusieurs parties pour les placer \u00e0 l\u2019int\u00e9rieur des poutres de votre structure.<\/p>\n<p>Plusieurs types de rubans sont propos\u00e9s : des rubans \u00e0 la lumi\u00e8re blanche et aux teintes vari\u00e9es (teinte chaude, moyenne ou naturelle), des rubans qui permettent de contr\u00f4ler les teintes selon l\u2019ambiance que l\u2019on veut cr\u00e9er ou m\u00eame des rubans avec des lumi\u00e8res LED de diff\u00e9rentes couleurs.<\/p>\n<p>Si les rubans ne peuvent \u00eatre plac\u00e9s sur les poutres de votre pergola, il sera n\u00e9cessaire de les int\u00e9grer dans des profil\u00e9s, barres \u00e9tanches que l\u2019on trouve sous diverses formes. Les profil\u00e9s les plus fonctionnels sont les barres obliques, mais selon le besoin, des barres plates peuvent s\u2019av\u00e9rer plus adapt\u00e9es.<\/p>\n<h3>Des guirlandes lumineuses<\/h3>\n<p>Accroch\u00e9es aux poutres de l\u2019ossature de votre abri ou \u00e0 la verticale de son store, les guirlandes lumineuses lui offrent un <strong>c\u00f4t\u00e9 boh\u00e8me cocooning<\/strong>. Des mod\u00e8les allant du blanc variable \u00e0 ceux multicolores d\u00e9corent avec go\u00fbt votre jardin.<\/p>\n<h3>Des suspensions<\/h3>\n<p>Pour ceux qui sont plus port\u00e9s sur un <strong>design contemporain<\/strong>, des lampes ou plafonniers dot\u00e9s d&#8217;ampoules seront la solution parfaite pour une d\u00e9co moderne.<\/p>\n<h3>Un \u00e9clairage solaire<\/h3>\n<p>Pour une <strong>atmosph\u00e8re \u00e9coresponsable<\/strong>, pourquoi ne pas utiliser une \u00e9nergie gratuite et \u00e0 notre service : l\u2019\u00e9nergie solaire. Les lampes solaires se pr\u00e9sentent sous diff\u00e9rents aspects comme des spots \u00e0 piquer ou des appliques murales. Elles b\u00e9n\u00e9ficient g\u00e9n\u00e9ralement d\u2019une autonomie d\u2019environ 8 heures.<\/p>\n<h3>Des appliques murales<\/h3>\n<p>Id\u00e9ales lorsque les <a href=\"https:\/\/www.verandair.com\/fr\/pergolas\/\"><strong>pergolas sont adoss\u00e9es<\/strong> sur un mur de maison<\/a>, les appliques murales offrent l\u2019avantage d\u2019\u00eatre robustes et pratiques. On trouve des mod\u00e8les et produits tr\u00e8s vari\u00e9s. Certains sont orientables et d\u2019autres sont munis d\u2019un m\u00e9canisme de d\u00e9tecteur de mouvements.<\/p>\n<h3>Des spots LED ext\u00e9rieurs<\/h3>\n<p><strong>Les spots<\/strong> sont une des options les plus \u00e9conomiques si vous souhaitez cr\u00e9er une ambiance r\u00e9confortante avec une luminosit\u00e9 douce et chaude. \u00c9conomiques et \u00e9cologiques, certains mod\u00e8les d\u00e9tectent les mouvements.<\/p>\n<p>[\/et_pb_text][et_pb_image src=&#8221;https:\/\/www.verandair.com\/wp-content\/uploads\/2021\/10\/Corradi_Bioclimatic_Maestro-37.jpg&#8221; align_tablet=&#8221;center&#8221; align_last_edited=&#8221;on|desktop&#8221; _builder_version=&#8221;4.16&#8243; global_colors_info=&#8221;{}&#8221; align_phone=&#8221;center&#8221;][\/et_pb_image][et_pb_text _builder_version=&#8221;4.16&#8243; global_colors_info=&#8221;{}&#8221;]<\/p>\n<h2>Les crit\u00e8res de choix pour l\u2019achat d\u2019un \u00e9clairage ext\u00e9rieur de votre pergola<\/h2>\n<h3>L\u2019indice de protection<\/h3>\n<p>Le premier \u00e9l\u00e9ment \u00e0 observer pour choisir vos \u00e9clairages ext\u00e9rieurs est l\u2019indice de protection des luminaires. Ce dernier tient compte de divers facteurs de risques, comme les intemp\u00e9ries (pluie, vent, verglas, etc.), ou les projections de poussi\u00e8re ou d\u00e9bris. Les \u00e9clairages LED pour <a href=\"https:\/\/www.verandair.com\/fr\/pergolas\/\">pergolas<\/a> sont con\u00e7us pour un usage ext\u00e9rieur. Cependant, chaque produit \u00e9tanche poss\u00e8de un indice diff\u00e9rent en fonction de son emplacement (pergola encastr\u00e9e, susceptible d\u2019\u00eatre en contact d\u2019\u00e9claboussures d\u2019eau, voire non abrit\u00e9e).<\/p>\n<h3>La temp\u00e9rature de couleur<\/h3>\n<p>La couleur de la lumi\u00e8re s\u2019exprime en <strong>degr\u00e9 kelvin<\/strong>. Plus la temp\u00e9rature des couleurs est \u00e9lev\u00e9e, plus la lumi\u00e8re est blanche. Un blanc neutre se rapprochera de la lumi\u00e8re naturelle du jour, tandis qu\u2019un blanc froid ne sera pas tr\u00e8s adapt\u00e9 pour une ambiance chaleureuse.<\/p>\n<h3>La consommation \u00e9lectrique<\/h3>\n<p>Les syst\u00e8mes d\u2019\u00e9clairages LED ont l\u2019avantage de consommer tr\u00e8s peu d\u2019\u00e9nergie, contrairement \u00e0 des ampoules classiques. La consommation est exprim\u00e9e en watts (W) et correspond \u00e0 la quantit\u00e9 d\u2019\u00e9nergie utilis\u00e9e.<\/p>\n<h3>L\u2019intensit\u00e9 lumineuse<\/h3>\n<p>Celle-ci est exprim\u00e9e en lumens (lm) et correspond \u00e0 la quantit\u00e9 lumineuse diffus\u00e9e autour. Plus l&#8217;indice est \u00e9lev\u00e9, plus la lumi\u00e8re est intense.<\/p>\n<p>[\/et_pb_text][et_pb_button button_url=&#8221;https:\/\/www.verandair.com\/fr\/contact\/&#8221; button_text=&#8221;Parlons de votre projet&#8221; button_alignment=&#8221;center&#8221; _builder_version=&#8221;4.16&#8243; global_colors_info=&#8221;{}&#8221;][\/et_pb_button][\/et_pb_column][\/et_pb_row][\/et_pb_section][et_pb_section fb_built=&#8221;1&#8243; admin_label=&#8221;CTA Guide achat Abri Terrasse&#8221; _builder_version=&#8221;4.16&#8243; background_color=&#8221;#009f9c&#8221; custom_margin=&#8221;|||&#8221; saved_tabs=&#8221;all&#8221; global_colors_info=&#8221;{}&#8221; theme_builder_area=&#8221;post_content&#8221;][et_pb_row column_structure=&#8221;1_3,2_3&#8243; use_custom_gutter=&#8221;on&#8221; gutter_width=&#8221;1&#8243; make_equal=&#8221;on&#8221; padding_top_bottom_link_2=&#8221;false&#8221; padding_left_right_link_1=&#8221;true&#8221; padding_left_right_link_2=&#8221;true&#8221; _builder_version=&#8221;4.16&#8243; background_color=&#8221;#ffffff&#8221; global_colors_info=&#8221;{}&#8221; theme_builder_area=&#8221;post_content&#8221;][et_pb_column type=&#8221;1_3&#8243; _builder_version=&#8221;4.16&#8243; custom_padding=&#8221;|20px||20px&#8221; global_colors_info=&#8221;{}&#8221; custom_padding__hover=&#8221;|||&#8221; theme_builder_area=&#8221;post_content&#8221;][et_pb_image src=&#8221;https:\/\/www.verandair.com\/wp-content\/uploads\/2021\/11\/guide-achat-ABTR.png&#8221; url=&#8221;https:\/\/info.verandair.com\/guide-abri-terrasse\/&#8221; url_new_window=&#8221;on&#8221; align=&#8221;center&#8221; align_tablet=&#8221;center&#8221; align_phone=&#8221;center&#8221; align_last_edited=&#8221;on|desktop&#8221; _builder_version=&#8221;4.19.2&#8243; custom_margin=&#8221;||0px|&#8221; custom_padding=&#8221;|0px||&#8221; custom_css_main_element=&#8221;max-width:280px;&#8221; global_colors_info=&#8221;{}&#8221; theme_builder_area=&#8221;post_content&#8221;][\/et_pb_image][\/et_pb_column][et_pb_column type=&#8221;2_3&#8243; _builder_version=&#8221;4.16&#8243; custom_padding=&#8221;30px|30px|0px|30px&#8221; global_colors_info=&#8221;{}&#8221; custom_padding__hover=&#8221;|||&#8221; theme_builder_area=&#8221;post_content&#8221;][et_pb_text _builder_version=&#8221;4.19.2&#8243; text_font=&#8221;||||||||&#8221; text_font_size=&#8221;30px&#8221; header_font=&#8221;||||||||&#8221; header_2_font=&#8221;||||||||&#8221; header_3_font=&#8221;||||||||&#8221; header_3_font_size=&#8221;20px&#8221; custom_margin=&#8221;||20px&#8221; global_colors_info=&#8221;{}&#8221; theme_builder_area=&#8221;post_content&#8221;]<\/p>\n<h3 style=\"text-align: center;\">Encore ind\u00e9cis?<\/h3>\n<p>[\/et_pb_text][et_pb_text _builder_version=&#8221;4.19.2&#8243; text_font=&#8221;||||||||&#8221; custom_margin=&#8221;||20px&#8221; global_colors_info=&#8221;{}&#8221; theme_builder_area=&#8221;post_content&#8221;]<\/p>\n<p style=\"text-align: center; font-size: 20px; line-height: 30px;\">Notre guide d&#8217;achat simplifie votre choix avec 19 questions-cl\u00e9s \u00e0 se poser. Evitez les surprises et profitez pleinement de votre futur abri de terrasse!\u00a0<\/p>\n<p>[\/et_pb_text][et_pb_button button_url=&#8221;https:\/\/info.verandair.com\/guide-abri-terrasse\/&#8221; url_new_window=&#8221;on&#8221; button_text=&#8221;\u00bb CLIQUEZ ICI POUR VOTRE GUIDE&#8221; button_alignment=&#8221;center&#8221; module_class=&#8221;custom-btn-orange&#8221; _builder_version=&#8221;4.19.2&#8243; custom_margin=&#8221;||0px&#8221; global_colors_info=&#8221;{}&#8221; theme_builder_area=&#8221;post_content&#8221;][\/et_pb_button][et_pb_code _builder_version=&#8221;4.16&#8243; global_colors_info=&#8221;{}&#8221; theme_builder_area=&#8221;post_content&#8221;]<\/p>\n<style><!-- [et_pb_line_break_holder] -->  a.et_pb_button.custom-btn-orange{<!-- [et_pb_line_break_holder] -->    background:#EF865B!important;<!-- [et_pb_line_break_holder] -->  }<!-- [et_pb_line_break_holder] -->  a.et_pb_button.custom-btn-orange:hover{<!-- [et_pb_line_break_holder] -->    background:#F4AD91!important;<!-- [et_pb_line_break_holder] -->  }<!-- [et_pb_line_break_holder] --><\/style>\n<p>[\/et_pb_code][\/et_pb_column][\/et_pb_row][\/et_pb_section]<\/p>\n","protected":false},"excerpt":{"rendered":"<p>Tous nos conseils pour \u00e9clairer votre structure ext\u00e9rieure.<\/p>\n","protected":false},"author":9,"featured_media":26655,"comment_status":"closed","ping_status":"closed","sticky":false,"template":"","format":"standard","meta":{"_acf_changed":false,"_et_pb_use_builder":"on","_et_pb_old_content":"","_et_gb_content_width":"","inline_featured_image":false,"footnotes":""},"categories":[33],"tags":[],"class_list":["post-31117","post","type-post","status-publish","format-standard","has-post-thumbnail","hentry","category-pergolas"],"acf":[],"yoast_head":"<!-- This site is optimized with the Yoast SEO plugin v27.5 - https:\/\/yoast.com\/product\/yoast-seo-wordpress\/ -->\n<title>Que choisir pour un \u00e9clairage ext\u00e9rieur de pergola ?<\/title>\n<meta name=\"description\" content=\"D\u00e9couvrez des mod\u00e8les de luminaires efficaces, \u00e9conomiques et \u00e9cologiques pour un \u00e9clairage ext\u00e9rieur de votre pergola.\" \/>\n<meta name=\"robots\" content=\"index, follow, max-snippet:-1, max-image-preview:large, max-video-preview:-1\" \/>\n<link rel=\"canonical\" href=\"https:\/\/www.verandair.com\/fr\/eclairage-exterieur-pergola\/\" \/>\n<meta property=\"og:locale\" content=\"fr_FR\" \/>\n<meta property=\"og:type\" content=\"article\" \/>\n<meta property=\"og:title\" content=\"Que choisir pour un \u00e9clairage ext\u00e9rieur de pergola ?\" \/>\n<meta property=\"og:description\" content=\"D\u00e9couvrez des mod\u00e8les de luminaires efficaces, \u00e9conomiques et \u00e9cologiques pour un \u00e9clairage ext\u00e9rieur de votre pergola.\" \/>\n<meta property=\"og:url\" content=\"https:\/\/www.verandair.com\/fr\/eclairage-exterieur-pergola\/\" \/>\n<meta property=\"og:site_name\" content=\"VERANDAIR\u00ae\" \/>\n<meta property=\"article:published_time\" content=\"2022-05-30T10:20:38+00:00\" \/>\n<meta property=\"og:image\" content=\"https:\/\/www.verandair.com\/wp-content\/uploads\/2021\/10\/120455746_3529330580447881_1846351186791920654_n.jpg\" \/>\n\t<meta property=\"og:image:width\" content=\"1573\" \/>\n\t<meta property=\"og:image:height\" content=\"1573\" \/>\n\t<meta property=\"og:image:type\" content=\"image\/jpeg\" \/>\n<meta name=\"author\" content=\"Jade\" \/>\n<meta name=\"twitter:card\" content=\"summary_large_image\" \/>\n<meta name=\"twitter:label1\" content=\"\u00c9crit par\" \/>\n\t<meta name=\"twitter:data1\" content=\"Jade\" \/>\n\t<meta name=\"twitter:label2\" content=\"Dur\u00e9e de lecture estim\u00e9e\" \/>\n\t<meta name=\"twitter:data2\" content=\"5 minutes\" \/>\n<script type=\"application\/ld+json\" class=\"yoast-schema-graph\">{\"@context\":\"https:\\\/\\\/schema.org\",\"@graph\":[{\"@type\":\"Article\",\"@id\":\"https:\\\/\\\/www.verandair.com\\\/fr\\\/eclairage-exterieur-pergola\\\/#article\",\"isPartOf\":{\"@id\":\"https:\\\/\\\/www.verandair.com\\\/fr\\\/eclairage-exterieur-pergola\\\/\"},\"author\":{\"name\":\"Jade\",\"@id\":\"https:\\\/\\\/www.verandair.com\\\/fr\\\/#\\\/schema\\\/person\\\/da64cd926898cbc86665dfb40089fbd6\"},\"headline\":\"Quel \u00e9clairage ext\u00e9rieur pour votre pergola?\",\"datePublished\":\"2022-05-30T10:20:38+00:00\",\"mainEntityOfPage\":{\"@id\":\"https:\\\/\\\/www.verandair.com\\\/fr\\\/eclairage-exterieur-pergola\\\/\"},\"wordCount\":1304,\"publisher\":{\"@id\":\"https:\\\/\\\/www.verandair.com\\\/fr\\\/#organization\"},\"image\":{\"@id\":\"https:\\\/\\\/www.verandair.com\\\/fr\\\/eclairage-exterieur-pergola\\\/#primaryimage\"},\"thumbnailUrl\":\"https:\\\/\\\/www.verandair.com\\\/wp-content\\\/uploads\\\/2021\\\/10\\\/120455746_3529330580447881_1846351186791920654_n.jpg\",\"articleSection\":[\"Pergolas\"],\"inLanguage\":\"fr-FR\"},{\"@type\":\"WebPage\",\"@id\":\"https:\\\/\\\/www.verandair.com\\\/fr\\\/eclairage-exterieur-pergola\\\/\",\"url\":\"https:\\\/\\\/www.verandair.com\\\/fr\\\/eclairage-exterieur-pergola\\\/\",\"name\":\"Que choisir pour un \u00e9clairage ext\u00e9rieur de pergola ?\",\"isPartOf\":{\"@id\":\"https:\\\/\\\/www.verandair.com\\\/fr\\\/#website\"},\"primaryImageOfPage\":{\"@id\":\"https:\\\/\\\/www.verandair.com\\\/fr\\\/eclairage-exterieur-pergola\\\/#primaryimage\"},\"image\":{\"@id\":\"https:\\\/\\\/www.verandair.com\\\/fr\\\/eclairage-exterieur-pergola\\\/#primaryimage\"},\"thumbnailUrl\":\"https:\\\/\\\/www.verandair.com\\\/wp-content\\\/uploads\\\/2021\\\/10\\\/120455746_3529330580447881_1846351186791920654_n.jpg\",\"datePublished\":\"2022-05-30T10:20:38+00:00\",\"description\":\"D\u00e9couvrez des mod\u00e8les de luminaires efficaces, \u00e9conomiques et \u00e9cologiques pour un \u00e9clairage ext\u00e9rieur de votre pergola.\",\"breadcrumb\":{\"@id\":\"https:\\\/\\\/www.verandair.com\\\/fr\\\/eclairage-exterieur-pergola\\\/#breadcrumb\"},\"inLanguage\":\"fr-FR\",\"potentialAction\":[{\"@type\":\"ReadAction\",\"target\":[\"https:\\\/\\\/www.verandair.com\\\/fr\\\/eclairage-exterieur-pergola\\\/\"]}]},{\"@type\":\"ImageObject\",\"inLanguage\":\"fr-FR\",\"@id\":\"https:\\\/\\\/www.verandair.com\\\/fr\\\/eclairage-exterieur-pergola\\\/#primaryimage\",\"url\":\"https:\\\/\\\/www.verandair.com\\\/wp-content\\\/uploads\\\/2021\\\/10\\\/120455746_3529330580447881_1846351186791920654_n.jpg\",\"contentUrl\":\"https:\\\/\\\/www.verandair.com\\\/wp-content\\\/uploads\\\/2021\\\/10\\\/120455746_3529330580447881_1846351186791920654_n.jpg\",\"width\":1573,\"height\":1573,\"caption\":\"Mod\u00e8le d'une pergola bioclimatique qui est pos\u00e9e sur la terrasse du toit d'une maison et qui fait office de salon de d\u00e9tente\"},{\"@type\":\"BreadcrumbList\",\"@id\":\"https:\\\/\\\/www.verandair.com\\\/fr\\\/eclairage-exterieur-pergola\\\/#breadcrumb\",\"itemListElement\":[{\"@type\":\"ListItem\",\"position\":1,\"name\":\"Accueil\",\"item\":{\"@type\":\"WebPage\",\"@id\":\"https:\\\/\\\/www.verandair.com\\\/fr\\\/\",\"name\":\"Accueil\"}},{\"@type\":\"ListItem\",\"position\":2,\"name\":\"Quel \u00e9clairage ext\u00e9rieur pour votre pergola?\"}]},{\"@type\":\"WebSite\",\"@id\":\"https:\\\/\\\/www.verandair.com\\\/fr\\\/#website\",\"url\":\"https:\\\/\\\/www.verandair.com\\\/fr\\\/\",\"name\":\"VERANDAIR\u00ae\",\"description\":\"\",\"publisher\":{\"@id\":\"https:\\\/\\\/www.verandair.com\\\/fr\\\/#organization\"},\"potentialAction\":[{\"@type\":\"SearchAction\",\"target\":{\"@type\":\"EntryPoint\",\"urlTemplate\":\"https:\\\/\\\/www.verandair.com\\\/fr\\\/?s={search_term_string}\"},\"query-input\":{\"@type\":\"PropertyValueSpecification\",\"valueRequired\":true,\"valueName\":\"search_term_string\"}}],\"inLanguage\":\"fr-FR\"},{\"@type\":\"Organization\",\"@id\":\"https:\\\/\\\/www.verandair.com\\\/fr\\\/#organization\",\"name\":\"Verandair\",\"url\":\"https:\\\/\\\/www.verandair.com\\\/fr\\\/\",\"logo\":{\"@type\":\"ImageObject\",\"inLanguage\":\"fr-FR\",\"@id\":\"https:\\\/\\\/www.verandair.com\\\/fr\\\/#\\\/schema\\\/logo\\\/image\\\/\",\"url\":\"https:\\\/\\\/www.verandair.com\\\/wp-content\\\/uploads\\\/2024\\\/06\\\/VERANDAIR-logo.png\",\"contentUrl\":\"https:\\\/\\\/www.verandair.com\\\/wp-content\\\/uploads\\\/2024\\\/06\\\/VERANDAIR-logo.png\",\"width\":283,\"height\":127,\"caption\":\"Verandair\"},\"image\":{\"@id\":\"https:\\\/\\\/www.verandair.com\\\/fr\\\/#\\\/schema\\\/logo\\\/image\\\/\"}},{\"@type\":\"Person\",\"@id\":\"https:\\\/\\\/www.verandair.com\\\/fr\\\/#\\\/schema\\\/person\\\/da64cd926898cbc86665dfb40089fbd6\",\"name\":\"Jade\",\"image\":{\"@type\":\"ImageObject\",\"inLanguage\":\"fr-FR\",\"@id\":\"https:\\\/\\\/secure.gravatar.com\\\/avatar\\\/23cec229e94be1bbd8d0cc0979d8db37ac94e82a27388cb332d2e4ca9db9df1c?s=96&d=mm&r=g\",\"url\":\"https:\\\/\\\/secure.gravatar.com\\\/avatar\\\/23cec229e94be1bbd8d0cc0979d8db37ac94e82a27388cb332d2e4ca9db9df1c?s=96&d=mm&r=g\",\"contentUrl\":\"https:\\\/\\\/secure.gravatar.com\\\/avatar\\\/23cec229e94be1bbd8d0cc0979d8db37ac94e82a27388cb332d2e4ca9db9df1c?s=96&d=mm&r=g\",\"caption\":\"Jade\"}}]}<\/script>\n<!-- \/ Yoast SEO plugin. -->","yoast_head_json":{"title":"Que choisir pour un \u00e9clairage ext\u00e9rieur de pergola ?","description":"D\u00e9couvrez des mod\u00e8les de luminaires efficaces, \u00e9conomiques et \u00e9cologiques pour un \u00e9clairage ext\u00e9rieur de votre pergola.","robots":{"index":"index","follow":"follow","max-snippet":"max-snippet:-1","max-image-preview":"max-image-preview:large","max-video-preview":"max-video-preview:-1"},"canonical":"https:\/\/www.verandair.com\/fr\/eclairage-exterieur-pergola\/","og_locale":"fr_FR","og_type":"article","og_title":"Que choisir pour un \u00e9clairage ext\u00e9rieur de pergola ?","og_description":"D\u00e9couvrez des mod\u00e8les de luminaires efficaces, \u00e9conomiques et \u00e9cologiques pour un \u00e9clairage ext\u00e9rieur de votre pergola.","og_url":"https:\/\/www.verandair.com\/fr\/eclairage-exterieur-pergola\/","og_site_name":"VERANDAIR\u00ae","article_published_time":"2022-05-30T10:20:38+00:00","og_image":[{"width":1573,"height":1573,"url":"https:\/\/www.verandair.com\/wp-content\/uploads\/2021\/10\/120455746_3529330580447881_1846351186791920654_n.jpg","type":"image\/jpeg"}],"author":"Jade","twitter_card":"summary_large_image","twitter_misc":{"\u00c9crit par":"Jade","Dur\u00e9e de lecture estim\u00e9e":"5 minutes"},"schema":{"@context":"https:\/\/schema.org","@graph":[{"@type":"Article","@id":"https:\/\/www.verandair.com\/fr\/eclairage-exterieur-pergola\/#article","isPartOf":{"@id":"https:\/\/www.verandair.com\/fr\/eclairage-exterieur-pergola\/"},"author":{"name":"Jade","@id":"https:\/\/www.verandair.com\/fr\/#\/schema\/person\/da64cd926898cbc86665dfb40089fbd6"},"headline":"Quel \u00e9clairage ext\u00e9rieur pour votre pergola?","datePublished":"2022-05-30T10:20:38+00:00","mainEntityOfPage":{"@id":"https:\/\/www.verandair.com\/fr\/eclairage-exterieur-pergola\/"},"wordCount":1304,"publisher":{"@id":"https:\/\/www.verandair.com\/fr\/#organization"},"image":{"@id":"https:\/\/www.verandair.com\/fr\/eclairage-exterieur-pergola\/#primaryimage"},"thumbnailUrl":"https:\/\/www.verandair.com\/wp-content\/uploads\/2021\/10\/120455746_3529330580447881_1846351186791920654_n.jpg","articleSection":["Pergolas"],"inLanguage":"fr-FR"},{"@type":"WebPage","@id":"https:\/\/www.verandair.com\/fr\/eclairage-exterieur-pergola\/","url":"https:\/\/www.verandair.com\/fr\/eclairage-exterieur-pergola\/","name":"Que choisir pour un \u00e9clairage ext\u00e9rieur de pergola ?","isPartOf":{"@id":"https:\/\/www.verandair.com\/fr\/#website"},"primaryImageOfPage":{"@id":"https:\/\/www.verandair.com\/fr\/eclairage-exterieur-pergola\/#primaryimage"},"image":{"@id":"https:\/\/www.verandair.com\/fr\/eclairage-exterieur-pergola\/#primaryimage"},"thumbnailUrl":"https:\/\/www.verandair.com\/wp-content\/uploads\/2021\/10\/120455746_3529330580447881_1846351186791920654_n.jpg","datePublished":"2022-05-30T10:20:38+00:00","description":"D\u00e9couvrez des mod\u00e8les de luminaires efficaces, \u00e9conomiques et \u00e9cologiques pour un \u00e9clairage ext\u00e9rieur de votre pergola.","breadcrumb":{"@id":"https:\/\/www.verandair.com\/fr\/eclairage-exterieur-pergola\/#breadcrumb"},"inLanguage":"fr-FR","potentialAction":[{"@type":"ReadAction","target":["https:\/\/www.verandair.com\/fr\/eclairage-exterieur-pergola\/"]}]},{"@type":"ImageObject","inLanguage":"fr-FR","@id":"https:\/\/www.verandair.com\/fr\/eclairage-exterieur-pergola\/#primaryimage","url":"https:\/\/www.verandair.com\/wp-content\/uploads\/2021\/10\/120455746_3529330580447881_1846351186791920654_n.jpg","contentUrl":"https:\/\/www.verandair.com\/wp-content\/uploads\/2021\/10\/120455746_3529330580447881_1846351186791920654_n.jpg","width":1573,"height":1573,"caption":"Mod\u00e8le d'une pergola bioclimatique qui est pos\u00e9e sur la terrasse du toit d'une maison et qui fait office de salon de d\u00e9tente"},{"@type":"BreadcrumbList","@id":"https:\/\/www.verandair.com\/fr\/eclairage-exterieur-pergola\/#breadcrumb","itemListElement":[{"@type":"ListItem","position":1,"name":"Accueil","item":{"@type":"WebPage","@id":"https:\/\/www.verandair.com\/fr\/","name":"Accueil"}},{"@type":"ListItem","position":2,"name":"Quel \u00e9clairage ext\u00e9rieur pour votre pergola?"}]},{"@type":"WebSite","@id":"https:\/\/www.verandair.com\/fr\/#website","url":"https:\/\/www.verandair.com\/fr\/","name":"VERANDAIR\u00ae","description":"","publisher":{"@id":"https:\/\/www.verandair.com\/fr\/#organization"},"potentialAction":[{"@type":"SearchAction","target":{"@type":"EntryPoint","urlTemplate":"https:\/\/www.verandair.com\/fr\/?s={search_term_string}"},"query-input":{"@type":"PropertyValueSpecification","valueRequired":true,"valueName":"search_term_string"}}],"inLanguage":"fr-FR"},{"@type":"Organization","@id":"https:\/\/www.verandair.com\/fr\/#organization","name":"Verandair","url":"https:\/\/www.verandair.com\/fr\/","logo":{"@type":"ImageObject","inLanguage":"fr-FR","@id":"https:\/\/www.verandair.com\/fr\/#\/schema\/logo\/image\/","url":"https:\/\/www.verandair.com\/wp-content\/uploads\/2024\/06\/VERANDAIR-logo.png","contentUrl":"https:\/\/www.verandair.com\/wp-content\/uploads\/2024\/06\/VERANDAIR-logo.png","width":283,"height":127,"caption":"Verandair"},"image":{"@id":"https:\/\/www.verandair.com\/fr\/#\/schema\/logo\/image\/"}},{"@type":"Person","@id":"https:\/\/www.verandair.com\/fr\/#\/schema\/person\/da64cd926898cbc86665dfb40089fbd6","name":"Jade","image":{"@type":"ImageObject","inLanguage":"fr-FR","@id":"https:\/\/secure.gravatar.com\/avatar\/23cec229e94be1bbd8d0cc0979d8db37ac94e82a27388cb332d2e4ca9db9df1c?s=96&d=mm&r=g","url":"https:\/\/secure.gravatar.com\/avatar\/23cec229e94be1bbd8d0cc0979d8db37ac94e82a27388cb332d2e4ca9db9df1c?s=96&d=mm&r=g","contentUrl":"https:\/\/secure.gravatar.com\/avatar\/23cec229e94be1bbd8d0cc0979d8db37ac94e82a27388cb332d2e4ca9db9df1c?s=96&d=mm&r=g","caption":"Jade"}}]}},"_links":{"self":[{"href":"https:\/\/www.verandair.com\/fr\/wp-json\/wp\/v2\/posts\/31117","targetHints":{"allow":["GET"]}}],"collection":[{"href":"https:\/\/www.verandair.com\/fr\/wp-json\/wp\/v2\/posts"}],"about":[{"href":"https:\/\/www.verandair.com\/fr\/wp-json\/wp\/v2\/types\/post"}],"author":[{"embeddable":true,"href":"https:\/\/www.verandair.com\/fr\/wp-json\/wp\/v2\/users\/9"}],"replies":[{"embeddable":true,"href":"https:\/\/www.verandair.com\/fr\/wp-json\/wp\/v2\/comments?post=31117"}],"version-history":[{"count":0,"href":"https:\/\/www.verandair.com\/fr\/wp-json\/wp\/v2\/posts\/31117\/revisions"}],"wp:featuredmedia":[{"embeddable":true,"href":"https:\/\/www.verandair.com\/fr\/wp-json\/wp\/v2\/media\/26655"}],"wp:attachment":[{"href":"https:\/\/www.verandair.com\/fr\/wp-json\/wp\/v2\/media?parent=31117"}],"wp:term":[{"taxonomy":"category","embeddable":true,"href":"https:\/\/www.verandair.com\/fr\/wp-json\/wp\/v2\/categories?post=31117"},{"taxonomy":"post_tag","embeddable":true,"href":"https:\/\/www.verandair.com\/fr\/wp-json\/wp\/v2\/tags?post=31117"}],"curies":[{"name":"wp","href":"https:\/\/api.w.org\/{rel}","templated":true}]}}