{"id":3271,"date":"2018-02-22T14:10:11","date_gmt":"2018-02-22T13:10:11","guid":{"rendered":"https:\/\/www.verandair.com?p=3271"},"modified":"2026-02-27T15:29:54","modified_gmt":"2026-02-27T14:29:54","slug":"passez-ete-au-frais-pergola","status":"publish","type":"post","link":"https:\/\/www.verandair.com\/fr\/passez-ete-au-frais-pergola\/","title":{"rendered":"Passez l&#8217;\u00e9t\u00e9 au frais gr\u00e2ce \u00e0 la pergola!"},"content":{"rendered":"<p>[et_pb_section fb_built=&#8221;1&#8243; _builder_version=&#8221;4.16&#8243; global_colors_info=&#8221;{}&#8221; theme_builder_area=&#8221;post_content&#8221;][et_pb_row _builder_version=&#8221;4.16&#8243; background_size=&#8221;initial&#8221; background_position=&#8221;top_left&#8221; background_repeat=&#8221;repeat&#8221; global_colors_info=&#8221;{}&#8221; theme_builder_area=&#8221;post_content&#8221;][et_pb_column type=&#8221;4_4&#8243; _builder_version=&#8221;4.16&#8243; custom_padding=&#8221;|||&#8221; global_colors_info=&#8221;{}&#8221; custom_padding__hover=&#8221;|||&#8221; theme_builder_area=&#8221;post_content&#8221;][et_pb_text _builder_version=&#8221;4.17.6&#8243; border_style=&#8221;solid&#8221; global_colors_info=&#8221;{}&#8221; theme_builder_area=&#8221;post_content&#8221;]<\/p>\n<p style=\"text-align: justify;\"><em>On vous l&#8217;accorde: les temp\u00e9ratures ext\u00e9rieures sont actuellement tr\u00e8s froides, si pas glaciales. N\u00e9anmoins, il suffit de jeter un bref regard par la fen\u00eatre pour d\u00e9couvrir les pr\u00e9mices du printemps. Le soleil, d&#8217;abord, se fait de plus en plus pr\u00e9sent. Quel bonheur de sentir ses rayons qui nous r\u00e9chauffent doucement le visage! Les lunettes font \u00e9galement leur apparition sur nos nez, bien que les gants demeurent d&#8217;actualit\u00e9. Crocus et jonquilles ne devraient quant \u00e0 elles plus tarder \u00e0 embellir nos jardins. Bref, le printemps n&#8217;est plus tr\u00e8s loin! Et avec le retour des beaux jours, nos envies d&#8217;ext\u00e9rieur se font plus vives. Et si c&#8217;\u00e9tait maintenant, le moment id\u00e9al pour penser \u00e0 habiller nos terrasses?\u00a0<\/em><\/p>\n<p>&nbsp;<\/p>\n<h2 style=\"text-align: justify;\"><span style=\"color: #00909e;\">La pergola: l&#8217;alli\u00e9e de votre \u00e9t\u00e9!<\/span><\/h2>\n<p>&nbsp;<\/p>\n<p style=\"text-align: justify;\">Apr\u00e8s le printemps vient l&#8217;\u00e9t\u00e9. Et, si le climat belge n&#8217;est pas tropical, il nous r\u00e9serve toutefois quelques journ\u00e9es chaudes et ensoleill\u00e9es. Pour en profiter sans risquer l&#8217;insolation: la pergola!<\/p>\n<p style=\"text-align: justify;\">Plus esth\u00e9tique et pratique qu&#8217;un parasol, <a href=\"https:\/\/www.verandair.com\/fr\/pergolas\/\">la pergola n&#8217;est ni plus ni moins que la star de nos jardins<\/a>. En plus de nous prot\u00e9ger du soleil comme du vent, la pergola \u00e9gaye joliment nos ext\u00e9rieurs, leur donne ce petit quelque chose dont ils manquaient au final cruellement.\u00a0C&#8217;est bien simple: l&#8217;essayer, c&#8217;est l&#8217;adopter!<\/p>\n<p>&nbsp;<\/p>\n<h2 style=\"text-align: justify;\"><span style=\"color: #00909e;\">Votre pergola avec Verandair<\/span><\/h2>\n<p>&nbsp;<\/p>\n<p style=\"text-align: justify;\">Verandair propose \u00e0 la vente des pergolas de haute qualit\u00e9, \u00e9tanches \u00e0 la pluie, r\u00e9sistantes au vent, et pouvant se r\u00e9tracter enti\u00e8rement \u00e0 tout moment.<\/p>\n<p style=\"text-align: justify;\">Celles qui se d\u00e9clinent en 200 nuances de couleurs peuvent \u00e9galement \u00eatre munies de LED \u00e0 variation de lumi\u00e8re ainsi que de vitres lat\u00e9rales.<\/p>\n<p>Nos pergolas sont fabriqu\u00e9es sur mesure: vous trouverez donc forc\u00e9ment celle qui convient \u00e0 la fois \u00e0 vos besoins, \u00e0 vos envies, et \u00e0 votre budget!<\/p>\n<p style=\"text-align: justify;\">Pour en d\u00e9couvrir davantage sur nos pergolas, <a href=\"\/fr\/contact\">n&#8217;h\u00e9sitez pas \u00e0 nous contacter<\/a>!\u00a0<\/p>\n<p>[\/et_pb_text][\/et_pb_column][\/et_pb_row][\/et_pb_section][et_pb_section fb_built=&#8221;1&#8243; _builder_version=&#8221;4.27.5&#8243; _module_preset=&#8221;a37cb46d-a9cb-4f77-bbbd-8966bde7aff0&#8243; saved_tabs=&#8221;all&#8221; locked=&#8221;off&#8221; global_colors_info=&#8221;{}&#8221; global_module=&#8221;74566&#8243; theme_builder_area=&#8221;post_content&#8221;][et_pb_row _builder_version=&#8221;4.27.5&#8243; _module_preset=&#8221;default&#8221; width=&#8221;100%&#8221; max_width=&#8221;100%&#8221; custom_padding=&#8221;0px|20px||20px|false|true&#8221; global_colors_info=&#8221;{}&#8221; theme_builder_area=&#8221;post_content&#8221;][et_pb_column type=&#8221;4_4&#8243; _builder_version=&#8221;4.23.4&#8243; _module_preset=&#8221;default&#8221; custom_padding=&#8221;50px||||false|false&#8221; global_colors_info=&#8221;{}&#8221; theme_builder_area=&#8221;post_content&#8221;][et_pb_image src=&#8221;https:\/\/www.verandair.com\/wp-content\/uploads\/2026\/02\/VERAN-brochure-A4-2026.webp&#8221; alt=&#8221;Brochure 2026 Verandair&#8221; title_text=&#8221;VERAN-brochure-A4-2026&#8243; align=&#8221;center&#8221; _builder_version=&#8221;4.27.5&#8243; _module_preset=&#8221;default&#8221; max_width=&#8221;300px&#8221; max_width_last_edited=&#8221;off|desktop&#8221; custom_margin=&#8221;0px||0px||false|false&#8221; scroll_vertical_motion_enable=&#8221;on&#8221; scroll_vertical_motion=&#8221;0|40|40|100|-0.5|0|0&#8243; scroll_fade_enable=&#8221;on&#8221; scroll_fade=&#8221;0|40|40|100|0|100|100&#8243; global_colors_info=&#8221;{}&#8221; theme_builder_area=&#8221;post_content&#8221;][\/et_pb_image][et_pb_text _builder_version=&#8221;4.27.5&#8243; _module_preset=&#8221;default&#8221; header_2_font_size=&#8221;32px&#8221; text_orientation=&#8221;center&#8221; custom_margin=&#8221;||15px||false|false&#8221; global_colors_info=&#8221;{%22gcid-4f3ca7d5-152d-4540-91b1-cc24563bf794%22:%91%22text_text_shadow_color%22%93}&#8221; theme_builder_area=&#8221;post_content&#8221;]<\/p>\n<h2><strong>Envie d&#8217;en savoir plus<\/strong> avant de vous d\u00e9cider ?<br \/><span data-metadata=\"&lt;!--(figmeta)eyJmaWxlS2V5IjoiNDJrcExzUGY2N0VsN0FkMldFdElreCIsInBhc3RlSUQiOjI4MTE1MTAxNSwiZGF0YVR5cGUiOiJzY2VuZSJ9Cg==(\/figmeta)--&gt;\"><\/span><\/h2>\n<p>[\/et_pb_text][et_pb_divider show_divider=&#8221;off&#8221; _builder_version=&#8221;4.27.5&#8243; _module_preset=&#8221;2adabd0f-cb12-404f-9aa7-a3088280e564&#8243; module_alignment=&#8221;center&#8221; global_colors_info=&#8221;{}&#8221; theme_builder_area=&#8221;post_content&#8221;][\/et_pb_divider][et_pb_text _builder_version=&#8221;4.27.5&#8243; _module_preset=&#8221;default&#8221; text_orientation=&#8221;center&#8221; custom_margin=&#8221;||50px||false|false&#8221; global_colors_info=&#8221;{%22gcid-4f3ca7d5-152d-4540-91b1-cc24563bf794%22:%91%22text_text_shadow_color%22%93}&#8221; theme_builder_area=&#8221;post_content&#8221;]<\/p>\n<p><span><strong>T\u00e9l\u00e9chargez la nouvelle brochure 2026<\/strong>\u00a0et d\u00e9couvrez notre <strong>gamme compl\u00e8te de produits<\/strong> pour profiter de votre vie en plein air toute l&#8217;ann\u00e9e.<\/span><\/p>\n<p>[\/et_pb_text][et_pb_button button_url=&#8221;https:\/\/info.verandair.com\/brochure-2026\/&#8221; url_new_window=&#8221;on&#8221; button_text=&#8221;Je t\u00e9l\u00e9charge ma brochure&#8221; button_alignment=&#8221;center&#8221; _builder_version=&#8221;4.27.5&#8243; _module_preset=&#8221;ae8d3791-01a2-4c4b-b221-c3f14f812284&#8243; global_colors_info=&#8221;{}&#8221; theme_builder_area=&#8221;post_content&#8221;][\/et_pb_button][\/et_pb_column][\/et_pb_row][\/et_pb_section]<\/p>\n","protected":false},"excerpt":{"rendered":"<p>Dans quelques semaines, nos jardins prendront vie et l&#8217;envie de passer du temps en ext\u00e9rieur se fera sentir. Pour passer l&#8217;\u00e9t\u00e9 au frais: pensez \u00e0 la pergola!<\/p>\n","protected":false},"author":5,"featured_media":6106,"comment_status":"closed","ping_status":"closed","sticky":false,"template":"","format":"standard","meta":{"_acf_changed":false,"_et_pb_use_builder":"on","_et_pb_old_content":"<p style=\"text-align: justify;\"><em>On vous l'accorde: les temp\u00e9ratures ext\u00e9rieures sont actuellement tr\u00e8s froides, si pas glaciales. N\u00e9anmoins, il suffit de jeter un bref regard par la fen\u00eatre pour d\u00e9couvrir les pr\u00e9mices du printemps. Le soleil, d'abord, se fait de plus en plus pr\u00e9sent. Quel bonheur de sentir ses rayons qui nous r\u00e9chauffent doucement le visage! Les lunettes font \u00e9galement leur apparition sur nos nez, bien que les gants demeurent d'actualit\u00e9. Crocus et jonquilles ne devraient quant \u00e0 elle plus tarder \u00e0 embellir nos jardins. Bref, le printemps n'est plus tr\u00e8s loin! Avec le retour des beaux jours, nos envies d'ext\u00e9rieur se font plus vives. Et si c'\u00e9tait maintenant, le moment id\u00e9al pour penser \u00e0 habiller nos terrasses?\u00a0<\/em><\/p><p>\u00a0<\/p><h2 style=\"text-align: justify;\"><span style=\"color: #00909e;\">La pergola: l'alli\u00e9e de votre \u00e9t\u00e9!<\/span><\/h2><p>\u00a0<\/p><p>Apr\u00e8s le printemps vient l'\u00e9t\u00e9. Et, si le climat belge n'est pas tropical, il nous r\u00e9serve toutefois quelques journ\u00e9es chaudes et ensoleill\u00e9es. Pour en profiter sans risquer l'insolation: la pergola!<\/p><p>Plus esth\u00e9tique et pratique qu'un parasol, la pergola n'est ni plus ni moins que la star de nos jardins. En plus de nous prot\u00e9ger du soleil comme du vent, la pergola \u00e9gaye joliment nos ext\u00e9rieurs, leur donne ce petit quelque chose dont ils manquaient.\u00a0<\/p><p>\u00a0<\/p><p>\u00a0<\/p>","_et_gb_content_width":"","inline_featured_image":false,"footnotes":""},"categories":[33],"tags":[],"class_list":["post-3271","post","type-post","status-publish","format-standard","has-post-thumbnail","hentry","category-pergolas"],"acf":[],"yoast_head":"<!-- This site is optimized with the Yoast SEO plugin v27.5 - https:\/\/yoast.com\/product\/yoast-seo-wordpress\/ -->\n<title>Passez l&#039;\u00e9t\u00e9 au frais gr\u00e2ce \u00e0 la pergola!<\/title>\n<meta name=\"description\" content=\"Dans quelques semaines, nos jardins prendront vie et l&#039;envie de passer du temps en ext\u00e9rieur se fera sentir. Pour passer l&#039;\u00e9t\u00e9 au frais: pensez \u00e0 la pergola!\" \/>\n<meta name=\"robots\" content=\"index, follow, max-snippet:-1, max-image-preview:large, max-video-preview:-1\" \/>\n<link rel=\"canonical\" href=\"https:\/\/www.verandair.com\/fr\/passez-ete-au-frais-pergola\/\" \/>\n<meta property=\"og:locale\" content=\"fr_FR\" \/>\n<meta property=\"og:type\" content=\"article\" \/>\n<meta property=\"og:title\" content=\"Passez l&#039;\u00e9t\u00e9 au frais gr\u00e2ce \u00e0 la pergola!\" \/>\n<meta property=\"og:description\" content=\"Dans quelques semaines, nos jardins prendront vie et l&#039;envie de passer du temps en ext\u00e9rieur se fera sentir. Pour passer l&#039;\u00e9t\u00e9 au frais: pensez \u00e0 la pergola!\" \/>\n<meta property=\"og:url\" content=\"https:\/\/www.verandair.com\/fr\/passez-ete-au-frais-pergola\/\" \/>\n<meta property=\"og:site_name\" content=\"VERANDAIR\u00ae\" \/>\n<meta property=\"article:published_time\" content=\"2018-02-22T13:10:11+00:00\" \/>\n<meta property=\"article:modified_time\" content=\"2026-02-27T14:29:54+00:00\" \/>\n<meta property=\"og:image\" content=\"https:\/\/www.verandair.com\/wp-content\/uploads\/2018\/05\/ete-au-frais-grace-pergola.jpg\" \/>\n\t<meta property=\"og:image:width\" content=\"950\" \/>\n\t<meta property=\"og:image:height\" content=\"666\" \/>\n\t<meta property=\"og:image:type\" content=\"image\/jpeg\" \/>\n<meta name=\"author\" content=\"admin-verandair\" \/>\n<meta name=\"twitter:card\" content=\"summary_large_image\" \/>\n<meta name=\"twitter:label1\" content=\"\u00c9crit par\" \/>\n\t<meta name=\"twitter:data1\" content=\"admin-verandair\" \/>\n\t<meta name=\"twitter:label2\" content=\"Dur\u00e9e de lecture estim\u00e9e\" \/>\n\t<meta name=\"twitter:data2\" content=\"4 minutes\" \/>\n<script type=\"application\/ld+json\" class=\"yoast-schema-graph\">{\"@context\":\"https:\\\/\\\/schema.org\",\"@graph\":[{\"@type\":\"Article\",\"@id\":\"https:\\\/\\\/www.verandair.com\\\/fr\\\/passez-ete-au-frais-pergola\\\/#article\",\"isPartOf\":{\"@id\":\"https:\\\/\\\/www.verandair.com\\\/fr\\\/passez-ete-au-frais-pergola\\\/\"},\"author\":{\"name\":\"admin-verandair\",\"@id\":\"https:\\\/\\\/www.verandair.com\\\/fr\\\/#\\\/schema\\\/person\\\/cdeca2ebd6c03b60479d713f66329bc9\"},\"headline\":\"Passez l&#8217;\u00e9t\u00e9 au frais gr\u00e2ce \u00e0 la pergola!\",\"datePublished\":\"2018-02-22T13:10:11+00:00\",\"dateModified\":\"2026-02-27T14:29:54+00:00\",\"mainEntityOfPage\":{\"@id\":\"https:\\\/\\\/www.verandair.com\\\/fr\\\/passez-ete-au-frais-pergola\\\/\"},\"wordCount\":788,\"publisher\":{\"@id\":\"https:\\\/\\\/www.verandair.com\\\/fr\\\/#organization\"},\"image\":{\"@id\":\"https:\\\/\\\/www.verandair.com\\\/fr\\\/passez-ete-au-frais-pergola\\\/#primaryimage\"},\"thumbnailUrl\":\"https:\\\/\\\/www.verandair.com\\\/wp-content\\\/uploads\\\/2018\\\/05\\\/ete-au-frais-grace-pergola.jpg\",\"articleSection\":[\"Pergolas\"],\"inLanguage\":\"fr-FR\"},{\"@type\":\"WebPage\",\"@id\":\"https:\\\/\\\/www.verandair.com\\\/fr\\\/passez-ete-au-frais-pergola\\\/\",\"url\":\"https:\\\/\\\/www.verandair.com\\\/fr\\\/passez-ete-au-frais-pergola\\\/\",\"name\":\"Passez l'\u00e9t\u00e9 au frais gr\u00e2ce \u00e0 la pergola!\",\"isPartOf\":{\"@id\":\"https:\\\/\\\/www.verandair.com\\\/fr\\\/#website\"},\"primaryImageOfPage\":{\"@id\":\"https:\\\/\\\/www.verandair.com\\\/fr\\\/passez-ete-au-frais-pergola\\\/#primaryimage\"},\"image\":{\"@id\":\"https:\\\/\\\/www.verandair.com\\\/fr\\\/passez-ete-au-frais-pergola\\\/#primaryimage\"},\"thumbnailUrl\":\"https:\\\/\\\/www.verandair.com\\\/wp-content\\\/uploads\\\/2018\\\/05\\\/ete-au-frais-grace-pergola.jpg\",\"datePublished\":\"2018-02-22T13:10:11+00:00\",\"dateModified\":\"2026-02-27T14:29:54+00:00\",\"description\":\"Dans quelques semaines, nos jardins prendront vie et l'envie de passer du temps en ext\u00e9rieur se fera sentir. Pour passer l'\u00e9t\u00e9 au frais: pensez \u00e0 la pergola!\",\"breadcrumb\":{\"@id\":\"https:\\\/\\\/www.verandair.com\\\/fr\\\/passez-ete-au-frais-pergola\\\/#breadcrumb\"},\"inLanguage\":\"fr-FR\",\"potentialAction\":[{\"@type\":\"ReadAction\",\"target\":[\"https:\\\/\\\/www.verandair.com\\\/fr\\\/passez-ete-au-frais-pergola\\\/\"]}]},{\"@type\":\"ImageObject\",\"inLanguage\":\"fr-FR\",\"@id\":\"https:\\\/\\\/www.verandair.com\\\/fr\\\/passez-ete-au-frais-pergola\\\/#primaryimage\",\"url\":\"https:\\\/\\\/www.verandair.com\\\/wp-content\\\/uploads\\\/2018\\\/05\\\/ete-au-frais-grace-pergola.jpg\",\"contentUrl\":\"https:\\\/\\\/www.verandair.com\\\/wp-content\\\/uploads\\\/2018\\\/05\\\/ete-au-frais-grace-pergola.jpg\",\"width\":950,\"height\":666,\"caption\":\"Passez l'\u00e9t\u00e9 au frais gr\u00e2ce \u00e0 la pergola!\"},{\"@type\":\"BreadcrumbList\",\"@id\":\"https:\\\/\\\/www.verandair.com\\\/fr\\\/passez-ete-au-frais-pergola\\\/#breadcrumb\",\"itemListElement\":[{\"@type\":\"ListItem\",\"position\":1,\"name\":\"Accueil\",\"item\":{\"@type\":\"WebPage\",\"@id\":\"https:\\\/\\\/www.verandair.com\\\/fr\\\/\",\"name\":\"Accueil\"}},{\"@type\":\"ListItem\",\"position\":2,\"name\":\"Passez l&#8217;\u00e9t\u00e9 au frais gr\u00e2ce \u00e0 la pergola!\"}]},{\"@type\":\"WebSite\",\"@id\":\"https:\\\/\\\/www.verandair.com\\\/fr\\\/#website\",\"url\":\"https:\\\/\\\/www.verandair.com\\\/fr\\\/\",\"name\":\"VERANDAIR\u00ae\",\"description\":\"\",\"publisher\":{\"@id\":\"https:\\\/\\\/www.verandair.com\\\/fr\\\/#organization\"},\"potentialAction\":[{\"@type\":\"SearchAction\",\"target\":{\"@type\":\"EntryPoint\",\"urlTemplate\":\"https:\\\/\\\/www.verandair.com\\\/fr\\\/?s={search_term_string}\"},\"query-input\":{\"@type\":\"PropertyValueSpecification\",\"valueRequired\":true,\"valueName\":\"search_term_string\"}}],\"inLanguage\":\"fr-FR\"},{\"@type\":\"Organization\",\"@id\":\"https:\\\/\\\/www.verandair.com\\\/fr\\\/#organization\",\"name\":\"Verandair\",\"url\":\"https:\\\/\\\/www.verandair.com\\\/fr\\\/\",\"logo\":{\"@type\":\"ImageObject\",\"inLanguage\":\"fr-FR\",\"@id\":\"https:\\\/\\\/www.verandair.com\\\/fr\\\/#\\\/schema\\\/logo\\\/image\\\/\",\"url\":\"https:\\\/\\\/www.verandair.com\\\/wp-content\\\/uploads\\\/2024\\\/06\\\/VERANDAIR-logo.png\",\"contentUrl\":\"https:\\\/\\\/www.verandair.com\\\/wp-content\\\/uploads\\\/2024\\\/06\\\/VERANDAIR-logo.png\",\"width\":283,\"height\":127,\"caption\":\"Verandair\"},\"image\":{\"@id\":\"https:\\\/\\\/www.verandair.com\\\/fr\\\/#\\\/schema\\\/logo\\\/image\\\/\"}},{\"@type\":\"Person\",\"@id\":\"https:\\\/\\\/www.verandair.com\\\/fr\\\/#\\\/schema\\\/person\\\/cdeca2ebd6c03b60479d713f66329bc9\",\"name\":\"admin-verandair\",\"image\":{\"@type\":\"ImageObject\",\"inLanguage\":\"fr-FR\",\"@id\":\"https:\\\/\\\/secure.gravatar.com\\\/avatar\\\/933ed88eb2b3e194c00d3516e15b0e50c947c76a16e37565b6eb035b6954d0c4?s=96&d=mm&r=g\",\"url\":\"https:\\\/\\\/secure.gravatar.com\\\/avatar\\\/933ed88eb2b3e194c00d3516e15b0e50c947c76a16e37565b6eb035b6954d0c4?s=96&d=mm&r=g\",\"contentUrl\":\"https:\\\/\\\/secure.gravatar.com\\\/avatar\\\/933ed88eb2b3e194c00d3516e15b0e50c947c76a16e37565b6eb035b6954d0c4?s=96&d=mm&r=g\",\"caption\":\"admin-verandair\"}}]}<\/script>\n<!-- \/ Yoast SEO plugin. -->","yoast_head_json":{"title":"Passez l'\u00e9t\u00e9 au frais gr\u00e2ce \u00e0 la pergola!","description":"Dans quelques semaines, nos jardins prendront vie et l'envie de passer du temps en ext\u00e9rieur se fera sentir. Pour passer l'\u00e9t\u00e9 au frais: pensez \u00e0 la pergola!","robots":{"index":"index","follow":"follow","max-snippet":"max-snippet:-1","max-image-preview":"max-image-preview:large","max-video-preview":"max-video-preview:-1"},"canonical":"https:\/\/www.verandair.com\/fr\/passez-ete-au-frais-pergola\/","og_locale":"fr_FR","og_type":"article","og_title":"Passez l'\u00e9t\u00e9 au frais gr\u00e2ce \u00e0 la pergola!","og_description":"Dans quelques semaines, nos jardins prendront vie et l'envie de passer du temps en ext\u00e9rieur se fera sentir. Pour passer l'\u00e9t\u00e9 au frais: pensez \u00e0 la pergola!","og_url":"https:\/\/www.verandair.com\/fr\/passez-ete-au-frais-pergola\/","og_site_name":"VERANDAIR\u00ae","article_published_time":"2018-02-22T13:10:11+00:00","article_modified_time":"2026-02-27T14:29:54+00:00","og_image":[{"width":950,"height":666,"url":"https:\/\/www.verandair.com\/wp-content\/uploads\/2018\/05\/ete-au-frais-grace-pergola.jpg","type":"image\/jpeg"}],"author":"admin-verandair","twitter_card":"summary_large_image","twitter_misc":{"\u00c9crit par":"admin-verandair","Dur\u00e9e de lecture estim\u00e9e":"4 minutes"},"schema":{"@context":"https:\/\/schema.org","@graph":[{"@type":"Article","@id":"https:\/\/www.verandair.com\/fr\/passez-ete-au-frais-pergola\/#article","isPartOf":{"@id":"https:\/\/www.verandair.com\/fr\/passez-ete-au-frais-pergola\/"},"author":{"name":"admin-verandair","@id":"https:\/\/www.verandair.com\/fr\/#\/schema\/person\/cdeca2ebd6c03b60479d713f66329bc9"},"headline":"Passez l&#8217;\u00e9t\u00e9 au frais gr\u00e2ce \u00e0 la pergola!","datePublished":"2018-02-22T13:10:11+00:00","dateModified":"2026-02-27T14:29:54+00:00","mainEntityOfPage":{"@id":"https:\/\/www.verandair.com\/fr\/passez-ete-au-frais-pergola\/"},"wordCount":788,"publisher":{"@id":"https:\/\/www.verandair.com\/fr\/#organization"},"image":{"@id":"https:\/\/www.verandair.com\/fr\/passez-ete-au-frais-pergola\/#primaryimage"},"thumbnailUrl":"https:\/\/www.verandair.com\/wp-content\/uploads\/2018\/05\/ete-au-frais-grace-pergola.jpg","articleSection":["Pergolas"],"inLanguage":"fr-FR"},{"@type":"WebPage","@id":"https:\/\/www.verandair.com\/fr\/passez-ete-au-frais-pergola\/","url":"https:\/\/www.verandair.com\/fr\/passez-ete-au-frais-pergola\/","name":"Passez l'\u00e9t\u00e9 au frais gr\u00e2ce \u00e0 la pergola!","isPartOf":{"@id":"https:\/\/www.verandair.com\/fr\/#website"},"primaryImageOfPage":{"@id":"https:\/\/www.verandair.com\/fr\/passez-ete-au-frais-pergola\/#primaryimage"},"image":{"@id":"https:\/\/www.verandair.com\/fr\/passez-ete-au-frais-pergola\/#primaryimage"},"thumbnailUrl":"https:\/\/www.verandair.com\/wp-content\/uploads\/2018\/05\/ete-au-frais-grace-pergola.jpg","datePublished":"2018-02-22T13:10:11+00:00","dateModified":"2026-02-27T14:29:54+00:00","description":"Dans quelques semaines, nos jardins prendront vie et l'envie de passer du temps en ext\u00e9rieur se fera sentir. Pour passer l'\u00e9t\u00e9 au frais: pensez \u00e0 la pergola!","breadcrumb":{"@id":"https:\/\/www.verandair.com\/fr\/passez-ete-au-frais-pergola\/#breadcrumb"},"inLanguage":"fr-FR","potentialAction":[{"@type":"ReadAction","target":["https:\/\/www.verandair.com\/fr\/passez-ete-au-frais-pergola\/"]}]},{"@type":"ImageObject","inLanguage":"fr-FR","@id":"https:\/\/www.verandair.com\/fr\/passez-ete-au-frais-pergola\/#primaryimage","url":"https:\/\/www.verandair.com\/wp-content\/uploads\/2018\/05\/ete-au-frais-grace-pergola.jpg","contentUrl":"https:\/\/www.verandair.com\/wp-content\/uploads\/2018\/05\/ete-au-frais-grace-pergola.jpg","width":950,"height":666,"caption":"Passez l'\u00e9t\u00e9 au frais gr\u00e2ce \u00e0 la pergola!"},{"@type":"BreadcrumbList","@id":"https:\/\/www.verandair.com\/fr\/passez-ete-au-frais-pergola\/#breadcrumb","itemListElement":[{"@type":"ListItem","position":1,"name":"Accueil","item":{"@type":"WebPage","@id":"https:\/\/www.verandair.com\/fr\/","name":"Accueil"}},{"@type":"ListItem","position":2,"name":"Passez l&#8217;\u00e9t\u00e9 au frais gr\u00e2ce \u00e0 la pergola!"}]},{"@type":"WebSite","@id":"https:\/\/www.verandair.com\/fr\/#website","url":"https:\/\/www.verandair.com\/fr\/","name":"VERANDAIR\u00ae","description":"","publisher":{"@id":"https:\/\/www.verandair.com\/fr\/#organization"},"potentialAction":[{"@type":"SearchAction","target":{"@type":"EntryPoint","urlTemplate":"https:\/\/www.verandair.com\/fr\/?s={search_term_string}"},"query-input":{"@type":"PropertyValueSpecification","valueRequired":true,"valueName":"search_term_string"}}],"inLanguage":"fr-FR"},{"@type":"Organization","@id":"https:\/\/www.verandair.com\/fr\/#organization","name":"Verandair","url":"https:\/\/www.verandair.com\/fr\/","logo":{"@type":"ImageObject","inLanguage":"fr-FR","@id":"https:\/\/www.verandair.com\/fr\/#\/schema\/logo\/image\/","url":"https:\/\/www.verandair.com\/wp-content\/uploads\/2024\/06\/VERANDAIR-logo.png","contentUrl":"https:\/\/www.verandair.com\/wp-content\/uploads\/2024\/06\/VERANDAIR-logo.png","width":283,"height":127,"caption":"Verandair"},"image":{"@id":"https:\/\/www.verandair.com\/fr\/#\/schema\/logo\/image\/"}},{"@type":"Person","@id":"https:\/\/www.verandair.com\/fr\/#\/schema\/person\/cdeca2ebd6c03b60479d713f66329bc9","name":"admin-verandair","image":{"@type":"ImageObject","inLanguage":"fr-FR","@id":"https:\/\/secure.gravatar.com\/avatar\/933ed88eb2b3e194c00d3516e15b0e50c947c76a16e37565b6eb035b6954d0c4?s=96&d=mm&r=g","url":"https:\/\/secure.gravatar.com\/avatar\/933ed88eb2b3e194c00d3516e15b0e50c947c76a16e37565b6eb035b6954d0c4?s=96&d=mm&r=g","contentUrl":"https:\/\/secure.gravatar.com\/avatar\/933ed88eb2b3e194c00d3516e15b0e50c947c76a16e37565b6eb035b6954d0c4?s=96&d=mm&r=g","caption":"admin-verandair"}}]}},"_links":{"self":[{"href":"https:\/\/www.verandair.com\/fr\/wp-json\/wp\/v2\/posts\/3271","targetHints":{"allow":["GET"]}}],"collection":[{"href":"https:\/\/www.verandair.com\/fr\/wp-json\/wp\/v2\/posts"}],"about":[{"href":"https:\/\/www.verandair.com\/fr\/wp-json\/wp\/v2\/types\/post"}],"author":[{"embeddable":true,"href":"https:\/\/www.verandair.com\/fr\/wp-json\/wp\/v2\/users\/5"}],"replies":[{"embeddable":true,"href":"https:\/\/www.verandair.com\/fr\/wp-json\/wp\/v2\/comments?post=3271"}],"version-history":[{"count":2,"href":"https:\/\/www.verandair.com\/fr\/wp-json\/wp\/v2\/posts\/3271\/revisions"}],"predecessor-version":[{"id":74650,"href":"https:\/\/www.verandair.com\/fr\/wp-json\/wp\/v2\/posts\/3271\/revisions\/74650"}],"wp:featuredmedia":[{"embeddable":true,"href":"https:\/\/www.verandair.com\/fr\/wp-json\/wp\/v2\/media\/6106"}],"wp:attachment":[{"href":"https:\/\/www.verandair.com\/fr\/wp-json\/wp\/v2\/media?parent=3271"}],"wp:term":[{"taxonomy":"category","embeddable":true,"href":"https:\/\/www.verandair.com\/fr\/wp-json\/wp\/v2\/categories?post=3271"},{"taxonomy":"post_tag","embeddable":true,"href":"https:\/\/www.verandair.com\/fr\/wp-json\/wp\/v2\/tags?post=3271"}],"curies":[{"name":"wp","href":"https:\/\/api.w.org\/{rel}","templated":true}]}}