{"id":39968,"date":"2022-09-28T05:58:34","date_gmt":"2022-09-28T03:58:34","guid":{"rendered":"https:\/\/staging.verandair.com\/?p=39968"},"modified":"2026-02-27T12:31:34","modified_gmt":"2026-02-27T11:31:34","slug":"abritez-spa-hiver","status":"publish","type":"post","link":"https:\/\/www.verandair.com\/fr\/abritez-spa-hiver\/","title":{"rendered":"Abritez votre spa pour en profiter aussi en p\u00e9riode hivernale"},"content":{"rendered":"<p>[et_pb_section fb_built=&#8221;1&#8243; _builder_version=&#8221;4.16&#8243; global_colors_info=&#8221;{}&#8221; theme_builder_area=&#8221;post_content&#8221;][et_pb_row _builder_version=&#8221;4.16&#8243; global_colors_info=&#8221;{}&#8221; theme_builder_area=&#8221;post_content&#8221;][et_pb_column type=&#8221;4_4&#8243; _builder_version=&#8221;4.16&#8243; custom_padding=&#8221;|||&#8221; global_colors_info=&#8221;{}&#8221; custom_padding__hover=&#8221;|||&#8221; theme_builder_area=&#8221;post_content&#8221;][et_pb_text _builder_version=&#8221;4.27.5&#8243; global_colors_info=&#8221;{}&#8221; theme_builder_area=&#8221;post_content&#8221;]<\/p>\n<p>Vous souhaitez tirer parti de votre jacuzzi ext\u00e9rieur toute l\u2019ann\u00e9e, qu\u2019il fasse beau, qu\u2019il pleuve ou qu\u2019il neige? <strong>En investissant dans une v\u00e9randa ou dans un <\/strong><strong>abri pour spas<\/strong> Verandair, vous ferez efficacement face \u00e0 la saison froide. Et quand viendra l&#8217;\u00e9tat, ouvrez tout simplement votre abri pour profiter du soleil.<\/p>\n<h2>Pourquoi prot\u00e9ger votre spa ?<\/h2>\n<p>En prot\u00e9geant votre spa, vous <strong>optimisez sa dur\u00e9e de vie<\/strong> et vous en profiterez plusieurs ann\u00e9es. En effet, qu\u2019il soit gonflable ou rigide, les al\u00e9as m\u00e9t\u00e9orologiques ne mettront pas sa structure \u00e0 mal.<\/p>\n<p>Pendant la saison froide, vous ne serez pas non plus expos\u00e9 aux \u00e9l\u00e9ments, notamment au vent glacial et \u00e0 la neige. \u00c0 l\u2019arriv\u00e9e de l\u2019\u00e9t\u00e9, <strong>d\u00e9ployez les parois<\/strong> de votre abri pour faire entrer l\u2019air frais et le soleil. Soulignons enfin que cette installation<strong> vous prot\u00e8ge \u00e9galement des regards indiscrets<\/strong>.<\/p>\n<h2>Les abris ouverts<\/h2>\n<p><strong>La pergola<\/strong> figure parmi les <strong>abris ouverts<\/strong> qui peuvent vous prot\u00e9ger de la pluie et de la neige. Comme elle ne comporte pas de murs, vous serez plus ou moins expos\u00e9 au froid lorsque vous sortirez de votre bain bouillonnant.<\/p>\n<p>Le gazebo en bois ou en mat\u00e9riau composite est \u00e9galement \u00e0 m\u00eame de couvrir votre bain \u00e0 remous. Vous avez la possibilit\u00e9 de le fermer avec des rideaux pour vous baigner loin des regards curieux. Malgr\u00e9 tout, ils ne vous prot\u00e8geront pas du vent froid et de plus, ils occulteront la vue sur le jardin.<\/p>\n<h2>Les abris ferm\u00e9s<\/h2>\n<p><strong>L&#8217;abri ferm\u00e9 pr\u00e9sente de nombreux avantages :<\/strong><\/p>\n<ul>\n<li>il <strong>emp\u00eache le refroidissement<\/strong> rapide de l\u2019eau, vous permettant ainsi d\u2019optimiser l\u2019\u00e9nergie d\u00e9pens\u00e9e pour garder sa temp\u00e9rature constante<\/li>\n<li>il <strong>prot\u00e8ge l\u2019appareil<\/strong> des d\u00e9bris de v\u00e9g\u00e9taux, de la poussi\u00e8re, des cadavres d\u2019insectes<\/li>\n<li>il <strong>s\u00e9curise<\/strong> le bain \u00e0 remous<\/li>\n<li>il vous <strong>prot\u00e8ge de la pluie<\/strong>, de la neige et des rafales de vent<\/li>\n<li>il pr\u00e9serve votre <strong>intimit\u00e9.<\/strong><\/li>\n<\/ul>\n<p>Vous avez le choix entre plusieurs types de structures pour tous les prix.<\/p>\n<h3>L\u2019abri de spa<\/h3>\n<p>L&#8217;abri de terrasse est parfait pour <strong>couvrir un jacuzzi<\/strong> plac\u00e9 sur une terrasse. Il peut \u00eatre fixe et <strong>comporter ainsi des ouvertures sur les c\u00f4t\u00e9s.<\/strong>\u00a0Vous pouvez aussi opter pour un mod\u00e8le avec des parois t\u00e9lescopiques.<\/p>\n<p>Celui-ci est si pratique, puisque <strong>ses panneaux s\u2019embo\u00eetent<\/strong> dans un coin quand vous les ouvrez. Lorsqu\u2019il neige ou si le temps devient pluvieux, fermez-les tout simplement. Comme il est en verre, vous p<strong>rofiterez toujours du panorama ext\u00e9rieur depuis votre bain bouillonnant m\u00eame au c\u0153ur de la saison hivernale.<\/strong><\/p>\n<p>Si votre \u00e9tablissement h\u00f4telier propose des spas privatifs, vos clients se sentiront privil\u00e9gi\u00e9s en se pr\u00e9lassant dans un endroit o\u00f9 ils auront l\u2019impression d\u2019\u00eatre seuls au monde tout en admirant la neige tomber au-dehors. N\u2019h\u00e9sitez pas \u00e0 y cr\u00e9er une ambiance romantique et reposante en y installant de jolis luminaires.<\/p>\n<p>[\/et_pb_text][et_pb_text _builder_version=&#8221;4.27.5&#8243; hover_enabled=&#8221;0&#8243; global_colors_info=&#8221;{}&#8221; theme_builder_area=&#8221;post_content&#8221; sticky_enabled=&#8221;0&#8243;]<\/p>\n<h3>Le chalet en bois<\/h3>\n<p>Dress\u00e9e dans le jardin ou dans un coin idyllique de votre propri\u00e9t\u00e9, <strong>la cabane en bois<\/strong> est form\u00e9e de murs et de grandes baies vitr\u00e9es. Vous vous y baignerez dans une <strong>ambiance de spa nordique<\/strong>. Il vous sera m\u00eame possible d&#8217;y am\u00e9nager un sauna.<\/p>\n<h3>Le d\u00f4me<\/h3>\n<p><strong>Le d\u00f4me forme une bulle protectrice autour de votre jacuzzi.<\/strong> Il se d\u00e9cline sous plusieurs formes. Il peut \u00eatre gonflable ou bien \u00eatre compos\u00e9 de <strong>panneaux en polycarbonate<\/strong> qui coulissent sur un rail.\u00a0Certains mod\u00e8les sont form\u00e9s d\u2019un film plastique qui se d\u00e9ploie par le haut. Le prix de ces derniers est tr\u00e8s abordable, et pourtant leur design arrondi ne manquera pas d\u2019apporter une touche de modernit\u00e9 \u00e0 votre maison.<\/p>\n<p>&nbsp;<\/p>\n<p>[\/et_pb_text][et_pb_image src=&#8221;https:\/\/www.verandair.com\/wp-content\/uploads\/2021\/10\/IMG_0757.jpg&#8221; align_tablet=&#8221;center&#8221; align_phone=&#8221;center&#8221; align_last_edited=&#8221;on|desktop&#8221; _builder_version=&#8221;4.16&#8243; global_colors_info=&#8221;{}&#8221; theme_builder_area=&#8221;post_content&#8221;][\/et_pb_image][et_pb_text _builder_version=&#8221;4.27.5&#8243; hover_enabled=&#8221;0&#8243; global_colors_info=&#8221;{}&#8221; theme_builder_area=&#8221;post_content&#8221; sticky_enabled=&#8221;0&#8243;]<\/p>\n<h3>La v\u00e9randa<\/h3>\n<p>\u00c9l\u00e9gante et fonctionnelle, <strong>la v\u00e9randa vous prot\u00e8ge<\/strong> des al\u00e9as de la m\u00e9t\u00e9o pendant vos s\u00e9ances de baln\u00e9oth\u00e9rapie. Un mod\u00e8le avec une <strong>toiture bioclimatique<\/strong> s\u2019av\u00e8re en outre ergonomique, puisque celle-ci s\u2019ouvre et se replie \u00e0 l\u2019envi. Elle emp\u00eache l\u2019infiltration de la neige, de la pluie et du vent en p\u00e9riode hivernale. L\u2019\u00e9t\u00e9, elle se d\u00e9ploie pour laisser l\u2019air passer. Il existe aussi <strong>la <a href=\"https:\/\/www.verandair.com\/fr\/veranda-piscine\/abris-piscine-hauts\/abri-jacuzzi\/\">v\u00e9randa modulable<\/a><\/strong> qui se m\u00e9tamorphose en terrasse quand vous d\u00e9placez ses panneaux.<\/p>\n<h3>L\u2019avantage de la v\u00e9randa modulable<\/h3>\n<p>La v\u00e9randa modulable pour jacuzzi est form\u00e9e de parois r\u00e9tractables qui coulissent et s&#8217;empilent sur un c\u00f4t\u00e9. Comme elle couvre exactement la surface de votre terrasse, elle prot\u00e8gera donc \u00e0 la fois le bain \u00e0 remous ainsi que le salon et la cuisine ext\u00e9rieure. Vous n\u2019aurez plus besoin d\u2019hiverner vos meubles pour la saison froide.<\/p>\n<p>En \u00e9t\u00e9, d\u00e9placez ses panneaux et vous aurez une <strong>vue d\u00e9gag\u00e9e sur l\u2019ext\u00e9rieur<\/strong>. Vous sentirez \u00e9galement la brise caresser votre peau et votre visage. Ouvrez son toit bioclimatique pour laisser le soleil inonder votre espace.<\/p>\n<p>[\/et_pb_text][\/et_pb_column][\/et_pb_row][\/et_pb_section][et_pb_section fb_built=&#8221;1&#8243; admin_label=&#8221;CTA Guide achat Abri Terrasse&#8221; _builder_version=&#8221;4.16&#8243; background_color=&#8221;#009f9c&#8221; custom_margin=&#8221;|||&#8221; saved_tabs=&#8221;all&#8221; global_colors_info=&#8221;{}&#8221; theme_builder_area=&#8221;post_content&#8221;][et_pb_row column_structure=&#8221;1_3,2_3&#8243; use_custom_gutter=&#8221;on&#8221; gutter_width=&#8221;1&#8243; make_equal=&#8221;on&#8221; padding_top_bottom_link_2=&#8221;false&#8221; padding_left_right_link_1=&#8221;true&#8221; padding_left_right_link_2=&#8221;true&#8221; _builder_version=&#8221;4.16&#8243; background_color=&#8221;#ffffff&#8221; global_colors_info=&#8221;{}&#8221; theme_builder_area=&#8221;post_content&#8221;][et_pb_column type=&#8221;1_3&#8243; _builder_version=&#8221;4.16&#8243; custom_padding=&#8221;|20px||20px&#8221; global_colors_info=&#8221;{}&#8221; custom_padding__hover=&#8221;|||&#8221; theme_builder_area=&#8221;post_content&#8221;][et_pb_image src=&#8221;https:\/\/www.verandair.com\/wp-content\/uploads\/2021\/11\/guide-achat-ABTR.png&#8221; url=&#8221;https:\/\/info.verandair.com\/guide-abri-terrasse\/&#8221; url_new_window=&#8221;on&#8221; align=&#8221;center&#8221; align_tablet=&#8221;center&#8221; align_phone=&#8221;center&#8221; align_last_edited=&#8221;on|desktop&#8221; _builder_version=&#8221;4.16&#8243; custom_margin=&#8221;||0px|&#8221; custom_padding=&#8221;|0px||&#8221; custom_css_main_element=&#8221;max-width:280px;&#8221; global_colors_info=&#8221;{}&#8221; theme_builder_area=&#8221;post_content&#8221;][\/et_pb_image][\/et_pb_column][et_pb_column type=&#8221;2_3&#8243; _builder_version=&#8221;4.16&#8243; custom_padding=&#8221;30px|30px|0px|30px&#8221; global_colors_info=&#8221;{}&#8221; custom_padding__hover=&#8221;|||&#8221; theme_builder_area=&#8221;post_content&#8221;][et_pb_text _builder_version=&#8221;4.16&#8243; text_font=&#8221;||||||||&#8221; text_font_size=&#8221;30px&#8221; header_font=&#8221;||||||||&#8221; header_2_font=&#8221;||||||||&#8221; header_3_font_size=&#8221;20px&#8221; custom_margin=&#8221;||20px&#8221; global_colors_info=&#8221;{}&#8221; theme_builder_area=&#8221;post_content&#8221;]<\/p>\n<h3 style=\"font-size: 35px!important; line-height: 45px; text-align: center;\">[Guide d\u2019achat] Comment bien choisir votre<br \/>ABRI DE TERRASSE r\u00e9tractable ?<\/h3>\n<p>[\/et_pb_text][et_pb_text _builder_version=&#8221;4.16&#8243; text_font=&#8221;||||||||&#8221; custom_margin=&#8221;||20px&#8221; global_colors_info=&#8221;{}&#8221; theme_builder_area=&#8221;post_content&#8221;]<\/p>\n<p style=\"text-align: center; font-size: 20px; line-height: 30px;\">Facilitez votre prise de d\u00e9cision avec notre guide d\u2019achat. Il aborde les 19 questions que vous devez absolument vous poser afin de profiter de votre future acquisition sans mauvaise surprise.<\/p>\n<p>[\/et_pb_text][et_pb_button button_url=&#8221;https:\/\/info.verandair.com\/guide-abri-terrasse\/&#8221; url_new_window=&#8221;on&#8221; button_text=&#8221;\u00bb Je t\u00e9l\u00e9charge mon guide&#8221; button_alignment=&#8221;center&#8221; module_class=&#8221;custom-btn-orange&#8221; _builder_version=&#8221;4.16&#8243; custom_margin=&#8221;||0px&#8221; global_colors_info=&#8221;{}&#8221; theme_builder_area=&#8221;post_content&#8221;][\/et_pb_button][et_pb_code _builder_version=&#8221;4.16&#8243; global_colors_info=&#8221;{}&#8221; theme_builder_area=&#8221;post_content&#8221;]<\/p>\n<style><!-- [et_pb_line_break_holder] -->  a.et_pb_button.custom-btn-orange{<!-- [et_pb_line_break_holder] -->    background:#EF865B!important;<!-- [et_pb_line_break_holder] -->  }<!-- [et_pb_line_break_holder] -->  a.et_pb_button.custom-btn-orange:hover{<!-- [et_pb_line_break_holder] -->    background:#F4AD91!important;<!-- [et_pb_line_break_holder] -->  }<!-- [et_pb_line_break_holder] --><\/style>\n<p>[\/et_pb_code][\/et_pb_column][\/et_pb_row][\/et_pb_section]<\/p>\n","protected":false},"excerpt":{"rendered":"<p>Vous souhaitez tirer parti de votre jacuzzi ext\u00e9rieur toute l\u2019ann\u00e9e, qu\u2019il fasse beau, qu\u2019il pleuve ou qu\u2019il neige? En investissant dans une v\u00e9randa ou dans un abri pour spas Verandair, vous ferez efficacement face \u00e0 la saison froide. Et quand viendra l&#8217;\u00e9tat, ouvrez tout simplement votre abri pour profiter du soleil. Pourquoi prot\u00e9ger votre spa ? En prot\u00e9geant votre spa, vous optimisez sa dur\u00e9e de vie et vous en profiterez plusieurs ann\u00e9es. En effet, qu\u2019il soit gonflable ou rigide, les al\u00e9as m\u00e9t\u00e9orologiques ne mettront pas sa structure \u00e0 mal. Pendant la saison froide, vous ne serez pas non plus expos\u00e9 aux \u00e9l\u00e9ments, notamment au vent glacial et \u00e0 la neige. \u00c0 l\u2019arriv\u00e9e de l\u2019\u00e9t\u00e9, d\u00e9ployez les parois de votre abri pour faire entrer l\u2019air frais et le soleil. Soulignons enfin que cette installation vous prot\u00e8ge \u00e9galement des regards indiscrets. Les abris ouverts La pergola figure parmi les abris ouverts qui peuvent vous prot\u00e9ger de la pluie et de la neige. Comme elle ne comporte pas de murs, vous serez plus ou moins expos\u00e9 au froid lorsque vous sortirez de votre bain bouillonnant. Le gazebo en bois ou en mat\u00e9riau composite est \u00e9galement \u00e0 m\u00eame de couvrir votre bain \u00e0 remous. [&hellip;]<\/p>\n","protected":false},"author":4,"featured_media":57100,"comment_status":"open","ping_status":"closed","sticky":false,"template":"","format":"standard","meta":{"_acf_changed":false,"_et_pb_use_builder":"on","_et_pb_old_content":"","_et_gb_content_width":"","inline_featured_image":false,"footnotes":""},"categories":[32,33],"tags":[],"class_list":["post-39968","post","type-post","status-publish","format-standard","has-post-thumbnail","hentry","category-abri-de-terrasse","category-pergolas"],"acf":[],"yoast_head":"<!-- This site is optimized with the Yoast SEO plugin v27.5 - https:\/\/yoast.com\/product\/yoast-seo-wordpress\/ -->\n<title>Quel abri de spa adopter pour la p\u00e9riode hivernale ? | VERANDAIR\u00ae<\/title>\n<meta name=\"description\" content=\"Quel abri de spa pour l\u2019hiver ? Chez Verandair vous attendent des pergolas, abris de piscine et v\u00e9randas qui vous prot\u00e8gent des al\u00e9as climatiques !\" \/>\n<meta name=\"robots\" content=\"index, follow, max-snippet:-1, max-image-preview:large, max-video-preview:-1\" \/>\n<link rel=\"canonical\" href=\"https:\/\/www.verandair.com\/fr\/abritez-spa-hiver\/\" \/>\n<meta property=\"og:locale\" content=\"fr_FR\" \/>\n<meta property=\"og:type\" content=\"article\" \/>\n<meta property=\"og:title\" content=\"Quel abri de spa adopter pour la p\u00e9riode hivernale ? | VERANDAIR\u00ae\" \/>\n<meta property=\"og:description\" content=\"Quel abri de spa pour l\u2019hiver ? Chez Verandair vous attendent des pergolas, abris de piscine et v\u00e9randas qui vous prot\u00e8gent des al\u00e9as climatiques !\" \/>\n<meta property=\"og:url\" content=\"https:\/\/www.verandair.com\/fr\/abritez-spa-hiver\/\" \/>\n<meta property=\"og:site_name\" content=\"VERANDAIR\u00ae\" \/>\n<meta property=\"article:published_time\" content=\"2022-09-28T03:58:34+00:00\" \/>\n<meta property=\"article:modified_time\" content=\"2026-02-27T11:31:34+00:00\" \/>\n<meta property=\"og:image\" content=\"https:\/\/www.verandair.com\/wp-content\/uploads\/2020\/01\/abri-pour-jacuzzi-pool-cover.jpg\" \/>\n\t<meta property=\"og:image:width\" content=\"720\" \/>\n\t<meta property=\"og:image:height\" content=\"478\" \/>\n\t<meta property=\"og:image:type\" content=\"image\/jpeg\" \/>\n<meta name=\"author\" content=\"caro\" \/>\n<meta name=\"twitter:card\" content=\"summary_large_image\" \/>\n<meta name=\"twitter:label1\" content=\"\u00c9crit par\" \/>\n\t<meta name=\"twitter:data1\" content=\"caro\" \/>\n\t<meta name=\"twitter:label2\" content=\"Dur\u00e9e de lecture estim\u00e9e\" \/>\n\t<meta name=\"twitter:data2\" content=\"5 minutes\" \/>\n<script type=\"application\/ld+json\" class=\"yoast-schema-graph\">{\"@context\":\"https:\\\/\\\/schema.org\",\"@graph\":[{\"@type\":\"Article\",\"@id\":\"https:\\\/\\\/www.verandair.com\\\/fr\\\/abritez-spa-hiver\\\/#article\",\"isPartOf\":{\"@id\":\"https:\\\/\\\/www.verandair.com\\\/fr\\\/abritez-spa-hiver\\\/\"},\"author\":{\"name\":\"caro\",\"@id\":\"https:\\\/\\\/www.verandair.com\\\/fr\\\/#\\\/schema\\\/person\\\/af737cd43f080163882becebbd86c4db\"},\"headline\":\"Abritez votre spa pour en profiter aussi en p\u00e9riode hivernale\",\"datePublished\":\"2022-09-28T03:58:34+00:00\",\"dateModified\":\"2026-02-27T11:31:34+00:00\",\"mainEntityOfPage\":{\"@id\":\"https:\\\/\\\/www.verandair.com\\\/fr\\\/abritez-spa-hiver\\\/\"},\"wordCount\":1358,\"commentCount\":0,\"publisher\":{\"@id\":\"https:\\\/\\\/www.verandair.com\\\/fr\\\/#organization\"},\"image\":{\"@id\":\"https:\\\/\\\/www.verandair.com\\\/fr\\\/abritez-spa-hiver\\\/#primaryimage\"},\"thumbnailUrl\":\"https:\\\/\\\/www.verandair.com\\\/wp-content\\\/uploads\\\/2020\\\/01\\\/abri-pour-jacuzzi-pool-cover.jpg\",\"articleSection\":[\"Abri de terrasse\",\"Pergolas\"],\"inLanguage\":\"fr-FR\",\"potentialAction\":[{\"@type\":\"CommentAction\",\"name\":\"Comment\",\"target\":[\"https:\\\/\\\/www.verandair.com\\\/fr\\\/abritez-spa-hiver\\\/#respond\"]}]},{\"@type\":\"WebPage\",\"@id\":\"https:\\\/\\\/www.verandair.com\\\/fr\\\/abritez-spa-hiver\\\/\",\"url\":\"https:\\\/\\\/www.verandair.com\\\/fr\\\/abritez-spa-hiver\\\/\",\"name\":\"Quel abri de spa adopter pour la p\u00e9riode hivernale ? | VERANDAIR\u00ae\",\"isPartOf\":{\"@id\":\"https:\\\/\\\/www.verandair.com\\\/fr\\\/#website\"},\"primaryImageOfPage\":{\"@id\":\"https:\\\/\\\/www.verandair.com\\\/fr\\\/abritez-spa-hiver\\\/#primaryimage\"},\"image\":{\"@id\":\"https:\\\/\\\/www.verandair.com\\\/fr\\\/abritez-spa-hiver\\\/#primaryimage\"},\"thumbnailUrl\":\"https:\\\/\\\/www.verandair.com\\\/wp-content\\\/uploads\\\/2020\\\/01\\\/abri-pour-jacuzzi-pool-cover.jpg\",\"datePublished\":\"2022-09-28T03:58:34+00:00\",\"dateModified\":\"2026-02-27T11:31:34+00:00\",\"description\":\"Quel abri de spa pour l\u2019hiver ? Chez Verandair vous attendent des pergolas, abris de piscine et v\u00e9randas qui vous prot\u00e8gent des al\u00e9as climatiques !\",\"breadcrumb\":{\"@id\":\"https:\\\/\\\/www.verandair.com\\\/fr\\\/abritez-spa-hiver\\\/#breadcrumb\"},\"inLanguage\":\"fr-FR\",\"potentialAction\":[{\"@type\":\"ReadAction\",\"target\":[\"https:\\\/\\\/www.verandair.com\\\/fr\\\/abritez-spa-hiver\\\/\"]}]},{\"@type\":\"ImageObject\",\"inLanguage\":\"fr-FR\",\"@id\":\"https:\\\/\\\/www.verandair.com\\\/fr\\\/abritez-spa-hiver\\\/#primaryimage\",\"url\":\"https:\\\/\\\/www.verandair.com\\\/wp-content\\\/uploads\\\/2020\\\/01\\\/abri-pour-jacuzzi-pool-cover.jpg\",\"contentUrl\":\"https:\\\/\\\/www.verandair.com\\\/wp-content\\\/uploads\\\/2020\\\/01\\\/abri-pour-jacuzzi-pool-cover.jpg\",\"width\":720,\"height\":478,\"caption\":\"abri-pour-jacuzzi-pool-cover\"},{\"@type\":\"BreadcrumbList\",\"@id\":\"https:\\\/\\\/www.verandair.com\\\/fr\\\/abritez-spa-hiver\\\/#breadcrumb\",\"itemListElement\":[{\"@type\":\"ListItem\",\"position\":1,\"name\":\"Accueil\",\"item\":{\"@type\":\"WebPage\",\"@id\":\"https:\\\/\\\/www.verandair.com\\\/fr\\\/\",\"name\":\"Accueil\"}},{\"@type\":\"ListItem\",\"position\":2,\"name\":\"Abritez votre spa pour en profiter aussi en p\u00e9riode hivernale\"}]},{\"@type\":\"WebSite\",\"@id\":\"https:\\\/\\\/www.verandair.com\\\/fr\\\/#website\",\"url\":\"https:\\\/\\\/www.verandair.com\\\/fr\\\/\",\"name\":\"VERANDAIR\u00ae\",\"description\":\"\",\"publisher\":{\"@id\":\"https:\\\/\\\/www.verandair.com\\\/fr\\\/#organization\"},\"potentialAction\":[{\"@type\":\"SearchAction\",\"target\":{\"@type\":\"EntryPoint\",\"urlTemplate\":\"https:\\\/\\\/www.verandair.com\\\/fr\\\/?s={search_term_string}\"},\"query-input\":{\"@type\":\"PropertyValueSpecification\",\"valueRequired\":true,\"valueName\":\"search_term_string\"}}],\"inLanguage\":\"fr-FR\"},{\"@type\":\"Organization\",\"@id\":\"https:\\\/\\\/www.verandair.com\\\/fr\\\/#organization\",\"name\":\"Verandair\",\"url\":\"https:\\\/\\\/www.verandair.com\\\/fr\\\/\",\"logo\":{\"@type\":\"ImageObject\",\"inLanguage\":\"fr-FR\",\"@id\":\"https:\\\/\\\/www.verandair.com\\\/fr\\\/#\\\/schema\\\/logo\\\/image\\\/\",\"url\":\"https:\\\/\\\/www.verandair.com\\\/wp-content\\\/uploads\\\/2024\\\/06\\\/VERANDAIR-logo.png\",\"contentUrl\":\"https:\\\/\\\/www.verandair.com\\\/wp-content\\\/uploads\\\/2024\\\/06\\\/VERANDAIR-logo.png\",\"width\":283,\"height\":127,\"caption\":\"Verandair\"},\"image\":{\"@id\":\"https:\\\/\\\/www.verandair.com\\\/fr\\\/#\\\/schema\\\/logo\\\/image\\\/\"}},{\"@type\":\"Person\",\"@id\":\"https:\\\/\\\/www.verandair.com\\\/fr\\\/#\\\/schema\\\/person\\\/af737cd43f080163882becebbd86c4db\",\"name\":\"caro\",\"image\":{\"@type\":\"ImageObject\",\"inLanguage\":\"fr-FR\",\"@id\":\"https:\\\/\\\/secure.gravatar.com\\\/avatar\\\/4c356829a7552d3573f0151ea3bcc417616acba472a5e3565de5ae3a5b614aab?s=96&d=mm&r=g\",\"url\":\"https:\\\/\\\/secure.gravatar.com\\\/avatar\\\/4c356829a7552d3573f0151ea3bcc417616acba472a5e3565de5ae3a5b614aab?s=96&d=mm&r=g\",\"contentUrl\":\"https:\\\/\\\/secure.gravatar.com\\\/avatar\\\/4c356829a7552d3573f0151ea3bcc417616acba472a5e3565de5ae3a5b614aab?s=96&d=mm&r=g\",\"caption\":\"caro\"}}]}<\/script>\n<!-- \/ Yoast SEO plugin. -->","yoast_head_json":{"title":"Quel abri de spa adopter pour la p\u00e9riode hivernale ? | VERANDAIR\u00ae","description":"Quel abri de spa pour l\u2019hiver ? Chez Verandair vous attendent des pergolas, abris de piscine et v\u00e9randas qui vous prot\u00e8gent des al\u00e9as climatiques !","robots":{"index":"index","follow":"follow","max-snippet":"max-snippet:-1","max-image-preview":"max-image-preview:large","max-video-preview":"max-video-preview:-1"},"canonical":"https:\/\/www.verandair.com\/fr\/abritez-spa-hiver\/","og_locale":"fr_FR","og_type":"article","og_title":"Quel abri de spa adopter pour la p\u00e9riode hivernale ? | VERANDAIR\u00ae","og_description":"Quel abri de spa pour l\u2019hiver ? Chez Verandair vous attendent des pergolas, abris de piscine et v\u00e9randas qui vous prot\u00e8gent des al\u00e9as climatiques !","og_url":"https:\/\/www.verandair.com\/fr\/abritez-spa-hiver\/","og_site_name":"VERANDAIR\u00ae","article_published_time":"2022-09-28T03:58:34+00:00","article_modified_time":"2026-02-27T11:31:34+00:00","og_image":[{"width":720,"height":478,"url":"https:\/\/www.verandair.com\/wp-content\/uploads\/2020\/01\/abri-pour-jacuzzi-pool-cover.jpg","type":"image\/jpeg"}],"author":"caro","twitter_card":"summary_large_image","twitter_misc":{"\u00c9crit par":"caro","Dur\u00e9e de lecture estim\u00e9e":"5 minutes"},"schema":{"@context":"https:\/\/schema.org","@graph":[{"@type":"Article","@id":"https:\/\/www.verandair.com\/fr\/abritez-spa-hiver\/#article","isPartOf":{"@id":"https:\/\/www.verandair.com\/fr\/abritez-spa-hiver\/"},"author":{"name":"caro","@id":"https:\/\/www.verandair.com\/fr\/#\/schema\/person\/af737cd43f080163882becebbd86c4db"},"headline":"Abritez votre spa pour en profiter aussi en p\u00e9riode hivernale","datePublished":"2022-09-28T03:58:34+00:00","dateModified":"2026-02-27T11:31:34+00:00","mainEntityOfPage":{"@id":"https:\/\/www.verandair.com\/fr\/abritez-spa-hiver\/"},"wordCount":1358,"commentCount":0,"publisher":{"@id":"https:\/\/www.verandair.com\/fr\/#organization"},"image":{"@id":"https:\/\/www.verandair.com\/fr\/abritez-spa-hiver\/#primaryimage"},"thumbnailUrl":"https:\/\/www.verandair.com\/wp-content\/uploads\/2020\/01\/abri-pour-jacuzzi-pool-cover.jpg","articleSection":["Abri de terrasse","Pergolas"],"inLanguage":"fr-FR","potentialAction":[{"@type":"CommentAction","name":"Comment","target":["https:\/\/www.verandair.com\/fr\/abritez-spa-hiver\/#respond"]}]},{"@type":"WebPage","@id":"https:\/\/www.verandair.com\/fr\/abritez-spa-hiver\/","url":"https:\/\/www.verandair.com\/fr\/abritez-spa-hiver\/","name":"Quel abri de spa adopter pour la p\u00e9riode hivernale ? | VERANDAIR\u00ae","isPartOf":{"@id":"https:\/\/www.verandair.com\/fr\/#website"},"primaryImageOfPage":{"@id":"https:\/\/www.verandair.com\/fr\/abritez-spa-hiver\/#primaryimage"},"image":{"@id":"https:\/\/www.verandair.com\/fr\/abritez-spa-hiver\/#primaryimage"},"thumbnailUrl":"https:\/\/www.verandair.com\/wp-content\/uploads\/2020\/01\/abri-pour-jacuzzi-pool-cover.jpg","datePublished":"2022-09-28T03:58:34+00:00","dateModified":"2026-02-27T11:31:34+00:00","description":"Quel abri de spa pour l\u2019hiver ? Chez Verandair vous attendent des pergolas, abris de piscine et v\u00e9randas qui vous prot\u00e8gent des al\u00e9as climatiques !","breadcrumb":{"@id":"https:\/\/www.verandair.com\/fr\/abritez-spa-hiver\/#breadcrumb"},"inLanguage":"fr-FR","potentialAction":[{"@type":"ReadAction","target":["https:\/\/www.verandair.com\/fr\/abritez-spa-hiver\/"]}]},{"@type":"ImageObject","inLanguage":"fr-FR","@id":"https:\/\/www.verandair.com\/fr\/abritez-spa-hiver\/#primaryimage","url":"https:\/\/www.verandair.com\/wp-content\/uploads\/2020\/01\/abri-pour-jacuzzi-pool-cover.jpg","contentUrl":"https:\/\/www.verandair.com\/wp-content\/uploads\/2020\/01\/abri-pour-jacuzzi-pool-cover.jpg","width":720,"height":478,"caption":"abri-pour-jacuzzi-pool-cover"},{"@type":"BreadcrumbList","@id":"https:\/\/www.verandair.com\/fr\/abritez-spa-hiver\/#breadcrumb","itemListElement":[{"@type":"ListItem","position":1,"name":"Accueil","item":{"@type":"WebPage","@id":"https:\/\/www.verandair.com\/fr\/","name":"Accueil"}},{"@type":"ListItem","position":2,"name":"Abritez votre spa pour en profiter aussi en p\u00e9riode hivernale"}]},{"@type":"WebSite","@id":"https:\/\/www.verandair.com\/fr\/#website","url":"https:\/\/www.verandair.com\/fr\/","name":"VERANDAIR\u00ae","description":"","publisher":{"@id":"https:\/\/www.verandair.com\/fr\/#organization"},"potentialAction":[{"@type":"SearchAction","target":{"@type":"EntryPoint","urlTemplate":"https:\/\/www.verandair.com\/fr\/?s={search_term_string}"},"query-input":{"@type":"PropertyValueSpecification","valueRequired":true,"valueName":"search_term_string"}}],"inLanguage":"fr-FR"},{"@type":"Organization","@id":"https:\/\/www.verandair.com\/fr\/#organization","name":"Verandair","url":"https:\/\/www.verandair.com\/fr\/","logo":{"@type":"ImageObject","inLanguage":"fr-FR","@id":"https:\/\/www.verandair.com\/fr\/#\/schema\/logo\/image\/","url":"https:\/\/www.verandair.com\/wp-content\/uploads\/2024\/06\/VERANDAIR-logo.png","contentUrl":"https:\/\/www.verandair.com\/wp-content\/uploads\/2024\/06\/VERANDAIR-logo.png","width":283,"height":127,"caption":"Verandair"},"image":{"@id":"https:\/\/www.verandair.com\/fr\/#\/schema\/logo\/image\/"}},{"@type":"Person","@id":"https:\/\/www.verandair.com\/fr\/#\/schema\/person\/af737cd43f080163882becebbd86c4db","name":"caro","image":{"@type":"ImageObject","inLanguage":"fr-FR","@id":"https:\/\/secure.gravatar.com\/avatar\/4c356829a7552d3573f0151ea3bcc417616acba472a5e3565de5ae3a5b614aab?s=96&d=mm&r=g","url":"https:\/\/secure.gravatar.com\/avatar\/4c356829a7552d3573f0151ea3bcc417616acba472a5e3565de5ae3a5b614aab?s=96&d=mm&r=g","contentUrl":"https:\/\/secure.gravatar.com\/avatar\/4c356829a7552d3573f0151ea3bcc417616acba472a5e3565de5ae3a5b614aab?s=96&d=mm&r=g","caption":"caro"}}]}},"_links":{"self":[{"href":"https:\/\/www.verandair.com\/fr\/wp-json\/wp\/v2\/posts\/39968","targetHints":{"allow":["GET"]}}],"collection":[{"href":"https:\/\/www.verandair.com\/fr\/wp-json\/wp\/v2\/posts"}],"about":[{"href":"https:\/\/www.verandair.com\/fr\/wp-json\/wp\/v2\/types\/post"}],"author":[{"embeddable":true,"href":"https:\/\/www.verandair.com\/fr\/wp-json\/wp\/v2\/users\/4"}],"replies":[{"embeddable":true,"href":"https:\/\/www.verandair.com\/fr\/wp-json\/wp\/v2\/comments?post=39968"}],"version-history":[{"count":5,"href":"https:\/\/www.verandair.com\/fr\/wp-json\/wp\/v2\/posts\/39968\/revisions"}],"predecessor-version":[{"id":74490,"href":"https:\/\/www.verandair.com\/fr\/wp-json\/wp\/v2\/posts\/39968\/revisions\/74490"}],"wp:featuredmedia":[{"embeddable":true,"href":"https:\/\/www.verandair.com\/fr\/wp-json\/wp\/v2\/media\/57100"}],"wp:attachment":[{"href":"https:\/\/www.verandair.com\/fr\/wp-json\/wp\/v2\/media?parent=39968"}],"wp:term":[{"taxonomy":"category","embeddable":true,"href":"https:\/\/www.verandair.com\/fr\/wp-json\/wp\/v2\/categories?post=39968"},{"taxonomy":"post_tag","embeddable":true,"href":"https:\/\/www.verandair.com\/fr\/wp-json\/wp\/v2\/tags?post=39968"}],"curies":[{"name":"wp","href":"https:\/\/api.w.org\/{rel}","templated":true}]}}