{"id":50096,"date":"2023-04-07T14:11:10","date_gmt":"2023-04-07T12:11:10","guid":{"rendered":"https:\/\/www.verandair.com\/?p=50096"},"modified":"2024-04-15T13:48:19","modified_gmt":"2024-04-15T11:48:19","slug":"verriere-exterieure","status":"publish","type":"post","link":"https:\/\/www.verandair.com\/fr\/verriere-exterieure\/","title":{"rendered":"Verri\u00e8re ext\u00e9rieure : le secret pour un oasis de lumi\u00e8re et de style"},"content":{"rendered":"<p>[et_pb_section fb_built=&#8221;1&#8243; _builder_version=&#8221;4.19.2&#8243; _module_preset=&#8221;default&#8221; custom_margin=&#8221;||-328px|||&#8221; global_colors_info=&#8221;{}&#8221;][et_pb_row _builder_version=&#8221;4.19.2&#8243; _module_preset=&#8221;default&#8221; global_colors_info=&#8221;{}&#8221;][et_pb_column type=&#8221;4_4&#8243; _builder_version=&#8221;4.19.2&#8243; _module_preset=&#8221;default&#8221; global_colors_info=&#8221;{}&#8221;][et_pb_text _builder_version=&#8221;4.19.2&#8243; _module_preset=&#8221;default&#8221; global_colors_info=&#8221;{}&#8221;]<\/p>\n<p>&nbsp;<\/p>\n<p>Les verri\u00e8res ext\u00e9rieures sont devenues un incontournable pour ceux qui souhaitent apporter une <strong>touche de modernit\u00e9 et de luminosit\u00e9<\/strong> \u00e0 leur habitation. \u00c0 la crois\u00e9e de l&#8217;architecture et du design, ces structures vitr\u00e9es offrent un m\u00e9lange subtil de fonctionnalit\u00e9 et d&#8217;esth\u00e9tisme.<\/p>\n<p>Dans cet article, nous vous d\u00e9voilons le secret de ces oasis de lumi\u00e8re et de style, en explorant les diff\u00e9rents types de verri\u00e8res ext\u00e9rieures, leur utilit\u00e9, leur emplacement, leur prix, et quelques conseils pour bien les choisir. Enfin, nous vous pr\u00e9senterons des inspirations pour vous aider \u00e0 concr\u00e9tiser votre projet et \u00e0 <strong>cr\u00e9er un espace ext\u00e9rieur unique et accueillant.<\/strong><\/p>\n<h2><\/h2>\n<h2>Qu\u2019est-ce qu\u2019une verri\u00e8re ext\u00e9rieure\u00a0?<\/h2>\n<p>Une verri\u00e8re ext\u00e9rieure est une <strong>structure architecturale<\/strong> compos\u00e9e principalement de <strong>vitrages<\/strong> et d&#8217;<strong>\u00e9l\u00e9ments porteurs<\/strong>, g\u00e9n\u00e9ralement en acier ou en aluminium. Elle est con\u00e7ue pour \u00eatre install\u00e9e \u00e0 l&#8217;ext\u00e9rieur d&#8217;un b\u00e2timent, permettant ainsi de<strong> cr\u00e9er une liaison visuelle et parfois fonctionnelle entre l&#8217;int\u00e9rieur et l&#8217;ext\u00e9rieur.<\/strong> La verri\u00e8re ext\u00e9rieure se caract\u00e9rise par sa grande surface vitr\u00e9e, qui offre un maximum de transparence et de luminosit\u00e9, tout en apportant une touche de modernit\u00e9 et d&#8217;\u00e9l\u00e9gance \u00e0 votre habitat.<\/p>\n<h3>Les diff\u00e9rents types de verri\u00e8res ext\u00e9rieures<\/h3>\n<p>Il existe diff\u00e9rents types de verri\u00e8res ext\u00e9rieures, qui peuvent \u00eatre class\u00e9s selon leur forme, leur emplacement ou leur utilisation :<\/p>\n<p>&nbsp;<\/p>\n<ul>\n<li><strong>La verri\u00e8re de toit<\/strong>: g\u00e9n\u00e9ralement install\u00e9e en pente, elle permet d&#8217;apporter de la <strong>lumi\u00e8re naturelle<\/strong> dans les espaces situ\u00e9s <strong>sous les combles ou la toiture<\/strong>. Elle peut \u00eatre fixe ou ouvrante, selon vos besoins en ventilation et en acc\u00e8s.<\/li>\n<li><strong>Les verri\u00e8res lat\u00e9rales\u00a0: <\/strong>situ\u00e9e <strong>sur un mur ext\u00e9rieur<\/strong>, elle offre une <strong>vue panoramique<\/strong> sur votre jardin ou votre terrasse, tout en pr\u00e9servant l&#8217;intimit\u00e9 de votre espace int\u00e9rieur. Elle peut \u00eatre compos\u00e9e d\u2019une <a href=\"https:\/\/www.verandair.com\/fr\/pergolas\/baie-vitree-coulissante\/\">baie vitr\u00e9e coulissante<\/a>, d\u2019une porte fen\u00eatre ou de ch\u00e2ssis fixes.<\/li>\n<li><strong>La verri\u00e8re de fa\u00e7ade\u00a0: <\/strong>int\u00e9gr\u00e9e \u00e0 la fa\u00e7ade de votre maison, elle remplace en partie ou en totalit\u00e9 un mur ext\u00e9rieur, offrant ainsi une <strong>large ouverture sur l&#8217;ext\u00e9rieur<\/strong> et un style contemporain tr\u00e8s recherch\u00e9.<\/li>\n<li><strong>Les verri\u00e8res d\u2019extension\u00a0: <\/strong>utilis\u00e9e pour agrandir votre espace de vie ou pour <a href=\"https:\/\/www.verandair.com\/fr\/pergolas\/\">cr\u00e9er une v\u00e9randa<\/a>, elle cr\u00e9e un espace interm\u00e9diaire entre l&#8217;int\u00e9rieur et l&#8217;ext\u00e9rieur, comme un jardin d&#8217;hiver, une v\u00e9randa ou une cuisine d&#8217;\u00e9t\u00e9.<\/li>\n<\/ul>\n<p>[\/et_pb_text][et_pb_image src=&#8221;https:\/\/www.verandair.com\/wp-content\/uploads\/2023\/04\/Blog-Verandair-4.jpg&#8221; alt=&#8221;verri\u00e8re blanche &#8221; title_text=&#8221;Blog Verandair (4)&#8221; align=&#8221;center&#8221; _builder_version=&#8221;4.19.2&#8243; _module_preset=&#8221;default&#8221; width=&#8221;60%&#8221; max_width=&#8221;71%&#8221; min_height=&#8221;603px&#8221; custom_margin=&#8221;30px||30px||false|false&#8221; global_colors_info=&#8221;{}&#8221;][\/et_pb_image][et_pb_text _builder_version=&#8221;4.19.2&#8243; _module_preset=&#8221;default&#8221; custom_margin=&#8221;||||false|false&#8221; custom_padding=&#8221;30px||||false|false&#8221; global_colors_info=&#8221;{}&#8221;]<\/p>\n<h2>Verri\u00e8re et v\u00e9randa\u00a0: quelles diff\u00e9rences?<\/h2>\n<p>Le concept de verri\u00e8re ext\u00e9rieure est \u00e9troitement li\u00e9 \u00e0 celui de la v\u00e9randa, bien qu&#8217;il existe certaines diff\u00e9rences entre les deux.<\/p>\n<p><strong>La v\u00e9randa est une extension vitr\u00e9e de la maison<\/strong>, g\u00e9n\u00e9ralement constitu\u00e9e de murs et d&#8217;un toit enti\u00e8rement ou partiellement vitr\u00e9s. Elle est con\u00e7ue pour offrir <strong>un espace de vie suppl\u00e9mentaire<\/strong>, tout en profitant de la lumi\u00e8re naturelle et de la vue sur l&#8217;ext\u00e9rieur.<\/p>\n<p><strong>La verri\u00e8re<\/strong>, quant \u00e0 elle, peut \u00eatre <a href=\"https:\/\/www.verandair.com\/fr\/veranda\/baie-vitree-coulissante\/\">int\u00e9gr\u00e9e \u00e0 une v\u00e9randa<\/a>, mais peut \u00e9galement \u00eatre install\u00e9e ind\u00e9pendamment sur d&#8217;autres parties de la maison, comme un toit ou une fa\u00e7ade.<\/p>\n<p>&nbsp;<\/p>\n<h2>Ce qu\u2019apporte une verri\u00e8re \u00e0 votre maison<\/h2>\n<h3>Elle apporte de la lumi\u00e8re naturelle<\/h3>\n<p>Gr\u00e2ce \u00e0 sa grande surface vitr\u00e9e, une verri\u00e8re permet d&#8217;inonder votre int\u00e9rieur de lumi\u00e8re naturelle. Cette <strong>luminosit\u00e9 accrue<\/strong> contribue non seulement \u00e0 cr\u00e9er une <strong>ambiance <\/strong>chaleureuse et conviviale, mais aussi \u00e0 <strong>r\u00e9duire votre consommation d&#8217;\u00e9nergie<\/strong> en limitant le recours \u00e0 l&#8217;\u00e9clairage artificiel. S\u2019exposer \u00e0 la lumi\u00e8re du jour est surtout tr\u00e8s b\u00e9n\u00e9fique pour notre <strong>bien-\u00eatre <\/strong>et notre<strong> sant\u00e9<\/strong>, en favorisant la production de vitamine D et en am\u00e9liorant notre humeur.<\/p>\n<p>&nbsp;<\/p>\n<h3>Elle cr\u00e9e un espace de vie suppl\u00e9mentaire<\/h3>\n<p>Une verri\u00e8re d&#8217;extension ou une <a href=\"https:\/\/www.verandair.com\/fr\/abri-de-terrasse\/\">v\u00e9randa<\/a> peut servir \u00e0 <strong>agrandir votre espace de vie<\/strong> en cr\u00e9ant une pi\u00e8ce suppl\u00e9mentaire. Cet espace peut \u00eatre am\u00e9nag\u00e9 selon vos besoins et vos envies, que ce soit pour cr\u00e9er un salon d&#8217;\u00e9t\u00e9, une salle \u00e0 manger avec vue sur le jardin, un bureau baign\u00e9 de lumi\u00e8re ou un jardin d&#8217;hiver pour profiter de la nature tout au long de l&#8217;ann\u00e9e.<\/p>\n<p>&nbsp;<\/p>\n<h3>Elle am\u00e9liore l&#8217;esth\u00e9tique de votre maison<\/h3>\n<p>En plus de ses avantages pratiques, une verri\u00e8re ext\u00e9rieure apporte une <strong>touche d&#8217;\u00e9l\u00e9gance<\/strong> et de modernit\u00e9 \u00e0 votre maison. Elle permet de <strong>cr\u00e9er un effet visuel saisissant<\/strong>, en jouant sur les contrastes entre les mat\u00e9riaux et les volumes. Une verri\u00e8re bien con\u00e7ue et bien int\u00e9gr\u00e9e \u00e0 votre architecture peut ainsi <strong>rehausser <\/strong>l&#8217;ensemble de votre<strong> propri\u00e9t\u00e9<\/strong>, en offrant un <strong>cachet<\/strong> unique et en <strong>augmentant sa valeur<\/strong> sur le march\u00e9 immobilier.<\/p>\n<p>&nbsp;<\/p>\n<h2>Conseils pour choisir votre verri\u00e8re<\/h2>\n<p>Pour tirer le meilleur parti de votre verri\u00e8re ext\u00e9rieure et vous assurer qu&#8217;elle r\u00e9ponde parfaitement \u00e0 vos besoins et \u00e0 vos attentes, il est important de prendre en compte plusieurs crit\u00e8res lors de sa s\u00e9lection.<\/p>\n<p>&nbsp;<\/p>\n<h3>S\u00e9lection des mat\u00e9riaux<\/h3>\n<p>Le choix des mat\u00e9riaux est crucial pour la performance et l&#8217;esth\u00e9tique de votre verri\u00e8re. Les mat\u00e9riaux les plus couramment utilis\u00e9s pour les structures de verri\u00e8res sont l&#8217;<strong>acier<\/strong> et l&#8217;<strong>aluminium<\/strong>. L&#8217;acier offre une grande solidit\u00e9 et un aspect traditionnel, tandis que l&#8217;aluminium est plus l\u00e9ger et r\u00e9sistant \u00e0 la corrosion. Prenez en compte l&#8217;apparence que vous souhaitez donner \u00e0 votre verri\u00e8re, ainsi que la durabilit\u00e9 et l&#8217;entretien des mat\u00e9riaux choisis.<\/p>\n<p>&nbsp;<\/p>\n<h3>Choix des vitrages<\/h3>\n<p>Le type de vitrage que vous choisirez aura un <strong>impact direct sur les performances thermiques<\/strong> <strong>et acoustiques<\/strong> de votre verri\u00e8re, ainsi que sur sa <strong>s\u00e9curit\u00e9.<\/strong><\/p>\n<p>&nbsp;<\/p>\n<ul>\n<li>Optez pour <strong>un double vitrage \u00e0 faible \u00e9missivit\u00e9<\/strong> pour garantir une isolation thermique optimale, tout en b\u00e9n\u00e9ficiant d&#8217;une grande transparence.<\/li>\n<li>Pour une meilleure isolation acoustique, un <strong>vitrage feuillet\u00e9 ou acoustique<\/strong> peut \u00eatre envisag\u00e9.<\/li>\n<li>Si la s\u00e9curit\u00e9 est une pr\u00e9occupation majeure, optez pour un <strong>vitrage feuillet\u00e9 anti-effraction.<\/strong><strong><\/strong><\/li>\n<\/ul>\n<p><strong><\/strong><\/p>\n<h3>Int\u00e9gration architecturale<\/h3>\n<p>Assurez-vous que votre verri\u00e8re s&#8217;int\u00e8gre harmonieusement \u00e0 l&#8217;architecture de votre maison. Prenez en compte <strong>le style<\/strong> de votre b\u00e2timent, ainsi que <strong>les proportions<\/strong> et les lignes directrices de votre fa\u00e7ade. N&#8217;h\u00e9sitez pas \u00e0 consulter un architecte ou un professionnel pour vous aider \u00e0 concevoir une verri\u00e8re qui respecte les contraintes techniques et esth\u00e9tiques de votre projet.<\/p>\n<p>&nbsp;<\/p>\n<h3>Entretien et durabilit\u00e9<\/h3>\n<p>Une verri\u00e8re bien entretenue est non seulement plus esth\u00e9tique, mais aussi plus durable. Optez pour des <strong>mat\u00e9riaux faciles d&#8217;entretien<\/strong>, comme l&#8217;aluminium, et des vitrages autonettoyants ou trait\u00e9s contre les salissures.<\/p>\n<p>Pensez \u00e9galement \u00e0 la <strong>facilit\u00e9 d&#8217;acc\u00e8s<\/strong> \u00e0 votre verri\u00e8re pour l&#8217;entretien et le <strong>nettoyage<\/strong> des vitres. Enfin, n&#8217;oubliez pas de v\u00e9rifier la garantie offerte par le fabricant, qui peut varier en fonction des mat\u00e9riaux et des finitions choisies.<\/p>\n<p>&nbsp;<\/p>\n<h2>Et le prix dans tout \u00e7a\u00a0?<\/h2>\n<p>Le prix d&#8217;une verri\u00e8re ext\u00e9rieure sera variable selon sa taille, les mat\u00e9riaux que vous choisissez, le type de vitrage et la complexit\u00e9 du projet. De ce fait, son co\u00fbt peut aller de <strong>plusieurs centaines \u00e0 quelques milliers d\u2019euros<\/strong>.<\/p>\n<p>[\/et_pb_text][\/et_pb_column][\/et_pb_row][et_pb_row _builder_version=&#8221;4.19.2&#8243; _module_preset=&#8221;default&#8221; global_colors_info=&#8221;{}&#8221;][et_pb_column type=&#8221;4_4&#8243; _builder_version=&#8221;4.19.2&#8243; _module_preset=&#8221;default&#8221; global_colors_info=&#8221;{}&#8221;][et_pb_text _builder_version=&#8221;4.19.2&#8243; _module_preset=&#8221;default&#8221; global_colors_info=&#8221;{}&#8221;]<\/p>\n<h2>Quelques inspirations pour votre projet de verri\u00e8re\u00a0<\/h2>\n<p>[\/et_pb_text][\/et_pb_column][\/et_pb_row][et_pb_row column_structure=&#8221;1_4,1_4,1_4,1_4&#8243; _builder_version=&#8221;4.19.2&#8243; _module_preset=&#8221;default&#8221; custom_margin=&#8221;-40px||||false|false&#8221; global_colors_info=&#8221;{}&#8221;][et_pb_column type=&#8221;1_4&#8243; _builder_version=&#8221;4.19.2&#8243; _module_preset=&#8221;default&#8221; global_colors_info=&#8221;{}&#8221;][et_pb_code _builder_version=&#8221;4.19.2&#8243; _module_preset=&#8221;default&#8221; custom_margin=&#8221;||-189px|||&#8221; global_colors_info=&#8221;{}&#8221;]<iframe loading=\"lazy\" src=\"https:\/\/assets.pinterest.com\/ext\/embed.html?id=585679126560637025\" height=\"740\" width=\"450\" frameborder=\"0\" scrolling=\"no\" ><\/iframe><!-- [et_pb_line_break_holder] --><!-- [et_pb_line_break_holder] -->[\/et_pb_code][\/et_pb_column][et_pb_column type=&#8221;1_4&#8243; _builder_version=&#8221;4.19.2&#8243; _module_preset=&#8221;default&#8221; global_colors_info=&#8221;{}&#8221;][et_pb_code _builder_version=&#8221;4.19.2&#8243; _module_preset=&#8221;default&#8221; global_colors_info=&#8221;{}&#8221;]<iframe loading=\"lazy\" src=\"https:\/\/assets.pinterest.com\/ext\/embed.html?id=48976714688560140\" height=\"633\" width=\"450\" frameborder=\"0\" scrolling=\"no\" ><\/iframe>[\/et_pb_code][\/et_pb_column][et_pb_column type=&#8221;1_4&#8243; _builder_version=&#8221;4.19.2&#8243; _module_preset=&#8221;default&#8221; global_colors_info=&#8221;{}&#8221;][et_pb_code _builder_version=&#8221;4.19.2&#8243; _module_preset=&#8221;default&#8221; global_colors_info=&#8221;{}&#8221;]<iframe loading=\"lazy\" src=\"https:\/\/assets.pinterest.com\/ext\/embed.html?id=979392250189953712\" height=\"700\" width=\"450\" frameborder=\"0\" scrolling=\"no\" ><\/iframe><!-- [et_pb_line_break_holder] --><!-- [et_pb_line_break_holder] -->[\/et_pb_code][\/et_pb_column][et_pb_column type=&#8221;1_4&#8243; _builder_version=&#8221;4.19.2&#8243; _module_preset=&#8221;default&#8221; global_colors_info=&#8221;{}&#8221;][et_pb_code _builder_version=&#8221;4.19.2&#8243; _module_preset=&#8221;default&#8221; global_colors_info=&#8221;{}&#8221;]<iframe loading=\"lazy\" src=\"https:\/\/assets.pinterest.com\/ext\/embed.html?id=137430226116403892\" height=\"775\" width=\"450\" frameborder=\"0\" scrolling=\"no\" ><\/iframe>[\/et_pb_code][\/et_pb_column][\/et_pb_row][\/et_pb_section][et_pb_section fb_built=&#8221;1&#8243; _builder_version=&#8221;4.19.2&#8243; _module_preset=&#8221;default&#8221; global_colors_info=&#8221;{}&#8221;][et_pb_row _builder_version=&#8221;4.19.2&#8243; _module_preset=&#8221;default&#8221; global_colors_info=&#8221;{}&#8221;][et_pb_column type=&#8221;4_4&#8243; _builder_version=&#8221;4.19.2&#8243; _module_preset=&#8221;default&#8221; global_colors_info=&#8221;{}&#8221;][et_pb_code _builder_version=&#8221;4.24.2&#8243; _module_preset=&#8221;default&#8221; global_colors_info=&#8221;{}&#8221;]<script async defer src=\"\/\/assets.pinterest.com\/js\/pinit.js\"><\/script>[\/et_pb_code][\/et_pb_column][\/et_pb_row][\/et_pb_section]<\/p>\n","protected":false},"excerpt":{"rendered":"<p>Les verri\u00e8res ext\u00e9rieures sont devenues un incontournable pour ceux qui souhaitent apporter une touche de modernit\u00e9 et de luminosit\u00e9 \u00e0 leur habitation. D\u00e9couvrez le secret de ces oasis de lumi\u00e8re et quelques inspirations pour votre int\u00e9rieur. <\/p>\n","protected":false},"author":4,"featured_media":62631,"comment_status":"closed","ping_status":"closed","sticky":false,"template":"","format":"standard","meta":{"_acf_changed":false,"_et_pb_use_builder":"on","_et_pb_old_content":"","_et_gb_content_width":"","inline_featured_image":false,"footnotes":""},"categories":[32,35,40],"tags":[],"class_list":["post-50096","post","type-post","status-publish","format-standard","has-post-thumbnail","hentry","category-abri-de-terrasse","category-paroi-coulissante","category-toiture"],"acf":[],"yoast_head":"<!-- This site is optimized with the Yoast SEO plugin v27.5 - https:\/\/yoast.com\/product\/yoast-seo-wordpress\/ -->\n<title>Verri\u00e8re ext\u00e9rieure: le secret pour un oasis de lumi\u00e8re<\/title>\n<meta name=\"description\" content=\"Qu&#039;est-ce qu&#039;une verri\u00e8re? Quelles diff\u00e9rences avec une v\u00e9randa? Quels mat\u00e9riaux choisir et pour quel budget? Vous saurez tout ici!\" \/>\n<meta name=\"robots\" content=\"index, follow, max-snippet:-1, max-image-preview:large, max-video-preview:-1\" \/>\n<link rel=\"canonical\" href=\"https:\/\/www.verandair.com\/fr\/verriere-exterieure\/\" \/>\n<meta property=\"og:locale\" content=\"fr_FR\" \/>\n<meta property=\"og:type\" content=\"article\" \/>\n<meta property=\"og:title\" content=\"Verri\u00e8re ext\u00e9rieure: le secret pour un oasis de lumi\u00e8re\" \/>\n<meta property=\"og:description\" content=\"Qu&#039;est-ce qu&#039;une verri\u00e8re? Quelles diff\u00e9rences avec une v\u00e9randa? Quels mat\u00e9riaux choisir et pour quel budget? Vous saurez tout ici!\" \/>\n<meta property=\"og:url\" content=\"https:\/\/www.verandair.com\/fr\/verriere-exterieure\/\" \/>\n<meta property=\"og:site_name\" content=\"VERANDAIR\u00ae\" \/>\n<meta property=\"article:published_time\" content=\"2023-04-07T12:11:10+00:00\" \/>\n<meta property=\"article:modified_time\" content=\"2024-04-15T11:48:19+00:00\" \/>\n<meta property=\"og:image\" content=\"https:\/\/www.verandair.com\/wp-content\/uploads\/2023\/04\/Blog-Verandair-3.jpg\" \/>\n\t<meta property=\"og:image:width\" content=\"1080\" \/>\n\t<meta property=\"og:image:height\" content=\"675\" \/>\n\t<meta property=\"og:image:type\" content=\"image\/jpeg\" \/>\n<meta name=\"author\" content=\"caro\" \/>\n<meta name=\"twitter:card\" content=\"summary_large_image\" \/>\n<meta name=\"twitter:label1\" content=\"\u00c9crit par\" \/>\n\t<meta name=\"twitter:data1\" content=\"caro\" \/>\n\t<meta name=\"twitter:label2\" content=\"Dur\u00e9e de lecture estim\u00e9e\" \/>\n\t<meta name=\"twitter:data2\" content=\"6 minutes\" \/>\n<script type=\"application\/ld+json\" class=\"yoast-schema-graph\">{\"@context\":\"https:\\\/\\\/schema.org\",\"@graph\":[{\"@type\":\"Article\",\"@id\":\"https:\\\/\\\/www.verandair.com\\\/fr\\\/verriere-exterieure\\\/#article\",\"isPartOf\":{\"@id\":\"https:\\\/\\\/www.verandair.com\\\/fr\\\/verriere-exterieure\\\/\"},\"author\":{\"name\":\"caro\",\"@id\":\"https:\\\/\\\/www.verandair.com\\\/fr\\\/#\\\/schema\\\/person\\\/af737cd43f080163882becebbd86c4db\"},\"headline\":\"Verri\u00e8re ext\u00e9rieure : le secret pour un oasis de lumi\u00e8re et de style\",\"datePublished\":\"2023-04-07T12:11:10+00:00\",\"dateModified\":\"2024-04-15T11:48:19+00:00\",\"mainEntityOfPage\":{\"@id\":\"https:\\\/\\\/www.verandair.com\\\/fr\\\/verriere-exterieure\\\/\"},\"wordCount\":1657,\"publisher\":{\"@id\":\"https:\\\/\\\/www.verandair.com\\\/fr\\\/#organization\"},\"image\":{\"@id\":\"https:\\\/\\\/www.verandair.com\\\/fr\\\/verriere-exterieure\\\/#primaryimage\"},\"thumbnailUrl\":\"https:\\\/\\\/www.verandair.com\\\/wp-content\\\/uploads\\\/2023\\\/04\\\/Blog-Verandair-3.jpg\",\"articleSection\":[\"Abri de terrasse\",\"Paroi Coulissante\",\"Toiture\"],\"inLanguage\":\"fr-FR\"},{\"@type\":\"WebPage\",\"@id\":\"https:\\\/\\\/www.verandair.com\\\/fr\\\/verriere-exterieure\\\/\",\"url\":\"https:\\\/\\\/www.verandair.com\\\/fr\\\/verriere-exterieure\\\/\",\"name\":\"Verri\u00e8re ext\u00e9rieure: le secret pour un oasis de lumi\u00e8re\",\"isPartOf\":{\"@id\":\"https:\\\/\\\/www.verandair.com\\\/fr\\\/#website\"},\"primaryImageOfPage\":{\"@id\":\"https:\\\/\\\/www.verandair.com\\\/fr\\\/verriere-exterieure\\\/#primaryimage\"},\"image\":{\"@id\":\"https:\\\/\\\/www.verandair.com\\\/fr\\\/verriere-exterieure\\\/#primaryimage\"},\"thumbnailUrl\":\"https:\\\/\\\/www.verandair.com\\\/wp-content\\\/uploads\\\/2023\\\/04\\\/Blog-Verandair-3.jpg\",\"datePublished\":\"2023-04-07T12:11:10+00:00\",\"dateModified\":\"2024-04-15T11:48:19+00:00\",\"description\":\"Qu'est-ce qu'une verri\u00e8re? Quelles diff\u00e9rences avec une v\u00e9randa? Quels mat\u00e9riaux choisir et pour quel budget? Vous saurez tout ici!\",\"breadcrumb\":{\"@id\":\"https:\\\/\\\/www.verandair.com\\\/fr\\\/verriere-exterieure\\\/#breadcrumb\"},\"inLanguage\":\"fr-FR\",\"potentialAction\":[{\"@type\":\"ReadAction\",\"target\":[\"https:\\\/\\\/www.verandair.com\\\/fr\\\/verriere-exterieure\\\/\"]}]},{\"@type\":\"ImageObject\",\"inLanguage\":\"fr-FR\",\"@id\":\"https:\\\/\\\/www.verandair.com\\\/fr\\\/verriere-exterieure\\\/#primaryimage\",\"url\":\"https:\\\/\\\/www.verandair.com\\\/wp-content\\\/uploads\\\/2023\\\/04\\\/Blog-Verandair-3.jpg\",\"contentUrl\":\"https:\\\/\\\/www.verandair.com\\\/wp-content\\\/uploads\\\/2023\\\/04\\\/Blog-Verandair-3.jpg\",\"width\":1080,\"height\":675,\"caption\":\"Verri\u00e8re ext\u00e9rieure am\u00e9nag\u00e9e en grand salon de d\u00e9tente, dot\u00e9e de nombreuses fen\u00eatres qui apportent une belle luminosit\u00e9.\"},{\"@type\":\"BreadcrumbList\",\"@id\":\"https:\\\/\\\/www.verandair.com\\\/fr\\\/verriere-exterieure\\\/#breadcrumb\",\"itemListElement\":[{\"@type\":\"ListItem\",\"position\":1,\"name\":\"Accueil\",\"item\":{\"@type\":\"WebPage\",\"@id\":\"https:\\\/\\\/www.verandair.com\\\/fr\\\/\",\"name\":\"Accueil\"}},{\"@type\":\"ListItem\",\"position\":2,\"name\":\"Verri\u00e8re ext\u00e9rieure : le secret pour un oasis de lumi\u00e8re et de style\"}]},{\"@type\":\"WebSite\",\"@id\":\"https:\\\/\\\/www.verandair.com\\\/fr\\\/#website\",\"url\":\"https:\\\/\\\/www.verandair.com\\\/fr\\\/\",\"name\":\"VERANDAIR\u00ae\",\"description\":\"\",\"publisher\":{\"@id\":\"https:\\\/\\\/www.verandair.com\\\/fr\\\/#organization\"},\"potentialAction\":[{\"@type\":\"SearchAction\",\"target\":{\"@type\":\"EntryPoint\",\"urlTemplate\":\"https:\\\/\\\/www.verandair.com\\\/fr\\\/?s={search_term_string}\"},\"query-input\":{\"@type\":\"PropertyValueSpecification\",\"valueRequired\":true,\"valueName\":\"search_term_string\"}}],\"inLanguage\":\"fr-FR\"},{\"@type\":\"Organization\",\"@id\":\"https:\\\/\\\/www.verandair.com\\\/fr\\\/#organization\",\"name\":\"Verandair\",\"url\":\"https:\\\/\\\/www.verandair.com\\\/fr\\\/\",\"logo\":{\"@type\":\"ImageObject\",\"inLanguage\":\"fr-FR\",\"@id\":\"https:\\\/\\\/www.verandair.com\\\/fr\\\/#\\\/schema\\\/logo\\\/image\\\/\",\"url\":\"https:\\\/\\\/www.verandair.com\\\/wp-content\\\/uploads\\\/2024\\\/06\\\/VERANDAIR-logo.png\",\"contentUrl\":\"https:\\\/\\\/www.verandair.com\\\/wp-content\\\/uploads\\\/2024\\\/06\\\/VERANDAIR-logo.png\",\"width\":283,\"height\":127,\"caption\":\"Verandair\"},\"image\":{\"@id\":\"https:\\\/\\\/www.verandair.com\\\/fr\\\/#\\\/schema\\\/logo\\\/image\\\/\"}},{\"@type\":\"Person\",\"@id\":\"https:\\\/\\\/www.verandair.com\\\/fr\\\/#\\\/schema\\\/person\\\/af737cd43f080163882becebbd86c4db\",\"name\":\"caro\",\"image\":{\"@type\":\"ImageObject\",\"inLanguage\":\"fr-FR\",\"@id\":\"https:\\\/\\\/secure.gravatar.com\\\/avatar\\\/4c356829a7552d3573f0151ea3bcc417616acba472a5e3565de5ae3a5b614aab?s=96&d=mm&r=g\",\"url\":\"https:\\\/\\\/secure.gravatar.com\\\/avatar\\\/4c356829a7552d3573f0151ea3bcc417616acba472a5e3565de5ae3a5b614aab?s=96&d=mm&r=g\",\"contentUrl\":\"https:\\\/\\\/secure.gravatar.com\\\/avatar\\\/4c356829a7552d3573f0151ea3bcc417616acba472a5e3565de5ae3a5b614aab?s=96&d=mm&r=g\",\"caption\":\"caro\"}}]}<\/script>\n<!-- \/ Yoast SEO plugin. -->","yoast_head_json":{"title":"Verri\u00e8re ext\u00e9rieure: le secret pour un oasis de lumi\u00e8re","description":"Qu'est-ce qu'une verri\u00e8re? Quelles diff\u00e9rences avec une v\u00e9randa? Quels mat\u00e9riaux choisir et pour quel budget? Vous saurez tout ici!","robots":{"index":"index","follow":"follow","max-snippet":"max-snippet:-1","max-image-preview":"max-image-preview:large","max-video-preview":"max-video-preview:-1"},"canonical":"https:\/\/www.verandair.com\/fr\/verriere-exterieure\/","og_locale":"fr_FR","og_type":"article","og_title":"Verri\u00e8re ext\u00e9rieure: le secret pour un oasis de lumi\u00e8re","og_description":"Qu'est-ce qu'une verri\u00e8re? Quelles diff\u00e9rences avec une v\u00e9randa? Quels mat\u00e9riaux choisir et pour quel budget? Vous saurez tout ici!","og_url":"https:\/\/www.verandair.com\/fr\/verriere-exterieure\/","og_site_name":"VERANDAIR\u00ae","article_published_time":"2023-04-07T12:11:10+00:00","article_modified_time":"2024-04-15T11:48:19+00:00","og_image":[{"width":1080,"height":675,"url":"https:\/\/www.verandair.com\/wp-content\/uploads\/2023\/04\/Blog-Verandair-3.jpg","type":"image\/jpeg"}],"author":"caro","twitter_card":"summary_large_image","twitter_misc":{"\u00c9crit par":"caro","Dur\u00e9e de lecture estim\u00e9e":"6 minutes"},"schema":{"@context":"https:\/\/schema.org","@graph":[{"@type":"Article","@id":"https:\/\/www.verandair.com\/fr\/verriere-exterieure\/#article","isPartOf":{"@id":"https:\/\/www.verandair.com\/fr\/verriere-exterieure\/"},"author":{"name":"caro","@id":"https:\/\/www.verandair.com\/fr\/#\/schema\/person\/af737cd43f080163882becebbd86c4db"},"headline":"Verri\u00e8re ext\u00e9rieure : le secret pour un oasis de lumi\u00e8re et de style","datePublished":"2023-04-07T12:11:10+00:00","dateModified":"2024-04-15T11:48:19+00:00","mainEntityOfPage":{"@id":"https:\/\/www.verandair.com\/fr\/verriere-exterieure\/"},"wordCount":1657,"publisher":{"@id":"https:\/\/www.verandair.com\/fr\/#organization"},"image":{"@id":"https:\/\/www.verandair.com\/fr\/verriere-exterieure\/#primaryimage"},"thumbnailUrl":"https:\/\/www.verandair.com\/wp-content\/uploads\/2023\/04\/Blog-Verandair-3.jpg","articleSection":["Abri de terrasse","Paroi Coulissante","Toiture"],"inLanguage":"fr-FR"},{"@type":"WebPage","@id":"https:\/\/www.verandair.com\/fr\/verriere-exterieure\/","url":"https:\/\/www.verandair.com\/fr\/verriere-exterieure\/","name":"Verri\u00e8re ext\u00e9rieure: le secret pour un oasis de lumi\u00e8re","isPartOf":{"@id":"https:\/\/www.verandair.com\/fr\/#website"},"primaryImageOfPage":{"@id":"https:\/\/www.verandair.com\/fr\/verriere-exterieure\/#primaryimage"},"image":{"@id":"https:\/\/www.verandair.com\/fr\/verriere-exterieure\/#primaryimage"},"thumbnailUrl":"https:\/\/www.verandair.com\/wp-content\/uploads\/2023\/04\/Blog-Verandair-3.jpg","datePublished":"2023-04-07T12:11:10+00:00","dateModified":"2024-04-15T11:48:19+00:00","description":"Qu'est-ce qu'une verri\u00e8re? Quelles diff\u00e9rences avec une v\u00e9randa? Quels mat\u00e9riaux choisir et pour quel budget? Vous saurez tout ici!","breadcrumb":{"@id":"https:\/\/www.verandair.com\/fr\/verriere-exterieure\/#breadcrumb"},"inLanguage":"fr-FR","potentialAction":[{"@type":"ReadAction","target":["https:\/\/www.verandair.com\/fr\/verriere-exterieure\/"]}]},{"@type":"ImageObject","inLanguage":"fr-FR","@id":"https:\/\/www.verandair.com\/fr\/verriere-exterieure\/#primaryimage","url":"https:\/\/www.verandair.com\/wp-content\/uploads\/2023\/04\/Blog-Verandair-3.jpg","contentUrl":"https:\/\/www.verandair.com\/wp-content\/uploads\/2023\/04\/Blog-Verandair-3.jpg","width":1080,"height":675,"caption":"Verri\u00e8re ext\u00e9rieure am\u00e9nag\u00e9e en grand salon de d\u00e9tente, dot\u00e9e de nombreuses fen\u00eatres qui apportent une belle luminosit\u00e9."},{"@type":"BreadcrumbList","@id":"https:\/\/www.verandair.com\/fr\/verriere-exterieure\/#breadcrumb","itemListElement":[{"@type":"ListItem","position":1,"name":"Accueil","item":{"@type":"WebPage","@id":"https:\/\/www.verandair.com\/fr\/","name":"Accueil"}},{"@type":"ListItem","position":2,"name":"Verri\u00e8re ext\u00e9rieure : le secret pour un oasis de lumi\u00e8re et de style"}]},{"@type":"WebSite","@id":"https:\/\/www.verandair.com\/fr\/#website","url":"https:\/\/www.verandair.com\/fr\/","name":"VERANDAIR\u00ae","description":"","publisher":{"@id":"https:\/\/www.verandair.com\/fr\/#organization"},"potentialAction":[{"@type":"SearchAction","target":{"@type":"EntryPoint","urlTemplate":"https:\/\/www.verandair.com\/fr\/?s={search_term_string}"},"query-input":{"@type":"PropertyValueSpecification","valueRequired":true,"valueName":"search_term_string"}}],"inLanguage":"fr-FR"},{"@type":"Organization","@id":"https:\/\/www.verandair.com\/fr\/#organization","name":"Verandair","url":"https:\/\/www.verandair.com\/fr\/","logo":{"@type":"ImageObject","inLanguage":"fr-FR","@id":"https:\/\/www.verandair.com\/fr\/#\/schema\/logo\/image\/","url":"https:\/\/www.verandair.com\/wp-content\/uploads\/2024\/06\/VERANDAIR-logo.png","contentUrl":"https:\/\/www.verandair.com\/wp-content\/uploads\/2024\/06\/VERANDAIR-logo.png","width":283,"height":127,"caption":"Verandair"},"image":{"@id":"https:\/\/www.verandair.com\/fr\/#\/schema\/logo\/image\/"}},{"@type":"Person","@id":"https:\/\/www.verandair.com\/fr\/#\/schema\/person\/af737cd43f080163882becebbd86c4db","name":"caro","image":{"@type":"ImageObject","inLanguage":"fr-FR","@id":"https:\/\/secure.gravatar.com\/avatar\/4c356829a7552d3573f0151ea3bcc417616acba472a5e3565de5ae3a5b614aab?s=96&d=mm&r=g","url":"https:\/\/secure.gravatar.com\/avatar\/4c356829a7552d3573f0151ea3bcc417616acba472a5e3565de5ae3a5b614aab?s=96&d=mm&r=g","contentUrl":"https:\/\/secure.gravatar.com\/avatar\/4c356829a7552d3573f0151ea3bcc417616acba472a5e3565de5ae3a5b614aab?s=96&d=mm&r=g","caption":"caro"}}]}},"_links":{"self":[{"href":"https:\/\/www.verandair.com\/fr\/wp-json\/wp\/v2\/posts\/50096","targetHints":{"allow":["GET"]}}],"collection":[{"href":"https:\/\/www.verandair.com\/fr\/wp-json\/wp\/v2\/posts"}],"about":[{"href":"https:\/\/www.verandair.com\/fr\/wp-json\/wp\/v2\/types\/post"}],"author":[{"embeddable":true,"href":"https:\/\/www.verandair.com\/fr\/wp-json\/wp\/v2\/users\/4"}],"replies":[{"embeddable":true,"href":"https:\/\/www.verandair.com\/fr\/wp-json\/wp\/v2\/comments?post=50096"}],"version-history":[{"count":3,"href":"https:\/\/www.verandair.com\/fr\/wp-json\/wp\/v2\/posts\/50096\/revisions"}],"predecessor-version":[{"id":62633,"href":"https:\/\/www.verandair.com\/fr\/wp-json\/wp\/v2\/posts\/50096\/revisions\/62633"}],"wp:featuredmedia":[{"embeddable":true,"href":"https:\/\/www.verandair.com\/fr\/wp-json\/wp\/v2\/media\/62631"}],"wp:attachment":[{"href":"https:\/\/www.verandair.com\/fr\/wp-json\/wp\/v2\/media?parent=50096"}],"wp:term":[{"taxonomy":"category","embeddable":true,"href":"https:\/\/www.verandair.com\/fr\/wp-json\/wp\/v2\/categories?post=50096"},{"taxonomy":"post_tag","embeddable":true,"href":"https:\/\/www.verandair.com\/fr\/wp-json\/wp\/v2\/tags?post=50096"}],"curies":[{"name":"wp","href":"https:\/\/api.w.org\/{rel}","templated":true}]}}