{"id":50393,"date":"2023-05-04T07:23:50","date_gmt":"2023-05-04T05:23:50","guid":{"rendered":"https:\/\/www.verandair.com\/?p=50393"},"modified":"2024-09-10T14:47:27","modified_gmt":"2024-09-10T12:47:27","slug":"astuces-pour-ameliorer-abri-terrasse","status":"publish","type":"post","link":"https:\/\/www.verandair.com\/fr\/astuces-pour-ameliorer-abri-terrasse\/","title":{"rendered":"10 astuces pour am\u00e9liorer votre abri de terrasse existant"},"content":{"rendered":"<p>[et_pb_section fb_built=&#8221;1&#8243; _builder_version=&#8221;4.19.2&#8243; _module_preset=&#8221;default&#8221; global_colors_info=&#8221;{}&#8221; theme_builder_area=&#8221;post_content&#8221;][et_pb_row _builder_version=&#8221;4.19.2&#8243; _module_preset=&#8221;default&#8221; global_colors_info=&#8221;{}&#8221; theme_builder_area=&#8221;post_content&#8221;][et_pb_column type=&#8221;4_4&#8243; _builder_version=&#8221;4.19.2&#8243; _module_preset=&#8221;default&#8221; global_colors_info=&#8221;{}&#8221; theme_builder_area=&#8221;post_content&#8221;][et_pb_text _builder_version=&#8221;4.19.2&#8243; _module_preset=&#8221;default&#8221; global_colors_info=&#8221;{}&#8221; theme_builder_area=&#8221;post_content&#8221;]<\/p>\n<p>Vous souhaitez optimiser votre abri de terrasse existant pour profiter pleinement de votre espace ext\u00e9rieur ? Voici 10 astuces pour transformer votre terrasse en un v\u00e9ritable havre de paix.<\/p>\n<p>&nbsp;<\/p>\n<h2>1. Choisir les bons mat\u00e9riaux<\/h2>\n<p>La premi\u00e8re \u00e9tape pour am\u00e9liorer votre abri de terrasse est de vous assurer que vous utilisez des mat\u00e9riaux adapt\u00e9s. Privil\u00e9giez des mat\u00e9riaux r\u00e9sistants aux intemp\u00e9ries et \u00e0 la corrosion, comme l&#8217;aluminium, l&#8217;acier inoxydable ou le bois trait\u00e9.<\/p>\n<p>&nbsp;<\/p>\n<p>[\/et_pb_text][et_pb_text _builder_version=&#8221;4.19.2&#8243; _module_preset=&#8221;default&#8221; global_colors_info=&#8221;{}&#8221; theme_builder_area=&#8221;post_content&#8221;]<\/p>\n<h2>2. Am\u00e9liorer l&#8217;\u00e9clairage<\/h2>\n<p>Un bon \u00e9clairage est essentiel pour profiter de votre <a href=\"https:\/\/www.verandair.com\/fr\/abri-de-terrasse\/\">abri de terrasse,<\/a> surtout en soir\u00e9e. Pensez \u00e0 :<\/p>\n<h3>Utiliser des LED<\/h3>\n<p>Les ampoules LED sont <strong>\u00e9conomes en \u00e9nergie<\/strong> et offrent une lumi\u00e8re agr\u00e9able. Choisissez des ampoules avec une temp\u00e9rature de couleur chaude pour cr\u00e9er une ambiance cosy.<\/p>\n<h3>Installer des lanternes solaires<\/h3>\n<p>Les lanternes solaires sont une <strong>solution \u00e9cologique <\/strong>et pratique pour \u00e9clairer votre terrasse. Elles se rechargent pendant la journ\u00e9e et s&#8217;allument automatiquement \u00e0 la tomb\u00e9e de la nuit.<\/p>\n<p>[\/et_pb_text][et_pb_image src=&#8221;https:\/\/www.verandair.com\/wp-content\/uploads\/2023\/05\/22.png&#8221; alt=&#8221;Led et \u00e9clairage sous une pergola&#8221; title_text=&#8221;22&#8243; align=&#8221;center&#8221; _builder_version=&#8221;4.19.2&#8243; _module_preset=&#8221;default&#8221; custom_margin=&#8221;-30px||-30px||false|false&#8221; global_colors_info=&#8221;{}&#8221; theme_builder_area=&#8221;post_content&#8221;][\/et_pb_image][et_pb_text _builder_version=&#8221;4.19.2&#8243; _module_preset=&#8221;default&#8221; global_colors_info=&#8221;{}&#8221; theme_builder_area=&#8221;post_content&#8221;]<\/p>\n<h2>3. Ajouter des plantes<\/h2>\n<p>Les plantes apportent de la vie et de la couleur \u00e0 votre abri de terrasse. Vous pouvez opter pour :<\/p>\n<h3>Plantes grimpantes<\/h3>\n<p>Les plantes grimpantes, comme la <strong>glycine<\/strong> ou le <strong>jasmin<\/strong>, sont id\u00e9ales pour habiller les murs de votre abri et cr\u00e9er un \u00e9crin de verdure.<\/p>\n<h3>Plantes en pots<\/h3>\n<p>Les plantes en pots, comme les <strong>palmiers<\/strong>, les <strong>lauriers-roses<\/strong> ou les <strong>oliviers<\/strong>, permettent de cr\u00e9er un v\u00e9ritable jardin sur votre terrasse. N&#8217;h\u00e9sitez pas \u00e0 varier les tailles et les couleurs pour un r\u00e9sultat harmonieux.<\/p>\n<p>[\/et_pb_text][et_pb_image src=&#8221;https:\/\/www.verandair.com\/wp-content\/uploads\/2023\/05\/23.png&#8221; alt=&#8221;pergola avec des plantes&#8221; title_text=&#8221;23&#8243; align=&#8221;center&#8221; _builder_version=&#8221;4.19.2&#8243; _module_preset=&#8221;default&#8221; custom_margin=&#8221;40px||40px||false|false&#8221; global_colors_info=&#8221;{}&#8221; theme_builder_area=&#8221;post_content&#8221;][\/et_pb_image][et_pb_text _builder_version=&#8221;4.19.2&#8243; _module_preset=&#8221;default&#8221; global_colors_info=&#8221;{}&#8221; theme_builder_area=&#8221;post_content&#8221;]<\/p>\n<h2>4. Opter pour un chauffage d&#8217;appoint<\/h2>\n<p>Pour profiter de votre abri de terrasse m\u00eame lorsqu&#8217;il fait frais, pensez \u00e0 installer un chauffage d&#8217;appoint. Les <strong>radiateurs \u00e9lectriques<\/strong> ou les <strong>braseros<\/strong> sont des solutions efficaces pour r\u00e9chauffer l&#8217;atmosph\u00e8re.<\/p>\n<p>[\/et_pb_text][et_pb_text _builder_version=&#8221;4.19.2&#8243; _module_preset=&#8221;default&#8221; global_colors_info=&#8221;{}&#8221; theme_builder_area=&#8221;post_content&#8221;]<\/p>\n<h2>5. Installer des stores ou des rideaux<\/h2>\n<p>Pour vous <strong>prot\u00e9ger du soleil<\/strong> et <strong>pr\u00e9server votre intimit\u00e9<\/strong>, vous pouvez installer des stores ou des rideaux. Vous avez le choix entre :<\/p>\n<ul>\n<li><strong>Les stores enrouleurs<\/strong>: les stores enrouleurs sont pratiques et faciles \u00e0 installer. Ils sont disponibles en plusieurs couleurs et mat\u00e9riaux pour s&#8217;adapter \u00e0 votre d\u00e9coration.<\/li>\n<li><strong>Les rideaux imperm\u00e9ables<\/strong>: ils offrent une protection suppl\u00e9mentaire contre la pluie et le vent, tout en apportant une touche de charme \u00e0 votre abri de terrasse.<\/li>\n<\/ul>\n<p>[\/et_pb_text][et_pb_button button_url=&#8221;https:\/\/www.verandair.com\/fr\/contact\/&#8221; button_text=&#8221;Rendez-nous visite en showroom pour plus d\u2019id\u00e9es !&#8221; button_alignment=&#8221;center&#8221; _builder_version=&#8221;4.19.2&#8243; _module_preset=&#8221;default&#8221; custom_margin=&#8221;20px||20px||false|false&#8221; global_colors_info=&#8221;{}&#8221; theme_builder_area=&#8221;post_content&#8221;][\/et_pb_button][et_pb_text _builder_version=&#8221;4.19.2&#8243; _module_preset=&#8221;default&#8221; global_colors_info=&#8221;{}&#8221; theme_builder_area=&#8221;post_content&#8221;]<\/p>\n<h2>6. R\u00e9organiser les meubles<\/h2>\n<p>Pour optimiser l&#8217;espace et le confort de votre abri de terrasse, prenez le temps de r\u00e9organiser vos meubles. Voici quelques conseils :<\/p>\n<h3>Cr\u00e9er des espaces fonctionnels<\/h3>\n<p>D\u00e9limitez des zones d\u00e9di\u00e9es \u00e0 la d\u00e9tente, \u00e0 la restauration et aux activit\u00e9s pour faciliter la circulation et l&#8217;utilisation de l&#8217;espace.<\/p>\n<p>Par exemple, pour cr\u00e9er <strong>une zone de repas<\/strong>, vous pouvez pr\u00e9voir une table d\u2019ext\u00e9rieure, avec bancs ou chaises de jardin.<\/p>\n<p><strong>Pour un espace de d\u00e9tente<\/strong>, vous pouvez installer des fauteuils, des chaises longues ou encore un hamac. Ajoutez des coussins, des plaids et des poufs pour rendre cet espace encore plus confortable et accueillant. Vous pouvez \u00e9galement installer une petite table basse pour poser vos boissons et vos livres.<\/p>\n<p>[\/et_pb_text][et_pb_image src=&#8221;https:\/\/www.verandair.com\/wp-content\/uploads\/2023\/05\/24.png&#8221; alt=&#8221;meubles de jardin sous une pergola bioclimatique&#8221; title_text=&#8221;24&#8243; align=&#8221;center&#8221; _builder_version=&#8221;4.19.2&#8243; _module_preset=&#8221;default&#8221; custom_margin=&#8221;-50px||-50px||false|false&#8221; global_colors_info=&#8221;{}&#8221; theme_builder_area=&#8221;post_content&#8221;][\/et_pb_image][et_pb_text _builder_version=&#8221;4.19.2&#8243; _module_preset=&#8221;default&#8221; global_colors_info=&#8221;{}&#8221; theme_builder_area=&#8221;post_content&#8221;]<\/p>\n<p>Pour cr\u00e9er une zone de jeux, installez par exemple un bac \u00e0 sable, une petite piscine gonflable ou des jeux d&#8217;ext\u00e9rieur adapt\u00e9s \u00e0 l\u2019\u00e2ge de vos enfants. Pensez \u00e9galement \u00e0 pr\u00e9voir un rev\u00eatement de sol souple et antid\u00e9rapant, comme des dalles en caoutchouc, pour \u00e9viter les chutes.<\/p>\n<h3>Choisir des meubles adapt\u00e9s<\/h3>\n<p>Optez pour des meubles r\u00e9sistants aux intemp\u00e9ries et faciles \u00e0 entretenir, comme le plastique, l&#8217;aluminium ou le bois trait\u00e9. Pensez \u00e9galement \u00e0 choisir des meubles confortables et ergonomiques.<\/p>\n<p>[\/et_pb_text][et_pb_text _builder_version=&#8221;4.19.2&#8243; _module_preset=&#8221;default&#8221; custom_margin=&#8221;10px||||false|false&#8221; global_colors_info=&#8221;{}&#8221; theme_builder_area=&#8221;post_content&#8221;]<\/p>\n<h2>7. Cr\u00e9er une ambiance accueillante<\/h2>\n<p>Pour rendre votre abri de terrasse encore plus agr\u00e9able, ajoutez des \u00e9l\u00e9ments de d\u00e9coration et des accessoires confortables\u00a0:<\/p>\n<ul>\n<li><strong>Accessoires de d\u00e9coration\u00a0: <\/strong>les bougies, les guirlandes lumineuses ou les objets d\u00e9coratifs apportent une touche personnelle \u00e0 votre abri de terrasse.<\/li>\n<li><strong>Coussins et plaids : <\/strong>les coussins et les plaids ajoutent du confort \u00e0 vos meubles et permettent de cr\u00e9er une ambiance chaleureuse et conviviale.<\/li>\n<\/ul>\n<p>[\/et_pb_text][et_pb_text _builder_version=&#8221;4.19.2&#8243; _module_preset=&#8221;default&#8221; global_colors_info=&#8221;{}&#8221; theme_builder_area=&#8221;post_content&#8221;]<\/p>\n<h2>8. Pr\u00e9voir un espace pour la d\u00e9tente<\/h2>\n<p>Am\u00e9nagez un coin d\u00e9tente pour vous relaxer et profiter de votre abri de terrasse. Vous pouvez :<\/p>\n<p>&nbsp;<\/p>\n<ul>\n<li><strong>Installer un hamac : <\/strong>Un hamac est id\u00e9al pour se d\u00e9tendre et profiter des beaux jours. Choisissez un mod\u00e8le adapt\u00e9 \u00e0 l&#8217;espace disponible et installez-le entre deux poteaux ou arbres.<\/li>\n<li><strong>Ajouter des chaises longues : <\/strong>Les chaises longues sont parfaites pour bronzer, lire ou faire la sieste. Privil\u00e9giez des mod\u00e8les avec des coussins confortables et des dossiers inclinables.<\/li>\n<\/ul>\n<p>[\/et_pb_text][et_pb_text _builder_version=&#8221;4.19.2&#8243; _module_preset=&#8221;default&#8221; global_colors_info=&#8221;{}&#8221; theme_builder_area=&#8221;post_content&#8221;]<\/p>\n<h2>9. Int\u00e9grer un coin cuisine ou bar<\/h2>\n<p>Pour profiter pleinement de votre abri de terrasse, pensez \u00e0 installer un espace d\u00e9di\u00e9 \u00e0 la pr\u00e9paration des repas et des boissons :<\/p>\n<p>&nbsp;<\/p>\n<h3>Installer un barbecue<\/h3>\n<p>Un barbecue vous permettra de cuisiner en plein air et de partager des moments conviviaux avec vos proches. Choisissez un mod\u00e8le adapt\u00e9 \u00e0 la taille de votre terrasse et aux types de cuisson que vous pr\u00e9f\u00e9rez (charbon, gaz, \u00e9lectrique).<\/p>\n<p>&nbsp;<\/p>\n<h3>Construire un bar<\/h3>\n<p>Un bar d&#8217;ext\u00e9rieur est id\u00e9al pour pr\u00e9parer des cocktails et des boissons rafra\u00eechissantes. Pensez \u00e0 pr\u00e9voir des rangements pour les verres, les bouteilles et les accessoires, ainsi que des tabourets pour les invit\u00e9s.<\/p>\n<p>Pour plus de conseils sur l\u2019am\u00e9nagement d\u2019une cuisine d\u2019\u00e9t\u00e9, consultez <a href=\"https:\/\/www.verandair.com\/fr\/conseils-cuisine-ete-moderne\/\">notre article d\u00e9di\u00e9.<\/a><\/p>\n<p>[\/et_pb_text][et_pb_text _builder_version=&#8221;4.27.0&#8243; _module_preset=&#8221;default&#8221; hover_enabled=&#8221;0&#8243; global_colors_info=&#8221;{}&#8221; theme_builder_area=&#8221;post_content&#8221; sticky_enabled=&#8221;0&#8243;]<\/p>\n<h2>10. Assurer une bonne ventilation<\/h2>\n<p>Pour \u00e9viter les probl\u00e8mes d&#8217;humidit\u00e9 et garantir le confort de <a href=\"https:\/\/www.verandair.com\/fr\/abri-de-terrasse\/\">votre abri de terrasse<\/a>, il est important de pr\u00e9voir une ventilation adapt\u00e9e :<\/p>\n<ul>\n<li><strong>Les ventilateurs d&#8217;ext\u00e9rieur<\/strong>: les ventilateurs d&#8217;ext\u00e9rieur permettent de faire circuler l&#8217;air et d&#8217;\u00e9viter la sensation d&#8217;\u00e9touffement lors des journ\u00e9es chaudes. Choisissez un mod\u00e8le r\u00e9sistant aux intemp\u00e9ries et facile \u00e0 installer.<\/li>\n<li><strong>Le brise-vent: <\/strong>les brise-vent sont une solution pratique pour prot\u00e9ger votre abri de terrasse du vent tout en favorisant la circulation de l&#8217;air. Ils sont disponibles en plusieurs mat\u00e9riaux, comme le bois, le m\u00e9tal ou le textile.<\/li>\n<\/ul>\n<p><strong>\u00a0<\/strong><\/p>\n<h2>Conclusion<\/h2>\n<p>En suivant ces 10 astuces, vous pourrez am\u00e9liorer votre abri de terrasse existant et profiter pleinement de votre espace ext\u00e9rieur. N&#8217;oubliez pas de personnaliser votre terrasse en fonction de vos go\u00fbts et de vos besoins pour en faire un lieu unique et accueillant.<\/p>\n<p>[\/et_pb_text][et_pb_button button_url=&#8221;https:\/\/www.verandair.com\/fr\/contact\/&#8221; button_text=&#8221;Inspirez-vous de nos am\u00e9nagements d\u2019abris de terrasse en showroom ! &#8221; button_alignment=&#8221;center&#8221; _builder_version=&#8221;4.24.2&#8243; _module_preset=&#8221;default&#8221; custom_margin=&#8221;25px||25px||false|false&#8221; global_colors_info=&#8221;{}&#8221; theme_builder_area=&#8221;post_content&#8221;][\/et_pb_button][et_pb_text _builder_version=&#8221;4.19.2&#8243; _module_preset=&#8221;default&#8221; global_colors_info=&#8221;{}&#8221; theme_builder_area=&#8221;post_content&#8221;]<\/p>\n<h2>F.A.Q<\/h2>\n<p>[\/et_pb_text][et_pb_accordion _builder_version=&#8221;4.19.2&#8243; _module_preset=&#8221;default&#8221; global_colors_info=&#8221;{}&#8221; theme_builder_area=&#8221;post_content&#8221;][et_pb_accordion_item title=&#8221;Quels mat\u00e9riaux sont recommand\u00e9s pour un abri de terrasse ? &#8221; open=&#8221;on&#8221; _builder_version=&#8221;4.19.2&#8243; _module_preset=&#8221;default&#8221; global_colors_info=&#8221;{}&#8221; theme_builder_area=&#8221;post_content&#8221;]<\/p>\n<p>Les mat\u00e9riaux les plus adapt\u00e9s sont l&#8217;aluminium, l&#8217;acier inoxydable et le bois trait\u00e9, car ils sont r\u00e9sistants aux intemp\u00e9ries et \u00e0 la corrosion.<\/p>\n<p>[\/et_pb_accordion_item][et_pb_accordion_item title=&#8221;Comment \u00e9clairer mon abri de terrasse de mani\u00e8re \u00e9cologique ? &#8221; _builder_version=&#8221;4.19.2&#8243; _module_preset=&#8221;default&#8221; global_colors_info=&#8221;{}&#8221; theme_builder_area=&#8221;post_content&#8221; open=&#8221;off&#8221;]<\/p>\n<p>Les lanternes solaires et les ampoules LED sont des solutions \u00e9cologiques et \u00e9conomes en \u00e9nergie pour \u00e9clairer votre abri de terrasse.<\/p>\n<p>[\/et_pb_accordion_item][et_pb_accordion_item title=&#8221;Est-il n\u00e9cessaire d&#8217;installer un syst\u00e8me de ventilation dans mon abri de terrasse ? &#8221; _builder_version=&#8221;4.19.2&#8243; _module_preset=&#8221;default&#8221; global_colors_info=&#8221;{}&#8221; theme_builder_area=&#8221;post_content&#8221; open=&#8221;off&#8221;]<\/p>\n<p>Oui, une ventilation adapt\u00e9e est essentielle pour \u00e9viter les probl\u00e8mes d&#8217;humidit\u00e9 et garantir le confort de votre abri de terrasse. Les ventilateurs d&#8217;ext\u00e9rieur et les brise-vent sont des solutions pratiques pour favoriser la circulation de l&#8217;air.<\/p>\n<p>[\/et_pb_accordion_item][\/et_pb_accordion][\/et_pb_column][\/et_pb_row][\/et_pb_section][et_pb_section fb_built=&#8221;1&#8243; _builder_version=&#8221;4.16&#8243; custom_padding=&#8221;||0px|&#8221; global_colors_info=&#8221;{}&#8221; theme_builder_area=&#8221;post_content&#8221;][et_pb_row use_custom_gutter=&#8221;on&#8221; gutter_width=&#8221;1&#8243; module_id=&#8221;realswrap&#8221; _builder_version=&#8221;4.16&#8243; width=&#8221;100%&#8221; max_width=&#8221;100%&#8221; custom_padding=&#8221;||0px|&#8221; use_custom_width=&#8221;on&#8221; width_unit=&#8221;off&#8221; custom_width_percent=&#8221;100%&#8221; global_colors_info=&#8221;{}&#8221; theme_builder_area=&#8221;post_content&#8221;][et_pb_column type=&#8221;4_4&#8243; _builder_version=&#8221;4.16&#8243; custom_padding=&#8221;|||&#8221; global_colors_info=&#8221;{}&#8221; custom_padding__hover=&#8221;|||&#8221; theme_builder_area=&#8221;post_content&#8221;][et_pb_text module_id=&#8221;introgrid&#8221; _builder_version=&#8221;4.19.2&#8243; text_orientation=&#8221;center&#8221; global_colors_info=&#8221;{}&#8221; theme_builder_area=&#8221;post_content&#8221;]<\/p>\n<h2><em>V\u00e9randas, pergolas, abris de terrasse&#8230;<\/em><br \/>D\u00e9couvrez nos r\u00e9alisations<\/h2>\n<p>[\/et_pb_text][et_pb_gallery gallery_ids=&#8221;15166,15165,15172,15173,15174,26628,26627,26602&#8243; posts_number=&#8221;8&#8243; show_title_and_caption=&#8221;off&#8221; show_pagination=&#8221;off&#8221; _builder_version=&#8221;4.16&#8243; global_colors_info=&#8221;{}&#8221; theme_builder_area=&#8221;post_content&#8221;][\/et_pb_gallery][et_pb_button button_url=&#8221;https:\/\/www.verandair.com\/fr\/galerie\/&#8221; button_text=&#8221;D\u00e9couvrez toutes nos r\u00e9alisations&#8221; button_alignment=&#8221;center&#8221; _builder_version=&#8221;4.19.2&#8243; global_colors_info=&#8221;{}&#8221; theme_builder_area=&#8221;post_content&#8221;][\/et_pb_button][\/et_pb_column][\/et_pb_row][\/et_pb_section]<\/p>\n","protected":false},"excerpt":{"rendered":"<p>Dans cet article, nous vous proposons 10 astuces pour am\u00e9liorer votre abri de terrasse existant et transformer votre espace ext\u00e9rieur en un v\u00e9ritable havre de paix.<\/p>\n","protected":false},"author":4,"featured_media":49336,"comment_status":"closed","ping_status":"closed","sticky":false,"template":"","format":"standard","meta":{"_acf_changed":false,"_et_pb_use_builder":"on","_et_pb_old_content":"","_et_gb_content_width":"","inline_featured_image":false,"footnotes":""},"categories":[32,33],"tags":[],"class_list":["post-50393","post","type-post","status-publish","format-standard","has-post-thumbnail","hentry","category-abri-de-terrasse","category-pergolas"],"acf":[],"yoast_head":"<!-- This site is optimized with the Yoast SEO plugin v27.5 - https:\/\/yoast.com\/product\/yoast-seo-wordpress\/ -->\n<title>10 astuces pour am\u00e9liorer votre V\u00e9randa ou votre Pergola<\/title>\n<meta name=\"description\" content=\"D\u00e9couvrez 10 astuces pour optimiser votre abri de terrasse pour un espace ext\u00e9rieur parfait!\" \/>\n<meta name=\"robots\" content=\"index, follow, max-snippet:-1, max-image-preview:large, max-video-preview:-1\" \/>\n<link rel=\"canonical\" href=\"https:\/\/www.verandair.com\/fr\/astuces-pour-ameliorer-abri-terrasse\/\" \/>\n<meta property=\"og:locale\" content=\"fr_FR\" \/>\n<meta property=\"og:type\" content=\"article\" \/>\n<meta property=\"og:title\" content=\"10 astuces pour am\u00e9liorer votre V\u00e9randa ou votre Pergola\" \/>\n<meta property=\"og:description\" content=\"D\u00e9couvrez 10 astuces pour optimiser votre abri de terrasse pour un espace ext\u00e9rieur parfait!\" \/>\n<meta property=\"og:url\" content=\"https:\/\/www.verandair.com\/fr\/astuces-pour-ameliorer-abri-terrasse\/\" \/>\n<meta property=\"og:site_name\" content=\"VERANDAIR\u00ae\" \/>\n<meta property=\"article:published_time\" content=\"2023-05-04T05:23:50+00:00\" \/>\n<meta property=\"article:modified_time\" content=\"2024-09-10T12:47:27+00:00\" \/>\n<meta property=\"og:image\" content=\"https:\/\/www.verandair.com\/wp-content\/uploads\/2023\/03\/veranda-paroi-coulissante.jpg\" \/>\n\t<meta property=\"og:image:width\" content=\"1600\" \/>\n\t<meta property=\"og:image:height\" content=\"1200\" \/>\n\t<meta property=\"og:image:type\" content=\"image\/jpeg\" \/>\n<meta name=\"author\" content=\"caro\" \/>\n<meta name=\"twitter:card\" content=\"summary_large_image\" \/>\n<meta name=\"twitter:label1\" content=\"\u00c9crit par\" \/>\n\t<meta name=\"twitter:data1\" content=\"caro\" \/>\n\t<meta name=\"twitter:label2\" content=\"Dur\u00e9e de lecture estim\u00e9e\" \/>\n\t<meta name=\"twitter:data2\" content=\"7 minutes\" \/>\n<script type=\"application\/ld+json\" class=\"yoast-schema-graph\">{\"@context\":\"https:\\\/\\\/schema.org\",\"@graph\":[{\"@type\":\"Article\",\"@id\":\"https:\\\/\\\/www.verandair.com\\\/fr\\\/astuces-pour-ameliorer-abri-terrasse\\\/#article\",\"isPartOf\":{\"@id\":\"https:\\\/\\\/www.verandair.com\\\/fr\\\/astuces-pour-ameliorer-abri-terrasse\\\/\"},\"author\":{\"name\":\"caro\",\"@id\":\"https:\\\/\\\/www.verandair.com\\\/fr\\\/#\\\/schema\\\/person\\\/af737cd43f080163882becebbd86c4db\"},\"headline\":\"10 astuces pour am\u00e9liorer votre abri de terrasse existant\",\"datePublished\":\"2023-05-04T05:23:50+00:00\",\"dateModified\":\"2024-09-10T12:47:27+00:00\",\"mainEntityOfPage\":{\"@id\":\"https:\\\/\\\/www.verandair.com\\\/fr\\\/astuces-pour-ameliorer-abri-terrasse\\\/\"},\"wordCount\":1992,\"publisher\":{\"@id\":\"https:\\\/\\\/www.verandair.com\\\/fr\\\/#organization\"},\"image\":{\"@id\":\"https:\\\/\\\/www.verandair.com\\\/fr\\\/astuces-pour-ameliorer-abri-terrasse\\\/#primaryimage\"},\"thumbnailUrl\":\"https:\\\/\\\/www.verandair.com\\\/wp-content\\\/uploads\\\/2023\\\/03\\\/veranda-paroi-coulissante.jpg\",\"articleSection\":[\"Abri de terrasse\",\"Pergolas\"],\"inLanguage\":\"fr-FR\"},{\"@type\":\"WebPage\",\"@id\":\"https:\\\/\\\/www.verandair.com\\\/fr\\\/astuces-pour-ameliorer-abri-terrasse\\\/\",\"url\":\"https:\\\/\\\/www.verandair.com\\\/fr\\\/astuces-pour-ameliorer-abri-terrasse\\\/\",\"name\":\"10 astuces pour am\u00e9liorer votre V\u00e9randa ou votre Pergola\",\"isPartOf\":{\"@id\":\"https:\\\/\\\/www.verandair.com\\\/fr\\\/#website\"},\"primaryImageOfPage\":{\"@id\":\"https:\\\/\\\/www.verandair.com\\\/fr\\\/astuces-pour-ameliorer-abri-terrasse\\\/#primaryimage\"},\"image\":{\"@id\":\"https:\\\/\\\/www.verandair.com\\\/fr\\\/astuces-pour-ameliorer-abri-terrasse\\\/#primaryimage\"},\"thumbnailUrl\":\"https:\\\/\\\/www.verandair.com\\\/wp-content\\\/uploads\\\/2023\\\/03\\\/veranda-paroi-coulissante.jpg\",\"datePublished\":\"2023-05-04T05:23:50+00:00\",\"dateModified\":\"2024-09-10T12:47:27+00:00\",\"description\":\"D\u00e9couvrez 10 astuces pour optimiser votre abri de terrasse pour un espace ext\u00e9rieur parfait!\",\"breadcrumb\":{\"@id\":\"https:\\\/\\\/www.verandair.com\\\/fr\\\/astuces-pour-ameliorer-abri-terrasse\\\/#breadcrumb\"},\"inLanguage\":\"fr-FR\",\"potentialAction\":[{\"@type\":\"ReadAction\",\"target\":[\"https:\\\/\\\/www.verandair.com\\\/fr\\\/astuces-pour-ameliorer-abri-terrasse\\\/\"]}]},{\"@type\":\"ImageObject\",\"inLanguage\":\"fr-FR\",\"@id\":\"https:\\\/\\\/www.verandair.com\\\/fr\\\/astuces-pour-ameliorer-abri-terrasse\\\/#primaryimage\",\"url\":\"https:\\\/\\\/www.verandair.com\\\/wp-content\\\/uploads\\\/2023\\\/03\\\/veranda-paroi-coulissante.jpg\",\"contentUrl\":\"https:\\\/\\\/www.verandair.com\\\/wp-content\\\/uploads\\\/2023\\\/03\\\/veranda-paroi-coulissante.jpg\",\"width\":1600,\"height\":1200,\"caption\":\"veranda baie vitr\u00e9e coulissante\"},{\"@type\":\"BreadcrumbList\",\"@id\":\"https:\\\/\\\/www.verandair.com\\\/fr\\\/astuces-pour-ameliorer-abri-terrasse\\\/#breadcrumb\",\"itemListElement\":[{\"@type\":\"ListItem\",\"position\":1,\"name\":\"Accueil\",\"item\":{\"@type\":\"WebPage\",\"@id\":\"https:\\\/\\\/www.verandair.com\\\/fr\\\/\",\"name\":\"Accueil\"}},{\"@type\":\"ListItem\",\"position\":2,\"name\":\"10 astuces pour am\u00e9liorer votre abri de terrasse existant\"}]},{\"@type\":\"WebSite\",\"@id\":\"https:\\\/\\\/www.verandair.com\\\/fr\\\/#website\",\"url\":\"https:\\\/\\\/www.verandair.com\\\/fr\\\/\",\"name\":\"VERANDAIR\u00ae\",\"description\":\"\",\"publisher\":{\"@id\":\"https:\\\/\\\/www.verandair.com\\\/fr\\\/#organization\"},\"potentialAction\":[{\"@type\":\"SearchAction\",\"target\":{\"@type\":\"EntryPoint\",\"urlTemplate\":\"https:\\\/\\\/www.verandair.com\\\/fr\\\/?s={search_term_string}\"},\"query-input\":{\"@type\":\"PropertyValueSpecification\",\"valueRequired\":true,\"valueName\":\"search_term_string\"}}],\"inLanguage\":\"fr-FR\"},{\"@type\":\"Organization\",\"@id\":\"https:\\\/\\\/www.verandair.com\\\/fr\\\/#organization\",\"name\":\"Verandair\",\"url\":\"https:\\\/\\\/www.verandair.com\\\/fr\\\/\",\"logo\":{\"@type\":\"ImageObject\",\"inLanguage\":\"fr-FR\",\"@id\":\"https:\\\/\\\/www.verandair.com\\\/fr\\\/#\\\/schema\\\/logo\\\/image\\\/\",\"url\":\"https:\\\/\\\/www.verandair.com\\\/wp-content\\\/uploads\\\/2024\\\/06\\\/VERANDAIR-logo.png\",\"contentUrl\":\"https:\\\/\\\/www.verandair.com\\\/wp-content\\\/uploads\\\/2024\\\/06\\\/VERANDAIR-logo.png\",\"width\":283,\"height\":127,\"caption\":\"Verandair\"},\"image\":{\"@id\":\"https:\\\/\\\/www.verandair.com\\\/fr\\\/#\\\/schema\\\/logo\\\/image\\\/\"}},{\"@type\":\"Person\",\"@id\":\"https:\\\/\\\/www.verandair.com\\\/fr\\\/#\\\/schema\\\/person\\\/af737cd43f080163882becebbd86c4db\",\"name\":\"caro\",\"image\":{\"@type\":\"ImageObject\",\"inLanguage\":\"fr-FR\",\"@id\":\"https:\\\/\\\/secure.gravatar.com\\\/avatar\\\/4c356829a7552d3573f0151ea3bcc417616acba472a5e3565de5ae3a5b614aab?s=96&d=mm&r=g\",\"url\":\"https:\\\/\\\/secure.gravatar.com\\\/avatar\\\/4c356829a7552d3573f0151ea3bcc417616acba472a5e3565de5ae3a5b614aab?s=96&d=mm&r=g\",\"contentUrl\":\"https:\\\/\\\/secure.gravatar.com\\\/avatar\\\/4c356829a7552d3573f0151ea3bcc417616acba472a5e3565de5ae3a5b614aab?s=96&d=mm&r=g\",\"caption\":\"caro\"}}]}<\/script>\n<!-- \/ Yoast SEO plugin. -->","yoast_head_json":{"title":"10 astuces pour am\u00e9liorer votre V\u00e9randa ou votre Pergola","description":"D\u00e9couvrez 10 astuces pour optimiser votre abri de terrasse pour un espace ext\u00e9rieur parfait!","robots":{"index":"index","follow":"follow","max-snippet":"max-snippet:-1","max-image-preview":"max-image-preview:large","max-video-preview":"max-video-preview:-1"},"canonical":"https:\/\/www.verandair.com\/fr\/astuces-pour-ameliorer-abri-terrasse\/","og_locale":"fr_FR","og_type":"article","og_title":"10 astuces pour am\u00e9liorer votre V\u00e9randa ou votre Pergola","og_description":"D\u00e9couvrez 10 astuces pour optimiser votre abri de terrasse pour un espace ext\u00e9rieur parfait!","og_url":"https:\/\/www.verandair.com\/fr\/astuces-pour-ameliorer-abri-terrasse\/","og_site_name":"VERANDAIR\u00ae","article_published_time":"2023-05-04T05:23:50+00:00","article_modified_time":"2024-09-10T12:47:27+00:00","og_image":[{"width":1600,"height":1200,"url":"https:\/\/www.verandair.com\/wp-content\/uploads\/2023\/03\/veranda-paroi-coulissante.jpg","type":"image\/jpeg"}],"author":"caro","twitter_card":"summary_large_image","twitter_misc":{"\u00c9crit par":"caro","Dur\u00e9e de lecture estim\u00e9e":"7 minutes"},"schema":{"@context":"https:\/\/schema.org","@graph":[{"@type":"Article","@id":"https:\/\/www.verandair.com\/fr\/astuces-pour-ameliorer-abri-terrasse\/#article","isPartOf":{"@id":"https:\/\/www.verandair.com\/fr\/astuces-pour-ameliorer-abri-terrasse\/"},"author":{"name":"caro","@id":"https:\/\/www.verandair.com\/fr\/#\/schema\/person\/af737cd43f080163882becebbd86c4db"},"headline":"10 astuces pour am\u00e9liorer votre abri de terrasse existant","datePublished":"2023-05-04T05:23:50+00:00","dateModified":"2024-09-10T12:47:27+00:00","mainEntityOfPage":{"@id":"https:\/\/www.verandair.com\/fr\/astuces-pour-ameliorer-abri-terrasse\/"},"wordCount":1992,"publisher":{"@id":"https:\/\/www.verandair.com\/fr\/#organization"},"image":{"@id":"https:\/\/www.verandair.com\/fr\/astuces-pour-ameliorer-abri-terrasse\/#primaryimage"},"thumbnailUrl":"https:\/\/www.verandair.com\/wp-content\/uploads\/2023\/03\/veranda-paroi-coulissante.jpg","articleSection":["Abri de terrasse","Pergolas"],"inLanguage":"fr-FR"},{"@type":"WebPage","@id":"https:\/\/www.verandair.com\/fr\/astuces-pour-ameliorer-abri-terrasse\/","url":"https:\/\/www.verandair.com\/fr\/astuces-pour-ameliorer-abri-terrasse\/","name":"10 astuces pour am\u00e9liorer votre V\u00e9randa ou votre Pergola","isPartOf":{"@id":"https:\/\/www.verandair.com\/fr\/#website"},"primaryImageOfPage":{"@id":"https:\/\/www.verandair.com\/fr\/astuces-pour-ameliorer-abri-terrasse\/#primaryimage"},"image":{"@id":"https:\/\/www.verandair.com\/fr\/astuces-pour-ameliorer-abri-terrasse\/#primaryimage"},"thumbnailUrl":"https:\/\/www.verandair.com\/wp-content\/uploads\/2023\/03\/veranda-paroi-coulissante.jpg","datePublished":"2023-05-04T05:23:50+00:00","dateModified":"2024-09-10T12:47:27+00:00","description":"D\u00e9couvrez 10 astuces pour optimiser votre abri de terrasse pour un espace ext\u00e9rieur parfait!","breadcrumb":{"@id":"https:\/\/www.verandair.com\/fr\/astuces-pour-ameliorer-abri-terrasse\/#breadcrumb"},"inLanguage":"fr-FR","potentialAction":[{"@type":"ReadAction","target":["https:\/\/www.verandair.com\/fr\/astuces-pour-ameliorer-abri-terrasse\/"]}]},{"@type":"ImageObject","inLanguage":"fr-FR","@id":"https:\/\/www.verandair.com\/fr\/astuces-pour-ameliorer-abri-terrasse\/#primaryimage","url":"https:\/\/www.verandair.com\/wp-content\/uploads\/2023\/03\/veranda-paroi-coulissante.jpg","contentUrl":"https:\/\/www.verandair.com\/wp-content\/uploads\/2023\/03\/veranda-paroi-coulissante.jpg","width":1600,"height":1200,"caption":"veranda baie vitr\u00e9e coulissante"},{"@type":"BreadcrumbList","@id":"https:\/\/www.verandair.com\/fr\/astuces-pour-ameliorer-abri-terrasse\/#breadcrumb","itemListElement":[{"@type":"ListItem","position":1,"name":"Accueil","item":{"@type":"WebPage","@id":"https:\/\/www.verandair.com\/fr\/","name":"Accueil"}},{"@type":"ListItem","position":2,"name":"10 astuces pour am\u00e9liorer votre abri de terrasse existant"}]},{"@type":"WebSite","@id":"https:\/\/www.verandair.com\/fr\/#website","url":"https:\/\/www.verandair.com\/fr\/","name":"VERANDAIR\u00ae","description":"","publisher":{"@id":"https:\/\/www.verandair.com\/fr\/#organization"},"potentialAction":[{"@type":"SearchAction","target":{"@type":"EntryPoint","urlTemplate":"https:\/\/www.verandair.com\/fr\/?s={search_term_string}"},"query-input":{"@type":"PropertyValueSpecification","valueRequired":true,"valueName":"search_term_string"}}],"inLanguage":"fr-FR"},{"@type":"Organization","@id":"https:\/\/www.verandair.com\/fr\/#organization","name":"Verandair","url":"https:\/\/www.verandair.com\/fr\/","logo":{"@type":"ImageObject","inLanguage":"fr-FR","@id":"https:\/\/www.verandair.com\/fr\/#\/schema\/logo\/image\/","url":"https:\/\/www.verandair.com\/wp-content\/uploads\/2024\/06\/VERANDAIR-logo.png","contentUrl":"https:\/\/www.verandair.com\/wp-content\/uploads\/2024\/06\/VERANDAIR-logo.png","width":283,"height":127,"caption":"Verandair"},"image":{"@id":"https:\/\/www.verandair.com\/fr\/#\/schema\/logo\/image\/"}},{"@type":"Person","@id":"https:\/\/www.verandair.com\/fr\/#\/schema\/person\/af737cd43f080163882becebbd86c4db","name":"caro","image":{"@type":"ImageObject","inLanguage":"fr-FR","@id":"https:\/\/secure.gravatar.com\/avatar\/4c356829a7552d3573f0151ea3bcc417616acba472a5e3565de5ae3a5b614aab?s=96&d=mm&r=g","url":"https:\/\/secure.gravatar.com\/avatar\/4c356829a7552d3573f0151ea3bcc417616acba472a5e3565de5ae3a5b614aab?s=96&d=mm&r=g","contentUrl":"https:\/\/secure.gravatar.com\/avatar\/4c356829a7552d3573f0151ea3bcc417616acba472a5e3565de5ae3a5b614aab?s=96&d=mm&r=g","caption":"caro"}}]}},"_links":{"self":[{"href":"https:\/\/www.verandair.com\/fr\/wp-json\/wp\/v2\/posts\/50393","targetHints":{"allow":["GET"]}}],"collection":[{"href":"https:\/\/www.verandair.com\/fr\/wp-json\/wp\/v2\/posts"}],"about":[{"href":"https:\/\/www.verandair.com\/fr\/wp-json\/wp\/v2\/types\/post"}],"author":[{"embeddable":true,"href":"https:\/\/www.verandair.com\/fr\/wp-json\/wp\/v2\/users\/4"}],"replies":[{"embeddable":true,"href":"https:\/\/www.verandair.com\/fr\/wp-json\/wp\/v2\/comments?post=50393"}],"version-history":[{"count":3,"href":"https:\/\/www.verandair.com\/fr\/wp-json\/wp\/v2\/posts\/50393\/revisions"}],"predecessor-version":[{"id":64192,"href":"https:\/\/www.verandair.com\/fr\/wp-json\/wp\/v2\/posts\/50393\/revisions\/64192"}],"wp:featuredmedia":[{"embeddable":true,"href":"https:\/\/www.verandair.com\/fr\/wp-json\/wp\/v2\/media\/49336"}],"wp:attachment":[{"href":"https:\/\/www.verandair.com\/fr\/wp-json\/wp\/v2\/media?parent=50393"}],"wp:term":[{"taxonomy":"category","embeddable":true,"href":"https:\/\/www.verandair.com\/fr\/wp-json\/wp\/v2\/categories?post=50393"},{"taxonomy":"post_tag","embeddable":true,"href":"https:\/\/www.verandair.com\/fr\/wp-json\/wp\/v2\/tags?post=50393"}],"curies":[{"name":"wp","href":"https:\/\/api.w.org\/{rel}","templated":true}]}}