{"id":50440,"date":"2023-05-12T08:10:03","date_gmt":"2023-05-12T06:10:03","guid":{"rendered":"https:\/\/www.verandair.com\/?p=50440"},"modified":"2026-03-30T22:55:58","modified_gmt":"2026-03-30T20:55:58","slug":"pourquoi-investir-dans-un-abri-terrasse-haut-de-gamme","status":"publish","type":"post","link":"https:\/\/www.verandair.com\/fr\/pourquoi-investir-dans-un-abri-terrasse-haut-de-gamme\/","title":{"rendered":"Abri de terrasse haut de gamme : un investissement judicieux"},"content":{"rendered":"<p>[et_pb_section fb_built=&#8221;1&#8243; _builder_version=&#8221;4.19.2&#8243; _module_preset=&#8221;default&#8221; global_colors_info=&#8221;{}&#8221; theme_builder_area=&#8221;post_content&#8221;][et_pb_row _builder_version=&#8221;4.19.2&#8243; _module_preset=&#8221;default&#8221; global_colors_info=&#8221;{}&#8221; theme_builder_area=&#8221;post_content&#8221;][et_pb_column type=&#8221;4_4&#8243; _builder_version=&#8221;4.19.2&#8243; _module_preset=&#8221;default&#8221; global_colors_info=&#8221;{}&#8221; theme_builder_area=&#8221;post_content&#8221;][et_pb_text _builder_version=&#8221;4.19.2&#8243; _module_preset=&#8221;default&#8221; global_colors_info=&#8221;{}&#8221; theme_builder_area=&#8221;post_content&#8221;]<\/p>\n<p><strong>La terrasse<\/strong> est un espace de d\u00e9tente et de convivialit\u00e9, o\u00f9 l&#8217;on aime passer du temps en famille ou entre amis. Pour profiter pleinement de cet espace ext\u00e9rieur, il est essentiel de le prot\u00e9ger et de l&#8217;am\u00e9nager avec soin. C&#8217;est l\u00e0 qu&#8217;intervient <strong>l&#8217;abri de terrasse haut de gamme<\/strong>, un investissement qui pr\u00e9sente de nombreux avantages.<\/p>\n<p>Dans cet article, nous vous expliquons pourquoi il est judicieux d&#8217;investir dans un abri de terrasse haut de gamme, les <strong>diff\u00e9rents types d&#8217;abris disponibles<\/strong> sur le march\u00e9, et les conseils pour choisir l&#8217;abri le mieux adapt\u00e9 \u00e0 vos besoins. Nous aborderons \u00e9galement les aspects li\u00e9s \u00e0 l&#8217;installation, \u00e0 l&#8217;entretien et au co\u00fbt d&#8217;un tel investissement.<\/p>\n<p>Alors, pourquoi investir dans un abri de terrasse haut de gamme ?<\/p>\n<p>[\/et_pb_text][et_pb_text admin_label=&#8221;Texte&#8221; _builder_version=&#8221;4.19.2&#8243; _module_preset=&#8221;default&#8221; global_colors_info=&#8221;{}&#8221; theme_builder_area=&#8221;post_content&#8221;]<\/p>\n<h2>\u00a0<\/h2>\n<h2>Les avantages d\u2019un abri de terrasse haut de gamme<\/h2>\n<h3>Il vous prot\u00e8ge des intemp\u00e9ries<\/h3>\n<p>Investir dans un <a href=\"https:\/\/www.verandair.com\/fr\/abri-de-terrasse\/\">abri de terrasse haut de gamme<\/a> vous permet de profiter de votre espace ext\u00e9rieur, <strong>quel que soit le temps<\/strong>. Pluie, vent, neige ou soleil intense, un abri de qualit\u00e9 prot\u00e8ge votre terrasse et vos meubles et vous-m\u00eame contre les \u00e9l\u00e9ments.<\/p>\n<p>Il cr\u00e9e donc un espace confortable, pour <strong>profiter de l&#8217;ext\u00e9rieur en toute saison <\/strong>et en tout temps.<\/p>\n<p>&nbsp;<\/p>\n<h3>Il embellit votre ext\u00e9rieur<\/h3>\n<p>Un abri de terrasse haut de gamme am\u00e9liore l&#8217;apparence de votre espace ext\u00e9rieur. Les <strong>mat\u00e9riaux de qualit\u00e9<\/strong> et les designs \u00e9l\u00e9gants ajoutent une <strong>touche de luxe<\/strong> \u00e0 votre terrasse et font de cet espace un lieu de d\u00e9tente agr\u00e9able pour vous et tous vos invit\u00e9s.<\/p>\n<p>&nbsp;<\/p>\n<h3>Il augmente la valeur de votre propri\u00e9t\u00e9<\/h3>\n<p>Un <a href=\"https:\/\/www.verandair.com\/fr\/abri-de-terrasse\/\">abri de terrasse bien con\u00e7u<\/a> et bien int\u00e9gr\u00e9 \u00e0 l&#8217;architecture de la maison peut ainsi devenir un v\u00e9ritable <strong>atout lors de la revente<\/strong> de votre maison, en offrant une <strong>plus-value esth\u00e9tique<\/strong> et pratique \u00e0 votre propri\u00e9t\u00e9.<\/p>\n<p>Un abri de terrasse haut de gamme peut aussi contribuer \u00e0 la <strong>r\u00e9duction des co\u00fbts \u00e9nerg\u00e9tiques<\/strong>, en offrant une <strong>isolation thermique<\/strong> suppl\u00e9mentaire et en r\u00e9duisant les besoins en chauffage ou en climatisation pour les espaces adjacents \u00e0 la terrasse.<\/p>\n<p>[\/et_pb_text][et_pb_text _builder_version=&#8221;4.19.2&#8243; _module_preset=&#8221;default&#8221; global_colors_info=&#8221;{}&#8221; theme_builder_area=&#8221;post_content&#8221;]<\/p>\n<h2>\u00a0<\/h2>\n<h2>Les types d\u2019abris de terrasse haut de gamme<\/h2>\n<h3>Les abris en aluminium<\/h3>\n<p><strong>L&#8217;aluminium <\/strong>est un mat\u00e9riau populaire pour les <strong>v\u00e9randas et <a href=\"https:\/\/www.verandair.com\/fr\/pergolas\/\">pergolas<\/a> haut de gamme,<\/strong> en raison de sa <strong>durabilit\u00e9<\/strong>, de sa <strong>l\u00e9g\u00e8ret\u00e9<\/strong> et de sa <strong>r\u00e9sistance \u00e0 la corrosion<\/strong>. Les abris en aluminium sont \u00e9galement <strong>faciles \u00e0 entretenir<\/strong> et sont <strong>personnalisables<\/strong>, pour s&#8217;adapter \u00e0 diff\u00e9rents styles architecturaux.<\/p>\n<p>[\/et_pb_text][et_pb_button button_url=&#8221;https:\/\/www.verandair.com\/fr\/contact\/&#8221; button_text=&#8221;Voir nos mod\u00e8les en showroom&#8221; button_alignment=&#8221;center&#8221; _builder_version=&#8221;4.19.2&#8243; _module_preset=&#8221;default&#8221; custom_margin=&#8221;30px||30px||false|false&#8221; global_colors_info=&#8221;{}&#8221; theme_builder_area=&#8221;post_content&#8221;][\/et_pb_button][et_pb_text admin_label=&#8221;Texte&#8221; _builder_version=&#8221;4.19.2&#8243; _module_preset=&#8221;default&#8221; global_colors_info=&#8221;{}&#8221; theme_builder_area=&#8221;post_content&#8221;]<\/p>\n<h3>Les abris en bois<\/h3>\n<p>Les abris en bois tels que les <strong>pergolas en bois<\/strong>, sont d\u2019une <strong>beaut\u00e9 incomparable<\/strong>. Ceux-ci offrent un aspect naturel et chaleureux \u00e0 votre ext\u00e9rieur. Les essences de bois les plus courantes pour ce type de structure sont le c\u00e8dre, le ch\u00eane, le teck et le pin trait\u00e9.<\/p>\n<p>Attention, le bois n\u00e9cessite un entretien fr\u00e9quent, pour pr\u00e9server sa beaut\u00e9 et sa durabilit\u00e9. Il offre n\u00e9anmoins une esth\u00e9tique incomparable.<\/p>\n<p>&nbsp;<\/p>\n<h3>Les abris en verre<\/h3>\n<p>Les abris de terrasse en verre, tels que les <strong>v\u00e9randas<\/strong> classiques, offrent un <strong>design moderne<\/strong> et \u00e9pur\u00e9, avec une vue d\u00e9gag\u00e9e sur votre jardin ou votre paysage environnant. Le verre utilis\u00e9 pour ces abris est g\u00e9n\u00e9ralement tremp\u00e9 ou feuillet\u00e9 pour assurer une r\u00e9sistance aux \u00e9ventuels chocs et aux intemp\u00e9ries.<\/p>\n<p>[\/et_pb_text][et_pb_text _builder_version=&#8221;4.19.2&#8243; _module_preset=&#8221;default&#8221; global_colors_info=&#8221;{}&#8221; theme_builder_area=&#8221;post_content&#8221;]<\/p>\n<h2>\u00a0<\/h2>\n<h2>Comment choisir un abri de qualit\u00e9?<\/h2>\n<h3>Tenez compte de la taille et de la forme de votre terrasse<\/h3>\n<p>Lors de la s\u00e9lection d&#8217;un abri de terrasse, il est important de prendre en compte la taille et la forme de votre terrasse. En effet, un abri trop petit ou trop grand peut nuire \u00e0 l&#8217;esth\u00e9tique globale de votre maison et de votre jardin, et ne pas offrir la protection et le confort souhait\u00e9s.<\/p>\n<p>Par exemple, si vous disposez d&#8217;une <strong>petite terrasse<\/strong>, il peut \u00eatre judicieux d&#8217;opter pour un abri de petite taille, pour <strong>ne pas surcharger visuellement l&#8217;espace<\/strong> et int\u00e9grer harmonieusement l\u2019abri \u00e0 l&#8217;architecture de votre maison.<\/p>\n<p>De m\u00eame, si votre terrasse est de forme irr\u00e9guli\u00e8re, il peut \u00eatre pr\u00e9f\u00e9rable de choisir un abri sur mesure qui s&#8217;adaptera parfaitement aux contours de votre espace ext\u00e9rieur.<\/p>\n<p>&nbsp;<\/p>\n<h3>Consid\u00e9rez le climat de votre r\u00e9gion<\/h3>\n<p>Le climat de votre r\u00e9gion peut influencer le choix du mat\u00e9riau et du design de votre abri de terrasse. Par exemple, <strong>un abri en aluminium<\/strong> sera mieux adapt\u00e9 aux <strong>r\u00e9gions c\u00f4ti\u00e8res<\/strong> en raison de sa r\u00e9sistance \u00e0 la corrosion, tandis qu&#8217;un <strong>abri en bois<\/strong> sera plus appropri\u00e9 pour les <strong>r\u00e9gions montagneuses<\/strong> o\u00f9 le gel et la neige sont fr\u00e9quents.<\/p>\n<h3>\u00a0<\/h3>\n<h3>Choisissez un mat\u00e9riau durable et r\u00e9sistant<\/h3>\n<p>Un <a href=\"https:\/\/www.verandair.com\/fr\/abri-de-terrasse\/\">abri de terrasse haut de gamme<\/a> doit \u00eatre fabriqu\u00e9 \u00e0 partir de <strong>mat\u00e9riaux durables<\/strong> et r\u00e9sistants aux intemp\u00e9ries. Les <strong>mat\u00e9riaux de qualit\u00e9 sup\u00e9rieure<\/strong> garantissent une longue dur\u00e9e de vie et une apparence esth\u00e9tique qui perdure au fil du temps.<\/p>\n<p>Par exemple, <strong>le bois<\/strong> est un mat\u00e9riau couramment utilis\u00e9 pour les abris de terrasse haut de gamme en raison de son esth\u00e9tique naturelle et chaleureuse. Cependant, pour assurer sa durabilit\u00e9, il est important de choisir des <strong>essences de bois r\u00e9sistantes aux insectes<\/strong>, aux champignons et aux intemp\u00e9ries, telles que le c\u00e8dre, le ch\u00eane ou le teck.<\/p>\n<p>&nbsp;<\/p>\n<h2>L\u2019importance de l\u2019installation professionnelle<\/h2>\n<p>Faites installer votre abri de terrasse par un professionnel est essentiel pour garantir une mise en place s\u00e9curis\u00e9e et durable. En effet, un abri mal install\u00e9 peut pr\u00e9senter des risques pour la s\u00e9curit\u00e9 et l&#8217;int\u00e9grit\u00e9 de votre maison, ainsi qu&#8217;une durabilit\u00e9 limit\u00e9e dans le temps. De plus, un professionnel pourra vous conseiller sur les options suppl\u00e9mentaires \u00e0 choisir pour optimiser l&#8217;efficacit\u00e9 et la durabilit\u00e9 de votre abri de terrasse, telles que des syst\u00e8mes de ventilation, des stores motoris\u00e9s ou des \u00e9clairages int\u00e9gr\u00e9s.<\/p>\n<p>&nbsp;<\/p>\n<h2>Entretien et maintenance<\/h2>\n<p>Une v\u00e9randa ou pergola haut de gamme n\u00e9cessite un <a href=\"https:\/\/www.verandair.com\/fr\/abri-de-terrasse\/\">entretien<\/a> r\u00e9gulier, pour pr\u00e9server son apparence et ses fonctionnalit\u00e9s. Les abris en aluminium et en verre sont g\u00e9n\u00e9ralement <strong>plus faciles \u00e0 entretenir <\/strong>que les abris en bois, qui n\u00e9cessitent un traitement r\u00e9gulier contre les insectes, les champignons et les intemp\u00e9ries.<\/p>\n<p>&nbsp;<\/p>\n<h2>Co\u00fbt d\u2019investissement et retour sur investissement<\/h2>\n<p>Le co\u00fbt d&#8217;investissement d&#8217;un abri de terrasse haut de gamme peut sembler \u00e9lev\u00e9 par rapport \u00e0 des mod\u00e8les plus bas de gamme, mais il est important de prendre en compte le retour sur investissement sur le long terme. En effet, un abri de terrasse de qualit\u00e9 sup\u00e9rieure offre une <strong>durabilit\u00e9 accrue<\/strong>, une <strong>qualit\u00e9 des mat\u00e9riaux<\/strong> sup\u00e9rieure et une <strong>augmentation de la valeur<\/strong> de votre propri\u00e9t\u00e9, ce qui en fait un investissement judicieux pour les ann\u00e9es \u00e0 venir.<\/p>\n<p>Par exemple, un abri de terrasse en aluminium ou en bois de qualit\u00e9 sup\u00e9rieure peut durer <strong>jusqu&#8217;\u00e0 20 ou 30 ans<\/strong> <strong>avec un entretien r\u00e9gulier<\/strong>, tandis qu&#8217;un abri moins cher n\u00e9cessitera des r\u00e9parations ou un remplacement pr\u00e9matur\u00e9 en raison d&#8217;une faible durabilit\u00e9 ou de mat\u00e9riaux de qualit\u00e9 inf\u00e9rieure.<\/p>\n<h2>\u00a0<\/h2>\n<h2>Alternatives aux abris haut de gamme<\/h2>\n<p>Si votre budget ne permet pas d&#8217;investir dans un abri de terrasse haut de gamme, il existe des <strong>alternatives plus abordables<\/strong> telles que les <strong><a href=\"https:\/\/www.verandair.com\/fr\/pergolas\/\">pergolas adoss\u00e9es<\/a><\/strong>, les <strong>voiles d&#8217;ombrage<\/strong> ou les <strong>stores bannes<\/strong>. Bien qu&#8217;elles ne soient pas aussi durables ou esth\u00e9tiques que les abris haut de gamme, elles offrent tout de m\u00eame une protection contre les intemp\u00e9ries et un espace ext\u00e9rieur agr\u00e9able.<\/p>\n<h2>\u00a0<\/h2>\n<h2>Conclusion<\/h2>\n<p>Investir dans un abri de terrasse haut de gamme est une d\u00e9cision judicieuse pour <strong>am\u00e9liorer votre espace ext\u00e9rieur<\/strong>, prot\u00e9ger votre terrasse des intemp\u00e9ries et augmenter la valeur de votre propri\u00e9t\u00e9. Faites appel \u00e0 votre sp\u00e9cialiste Verandair, fabriquant d\u2019abris de terrasse depuis plus de 35 ans en Belgique.<\/p>\n<p><strong>Rendez-nous visite en showroom pour voir nos mod\u00e8les et recevoir un devis gratuit\u00a0!<\/strong><\/p>\n<p>&nbsp;<\/p>\n<p>[\/et_pb_text][et_pb_button button_url=&#8221;https:\/\/www.verandair.com\/fr\/abri-de-terrasse\/&#8221; button_text=&#8221;Voir les mod\u00e8les Verandair &#8221; button_alignment=&#8221;center&#8221; _builder_version=&#8221;4.24.2&#8243; _module_preset=&#8221;default&#8221; custom_margin=&#8221;30px||30px||false|false&#8221; global_colors_info=&#8221;{}&#8221; theme_builder_area=&#8221;post_content&#8221;][\/et_pb_button][\/et_pb_column][\/et_pb_row][\/et_pb_section][et_pb_section fb_built=&#8221;1&#8243; admin_label=&#8221;CTA Guide achat Abri Terrasse&#8221; _builder_version=&#8221;4.19.2&#8243; background_color=&#8221;#009f9c&#8221; custom_margin=&#8221;|||&#8221; saved_tabs=&#8221;all&#8221; global_colors_info=&#8221;{}&#8221; theme_builder_area=&#8221;post_content&#8221;][et_pb_row column_structure=&#8221;1_3,2_3&#8243; use_custom_gutter=&#8221;on&#8221; gutter_width=&#8221;1&#8243; make_equal=&#8221;on&#8221; padding_top_bottom_link_2=&#8221;false&#8221; padding_left_right_link_1=&#8221;true&#8221; padding_left_right_link_2=&#8221;true&#8221; _builder_version=&#8221;4.19.2&#8243; background_color=&#8221;#ffffff&#8221; global_colors_info=&#8221;{}&#8221; theme_builder_area=&#8221;post_content&#8221;][et_pb_column type=&#8221;1_3&#8243; _builder_version=&#8221;4.16&#8243; custom_padding=&#8221;|20px||20px&#8221; global_colors_info=&#8221;{}&#8221; custom_padding__hover=&#8221;|||&#8221; theme_builder_area=&#8221;post_content&#8221;][et_pb_image src=&#8221;https:\/\/www.verandair.com\/wp-content\/uploads\/2021\/11\/guide-achat-ABTR.png&#8221; url=&#8221;https:\/\/info.verandair.com\/guide-abri-terrasse\/&#8221; url_new_window=&#8221;on&#8221; align=&#8221;center&#8221; align_tablet=&#8221;center&#8221; align_phone=&#8221;&#8221; align_last_edited=&#8221;on|desktop&#8221; _builder_version=&#8221;4.19.2&#8243; custom_margin=&#8221;||0px|&#8221; custom_padding=&#8221;|0px||&#8221; custom_css_main_element=&#8221;max-width:280px;&#8221; global_colors_info=&#8221;{}&#8221; theme_builder_area=&#8221;post_content&#8221;][\/et_pb_image][\/et_pb_column][et_pb_column type=&#8221;2_3&#8243; _builder_version=&#8221;4.16&#8243; custom_padding=&#8221;30px|30px|0px|30px&#8221; global_colors_info=&#8221;{}&#8221; custom_padding__hover=&#8221;|||&#8221; theme_builder_area=&#8221;post_content&#8221;][et_pb_text _builder_version=&#8221;4.19.2&#8243; text_font=&#8221;||||||||&#8221; text_font_size=&#8221;30px&#8221; header_font=&#8221;||||||||&#8221; header_2_font=&#8221;||||||||&#8221; header_3_font=&#8221;|800|||||||&#8221; header_3_text_align=&#8221;center&#8221; header_3_font_size=&#8221;35px&#8221; custom_margin=&#8221;||20px&#8221; header_3_font_size_tablet=&#8221;25px&#8221; header_3_font_size_phone=&#8221;&#8221; header_3_font_size_last_edited=&#8221;on|tablet&#8221; global_colors_info=&#8221;{}&#8221; theme_builder_area=&#8221;post_content&#8221;]<\/p>\n<h3>Besoin d&#8217;aide pour vous d\u00e9cider?<\/h3>\n<p>[\/et_pb_text][et_pb_text _builder_version=&#8221;4.19.2&#8243; text_font=&#8221;||||||||&#8221; custom_margin=&#8221;||20px&#8221; global_colors_info=&#8221;{}&#8221; theme_builder_area=&#8221;post_content&#8221;]<\/p>\n<p style=\"text-align: center; font-size: 20px; line-height: 30px;\">Facilitez votre prise de d\u00e9cision avec notre guide d\u2019achat. Il aborde les 19 questions que vous devez absolument vous poser afin de profiter de votre future acquisition sans mauvaise surprise.<\/p>\n<p>[\/et_pb_text][et_pb_button button_url=&#8221;https:\/\/info.verandair.com\/guide-abri-terrasse\/&#8221; url_new_window=&#8221;on&#8221; button_text=&#8221;\u00bb Je t\u00e9l\u00e9charge mon guide&#8221; button_alignment=&#8221;center&#8221; module_class=&#8221;custom-btn-orange&#8221; _builder_version=&#8221;4.24.2&#8243; custom_margin=&#8221;||0px&#8221; global_colors_info=&#8221;{}&#8221; theme_builder_area=&#8221;post_content&#8221;][\/et_pb_button][et_pb_code _builder_version=&#8221;4.16&#8243; global_colors_info=&#8221;{}&#8221; theme_builder_area=&#8221;post_content&#8221;]<\/p>\n<style><!-- [et_pb_line_break_holder] -->  a.et_pb_button.custom-btn-orange{<!-- [et_pb_line_break_holder] -->    background:#EF865B!important;<!-- [et_pb_line_break_holder] -->  }<!-- [et_pb_line_break_holder] -->  a.et_pb_button.custom-btn-orange:hover{<!-- [et_pb_line_break_holder] -->    background:#F4AD91!important;<!-- [et_pb_line_break_holder] -->  }<!-- [et_pb_line_break_holder] --><\/style>\n<p>[\/et_pb_code][\/et_pb_column][\/et_pb_row][\/et_pb_section]<\/p>\n","protected":false},"excerpt":{"rendered":"<p>Si vous cherchez \u00e0 prot\u00e9ger votre terrasse et \u00e0 en maximiser l&#8217;utilisation, investir dans un abri de terrasse haut de gamme peut \u00eatre la solution id\u00e9ale. Non seulement il offre une protection contre les intemp\u00e9ries, mais il peut \u00e9galement augmenter la valeur de votre propri\u00e9t\u00e9 et r\u00e9duire les co\u00fbts \u00e9nerg\u00e9tiques. D\u00e9couvrez dans cet article pourquoi choisir un abri de terrasse haut de gamme est le meilleur investissement pour votre maison. <\/p>\n","protected":false},"author":4,"featured_media":50447,"comment_status":"closed","ping_status":"closed","sticky":false,"template":"","format":"standard","meta":{"_acf_changed":false,"_et_pb_use_builder":"on","_et_pb_old_content":"","_et_gb_content_width":"","inline_featured_image":false,"footnotes":""},"categories":[32,33],"tags":[],"class_list":["post-50440","post","type-post","status-publish","format-standard","has-post-thumbnail","hentry","category-abri-de-terrasse","category-pergolas"],"acf":[],"yoast_head":"<!-- This site is optimized with the Yoast SEO plugin v27.4 - https:\/\/yoast.com\/product\/yoast-seo-wordpress\/ -->\n<title>Abri de terrasse premium : pourquoi opter pour le haut de gamme | Verandair<\/title>\n<meta name=\"description\" content=\"D\u00e9cryptage: pourquoi choisir un abri de terrasse haut de gamme est le meilleur investissement pour votre maison? Nos explications.\" \/>\n<meta name=\"robots\" content=\"index, follow, max-snippet:-1, max-image-preview:large, max-video-preview:-1\" \/>\n<link rel=\"canonical\" href=\"https:\/\/www.verandair.com\/fr\/pourquoi-investir-dans-un-abri-terrasse-haut-de-gamme\/\" \/>\n<meta property=\"og:locale\" content=\"fr_FR\" \/>\n<meta property=\"og:type\" content=\"article\" \/>\n<meta property=\"og:title\" content=\"Abri de terrasse premium : pourquoi opter pour le haut de gamme | Verandair\" \/>\n<meta property=\"og:description\" content=\"D\u00e9cryptage: pourquoi choisir un abri de terrasse haut de gamme est le meilleur investissement pour votre maison? Nos explications.\" \/>\n<meta property=\"og:url\" content=\"https:\/\/www.verandair.com\/fr\/pourquoi-investir-dans-un-abri-terrasse-haut-de-gamme\/\" \/>\n<meta property=\"og:site_name\" content=\"VERANDAIR\u00ae\" \/>\n<meta property=\"article:published_time\" content=\"2023-05-12T06:10:03+00:00\" \/>\n<meta property=\"article:modified_time\" content=\"2026-03-30T20:55:58+00:00\" \/>\n<meta property=\"og:image\" content=\"https:\/\/www.verandair.com\/wp-content\/uploads\/2023\/04\/abri-terrasse-haut-de-gamme.jpg\" \/>\n\t<meta property=\"og:image:width\" content=\"1600\" \/>\n\t<meta property=\"og:image:height\" content=\"1067\" \/>\n\t<meta property=\"og:image:type\" content=\"image\/jpeg\" \/>\n<meta name=\"author\" content=\"caro\" \/>\n<meta name=\"twitter:card\" content=\"summary_large_image\" \/>\n<meta name=\"twitter:label1\" content=\"\u00c9crit par\" \/>\n\t<meta name=\"twitter:data1\" content=\"caro\" \/>\n\t<meta name=\"twitter:label2\" content=\"Dur\u00e9e de lecture estim\u00e9e\" \/>\n\t<meta name=\"twitter:data2\" content=\"7 minutes\" \/>\n<script type=\"application\/ld+json\" class=\"yoast-schema-graph\">{\"@context\":\"https:\\\/\\\/schema.org\",\"@graph\":[{\"@type\":\"Article\",\"@id\":\"https:\\\/\\\/www.verandair.com\\\/fr\\\/pourquoi-investir-dans-un-abri-terrasse-haut-de-gamme\\\/#article\",\"isPartOf\":{\"@id\":\"https:\\\/\\\/www.verandair.com\\\/fr\\\/pourquoi-investir-dans-un-abri-terrasse-haut-de-gamme\\\/\"},\"author\":{\"name\":\"caro\",\"@id\":\"https:\\\/\\\/www.verandair.com\\\/fr\\\/#\\\/schema\\\/person\\\/af737cd43f080163882becebbd86c4db\"},\"headline\":\"Abri de terrasse haut de gamme : un investissement judicieux\",\"datePublished\":\"2023-05-12T06:10:03+00:00\",\"dateModified\":\"2026-03-30T20:55:58+00:00\",\"mainEntityOfPage\":{\"@id\":\"https:\\\/\\\/www.verandair.com\\\/fr\\\/pourquoi-investir-dans-un-abri-terrasse-haut-de-gamme\\\/\"},\"wordCount\":1995,\"publisher\":{\"@id\":\"https:\\\/\\\/www.verandair.com\\\/fr\\\/#organization\"},\"image\":{\"@id\":\"https:\\\/\\\/www.verandair.com\\\/fr\\\/pourquoi-investir-dans-un-abri-terrasse-haut-de-gamme\\\/#primaryimage\"},\"thumbnailUrl\":\"https:\\\/\\\/www.verandair.com\\\/wp-content\\\/uploads\\\/2023\\\/04\\\/abri-terrasse-haut-de-gamme.jpg\",\"articleSection\":[\"Abri de terrasse\",\"Pergolas\"],\"inLanguage\":\"fr-FR\"},{\"@type\":\"WebPage\",\"@id\":\"https:\\\/\\\/www.verandair.com\\\/fr\\\/pourquoi-investir-dans-un-abri-terrasse-haut-de-gamme\\\/\",\"url\":\"https:\\\/\\\/www.verandair.com\\\/fr\\\/pourquoi-investir-dans-un-abri-terrasse-haut-de-gamme\\\/\",\"name\":\"Abri de terrasse premium : pourquoi opter pour le haut de gamme | Verandair\",\"isPartOf\":{\"@id\":\"https:\\\/\\\/www.verandair.com\\\/fr\\\/#website\"},\"primaryImageOfPage\":{\"@id\":\"https:\\\/\\\/www.verandair.com\\\/fr\\\/pourquoi-investir-dans-un-abri-terrasse-haut-de-gamme\\\/#primaryimage\"},\"image\":{\"@id\":\"https:\\\/\\\/www.verandair.com\\\/fr\\\/pourquoi-investir-dans-un-abri-terrasse-haut-de-gamme\\\/#primaryimage\"},\"thumbnailUrl\":\"https:\\\/\\\/www.verandair.com\\\/wp-content\\\/uploads\\\/2023\\\/04\\\/abri-terrasse-haut-de-gamme.jpg\",\"datePublished\":\"2023-05-12T06:10:03+00:00\",\"dateModified\":\"2026-03-30T20:55:58+00:00\",\"description\":\"D\u00e9cryptage: pourquoi choisir un abri de terrasse haut de gamme est le meilleur investissement pour votre maison? Nos explications.\",\"breadcrumb\":{\"@id\":\"https:\\\/\\\/www.verandair.com\\\/fr\\\/pourquoi-investir-dans-un-abri-terrasse-haut-de-gamme\\\/#breadcrumb\"},\"inLanguage\":\"fr-FR\",\"potentialAction\":[{\"@type\":\"ReadAction\",\"target\":[\"https:\\\/\\\/www.verandair.com\\\/fr\\\/pourquoi-investir-dans-un-abri-terrasse-haut-de-gamme\\\/\"]}]},{\"@type\":\"ImageObject\",\"inLanguage\":\"fr-FR\",\"@id\":\"https:\\\/\\\/www.verandair.com\\\/fr\\\/pourquoi-investir-dans-un-abri-terrasse-haut-de-gamme\\\/#primaryimage\",\"url\":\"https:\\\/\\\/www.verandair.com\\\/wp-content\\\/uploads\\\/2023\\\/04\\\/abri-terrasse-haut-de-gamme.jpg\",\"contentUrl\":\"https:\\\/\\\/www.verandair.com\\\/wp-content\\\/uploads\\\/2023\\\/04\\\/abri-terrasse-haut-de-gamme.jpg\",\"width\":1600,\"height\":1067,\"caption\":\"Abri de terrasse haut de gamme blanc\"},{\"@type\":\"BreadcrumbList\",\"@id\":\"https:\\\/\\\/www.verandair.com\\\/fr\\\/pourquoi-investir-dans-un-abri-terrasse-haut-de-gamme\\\/#breadcrumb\",\"itemListElement\":[{\"@type\":\"ListItem\",\"position\":1,\"name\":\"Accueil\",\"item\":{\"@type\":\"WebPage\",\"@id\":\"https:\\\/\\\/www.verandair.com\\\/fr\\\/\",\"name\":\"Accueil\"}},{\"@type\":\"ListItem\",\"position\":2,\"name\":\"Abri de terrasse haut de gamme : un investissement judicieux\"}]},{\"@type\":\"WebSite\",\"@id\":\"https:\\\/\\\/www.verandair.com\\\/fr\\\/#website\",\"url\":\"https:\\\/\\\/www.verandair.com\\\/fr\\\/\",\"name\":\"VERANDAIR\u00ae\",\"description\":\"\",\"publisher\":{\"@id\":\"https:\\\/\\\/www.verandair.com\\\/fr\\\/#organization\"},\"potentialAction\":[{\"@type\":\"SearchAction\",\"target\":{\"@type\":\"EntryPoint\",\"urlTemplate\":\"https:\\\/\\\/www.verandair.com\\\/fr\\\/?s={search_term_string}\"},\"query-input\":{\"@type\":\"PropertyValueSpecification\",\"valueRequired\":true,\"valueName\":\"search_term_string\"}}],\"inLanguage\":\"fr-FR\"},{\"@type\":\"Organization\",\"@id\":\"https:\\\/\\\/www.verandair.com\\\/fr\\\/#organization\",\"name\":\"Verandair\",\"url\":\"https:\\\/\\\/www.verandair.com\\\/fr\\\/\",\"logo\":{\"@type\":\"ImageObject\",\"inLanguage\":\"fr-FR\",\"@id\":\"https:\\\/\\\/www.verandair.com\\\/fr\\\/#\\\/schema\\\/logo\\\/image\\\/\",\"url\":\"https:\\\/\\\/www.verandair.com\\\/wp-content\\\/uploads\\\/2024\\\/06\\\/VERANDAIR-logo.png\",\"contentUrl\":\"https:\\\/\\\/www.verandair.com\\\/wp-content\\\/uploads\\\/2024\\\/06\\\/VERANDAIR-logo.png\",\"width\":283,\"height\":127,\"caption\":\"Verandair\"},\"image\":{\"@id\":\"https:\\\/\\\/www.verandair.com\\\/fr\\\/#\\\/schema\\\/logo\\\/image\\\/\"}},{\"@type\":\"Person\",\"@id\":\"https:\\\/\\\/www.verandair.com\\\/fr\\\/#\\\/schema\\\/person\\\/af737cd43f080163882becebbd86c4db\",\"name\":\"caro\",\"image\":{\"@type\":\"ImageObject\",\"inLanguage\":\"fr-FR\",\"@id\":\"https:\\\/\\\/secure.gravatar.com\\\/avatar\\\/4c356829a7552d3573f0151ea3bcc417616acba472a5e3565de5ae3a5b614aab?s=96&d=mm&r=g\",\"url\":\"https:\\\/\\\/secure.gravatar.com\\\/avatar\\\/4c356829a7552d3573f0151ea3bcc417616acba472a5e3565de5ae3a5b614aab?s=96&d=mm&r=g\",\"contentUrl\":\"https:\\\/\\\/secure.gravatar.com\\\/avatar\\\/4c356829a7552d3573f0151ea3bcc417616acba472a5e3565de5ae3a5b614aab?s=96&d=mm&r=g\",\"caption\":\"caro\"}}]}<\/script>\n<!-- \/ Yoast SEO plugin. -->","yoast_head_json":{"title":"Abri de terrasse premium : pourquoi opter pour le haut de gamme | Verandair","description":"D\u00e9cryptage: pourquoi choisir un abri de terrasse haut de gamme est le meilleur investissement pour votre maison? Nos explications.","robots":{"index":"index","follow":"follow","max-snippet":"max-snippet:-1","max-image-preview":"max-image-preview:large","max-video-preview":"max-video-preview:-1"},"canonical":"https:\/\/www.verandair.com\/fr\/pourquoi-investir-dans-un-abri-terrasse-haut-de-gamme\/","og_locale":"fr_FR","og_type":"article","og_title":"Abri de terrasse premium : pourquoi opter pour le haut de gamme | Verandair","og_description":"D\u00e9cryptage: pourquoi choisir un abri de terrasse haut de gamme est le meilleur investissement pour votre maison? Nos explications.","og_url":"https:\/\/www.verandair.com\/fr\/pourquoi-investir-dans-un-abri-terrasse-haut-de-gamme\/","og_site_name":"VERANDAIR\u00ae","article_published_time":"2023-05-12T06:10:03+00:00","article_modified_time":"2026-03-30T20:55:58+00:00","og_image":[{"width":1600,"height":1067,"url":"https:\/\/www.verandair.com\/wp-content\/uploads\/2023\/04\/abri-terrasse-haut-de-gamme.jpg","type":"image\/jpeg"}],"author":"caro","twitter_card":"summary_large_image","twitter_misc":{"\u00c9crit par":"caro","Dur\u00e9e de lecture estim\u00e9e":"7 minutes"},"schema":{"@context":"https:\/\/schema.org","@graph":[{"@type":"Article","@id":"https:\/\/www.verandair.com\/fr\/pourquoi-investir-dans-un-abri-terrasse-haut-de-gamme\/#article","isPartOf":{"@id":"https:\/\/www.verandair.com\/fr\/pourquoi-investir-dans-un-abri-terrasse-haut-de-gamme\/"},"author":{"name":"caro","@id":"https:\/\/www.verandair.com\/fr\/#\/schema\/person\/af737cd43f080163882becebbd86c4db"},"headline":"Abri de terrasse haut de gamme : un investissement judicieux","datePublished":"2023-05-12T06:10:03+00:00","dateModified":"2026-03-30T20:55:58+00:00","mainEntityOfPage":{"@id":"https:\/\/www.verandair.com\/fr\/pourquoi-investir-dans-un-abri-terrasse-haut-de-gamme\/"},"wordCount":1995,"publisher":{"@id":"https:\/\/www.verandair.com\/fr\/#organization"},"image":{"@id":"https:\/\/www.verandair.com\/fr\/pourquoi-investir-dans-un-abri-terrasse-haut-de-gamme\/#primaryimage"},"thumbnailUrl":"https:\/\/www.verandair.com\/wp-content\/uploads\/2023\/04\/abri-terrasse-haut-de-gamme.jpg","articleSection":["Abri de terrasse","Pergolas"],"inLanguage":"fr-FR"},{"@type":"WebPage","@id":"https:\/\/www.verandair.com\/fr\/pourquoi-investir-dans-un-abri-terrasse-haut-de-gamme\/","url":"https:\/\/www.verandair.com\/fr\/pourquoi-investir-dans-un-abri-terrasse-haut-de-gamme\/","name":"Abri de terrasse premium : pourquoi opter pour le haut de gamme | Verandair","isPartOf":{"@id":"https:\/\/www.verandair.com\/fr\/#website"},"primaryImageOfPage":{"@id":"https:\/\/www.verandair.com\/fr\/pourquoi-investir-dans-un-abri-terrasse-haut-de-gamme\/#primaryimage"},"image":{"@id":"https:\/\/www.verandair.com\/fr\/pourquoi-investir-dans-un-abri-terrasse-haut-de-gamme\/#primaryimage"},"thumbnailUrl":"https:\/\/www.verandair.com\/wp-content\/uploads\/2023\/04\/abri-terrasse-haut-de-gamme.jpg","datePublished":"2023-05-12T06:10:03+00:00","dateModified":"2026-03-30T20:55:58+00:00","description":"D\u00e9cryptage: pourquoi choisir un abri de terrasse haut de gamme est le meilleur investissement pour votre maison? Nos explications.","breadcrumb":{"@id":"https:\/\/www.verandair.com\/fr\/pourquoi-investir-dans-un-abri-terrasse-haut-de-gamme\/#breadcrumb"},"inLanguage":"fr-FR","potentialAction":[{"@type":"ReadAction","target":["https:\/\/www.verandair.com\/fr\/pourquoi-investir-dans-un-abri-terrasse-haut-de-gamme\/"]}]},{"@type":"ImageObject","inLanguage":"fr-FR","@id":"https:\/\/www.verandair.com\/fr\/pourquoi-investir-dans-un-abri-terrasse-haut-de-gamme\/#primaryimage","url":"https:\/\/www.verandair.com\/wp-content\/uploads\/2023\/04\/abri-terrasse-haut-de-gamme.jpg","contentUrl":"https:\/\/www.verandair.com\/wp-content\/uploads\/2023\/04\/abri-terrasse-haut-de-gamme.jpg","width":1600,"height":1067,"caption":"Abri de terrasse haut de gamme blanc"},{"@type":"BreadcrumbList","@id":"https:\/\/www.verandair.com\/fr\/pourquoi-investir-dans-un-abri-terrasse-haut-de-gamme\/#breadcrumb","itemListElement":[{"@type":"ListItem","position":1,"name":"Accueil","item":{"@type":"WebPage","@id":"https:\/\/www.verandair.com\/fr\/","name":"Accueil"}},{"@type":"ListItem","position":2,"name":"Abri de terrasse haut de gamme : un investissement judicieux"}]},{"@type":"WebSite","@id":"https:\/\/www.verandair.com\/fr\/#website","url":"https:\/\/www.verandair.com\/fr\/","name":"VERANDAIR\u00ae","description":"","publisher":{"@id":"https:\/\/www.verandair.com\/fr\/#organization"},"potentialAction":[{"@type":"SearchAction","target":{"@type":"EntryPoint","urlTemplate":"https:\/\/www.verandair.com\/fr\/?s={search_term_string}"},"query-input":{"@type":"PropertyValueSpecification","valueRequired":true,"valueName":"search_term_string"}}],"inLanguage":"fr-FR"},{"@type":"Organization","@id":"https:\/\/www.verandair.com\/fr\/#organization","name":"Verandair","url":"https:\/\/www.verandair.com\/fr\/","logo":{"@type":"ImageObject","inLanguage":"fr-FR","@id":"https:\/\/www.verandair.com\/fr\/#\/schema\/logo\/image\/","url":"https:\/\/www.verandair.com\/wp-content\/uploads\/2024\/06\/VERANDAIR-logo.png","contentUrl":"https:\/\/www.verandair.com\/wp-content\/uploads\/2024\/06\/VERANDAIR-logo.png","width":283,"height":127,"caption":"Verandair"},"image":{"@id":"https:\/\/www.verandair.com\/fr\/#\/schema\/logo\/image\/"}},{"@type":"Person","@id":"https:\/\/www.verandair.com\/fr\/#\/schema\/person\/af737cd43f080163882becebbd86c4db","name":"caro","image":{"@type":"ImageObject","inLanguage":"fr-FR","@id":"https:\/\/secure.gravatar.com\/avatar\/4c356829a7552d3573f0151ea3bcc417616acba472a5e3565de5ae3a5b614aab?s=96&d=mm&r=g","url":"https:\/\/secure.gravatar.com\/avatar\/4c356829a7552d3573f0151ea3bcc417616acba472a5e3565de5ae3a5b614aab?s=96&d=mm&r=g","contentUrl":"https:\/\/secure.gravatar.com\/avatar\/4c356829a7552d3573f0151ea3bcc417616acba472a5e3565de5ae3a5b614aab?s=96&d=mm&r=g","caption":"caro"}}]}},"_links":{"self":[{"href":"https:\/\/www.verandair.com\/fr\/wp-json\/wp\/v2\/posts\/50440","targetHints":{"allow":["GET"]}}],"collection":[{"href":"https:\/\/www.verandair.com\/fr\/wp-json\/wp\/v2\/posts"}],"about":[{"href":"https:\/\/www.verandair.com\/fr\/wp-json\/wp\/v2\/types\/post"}],"author":[{"embeddable":true,"href":"https:\/\/www.verandair.com\/fr\/wp-json\/wp\/v2\/users\/4"}],"replies":[{"embeddable":true,"href":"https:\/\/www.verandair.com\/fr\/wp-json\/wp\/v2\/comments?post=50440"}],"version-history":[{"count":6,"href":"https:\/\/www.verandair.com\/fr\/wp-json\/wp\/v2\/posts\/50440\/revisions"}],"predecessor-version":[{"id":74436,"href":"https:\/\/www.verandair.com\/fr\/wp-json\/wp\/v2\/posts\/50440\/revisions\/74436"}],"wp:featuredmedia":[{"embeddable":true,"href":"https:\/\/www.verandair.com\/fr\/wp-json\/wp\/v2\/media\/50447"}],"wp:attachment":[{"href":"https:\/\/www.verandair.com\/fr\/wp-json\/wp\/v2\/media?parent=50440"}],"wp:term":[{"taxonomy":"category","embeddable":true,"href":"https:\/\/www.verandair.com\/fr\/wp-json\/wp\/v2\/categories?post=50440"},{"taxonomy":"post_tag","embeddable":true,"href":"https:\/\/www.verandair.com\/fr\/wp-json\/wp\/v2\/tags?post=50440"}],"curies":[{"name":"wp","href":"https:\/\/api.w.org\/{rel}","templated":true}]}}