{"id":50897,"date":"2023-07-16T07:20:46","date_gmt":"2023-07-16T05:20:46","guid":{"rendered":"https:\/\/www.verandair.com\/?p=50897"},"modified":"2024-09-10T16:31:39","modified_gmt":"2024-09-10T14:31:39","slug":"auvent-terrasse-espace-elegant-confortable","status":"publish","type":"post","link":"https:\/\/www.verandair.com\/fr\/auvent-terrasse-espace-elegant-confortable\/","title":{"rendered":"Auvent de terrasse : comment cr\u00e9er un espace ext\u00e9rieur \u00e9l\u00e9gant et confortable"},"content":{"rendered":"<p>[et_pb_section fb_built=&#8221;1&#8243; _builder_version=&#8221;4.19.2&#8243; _module_preset=&#8221;default&#8221; global_colors_info=&#8221;{}&#8221; theme_builder_area=&#8221;post_content&#8221;][et_pb_row _builder_version=&#8221;4.19.2&#8243; _module_preset=&#8221;default&#8221; global_colors_info=&#8221;{}&#8221; theme_builder_area=&#8221;post_content&#8221;][et_pb_column type=&#8221;4_4&#8243; _builder_version=&#8221;4.19.2&#8243; _module_preset=&#8221;default&#8221; global_colors_info=&#8221;{}&#8221; theme_builder_area=&#8221;post_content&#8221;][et_pb_text _builder_version=&#8221;4.19.2&#8243; _module_preset=&#8221;default&#8221; global_colors_info=&#8221;{}&#8221; theme_builder_area=&#8221;post_content&#8221;]<\/p>\n<p>Que vous cherchiez \u00e0 <strong>am\u00e9liorer votre terrasse<\/strong> pour vos soir\u00e9es d&#8217;\u00e9t\u00e9 ou pour cr\u00e9er un <strong>espace ext\u00e9rieur fonctionnel<\/strong> pour vous et votre famille, un auvent de terrasse peut \u00eatre une solution id\u00e9ale.<\/p>\n<p>Dans cet article, nous allons examiner comment vous pouvez <strong>cr\u00e9er un espace ext\u00e9rieur \u00e9l\u00e9gant et confortable <\/strong>avec un auvent de terrasse. Nous allons couvrir tout ce que vous devez savoir, y compris la planification, la conception, l&#8217;installation et l&#8217;entretien.<\/p>\n<p>&nbsp;<\/p>\n<h2>\u00c9tape 1 : Planification de l\u2019installation<\/h2>\n<p>La premi\u00e8re \u00e9tape pour cr\u00e9er un espace ext\u00e9rieur \u00e9l\u00e9gant et confortable est la planification de votre installation. Avant de vous lancer dans la conception et l&#8217;installation de <a href=\"https:\/\/www.verandair.com\/fr\/pergolas\/auvent-terrasse\/\">votre auvent de terrasse<\/a>, vous devez prendre en compte <strong>plusieurs facteurs cl\u00e9s<\/strong>. Nous allons explorer les \u00e9l\u00e9ments suivants :<\/p>\n<h3>\u00c9tudiez la structure de votre terrasse<\/h3>\n<p>Avant de choisir un auvent pour votre terrasse, vous devez <strong>\u00e9tudier la structure<\/strong> de votre terrasse pour d\u00e9terminer <strong>le type d&#8217;auvent<\/strong> qui convient le mieux. Les facteurs que vous devez prendre en compte incluent :<\/p>\n<ul>\n<li>La taille de votre terrasse<\/li>\n<li>La hauteur de votre maison<\/li>\n<li>L&#8217;orientation de votre terrasse.<\/li>\n<\/ul>\n<h3>Consid\u00e9rez vos besoins<\/h3>\n<p>Vous devez \u00e9galement r\u00e9fl\u00e9chir \u00e0 vos besoins en mati\u00e8re d&#8217;auvent de terrasse. Pourquoi voulez-vous <a href=\"https:\/\/www.verandair.com\/fr\/pergolas\/auvent-terrasse\/\">installer un auvent de terrasse<\/a>? Qu&#8217;est-ce que vous voulez accomplir avec votre espace ext\u00e9rieur ? En r\u00e9pondant \u00e0 ces questions, vous pourrez d\u00e9terminer quel type d&#8217;auvent de terrasse convient le mieux \u00e0 vos besoins.<\/p>\n<h3>\u00c9tablissez votre budget<\/h3>\n<p>Avant de commencer \u00e0 concevoir votre espace ext\u00e9rieur, vous devez \u00e9tablir un budget. Cela vous aidera \u00e0 <strong>\u00e9viter les d\u00e9penses impr\u00e9vues<\/strong> et \u00e0 garder le contr\u00f4le sur vos co\u00fbts. Lors de l&#8217;\u00e9tablissement de votre budget, n&#8217;oubliez pas d&#8217;inclure le co\u00fbt de l&#8217;auvent de terrasse ainsi que les frais d&#8217;installation.<\/p>\n<h2>\u00a0<\/h2>\n<h2>\u00c9tape 2 : Conception de l\u2019auvent<\/h2>\n<p>Une fois que vous avez planifi\u00e9 votre projet d&#8217;auvent de terrasse, il est temps de passer \u00e0 la conception.<\/p>\n<h3>Quel type auvent de terrasse choisir\u00a0?<\/h3>\n<p>Il existe une plusieurs options pour les auvents de terrasse, chacune offrant des avantages uniques. Nous allons passer en revue les options les plus courantes :<\/p>\n<h4>L\u2019auvent fixe<\/h4>\n<p>L&#8217;auvent fixe est un type d&#8217;auvent qui est install\u00e9 de mani\u00e8re permanente. Il est con\u00e7u pour offrir une <strong>protection constante contre les \u00e9l\u00e9ments<\/strong> tels que le soleil, la pluie ou la neige. Il constitue une solution id\u00e9ale si vous recherchez une protection permanente et souhaitez <strong>ajouter une structure solide<\/strong> \u00e0 votre terrasse.<\/p>\n<p>[\/et_pb_text][et_pb_image src=&#8221;https:\/\/www.verandair.com\/wp-content\/uploads\/2023\/05\/auvent-fixe-.png&#8221; alt=&#8221;auvent fixe&#8221; title_text=&#8221;auvent fixe&#8221; align=&#8221;center&#8221; _builder_version=&#8221;4.19.2&#8243; _module_preset=&#8221;default&#8221; custom_margin=&#8221;||||false|false&#8221; global_colors_info=&#8221;{}&#8221; theme_builder_area=&#8221;post_content&#8221;][\/et_pb_image][et_pb_button button_url=&#8221;https:\/\/www.verandair.com\/fr\/pergolas\/auvent-terrasse\/&#8221; button_text=&#8221;D\u00e9couvrir nos auvents fixes&#8221; button_alignment=&#8221;center&#8221; _builder_version=&#8221;4.19.2&#8243; _module_preset=&#8221;default&#8221; global_colors_info=&#8221;{}&#8221; theme_builder_area=&#8221;post_content&#8221;][\/et_pb_button][et_pb_text _builder_version=&#8221;4.19.2&#8243; _module_preset=&#8221;default&#8221; global_colors_info=&#8221;{}&#8221; theme_builder_area=&#8221;post_content&#8221;]<\/p>\n<h4>L\u2019auvent r\u00e9tractable<\/h4>\n<p>Mont\u00e9 sur des rails, il peut \u00eatre <strong>\u00e9tendu ou r\u00e9tract\u00e9<\/strong> en fonction des besoins. Il est souvent fabriqu\u00e9 en alu ou en polyester et peut \u00eatre \u00e9quip\u00e9 d&#8217;un moteur pour un d\u00e9ploiement facile.<\/p>\n<p>Chez V\u00e9randair, nos abris de terrasse r\u00e9tractables constituent une solution polyvalente et \u00e9l\u00e9gante pour prot\u00e9ger votre espace ext\u00e9rieur tout en profitant au maximum. Fabriqu\u00e9s avec une structure en aluminium robuste et un toit en polycarbonate ou en verre raffin\u00e9, ces abris s&#8217;adaptent \u00e0 vos besoins et aux conditions m\u00e9t\u00e9orologiques.<\/p>\n<p>Gr\u00e2ce \u00e0 leur <strong>fonctionnalit\u00e9 r\u00e9tractable<\/strong>, vous pouvez ouvrir ou fermer l&#8217;abri selon vos pr\u00e9f\u00e9rences, offrant ainsi une plus grande <strong>flexibilit\u00e9<\/strong> d&#8217;utilisation et une couverture \u00e9tendue pour votre terrasse, qu\u2019elle soit professionnelle ou \u00e0 usage priv\u00e9.<\/p>\n<p>[\/et_pb_text][et_pb_image src=&#8221;https:\/\/www.verandair.com\/wp-content\/uploads\/2020\/09\/abri-de-terrasse-pour-la-maison.jpeg&#8221; alt=&#8221;abri de terrasse pour la maison&#8221; title_text=&#8221;abri de terrasse pour la maison&#8221; align=&#8221;center&#8221; _builder_version=&#8221;4.19.2&#8243; _module_preset=&#8221;default&#8221; custom_margin=&#8221;20px||||false|false&#8221; global_colors_info=&#8221;{}&#8221; theme_builder_area=&#8221;post_content&#8221;][\/et_pb_image][et_pb_button button_url=&#8221;https:\/\/www.verandair.com\/fr\/veranda\/abri-de-terrasse\/&#8221; button_text=&#8221;En savoir plus sur les abris r\u00e9tractables&#8221; button_alignment=&#8221;center&#8221; _builder_version=&#8221;4.19.2&#8243; _module_preset=&#8221;default&#8221; custom_margin=&#8221;15px||15px||false|false&#8221; global_colors_info=&#8221;{}&#8221; theme_builder_area=&#8221;post_content&#8221;][\/et_pb_button][et_pb_text _builder_version=&#8221;4.19.2&#8243; _module_preset=&#8221;default&#8221; global_colors_info=&#8221;{}&#8221; theme_builder_area=&#8221;post_content&#8221;]<\/p>\n<h4>L\u2019auvent pergola<\/h4>\n<p>L&#8217;auvent <a href=\"https:\/\/www.verandair.com\/fr\/pergolas\/auvent-terrasse\/\">pergola<\/a> est un type d&#8217;auvent qui offre une protection solaire tout en cr\u00e9ant un espace ext\u00e9rieur \u00e9l\u00e9gant et confortable. Il est g\u00e9n\u00e9ralement fabriqu\u00e9 \u00e0 partir de mat\u00e9riaux durables comme le bois ou le m\u00e9tal. L&#8217;auvent pergola peut \u00eatre \u00e9quip\u00e9 de stores ou de panneaux lat\u00e9raux pour une protection suppl\u00e9mentaire contre les intemp\u00e9ries.<\/p>\n<p>[\/et_pb_text][et_pb_image src=&#8221;https:\/\/www.verandair.com\/wp-content\/uploads\/2022\/08\/pergola-verandair-7.jpeg&#8221; alt=&#8221;veranda retractable en aluminium Verandair&#8221; title_text=&#8221;pergola-verandair-7&#8243; align=&#8221;center&#8221; _builder_version=&#8221;4.19.2&#8243; _module_preset=&#8221;default&#8221; global_colors_info=&#8221;{}&#8221; theme_builder_area=&#8221;post_content&#8221;][\/et_pb_image][et_pb_button button_url=&#8221;https:\/\/www.verandair.com\/fr\/pergolas\/auvent-terrasse\/&#8221; button_text=&#8221;D\u00e9couvrez nos r\u00e9alisations &#8221; button_alignment=&#8221;center&#8221; _builder_version=&#8221;4.24.2&#8243; _module_preset=&#8221;default&#8221; custom_margin=&#8221;15px||15px||false|false&#8221; global_colors_info=&#8221;{}&#8221; theme_builder_area=&#8221;post_content&#8221;][\/et_pb_button][et_pb_text _builder_version=&#8221;4.19.2&#8243; _module_preset=&#8221;default&#8221; global_colors_info=&#8221;{}&#8221; theme_builder_area=&#8221;post_content&#8221;]<\/p>\n<h3>Ajouter des accessoires<\/h3>\n<p>En plus de l&#8217;auvent de terrasse lui-m\u00eame, vous pouvez ajouter des accessoires pour am\u00e9liorer encore plus votre espace ext\u00e9rieur. Les accessoires les plus courants incluent :<\/p>\n<ul>\n<li><strong>L\u2019\u00e9clairage ext\u00e9rieur<\/strong>: accrochez des leds ou des guirlandes lumineuses \u00e0 votre auvent pour un espace cocooning et lumineux m\u00eame en soir\u00e9e.<\/li>\n<li><strong>Le chauffage de terrasse<\/strong>: les chauffages d\u2019ext\u00e9rieur vous permettent de profiter de votre terrasse durant les soir\u00e9es fra\u00eeches.<\/li>\n<li><strong>Les plantes et fleurs<\/strong>: ajoutez de la verdure sur votre terrasse, ou des plantes grimpantes sur votre auvent, pour embellir votre terrasse et l\u2019int\u00e9grer harmonieusement dans votre espace ext\u00e9rieur.<\/li>\n<\/ul>\n<p>&nbsp;<\/p>\n<p>[\/et_pb_text][et_pb_image src=&#8221;https:\/\/www.verandair.com\/wp-content\/uploads\/2023\/05\/23.png&#8221; alt=&#8221;pergola avec des plantes&#8221; title_text=&#8221;23&#8243; align=&#8221;center&#8221; _builder_version=&#8221;4.19.2&#8243; _module_preset=&#8221;default&#8221; global_colors_info=&#8221;{}&#8221; theme_builder_area=&#8221;post_content&#8221;][\/et_pb_image][et_pb_text _builder_version=&#8221;4.27.0&#8243; _module_preset=&#8221;default&#8221; hover_enabled=&#8221;0&#8243; global_colors_info=&#8221;{}&#8221; theme_builder_area=&#8221;post_content&#8221; sticky_enabled=&#8221;0&#8243;]<\/p>\n<h2><\/h2>\n<h2>\u00c9tape 3 : Installation de l\u2019auvent<\/h2>\n<p>Une fois que vous avez con\u00e7u votre espace ext\u00e9rieur et choisi votre auvent de terrasse, il est temps de passer \u00e0 l&#8217;installation. Voici les \u00e9tapes cl\u00e9s \u00e0 suivre pour une installation r\u00e9ussie :<\/p>\n<h3>Installation de l&#8217;auvent de l\u2019auvent de terrasse<\/h3>\n<p>Commencez par pr\u00e9parer l&#8217;emplacement de l&#8217;auvent en vous assurant que la surface est propre et plane. Assurez-vous \u00e9galement d&#8217;avoir les <strong>outils<\/strong> n\u00e9cessaires pour l&#8217;installation, tels que des vis, des chevilles et un marteau.<\/p>\n<h3>Fixation de l&#8217;auvent \u00e0 la structure de la terrasse<\/h3>\n<p>Selon le type d&#8217;auvent que vous avez choisi, vous devrez le <strong>fixer<\/strong> \u00e0 la structure de la terrasse. Suivez attentivement les instructions du fabricant pour cette \u00e9tape. Assurez-vous que l&#8217;auvent est solidement fix\u00e9 et stable.<\/p>\n<h3>V\u00e9rification de l&#8217;\u00e9tanch\u00e9it\u00e9<\/h3>\n<p>Pour garantir que votre auvent de terrasse est \u00e9tanche, <strong>v\u00e9rifiez les joints et les coutures<\/strong> pour vous assurer qu&#8217;il n&#8217;y a pas de fuites. Vous pouvez \u00e9galement appliquer un scellant imperm\u00e9able pour une protection suppl\u00e9mentaire contre les intemp\u00e9ries.<\/p>\n<p>&nbsp;<\/p>\n<h2>\u00c9tape 4 : D\u00e9coration et am\u00e9nagement<\/h2>\n<p>Maintenant que votre auvent de terrasse est install\u00e9, il est temps de le d\u00e9corer et de l&#8217;am\u00e9nager pour cr\u00e9er un espace ext\u00e9rieur \u00e9l\u00e9gant et confortable. Voici quelques conseils pour vous aider :<\/p>\n<h3>Choisissez des meubles de terrasse<\/h3>\n<p>Optez pour des meubles confortables et durables <strong>qui r\u00e9sistent aux \u00e9l\u00e9ments ext\u00e9rieurs<\/strong>. Les coussins et les textiles r\u00e9sistants aux intemp\u00e9ries sont \u00e9galement recommand\u00e9s pour un confort accru.<\/p>\n<h3>Cr\u00e9ation d&#8217;espaces fonctionnels<\/h3>\n<p>Divisez votre terrasse en zones fonctionnelles, telles qu&#8217;un <strong>coin repas<\/strong>, un <strong>espace de d\u00e9tente<\/strong> et une zone de loisirs. Cela permettra d&#8217;<strong>optimiser<\/strong> l&#8217;utilisation de l&#8217;espace et de cr\u00e9er une atmosph\u00e8re conviviale.<\/p>\n<p>&nbsp;<\/p>\n<h2>Conclusion<\/h2>\n<p>En suivant ces \u00e9tapes, vous pouvez cr\u00e9er un espace <strong>ext\u00e9rieur \u00e9l\u00e9gant et confortable<\/strong> avec <a href=\"https:\/\/www.verandair.com\/fr\/pergolas\/auvent-terrasse\/\">un auvent de terrasse<\/a>. Que vous souhaitiez profiter de d\u00eeners en plein air, vous d\u00e9tendre avec un livre ou passer du temps de qualit\u00e9 en famille, votre terrasse deviendra un lieu accueillant et agr\u00e9able. N&#8217;oubliez pas de planifier soigneusement, de choisir le bon auvent de terrasse, de suivre les \u00e9tapes d&#8217;installation et de d\u00e9corer avec style.<\/p>\n<p>&nbsp;<\/p>\n<p>&nbsp;<\/p>\n<p>[\/et_pb_text][\/et_pb_column][\/et_pb_row][\/et_pb_section][et_pb_section fb_built=&#8221;1&#8243; _builder_version=&#8221;4.19.2&#8243; background_color=&#8221;#f2f2f2&#8243; custom_padding=&#8221;10px||30px||false|false&#8221; global_colors_info=&#8221;{}&#8221; theme_builder_area=&#8221;post_content&#8221;][et_pb_row make_equal=&#8221;on&#8221; _builder_version=&#8221;4.16&#8243; background_color=&#8221;#f2f2f2&#8243; custom_padding=&#8221;30px|30px|10px|30px&#8221; global_colors_info=&#8221;{}&#8221; theme_builder_area=&#8221;post_content&#8221;][et_pb_column type=&#8221;4_4&#8243; module_class=&#8221;callto&#8221; _builder_version=&#8221;4.16&#8243; custom_padding=&#8221;|||&#8221; custom_css_main_element=&#8221;margin: auto;&#8221; global_colors_info=&#8221;{}&#8221; custom_padding__hover=&#8221;|||&#8221; theme_builder_area=&#8221;post_content&#8221;][et_pb_text _builder_version=&#8221;4.19.2&#8243; text_text_color=&#8221;#494949&#8243; text_font_size=&#8221;29px&#8221; custom_margin=&#8221;||0px|&#8221; custom_padding=&#8221;||0px|&#8221; global_colors_info=&#8221;{}&#8221; theme_builder_area=&#8221;post_content&#8221;]<\/p>\n<p style=\"text-align: center;\">\u00cates-vous pr\u00eat \u00e0 <strong>transformer<\/strong> votre ext\u00e9rieur ?<\/p>\n<p>[\/et_pb_text][et_pb_button button_url=&#8221;https:\/\/www.verandair.com\/fr\/contact\/&#8221; button_text=&#8221;Passez nous voir en showroom ! &#8221; button_alignment=&#8221;center&#8221; module_id=&#8221;calltobtnn&#8221; _builder_version=&#8221;4.24.2&#8243; custom_margin=&#8221;20px||0px|&#8221; global_colors_info=&#8221;{}&#8221; theme_builder_area=&#8221;post_content&#8221;][\/et_pb_button][\/et_pb_column][\/et_pb_row][\/et_pb_section]<\/p>\n","protected":false},"excerpt":{"rendered":"<p>Dans cet article, nous allons examiner comment vous pouvez cr\u00e9er un espace ext\u00e9rieur \u00e9l\u00e9gant et confortable avec un auvent de terrasse. Nous allons couvrir tout ce que vous devez savoir, y compris la planification, la conception, l&#8217;installation et l&#8217;entretien.<\/p>\n","protected":false},"author":4,"featured_media":50900,"comment_status":"closed","ping_status":"closed","sticky":false,"template":"","format":"standard","meta":{"_acf_changed":false,"_et_pb_use_builder":"on","_et_pb_old_content":"","_et_gb_content_width":"","inline_featured_image":false,"footnotes":""},"categories":[41],"tags":[],"class_list":["post-50897","post","type-post","status-publish","format-standard","has-post-thumbnail","hentry","category-auvent"],"acf":[],"yoast_head":"<!-- This site is optimized with the Yoast SEO plugin v27.5 - https:\/\/yoast.com\/product\/yoast-seo-wordpress\/ -->\n<title>Auvent de terrasse: pour un espace ext\u00e9rieur \u00e9l\u00e9gant et confortable<\/title>\n<meta name=\"description\" content=\"D\u00e9couvrez les possibilit\u00e9s offertes par les auvents, pour am\u00e9liorer votre terrasse et cr\u00e9er un ext\u00e9rieur fonctionnel!\" \/>\n<meta name=\"robots\" content=\"index, follow, max-snippet:-1, max-image-preview:large, max-video-preview:-1\" \/>\n<link rel=\"canonical\" href=\"https:\/\/www.verandair.com\/fr\/auvent-terrasse-espace-elegant-confortable\/\" \/>\n<meta property=\"og:locale\" content=\"fr_FR\" \/>\n<meta property=\"og:type\" content=\"article\" \/>\n<meta property=\"og:title\" content=\"Auvent de terrasse: pour un espace ext\u00e9rieur \u00e9l\u00e9gant et confortable\" \/>\n<meta property=\"og:description\" content=\"D\u00e9couvrez les possibilit\u00e9s offertes par les auvents, pour am\u00e9liorer votre terrasse et cr\u00e9er un ext\u00e9rieur fonctionnel!\" \/>\n<meta property=\"og:url\" content=\"https:\/\/www.verandair.com\/fr\/auvent-terrasse-espace-elegant-confortable\/\" \/>\n<meta property=\"og:site_name\" content=\"VERANDAIR\u00ae\" \/>\n<meta property=\"article:published_time\" content=\"2023-07-16T05:20:46+00:00\" \/>\n<meta property=\"article:modified_time\" content=\"2024-09-10T14:31:39+00:00\" \/>\n<meta property=\"og:image\" content=\"https:\/\/www.verandair.com\/wp-content\/uploads\/2023\/05\/pexels-athena-2962009.jpg\" \/>\n\t<meta property=\"og:image:width\" content=\"800\" \/>\n\t<meta property=\"og:image:height\" content=\"1200\" \/>\n\t<meta property=\"og:image:type\" content=\"image\/jpeg\" \/>\n<meta name=\"author\" content=\"caro\" \/>\n<meta name=\"twitter:card\" content=\"summary_large_image\" \/>\n<meta name=\"twitter:label1\" content=\"\u00c9crit par\" \/>\n\t<meta name=\"twitter:data1\" content=\"caro\" \/>\n\t<meta name=\"twitter:label2\" content=\"Dur\u00e9e de lecture estim\u00e9e\" \/>\n\t<meta name=\"twitter:data2\" content=\"7 minutes\" \/>\n<script type=\"application\/ld+json\" class=\"yoast-schema-graph\">{\"@context\":\"https:\\\/\\\/schema.org\",\"@graph\":[{\"@type\":\"Article\",\"@id\":\"https:\\\/\\\/www.verandair.com\\\/fr\\\/auvent-terrasse-espace-elegant-confortable\\\/#article\",\"isPartOf\":{\"@id\":\"https:\\\/\\\/www.verandair.com\\\/fr\\\/auvent-terrasse-espace-elegant-confortable\\\/\"},\"author\":{\"name\":\"caro\",\"@id\":\"https:\\\/\\\/www.verandair.com\\\/fr\\\/#\\\/schema\\\/person\\\/af737cd43f080163882becebbd86c4db\"},\"headline\":\"Auvent de terrasse : comment cr\u00e9er un espace ext\u00e9rieur \u00e9l\u00e9gant et confortable\",\"datePublished\":\"2023-07-16T05:20:46+00:00\",\"dateModified\":\"2024-09-10T14:31:39+00:00\",\"mainEntityOfPage\":{\"@id\":\"https:\\\/\\\/www.verandair.com\\\/fr\\\/auvent-terrasse-espace-elegant-confortable\\\/\"},\"wordCount\":1770,\"publisher\":{\"@id\":\"https:\\\/\\\/www.verandair.com\\\/fr\\\/#organization\"},\"image\":{\"@id\":\"https:\\\/\\\/www.verandair.com\\\/fr\\\/auvent-terrasse-espace-elegant-confortable\\\/#primaryimage\"},\"thumbnailUrl\":\"https:\\\/\\\/www.verandair.com\\\/wp-content\\\/uploads\\\/2023\\\/05\\\/pexels-athena-2962009.jpg\",\"articleSection\":[\"Auvent\"],\"inLanguage\":\"fr-FR\"},{\"@type\":\"WebPage\",\"@id\":\"https:\\\/\\\/www.verandair.com\\\/fr\\\/auvent-terrasse-espace-elegant-confortable\\\/\",\"url\":\"https:\\\/\\\/www.verandair.com\\\/fr\\\/auvent-terrasse-espace-elegant-confortable\\\/\",\"name\":\"Auvent de terrasse: pour un espace ext\u00e9rieur \u00e9l\u00e9gant et confortable\",\"isPartOf\":{\"@id\":\"https:\\\/\\\/www.verandair.com\\\/fr\\\/#website\"},\"primaryImageOfPage\":{\"@id\":\"https:\\\/\\\/www.verandair.com\\\/fr\\\/auvent-terrasse-espace-elegant-confortable\\\/#primaryimage\"},\"image\":{\"@id\":\"https:\\\/\\\/www.verandair.com\\\/fr\\\/auvent-terrasse-espace-elegant-confortable\\\/#primaryimage\"},\"thumbnailUrl\":\"https:\\\/\\\/www.verandair.com\\\/wp-content\\\/uploads\\\/2023\\\/05\\\/pexels-athena-2962009.jpg\",\"datePublished\":\"2023-07-16T05:20:46+00:00\",\"dateModified\":\"2024-09-10T14:31:39+00:00\",\"description\":\"D\u00e9couvrez les possibilit\u00e9s offertes par les auvents, pour am\u00e9liorer votre terrasse et cr\u00e9er un ext\u00e9rieur fonctionnel!\",\"breadcrumb\":{\"@id\":\"https:\\\/\\\/www.verandair.com\\\/fr\\\/auvent-terrasse-espace-elegant-confortable\\\/#breadcrumb\"},\"inLanguage\":\"fr-FR\",\"potentialAction\":[{\"@type\":\"ReadAction\",\"target\":[\"https:\\\/\\\/www.verandair.com\\\/fr\\\/auvent-terrasse-espace-elegant-confortable\\\/\"]}]},{\"@type\":\"ImageObject\",\"inLanguage\":\"fr-FR\",\"@id\":\"https:\\\/\\\/www.verandair.com\\\/fr\\\/auvent-terrasse-espace-elegant-confortable\\\/#primaryimage\",\"url\":\"https:\\\/\\\/www.verandair.com\\\/wp-content\\\/uploads\\\/2023\\\/05\\\/pexels-athena-2962009.jpg\",\"contentUrl\":\"https:\\\/\\\/www.verandair.com\\\/wp-content\\\/uploads\\\/2023\\\/05\\\/pexels-athena-2962009.jpg\",\"width\":800,\"height\":1200,\"caption\":\"Auvent de terrasse d\u00e9cor\u00e9 avec des petites lampes\"},{\"@type\":\"BreadcrumbList\",\"@id\":\"https:\\\/\\\/www.verandair.com\\\/fr\\\/auvent-terrasse-espace-elegant-confortable\\\/#breadcrumb\",\"itemListElement\":[{\"@type\":\"ListItem\",\"position\":1,\"name\":\"Accueil\",\"item\":{\"@type\":\"WebPage\",\"@id\":\"https:\\\/\\\/www.verandair.com\\\/fr\\\/\",\"name\":\"Accueil\"}},{\"@type\":\"ListItem\",\"position\":2,\"name\":\"Auvent de terrasse : comment cr\u00e9er un espace ext\u00e9rieur \u00e9l\u00e9gant et confortable\"}]},{\"@type\":\"WebSite\",\"@id\":\"https:\\\/\\\/www.verandair.com\\\/fr\\\/#website\",\"url\":\"https:\\\/\\\/www.verandair.com\\\/fr\\\/\",\"name\":\"VERANDAIR\u00ae\",\"description\":\"\",\"publisher\":{\"@id\":\"https:\\\/\\\/www.verandair.com\\\/fr\\\/#organization\"},\"potentialAction\":[{\"@type\":\"SearchAction\",\"target\":{\"@type\":\"EntryPoint\",\"urlTemplate\":\"https:\\\/\\\/www.verandair.com\\\/fr\\\/?s={search_term_string}\"},\"query-input\":{\"@type\":\"PropertyValueSpecification\",\"valueRequired\":true,\"valueName\":\"search_term_string\"}}],\"inLanguage\":\"fr-FR\"},{\"@type\":\"Organization\",\"@id\":\"https:\\\/\\\/www.verandair.com\\\/fr\\\/#organization\",\"name\":\"Verandair\",\"url\":\"https:\\\/\\\/www.verandair.com\\\/fr\\\/\",\"logo\":{\"@type\":\"ImageObject\",\"inLanguage\":\"fr-FR\",\"@id\":\"https:\\\/\\\/www.verandair.com\\\/fr\\\/#\\\/schema\\\/logo\\\/image\\\/\",\"url\":\"https:\\\/\\\/www.verandair.com\\\/wp-content\\\/uploads\\\/2024\\\/06\\\/VERANDAIR-logo.png\",\"contentUrl\":\"https:\\\/\\\/www.verandair.com\\\/wp-content\\\/uploads\\\/2024\\\/06\\\/VERANDAIR-logo.png\",\"width\":283,\"height\":127,\"caption\":\"Verandair\"},\"image\":{\"@id\":\"https:\\\/\\\/www.verandair.com\\\/fr\\\/#\\\/schema\\\/logo\\\/image\\\/\"}},{\"@type\":\"Person\",\"@id\":\"https:\\\/\\\/www.verandair.com\\\/fr\\\/#\\\/schema\\\/person\\\/af737cd43f080163882becebbd86c4db\",\"name\":\"caro\",\"image\":{\"@type\":\"ImageObject\",\"inLanguage\":\"fr-FR\",\"@id\":\"https:\\\/\\\/secure.gravatar.com\\\/avatar\\\/4c356829a7552d3573f0151ea3bcc417616acba472a5e3565de5ae3a5b614aab?s=96&d=mm&r=g\",\"url\":\"https:\\\/\\\/secure.gravatar.com\\\/avatar\\\/4c356829a7552d3573f0151ea3bcc417616acba472a5e3565de5ae3a5b614aab?s=96&d=mm&r=g\",\"contentUrl\":\"https:\\\/\\\/secure.gravatar.com\\\/avatar\\\/4c356829a7552d3573f0151ea3bcc417616acba472a5e3565de5ae3a5b614aab?s=96&d=mm&r=g\",\"caption\":\"caro\"}}]}<\/script>\n<!-- \/ Yoast SEO plugin. -->","yoast_head_json":{"title":"Auvent de terrasse: pour un espace ext\u00e9rieur \u00e9l\u00e9gant et confortable","description":"D\u00e9couvrez les possibilit\u00e9s offertes par les auvents, pour am\u00e9liorer votre terrasse et cr\u00e9er un ext\u00e9rieur fonctionnel!","robots":{"index":"index","follow":"follow","max-snippet":"max-snippet:-1","max-image-preview":"max-image-preview:large","max-video-preview":"max-video-preview:-1"},"canonical":"https:\/\/www.verandair.com\/fr\/auvent-terrasse-espace-elegant-confortable\/","og_locale":"fr_FR","og_type":"article","og_title":"Auvent de terrasse: pour un espace ext\u00e9rieur \u00e9l\u00e9gant et confortable","og_description":"D\u00e9couvrez les possibilit\u00e9s offertes par les auvents, pour am\u00e9liorer votre terrasse et cr\u00e9er un ext\u00e9rieur fonctionnel!","og_url":"https:\/\/www.verandair.com\/fr\/auvent-terrasse-espace-elegant-confortable\/","og_site_name":"VERANDAIR\u00ae","article_published_time":"2023-07-16T05:20:46+00:00","article_modified_time":"2024-09-10T14:31:39+00:00","og_image":[{"width":800,"height":1200,"url":"https:\/\/www.verandair.com\/wp-content\/uploads\/2023\/05\/pexels-athena-2962009.jpg","type":"image\/jpeg"}],"author":"caro","twitter_card":"summary_large_image","twitter_misc":{"\u00c9crit par":"caro","Dur\u00e9e de lecture estim\u00e9e":"7 minutes"},"schema":{"@context":"https:\/\/schema.org","@graph":[{"@type":"Article","@id":"https:\/\/www.verandair.com\/fr\/auvent-terrasse-espace-elegant-confortable\/#article","isPartOf":{"@id":"https:\/\/www.verandair.com\/fr\/auvent-terrasse-espace-elegant-confortable\/"},"author":{"name":"caro","@id":"https:\/\/www.verandair.com\/fr\/#\/schema\/person\/af737cd43f080163882becebbd86c4db"},"headline":"Auvent de terrasse : comment cr\u00e9er un espace ext\u00e9rieur \u00e9l\u00e9gant et confortable","datePublished":"2023-07-16T05:20:46+00:00","dateModified":"2024-09-10T14:31:39+00:00","mainEntityOfPage":{"@id":"https:\/\/www.verandair.com\/fr\/auvent-terrasse-espace-elegant-confortable\/"},"wordCount":1770,"publisher":{"@id":"https:\/\/www.verandair.com\/fr\/#organization"},"image":{"@id":"https:\/\/www.verandair.com\/fr\/auvent-terrasse-espace-elegant-confortable\/#primaryimage"},"thumbnailUrl":"https:\/\/www.verandair.com\/wp-content\/uploads\/2023\/05\/pexels-athena-2962009.jpg","articleSection":["Auvent"],"inLanguage":"fr-FR"},{"@type":"WebPage","@id":"https:\/\/www.verandair.com\/fr\/auvent-terrasse-espace-elegant-confortable\/","url":"https:\/\/www.verandair.com\/fr\/auvent-terrasse-espace-elegant-confortable\/","name":"Auvent de terrasse: pour un espace ext\u00e9rieur \u00e9l\u00e9gant et confortable","isPartOf":{"@id":"https:\/\/www.verandair.com\/fr\/#website"},"primaryImageOfPage":{"@id":"https:\/\/www.verandair.com\/fr\/auvent-terrasse-espace-elegant-confortable\/#primaryimage"},"image":{"@id":"https:\/\/www.verandair.com\/fr\/auvent-terrasse-espace-elegant-confortable\/#primaryimage"},"thumbnailUrl":"https:\/\/www.verandair.com\/wp-content\/uploads\/2023\/05\/pexels-athena-2962009.jpg","datePublished":"2023-07-16T05:20:46+00:00","dateModified":"2024-09-10T14:31:39+00:00","description":"D\u00e9couvrez les possibilit\u00e9s offertes par les auvents, pour am\u00e9liorer votre terrasse et cr\u00e9er un ext\u00e9rieur fonctionnel!","breadcrumb":{"@id":"https:\/\/www.verandair.com\/fr\/auvent-terrasse-espace-elegant-confortable\/#breadcrumb"},"inLanguage":"fr-FR","potentialAction":[{"@type":"ReadAction","target":["https:\/\/www.verandair.com\/fr\/auvent-terrasse-espace-elegant-confortable\/"]}]},{"@type":"ImageObject","inLanguage":"fr-FR","@id":"https:\/\/www.verandair.com\/fr\/auvent-terrasse-espace-elegant-confortable\/#primaryimage","url":"https:\/\/www.verandair.com\/wp-content\/uploads\/2023\/05\/pexels-athena-2962009.jpg","contentUrl":"https:\/\/www.verandair.com\/wp-content\/uploads\/2023\/05\/pexels-athena-2962009.jpg","width":800,"height":1200,"caption":"Auvent de terrasse d\u00e9cor\u00e9 avec des petites lampes"},{"@type":"BreadcrumbList","@id":"https:\/\/www.verandair.com\/fr\/auvent-terrasse-espace-elegant-confortable\/#breadcrumb","itemListElement":[{"@type":"ListItem","position":1,"name":"Accueil","item":{"@type":"WebPage","@id":"https:\/\/www.verandair.com\/fr\/","name":"Accueil"}},{"@type":"ListItem","position":2,"name":"Auvent de terrasse : comment cr\u00e9er un espace ext\u00e9rieur \u00e9l\u00e9gant et confortable"}]},{"@type":"WebSite","@id":"https:\/\/www.verandair.com\/fr\/#website","url":"https:\/\/www.verandair.com\/fr\/","name":"VERANDAIR\u00ae","description":"","publisher":{"@id":"https:\/\/www.verandair.com\/fr\/#organization"},"potentialAction":[{"@type":"SearchAction","target":{"@type":"EntryPoint","urlTemplate":"https:\/\/www.verandair.com\/fr\/?s={search_term_string}"},"query-input":{"@type":"PropertyValueSpecification","valueRequired":true,"valueName":"search_term_string"}}],"inLanguage":"fr-FR"},{"@type":"Organization","@id":"https:\/\/www.verandair.com\/fr\/#organization","name":"Verandair","url":"https:\/\/www.verandair.com\/fr\/","logo":{"@type":"ImageObject","inLanguage":"fr-FR","@id":"https:\/\/www.verandair.com\/fr\/#\/schema\/logo\/image\/","url":"https:\/\/www.verandair.com\/wp-content\/uploads\/2024\/06\/VERANDAIR-logo.png","contentUrl":"https:\/\/www.verandair.com\/wp-content\/uploads\/2024\/06\/VERANDAIR-logo.png","width":283,"height":127,"caption":"Verandair"},"image":{"@id":"https:\/\/www.verandair.com\/fr\/#\/schema\/logo\/image\/"}},{"@type":"Person","@id":"https:\/\/www.verandair.com\/fr\/#\/schema\/person\/af737cd43f080163882becebbd86c4db","name":"caro","image":{"@type":"ImageObject","inLanguage":"fr-FR","@id":"https:\/\/secure.gravatar.com\/avatar\/4c356829a7552d3573f0151ea3bcc417616acba472a5e3565de5ae3a5b614aab?s=96&d=mm&r=g","url":"https:\/\/secure.gravatar.com\/avatar\/4c356829a7552d3573f0151ea3bcc417616acba472a5e3565de5ae3a5b614aab?s=96&d=mm&r=g","contentUrl":"https:\/\/secure.gravatar.com\/avatar\/4c356829a7552d3573f0151ea3bcc417616acba472a5e3565de5ae3a5b614aab?s=96&d=mm&r=g","caption":"caro"}}]}},"_links":{"self":[{"href":"https:\/\/www.verandair.com\/fr\/wp-json\/wp\/v2\/posts\/50897","targetHints":{"allow":["GET"]}}],"collection":[{"href":"https:\/\/www.verandair.com\/fr\/wp-json\/wp\/v2\/posts"}],"about":[{"href":"https:\/\/www.verandair.com\/fr\/wp-json\/wp\/v2\/types\/post"}],"author":[{"embeddable":true,"href":"https:\/\/www.verandair.com\/fr\/wp-json\/wp\/v2\/users\/4"}],"replies":[{"embeddable":true,"href":"https:\/\/www.verandair.com\/fr\/wp-json\/wp\/v2\/comments?post=50897"}],"version-history":[{"count":3,"href":"https:\/\/www.verandair.com\/fr\/wp-json\/wp\/v2\/posts\/50897\/revisions"}],"predecessor-version":[{"id":64212,"href":"https:\/\/www.verandair.com\/fr\/wp-json\/wp\/v2\/posts\/50897\/revisions\/64212"}],"wp:featuredmedia":[{"embeddable":true,"href":"https:\/\/www.verandair.com\/fr\/wp-json\/wp\/v2\/media\/50900"}],"wp:attachment":[{"href":"https:\/\/www.verandair.com\/fr\/wp-json\/wp\/v2\/media?parent=50897"}],"wp:term":[{"taxonomy":"category","embeddable":true,"href":"https:\/\/www.verandair.com\/fr\/wp-json\/wp\/v2\/categories?post=50897"},{"taxonomy":"post_tag","embeddable":true,"href":"https:\/\/www.verandair.com\/fr\/wp-json\/wp\/v2\/tags?post=50897"}],"curies":[{"name":"wp","href":"https:\/\/api.w.org\/{rel}","templated":true}]}}