{"id":50937,"date":"2023-08-26T08:05:45","date_gmt":"2023-08-26T06:05:45","guid":{"rendered":"https:\/\/www.verandair.com\/?p=50937"},"modified":"2024-09-09T15:04:24","modified_gmt":"2024-09-09T13:04:24","slug":"avantages-pergola-mobile","status":"publish","type":"post","link":"https:\/\/www.verandair.com\/fr\/avantages-pergola-mobile\/","title":{"rendered":"Avantages d&#8217;une pergola mobile : la solution id\u00e9ale pour votre ext\u00e9rieur!"},"content":{"rendered":"<p>[et_pb_section fb_built=&#8221;1&#8243; _builder_version=&#8221;4.19.2&#8243; _module_preset=&#8221;default&#8221; global_colors_info=&#8221;{}&#8221; theme_builder_area=&#8221;post_content&#8221;][et_pb_row _builder_version=&#8221;4.19.2&#8243; _module_preset=&#8221;default&#8221; global_colors_info=&#8221;{}&#8221; theme_builder_area=&#8221;post_content&#8221;][et_pb_column type=&#8221;4_4&#8243; _builder_version=&#8221;4.19.2&#8243; _module_preset=&#8221;default&#8221; global_colors_info=&#8221;{}&#8221; theme_builder_area=&#8221;post_content&#8221;][et_pb_text _builder_version=&#8221;4.27.0&#8243; _module_preset=&#8221;default&#8221; hover_enabled=&#8221;0&#8243; global_colors_info=&#8221;{}&#8221; theme_builder_area=&#8221;post_content&#8221; sticky_enabled=&#8221;0&#8243;]<\/p>\n<p>Vous r\u00eavez d&#8217;une pergola qui s&#8217;adapte parfaitement \u00e0 votre style de vie et \u00e0 votre jardin ? Nous vous pr\u00e9sentons deux solutions parfaites : la <a href=\"https:\/\/www.verandair.com\/fr\/pergolas\/pergola-bioclimatique\/\">pergola bioclimatique<\/a> et l&#8217;abri de terrasse r\u00e9tractable, deux options mobiles qui combinent mobilit\u00e9, fonctionnalit\u00e9 et esth\u00e9tisme.<\/p>\n<p>&nbsp;<\/p>\n<h2>La pergola bioclimatique, une mobilit\u00e9 sans limites<\/h2>\n<p>Imaginez une <a href=\"https:\/\/www.verandair.com\/fr\/pergolas\/veranda-bioclimatique-retractable\/\">pergola mobile autoportante<\/a>, construite sur 4 pieds, qui peut \u00eatre <strong>plac\u00e9e o\u00f9 bon vous semble<\/strong> dans votre jardin. Que ce soit pr\u00e8s de la piscine, sur la terrasse ou m\u00eame au fond du jardin, cette pergola mobile s&#8217;adapte \u00e0 vos envies.<\/p>\n<p>Son toit est \u00e9galement mobile, gr\u00e2ce \u00e0 ses <strong>lames orientables<\/strong>. Vous avez donc le contr\u00f4le total sur la quantit\u00e9 de lumi\u00e8re et d&#8217;ombre que vous souhaitez, vous permettant ainsi de cr\u00e9er l&#8217;ambiance parfaite en toute saison.<\/p>\n<p>[\/et_pb_text][et_pb_image src=&#8221;https:\/\/www.verandair.com\/wp-content\/uploads\/2021\/10\/120455746_3529330580447881_1846351186791920654_n.jpg&#8221; alt=&#8221;mod\u00e8le d&#8217;une pergola bioclimatique qui est pos\u00e9e sur la terrasse du toit d&#8217;une maison et qui fait office de salon de d\u00e9tente&#8221; title_text=&#8221;120455746_3529330580447881_1846351186791920654_n&#8221; align=&#8221;center&#8221; _builder_version=&#8221;4.19.2&#8243; _module_preset=&#8221;default&#8221; custom_margin=&#8221;20px||20px||false|false&#8221; global_colors_info=&#8221;{}&#8221; theme_builder_area=&#8221;post_content&#8221;][\/et_pb_image][et_pb_button button_url=&#8221;https:\/\/www.verandair.com\/fr\/pergolas\/pergola-bioclimatique\/&#8221; button_text=&#8221;Voir d\u2019autres r\u00e9alisations&#8221; button_alignment=&#8221;center&#8221; _builder_version=&#8221;4.24.2&#8243; _module_preset=&#8221;default&#8221; custom_margin=&#8221;20px||||false|false&#8221; global_colors_info=&#8221;{}&#8221; theme_builder_area=&#8221;post_content&#8221;][\/et_pb_button][et_pb_text _builder_version=&#8221;4.19.2&#8243; _module_preset=&#8221;default&#8221; global_colors_info=&#8221;{}&#8221; theme_builder_area=&#8221;post_content&#8221;]<\/p>\n<h2>L&#8217;abri de terrasse r\u00e9tractable, une mobilit\u00e9 \u00e0 votre convenance<\/h2>\n<p>Vous recherchez une <strong>solution plus flexible<\/strong> pour votre terrasse ? Notre <a href=\"https:\/\/www.verandair.com\/fr\/abri-de-terrasse\/\">abri de terrasse r\u00e9tractable<\/a> est fait pour vous. Gr\u00e2ce \u00e0 son <strong>syst\u00e8me d&#8217;ouverture et de fermeture<\/strong>, vous pouvez ajuster la couverture selon vos besoins. Besoin d&#8217;un peu plus d&#8217;espace pour profiter du soleil ? Pas de probl\u00e8me, l&#8217;abri se r\u00e9tracte facilement. Envie de vous prot\u00e9ger des intemp\u00e9ries ? Il vous suffit de le d\u00e9ployer pour cr\u00e9er un espace abrit\u00e9 et confortable. Cette mobilit\u00e9 vous offre une <strong>libert\u00e9 totale<\/strong> pour profiter de votre terrasse tout au long de l&#8217;ann\u00e9e, quelles que soient les conditions m\u00e9t\u00e9orologiques.<\/p>\n<p>[\/et_pb_text][et_pb_image src=&#8221;https:\/\/www.verandair.com\/wp-content\/uploads\/2021\/10\/IMG_9563.jpg&#8221; alt=&#8221;mod\u00e8le d&#8217;une pergola bioclimatique qui est pos\u00e9e sur la terrasse du toit d&#8217;une maison et qui fait office de salon de d\u00e9tente&#8221; title_text=&#8221;IMG_9563&#8243; align=&#8221;center&#8221; _builder_version=&#8221;4.19.2&#8243; _module_preset=&#8221;default&#8221; custom_margin=&#8221;20px||20px||false|false&#8221; global_colors_info=&#8221;{}&#8221; theme_builder_area=&#8221;post_content&#8221;][\/et_pb_image][et_pb_text _builder_version=&#8221;4.27.0&#8243; _module_preset=&#8221;default&#8221; custom_margin=&#8221;40px||||false|false&#8221; hover_enabled=&#8221;0&#8243; global_colors_info=&#8221;{}&#8221; theme_builder_area=&#8221;post_content&#8221; sticky_enabled=&#8221;0&#8243;]<\/p>\n<h2>Venez d\u00e9couvrir nos pergolas mobiles en magasin !<\/h2>\n<p>Chez V\u00e9randair, nous comprenons l&#8217;importance de <strong>trouver la solution parfaite<\/strong> pour votre espace ext\u00e9rieur. C&#8217;est pourquoi nous vous invitons \u00e0 vous rendre dans notre magasin pour d\u00e9couvrir nos <a href=\"https:\/\/www.verandair.com\/fr\/pergolas\/pergola-bioclimatique\/\">pergolas bioclimatiques<\/a> et nos abris de terrasse r\u00e9tractables. Notre \u00e9quipe d&#8217;experts sera l\u00e0 pour vous conseiller et vous pr\u00e9senter toutes les options disponibles<\/p>\n<p>Si vous le souhaitez, nous vous r\u00e9alisons un devis gratuit, personnalis\u00e9 selon vos besoins et votre budget.<\/p>\n<p>Ne laissez pas votre espace ext\u00e9rieur inutilis\u00e9, optez pour une <a href=\"https:\/\/www.verandair.com\/fr\/pergolas\/pergola-cabriolet\/\">pergola mobile<\/a> et transformez-le en un v\u00e9ritable havre de paix. Rendez-vous chez V\u00e9randair d\u00e8s aujourd&#8217;hui et laissez-nous r\u00e9aliser votre projet de r\u00eave !<\/p>\n<p>[\/et_pb_text][et_pb_button button_url=&#8221;https:\/\/www.verandair.com\/fr\/contact\/&#8221; button_text=&#8221;Voir nos mod\u00e8les en showroom &#8221; button_alignment=&#8221;center&#8221; _builder_version=&#8221;4.24.2&#8243; _module_preset=&#8221;default&#8221; global_colors_info=&#8221;{}&#8221; theme_builder_area=&#8221;post_content&#8221;][\/et_pb_button][et_pb_text _builder_version=&#8221;4.19.2&#8243; _module_preset=&#8221;default&#8221; global_colors_info=&#8221;{}&#8221; theme_builder_area=&#8221;post_content&#8221;]<\/p>\n<h2>FAQ sur les pergolas mobiles<\/h2>\n<p>[\/et_pb_text][et_pb_accordion _builder_version=&#8221;4.19.2&#8243; _module_preset=&#8221;default&#8221; global_colors_info=&#8221;{}&#8221; theme_builder_area=&#8221;post_content&#8221;][et_pb_accordion_item title=&#8221;Quels sont les avantages d&#8217;une pergola mobile par rapport \u00e0 une pergola fixe?&#8221; open=&#8221;on&#8221; _builder_version=&#8221;4.19.2&#8243; _module_preset=&#8221;default&#8221; global_colors_info=&#8221;{}&#8221; theme_builder_area=&#8221;post_content&#8221;]<\/p>\n<p>Une pergola mobile vous offre la possibilit\u00e9 de l&#8217;installer o\u00f9 vous le souhaitez dans votre jardin, tandis qu&#8217;une pergola fixe est ancr\u00e9e \u00e0 un emplacement sp\u00e9cifique. De plus, les pergolas mobiles offrent g\u00e9n\u00e9ralement une plus grande flexibilit\u00e9 en termes de contr\u00f4le de la lumi\u00e8re et de l&#8217;ombre.<\/p>\n<p>[\/et_pb_accordion_item][et_pb_accordion_item title=&#8221;Quelle est la diff\u00e9rence entre une pergola bioclimatique et un abri de terrasse r\u00e9tractable?&#8221; _builder_version=&#8221;4.19.2&#8243; _module_preset=&#8221;default&#8221; global_colors_info=&#8221;{}&#8221; theme_builder_area=&#8221;post_content&#8221; open=&#8221;off&#8221;]<\/p>\n<p>La pergola bioclimatique est une structure autoportante dot\u00e9e d&#8217;un toit compos\u00e9 de lames orientables, offrant un contr\u00f4le sur la lumi\u00e8re et l&#8217;ombre. L&#8217;abri de terrasse r\u00e9tractable, quant \u00e0 lui, est une installation qui peut s&#8217;ouvrir et se fermer selon les besoins, offrant ainsi une flexibilit\u00e9 maximale.<\/p>\n<p>[\/et_pb_accordion_item][et_pb_accordion_item title=&#8221;Est-il possible de personnaliser ma pergola mobile?&#8221; _builder_version=&#8221;4.19.2&#8243; _module_preset=&#8221;default&#8221; global_colors_info=&#8221;{}&#8221; theme_builder_area=&#8221;post_content&#8221; open=&#8221;off&#8221;]<\/p>\n<p>Absolument ! Chez V\u00e9randair, nous proposons une large gamme d&#8217;options de personnalisation pour nos pergolas mobiles. Vous pouvez choisir parmi diff\u00e9rentes tailles, couleurs et mat\u00e9riaux pour cr\u00e9er une pergola qui correspond parfaitement \u00e0 vos go\u00fbts et \u00e0 votre style de vie.<\/p>\n<p>[\/et_pb_accordion_item][et_pb_accordion_item title=&#8221;Les pergolas mobiles sont-elles r\u00e9sistantes aux intemp\u00e9ries?&#8221; _builder_version=&#8221;4.19.2&#8243; _module_preset=&#8221;default&#8221; global_colors_info=&#8221;{}&#8221; theme_builder_area=&#8221;post_content&#8221; open=&#8221;off&#8221;]<\/p>\n<p>Oui, nos pergolas mobiles sont con\u00e7ues pour r\u00e9sister aux intemp\u00e9ries. Que ce soit face \u00e0 la pluie, au vent ou au soleil, nos pergolas sont fabriqu\u00e9es avec des mat\u00e9riaux durables tels que l\u2019aluminium. Tr\u00e8s r\u00e9sistants, ils vous garantissent une excellente long\u00e9vit\u00e9 et une protection fiable contre les \u00e9l\u00e9ments.<\/p>\n<p>[\/et_pb_accordion_item][et_pb_accordion_item title=&#8221;Quels sont les services propos\u00e9s par Verandair pour l&#8217;installation des pergolas mobiles?&#8221; _builder_version=&#8221;4.19.2&#8243; _module_preset=&#8221;default&#8221; global_colors_info=&#8221;{}&#8221; theme_builder_area=&#8221;post_content&#8221; open=&#8221;off&#8221;]<\/p>\n<p>Chez Verandair, nous proposons un service complet pour l&#8217;installation de vos pergolas mobiles. Nos experts se chargeront de l&#8217;installation professionnelle de votre pergola, en veillant \u00e0 ce qu&#8217;elle soit solidement fix\u00e9e et parfaitement fonctionnelle. De plus, nous vous offrons un service apr\u00e8s-vente pour toute question ou assistance suppl\u00e9mentaire dont vous pourriez avoir besoin.<\/p>\n<p>[\/et_pb_accordion_item][\/et_pb_accordion][\/et_pb_column][\/et_pb_row][\/et_pb_section][et_pb_section fb_built=&#8221;1&#8243; _builder_version=&#8221;4.19.2&#8243; background_color=&#8221;#f2f2f2&#8243; custom_padding=&#8221;10px||30px||false|false&#8221; global_colors_info=&#8221;{}&#8221; theme_builder_area=&#8221;post_content&#8221;][et_pb_row make_equal=&#8221;on&#8221; _builder_version=&#8221;4.16&#8243; background_color=&#8221;#f2f2f2&#8243; custom_padding=&#8221;30px|30px|10px|30px&#8221; global_colors_info=&#8221;{}&#8221; theme_builder_area=&#8221;post_content&#8221;][et_pb_column type=&#8221;4_4&#8243; module_class=&#8221;callto&#8221; _builder_version=&#8221;4.16&#8243; custom_padding=&#8221;|||&#8221; custom_css_main_element=&#8221;margin: auto;&#8221; global_colors_info=&#8221;{}&#8221; custom_padding__hover=&#8221;|||&#8221; theme_builder_area=&#8221;post_content&#8221;][et_pb_text _builder_version=&#8221;4.19.2&#8243; text_text_color=&#8221;#494949&#8243; text_font_size=&#8221;29px&#8221; custom_margin=&#8221;||0px|&#8221; custom_padding=&#8221;||0px|&#8221; global_colors_info=&#8221;{}&#8221; theme_builder_area=&#8221;post_content&#8221;]<\/p>\n<p style=\"text-align: center;\">\u00cates-vous pr\u00eat \u00e0 <strong>transformer<\/strong> votre ext\u00e9rieur ?<\/p>\n<p>[\/et_pb_text][et_pb_button button_url=&#8221;https:\/\/www.verandair.com\/fr\/contact\/&#8221; button_text=&#8221;Contactez-nous ! &#8221; button_alignment=&#8221;center&#8221; module_id=&#8221;calltobtnn&#8221; _builder_version=&#8221;4.24.2&#8243; custom_margin=&#8221;20px||0px|&#8221; global_colors_info=&#8221;{}&#8221; theme_builder_area=&#8221;post_content&#8221;][\/et_pb_button][\/et_pb_column][\/et_pb_row][\/et_pb_section]<\/p>\n","protected":false},"excerpt":{"rendered":"<p>Vous r\u00eavez d&#8217;une pergola qui s&#8217;adapte parfaitement \u00e0 votre style de vie et \u00e0 votre jardin ? Nous vous pr\u00e9sentons deux solutions parfaites : la pergola bioclimatique et l&#8217;abri de terrasse r\u00e9tractable, deux options mobiles qui combinent mobilit\u00e9, fonctionnalit\u00e9 et esth\u00e9tisme.<\/p>\n","protected":false},"author":4,"featured_media":26659,"comment_status":"closed","ping_status":"closed","sticky":false,"template":"","format":"standard","meta":{"_acf_changed":false,"_et_pb_use_builder":"on","_et_pb_old_content":"","_et_gb_content_width":"","inline_featured_image":false,"footnotes":""},"categories":[33],"tags":[],"class_list":["post-50937","post","type-post","status-publish","format-standard","has-post-thumbnail","hentry","category-pergolas"],"acf":[],"yoast_head":"<!-- This site is optimized with the Yoast SEO plugin v27.5 - https:\/\/yoast.com\/product\/yoast-seo-wordpress\/ -->\n<title>Pergolas mobiles: diff\u00e9rentes possibilit\u00e9s | Verandair<\/title>\n<meta name=\"description\" content=\"Optez pour la bioclimatique, pour une mobilit\u00e9 sans limite, ou la pergola r\u00e9tractable, une solution flexible pour votre terrasse.\" \/>\n<meta name=\"robots\" content=\"index, follow, max-snippet:-1, max-image-preview:large, max-video-preview:-1\" \/>\n<link rel=\"canonical\" href=\"https:\/\/www.verandair.com\/fr\/avantages-pergola-mobile\/\" \/>\n<meta property=\"og:locale\" content=\"fr_FR\" \/>\n<meta property=\"og:type\" content=\"article\" \/>\n<meta property=\"og:title\" content=\"Pergolas mobiles: diff\u00e9rentes possibilit\u00e9s | Verandair\" \/>\n<meta property=\"og:description\" content=\"Optez pour la bioclimatique, pour une mobilit\u00e9 sans limite, ou la pergola r\u00e9tractable, une solution flexible pour votre terrasse.\" \/>\n<meta property=\"og:url\" content=\"https:\/\/www.verandair.com\/fr\/avantages-pergola-mobile\/\" \/>\n<meta property=\"og:site_name\" content=\"VERANDAIR\u00ae\" \/>\n<meta property=\"article:published_time\" content=\"2023-08-26T06:05:45+00:00\" \/>\n<meta property=\"article:modified_time\" content=\"2024-09-09T13:04:24+00:00\" \/>\n<meta property=\"og:image\" content=\"https:\/\/www.verandair.com\/wp-content\/uploads\/2021\/10\/157299640_3953587214688880_4501738266507380836_n.jpg\" \/>\n\t<meta property=\"og:image:width\" content=\"960\" \/>\n\t<meta property=\"og:image:height\" content=\"641\" \/>\n\t<meta property=\"og:image:type\" content=\"image\/jpeg\" \/>\n<meta name=\"author\" content=\"caro\" \/>\n<meta name=\"twitter:card\" content=\"summary_large_image\" \/>\n<meta name=\"twitter:label1\" content=\"\u00c9crit par\" \/>\n\t<meta name=\"twitter:data1\" content=\"caro\" \/>\n\t<meta name=\"twitter:label2\" content=\"Dur\u00e9e de lecture estim\u00e9e\" \/>\n\t<meta name=\"twitter:data2\" content=\"4 minutes\" \/>\n<script type=\"application\/ld+json\" class=\"yoast-schema-graph\">{\"@context\":\"https:\\\/\\\/schema.org\",\"@graph\":[{\"@type\":\"Article\",\"@id\":\"https:\\\/\\\/www.verandair.com\\\/fr\\\/avantages-pergola-mobile\\\/#article\",\"isPartOf\":{\"@id\":\"https:\\\/\\\/www.verandair.com\\\/fr\\\/avantages-pergola-mobile\\\/\"},\"author\":{\"name\":\"caro\",\"@id\":\"https:\\\/\\\/www.verandair.com\\\/fr\\\/#\\\/schema\\\/person\\\/af737cd43f080163882becebbd86c4db\"},\"headline\":\"Avantages d&#8217;une pergola mobile : la solution id\u00e9ale pour votre ext\u00e9rieur!\",\"datePublished\":\"2023-08-26T06:05:45+00:00\",\"dateModified\":\"2024-09-09T13:04:24+00:00\",\"mainEntityOfPage\":{\"@id\":\"https:\\\/\\\/www.verandair.com\\\/fr\\\/avantages-pergola-mobile\\\/\"},\"wordCount\":1389,\"publisher\":{\"@id\":\"https:\\\/\\\/www.verandair.com\\\/fr\\\/#organization\"},\"image\":{\"@id\":\"https:\\\/\\\/www.verandair.com\\\/fr\\\/avantages-pergola-mobile\\\/#primaryimage\"},\"thumbnailUrl\":\"https:\\\/\\\/www.verandair.com\\\/wp-content\\\/uploads\\\/2021\\\/10\\\/157299640_3953587214688880_4501738266507380836_n.jpg\",\"articleSection\":[\"Pergolas\"],\"inLanguage\":\"fr-FR\"},{\"@type\":\"WebPage\",\"@id\":\"https:\\\/\\\/www.verandair.com\\\/fr\\\/avantages-pergola-mobile\\\/\",\"url\":\"https:\\\/\\\/www.verandair.com\\\/fr\\\/avantages-pergola-mobile\\\/\",\"name\":\"Pergolas mobiles: diff\u00e9rentes possibilit\u00e9s | Verandair\",\"isPartOf\":{\"@id\":\"https:\\\/\\\/www.verandair.com\\\/fr\\\/#website\"},\"primaryImageOfPage\":{\"@id\":\"https:\\\/\\\/www.verandair.com\\\/fr\\\/avantages-pergola-mobile\\\/#primaryimage\"},\"image\":{\"@id\":\"https:\\\/\\\/www.verandair.com\\\/fr\\\/avantages-pergola-mobile\\\/#primaryimage\"},\"thumbnailUrl\":\"https:\\\/\\\/www.verandair.com\\\/wp-content\\\/uploads\\\/2021\\\/10\\\/157299640_3953587214688880_4501738266507380836_n.jpg\",\"datePublished\":\"2023-08-26T06:05:45+00:00\",\"dateModified\":\"2024-09-09T13:04:24+00:00\",\"description\":\"Optez pour la bioclimatique, pour une mobilit\u00e9 sans limite, ou la pergola r\u00e9tractable, une solution flexible pour votre terrasse.\",\"breadcrumb\":{\"@id\":\"https:\\\/\\\/www.verandair.com\\\/fr\\\/avantages-pergola-mobile\\\/#breadcrumb\"},\"inLanguage\":\"fr-FR\",\"potentialAction\":[{\"@type\":\"ReadAction\",\"target\":[\"https:\\\/\\\/www.verandair.com\\\/fr\\\/avantages-pergola-mobile\\\/\"]}]},{\"@type\":\"ImageObject\",\"inLanguage\":\"fr-FR\",\"@id\":\"https:\\\/\\\/www.verandair.com\\\/fr\\\/avantages-pergola-mobile\\\/#primaryimage\",\"url\":\"https:\\\/\\\/www.verandair.com\\\/wp-content\\\/uploads\\\/2021\\\/10\\\/157299640_3953587214688880_4501738266507380836_n.jpg\",\"contentUrl\":\"https:\\\/\\\/www.verandair.com\\\/wp-content\\\/uploads\\\/2021\\\/10\\\/157299640_3953587214688880_4501738266507380836_n.jpg\",\"width\":960,\"height\":641,\"caption\":\"Pergola bioclimatique anthracite dans un jardin tr\u00e8s fleuri et arbor\u00e9\"},{\"@type\":\"BreadcrumbList\",\"@id\":\"https:\\\/\\\/www.verandair.com\\\/fr\\\/avantages-pergola-mobile\\\/#breadcrumb\",\"itemListElement\":[{\"@type\":\"ListItem\",\"position\":1,\"name\":\"Accueil\",\"item\":{\"@type\":\"WebPage\",\"@id\":\"https:\\\/\\\/www.verandair.com\\\/fr\\\/\",\"name\":\"Accueil\"}},{\"@type\":\"ListItem\",\"position\":2,\"name\":\"Avantages d&#8217;une pergola mobile : la solution id\u00e9ale pour votre ext\u00e9rieur!\"}]},{\"@type\":\"WebSite\",\"@id\":\"https:\\\/\\\/www.verandair.com\\\/fr\\\/#website\",\"url\":\"https:\\\/\\\/www.verandair.com\\\/fr\\\/\",\"name\":\"VERANDAIR\u00ae\",\"description\":\"\",\"publisher\":{\"@id\":\"https:\\\/\\\/www.verandair.com\\\/fr\\\/#organization\"},\"potentialAction\":[{\"@type\":\"SearchAction\",\"target\":{\"@type\":\"EntryPoint\",\"urlTemplate\":\"https:\\\/\\\/www.verandair.com\\\/fr\\\/?s={search_term_string}\"},\"query-input\":{\"@type\":\"PropertyValueSpecification\",\"valueRequired\":true,\"valueName\":\"search_term_string\"}}],\"inLanguage\":\"fr-FR\"},{\"@type\":\"Organization\",\"@id\":\"https:\\\/\\\/www.verandair.com\\\/fr\\\/#organization\",\"name\":\"Verandair\",\"url\":\"https:\\\/\\\/www.verandair.com\\\/fr\\\/\",\"logo\":{\"@type\":\"ImageObject\",\"inLanguage\":\"fr-FR\",\"@id\":\"https:\\\/\\\/www.verandair.com\\\/fr\\\/#\\\/schema\\\/logo\\\/image\\\/\",\"url\":\"https:\\\/\\\/www.verandair.com\\\/wp-content\\\/uploads\\\/2024\\\/06\\\/VERANDAIR-logo.png\",\"contentUrl\":\"https:\\\/\\\/www.verandair.com\\\/wp-content\\\/uploads\\\/2024\\\/06\\\/VERANDAIR-logo.png\",\"width\":283,\"height\":127,\"caption\":\"Verandair\"},\"image\":{\"@id\":\"https:\\\/\\\/www.verandair.com\\\/fr\\\/#\\\/schema\\\/logo\\\/image\\\/\"}},{\"@type\":\"Person\",\"@id\":\"https:\\\/\\\/www.verandair.com\\\/fr\\\/#\\\/schema\\\/person\\\/af737cd43f080163882becebbd86c4db\",\"name\":\"caro\",\"image\":{\"@type\":\"ImageObject\",\"inLanguage\":\"fr-FR\",\"@id\":\"https:\\\/\\\/secure.gravatar.com\\\/avatar\\\/4c356829a7552d3573f0151ea3bcc417616acba472a5e3565de5ae3a5b614aab?s=96&d=mm&r=g\",\"url\":\"https:\\\/\\\/secure.gravatar.com\\\/avatar\\\/4c356829a7552d3573f0151ea3bcc417616acba472a5e3565de5ae3a5b614aab?s=96&d=mm&r=g\",\"contentUrl\":\"https:\\\/\\\/secure.gravatar.com\\\/avatar\\\/4c356829a7552d3573f0151ea3bcc417616acba472a5e3565de5ae3a5b614aab?s=96&d=mm&r=g\",\"caption\":\"caro\"}}]}<\/script>\n<!-- \/ Yoast SEO plugin. -->","yoast_head_json":{"title":"Pergolas mobiles: diff\u00e9rentes possibilit\u00e9s | Verandair","description":"Optez pour la bioclimatique, pour une mobilit\u00e9 sans limite, ou la pergola r\u00e9tractable, une solution flexible pour votre terrasse.","robots":{"index":"index","follow":"follow","max-snippet":"max-snippet:-1","max-image-preview":"max-image-preview:large","max-video-preview":"max-video-preview:-1"},"canonical":"https:\/\/www.verandair.com\/fr\/avantages-pergola-mobile\/","og_locale":"fr_FR","og_type":"article","og_title":"Pergolas mobiles: diff\u00e9rentes possibilit\u00e9s | Verandair","og_description":"Optez pour la bioclimatique, pour une mobilit\u00e9 sans limite, ou la pergola r\u00e9tractable, une solution flexible pour votre terrasse.","og_url":"https:\/\/www.verandair.com\/fr\/avantages-pergola-mobile\/","og_site_name":"VERANDAIR\u00ae","article_published_time":"2023-08-26T06:05:45+00:00","article_modified_time":"2024-09-09T13:04:24+00:00","og_image":[{"width":960,"height":641,"url":"https:\/\/www.verandair.com\/wp-content\/uploads\/2021\/10\/157299640_3953587214688880_4501738266507380836_n.jpg","type":"image\/jpeg"}],"author":"caro","twitter_card":"summary_large_image","twitter_misc":{"\u00c9crit par":"caro","Dur\u00e9e de lecture estim\u00e9e":"4 minutes"},"schema":{"@context":"https:\/\/schema.org","@graph":[{"@type":"Article","@id":"https:\/\/www.verandair.com\/fr\/avantages-pergola-mobile\/#article","isPartOf":{"@id":"https:\/\/www.verandair.com\/fr\/avantages-pergola-mobile\/"},"author":{"name":"caro","@id":"https:\/\/www.verandair.com\/fr\/#\/schema\/person\/af737cd43f080163882becebbd86c4db"},"headline":"Avantages d&#8217;une pergola mobile : la solution id\u00e9ale pour votre ext\u00e9rieur!","datePublished":"2023-08-26T06:05:45+00:00","dateModified":"2024-09-09T13:04:24+00:00","mainEntityOfPage":{"@id":"https:\/\/www.verandair.com\/fr\/avantages-pergola-mobile\/"},"wordCount":1389,"publisher":{"@id":"https:\/\/www.verandair.com\/fr\/#organization"},"image":{"@id":"https:\/\/www.verandair.com\/fr\/avantages-pergola-mobile\/#primaryimage"},"thumbnailUrl":"https:\/\/www.verandair.com\/wp-content\/uploads\/2021\/10\/157299640_3953587214688880_4501738266507380836_n.jpg","articleSection":["Pergolas"],"inLanguage":"fr-FR"},{"@type":"WebPage","@id":"https:\/\/www.verandair.com\/fr\/avantages-pergola-mobile\/","url":"https:\/\/www.verandair.com\/fr\/avantages-pergola-mobile\/","name":"Pergolas mobiles: diff\u00e9rentes possibilit\u00e9s | Verandair","isPartOf":{"@id":"https:\/\/www.verandair.com\/fr\/#website"},"primaryImageOfPage":{"@id":"https:\/\/www.verandair.com\/fr\/avantages-pergola-mobile\/#primaryimage"},"image":{"@id":"https:\/\/www.verandair.com\/fr\/avantages-pergola-mobile\/#primaryimage"},"thumbnailUrl":"https:\/\/www.verandair.com\/wp-content\/uploads\/2021\/10\/157299640_3953587214688880_4501738266507380836_n.jpg","datePublished":"2023-08-26T06:05:45+00:00","dateModified":"2024-09-09T13:04:24+00:00","description":"Optez pour la bioclimatique, pour une mobilit\u00e9 sans limite, ou la pergola r\u00e9tractable, une solution flexible pour votre terrasse.","breadcrumb":{"@id":"https:\/\/www.verandair.com\/fr\/avantages-pergola-mobile\/#breadcrumb"},"inLanguage":"fr-FR","potentialAction":[{"@type":"ReadAction","target":["https:\/\/www.verandair.com\/fr\/avantages-pergola-mobile\/"]}]},{"@type":"ImageObject","inLanguage":"fr-FR","@id":"https:\/\/www.verandair.com\/fr\/avantages-pergola-mobile\/#primaryimage","url":"https:\/\/www.verandair.com\/wp-content\/uploads\/2021\/10\/157299640_3953587214688880_4501738266507380836_n.jpg","contentUrl":"https:\/\/www.verandair.com\/wp-content\/uploads\/2021\/10\/157299640_3953587214688880_4501738266507380836_n.jpg","width":960,"height":641,"caption":"Pergola bioclimatique anthracite dans un jardin tr\u00e8s fleuri et arbor\u00e9"},{"@type":"BreadcrumbList","@id":"https:\/\/www.verandair.com\/fr\/avantages-pergola-mobile\/#breadcrumb","itemListElement":[{"@type":"ListItem","position":1,"name":"Accueil","item":{"@type":"WebPage","@id":"https:\/\/www.verandair.com\/fr\/","name":"Accueil"}},{"@type":"ListItem","position":2,"name":"Avantages d&#8217;une pergola mobile : la solution id\u00e9ale pour votre ext\u00e9rieur!"}]},{"@type":"WebSite","@id":"https:\/\/www.verandair.com\/fr\/#website","url":"https:\/\/www.verandair.com\/fr\/","name":"VERANDAIR\u00ae","description":"","publisher":{"@id":"https:\/\/www.verandair.com\/fr\/#organization"},"potentialAction":[{"@type":"SearchAction","target":{"@type":"EntryPoint","urlTemplate":"https:\/\/www.verandair.com\/fr\/?s={search_term_string}"},"query-input":{"@type":"PropertyValueSpecification","valueRequired":true,"valueName":"search_term_string"}}],"inLanguage":"fr-FR"},{"@type":"Organization","@id":"https:\/\/www.verandair.com\/fr\/#organization","name":"Verandair","url":"https:\/\/www.verandair.com\/fr\/","logo":{"@type":"ImageObject","inLanguage":"fr-FR","@id":"https:\/\/www.verandair.com\/fr\/#\/schema\/logo\/image\/","url":"https:\/\/www.verandair.com\/wp-content\/uploads\/2024\/06\/VERANDAIR-logo.png","contentUrl":"https:\/\/www.verandair.com\/wp-content\/uploads\/2024\/06\/VERANDAIR-logo.png","width":283,"height":127,"caption":"Verandair"},"image":{"@id":"https:\/\/www.verandair.com\/fr\/#\/schema\/logo\/image\/"}},{"@type":"Person","@id":"https:\/\/www.verandair.com\/fr\/#\/schema\/person\/af737cd43f080163882becebbd86c4db","name":"caro","image":{"@type":"ImageObject","inLanguage":"fr-FR","@id":"https:\/\/secure.gravatar.com\/avatar\/4c356829a7552d3573f0151ea3bcc417616acba472a5e3565de5ae3a5b614aab?s=96&d=mm&r=g","url":"https:\/\/secure.gravatar.com\/avatar\/4c356829a7552d3573f0151ea3bcc417616acba472a5e3565de5ae3a5b614aab?s=96&d=mm&r=g","contentUrl":"https:\/\/secure.gravatar.com\/avatar\/4c356829a7552d3573f0151ea3bcc417616acba472a5e3565de5ae3a5b614aab?s=96&d=mm&r=g","caption":"caro"}}]}},"_links":{"self":[{"href":"https:\/\/www.verandair.com\/fr\/wp-json\/wp\/v2\/posts\/50937","targetHints":{"allow":["GET"]}}],"collection":[{"href":"https:\/\/www.verandair.com\/fr\/wp-json\/wp\/v2\/posts"}],"about":[{"href":"https:\/\/www.verandair.com\/fr\/wp-json\/wp\/v2\/types\/post"}],"author":[{"embeddable":true,"href":"https:\/\/www.verandair.com\/fr\/wp-json\/wp\/v2\/users\/4"}],"replies":[{"embeddable":true,"href":"https:\/\/www.verandair.com\/fr\/wp-json\/wp\/v2\/comments?post=50937"}],"version-history":[{"count":3,"href":"https:\/\/www.verandair.com\/fr\/wp-json\/wp\/v2\/posts\/50937\/revisions"}],"predecessor-version":[{"id":64120,"href":"https:\/\/www.verandair.com\/fr\/wp-json\/wp\/v2\/posts\/50937\/revisions\/64120"}],"wp:featuredmedia":[{"embeddable":true,"href":"https:\/\/www.verandair.com\/fr\/wp-json\/wp\/v2\/media\/26659"}],"wp:attachment":[{"href":"https:\/\/www.verandair.com\/fr\/wp-json\/wp\/v2\/media?parent=50937"}],"wp:term":[{"taxonomy":"category","embeddable":true,"href":"https:\/\/www.verandair.com\/fr\/wp-json\/wp\/v2\/categories?post=50937"},{"taxonomy":"post_tag","embeddable":true,"href":"https:\/\/www.verandair.com\/fr\/wp-json\/wp\/v2\/tags?post=50937"}],"curies":[{"name":"wp","href":"https:\/\/api.w.org\/{rel}","templated":true}]}}