{"id":54060,"date":"2023-09-24T07:45:38","date_gmt":"2023-09-24T05:45:38","guid":{"rendered":"https:\/\/www.verandair.com\/?p=54060"},"modified":"2024-03-21T09:51:30","modified_gmt":"2024-03-21T08:51:30","slug":"pergola-blanche","status":"publish","type":"post","link":"https:\/\/www.verandair.com\/fr\/pergola-blanche\/","title":{"rendered":"La magie de la pergola blanche : Comment elle transforme l&#8217;espace ext\u00e9rieur de votre maison"},"content":{"rendered":"<p>[et_pb_section fb_built=&#8221;1&#8243; _builder_version=&#8221;4.19.2&#8243; _module_preset=&#8221;default&#8221; global_colors_info=&#8221;{}&#8221; theme_builder_area=&#8221;post_content&#8221;][et_pb_row _builder_version=&#8221;4.19.2&#8243; _module_preset=&#8221;default&#8221; custom_padding=&#8221;19px|||||&#8221; global_colors_info=&#8221;{}&#8221; theme_builder_area=&#8221;post_content&#8221;][et_pb_column type=&#8221;4_4&#8243; _builder_version=&#8221;4.19.2&#8243; _module_preset=&#8221;default&#8221; global_colors_info=&#8221;{}&#8221; theme_builder_area=&#8221;post_content&#8221;][et_pb_text _builder_version=&#8221;4.24.2&#8243; text_text_color=&#8221;#494949&#8243; custom_margin=&#8221;||0px|&#8221; custom_padding=&#8221;||0px|&#8221; global_colors_info=&#8221;{}&#8221; theme_builder_area=&#8221;post_content&#8221;]<\/p>\n<p>Lorsque l&#8217;on parle d&#8217;am\u00e9nagement ext\u00e9rieur, <strong>la pergola blanche <\/strong>est devenue un incontournable. Elle allie <strong>esth\u00e9tique <\/strong>et <strong>fonctionnalit\u00e9<\/strong>, transformant chaque terrasse ou jardin en un <strong>espace de d\u00e9tente id\u00e9al<\/strong>. Dans cet article, d\u00e9couvrez les avantages de la pergola blanche et comment elle peut m\u00e9tamorphoser l&#8217;ext\u00e9rieur de votre maison.<\/p>\n<p>&nbsp;<\/p>\n<h2>La pergola blanche et ses avantages<\/h2>\n<p>La pergola, qu&#8217;elle soit en <strong>aluminium<\/strong>, en toile ou bioclimatique, est une structure ext\u00e9rieure qui offre une protection contre le soleil et les intemp\u00e9ries. La pergola blanche, en particulier, apporte une <strong>touche d&#8217;\u00e9l\u00e9gance et de modernit\u00e9<\/strong> \u00e0 n&#8217;importe quel espace ext\u00e9rieur. Elle est souvent r\u00e9alis\u00e9e en aluminium blanc pour une durabilit\u00e9 maximale et un entretien minimaliste. D\u00e9couvrez les produits Verandair tels que l&#8217;<a href=\"https:\/\/www.verandair.com\/fr\/abri-de-terrasse\/\">Abri de terrasse<\/a> et les <a href=\"https:\/\/www.verandair.com\/fr\/pergolas\/\">Pergolas<\/a> pour en savoir plus.<\/p>\n<p>[\/et_pb_text][et_pb_button button_url=&#8221;https:\/\/www.verandair.com\/fr\/pergolas\/&#8221; button_text=&#8221; D\u00e9couvrir nos mod\u00e8les de pergolas &#8221; button_alignment=&#8221;center&#8221; _builder_version=&#8221;4.24.2&#8243; _module_preset=&#8221;default&#8221; hover_enabled=&#8221;0&#8243; global_colors_info=&#8221;{}&#8221; theme_builder_area=&#8221;post_content&#8221; sticky_enabled=&#8221;0&#8243;][\/et_pb_button][et_pb_text _builder_version=&#8221;4.19.2&#8243; text_text_color=&#8221;#494949&#8243; text_font_size=&#8221;29px&#8221; custom_margin=&#8221;||0px|&#8221; custom_padding=&#8221;||0px|&#8221; global_colors_info=&#8221;{}&#8221; theme_builder_area=&#8221;post_content&#8221;]<\/p>\n<h2>Comment le blanc cr\u00e9e l&#8217;illusion<\/h2>\n<p>[\/et_pb_text][\/et_pb_column][\/et_pb_row][et_pb_row column_structure=&#8221;1_2,1_2&#8243; _builder_version=&#8221;4.19.2&#8243; _module_preset=&#8221;default&#8221; global_colors_info=&#8221;{}&#8221; theme_builder_area=&#8221;post_content&#8221;][et_pb_column type=&#8221;1_2&#8243; _builder_version=&#8221;4.19.2&#8243; _module_preset=&#8221;default&#8221; global_colors_info=&#8221;{}&#8221; theme_builder_area=&#8221;post_content&#8221;][et_pb_text _builder_version=&#8221;4.19.2&#8243; _module_preset=&#8221;default&#8221; global_colors_info=&#8221;{}&#8221; theme_builder_area=&#8221;post_content&#8221;]<\/p>\n<p>Le blanc est une couleur qui refl\u00e8te la lumi\u00e8re et donne une impression d&#8217;espace. <strong>Une pergola blanche agrandit visuellement votre terrasse ou jardin,<\/strong> cr\u00e9ant une sensation d&#8217;espace ouvert et a\u00e9r\u00e9.<\/p>\n<p>Cette couleur monochrome et intemporelle s&#8217;harmonise parfaitement avec tous les styles de d\u00e9coration, qu&#8217;ils soient modernes ou traditionnels.<\/p>\n<p>[\/et_pb_text][\/et_pb_column][et_pb_column type=&#8221;1_2&#8243; _builder_version=&#8221;4.19.2&#8243; _module_preset=&#8221;default&#8221; global_colors_info=&#8221;{}&#8221; theme_builder_area=&#8221;post_content&#8221;][et_pb_image src=&#8221;https:\/\/www.verandair.com\/wp-content\/uploads\/2021\/10\/IMG_4418.jpg&#8221; alt=&#8221;vue de l&#8217;int\u00e9rieur d&#8217;une grand v\u00e9randa toute vitr\u00e9e de couleur blanche sur une terrasse en carrelages&#8221; title_text=&#8221;veranda-blanche-traditionnelle&#8221; _builder_version=&#8221;4.19.2&#8243; _module_preset=&#8221;default&#8221; global_colors_info=&#8221;{}&#8221; theme_builder_area=&#8221;post_content&#8221;][\/et_pb_image][\/et_pb_column][\/et_pb_row][\/et_pb_section][et_pb_section fb_built=&#8221;1&#8243; _builder_version=&#8221;4.19.2&#8243; _module_preset=&#8221;default&#8221; global_colors_info=&#8221;{}&#8221; theme_builder_area=&#8221;post_content&#8221;][et_pb_row _builder_version=&#8221;4.19.2&#8243; _module_preset=&#8221;default&#8221; global_colors_info=&#8221;{}&#8221; theme_builder_area=&#8221;post_content&#8221;][et_pb_column type=&#8221;4_4&#8243; _builder_version=&#8221;4.19.2&#8243; _module_preset=&#8221;default&#8221; global_colors_info=&#8221;{}&#8221; theme_builder_area=&#8221;post_content&#8221;][et_pb_text _builder_version=&#8221;4.19.2&#8243; _module_preset=&#8221;default&#8221; global_colors_info=&#8221;{}&#8221; theme_builder_area=&#8221;post_content&#8221;]<\/p>\n<h2>L&#8217;importance de la lumi\u00e8re naturelle<\/h2>\n<p>La lumi\u00e8re naturelle est essentielle pour notre bien-\u00eatre. Une pergola blanche, gr\u00e2ce \u00e0 sa couleur r\u00e9fl\u00e9chissante, <strong>maximise la luminosit\u00e9 de votre espace ext\u00e9rieur<\/strong>. Les lames orientables de la <a href=\"https:\/\/www.verandair.com\/fr\/pergolas\/pergola-terrasse-toiture-fixe\/\">Pergola terrasse \u00e0 toiture fixe<\/a> permettent de contr\u00f4ler la quantit\u00e9 de lumi\u00e8re entrante, offrant ainsi une protection contre les rayons UV tout en profitant de la lumi\u00e8re du jour.<\/p>\n<p>&nbsp;<\/p>\n<h2>Les diff\u00e9rentes options de personnalisation pour une pergola blanche<\/h2>\n<p>La pergola blanche offre une multitude <strong>d&#8217;options de personnalisation<\/strong>. Que vous optiez pour une structure en aluminium, une toile en polyester ou des lames orientables, chaque d\u00e9tail peut \u00eatre adapt\u00e9 \u00e0 vos besoins et \u00e0 vos go\u00fbts. De la <a href=\"https:\/\/www.verandair.com\/fr\/pergolas\/baie-vitree-coulissante\/\">baie vitr\u00e9e<\/a> au store, en passant par le choix des mat\u00e9riaux et des couleurs, tout est possible pour cr\u00e9er la pergola de vos r\u00eaves.<\/p>\n<p>&nbsp;<\/p>\n<h2>Conclusion<\/h2>\n<p>La pergola blanche est bien plus qu&#8217;une simple structure ext\u00e9rieure. Elle transforme, embellit et optimise votre espace ext\u00e9rieur, tout en offrant confort et protection.<\/p>\n<p>Si vous envisagez d&#8217;installer une pergola chez vous, n&#8217;h\u00e9sitez pas \u00e0 vous rendre dans un <a href=\"https:\/\/www.verandair.com\/fr\/contact\/\">showroom Verandair<\/a> pour voir les mod\u00e8les d&#8217;exposition, rencontrer un expert et \u00e9tablir un devis gratuit pour votre projet. Votre espace ext\u00e9rieur m\u00e9rite ce qu&#8217;il y a de mieux, et Verandair est l\u00e0 pour vous aider \u00e0 le r\u00e9aliser.<\/p>\n<p>[\/et_pb_text][et_pb_button button_url=&#8221;https:\/\/www.verandair.com\/fr\/contact\/&#8221; button_text=&#8221;Contactez nos conseillers &#8221; button_alignment=&#8221;center&#8221; module_id=&#8221;calltobtnn&#8221; _builder_version=&#8221;4.24.2&#8243; custom_margin=&#8221;20px||0px|&#8221; hover_enabled=&#8221;0&#8243; global_colors_info=&#8221;{}&#8221; theme_builder_area=&#8221;post_content&#8221; sticky_enabled=&#8221;0&#8243;][\/et_pb_button][\/et_pb_column][\/et_pb_row][\/et_pb_section][et_pb_section fb_built=&#8221;1&#8243; admin_label=&#8221;CTA Guide achat Abri Terrasse&#8221; _builder_version=&#8221;4.16&#8243; background_color=&#8221;#009f9c&#8221; custom_margin=&#8221;|||&#8221; saved_tabs=&#8221;all&#8221; global_colors_info=&#8221;{}&#8221; theme_builder_area=&#8221;post_content&#8221;][et_pb_row column_structure=&#8221;1_3,2_3&#8243; use_custom_gutter=&#8221;on&#8221; gutter_width=&#8221;1&#8243; make_equal=&#8221;on&#8221; padding_top_bottom_link_2=&#8221;false&#8221; padding_left_right_link_1=&#8221;true&#8221; padding_left_right_link_2=&#8221;true&#8221; _builder_version=&#8221;4.16&#8243; background_color=&#8221;#ffffff&#8221; global_colors_info=&#8221;{}&#8221; theme_builder_area=&#8221;post_content&#8221;][et_pb_column type=&#8221;1_3&#8243; _builder_version=&#8221;4.16&#8243; custom_padding=&#8221;|20px||20px&#8221; global_colors_info=&#8221;{}&#8221; custom_padding__hover=&#8221;|||&#8221; theme_builder_area=&#8221;post_content&#8221;][et_pb_image src=&#8221;https:\/\/www.verandair.com\/wp-content\/uploads\/2021\/11\/guide-achat-ABTR.png&#8221; url=&#8221;https:\/\/info.verandair.com\/guide-abri-terrasse\/&#8221; url_new_window=&#8221;on&#8221; align=&#8221;center&#8221; align_tablet=&#8221;center&#8221; align_phone=&#8221;center&#8221; align_last_edited=&#8221;on|desktop&#8221; _builder_version=&#8221;4.19.2&#8243; custom_margin=&#8221;||0px|&#8221; custom_padding=&#8221;|0px||&#8221; custom_css_main_element=&#8221;max-width:280px;&#8221; global_colors_info=&#8221;{}&#8221; theme_builder_area=&#8221;post_content&#8221;][\/et_pb_image][\/et_pb_column][et_pb_column type=&#8221;2_3&#8243; _builder_version=&#8221;4.16&#8243; custom_padding=&#8221;30px|30px|0px|30px&#8221; global_colors_info=&#8221;{}&#8221; custom_padding__hover=&#8221;|||&#8221; theme_builder_area=&#8221;post_content&#8221;][et_pb_text _builder_version=&#8221;4.19.2&#8243; text_font=&#8221;||||||||&#8221; text_font_size=&#8221;30px&#8221; header_font=&#8221;||||||||&#8221; header_2_font=&#8221;||||||||&#8221; header_3_font_size=&#8221;20px&#8221; custom_margin=&#8221;||20px&#8221; global_colors_info=&#8221;{}&#8221; theme_builder_area=&#8221;post_content&#8221;]<\/p>\n<h3 style=\"text-align: center;\">Encore ind\u00e9cis?<\/h3>\n<p>[\/et_pb_text][et_pb_text _builder_version=&#8221;4.19.2&#8243; text_font=&#8221;||||||||&#8221; custom_margin=&#8221;||20px&#8221; global_colors_info=&#8221;{}&#8221; theme_builder_area=&#8221;post_content&#8221;]<\/p>\n<p style=\"text-align: center; font-size: 20px; line-height: 30px;\">Notre guide d&#8217;achat simplifie votre choix avec 19 questions-cl\u00e9s \u00e0 se poser. Evitez les surprises et profitez pleinement de votre futur abri de terrasse!\u00a0<\/p>\n<p>[\/et_pb_text][et_pb_button button_url=&#8221;https:\/\/www.verandair.com\/fr\/telechargements\/&#8221; url_new_window=&#8221;on&#8221; button_text=&#8221;\u00bb CLIQUEZ ICI POUR VOTRE GUIDE&#8221; button_alignment=&#8221;center&#8221; module_class=&#8221;custom-btn-orange&#8221; _builder_version=&#8221;4.24.2&#8243; custom_margin=&#8221;||0px&#8221; hover_enabled=&#8221;0&#8243; global_colors_info=&#8221;{}&#8221; theme_builder_area=&#8221;post_content&#8221; sticky_enabled=&#8221;0&#8243;][\/et_pb_button][et_pb_code _builder_version=&#8221;4.16&#8243; global_colors_info=&#8221;{}&#8221; theme_builder_area=&#8221;post_content&#8221;]<\/p>\n<style><!-- [et_pb_line_break_holder] -->  a.et_pb_button.custom-btn-orange{<!-- [et_pb_line_break_holder] -->    background:#EF865B!important;<!-- [et_pb_line_break_holder] -->  }<!-- [et_pb_line_break_holder] -->  a.et_pb_button.custom-btn-orange:hover{<!-- [et_pb_line_break_holder] -->    background:#F4AD91!important;<!-- [et_pb_line_break_holder] -->  }<!-- [et_pb_line_break_holder] --><\/style>\n<p>[\/et_pb_code][\/et_pb_column][\/et_pb_row][\/et_pb_section]<\/p>\n","protected":false},"excerpt":{"rendered":"<p>Envie de m\u00e9tamorphoser votre espace ext\u00e9rieur avec une touche d&#8217;\u00e9l\u00e9gance intemporelle ? D\u00e9couvrez comment la pergola blanche peut non seulement agrandir visuellement votre terrasse ou jardin, mais aussi optimiser la luminosit\u00e9 naturelle. Plongez dans notre guide! <\/p>\n","protected":false},"author":4,"featured_media":54068,"comment_status":"closed","ping_status":"closed","sticky":false,"template":"","format":"standard","meta":{"_acf_changed":false,"_et_pb_use_builder":"on","_et_pb_old_content":"","_et_gb_content_width":"","inline_featured_image":false,"footnotes":""},"categories":[33],"tags":[],"class_list":["post-54060","post","type-post","status-publish","format-standard","has-post-thumbnail","hentry","category-pergolas"],"acf":[],"yoast_head":"<!-- This site is optimized with the Yoast SEO plugin v27.5 - https:\/\/yoast.com\/product\/yoast-seo-wordpress\/ -->\n<title>Transformez votre Ext\u00e9rieur avec une Pergola Blanche !<\/title>\n<meta name=\"description\" content=\"D\u00e9couvrez comment une pergola blanche peut m\u00e9tamorphoser votre espace ext\u00e9rieur. Esth\u00e9tique, lumi\u00e8re naturelle et personnalisation: tout ce qu&#039;il faut savoir!\" \/>\n<meta name=\"robots\" content=\"index, follow, max-snippet:-1, max-image-preview:large, max-video-preview:-1\" \/>\n<link rel=\"canonical\" href=\"https:\/\/www.verandair.com\/fr\/pergola-blanche\/\" \/>\n<meta property=\"og:locale\" content=\"fr_FR\" \/>\n<meta property=\"og:type\" content=\"article\" \/>\n<meta property=\"og:title\" content=\"Transformez votre Ext\u00e9rieur avec une Pergola Blanche !\" \/>\n<meta property=\"og:description\" content=\"D\u00e9couvrez comment une pergola blanche peut m\u00e9tamorphoser votre espace ext\u00e9rieur. Esth\u00e9tique, lumi\u00e8re naturelle et personnalisation: tout ce qu&#039;il faut savoir!\" \/>\n<meta property=\"og:url\" content=\"https:\/\/www.verandair.com\/fr\/pergola-blanche\/\" \/>\n<meta property=\"og:site_name\" content=\"VERANDAIR\u00ae\" \/>\n<meta property=\"article:published_time\" content=\"2023-09-24T05:45:38+00:00\" \/>\n<meta property=\"article:modified_time\" content=\"2024-03-21T08:51:30+00:00\" \/>\n<meta property=\"og:image\" content=\"https:\/\/www.verandair.com\/wp-content\/uploads\/2023\/08\/pergola-blanche.jpg\" \/>\n\t<meta property=\"og:image:width\" content=\"1200\" \/>\n\t<meta property=\"og:image:height\" content=\"1200\" \/>\n\t<meta property=\"og:image:type\" content=\"image\/jpeg\" \/>\n<meta name=\"author\" content=\"caro\" \/>\n<meta name=\"twitter:card\" content=\"summary_large_image\" \/>\n<meta name=\"twitter:label1\" content=\"\u00c9crit par\" \/>\n\t<meta name=\"twitter:data1\" content=\"caro\" \/>\n\t<meta name=\"twitter:label2\" content=\"Dur\u00e9e de lecture estim\u00e9e\" \/>\n\t<meta name=\"twitter:data2\" content=\"6 minutes\" \/>\n<script type=\"application\/ld+json\" class=\"yoast-schema-graph\">{\"@context\":\"https:\\\/\\\/schema.org\",\"@graph\":[{\"@type\":\"Article\",\"@id\":\"https:\\\/\\\/www.verandair.com\\\/fr\\\/pergola-blanche\\\/#article\",\"isPartOf\":{\"@id\":\"https:\\\/\\\/www.verandair.com\\\/fr\\\/pergola-blanche\\\/\"},\"author\":{\"name\":\"caro\",\"@id\":\"https:\\\/\\\/www.verandair.com\\\/fr\\\/#\\\/schema\\\/person\\\/af737cd43f080163882becebbd86c4db\"},\"headline\":\"La magie de la pergola blanche : Comment elle transforme l&#8217;espace ext\u00e9rieur de votre maison\",\"datePublished\":\"2023-09-24T05:45:38+00:00\",\"dateModified\":\"2024-03-21T08:51:30+00:00\",\"mainEntityOfPage\":{\"@id\":\"https:\\\/\\\/www.verandair.com\\\/fr\\\/pergola-blanche\\\/\"},\"wordCount\":1215,\"publisher\":{\"@id\":\"https:\\\/\\\/www.verandair.com\\\/fr\\\/#organization\"},\"image\":{\"@id\":\"https:\\\/\\\/www.verandair.com\\\/fr\\\/pergola-blanche\\\/#primaryimage\"},\"thumbnailUrl\":\"https:\\\/\\\/www.verandair.com\\\/wp-content\\\/uploads\\\/2023\\\/08\\\/pergola-blanche.jpg\",\"articleSection\":[\"Pergolas\"],\"inLanguage\":\"fr-FR\"},{\"@type\":\"WebPage\",\"@id\":\"https:\\\/\\\/www.verandair.com\\\/fr\\\/pergola-blanche\\\/\",\"url\":\"https:\\\/\\\/www.verandair.com\\\/fr\\\/pergola-blanche\\\/\",\"name\":\"Transformez votre Ext\u00e9rieur avec une Pergola Blanche !\",\"isPartOf\":{\"@id\":\"https:\\\/\\\/www.verandair.com\\\/fr\\\/#website\"},\"primaryImageOfPage\":{\"@id\":\"https:\\\/\\\/www.verandair.com\\\/fr\\\/pergola-blanche\\\/#primaryimage\"},\"image\":{\"@id\":\"https:\\\/\\\/www.verandair.com\\\/fr\\\/pergola-blanche\\\/#primaryimage\"},\"thumbnailUrl\":\"https:\\\/\\\/www.verandair.com\\\/wp-content\\\/uploads\\\/2023\\\/08\\\/pergola-blanche.jpg\",\"datePublished\":\"2023-09-24T05:45:38+00:00\",\"dateModified\":\"2024-03-21T08:51:30+00:00\",\"description\":\"D\u00e9couvrez comment une pergola blanche peut m\u00e9tamorphoser votre espace ext\u00e9rieur. Esth\u00e9tique, lumi\u00e8re naturelle et personnalisation: tout ce qu'il faut savoir!\",\"breadcrumb\":{\"@id\":\"https:\\\/\\\/www.verandair.com\\\/fr\\\/pergola-blanche\\\/#breadcrumb\"},\"inLanguage\":\"fr-FR\",\"potentialAction\":[{\"@type\":\"ReadAction\",\"target\":[\"https:\\\/\\\/www.verandair.com\\\/fr\\\/pergola-blanche\\\/\"]}]},{\"@type\":\"ImageObject\",\"inLanguage\":\"fr-FR\",\"@id\":\"https:\\\/\\\/www.verandair.com\\\/fr\\\/pergola-blanche\\\/#primaryimage\",\"url\":\"https:\\\/\\\/www.verandair.com\\\/wp-content\\\/uploads\\\/2023\\\/08\\\/pergola-blanche.jpg\",\"contentUrl\":\"https:\\\/\\\/www.verandair.com\\\/wp-content\\\/uploads\\\/2023\\\/08\\\/pergola-blanche.jpg\",\"width\":1200,\"height\":1200,\"caption\":\"Pergola blanche recouvre une grande terrasse am\u00e9nag\u00e9e avec un salon ext\u00e9rieur en tissu et une table avec des chaises\"},{\"@type\":\"BreadcrumbList\",\"@id\":\"https:\\\/\\\/www.verandair.com\\\/fr\\\/pergola-blanche\\\/#breadcrumb\",\"itemListElement\":[{\"@type\":\"ListItem\",\"position\":1,\"name\":\"Accueil\",\"item\":{\"@type\":\"WebPage\",\"@id\":\"https:\\\/\\\/www.verandair.com\\\/fr\\\/\",\"name\":\"Accueil\"}},{\"@type\":\"ListItem\",\"position\":2,\"name\":\"La magie de la pergola blanche : Comment elle transforme l&#8217;espace ext\u00e9rieur de votre maison\"}]},{\"@type\":\"WebSite\",\"@id\":\"https:\\\/\\\/www.verandair.com\\\/fr\\\/#website\",\"url\":\"https:\\\/\\\/www.verandair.com\\\/fr\\\/\",\"name\":\"VERANDAIR\u00ae\",\"description\":\"\",\"publisher\":{\"@id\":\"https:\\\/\\\/www.verandair.com\\\/fr\\\/#organization\"},\"potentialAction\":[{\"@type\":\"SearchAction\",\"target\":{\"@type\":\"EntryPoint\",\"urlTemplate\":\"https:\\\/\\\/www.verandair.com\\\/fr\\\/?s={search_term_string}\"},\"query-input\":{\"@type\":\"PropertyValueSpecification\",\"valueRequired\":true,\"valueName\":\"search_term_string\"}}],\"inLanguage\":\"fr-FR\"},{\"@type\":\"Organization\",\"@id\":\"https:\\\/\\\/www.verandair.com\\\/fr\\\/#organization\",\"name\":\"Verandair\",\"url\":\"https:\\\/\\\/www.verandair.com\\\/fr\\\/\",\"logo\":{\"@type\":\"ImageObject\",\"inLanguage\":\"fr-FR\",\"@id\":\"https:\\\/\\\/www.verandair.com\\\/fr\\\/#\\\/schema\\\/logo\\\/image\\\/\",\"url\":\"https:\\\/\\\/www.verandair.com\\\/wp-content\\\/uploads\\\/2024\\\/06\\\/VERANDAIR-logo.png\",\"contentUrl\":\"https:\\\/\\\/www.verandair.com\\\/wp-content\\\/uploads\\\/2024\\\/06\\\/VERANDAIR-logo.png\",\"width\":283,\"height\":127,\"caption\":\"Verandair\"},\"image\":{\"@id\":\"https:\\\/\\\/www.verandair.com\\\/fr\\\/#\\\/schema\\\/logo\\\/image\\\/\"}},{\"@type\":\"Person\",\"@id\":\"https:\\\/\\\/www.verandair.com\\\/fr\\\/#\\\/schema\\\/person\\\/af737cd43f080163882becebbd86c4db\",\"name\":\"caro\",\"image\":{\"@type\":\"ImageObject\",\"inLanguage\":\"fr-FR\",\"@id\":\"https:\\\/\\\/secure.gravatar.com\\\/avatar\\\/4c356829a7552d3573f0151ea3bcc417616acba472a5e3565de5ae3a5b614aab?s=96&d=mm&r=g\",\"url\":\"https:\\\/\\\/secure.gravatar.com\\\/avatar\\\/4c356829a7552d3573f0151ea3bcc417616acba472a5e3565de5ae3a5b614aab?s=96&d=mm&r=g\",\"contentUrl\":\"https:\\\/\\\/secure.gravatar.com\\\/avatar\\\/4c356829a7552d3573f0151ea3bcc417616acba472a5e3565de5ae3a5b614aab?s=96&d=mm&r=g\",\"caption\":\"caro\"}}]}<\/script>\n<!-- \/ Yoast SEO plugin. -->","yoast_head_json":{"title":"Transformez votre Ext\u00e9rieur avec une Pergola Blanche !","description":"D\u00e9couvrez comment une pergola blanche peut m\u00e9tamorphoser votre espace ext\u00e9rieur. Esth\u00e9tique, lumi\u00e8re naturelle et personnalisation: tout ce qu'il faut savoir!","robots":{"index":"index","follow":"follow","max-snippet":"max-snippet:-1","max-image-preview":"max-image-preview:large","max-video-preview":"max-video-preview:-1"},"canonical":"https:\/\/www.verandair.com\/fr\/pergola-blanche\/","og_locale":"fr_FR","og_type":"article","og_title":"Transformez votre Ext\u00e9rieur avec une Pergola Blanche !","og_description":"D\u00e9couvrez comment une pergola blanche peut m\u00e9tamorphoser votre espace ext\u00e9rieur. Esth\u00e9tique, lumi\u00e8re naturelle et personnalisation: tout ce qu'il faut savoir!","og_url":"https:\/\/www.verandair.com\/fr\/pergola-blanche\/","og_site_name":"VERANDAIR\u00ae","article_published_time":"2023-09-24T05:45:38+00:00","article_modified_time":"2024-03-21T08:51:30+00:00","og_image":[{"width":1200,"height":1200,"url":"https:\/\/www.verandair.com\/wp-content\/uploads\/2023\/08\/pergola-blanche.jpg","type":"image\/jpeg"}],"author":"caro","twitter_card":"summary_large_image","twitter_misc":{"\u00c9crit par":"caro","Dur\u00e9e de lecture estim\u00e9e":"6 minutes"},"schema":{"@context":"https:\/\/schema.org","@graph":[{"@type":"Article","@id":"https:\/\/www.verandair.com\/fr\/pergola-blanche\/#article","isPartOf":{"@id":"https:\/\/www.verandair.com\/fr\/pergola-blanche\/"},"author":{"name":"caro","@id":"https:\/\/www.verandair.com\/fr\/#\/schema\/person\/af737cd43f080163882becebbd86c4db"},"headline":"La magie de la pergola blanche : Comment elle transforme l&#8217;espace ext\u00e9rieur de votre maison","datePublished":"2023-09-24T05:45:38+00:00","dateModified":"2024-03-21T08:51:30+00:00","mainEntityOfPage":{"@id":"https:\/\/www.verandair.com\/fr\/pergola-blanche\/"},"wordCount":1215,"publisher":{"@id":"https:\/\/www.verandair.com\/fr\/#organization"},"image":{"@id":"https:\/\/www.verandair.com\/fr\/pergola-blanche\/#primaryimage"},"thumbnailUrl":"https:\/\/www.verandair.com\/wp-content\/uploads\/2023\/08\/pergola-blanche.jpg","articleSection":["Pergolas"],"inLanguage":"fr-FR"},{"@type":"WebPage","@id":"https:\/\/www.verandair.com\/fr\/pergola-blanche\/","url":"https:\/\/www.verandair.com\/fr\/pergola-blanche\/","name":"Transformez votre Ext\u00e9rieur avec une Pergola Blanche !","isPartOf":{"@id":"https:\/\/www.verandair.com\/fr\/#website"},"primaryImageOfPage":{"@id":"https:\/\/www.verandair.com\/fr\/pergola-blanche\/#primaryimage"},"image":{"@id":"https:\/\/www.verandair.com\/fr\/pergola-blanche\/#primaryimage"},"thumbnailUrl":"https:\/\/www.verandair.com\/wp-content\/uploads\/2023\/08\/pergola-blanche.jpg","datePublished":"2023-09-24T05:45:38+00:00","dateModified":"2024-03-21T08:51:30+00:00","description":"D\u00e9couvrez comment une pergola blanche peut m\u00e9tamorphoser votre espace ext\u00e9rieur. Esth\u00e9tique, lumi\u00e8re naturelle et personnalisation: tout ce qu'il faut savoir!","breadcrumb":{"@id":"https:\/\/www.verandair.com\/fr\/pergola-blanche\/#breadcrumb"},"inLanguage":"fr-FR","potentialAction":[{"@type":"ReadAction","target":["https:\/\/www.verandair.com\/fr\/pergola-blanche\/"]}]},{"@type":"ImageObject","inLanguage":"fr-FR","@id":"https:\/\/www.verandair.com\/fr\/pergola-blanche\/#primaryimage","url":"https:\/\/www.verandair.com\/wp-content\/uploads\/2023\/08\/pergola-blanche.jpg","contentUrl":"https:\/\/www.verandair.com\/wp-content\/uploads\/2023\/08\/pergola-blanche.jpg","width":1200,"height":1200,"caption":"Pergola blanche recouvre une grande terrasse am\u00e9nag\u00e9e avec un salon ext\u00e9rieur en tissu et une table avec des chaises"},{"@type":"BreadcrumbList","@id":"https:\/\/www.verandair.com\/fr\/pergola-blanche\/#breadcrumb","itemListElement":[{"@type":"ListItem","position":1,"name":"Accueil","item":{"@type":"WebPage","@id":"https:\/\/www.verandair.com\/fr\/","name":"Accueil"}},{"@type":"ListItem","position":2,"name":"La magie de la pergola blanche : Comment elle transforme l&#8217;espace ext\u00e9rieur de votre maison"}]},{"@type":"WebSite","@id":"https:\/\/www.verandair.com\/fr\/#website","url":"https:\/\/www.verandair.com\/fr\/","name":"VERANDAIR\u00ae","description":"","publisher":{"@id":"https:\/\/www.verandair.com\/fr\/#organization"},"potentialAction":[{"@type":"SearchAction","target":{"@type":"EntryPoint","urlTemplate":"https:\/\/www.verandair.com\/fr\/?s={search_term_string}"},"query-input":{"@type":"PropertyValueSpecification","valueRequired":true,"valueName":"search_term_string"}}],"inLanguage":"fr-FR"},{"@type":"Organization","@id":"https:\/\/www.verandair.com\/fr\/#organization","name":"Verandair","url":"https:\/\/www.verandair.com\/fr\/","logo":{"@type":"ImageObject","inLanguage":"fr-FR","@id":"https:\/\/www.verandair.com\/fr\/#\/schema\/logo\/image\/","url":"https:\/\/www.verandair.com\/wp-content\/uploads\/2024\/06\/VERANDAIR-logo.png","contentUrl":"https:\/\/www.verandair.com\/wp-content\/uploads\/2024\/06\/VERANDAIR-logo.png","width":283,"height":127,"caption":"Verandair"},"image":{"@id":"https:\/\/www.verandair.com\/fr\/#\/schema\/logo\/image\/"}},{"@type":"Person","@id":"https:\/\/www.verandair.com\/fr\/#\/schema\/person\/af737cd43f080163882becebbd86c4db","name":"caro","image":{"@type":"ImageObject","inLanguage":"fr-FR","@id":"https:\/\/secure.gravatar.com\/avatar\/4c356829a7552d3573f0151ea3bcc417616acba472a5e3565de5ae3a5b614aab?s=96&d=mm&r=g","url":"https:\/\/secure.gravatar.com\/avatar\/4c356829a7552d3573f0151ea3bcc417616acba472a5e3565de5ae3a5b614aab?s=96&d=mm&r=g","contentUrl":"https:\/\/secure.gravatar.com\/avatar\/4c356829a7552d3573f0151ea3bcc417616acba472a5e3565de5ae3a5b614aab?s=96&d=mm&r=g","caption":"caro"}}]}},"_links":{"self":[{"href":"https:\/\/www.verandair.com\/fr\/wp-json\/wp\/v2\/posts\/54060","targetHints":{"allow":["GET"]}}],"collection":[{"href":"https:\/\/www.verandair.com\/fr\/wp-json\/wp\/v2\/posts"}],"about":[{"href":"https:\/\/www.verandair.com\/fr\/wp-json\/wp\/v2\/types\/post"}],"author":[{"embeddable":true,"href":"https:\/\/www.verandair.com\/fr\/wp-json\/wp\/v2\/users\/4"}],"replies":[{"embeddable":true,"href":"https:\/\/www.verandair.com\/fr\/wp-json\/wp\/v2\/comments?post=54060"}],"version-history":[{"count":2,"href":"https:\/\/www.verandair.com\/fr\/wp-json\/wp\/v2\/posts\/54060\/revisions"}],"predecessor-version":[{"id":60496,"href":"https:\/\/www.verandair.com\/fr\/wp-json\/wp\/v2\/posts\/54060\/revisions\/60496"}],"wp:featuredmedia":[{"embeddable":true,"href":"https:\/\/www.verandair.com\/fr\/wp-json\/wp\/v2\/media\/54068"}],"wp:attachment":[{"href":"https:\/\/www.verandair.com\/fr\/wp-json\/wp\/v2\/media?parent=54060"}],"wp:term":[{"taxonomy":"category","embeddable":true,"href":"https:\/\/www.verandair.com\/fr\/wp-json\/wp\/v2\/categories?post=54060"},{"taxonomy":"post_tag","embeddable":true,"href":"https:\/\/www.verandair.com\/fr\/wp-json\/wp\/v2\/tags?post=54060"}],"curies":[{"name":"wp","href":"https:\/\/api.w.org\/{rel}","templated":true}]}}