{"id":56192,"date":"2023-11-10T08:30:16","date_gmt":"2023-11-10T07:30:16","guid":{"rendered":"https:\/\/www.verandair.com\/?p=56192"},"modified":"2024-04-02T14:05:39","modified_gmt":"2024-04-02T12:05:39","slug":"comment-chauffer-pergola-ou-abri-terrasse","status":"publish","type":"post","link":"https:\/\/www.verandair.com\/fr\/comment-chauffer-pergola-ou-abri-terrasse\/","title":{"rendered":"Comment chauffer votre abri de terrasse ou pergola ?"},"content":{"rendered":"<p>[et_pb_section fb_built=&#8221;1&#8243; _builder_version=&#8221;4.22.2&#8243; _module_preset=&#8221;default&#8221; global_colors_info=&#8221;{}&#8221; theme_builder_area=&#8221;post_content&#8221;][et_pb_row _builder_version=&#8221;4.22.2&#8243; _module_preset=&#8221;default&#8221; global_colors_info=&#8221;{}&#8221; theme_builder_area=&#8221;post_content&#8221;][et_pb_column type=&#8221;4_4&#8243; _builder_version=&#8221;4.22.2&#8243; _module_preset=&#8221;default&#8221; global_colors_info=&#8221;{}&#8221; theme_builder_area=&#8221;post_content&#8221;][et_pb_text _builder_version=&#8221;4.24.2&#8243; _module_preset=&#8221;default&#8221; global_colors_info=&#8221;{}&#8221; theme_builder_area=&#8221;post_content&#8221;]<\/p>\n<p>Imaginez-vous savourez un caf\u00e9 sous votre <a href=\"https:\/\/www.verandair.com\/pergola\/\">pergola<\/a> en contemplant la ros\u00e9e du matin ou passer une soir\u00e9e d\u2019automne pr\u00e8s d\u2019un brasero, qui vous apporte une chaleur r\u00e9confortante. Cela est possible uniquement si votre espace ext\u00e9rieur est correctement chauff\u00e9, avec une <strong>solution de chauffage ad\u00e9quate<\/strong>.<\/p>\n<p>\u00c0 travers cet article, nous vous conseillons pour <strong>choisir le chauffage le plus ad\u00e9quat<\/strong> parmi les diff\u00e9rentes solutions qui existent pour chauffer votre espace ext\u00e9rieur.<\/p>\n<p>&nbsp;<\/p>\n<h2>Pourquoi chauffer votre pergola ou abri de terrasse\u00a0?<\/h2>\n<h3>Un espace ext\u00e9rieur en toute saison<\/h3>\n<p>Un <a href=\"https:\/\/www.verandair.com\/fr\/abri-de-terrasse\/\"><strong>abri de terrasse<\/strong><\/a><strong> chauff\u00e9<\/strong> efface la distinction entre les saisons, vous invitant \u00e0 profiter de votre jardin m\u00eame lorsque le froid cherche \u00e0 vous retenir \u00e0 l\u2019int\u00e9rieur de votre maison. Que ce soit pour une pause lecture ou pour un d\u00eener aux chandelles, la chaleur apport\u00e9e par les solutions de chauffage ext\u00e9rieur assure <strong>un confort indispensable<\/strong> et <strong>une ambiance conviviale<\/strong>. De quoi rassembler la famille et les amis dans votre agr\u00e9able pergola, et ce en toutes circonstances\u00a0!<\/p>\n<p>&nbsp;<\/p>\n<h3>Une plus-value pour votre maison<\/h3>\n<p>Au-del\u00e0 du confort, le fait que votre <a href=\"https:\/\/www.verandair.com\/fr\/pergolas\/\">pergola<\/a> ou <a href=\"https:\/\/www.verandair.com\/fr\/abri-de-terrasse\/\">abri de terrasse<\/a> poss\u00e8de un chauffage pr\u00e9sente un <strong>avantage \u00e9conomique appr\u00e9ciable<\/strong>. En chauffant votre installation ext\u00e9rieure, vous <strong>prolongez sa dur\u00e9e de vie<\/strong>, en r\u00e9duisant les contraintes li\u00e9es aux variations de temp\u00e9rature mais pas que\u00a0!<\/p>\n<p>Il augmente aussi la valeur de votre propri\u00e9t\u00e9. En effet, une pergola ou un abri de terrasse utilisable toute l\u2019ann\u00e9e devient un <strong>argument de vente puissant<\/strong>, qui distingue votre maison sur le march\u00e9 immobilier.<\/p>\n<p>&nbsp;<\/p>\n<p>[\/et_pb_text][et_pb_image src=&#8221;https:\/\/www.verandair.com\/wp-content\/uploads\/2023\/11\/Design-sans-titre-12-1.jpg&#8221; alt=&#8221;Pergola durant la p\u00e9riode hivernale avec de la neige&#8221; title_text=&#8221;pergola-hiver&#8221; align=&#8221;center&#8221; force_fullwidth=&#8221;on&#8221; _builder_version=&#8221;4.22.2&#8243; _module_preset=&#8221;default&#8221; global_colors_info=&#8221;{}&#8221; theme_builder_area=&#8221;post_content&#8221;][\/et_pb_image][et_pb_text _builder_version=&#8221;4.24.2&#8243; _module_preset=&#8221;default&#8221; global_colors_info=&#8221;{}&#8221; theme_builder_area=&#8221;post_content&#8221;]<\/p>\n<h2><\/h2>\n<h2>Une solution de chauffage fixe ou mobile\u00a0?<\/h2>\n<p>Vous souhaitez <strong>profiter de votre pergola toute l\u2019ann\u00e9e<\/strong> et vous ne savez pas quel type de chauffage choisir, plut\u00f4t fixe ou plut\u00f4t mobile\u00a0? Cela d\u00e9pend de votre budget mais pas que\u00a0!<\/p>\n<p>&nbsp;<\/p>\n<h3>Le co\u00fbt<\/h3>\n<p>En termes de maintenance et de co\u00fbt \u00e0 long terme, les <strong>solutions fixes<\/strong> sont souvent plus avantageuses puisque celles-ci sont g\u00e9n\u00e9ralement <strong>plus durables et \u00e9conomes en \u00e9nergie<\/strong>. Les <strong>chauffages mobiles<\/strong> peuvent, quant \u00e0 eux, n\u00e9cessiter des recharges de combustible ou une <strong>consommation \u00e9lectrique plus \u00e9lev\u00e9e<\/strong>.<\/p>\n<p>&nbsp;<\/p>\n<h3>L\u2019efficacit\u00e9<\/h3>\n<p>L\u2019efficacit\u00e9 du chauffage peut \u00eatre am\u00e9lior\u00e9 par la conception m\u00eame de la <a href=\"https:\/\/www.verandair.com\/fr\/pergolas\/\">pergola<\/a>. Une bonne orientation et l\u2019utilisation de mat\u00e9riaux appropri\u00e9s peuvent maximiser la chaleur naturelle. En effet, une orientation sud-est ou sud-ouest peut b\u00e9n\u00e9ficier de l\u2019effet de serre sans causer de surchauffe en \u00e9t\u00e9.<\/p>\n<p>&nbsp;<\/p>\n<h3>Conseil\u00a0: prenez en compte l\u2019\u00e9tanch\u00e9it\u00e9 de votre pergola ou abri de terrasse<\/h3>\n<p>Il est essentiel de tenir compte de l\u2019\u00e9tanch\u00e9it\u00e9 de la pergola ou abri de terrasse. Une <strong>toiture \u00e9tanche<\/strong> et des <strong>options de fermeture ad\u00e9quates<\/strong> font en sorte que la chaleur reste bien \u00e0 l\u2019int\u00e9rieur de votre installation ext\u00e9rieure.<\/p>\n<p>En outre, les <a href=\"https:\/\/www.verandair.com\/fr\/pergolas\/pergola-bioclimatique\/\">pergolas bioclimatiques<\/a>, avec leurs lames en aluminium et leur \u00e9tanch\u00e9it\u00e9 certifi\u00e9e, peuvent mieux conserver la chaleur compar\u00e9 aux tonnelles plus traditionnelles.<\/p>\n<p>[\/et_pb_text][et_pb_button button_url=&#8221;https:\/\/www.verandair.com\/fr\/pergolas\/&#8221; button_text=&#8221;D\u00e9couvrez nos mod\u00e8les&#8221; button_alignment=&#8221;center&#8221; _builder_version=&#8221;4.24.2&#8243; _module_preset=&#8221;default&#8221; global_colors_info=&#8221;{}&#8221; theme_builder_area=&#8221;post_content&#8221;][\/et_pb_button][et_pb_text _builder_version=&#8221;4.24.2&#8243; _module_preset=&#8221;default&#8221; global_colors_info=&#8221;{}&#8221; theme_builder_area=&#8221;post_content&#8221;]<\/p>\n<h2><\/h2>\n<h2>Quels sont les diff\u00e9rents types de chauffage\u00a0?<\/h2>\n<h3>Chauffage au gaz<\/h3>\n<p>Les chauffages au gaz sont <strong>tr\u00e8s pris\u00e9s notamment d\u00fb \u00e0 leur efficacit\u00e9 et \u00e0 leur facilit\u00e9 d\u2019utilisation<\/strong>. Le chauffage au gaz fonctionne au propane ou au butane afin d\u2019<strong>offrir une chaleur imm\u00e9diate<\/strong> et sont souvent portables. Vous pouvez ainsi le d\u00e9placer au gr\u00e9 de vos envies et selon vos besoins.<\/p>\n<p>Avec le chauffage au gaz, vous b\u00e9n\u00e9ficiez d\u2019une <strong>source de chaleur propre et sans cendres<\/strong>, id\u00e9ale pour les personnes dont la facilit\u00e9 d\u2019entretien est une priorit\u00e9\u00a0!<\/p>\n<p>&nbsp;<\/p>\n<h3>Po\u00eales ext\u00e9rieurs<\/h3>\n<p>Vous voulez apporter <strong>un c\u00f4t\u00e9 rustique et convivial \u00e0 votre terrasse<\/strong>\u00a0? Vous aimez <strong>entendre le cr\u00e9pitement du bois<\/strong> qui se consume\u00a0? Que ce soit un mod\u00e8le fonctionnant au bois ou aliment\u00e9 par un autre combustible, le po\u00eale ext\u00e9rieur r\u00e9unit famille et amis autour de sa chaleur r\u00e9confortante.<\/p>\n<p>De plus, <strong>les po\u00eales ext\u00e9rieurs ajoutent un caract\u00e8re \u00e0 votre pergola ou <\/strong><a href=\"https:\/\/www.verandair.com\/fr\/abri-de-terrasse\/\"><strong>abri de terrasse<\/strong><\/a> en l\u2019ancrant dans une atmosph\u00e8re intemporelle.<\/p>\n<p>&nbsp;<\/p>\n<p>[\/et_pb_text][et_pb_image src=&#8221;https:\/\/www.verandair.com\/wp-content\/uploads\/2023\/11\/Design-sans-titre-16-1.jpg&#8221; alt=&#8221;Po\u00eale ext\u00e9rieur pour chauffer sa pergola avec une terrasse en bois&#8221; title_text=&#8221;chauffage-pergola&#8221; align=&#8221;center&#8221; _builder_version=&#8221;4.22.2&#8243; _module_preset=&#8221;default&#8221; global_colors_info=&#8221;{}&#8221; theme_builder_area=&#8221;post_content&#8221;][\/et_pb_image][et_pb_text _builder_version=&#8221;4.22.2&#8243; _module_preset=&#8221;default&#8221; global_colors_info=&#8221;{}&#8221; theme_builder_area=&#8221;post_content&#8221;]<\/p>\n<h3>\u00a0<\/h3>\n<h3>Lampes infrarouges<\/h3>\n<p>Optez pour des lampes infrarouges si vous souhaitez <strong>chauffer directement les personnes sans r\u00e9chauffer l\u2019air ambiant<\/strong>. De quoi \u00e9viter le gaspillage \u00e9nerg\u00e9tique\u00a0!<\/p>\n<p>L\u2019installation d\u2019une lampe infrarouge est un jeu d\u2019enfant\u00a0: elle se fixe simplement \u00e0 la structure de votre pergola ou abri de terrasse. Un autre \u00e9l\u00e9ment, et pas des moindres, ces lampes <strong>consomment moins d\u2019\u00e9nergie<\/strong> ce qui impacte positivement le montant de vos factures.<\/p>\n<h3>\u00a0<\/h3>\n<h3>Braseros<\/h3>\n<p>Les braseros apportent de la chaleur et une <strong>ambiance tr\u00e8s cocooning avec leur feu ouvert<\/strong>. Au sein de votre pergola ou abri de terrasse, le brasero peut devenir un \u00e9l\u00e9ment central qui apporte \u00e0 la fois <strong>une source de chaleur et une source de lumi\u00e8re<\/strong>. Les braseros se d\u00e9clinent en <strong>diff\u00e9rents mat\u00e9riaux et designs<\/strong>, allant du rustique au moderne, pour s\u2019adapter \u00e0 tout style de pergola ou abri de terrasse.<\/p>\n<p>&nbsp;<\/p>\n<h3>Pompe \u00e0 chaleur<\/h3>\n<p>Une pompe \u00e0 chaleur est une solution<strong> innovante et \u00e9cologique<\/strong> pour chauffer votre pergola ou abri de terrasse. Ce syst\u00e8me <strong>utilise les calories pr\u00e9sentes dans l&#8217;air ext\u00e9rieur pour produire de la chaleur<\/strong>. Cela en fait une option durable et \u00e9conomique sur le long terme.<\/p>\n<p>Avec l&#8217;installation d&#8217;une pompe \u00e0 chaleur, vous pourrez non seulement augmenter la temp\u00e9rature de votre espace ext\u00e9rieur mais \u00e9galement <strong>contribuer \u00e0 la protection de l&#8217;environnement<\/strong>.<\/p>\n<p>&nbsp;<\/p>\n<p>[\/et_pb_text][et_pb_image src=&#8221;https:\/\/www.verandair.com\/wp-content\/uploads\/2023\/11\/Design-sans-titre-17-2.jpg&#8221; alt=&#8221;Pergola chauff\u00e9e avec une terrasse en bois&#8221; title_text=&#8221;abri-terrasse-bioclimatique&#8221; align=&#8221;center&#8221; _builder_version=&#8221;4.22.2&#8243; _module_preset=&#8221;default&#8221; global_colors_info=&#8221;{}&#8221; theme_builder_area=&#8221;post_content&#8221;][\/et_pb_image][et_pb_text _builder_version=&#8221;4.24.2&#8243; _module_preset=&#8221;default&#8221; global_colors_info=&#8221;{}&#8221; theme_builder_area=&#8221;post_content&#8221;]<\/p>\n<p>&nbsp;<\/p>\n<h2>Bref<\/h2>\n<p>Avoir un chauffage efficace est la promesse d\u2019un <strong>espace ext\u00e9rieur toujours accueillant o\u00f9 il fait bon vivre<\/strong>\u00a0! Chez <a href=\"https:\/\/www.verandair.com\/fr\/\">Verandair<\/a>, nous vous aidons \u00e0 trouver la solution de chauffage id\u00e9ale qui conviendra le mieux \u00e0 votre espace de vie ext\u00e9rieur. Notre \u00e9quipe vous fera \u00e9galement d\u00e9couvrir nos autres produits qui am\u00e9liorons votre confort.<\/p>\n<p>[\/et_pb_text][et_pb_button button_url=&#8221;https:\/\/www.verandair.com\/fr\/contact\/&#8221; button_text=&#8221;Contactez nos experts&#8221; button_alignment=&#8221;center&#8221; _builder_version=&#8221;4.24.2&#8243; _module_preset=&#8221;default&#8221; global_colors_info=&#8221;{}&#8221; theme_builder_area=&#8221;post_content&#8221;][\/et_pb_button][\/et_pb_column][\/et_pb_row][\/et_pb_section][et_pb_section fb_built=&#8221;1&#8243; _builder_version=&#8221;4.22.2&#8243; _module_preset=&#8221;default&#8221; background_color=&#8221;#009F9C&#8221; collapsed=&#8221;off&#8221; global_colors_info=&#8221;{}&#8221; theme_builder_area=&#8221;post_content&#8221;][et_pb_row column_structure=&#8221;2_5,3_5&#8243; _builder_version=&#8221;4.22.2&#8243; _module_preset=&#8221;default&#8221; background_color=&#8221;#FFFFFF&#8221; global_colors_info=&#8221;{}&#8221; theme_builder_area=&#8221;post_content&#8221;][et_pb_column type=&#8221;2_5&#8243; _builder_version=&#8221;4.22.2&#8243; _module_preset=&#8221;default&#8221; global_colors_info=&#8221;{}&#8221; theme_builder_area=&#8221;post_content&#8221;][et_pb_image src=&#8221;https:\/\/www.verandair.com\/wp-content\/uploads\/2021\/12\/brochure-pergola-bioclimatique.png&#8221; alt=&#8221;brochure pergola bioclimatique Verandair&#8221; title_text=&#8221;brochure-pergola-bioclimatique&#8221; url=&#8221;https:\/\/info.verandair.com\/brochure-pergola\/&#8221; url_new_window=&#8221;on&#8221; align=&#8221;center&#8221; align_tablet=&#8221;center&#8221; align_phone=&#8221;center&#8221; align_last_edited=&#8221;on|desktop&#8221; _builder_version=&#8221;4.22.2&#8243; _module_preset=&#8221;default&#8221; custom_css_main_element=&#8221;max-width:280px;&#8221; global_colors_info=&#8221;{}&#8221; theme_builder_area=&#8221;post_content&#8221;][\/et_pb_image][\/et_pb_column][et_pb_column type=&#8221;3_5&#8243; _builder_version=&#8221;4.22.2&#8243; _module_preset=&#8221;default&#8221; global_colors_info=&#8221;{}&#8221; theme_builder_area=&#8221;post_content&#8221;][et_pb_text _builder_version=&#8221;4.24.2&#8243; _module_preset=&#8221;default&#8221; global_colors_info=&#8221;{}&#8221; theme_builder_area=&#8221;post_content&#8221;]<\/p>\n<h3 style=\"font-size: 35px!important; line-height: 45px; text-align: center; color: #333333;\"><strong>Brochure VERANDAIR\u00ae\u00a0<\/strong><\/h3>\n<p>[\/et_pb_text][et_pb_text _builder_version=&#8221;4.24.2&#8243; _module_preset=&#8221;default&#8221; custom_margin=&#8221;|20px|||false|false&#8221; custom_padding=&#8221;||||false|false&#8221; global_colors_info=&#8221;{}&#8221; theme_builder_area=&#8221;post_content&#8221;]<\/p>\n<p style=\"text-align: center; font-size: 20px; line-height: 30px;\">T\u00e9l\u00e9chargez notre brochure et d\u00e9couvrez nos pergolas. Gr\u00e2ce \u00e0 nos mod\u00e8les de pergolas, vous pourrez profiter de vos ext\u00e9rieurs tout au long de l\u2019ann\u00e9e. Suivez nos conseils pour bien choisir votre pergola!<\/p>\n<p>[\/et_pb_text][et_pb_button button_url=&#8221;https:\/\/info.verandair.com\/brochure-pergola\/&#8221; url_new_window=&#8221;on&#8221; button_text=&#8221;\u00bb Je t\u00e9l\u00e9charge ma brochure&#8221; button_alignment=&#8221;center&#8221; module_class=&#8221;custom-btn-orange&#8221; _builder_version=&#8221;4.22.2&#8243; _module_preset=&#8221;default&#8221; global_colors_info=&#8221;{}&#8221; theme_builder_area=&#8221;post_content&#8221;][\/et_pb_button][et_pb_code _builder_version=&#8221;4.22.2&#8243; _module_preset=&#8221;default&#8221; global_colors_info=&#8221;{}&#8221; theme_builder_area=&#8221;post_content&#8221;]<\/p>\n<style><!-- [et_pb_line_break_holder] -->  a.et_pb_button.custom-btn-orange{<!-- [et_pb_line_break_holder] -->    background:#EF865B!important;<!-- [et_pb_line_break_holder] -->  }<!-- [et_pb_line_break_holder] -->  a.et_pb_button.custom-btn-orange:hover{<!-- [et_pb_line_break_holder] -->    background:#F4AD91!important;<!-- [et_pb_line_break_holder] -->  }<!-- [et_pb_line_break_holder] --><\/style>\n<p>[\/et_pb_code][\/et_pb_column][\/et_pb_row][\/et_pb_section]<\/p>\n","protected":false},"excerpt":{"rendered":"<p>Imaginez-vous savourez un caf\u00e9 sous votre pergola en contemplant la ros\u00e9e du matin ou passer une soir\u00e9e d\u2019automne pr\u00e8s d\u2019un brasero, qui vous apporte une chaleur r\u00e9confortante. Cela est possible uniquement si votre espace ext\u00e9rieur est correctement chauff\u00e9, avec une solution de chauffage ad\u00e9quate. \u00c0 travers cet article, nous vous conseillons pour choisir le chauffage le plus ad\u00e9quat parmi les diff\u00e9rentes solutions qui existent pour chauffer votre espace ext\u00e9rieur. &nbsp; Pourquoi chauffer votre pergola ou abri de terrasse\u00a0? Un espace ext\u00e9rieur en toute saison Un abri de terrasse chauff\u00e9 efface la distinction entre les saisons, vous invitant \u00e0 profiter de votre jardin m\u00eame lorsque le froid cherche \u00e0 vous retenir \u00e0 l\u2019int\u00e9rieur de votre maison. Que ce soit pour une pause lecture ou pour un d\u00eener aux chandelles, la chaleur apport\u00e9e par les solutions de chauffage ext\u00e9rieur assure un confort indispensable et une ambiance conviviale. De quoi rassembler la famille et les amis dans votre agr\u00e9able pergola, et ce en toutes circonstances\u00a0! &nbsp; Une plus-value pour votre maison Au-del\u00e0 du confort, le fait que votre pergola ou abri de terrasse poss\u00e8de un chauffage pr\u00e9sente un avantage \u00e9conomique appr\u00e9ciable. En chauffant votre installation ext\u00e9rieure, vous prolongez sa dur\u00e9e de vie, en [&hellip;]<\/p>\n","protected":false},"author":10,"featured_media":56214,"comment_status":"closed","ping_status":"closed","sticky":false,"template":"","format":"standard","meta":{"_acf_changed":false,"_et_pb_use_builder":"on","_et_pb_old_content":"","_et_gb_content_width":"","inline_featured_image":false,"footnotes":""},"categories":[33],"tags":[],"class_list":["post-56192","post","type-post","status-publish","format-standard","has-post-thumbnail","hentry","category-pergolas"],"acf":[],"yoast_head":"<!-- This site is optimized with the Yoast SEO plugin v27.4 - https:\/\/yoast.com\/product\/yoast-seo-wordpress\/ -->\n<title>Chauffez votre Pergola ou Abri de terrasse \u2013 Confort maximal<\/title>\n<meta name=\"description\" content=\"D\u00e9couvrez nos solutions de chauffage pour profiter de votre pergola tout au long de l\u2019ann\u00e9e ! Braseros, Lampes infrarouges, Po\u00eales ext\u00e9rieurs.\" \/>\n<meta name=\"robots\" content=\"index, follow, max-snippet:-1, max-image-preview:large, max-video-preview:-1\" \/>\n<link rel=\"canonical\" href=\"https:\/\/www.verandair.com\/fr\/comment-chauffer-pergola-ou-abri-terrasse\/\" \/>\n<meta property=\"og:locale\" content=\"fr_FR\" \/>\n<meta property=\"og:type\" content=\"article\" \/>\n<meta property=\"og:title\" content=\"Chauffez votre Pergola ou Abri de terrasse \u2013 Confort maximal\" \/>\n<meta property=\"og:description\" content=\"D\u00e9couvrez nos solutions de chauffage pour profiter de votre pergola tout au long de l\u2019ann\u00e9e ! Braseros, Lampes infrarouges, Po\u00eales ext\u00e9rieurs.\" \/>\n<meta property=\"og:url\" content=\"https:\/\/www.verandair.com\/fr\/comment-chauffer-pergola-ou-abri-terrasse\/\" \/>\n<meta property=\"og:site_name\" content=\"VERANDAIR\u00ae\" \/>\n<meta property=\"article:published_time\" content=\"2023-11-10T07:30:16+00:00\" \/>\n<meta property=\"article:modified_time\" content=\"2024-04-02T12:05:39+00:00\" \/>\n<meta property=\"og:image\" content=\"https:\/\/www.verandair.com\/wp-content\/uploads\/2023\/11\/Design-sans-titre-15.jpg\" \/>\n\t<meta property=\"og:image:width\" content=\"960\" \/>\n\t<meta property=\"og:image:height\" content=\"625\" \/>\n\t<meta property=\"og:image:type\" content=\"image\/jpeg\" \/>\n<meta name=\"author\" content=\"eglantine\" \/>\n<meta name=\"twitter:card\" content=\"summary_large_image\" \/>\n<meta name=\"twitter:label1\" content=\"\u00c9crit par\" \/>\n\t<meta name=\"twitter:data1\" content=\"eglantine\" \/>\n\t<meta name=\"twitter:label2\" content=\"Dur\u00e9e de lecture estim\u00e9e\" \/>\n\t<meta name=\"twitter:data2\" content=\"6 minutes\" \/>\n<script type=\"application\/ld+json\" class=\"yoast-schema-graph\">{\"@context\":\"https:\\\/\\\/schema.org\",\"@graph\":[{\"@type\":\"Article\",\"@id\":\"https:\\\/\\\/www.verandair.com\\\/fr\\\/comment-chauffer-pergola-ou-abri-terrasse\\\/#article\",\"isPartOf\":{\"@id\":\"https:\\\/\\\/www.verandair.com\\\/fr\\\/comment-chauffer-pergola-ou-abri-terrasse\\\/\"},\"author\":{\"name\":\"eglantine\",\"@id\":\"https:\\\/\\\/www.verandair.com\\\/fr\\\/#\\\/schema\\\/person\\\/8b90d245d7529bd82572ac56bc61a522\"},\"headline\":\"Comment chauffer votre abri de terrasse ou pergola ?\",\"datePublished\":\"2023-11-10T07:30:16+00:00\",\"dateModified\":\"2024-04-02T12:05:39+00:00\",\"mainEntityOfPage\":{\"@id\":\"https:\\\/\\\/www.verandair.com\\\/fr\\\/comment-chauffer-pergola-ou-abri-terrasse\\\/\"},\"wordCount\":1656,\"publisher\":{\"@id\":\"https:\\\/\\\/www.verandair.com\\\/fr\\\/#organization\"},\"image\":{\"@id\":\"https:\\\/\\\/www.verandair.com\\\/fr\\\/comment-chauffer-pergola-ou-abri-terrasse\\\/#primaryimage\"},\"thumbnailUrl\":\"https:\\\/\\\/www.verandair.com\\\/wp-content\\\/uploads\\\/2023\\\/11\\\/Design-sans-titre-15.jpg\",\"articleSection\":[\"Pergolas\"],\"inLanguage\":\"fr-FR\"},{\"@type\":\"WebPage\",\"@id\":\"https:\\\/\\\/www.verandair.com\\\/fr\\\/comment-chauffer-pergola-ou-abri-terrasse\\\/\",\"url\":\"https:\\\/\\\/www.verandair.com\\\/fr\\\/comment-chauffer-pergola-ou-abri-terrasse\\\/\",\"name\":\"Chauffez votre Pergola ou Abri de terrasse \u2013 Confort maximal\",\"isPartOf\":{\"@id\":\"https:\\\/\\\/www.verandair.com\\\/fr\\\/#website\"},\"primaryImageOfPage\":{\"@id\":\"https:\\\/\\\/www.verandair.com\\\/fr\\\/comment-chauffer-pergola-ou-abri-terrasse\\\/#primaryimage\"},\"image\":{\"@id\":\"https:\\\/\\\/www.verandair.com\\\/fr\\\/comment-chauffer-pergola-ou-abri-terrasse\\\/#primaryimage\"},\"thumbnailUrl\":\"https:\\\/\\\/www.verandair.com\\\/wp-content\\\/uploads\\\/2023\\\/11\\\/Design-sans-titre-15.jpg\",\"datePublished\":\"2023-11-10T07:30:16+00:00\",\"dateModified\":\"2024-04-02T12:05:39+00:00\",\"description\":\"D\u00e9couvrez nos solutions de chauffage pour profiter de votre pergola tout au long de l\u2019ann\u00e9e ! Braseros, Lampes infrarouges, Po\u00eales ext\u00e9rieurs.\",\"breadcrumb\":{\"@id\":\"https:\\\/\\\/www.verandair.com\\\/fr\\\/comment-chauffer-pergola-ou-abri-terrasse\\\/#breadcrumb\"},\"inLanguage\":\"fr-FR\",\"potentialAction\":[{\"@type\":\"ReadAction\",\"target\":[\"https:\\\/\\\/www.verandair.com\\\/fr\\\/comment-chauffer-pergola-ou-abri-terrasse\\\/\"]}]},{\"@type\":\"ImageObject\",\"inLanguage\":\"fr-FR\",\"@id\":\"https:\\\/\\\/www.verandair.com\\\/fr\\\/comment-chauffer-pergola-ou-abri-terrasse\\\/#primaryimage\",\"url\":\"https:\\\/\\\/www.verandair.com\\\/wp-content\\\/uploads\\\/2023\\\/11\\\/Design-sans-titre-15.jpg\",\"contentUrl\":\"https:\\\/\\\/www.verandair.com\\\/wp-content\\\/uploads\\\/2023\\\/11\\\/Design-sans-titre-15.jpg\",\"width\":960,\"height\":625,\"caption\":\"Chauffage au gaz dans une pergola ext\u00e9rieure\"},{\"@type\":\"BreadcrumbList\",\"@id\":\"https:\\\/\\\/www.verandair.com\\\/fr\\\/comment-chauffer-pergola-ou-abri-terrasse\\\/#breadcrumb\",\"itemListElement\":[{\"@type\":\"ListItem\",\"position\":1,\"name\":\"Accueil\",\"item\":{\"@type\":\"WebPage\",\"@id\":\"https:\\\/\\\/www.verandair.com\\\/fr\\\/\",\"name\":\"Accueil\"}},{\"@type\":\"ListItem\",\"position\":2,\"name\":\"Comment chauffer votre abri de terrasse ou pergola ?\"}]},{\"@type\":\"WebSite\",\"@id\":\"https:\\\/\\\/www.verandair.com\\\/fr\\\/#website\",\"url\":\"https:\\\/\\\/www.verandair.com\\\/fr\\\/\",\"name\":\"VERANDAIR\u00ae\",\"description\":\"\",\"publisher\":{\"@id\":\"https:\\\/\\\/www.verandair.com\\\/fr\\\/#organization\"},\"potentialAction\":[{\"@type\":\"SearchAction\",\"target\":{\"@type\":\"EntryPoint\",\"urlTemplate\":\"https:\\\/\\\/www.verandair.com\\\/fr\\\/?s={search_term_string}\"},\"query-input\":{\"@type\":\"PropertyValueSpecification\",\"valueRequired\":true,\"valueName\":\"search_term_string\"}}],\"inLanguage\":\"fr-FR\"},{\"@type\":\"Organization\",\"@id\":\"https:\\\/\\\/www.verandair.com\\\/fr\\\/#organization\",\"name\":\"Verandair\",\"url\":\"https:\\\/\\\/www.verandair.com\\\/fr\\\/\",\"logo\":{\"@type\":\"ImageObject\",\"inLanguage\":\"fr-FR\",\"@id\":\"https:\\\/\\\/www.verandair.com\\\/fr\\\/#\\\/schema\\\/logo\\\/image\\\/\",\"url\":\"https:\\\/\\\/www.verandair.com\\\/wp-content\\\/uploads\\\/2024\\\/06\\\/VERANDAIR-logo.png\",\"contentUrl\":\"https:\\\/\\\/www.verandair.com\\\/wp-content\\\/uploads\\\/2024\\\/06\\\/VERANDAIR-logo.png\",\"width\":283,\"height\":127,\"caption\":\"Verandair\"},\"image\":{\"@id\":\"https:\\\/\\\/www.verandair.com\\\/fr\\\/#\\\/schema\\\/logo\\\/image\\\/\"}},{\"@type\":\"Person\",\"@id\":\"https:\\\/\\\/www.verandair.com\\\/fr\\\/#\\\/schema\\\/person\\\/8b90d245d7529bd82572ac56bc61a522\",\"name\":\"eglantine\",\"image\":{\"@type\":\"ImageObject\",\"inLanguage\":\"fr-FR\",\"@id\":\"https:\\\/\\\/secure.gravatar.com\\\/avatar\\\/8a27a019f8ffdfc4539323f7a354c4f883350cdba130ef7ce42a5b46b37bc2e0?s=96&d=mm&r=g\",\"url\":\"https:\\\/\\\/secure.gravatar.com\\\/avatar\\\/8a27a019f8ffdfc4539323f7a354c4f883350cdba130ef7ce42a5b46b37bc2e0?s=96&d=mm&r=g\",\"contentUrl\":\"https:\\\/\\\/secure.gravatar.com\\\/avatar\\\/8a27a019f8ffdfc4539323f7a354c4f883350cdba130ef7ce42a5b46b37bc2e0?s=96&d=mm&r=g\",\"caption\":\"eglantine\"}}]}<\/script>\n<!-- \/ Yoast SEO plugin. -->","yoast_head_json":{"title":"Chauffez votre Pergola ou Abri de terrasse \u2013 Confort maximal","description":"D\u00e9couvrez nos solutions de chauffage pour profiter de votre pergola tout au long de l\u2019ann\u00e9e ! Braseros, Lampes infrarouges, Po\u00eales ext\u00e9rieurs.","robots":{"index":"index","follow":"follow","max-snippet":"max-snippet:-1","max-image-preview":"max-image-preview:large","max-video-preview":"max-video-preview:-1"},"canonical":"https:\/\/www.verandair.com\/fr\/comment-chauffer-pergola-ou-abri-terrasse\/","og_locale":"fr_FR","og_type":"article","og_title":"Chauffez votre Pergola ou Abri de terrasse \u2013 Confort maximal","og_description":"D\u00e9couvrez nos solutions de chauffage pour profiter de votre pergola tout au long de l\u2019ann\u00e9e ! Braseros, Lampes infrarouges, Po\u00eales ext\u00e9rieurs.","og_url":"https:\/\/www.verandair.com\/fr\/comment-chauffer-pergola-ou-abri-terrasse\/","og_site_name":"VERANDAIR\u00ae","article_published_time":"2023-11-10T07:30:16+00:00","article_modified_time":"2024-04-02T12:05:39+00:00","og_image":[{"width":960,"height":625,"url":"https:\/\/www.verandair.com\/wp-content\/uploads\/2023\/11\/Design-sans-titre-15.jpg","type":"image\/jpeg"}],"author":"eglantine","twitter_card":"summary_large_image","twitter_misc":{"\u00c9crit par":"eglantine","Dur\u00e9e de lecture estim\u00e9e":"6 minutes"},"schema":{"@context":"https:\/\/schema.org","@graph":[{"@type":"Article","@id":"https:\/\/www.verandair.com\/fr\/comment-chauffer-pergola-ou-abri-terrasse\/#article","isPartOf":{"@id":"https:\/\/www.verandair.com\/fr\/comment-chauffer-pergola-ou-abri-terrasse\/"},"author":{"name":"eglantine","@id":"https:\/\/www.verandair.com\/fr\/#\/schema\/person\/8b90d245d7529bd82572ac56bc61a522"},"headline":"Comment chauffer votre abri de terrasse ou pergola ?","datePublished":"2023-11-10T07:30:16+00:00","dateModified":"2024-04-02T12:05:39+00:00","mainEntityOfPage":{"@id":"https:\/\/www.verandair.com\/fr\/comment-chauffer-pergola-ou-abri-terrasse\/"},"wordCount":1656,"publisher":{"@id":"https:\/\/www.verandair.com\/fr\/#organization"},"image":{"@id":"https:\/\/www.verandair.com\/fr\/comment-chauffer-pergola-ou-abri-terrasse\/#primaryimage"},"thumbnailUrl":"https:\/\/www.verandair.com\/wp-content\/uploads\/2023\/11\/Design-sans-titre-15.jpg","articleSection":["Pergolas"],"inLanguage":"fr-FR"},{"@type":"WebPage","@id":"https:\/\/www.verandair.com\/fr\/comment-chauffer-pergola-ou-abri-terrasse\/","url":"https:\/\/www.verandair.com\/fr\/comment-chauffer-pergola-ou-abri-terrasse\/","name":"Chauffez votre Pergola ou Abri de terrasse \u2013 Confort maximal","isPartOf":{"@id":"https:\/\/www.verandair.com\/fr\/#website"},"primaryImageOfPage":{"@id":"https:\/\/www.verandair.com\/fr\/comment-chauffer-pergola-ou-abri-terrasse\/#primaryimage"},"image":{"@id":"https:\/\/www.verandair.com\/fr\/comment-chauffer-pergola-ou-abri-terrasse\/#primaryimage"},"thumbnailUrl":"https:\/\/www.verandair.com\/wp-content\/uploads\/2023\/11\/Design-sans-titre-15.jpg","datePublished":"2023-11-10T07:30:16+00:00","dateModified":"2024-04-02T12:05:39+00:00","description":"D\u00e9couvrez nos solutions de chauffage pour profiter de votre pergola tout au long de l\u2019ann\u00e9e ! Braseros, Lampes infrarouges, Po\u00eales ext\u00e9rieurs.","breadcrumb":{"@id":"https:\/\/www.verandair.com\/fr\/comment-chauffer-pergola-ou-abri-terrasse\/#breadcrumb"},"inLanguage":"fr-FR","potentialAction":[{"@type":"ReadAction","target":["https:\/\/www.verandair.com\/fr\/comment-chauffer-pergola-ou-abri-terrasse\/"]}]},{"@type":"ImageObject","inLanguage":"fr-FR","@id":"https:\/\/www.verandair.com\/fr\/comment-chauffer-pergola-ou-abri-terrasse\/#primaryimage","url":"https:\/\/www.verandair.com\/wp-content\/uploads\/2023\/11\/Design-sans-titre-15.jpg","contentUrl":"https:\/\/www.verandair.com\/wp-content\/uploads\/2023\/11\/Design-sans-titre-15.jpg","width":960,"height":625,"caption":"Chauffage au gaz dans une pergola ext\u00e9rieure"},{"@type":"BreadcrumbList","@id":"https:\/\/www.verandair.com\/fr\/comment-chauffer-pergola-ou-abri-terrasse\/#breadcrumb","itemListElement":[{"@type":"ListItem","position":1,"name":"Accueil","item":{"@type":"WebPage","@id":"https:\/\/www.verandair.com\/fr\/","name":"Accueil"}},{"@type":"ListItem","position":2,"name":"Comment chauffer votre abri de terrasse ou pergola ?"}]},{"@type":"WebSite","@id":"https:\/\/www.verandair.com\/fr\/#website","url":"https:\/\/www.verandair.com\/fr\/","name":"VERANDAIR\u00ae","description":"","publisher":{"@id":"https:\/\/www.verandair.com\/fr\/#organization"},"potentialAction":[{"@type":"SearchAction","target":{"@type":"EntryPoint","urlTemplate":"https:\/\/www.verandair.com\/fr\/?s={search_term_string}"},"query-input":{"@type":"PropertyValueSpecification","valueRequired":true,"valueName":"search_term_string"}}],"inLanguage":"fr-FR"},{"@type":"Organization","@id":"https:\/\/www.verandair.com\/fr\/#organization","name":"Verandair","url":"https:\/\/www.verandair.com\/fr\/","logo":{"@type":"ImageObject","inLanguage":"fr-FR","@id":"https:\/\/www.verandair.com\/fr\/#\/schema\/logo\/image\/","url":"https:\/\/www.verandair.com\/wp-content\/uploads\/2024\/06\/VERANDAIR-logo.png","contentUrl":"https:\/\/www.verandair.com\/wp-content\/uploads\/2024\/06\/VERANDAIR-logo.png","width":283,"height":127,"caption":"Verandair"},"image":{"@id":"https:\/\/www.verandair.com\/fr\/#\/schema\/logo\/image\/"}},{"@type":"Person","@id":"https:\/\/www.verandair.com\/fr\/#\/schema\/person\/8b90d245d7529bd82572ac56bc61a522","name":"eglantine","image":{"@type":"ImageObject","inLanguage":"fr-FR","@id":"https:\/\/secure.gravatar.com\/avatar\/8a27a019f8ffdfc4539323f7a354c4f883350cdba130ef7ce42a5b46b37bc2e0?s=96&d=mm&r=g","url":"https:\/\/secure.gravatar.com\/avatar\/8a27a019f8ffdfc4539323f7a354c4f883350cdba130ef7ce42a5b46b37bc2e0?s=96&d=mm&r=g","contentUrl":"https:\/\/secure.gravatar.com\/avatar\/8a27a019f8ffdfc4539323f7a354c4f883350cdba130ef7ce42a5b46b37bc2e0?s=96&d=mm&r=g","caption":"eglantine"}}]}},"_links":{"self":[{"href":"https:\/\/www.verandair.com\/fr\/wp-json\/wp\/v2\/posts\/56192","targetHints":{"allow":["GET"]}}],"collection":[{"href":"https:\/\/www.verandair.com\/fr\/wp-json\/wp\/v2\/posts"}],"about":[{"href":"https:\/\/www.verandair.com\/fr\/wp-json\/wp\/v2\/types\/post"}],"author":[{"embeddable":true,"href":"https:\/\/www.verandair.com\/fr\/wp-json\/wp\/v2\/users\/10"}],"replies":[{"embeddable":true,"href":"https:\/\/www.verandair.com\/fr\/wp-json\/wp\/v2\/comments?post=56192"}],"version-history":[{"count":4,"href":"https:\/\/www.verandair.com\/fr\/wp-json\/wp\/v2\/posts\/56192\/revisions"}],"predecessor-version":[{"id":61244,"href":"https:\/\/www.verandair.com\/fr\/wp-json\/wp\/v2\/posts\/56192\/revisions\/61244"}],"wp:featuredmedia":[{"embeddable":true,"href":"https:\/\/www.verandair.com\/fr\/wp-json\/wp\/v2\/media\/56214"}],"wp:attachment":[{"href":"https:\/\/www.verandair.com\/fr\/wp-json\/wp\/v2\/media?parent=56192"}],"wp:term":[{"taxonomy":"category","embeddable":true,"href":"https:\/\/www.verandair.com\/fr\/wp-json\/wp\/v2\/categories?post=56192"},{"taxonomy":"post_tag","embeddable":true,"href":"https:\/\/www.verandair.com\/fr\/wp-json\/wp\/v2\/tags?post=56192"}],"curies":[{"name":"wp","href":"https:\/\/api.w.org\/{rel}","templated":true}]}}