{"id":64278,"date":"2024-09-26T10:45:58","date_gmt":"2024-09-26T08:45:58","guid":{"rendered":"https:\/\/www.verandair.com\/?p=64278"},"modified":"2024-09-16T10:59:27","modified_gmt":"2024-09-16T08:59:27","slug":"comment-meubler-une-pergola","status":"publish","type":"post","link":"https:\/\/www.verandair.com\/fr\/comment-meubler-une-pergola\/","title":{"rendered":"Comment bien meubler votre pergola ?"},"content":{"rendered":"<p>[et_pb_section fb_built=&#8221;1&#8243; admin_label=&#8221;section&#8221; _builder_version=&#8221;4.16&#8243; global_colors_info=&#8221;{}&#8221;][et_pb_row admin_label=&#8221;row&#8221; _builder_version=&#8221;4.16&#8243; background_size=&#8221;initial&#8221; background_position=&#8221;top_left&#8221; background_repeat=&#8221;repeat&#8221; global_colors_info=&#8221;{}&#8221;][et_pb_column type=&#8221;4_4&#8243; _builder_version=&#8221;4.16&#8243; custom_padding=&#8221;|||&#8221; global_colors_info=&#8221;{}&#8221; custom_padding__hover=&#8221;|||&#8221;][et_pb_text _builder_version=&#8221;4.27.0&#8243; _module_preset=&#8221;default&#8221; global_colors_info=&#8221;{}&#8221;]<\/p>\n<p><span style=\"font-weight: 400;\">Vous r\u00eavez d&#8217;un coin de paradis \u00e0 ciel ouvert, sans quitter votre jardin ? Votre pergola, une fois am\u00e9nag\u00e9e, peut devenir cet <\/span><b>espace de d\u00e9tente tant convoit\u00e9<\/b><span style=\"font-weight: 400;\">. Alors comment <\/span><b>transformer cette structure<\/b><span style=\"font-weight: 400;\"> en un lieu de vie \u00e0 part enti\u00e8re ?\u00a0<\/span><\/p>\n<p><span style=\"font-weight: 400;\">D\u00e9couvrez nos conseils pour <\/span><b>meubler votre pergola <\/b><span style=\"font-weight: 400;\">et en faire un vrai petit coin de paradis. Organiser des repas en famille, vous d\u00e9tendre avec un bon livre ou t\u00e9l\u00e9travailler au grand air\u2026 Quel que soit votre objectif, <\/span><span style=\"font-weight: 400;\">VERANDAIR\u00ae <\/span><span style=\"font-weight: 400;\">vous guide pas \u00e0 pas pour cr\u00e9er l&#8217;ambiance parfaite.<\/span><\/p>\n<h2><span style=\"font-weight: 400;\">1. D\u00e9finir l\u2019usage de votre pergola<\/span><\/h2>\n<p><span style=\"font-weight: 400;\">Avant de vous lancer dans le choix du mobilier, posez-vous la question cl\u00e9 : <\/span><b>quelle sera la fonction principale de votre pergola ?<\/b><span style=\"font-weight: 400;\"> Cette \u00e9tape est cruciale, car elle orientera l&#8217;ensemble de votre am\u00e9nagement.<\/span><\/p>\n<p><span style=\"font-weight: 400;\">VERANDAIR\u00ae vous donne quelques exemples pour vous inspirer.\u00a0<\/span><\/p>\n<h3><span style=\"font-weight: 400;\">Vous ressourcer dans un havre de paix<\/span><\/h3>\n<p><span style=\"font-weight: 400;\">Vous souhaitez cr\u00e9er un espace d\u00e9di\u00e9 \u00e0 la <\/span><b>d\u00e9tente<\/b><span style=\"font-weight: 400;\"> et \u00e0 la <\/span><b>lecture<\/b><span style=\"font-weight: 400;\"> ? Optez pour des <\/span><b>fauteuils confortables<\/b><span style=\"font-weight: 400;\">, un <\/span><b>pouf moelleux<\/b><span style=\"font-weight: 400;\"> et peut-\u00eatre m\u00eame un <\/span><b>hamac<\/b><span style=\"font-weight: 400;\"> pour des moments de pure relaxation.<\/span><\/p>\n<h3><span style=\"font-weight: 400;\">Recevoir dans une salle \u00e0 manger ext\u00e9rieure\u00a0\u00a0<\/span><\/h3>\n<p><span style=\"font-weight: 400;\">Envie de profiter des <\/span><b>repas en plein air <\/b><span style=\"font-weight: 400;\">avec votre famille ou vos amis ? Choisissez une <\/span><b>table de jardin adapt\u00e9e<\/b><span style=\"font-weight: 400;\"> \u00e0 la taille de votre pergola et des <\/span><b>chaises pratiques et confortables<\/b><span style=\"font-weight: 400;\">. N&#8217;oubliez pas de pr\u00e9voir un <\/span><b>espace de rangement<\/b><span style=\"font-weight: 400;\"> pour la vaisselle et les couverts.<\/span><\/p>\n<h3><span style=\"font-weight: 400;\">Travailler dans un bureau en plein air\u00a0<\/span><\/h3>\n<p><span style=\"font-weight: 400;\">T\u00e9l\u00e9travailler au grand air peut \u00eatre tr\u00e8s inspirant. Am\u00e9nagez votre pergola avec un <\/span><b>bureau adapt\u00e9,<\/b><span style=\"font-weight: 400;\"> une <\/span><b>chaise ergonomique<\/b><span style=\"font-weight: 400;\"> et pourquoi pas un petit <\/span><b>coin d\u00e9di\u00e9 \u00e0 vos documents<\/b><span style=\"font-weight: 400;\">.<\/span><\/p>\n<p><span style=\"font-weight: 400;\">En bref, avant d\u2019aller plus loin, vous devez tout d\u2019abord <\/span><b>comprendre le but<\/b><span style=\"font-weight: 400;\"> m\u00eame de l\u2019<\/span><a href=\"https:\/\/www.verandair.com\/fr\/pergolas\/\"><span style=\"font-weight: 400;\">installation de votre pergola<\/span><\/a><span style=\"font-weight: 400;\">. Posez-vous les quelques questions suivantes. Combien de personnes souhaitez-vous accueillir dans votre pergola ? Quelles activit\u00e9s pr\u00e9voyez-vous d&#8217;y pratiquer ? Quel style d&#8217;am\u00e9nagement vous pla\u00eet le plus ?<\/span><\/p>\n<p>[\/et_pb_text][et_pb_image src=&#8221;https:\/\/www.verandair.com\/wp-content\/uploads\/2024\/02\/VERANDAIR-selection-41-pergola-fermee.jpg&#8221; alt=&#8221;Pergola vitr\u00e9e avec fauteuil et vue sur le jardin avec une piscines et des abris de jardin&#8221; title_text=&#8221;VERANDAIR-selection-41-pergola-fermee&#8221; align=&#8221;center&#8221; _builder_version=&#8221;4.27.0&#8243; _module_preset=&#8221;default&#8221; global_colors_info=&#8221;{}&#8221;][\/et_pb_image][et_pb_text _builder_version=&#8221;4.27.0&#8243; _module_preset=&#8221;default&#8221; global_colors_info=&#8221;{}&#8221;]<\/p>\n<h2><span style=\"font-weight: 400;\">2. Choisir des meubles adapt\u00e9s \u00e0 l\u2019ext\u00e9rieur<\/span><\/h2>\n<p><span style=\"font-weight: 400;\">Lorsque vous am\u00e9nagez une pergola, le choix des meubles vous aide \u00e0 garantir \u00e0 la fois le confort et la durabilit\u00e9 de votre espace ext\u00e9rieur. Voici quelques conseils pour choisir des \u00e9l\u00e9ments adapt\u00e9s \u00e0 votre pergola.<\/span><\/p>\n<h3><span style=\"font-weight: 400;\">Des meubles confortables et r\u00e9sistants aux intemp\u00e9ries<\/span><\/h3>\n<h4><span style=\"font-weight: 400;\">Confortables\u00a0\u00a0<\/span><\/h4>\n<p><span style=\"font-weight: 400;\">Vous vous imaginez d\u00e9j\u00e0 passer de longues heures sous votre pergola ? Dans ce cas, le confort est primordial. S\u00e9lectionnez des meubles qui offrent un <\/span><b>bon soutien<\/b><span style=\"font-weight: 400;\">, qu\u2019importe le mod\u00e8le. Vous pouvez alors vous tourner vers des <\/span><b>chaises<\/b><span style=\"font-weight: 400;\">, des <\/span><b>fauteuils<\/b><span style=\"font-weight: 400;\"> ou plut\u00f4t des <\/span><b>banquettes<\/b><span style=\"font-weight: 400;\">, si vous pr\u00e9f\u00e9rez.\u00a0<\/span><\/p>\n<h4><span style=\"font-weight: 400;\">Robustes\u00a0<\/span><\/h4>\n<p><span style=\"font-weight: 400;\">Veillez \u00e9galement \u00e0 ce que les mat\u00e9riaux soient sp\u00e9cifiquement con\u00e7us pour une <\/span><b>utilisation en ext\u00e9rieur<\/b><span style=\"font-weight: 400;\">. Le <\/span><b>bois trait\u00e9<\/b><span style=\"font-weight: 400;\">, la <\/span><b>r\u00e9sine tress\u00e9e <\/b><span style=\"font-weight: 400;\">et l\u2019<\/span><b>aluminium<\/b><span style=\"font-weight: 400;\"> sont particuli\u00e8rement recommand\u00e9s pour leur capacit\u00e9 \u00e0 <\/span><b>r\u00e9sister aux intemp\u00e9ries<\/b><span style=\"font-weight: 400;\"> tout en conservant leur <\/span><b>esth\u00e9tique<\/b><span style=\"font-weight: 400;\">.\u00a0<\/span><\/p>\n<h3><span style=\"font-weight: 400;\">Des meubles qui correspondent au style de votre pergola<\/span><\/h3>\n<p><span style=\"font-weight: 400;\">Le style de votre pergola doit \u00eatre <\/span><b>en harmonie<\/b><span style=\"font-weight: 400;\"> avec celui de vos meubles pour cr\u00e9er un <\/span><b>ensemble coh\u00e9rent<\/b><span style=\"font-weight: 400;\">.\u00a0<\/span><\/p>\n<h4><span style=\"font-weight: 400;\">Le style de votre pergola\u00a0<\/span><\/h4>\n<p><span style=\"font-weight: 400;\">Votre pergola a un design <\/span><b>moderne<\/b><span style=\"font-weight: 400;\">, comme <\/span><a href=\"https:\/\/www.verandair.com\/fr\/pergolas\/pergola-cabriolet\/\"><span style=\"font-weight: 400;\">une pergola cabriolet<\/span><\/a><span style=\"font-weight: 400;\"> ou une <\/span><a href=\"https:\/\/www.verandair.com\/fr\/pergolas\/pergola-bioclimatique\/\"><span style=\"font-weight: 400;\">pergola bioclimatique<\/span><\/a><span style=\"font-weight: 400;\"> ?\u00a0 Des meubles en <\/span><b>m\u00e9tal<\/b><span style=\"font-weight: 400;\"> ou en <\/span><b>plastique<\/b><span style=\"font-weight: 400;\"> peuvent \u00eatre un excellent choix. N\u2019h\u00e9sitez pas \u00e0 m\u00ealer diff\u00e9rents mat\u00e9riaux et couleurs pour un look contemporain.<\/span><\/p>\n<p><span style=\"font-weight: 400;\">Vous avez opt\u00e9 pour une<\/span><b> touche de luxe<\/b><span style=\"font-weight: 400;\">, comme avec les finitions de <\/span><a href=\"https:\/\/www.verandair.com\/fr\/pergolas\/pergola-prestige\/\"><span style=\"font-weight: 400;\">la pergola Prestige<\/span><\/a><span style=\"font-weight: 400;\"> ?\u00a0 Des meubles en <\/span><b>bois<\/b><span style=\"font-weight: 400;\"> ou en <\/span><b>aluminium<\/b><span style=\"font-weight: 400;\">, au design \u00e9pur\u00e9, s\u2019int\u00e9greront parfaitement \u00e0 l\u2019ensemble.\u00a0<\/span><\/p>\n<p><span style=\"font-weight: 400;\">Pour une pergola au style plus <\/span><b>rustique<\/b><span style=\"font-weight: 400;\"> ou naturel, optez pour des <\/span><b>mat\u00e9riaux naturels <\/b><span style=\"font-weight: 400;\">comme le <\/span><b>rotin<\/b><span style=\"font-weight: 400;\">, par exemple. Cela permet de cr\u00e9er une atmosph\u00e8re harmonieuse et accueillante.<\/span><\/p>\n<p>[\/et_pb_text][et_pb_button button_url=&#8221;https:\/\/www.verandair.com\/fr\/pergolas\/&#8221; button_text=&#8221;D\u00e9couvrez nos mod\u00e8les de pergola &#8221; button_alignment=&#8221;center&#8221; _builder_version=&#8221;4.27.0&#8243; _module_preset=&#8221;default&#8221; global_colors_info=&#8221;{}&#8221;][\/et_pb_button][et_pb_text _builder_version=&#8221;4.27.0&#8243; _module_preset=&#8221;default&#8221; global_colors_info=&#8221;{}&#8221;]<\/p>\n<h4><span style=\"font-weight: 400;\">Quelques id\u00e9es d\u2019am\u00e9nagement\u00a0<\/span><\/h4>\n<ul>\n<li style=\"font-weight: 400;\" aria-level=\"1\"><b>Pergola moderne :<\/b><span style=\"font-weight: 400;\"> Salon de jardin en r\u00e9sine tress\u00e9e, table basse en verre, chaises longues en aluminium.<\/span><\/li>\n<li style=\"font-weight: 400;\" aria-level=\"1\"><b>Pergola rustique :<\/b><span style=\"font-weight: 400;\"> Salon de jardin en bois, table en teck massif, fauteuils en osier.<\/span><\/li>\n<li style=\"font-weight: 400;\" aria-level=\"1\"><b>Pergola contemporaine :<\/b><span style=\"font-weight: 400;\"> Mix de mat\u00e9riaux (bois, m\u00e9tal, textile), couleurs vives, formes originales.<\/span><\/li>\n<\/ul>\n<h3><span style=\"font-weight: 400;\">Des meubles qui peuvent \u00eatre facilement d\u00e9plac\u00e9s<\/span><\/h3>\n<p><span style=\"font-weight: 400;\">La <\/span><b>modularit\u00e9<\/b><span style=\"font-weight: 400;\"> est un autre facteur \u00e0 prendre en compte lors du choix de vos meubles. Les meubles <\/span><b>l\u00e9gers et faciles \u00e0 d\u00e9placer<\/b><span style=\"font-weight: 400;\"> vous permettront de r\u00e9organiser votre espace selon vos besoins (pour recevoir des invit\u00e9s, pour optimiser l\u2019espace selon la saison\u2026).<\/span><\/p>\n<p><span style=\"font-weight: 400;\">Les meubles <\/span><b>pliants<\/b><span style=\"font-weight: 400;\"> ou <\/span><b>empilables<\/b><span style=\"font-weight: 400;\"> peuvent \u00eatre particuli\u00e8rement utiles pour adapter votre pergola \u00e0 diff\u00e9rentes situations. De plus, ils facilitent l\u2019entretien ou le rangement en hiver. Pensez \u00e9galement aux pi\u00e8ces de mobilier \u00e9quip\u00e9es de roulettes, id\u00e9ales pour un d\u00e9placement facile.<\/span><\/p>\n<p>[\/et_pb_text][et_pb_text _builder_version=&#8221;4.27.0&#8243; _module_preset=&#8221;default&#8221; global_colors_info=&#8221;{}&#8221;]<\/p>\n<h2><span style=\"font-weight: 400;\">3. Plus de confort gr\u00e2ce aux textiles et coussins\u00a0<\/span><\/h2>\n<h3><span style=\"font-weight: 400;\">Pourquoi choisir des textiles adapt\u00e9s ?<\/span><\/h3>\n<p><span style=\"font-weight: 400;\">Avec les textiles d&#8217;ext\u00e9rieur, vous apportez une <\/span><b>touche de douceur <\/b><span style=\"font-weight: 400;\">et de <\/span><b>chaleur<\/b><span style=\"font-weight: 400;\"> \u00e0 <\/span><a href=\"https:\/\/www.verandair.com\/fr\/pergolas\/\"><span style=\"font-weight: 400;\">votre pergola<\/span><\/a><span style=\"font-weight: 400;\">. Ils permettent de personnaliser votre espace et de le rendre <\/span><b>plus accueillant<\/b><span style=\"font-weight: 400;\">. Et, bien s\u00fbr, les textiles <\/span><b>prot\u00e8gent<\/b><span style=\"font-weight: 400;\"> aussi <\/span><b>vos meubles<\/b><span style=\"font-weight: 400;\"> des salissures et de l&#8217;usure.<\/span><\/p>\n<h3><span style=\"font-weight: 400;\">Quels textiles choisir ?<\/span><\/h3>\n<ul>\n<li style=\"font-weight: 400;\" aria-level=\"1\"><b>Tissus techniques :<\/b><span style=\"font-weight: 400;\"> Privil\u00e9giez les tissus trait\u00e9s anti-UV, d\u00e9perlants et r\u00e9sistants aux taches. L&#8217;acrylique et le polyester sont des mat\u00e9riaux tr\u00e8s appr\u00e9ci\u00e9s pour leur entretien facile.<\/span><\/li>\n<li style=\"font-weight: 400;\" aria-level=\"1\"><b>Coussins d&#8217;ext\u00e9rieur :<\/b><span style=\"font-weight: 400;\"> Choisissez des coussins \u00e9pais et confortables, avec des housses d\u00e9houssables pour un lavage facile.<\/span><\/li>\n<li style=\"font-weight: 400;\" aria-level=\"1\"><b>Plaids :<\/b><span style=\"font-weight: 400;\"> Optez pour des plaids en laine, en coton ou en acrylique pour vous tenir chaud les soirs d&#8217;\u00e9t\u00e9.<\/span><\/li>\n<li style=\"font-weight: 400;\" aria-level=\"1\"><b>Tapis d&#8217;ext\u00e9rieur :<\/b><span style=\"font-weight: 400;\"> Les tapis en mati\u00e8re synth\u00e9tique sont id\u00e9als pour une utilisation en ext\u00e9rieur. Ils sont r\u00e9sistants aux intemp\u00e9ries et faciles \u00e0 nettoyer.<\/span><\/li>\n<\/ul>\n<p><span style=\"font-weight: 400;\">N\u2019oubliez pas de<\/span><b> ranger vos textiles<\/b><span style=\"font-weight: 400;\"> \u00e0 l\u2019abri <\/span><b>avant l\u2019hiver. <\/b><span style=\"font-weight: 400;\">Choisissez de pr\u00e9f\u00e9rence dans un endroit sec pour prot\u00e9ger vos coussins et plaids de l&#8217;humidit\u00e9.<\/span><\/p>\n<p>[\/et_pb_text][et_pb_image src=&#8221;https:\/\/www.verandair.com\/wp-content\/uploads\/2024\/02\/VERANDAIR-pergola-fermee-8.jpg&#8221; alt=&#8221;Pergola vitr\u00e9e ferm\u00e9e avec tables et chaises en bois et une vue sur le jardin et une vigne&#8221; title_text=&#8221;VERANDAIR-pergola-fermee-8&#8243; align=&#8221;center&#8221; _builder_version=&#8221;4.27.0&#8243; _module_preset=&#8221;default&#8221; global_colors_info=&#8221;{}&#8221;][\/et_pb_image][et_pb_text _builder_version=&#8221;4.27.0&#8243; _module_preset=&#8221;default&#8221; global_colors_info=&#8221;{}&#8221;]<\/p>\n<h2><span style=\"font-weight: 400;\">4. Int\u00e9grer des solutions d\u2019\u00e9clairage<\/span><\/h2>\n<p><span style=\"font-weight: 400;\">Vous voulez profiter pleinement de votre pergola une fois la nuit tomb\u00e9e ? Il convient alors de choisir un \u00e9clairage bien pens\u00e9. Non seulement il permet de prolonger vos moments de d\u00e9tente ou vos repas en ext\u00e9rieur, mais il participe aussi \u00e0 cr\u00e9er une ambiance conviviale et chaleureuse.\u00a0<\/span><\/p>\n<h3><span style=\"font-weight: 400;\">Guirlandes lumineuses\u00a0<\/span><\/h3>\n<p><span style=\"font-weight: 400;\">Les guirlandes lumineuses sont une <\/span><b>solution classique et efficace<\/b><span style=\"font-weight: 400;\"> pour cr\u00e9er une ambiance douce et tamis\u00e9e. Faciles \u00e0 installer, elles peuvent \u00eatre accroch\u00e9es <\/span><b>autour de la structure <\/b><span style=\"font-weight: 400;\">de la pergola ou <\/span><b>suspendues<\/b><span style=\"font-weight: 400;\"> au-dessus de l\u2019espace pour former un <\/span><b>plafond lumineux<\/b><span style=\"font-weight: 400;\">.\u00a0<\/span><\/p>\n<h3><span style=\"font-weight: 400;\">Lampes solaires\u00a0<\/span><\/h3>\n<p><b>\u00c9cologiques<\/b><span style=\"font-weight: 400;\"> et <\/span><b>pratiques<\/b><span style=\"font-weight: 400;\">, elles sont une option id\u00e9ales, en particulier si votre pergola est \u00e9loign\u00e9e de prises \u00e9lectriques. Plac\u00e9es sur les tables ou au sol, elles captent l\u2019\u00e9nergie solaire durant la journ\u00e9e pour <\/span><b>illuminer vos soir\u00e9es <\/b><span style=\"font-weight: 400;\">sans effort.\u00a0<\/span><\/p>\n<h3><span style=\"font-weight: 400;\">Lanternes suspendues\u00a0<\/span><\/h3>\n<p><span style=\"font-weight: 400;\">Elles apportent une<\/span><b> touche d\u2019\u00e9l\u00e9gance<\/b><span style=\"font-weight: 400;\"> et de charme \u00e0 votre pergola. Disponibles dans une grande vari\u00e9t\u00e9 de styles et de mat\u00e9riaux, elles <\/span><b>s\u2019int\u00e8grent facilement \u00e0 la d\u00e9coration<\/b><span style=\"font-weight: 400;\"> de votre pergola, qu\u2019elle soit moderne ou traditionnelle.\u00a0<\/span><\/p>\n<p><span style=\"font-weight: 400;\">Optez pour des lanternes \u00e0 <\/span><b>bougies<\/b><span style=\"font-weight: 400;\"> pour une <\/span><b>ambiance plut\u00f4t romantique<\/b><span style=\"font-weight: 400;\">, ou pour des mod\u00e8les <\/span><b>\u00e9lectriques<\/b><span style=\"font-weight: 400;\"> si vous pr\u00e9f\u00e9rez une solution plus <\/span><b>pratique et s\u00e9curis\u00e9e<\/b><span style=\"font-weight: 400;\">.<\/span><\/p>\n<h3><span style=\"font-weight: 400;\">Rubans LED\u00a0<\/span><\/h3>\n<p><span style=\"font-weight: 400;\">Les rubans \u00e0 LED sont id\u00e9aux pour leur<\/span><b> faible consommation \u00e9nerg\u00e9tique<\/b><span style=\"font-weight: 400;\"> et leur long\u00e9vit\u00e9. Ils apportent une <\/span><b>lumi\u00e8re diffuse parfaite<\/b><span style=\"font-weight: 400;\"> pour des soir\u00e9es en toute intimit\u00e9.<\/span><\/p>\n<p>[\/et_pb_text][et_pb_image src=&#8221;https:\/\/www.verandair.com\/wp-content\/uploads\/2024\/02\/VERANDAIR-selection-49-pergola-ouverte.jpg&#8221; alt=&#8221;Pergola ouverte avec jardin fleuri&#8221; title_text=&#8221;VERANDAIR-selection-49-pergola-ouverte&#8221; align=&#8221;center&#8221; _builder_version=&#8221;4.27.0&#8243; _module_preset=&#8221;default&#8221; global_colors_info=&#8221;{}&#8221;][\/et_pb_image][et_pb_text _builder_version=&#8221;4.27.0&#8243; _module_preset=&#8221;default&#8221; global_colors_info=&#8221;{}&#8221;]<\/p>\n<h2><span style=\"font-weight: 400;\">5. Ajouter des plantes pour une ambiance naturelle\u00a0<\/span><\/h2>\n<p><span style=\"font-weight: 400;\">Au-del\u00e0 d\u2019une simple touche esth\u00e9tique, les plantes contribuent \u00e0 cr\u00e9er une <\/span><b>atmosph\u00e8re apaisante et naturelle<\/b><span style=\"font-weight: 400;\">, propice \u00e0 la d\u00e9tente. Plantes en pots, treillis de plantes grimpantes, jardin vertical\u2026 Les possibilit\u00e9s sont nombreuses pour embellir votre pergola.<\/span><\/p>\n<h3><span style=\"font-weight: 400;\">Plantes en pots\u00a0<\/span><\/h3>\n<p><span style=\"font-weight: 400;\">Il s\u2019agit de la solution la plus <\/span><b>simple et flexible<\/b><span style=\"font-weight: 400;\"> pour d\u00e9corer une pergola. Elles vous permettent de<\/span><b> varier les esp\u00e8ces <\/b><span style=\"font-weight: 400;\">et de <\/span><b>jouer avec les hauteurs <\/b><span style=\"font-weight: 400;\">en utilisant des pots de diff\u00e9rentes tailles ou des jardini\u00e8res suspendues.\u00a0<\/span><\/p>\n<p><span style=\"font-weight: 400;\">Les plantes \u00e0<\/span><b> feuillage dense<\/b><span style=\"font-weight: 400;\">, comme les foug\u00e8res, sont id\u00e9ales pour cr\u00e9er une a<\/span><b>mbiance intimiste et verdoyante<\/b><span style=\"font-weight: 400;\">. De leur c\u00f4t\u00e9, des<\/span><b> fleurs color\u00e9es<\/b><span style=\"font-weight: 400;\">, comme les g\u00e9raniums ou les lavandes, apporteront une <\/span><b>touche vive et parfum\u00e9e<\/b><span style=\"font-weight: 400;\"> \u00e0 l\u2019ensemble.<\/span><\/p>\n<h3><span style=\"font-weight: 400;\">Plantes grimpantes\u00a0<\/span><\/h3>\n<p><span style=\"font-weight: 400;\">Les <\/span><b>plantes grimpantes<\/b><span style=\"font-weight: 400;\">, quant \u00e0 elles, sont parfaites pour<\/span><b> s\u2019int\u00e9grer directement dans la structure<\/b><span style=\"font-weight: 400;\"> de votre pergola. Des plantes comme la glycine, le jasmin ou la vigne vierge peuvent grimper le long des piliers ou de la toiture. Elles cr\u00e9ent ainsi un toit v\u00e9g\u00e9tal naturel qui offre \u00e0 la fois ombre et fra\u00eecheur.\u00a0<\/span><\/p>\n<h3><span style=\"font-weight: 400;\">Jardin vertical\u00a0<\/span><\/h3>\n<p><span style=\"font-weight: 400;\">Vous disposez d\u2019un espace limit\u00e9 ? Vous souhaitez maximiser l\u2019utilisation des murs autour de la pergola ? Le <\/span><b>jardin vertical<\/b><span style=\"font-weight: 400;\"> est une excellente option. Installez des modules de plantes le long des parois pour cr\u00e9er un v\u00e9ritable mur v\u00e9g\u00e9tal, aussi moderne qu\u2019\u00e9l\u00e9gant.<\/span><\/p>\n<p><span style=\"font-weight: 400;\">Dernier conseil : n\u2019oubliez pas d\u2019opter pour des <\/span><b>plantes adapt\u00e9es \u00e0 votre climat et \u00e0 l\u2019ensoleillement<\/b><span style=\"font-weight: 400;\"> de votre pergola. R\u00e9f\u00e9rez-vous \u00e0 l\u2019\u00e9tiquette d\u2019information disponible avec la plante, ou demandez directement au vendeur concern\u00e9.\u00a0<\/span><\/p>\n<p>[\/et_pb_text][et_pb_text _builder_version=&#8221;4.27.0&#8243; _module_preset=&#8221;default&#8221; global_colors_info=&#8221;{}&#8221;]<\/p>\n<h2><span style=\"font-weight: 400;\">Votre ext\u00e9rieur de r\u00eave avec VERANDAIR\u00ae<\/span><\/h2>\n<p><span style=\"font-weight: 400;\">Vous l&#8217;avez compris, am\u00e9nager <\/span><a href=\"https:\/\/www.verandair.com\/fr\/pergolas\/\"><span style=\"font-weight: 400;\">votre pergola<\/span><\/a><span style=\"font-weight: 400;\"> est une <\/span><b>v\u00e9ritable aventure cr\u00e9ative<\/b><span style=\"font-weight: 400;\">. De bons meubles, des textiles adapt\u00e9s, un \u00e9clairage soign\u00e9 et touche de verdure\u2026 Voici les <\/span><b>ingr\u00e9dients id\u00e9aux <\/b><span style=\"font-weight: 400;\">pour transformer votre espace ext\u00e9rieur en un<\/span><b> lieu de vie \u00e0 part enti\u00e8re<\/b><span style=\"font-weight: 400;\">.<\/span><\/p>\n<p><span style=\"font-weight: 400;\">Pr\u00eat \u00e0 profiter de votre oasis \u00e0 chaque saison ? Que vous d\u00e9siriez une <\/span><a href=\"https:\/\/www.verandair.com\/fr\/pergolas\/pergola-cabriolet\/\"><span style=\"font-weight: 400;\">pergola cabriolet<\/span><\/a><span style=\"font-weight: 400;\">, <\/span><a href=\"https:\/\/www.verandair.com\/fr\/pergolas\/veranda-bioclimatique-retractable\/\"><span style=\"font-weight: 400;\">bioclimatique r\u00e9tractable<\/span><\/a><span style=\"font-weight: 400;\">, <\/span><a href=\"https:\/\/www.verandair.com\/fr\/pergolas\/pergola-terrasse-toiture-fixe\/\"><span style=\"font-weight: 400;\">\u00e0 toiture fixe<\/span><\/a><span style=\"font-weight: 400;\"> ou autre, vous pouvez confier votre projet \u00e0 VERANDAIR\u00ae . Forts de notre expertise, nous vous accompagnons de <\/span><b>A \u00e0 Z <\/b><span style=\"font-weight: 400;\">pour cr\u00e9er la <\/span><b>pergola de vos r\u00eaves<\/b><span style=\"font-weight: 400;\">.<\/span><\/p>\n<p>[\/et_pb_text][et_pb_button button_url=&#8221;https:\/\/www.verandair.com\/fr\/contact\/&#8221; button_text=&#8221;Parlez-nous de votre projet &#8221; button_alignment=&#8221;center&#8221; _builder_version=&#8221;4.27.0&#8243; _module_preset=&#8221;default&#8221; global_colors_info=&#8221;{}&#8221;][\/et_pb_button][\/et_pb_column][\/et_pb_row][\/et_pb_section]<\/p>\n","protected":false},"excerpt":{"rendered":"<p>Am\u00e9nagez votre pergola en coin d\u00e9tente ou salle \u00e0 manger. Suivez nos id\u00e9es pour choisir le mobilier id\u00e9al et transformer votre ext\u00e9rieur.<\/p>\n","protected":false},"author":12,"featured_media":61291,"comment_status":"closed","ping_status":"closed","sticky":false,"template":"","format":"standard","meta":{"_acf_changed":false,"_et_pb_use_builder":"on","_et_pb_old_content":"","_et_gb_content_width":"","inline_featured_image":false,"footnotes":""},"categories":[17,1],"tags":[],"class_list":["post-64278","post","type-post","status-publish","format-standard","has-post-thumbnail","hentry","category-conseils","category-tous"],"acf":[],"yoast_head":"<!-- This site is optimized with the Yoast SEO plugin v27.4 - https:\/\/yoast.com\/product\/yoast-seo-wordpress\/ -->\n<title>5 \u00e9tapes pour meubler votre pergola avec style<\/title>\n<meta name=\"description\" content=\"D\u00e9couvrez nos conseils pour meubler et d\u00e9corer votre pergola. Cr\u00e9ez un espace ext\u00e9rieur convivial, confortable et \u00e9l\u00e9gant avec VERANDAIR\u00ae.\" \/>\n<meta name=\"robots\" content=\"index, follow, max-snippet:-1, max-image-preview:large, max-video-preview:-1\" \/>\n<link rel=\"canonical\" href=\"https:\/\/www.verandair.com\/fr\/comment-meubler-une-pergola\/\" \/>\n<meta property=\"og:locale\" content=\"fr_FR\" \/>\n<meta property=\"og:type\" content=\"article\" \/>\n<meta property=\"og:title\" content=\"5 \u00e9tapes pour meubler votre pergola avec style\" \/>\n<meta property=\"og:description\" content=\"D\u00e9couvrez nos conseils pour meubler et d\u00e9corer votre pergola. Cr\u00e9ez un espace ext\u00e9rieur convivial, confortable et \u00e9l\u00e9gant avec VERANDAIR\u00ae.\" \/>\n<meta property=\"og:url\" content=\"https:\/\/www.verandair.com\/fr\/comment-meubler-une-pergola\/\" \/>\n<meta property=\"og:site_name\" content=\"VERANDAIR\u00ae\" \/>\n<meta property=\"article:published_time\" content=\"2024-09-26T08:45:58+00:00\" \/>\n<meta property=\"og:image\" content=\"https:\/\/www.verandair.com\/wp-content\/uploads\/2023\/01\/salon-terrasse-luxe.jpeg\" \/>\n\t<meta property=\"og:image:width\" content=\"1080\" \/>\n\t<meta property=\"og:image:height\" content=\"1080\" \/>\n\t<meta property=\"og:image:type\" content=\"image\/jpeg\" \/>\n<meta name=\"author\" content=\"isa\" \/>\n<meta name=\"twitter:card\" content=\"summary_large_image\" \/>\n<meta name=\"twitter:label1\" content=\"\u00c9crit par\" \/>\n\t<meta name=\"twitter:data1\" content=\"isa\" \/>\n\t<meta name=\"twitter:label2\" content=\"Dur\u00e9e de lecture estim\u00e9e\" \/>\n\t<meta name=\"twitter:data2\" content=\"9 minutes\" \/>\n<script type=\"application\/ld+json\" class=\"yoast-schema-graph\">{\"@context\":\"https:\\\/\\\/schema.org\",\"@graph\":[{\"@type\":\"Article\",\"@id\":\"https:\\\/\\\/www.verandair.com\\\/fr\\\/comment-meubler-une-pergola\\\/#article\",\"isPartOf\":{\"@id\":\"https:\\\/\\\/www.verandair.com\\\/fr\\\/comment-meubler-une-pergola\\\/\"},\"author\":{\"name\":\"isa\",\"@id\":\"https:\\\/\\\/www.verandair.com\\\/fr\\\/#\\\/schema\\\/person\\\/8f3f70149f94cd775bf269e2e75231d6\"},\"headline\":\"Comment bien meubler votre pergola ?\",\"datePublished\":\"2024-09-26T08:45:58+00:00\",\"mainEntityOfPage\":{\"@id\":\"https:\\\/\\\/www.verandair.com\\\/fr\\\/comment-meubler-une-pergola\\\/\"},\"wordCount\":1980,\"publisher\":{\"@id\":\"https:\\\/\\\/www.verandair.com\\\/fr\\\/#organization\"},\"image\":{\"@id\":\"https:\\\/\\\/www.verandair.com\\\/fr\\\/comment-meubler-une-pergola\\\/#primaryimage\"},\"thumbnailUrl\":\"https:\\\/\\\/www.verandair.com\\\/wp-content\\\/uploads\\\/2023\\\/01\\\/salon-terrasse-luxe.jpeg\",\"articleSection\":[\"Conseils\",\"Tous\"],\"inLanguage\":\"fr-FR\"},{\"@type\":\"WebPage\",\"@id\":\"https:\\\/\\\/www.verandair.com\\\/fr\\\/comment-meubler-une-pergola\\\/\",\"url\":\"https:\\\/\\\/www.verandair.com\\\/fr\\\/comment-meubler-une-pergola\\\/\",\"name\":\"5 \u00e9tapes pour meubler votre pergola avec style\",\"isPartOf\":{\"@id\":\"https:\\\/\\\/www.verandair.com\\\/fr\\\/#website\"},\"primaryImageOfPage\":{\"@id\":\"https:\\\/\\\/www.verandair.com\\\/fr\\\/comment-meubler-une-pergola\\\/#primaryimage\"},\"image\":{\"@id\":\"https:\\\/\\\/www.verandair.com\\\/fr\\\/comment-meubler-une-pergola\\\/#primaryimage\"},\"thumbnailUrl\":\"https:\\\/\\\/www.verandair.com\\\/wp-content\\\/uploads\\\/2023\\\/01\\\/salon-terrasse-luxe.jpeg\",\"datePublished\":\"2024-09-26T08:45:58+00:00\",\"description\":\"D\u00e9couvrez nos conseils pour meubler et d\u00e9corer votre pergola. Cr\u00e9ez un espace ext\u00e9rieur convivial, confortable et \u00e9l\u00e9gant avec VERANDAIR\u00ae.\",\"breadcrumb\":{\"@id\":\"https:\\\/\\\/www.verandair.com\\\/fr\\\/comment-meubler-une-pergola\\\/#breadcrumb\"},\"inLanguage\":\"fr-FR\",\"potentialAction\":[{\"@type\":\"ReadAction\",\"target\":[\"https:\\\/\\\/www.verandair.com\\\/fr\\\/comment-meubler-une-pergola\\\/\"]}]},{\"@type\":\"ImageObject\",\"inLanguage\":\"fr-FR\",\"@id\":\"https:\\\/\\\/www.verandair.com\\\/fr\\\/comment-meubler-une-pergola\\\/#primaryimage\",\"url\":\"https:\\\/\\\/www.verandair.com\\\/wp-content\\\/uploads\\\/2023\\\/01\\\/salon-terrasse-luxe.jpeg\",\"contentUrl\":\"https:\\\/\\\/www.verandair.com\\\/wp-content\\\/uploads\\\/2023\\\/01\\\/salon-terrasse-luxe.jpeg\",\"width\":1080,\"height\":1080,\"caption\":\"Ext\u00e9rieur avec un mur v\u00e9g\u00e9talis\u00e9, un mur en pierre et du mobilier design luxueux\"},{\"@type\":\"BreadcrumbList\",\"@id\":\"https:\\\/\\\/www.verandair.com\\\/fr\\\/comment-meubler-une-pergola\\\/#breadcrumb\",\"itemListElement\":[{\"@type\":\"ListItem\",\"position\":1,\"name\":\"Accueil\",\"item\":{\"@type\":\"WebPage\",\"@id\":\"https:\\\/\\\/www.verandair.com\\\/fr\\\/\",\"name\":\"Accueil\"}},{\"@type\":\"ListItem\",\"position\":2,\"name\":\"Comment bien meubler votre pergola ?\"}]},{\"@type\":\"WebSite\",\"@id\":\"https:\\\/\\\/www.verandair.com\\\/fr\\\/#website\",\"url\":\"https:\\\/\\\/www.verandair.com\\\/fr\\\/\",\"name\":\"VERANDAIR\u00ae\",\"description\":\"\",\"publisher\":{\"@id\":\"https:\\\/\\\/www.verandair.com\\\/fr\\\/#organization\"},\"potentialAction\":[{\"@type\":\"SearchAction\",\"target\":{\"@type\":\"EntryPoint\",\"urlTemplate\":\"https:\\\/\\\/www.verandair.com\\\/fr\\\/?s={search_term_string}\"},\"query-input\":{\"@type\":\"PropertyValueSpecification\",\"valueRequired\":true,\"valueName\":\"search_term_string\"}}],\"inLanguage\":\"fr-FR\"},{\"@type\":\"Organization\",\"@id\":\"https:\\\/\\\/www.verandair.com\\\/fr\\\/#organization\",\"name\":\"Verandair\",\"url\":\"https:\\\/\\\/www.verandair.com\\\/fr\\\/\",\"logo\":{\"@type\":\"ImageObject\",\"inLanguage\":\"fr-FR\",\"@id\":\"https:\\\/\\\/www.verandair.com\\\/fr\\\/#\\\/schema\\\/logo\\\/image\\\/\",\"url\":\"https:\\\/\\\/www.verandair.com\\\/wp-content\\\/uploads\\\/2024\\\/06\\\/VERANDAIR-logo.png\",\"contentUrl\":\"https:\\\/\\\/www.verandair.com\\\/wp-content\\\/uploads\\\/2024\\\/06\\\/VERANDAIR-logo.png\",\"width\":283,\"height\":127,\"caption\":\"Verandair\"},\"image\":{\"@id\":\"https:\\\/\\\/www.verandair.com\\\/fr\\\/#\\\/schema\\\/logo\\\/image\\\/\"}},{\"@type\":\"Person\",\"@id\":\"https:\\\/\\\/www.verandair.com\\\/fr\\\/#\\\/schema\\\/person\\\/8f3f70149f94cd775bf269e2e75231d6\",\"name\":\"isa\",\"image\":{\"@type\":\"ImageObject\",\"inLanguage\":\"fr-FR\",\"@id\":\"https:\\\/\\\/secure.gravatar.com\\\/avatar\\\/8c42d60d60655e3f575c246b783162990896ffa7c6fb0999ffdad3443a3985e8?s=96&d=mm&r=g\",\"url\":\"https:\\\/\\\/secure.gravatar.com\\\/avatar\\\/8c42d60d60655e3f575c246b783162990896ffa7c6fb0999ffdad3443a3985e8?s=96&d=mm&r=g\",\"contentUrl\":\"https:\\\/\\\/secure.gravatar.com\\\/avatar\\\/8c42d60d60655e3f575c246b783162990896ffa7c6fb0999ffdad3443a3985e8?s=96&d=mm&r=g\",\"caption\":\"isa\"}}]}<\/script>\n<!-- \/ Yoast SEO plugin. -->","yoast_head_json":{"title":"5 \u00e9tapes pour meubler votre pergola avec style","description":"D\u00e9couvrez nos conseils pour meubler et d\u00e9corer votre pergola. Cr\u00e9ez un espace ext\u00e9rieur convivial, confortable et \u00e9l\u00e9gant avec VERANDAIR\u00ae.","robots":{"index":"index","follow":"follow","max-snippet":"max-snippet:-1","max-image-preview":"max-image-preview:large","max-video-preview":"max-video-preview:-1"},"canonical":"https:\/\/www.verandair.com\/fr\/comment-meubler-une-pergola\/","og_locale":"fr_FR","og_type":"article","og_title":"5 \u00e9tapes pour meubler votre pergola avec style","og_description":"D\u00e9couvrez nos conseils pour meubler et d\u00e9corer votre pergola. Cr\u00e9ez un espace ext\u00e9rieur convivial, confortable et \u00e9l\u00e9gant avec VERANDAIR\u00ae.","og_url":"https:\/\/www.verandair.com\/fr\/comment-meubler-une-pergola\/","og_site_name":"VERANDAIR\u00ae","article_published_time":"2024-09-26T08:45:58+00:00","og_image":[{"width":1080,"height":1080,"url":"https:\/\/www.verandair.com\/wp-content\/uploads\/2023\/01\/salon-terrasse-luxe.jpeg","type":"image\/jpeg"}],"author":"isa","twitter_card":"summary_large_image","twitter_misc":{"\u00c9crit par":"isa","Dur\u00e9e de lecture estim\u00e9e":"9 minutes"},"schema":{"@context":"https:\/\/schema.org","@graph":[{"@type":"Article","@id":"https:\/\/www.verandair.com\/fr\/comment-meubler-une-pergola\/#article","isPartOf":{"@id":"https:\/\/www.verandair.com\/fr\/comment-meubler-une-pergola\/"},"author":{"name":"isa","@id":"https:\/\/www.verandair.com\/fr\/#\/schema\/person\/8f3f70149f94cd775bf269e2e75231d6"},"headline":"Comment bien meubler votre pergola ?","datePublished":"2024-09-26T08:45:58+00:00","mainEntityOfPage":{"@id":"https:\/\/www.verandair.com\/fr\/comment-meubler-une-pergola\/"},"wordCount":1980,"publisher":{"@id":"https:\/\/www.verandair.com\/fr\/#organization"},"image":{"@id":"https:\/\/www.verandair.com\/fr\/comment-meubler-une-pergola\/#primaryimage"},"thumbnailUrl":"https:\/\/www.verandair.com\/wp-content\/uploads\/2023\/01\/salon-terrasse-luxe.jpeg","articleSection":["Conseils","Tous"],"inLanguage":"fr-FR"},{"@type":"WebPage","@id":"https:\/\/www.verandair.com\/fr\/comment-meubler-une-pergola\/","url":"https:\/\/www.verandair.com\/fr\/comment-meubler-une-pergola\/","name":"5 \u00e9tapes pour meubler votre pergola avec style","isPartOf":{"@id":"https:\/\/www.verandair.com\/fr\/#website"},"primaryImageOfPage":{"@id":"https:\/\/www.verandair.com\/fr\/comment-meubler-une-pergola\/#primaryimage"},"image":{"@id":"https:\/\/www.verandair.com\/fr\/comment-meubler-une-pergola\/#primaryimage"},"thumbnailUrl":"https:\/\/www.verandair.com\/wp-content\/uploads\/2023\/01\/salon-terrasse-luxe.jpeg","datePublished":"2024-09-26T08:45:58+00:00","description":"D\u00e9couvrez nos conseils pour meubler et d\u00e9corer votre pergola. Cr\u00e9ez un espace ext\u00e9rieur convivial, confortable et \u00e9l\u00e9gant avec VERANDAIR\u00ae.","breadcrumb":{"@id":"https:\/\/www.verandair.com\/fr\/comment-meubler-une-pergola\/#breadcrumb"},"inLanguage":"fr-FR","potentialAction":[{"@type":"ReadAction","target":["https:\/\/www.verandair.com\/fr\/comment-meubler-une-pergola\/"]}]},{"@type":"ImageObject","inLanguage":"fr-FR","@id":"https:\/\/www.verandair.com\/fr\/comment-meubler-une-pergola\/#primaryimage","url":"https:\/\/www.verandair.com\/wp-content\/uploads\/2023\/01\/salon-terrasse-luxe.jpeg","contentUrl":"https:\/\/www.verandair.com\/wp-content\/uploads\/2023\/01\/salon-terrasse-luxe.jpeg","width":1080,"height":1080,"caption":"Ext\u00e9rieur avec un mur v\u00e9g\u00e9talis\u00e9, un mur en pierre et du mobilier design luxueux"},{"@type":"BreadcrumbList","@id":"https:\/\/www.verandair.com\/fr\/comment-meubler-une-pergola\/#breadcrumb","itemListElement":[{"@type":"ListItem","position":1,"name":"Accueil","item":{"@type":"WebPage","@id":"https:\/\/www.verandair.com\/fr\/","name":"Accueil"}},{"@type":"ListItem","position":2,"name":"Comment bien meubler votre pergola ?"}]},{"@type":"WebSite","@id":"https:\/\/www.verandair.com\/fr\/#website","url":"https:\/\/www.verandair.com\/fr\/","name":"VERANDAIR\u00ae","description":"","publisher":{"@id":"https:\/\/www.verandair.com\/fr\/#organization"},"potentialAction":[{"@type":"SearchAction","target":{"@type":"EntryPoint","urlTemplate":"https:\/\/www.verandair.com\/fr\/?s={search_term_string}"},"query-input":{"@type":"PropertyValueSpecification","valueRequired":true,"valueName":"search_term_string"}}],"inLanguage":"fr-FR"},{"@type":"Organization","@id":"https:\/\/www.verandair.com\/fr\/#organization","name":"Verandair","url":"https:\/\/www.verandair.com\/fr\/","logo":{"@type":"ImageObject","inLanguage":"fr-FR","@id":"https:\/\/www.verandair.com\/fr\/#\/schema\/logo\/image\/","url":"https:\/\/www.verandair.com\/wp-content\/uploads\/2024\/06\/VERANDAIR-logo.png","contentUrl":"https:\/\/www.verandair.com\/wp-content\/uploads\/2024\/06\/VERANDAIR-logo.png","width":283,"height":127,"caption":"Verandair"},"image":{"@id":"https:\/\/www.verandair.com\/fr\/#\/schema\/logo\/image\/"}},{"@type":"Person","@id":"https:\/\/www.verandair.com\/fr\/#\/schema\/person\/8f3f70149f94cd775bf269e2e75231d6","name":"isa","image":{"@type":"ImageObject","inLanguage":"fr-FR","@id":"https:\/\/secure.gravatar.com\/avatar\/8c42d60d60655e3f575c246b783162990896ffa7c6fb0999ffdad3443a3985e8?s=96&d=mm&r=g","url":"https:\/\/secure.gravatar.com\/avatar\/8c42d60d60655e3f575c246b783162990896ffa7c6fb0999ffdad3443a3985e8?s=96&d=mm&r=g","contentUrl":"https:\/\/secure.gravatar.com\/avatar\/8c42d60d60655e3f575c246b783162990896ffa7c6fb0999ffdad3443a3985e8?s=96&d=mm&r=g","caption":"isa"}}]}},"_links":{"self":[{"href":"https:\/\/www.verandair.com\/fr\/wp-json\/wp\/v2\/posts\/64278","targetHints":{"allow":["GET"]}}],"collection":[{"href":"https:\/\/www.verandair.com\/fr\/wp-json\/wp\/v2\/posts"}],"about":[{"href":"https:\/\/www.verandair.com\/fr\/wp-json\/wp\/v2\/types\/post"}],"author":[{"embeddable":true,"href":"https:\/\/www.verandair.com\/fr\/wp-json\/wp\/v2\/users\/12"}],"replies":[{"embeddable":true,"href":"https:\/\/www.verandair.com\/fr\/wp-json\/wp\/v2\/comments?post=64278"}],"version-history":[{"count":8,"href":"https:\/\/www.verandair.com\/fr\/wp-json\/wp\/v2\/posts\/64278\/revisions"}],"predecessor-version":[{"id":64287,"href":"https:\/\/www.verandair.com\/fr\/wp-json\/wp\/v2\/posts\/64278\/revisions\/64287"}],"wp:featuredmedia":[{"embeddable":true,"href":"https:\/\/www.verandair.com\/fr\/wp-json\/wp\/v2\/media\/61291"}],"wp:attachment":[{"href":"https:\/\/www.verandair.com\/fr\/wp-json\/wp\/v2\/media?parent=64278"}],"wp:term":[{"taxonomy":"category","embeddable":true,"href":"https:\/\/www.verandair.com\/fr\/wp-json\/wp\/v2\/categories?post=64278"},{"taxonomy":"post_tag","embeddable":true,"href":"https:\/\/www.verandair.com\/fr\/wp-json\/wp\/v2\/tags?post=64278"}],"curies":[{"name":"wp","href":"https:\/\/api.w.org\/{rel}","templated":true}]}}