{"id":64453,"date":"2025-04-14T12:08:51","date_gmt":"2025-04-14T10:08:51","guid":{"rendered":"https:\/\/www.verandair.com\/?p=64453"},"modified":"2026-02-27T14:07:33","modified_gmt":"2026-02-27T13:07:33","slug":"pergola-resistant-vent","status":"publish","type":"post","link":"https:\/\/www.verandair.com\/fr\/pergola-resistant-vent\/","title":{"rendered":"Installer votre pergola en zone venteuse : quelles solutions pour r\u00e9sister au vent ?"},"content":{"rendered":"<p>[et_pb_section fb_built=&#8221;1&#8243; admin_label=&#8221;section&#8221; _builder_version=&#8221;4.16&#8243; global_colors_info=&#8221;{}&#8221; theme_builder_area=&#8221;post_content&#8221;][et_pb_row admin_label=&#8221;row&#8221; _builder_version=&#8221;4.16&#8243; background_size=&#8221;initial&#8221; background_position=&#8221;top_left&#8221; background_repeat=&#8221;repeat&#8221; global_colors_info=&#8221;{}&#8221; theme_builder_area=&#8221;post_content&#8221;][et_pb_column type=&#8221;4_4&#8243; _builder_version=&#8221;4.16&#8243; custom_padding=&#8221;|||&#8221; global_colors_info=&#8221;{}&#8221; custom_padding__hover=&#8221;|||&#8221; theme_builder_area=&#8221;post_content&#8221;][et_pb_text _builder_version=&#8221;4.27.2&#8243; _module_preset=&#8221;default&#8221; global_colors_info=&#8221;{}&#8221; theme_builder_area=&#8221;post_content&#8221;]<\/p>\n<p>Vous r\u00eavez d&#8217;une <strong>terrasse<\/strong> o\u00f9 vous pourrez vous d\u00e9tendre en toute saison, m\u00eame par temps venteux ? Vous le savez, l\u2019<a href=\"https:\/\/www.verandair.com\/fr\/pergolas\/\">installation d\u2019une pergola<\/a> repr\u00e9sente un investissement co\u00fbteux. Il est donc plus que n\u00e9cessaire de <strong>prot\u00e9ger votre structure du vent<\/strong>. Pour cela, vous pouvez \u00e0 la fois choisir une structure capable de <strong>r\u00e9sister aux intemp\u00e9ries<\/strong>, ou <strong>renforcer une structure existante <\/strong>pour plus de s\u00fbret\u00e9.<\/p>\n<p>VERANDAIR\u00ae vous explique tout ce que vous devez savoir pour <strong>combiner pergola et r\u00e9sistance au vent<\/strong>. Vous en saurez plus sur les mod\u00e8les de pergolas les plus robustes, et d\u00e9couvrirez comment <strong>renforcer la r\u00e9sistance au vent<\/strong> de votre pergola. L\u2019objectif final ? Vous aider \u00e0 <strong>profiter sereinement de votre ext\u00e9rieur<\/strong> tout au long de l\u2019ann\u00e9e. Pr\u00eat \u00e0 s\u00e9curiser votre installation ? Lisez la suite !<\/p>\n<p>&nbsp;<\/p>\n<p>[\/et_pb_text][et_pb_text _builder_version=&#8221;4.27.2&#8243; _module_preset=&#8221;default&#8221; global_colors_info=&#8221;{}&#8221; theme_builder_area=&#8221;post_content&#8221;]<\/p>\n<h2>Comprendre l&#8217;impact du vent sur une pergola<\/h2>\n<h3>Les d\u00e9fis des zones venteuses<\/h3>\n<p>Les r\u00e9gions sujettes \u00e0 des <strong>vents violents<\/strong> posent des d\u00e9fis particuliers lors de l&#8217;installation d&#8217;une <strong>pergola<\/strong>. Le <strong>vent<\/strong>, surtout lorsqu\u2019il est fort et constant, peut rendre la <strong>structure instable<\/strong>, voire dangereuse. Les principales menaces li\u00e9es aux rafales sont l\u2019<strong>arrachement des \u00e9l\u00e9ments <\/strong>fix\u00e9s (comme les lames ou la toile) et le <strong>soul\u00e8vement de la structure<\/strong> si elle n\u2019est pas solidement ancr\u00e9e.<\/p>\n<p>Dans les cas les plus extr\u00eames, cela peut entra\u00eener des <strong>dommages mat\u00e9riels<\/strong> importants, voire des accidents. La s\u00e9curit\u00e9 est donc au c\u0153ur de cette r\u00e9flexion, car une pergola mal fix\u00e9e peut repr\u00e9senter un <strong>danger<\/strong> pour les <strong>occupants<\/strong>, mais aussi pour les <strong>biens environnants<\/strong>, comme les meubles de jardin, les vitres ou les \u00e9quipements ext\u00e9rieurs.<\/p>\n<h3>Facteurs \u00e0 prendre en compte lors de l&#8217;installation<\/h3>\n<p>Pour assurer une <strong>installation<\/strong> optimale de votre <strong>pergola<\/strong> dans une zone venteuse, plusieurs facteurs doivent \u00eatre pris en compte.<\/p>\n<ul>\n<li><strong>Direction des vents dominants<\/strong> : connaitre la direction des <strong>vents dominants<\/strong> dans votre r\u00e9gion vous aide \u00e0 orienter la structure de mani\u00e8re \u00e0 minimiser l&#8217;impact des rafales.<\/li>\n<li><strong>Force des rafales<\/strong> : en fonction de la <strong>force des vents<\/strong> dans votre r\u00e9gion, il peut \u00eatre n\u00e9cessaire d&#8217;adapter la structure de la pergola et d\u2019en choisir une suffisamment robuste pour y r\u00e9sister.<\/li>\n<li><strong>\u00c9l\u00e9ments environnants<\/strong> : les <strong>arbres<\/strong>, <strong>b\u00e2timents<\/strong> et autres structures autour de votre pergola peuvent soit prot\u00e9ger la pergola des vents, soit accentuer leur force en canalisant les rafales. Analyser le <strong>paysage autour de l&#8217;installation<\/strong> vous permet donc de pr\u00e9voir des zones tampons ou des brise-vent pour limiter les effets du vent.<\/li>\n<\/ul>\n<p>&nbsp;<\/p>\n<p>[\/et_pb_text][et_pb_image src=&#8221;https:\/\/www.verandair.com\/wp-content\/uploads\/2024\/02\/pergola-en-aluminium.jpeg&#8221; alt=&#8221;Pergola toit fixe en aluminium sur une terrasse avec une table et des chaises&#8221; title_text=&#8221;pergola-en-aluminium&#8221; align=&#8221;center&#8221; _builder_version=&#8221;4.27.2&#8243; _module_preset=&#8221;default&#8221; global_colors_info=&#8221;{}&#8221; theme_builder_area=&#8221;post_content&#8221;][\/et_pb_image][et_pb_text _builder_version=&#8221;4.27.2&#8243; _module_preset=&#8221;default&#8221; global_colors_info=&#8221;{}&#8221; theme_builder_area=&#8221;post_content&#8221;]<\/p>\n<p>&nbsp;<\/p>\n<h2>Choisir une pergola adapt\u00e9e aux zones venteuses<\/h2>\n<p>Vous connaissez maintenant la n\u00e9cessit\u00e9 de pr\u00eater attention au vent lors de l\u2019installation de votre pergola. \u00c0 pr\u00e9sent, examinons les <strong>options<\/strong> qui s\u2019offrent \u00e0 vous pour un <strong>mod\u00e8le de pergola r\u00e9sistant<\/strong>.<\/p>\n<h3>Mat\u00e9riaux r\u00e9sistants pour une pergola stable<\/h3>\n<h4>Aluminium<\/h4>\n<p>L&#8217;aluminium est le mat\u00e9riau le plus recommand\u00e9 pour les pergolas expos\u00e9es aux intemp\u00e9ries et aux vents forts. En effet, sa <strong>l\u00e9g\u00e8ret\u00e9<\/strong> n&#8217;emp\u00eache pas sa grande <strong>r\u00e9sistance<\/strong>. Opter pour <a href=\"https:\/\/www.verandair.com\/fr\/pergolas\/pergola-aluminium\/\">une pergola en aluminium<\/a>, c\u2019est opter pour une pergola qui ne se corrode pas et offre une durabilit\u00e9 sans entretien lourd, tout en \u00e9tant capable de supporter des rafales de vent importantes.<\/p>\n<p>Ce mat\u00e9riau est aussi appr\u00e9ci\u00e9 pour ses qualit\u00e9s esth\u00e9tiques et modernes.<\/p>\n<h4>Bois<\/h4>\n<p>Le <strong>bois<\/strong> peut \u00eatre une solution \u00e9l\u00e9gante pour une pergola, mais il pr\u00e9sente certaines limites dans les zones venteuses. Il est plus lourd et moins flexible que l\u2019aluminium, ce qui peut rendre sa r\u00e9sistance aux vents plus limit\u00e9e.<\/p>\n<p>De plus, il n\u00e9cessite un <strong>entretien r\u00e9gulier<\/strong> pour pr\u00e9server sa solidit\u00e9 face aux intemp\u00e9ries. Vous souhaitez tout de m\u00eame b\u00e9n\u00e9ficier du charme du bois ? Nous vous recommandons d\u2019opter pour <a href=\"https:\/\/www.verandair.com\/fr\/pergolas\/pergola-prestige\/\">notre pergola Prestige<\/a>, qui conjugue une<strong> structure en acier<\/strong> avec une <strong>\u00e9l\u00e9gante finition sup\u00e9rieure en bois<\/strong>.<\/p>\n<h4>Acier<\/h4>\n<p>Pour les zones o\u00f9 les vents sont particuli\u00e8rement violents, certaines personnes optent pour une structure en <strong>acier<\/strong>, qui est extr\u00eamement solide. Cependant, l\u2019acier pr\u00e9sente deux inconv\u00e9nients majeurs : il est beaucoup plus <strong>lourd<\/strong>\u00a0(ce qui peut compliquer l&#8217;installation) et il n\u00e9cessite un <strong>traitement anti-corrosion<\/strong> (afin de rester fonctionnel \u00e0 long terme).<\/p>\n<p>Par ailleurs, il n&#8217;offre pas la m\u00eame flexibilit\u00e9 esth\u00e9tique que l\u2019aluminium.<\/p>\n<p>&nbsp;<\/p>\n<p>[\/et_pb_text][et_pb_button button_url=&#8221;https:\/\/www.verandair.com\/fr\/pergolas\/&#8221; button_text=&#8221;D\u00e9couvrez nos mod\u00e8les de pergolas &#8221; button_alignment=&#8221;center&#8221; _builder_version=&#8221;4.27.2&#8243; _module_preset=&#8221;default&#8221; global_colors_info=&#8221;{}&#8221; theme_builder_area=&#8221;post_content&#8221;][\/et_pb_button][et_pb_text _builder_version=&#8221;4.27.2&#8243; _module_preset=&#8221;default&#8221; global_colors_info=&#8221;{}&#8221; theme_builder_area=&#8221;post_content&#8221;]<\/p>\n<p>&nbsp;<\/p>\n<h3>Diff\u00e9rents types de pergolas et leur r\u00e9sistance<\/h3>\n<p>Selon la configuration de votre espace ext\u00e9rieur et la force des vents dans votre r\u00e9gion, certains <strong>types de pergolas<\/strong> s\u2019adaptent mieux que d\u2019autres pour r\u00e9sister aux rafales.<\/p>\n<h4>Pergola adoss\u00e9e<\/h4>\n<p>Comme son nom l&#8217;indique, la pergola adoss\u00e9e est fix\u00e9e \u00e0 un mur de la maison, ce qui lui procure une <strong>stabilit\u00e9 suppl\u00e9mentaire<\/strong> face aux vents forts. Rattach\u00e9e \u00e0 une structure existante, elle devient moins vuln\u00e9rable aux rafales qui pourraient la soulever.<\/p>\n<h4>Pergola autoportante<\/h4>\n<p>Contrairement \u00e0 la pergola adoss\u00e9e, la <strong>pergola autoportante<\/strong> est une structure ind\u00e9pendante, qui pourrait tr\u00e8s bien \u00eatre plac\u00e9e en plein centre de votre jardin.<\/p>\n<p>Plus flexible en termes de placement, elle est toutefois plus expos\u00e9e aux vents car elle ne b\u00e9n\u00e9ficie pas du support d&#8217;un mur pour stabiliser la structure.<\/p>\n<h4>Pergola bioclimatique<\/h4>\n<p>Les <a href=\"https:\/\/www.verandair.com\/fr\/pergolas\/pergola-bioclimatique\/\"><strong>pergolas bioclimatiques<\/strong><\/a> sont constitu\u00e9es de lames orientables, qu&#8217;il est possible d\u2019ouvrir ou de refermer au besoin. Cela leur donne la capacit\u00e9 de r\u00e9guler leur prise au vent via l\u2019ouverture ou la fermeture de ces lames.<\/p>\n<p>Toutefois, ce mod\u00e8le pr\u00e9sente quelques inconv\u00e9nients. En effet, la structure bioclimatique est peu adapt\u00e9e \u00e0 un climat capricieux comme en Belgique ou en France. Par cons\u00e9quent, la <strong>manipulation fr\u00e9quente des lames orientables<\/strong> pour s&#8217;adapter aux changements climatiques peut devenir rapidement contraignante. D\u2019autant plus que l&#8217;ouverture et la fermeture des lames peuvent \u00eatre lentes, notamment en cas de vent fort.<\/p>\n<p>Il est alors pr\u00e9f\u00e9rable de vous tourner vers une <a href=\"https:\/\/www.verandair.com\/fr\/pergolas\/veranda-bioclimatique-retractable\/\">v\u00e9randa bioclimatique r\u00e9tractable<\/a>, qui permet une ouverture et une fermeture rapide de la structure et vous offre une protection totale contre les intemp\u00e9ries.<\/p>\n<p>&nbsp;<\/p>\n<p>[\/et_pb_text][et_pb_image src=&#8221;https:\/\/www.verandair.com\/wp-content\/uploads\/2024\/01\/VERANDAIR-pergola-fermee-6.jpg&#8221; alt=&#8221;Pergola vitr\u00e9e accol\u00e9e \u00e0 une grande maison&#8221; title_text=&#8221;VERANDAIR-pergola-fermee-6&#8243; align=&#8221;center&#8221; _builder_version=&#8221;4.27.2&#8243; _module_preset=&#8221;default&#8221; global_colors_info=&#8221;{}&#8221; theme_builder_area=&#8221;post_content&#8221;][\/et_pb_image][et_pb_text _builder_version=&#8221;4.27.2&#8243; _module_preset=&#8221;default&#8221; global_colors_info=&#8221;{}&#8221; theme_builder_area=&#8221;post_content&#8221;]<\/p>\n<p>&nbsp;<\/p>\n<h2>Renforcer la structure de votre pergola<\/h2>\n<p>Au-del\u00e0 d\u2019une installation bien pens\u00e9e et de mat\u00e9riaux adapt\u00e9s, nous vous conseillons de <strong>renforcer<\/strong> <a href=\"https:\/\/www.verandair.com\/fr\/pergolas\/\">votre pergola<\/a> pour <strong>assurer sa stabilit\u00e9<\/strong>.<\/p>\n<p>Pour cela, fixer les pieds de votre mod\u00e8le reste un excellent moyen pour augmenter sa r\u00e9sistance. Selon la surface sur laquelle repose la structure, <strong>diff\u00e9rentes techniques de fixation <\/strong>s\u2019imposent.<\/p>\n<h3>Fixer les pieds sur une terrasse<\/h3>\n<p>Percez ces surfaces avec soin pour \u00e9viter les fissures. Utilisez une <strong>perceuse adapt\u00e9e<\/strong> pour traverser le carrelage ou les lames de bois sans les ab\u00eemer. Ensuite, ins\u00e9rez des <strong>chevilles<\/strong> r\u00e9sistantes dans les trous et fixez les pieds avec des <strong>vis robustes<\/strong>.<\/p>\n<h3>Fixer les pieds sur une pelouse<\/h3>\n<p>Pour une installation sur gazon ou terre, un simple ancrage des pieds ne suffit pas. Il est n\u00e9cessaire de <strong>creuser des trous<\/strong> d\u2019une profondeur adapt\u00e9e pour chaque pied. Ajoutez ensuite une couche de <strong>sable<\/strong> et de <strong>gravier<\/strong> au fond du trou pour un drainage optimal et une meilleure stabilit\u00e9.<\/p>\n<p>Une fois les pieds de la pergola install\u00e9s dans ces trous, <strong>scellez-les<\/strong> avec du b\u00e9ton pour garantir une <strong>fixation durable<\/strong> et \u00e9viter tout risque de basculement.<\/p>\n<p>&nbsp;<\/p>\n<p>[\/et_pb_text][et_pb_text _builder_version=&#8221;4.27.2&#8243; _module_preset=&#8221;default&#8221; global_colors_info=&#8221;{}&#8221; theme_builder_area=&#8221;post_content&#8221;]<\/p>\n<h2>Les accessoires indispensables pour renforcer votre pergola<\/h2>\n<p>Besoin d\u2019encore plus de r\u00e9sistance et de stabilit\u00e9 ? Allons faire un tour du c\u00f4t\u00e9 des accessoires !<\/p>\n<h3>Toile r\u00e9sistante aux intemp\u00e9ries<\/h3>\n<p>La toile de votre pergola a aussi son r\u00f4le \u00e0 jouer en termes de protection. Privil\u00e9giez des <strong>toiles ou b\u00e2ches r\u00e9sistantes<\/strong>, sp\u00e9cialement con\u00e7ues pour supporter des vents forts. Souvent test\u00e9es en laboratoire, ces toiles sont fabriqu\u00e9es dans des <strong>mat\u00e9riaux renforc\u00e9s <\/strong>capables de<strong> faire face aux intemp\u00e9ries <\/strong>sans se d\u00e9chirer ou s\u2019envoler.<\/p>\n<h3>Parois lat\u00e9rales et brise-vent<\/h3>\n<p>Les <strong>parois lat\u00e9rales<\/strong> et les <strong>brise-vent<\/strong> vous aident \u00e0 limiter l&#8217;impact des rafales sur votre pergola car elles en r\u00e9duisent la force directe. Ces parois lat\u00e9rales peuvent \u00eatre fixes ou r\u00e9tractables, en <strong>verre<\/strong>, en <strong>aluminium<\/strong>, ou en <strong>PVC<\/strong>. Avec elle, vous cr\u00e9ez une <strong>barri\u00e8re <\/strong>contre le vent et conservez un espace ext\u00e9rieur confortable.<\/p>\n<p>&nbsp;<\/p>\n<p>[\/et_pb_text][et_pb_image src=&#8221;https:\/\/www.verandair.com\/wp-content\/uploads\/2024\/02\/VERANDAIR-selection-54-pergola-ouverte.jpg&#8221; alt=&#8221;Pergola toit fixe ouverte avec vue sur un jardin fleuri&#8221; title_text=&#8221;VERANDAIR-selection-54-pergola-ouverte&#8221; align=&#8221;center&#8221; _builder_version=&#8221;4.27.2&#8243; _module_preset=&#8221;default&#8221; global_colors_info=&#8221;{}&#8221; theme_builder_area=&#8221;post_content&#8221;][\/et_pb_image][et_pb_text _builder_version=&#8221;4.27.2&#8243; _module_preset=&#8221;default&#8221; global_colors_info=&#8221;{}&#8221; theme_builder_area=&#8221;post_content&#8221;]<\/p>\n<p>&nbsp;<\/p>\n<h2>Zoom sur les pergolas r\u00e9sistantes de VERANDAIR\u00ae<\/h2>\n<p><a href=\"https:\/\/www.verandair.com\/fr\/pergolas\/\">Les pergolas <\/a><a href=\"https:\/\/www.verandair.com\/fr\/pergolas\/\"><strong>VERANDAIR\u00ae<\/strong><\/a> sont connues pour leur capacit\u00e9 \u00e0 allier confort, esth\u00e9tisme et r\u00e9sistance aux \u00e9l\u00e9ments.<\/p>\n<h3>Des mat\u00e9riaux solides et r\u00e9sistants<\/h3>\n<p>Nos pergolas sont capables de r\u00e9sister \u00e0 des vents allant jusqu\u2019\u00e0 100 km\/h. Comment ? Gr\u00e2ce \u00e0 leur ossature. L&#8217;ossature de nos pergolas est fabriqu\u00e9e en <strong>aluminium l\u00e9ger<\/strong>, un mat\u00e9riau reconnu pour sa <strong>solidit\u00e9<\/strong> et sa <strong>r\u00e9sistance<\/strong> face aux intemp\u00e9ries. Ce choix permet d&#8217;allier l\u00e9g\u00e8ret\u00e9 et robustesse pour votre structure.<\/p>\n<h3>Protection contre le vent, la pluie et les UV<\/h3>\n<p>Les pergolas <strong>VERANDAIR\u00ae<\/strong> ne se contentent pas de prot\u00e9ger contre le vent. Elles offrent \u00e9galement une <strong>protection compl\u00e8te contre les UV<\/strong>, mais aussi contre\u00a0la <strong>pluie<\/strong> gr\u00e2ce \u00e0 un syst\u00e8me d&#8217;<strong>\u00e9vacuation d&#8217;eau int\u00e9gr\u00e9<\/strong>. Cette combinaison assure que votre pergola reste un endroit confortable et utilisable tout au long de l&#8217;ann\u00e9e, m\u00eame lors de conditions m\u00e9t\u00e9orologiques capricieuses comme en <strong>Belgique<\/strong>.<\/p>\n<h3>Test\u00e9e pour garantir une r\u00e9sistance optimale<\/h3>\n<p>Nos pergolas sont soumises \u00e0 des tests rigoureux pour garantir leur r\u00e9sistance face aux \u00e9l\u00e9ments. Gr\u00e2ce \u00e0 des laboratoires ind\u00e9pendants, nous nous assurons que chaque pergola r\u00e9pond bien aux normes de s\u00e9curit\u00e9 les plus strictes, qu&#8217;il s&#8217;agisse de la <strong>r\u00e9sistance au vent<\/strong> ou de la <strong>charge de neige<\/strong>.<\/p>\n<h2>Prot\u00e9gez votre pergola avec VERANDAIR\u00ae<\/h2>\n<p>Vous connaissez \u00e0 pr\u00e9sent tous nos conseils pour une pergola r\u00e9sistante aux intemp\u00e9ries. Envie d\u2019une protection vraiment efficace ? Avec plus de 35 ans d\u2019expertise et une <strong>garantie de 15 ans<\/strong>, <a href=\"https:\/\/www.verandair.com\/fr\/pergolas\/\">les pergolas <\/a><a href=\"https:\/\/www.verandair.com\/fr\/pergolas\/\"><strong>VERANDAIR\u00ae<\/strong><\/a> sont la solution id\u00e9ale pour profiter pleinement de votre ext\u00e9rieur, qu\u2019importent les conditions climatiques.<\/p>\n<p>&nbsp;<\/p>\n<p>[\/et_pb_text][et_pb_button button_url=&#8221;https:\/\/www.verandair.com\/fr\/contact\/&#8221; button_text=&#8221;Contactez-nous&#8221; button_alignment=&#8221;center&#8221; _builder_version=&#8221;4.27.2&#8243; _module_preset=&#8221;default&#8221; global_colors_info=&#8221;{}&#8221; theme_builder_area=&#8221;post_content&#8221;][\/et_pb_button][\/et_pb_column][\/et_pb_row][\/et_pb_section]<\/p>\n","protected":false},"excerpt":{"rendered":"<p>Pergola en zone venteuse ? Optez pour une installation robuste avec nos conseils pour r\u00e9sister aux rafales et s\u00e9curiser votre espace ext\u00e9rieur.<\/p>\n","protected":false},"author":12,"featured_media":228,"comment_status":"closed","ping_status":"closed","sticky":false,"template":"","format":"standard","meta":{"_acf_changed":false,"_et_pb_use_builder":"on","_et_pb_old_content":"","_et_gb_content_width":"","inline_featured_image":false,"footnotes":""},"categories":[17,33,1],"tags":[],"class_list":["post-64453","post","type-post","status-publish","format-standard","has-post-thumbnail","hentry","category-conseils","category-pergolas","category-tous"],"acf":[],"yoast_head":"<!-- This site is optimized with the Yoast SEO plugin v27.5 - https:\/\/yoast.com\/product\/yoast-seo-wordpress\/ -->\n<title>Pergola et zone venteuse : comment la rendre r\u00e9sistante au vent ?<\/title>\n<meta name=\"description\" content=\"D\u00e9couvrez comment prot\u00e9ger votre pergola du vent avec des mat\u00e9riaux robustes et des techniques de renforcement adapt\u00e9es aux zones venteuses.\" \/>\n<meta name=\"robots\" content=\"index, follow, max-snippet:-1, max-image-preview:large, max-video-preview:-1\" \/>\n<link rel=\"canonical\" href=\"https:\/\/www.verandair.com\/fr\/pergola-resistant-vent\/\" \/>\n<meta property=\"og:locale\" content=\"fr_FR\" \/>\n<meta property=\"og:type\" content=\"article\" \/>\n<meta property=\"og:title\" content=\"Pergola et zone venteuse : comment la rendre r\u00e9sistante au vent ?\" \/>\n<meta property=\"og:description\" content=\"D\u00e9couvrez comment prot\u00e9ger votre pergola du vent avec des mat\u00e9riaux robustes et des techniques de renforcement adapt\u00e9es aux zones venteuses.\" \/>\n<meta property=\"og:url\" content=\"https:\/\/www.verandair.com\/fr\/pergola-resistant-vent\/\" \/>\n<meta property=\"og:site_name\" content=\"VERANDAIR\u00ae\" \/>\n<meta property=\"article:published_time\" content=\"2025-04-14T10:08:51+00:00\" \/>\n<meta property=\"article:modified_time\" content=\"2026-02-27T13:07:33+00:00\" \/>\n<meta property=\"og:image\" content=\"https:\/\/www.verandair.com\/wp-content\/uploads\/2019\/09\/pergola-verandair-3.jpg\" \/>\n\t<meta property=\"og:image:width\" content=\"572\" \/>\n\t<meta property=\"og:image:height\" content=\"381\" \/>\n\t<meta property=\"og:image:type\" content=\"image\/jpeg\" \/>\n<meta name=\"author\" content=\"isa\" \/>\n<meta name=\"twitter:card\" content=\"summary_large_image\" \/>\n<meta name=\"twitter:label1\" content=\"\u00c9crit par\" \/>\n\t<meta name=\"twitter:data1\" content=\"isa\" \/>\n\t<meta name=\"twitter:label2\" content=\"Dur\u00e9e de lecture estim\u00e9e\" \/>\n\t<meta name=\"twitter:data2\" content=\"9 minutes\" \/>\n<script type=\"application\/ld+json\" class=\"yoast-schema-graph\">{\"@context\":\"https:\\\/\\\/schema.org\",\"@graph\":[{\"@type\":\"Article\",\"@id\":\"https:\\\/\\\/www.verandair.com\\\/fr\\\/pergola-resistant-vent\\\/#article\",\"isPartOf\":{\"@id\":\"https:\\\/\\\/www.verandair.com\\\/fr\\\/pergola-resistant-vent\\\/\"},\"author\":{\"name\":\"isa\",\"@id\":\"https:\\\/\\\/www.verandair.com\\\/fr\\\/#\\\/schema\\\/person\\\/8f3f70149f94cd775bf269e2e75231d6\"},\"headline\":\"Installer votre pergola en zone venteuse : quelles solutions pour r\u00e9sister au vent ?\",\"datePublished\":\"2025-04-14T10:08:51+00:00\",\"dateModified\":\"2026-02-27T13:07:33+00:00\",\"mainEntityOfPage\":{\"@id\":\"https:\\\/\\\/www.verandair.com\\\/fr\\\/pergola-resistant-vent\\\/\"},\"wordCount\":2130,\"publisher\":{\"@id\":\"https:\\\/\\\/www.verandair.com\\\/fr\\\/#organization\"},\"image\":{\"@id\":\"https:\\\/\\\/www.verandair.com\\\/fr\\\/pergola-resistant-vent\\\/#primaryimage\"},\"thumbnailUrl\":\"https:\\\/\\\/www.verandair.com\\\/wp-content\\\/uploads\\\/2019\\\/09\\\/pergola-verandair-3.jpg\",\"articleSection\":[\"Conseils\",\"Pergolas\",\"Tous\"],\"inLanguage\":\"fr-FR\"},{\"@type\":\"WebPage\",\"@id\":\"https:\\\/\\\/www.verandair.com\\\/fr\\\/pergola-resistant-vent\\\/\",\"url\":\"https:\\\/\\\/www.verandair.com\\\/fr\\\/pergola-resistant-vent\\\/\",\"name\":\"Pergola et zone venteuse : comment la rendre r\u00e9sistante au vent ?\",\"isPartOf\":{\"@id\":\"https:\\\/\\\/www.verandair.com\\\/fr\\\/#website\"},\"primaryImageOfPage\":{\"@id\":\"https:\\\/\\\/www.verandair.com\\\/fr\\\/pergola-resistant-vent\\\/#primaryimage\"},\"image\":{\"@id\":\"https:\\\/\\\/www.verandair.com\\\/fr\\\/pergola-resistant-vent\\\/#primaryimage\"},\"thumbnailUrl\":\"https:\\\/\\\/www.verandair.com\\\/wp-content\\\/uploads\\\/2019\\\/09\\\/pergola-verandair-3.jpg\",\"datePublished\":\"2025-04-14T10:08:51+00:00\",\"dateModified\":\"2026-02-27T13:07:33+00:00\",\"description\":\"D\u00e9couvrez comment prot\u00e9ger votre pergola du vent avec des mat\u00e9riaux robustes et des techniques de renforcement adapt\u00e9es aux zones venteuses.\",\"breadcrumb\":{\"@id\":\"https:\\\/\\\/www.verandair.com\\\/fr\\\/pergola-resistant-vent\\\/#breadcrumb\"},\"inLanguage\":\"fr-FR\",\"potentialAction\":[{\"@type\":\"ReadAction\",\"target\":[\"https:\\\/\\\/www.verandair.com\\\/fr\\\/pergola-resistant-vent\\\/\"]}]},{\"@type\":\"ImageObject\",\"inLanguage\":\"fr-FR\",\"@id\":\"https:\\\/\\\/www.verandair.com\\\/fr\\\/pergola-resistant-vent\\\/#primaryimage\",\"url\":\"https:\\\/\\\/www.verandair.com\\\/wp-content\\\/uploads\\\/2019\\\/09\\\/pergola-verandair-3.jpg\",\"contentUrl\":\"https:\\\/\\\/www.verandair.com\\\/wp-content\\\/uploads\\\/2019\\\/09\\\/pergola-verandair-3.jpg\",\"width\":572,\"height\":381,\"caption\":\"pergola-aluminium\"},{\"@type\":\"BreadcrumbList\",\"@id\":\"https:\\\/\\\/www.verandair.com\\\/fr\\\/pergola-resistant-vent\\\/#breadcrumb\",\"itemListElement\":[{\"@type\":\"ListItem\",\"position\":1,\"name\":\"Accueil\",\"item\":{\"@type\":\"WebPage\",\"@id\":\"https:\\\/\\\/www.verandair.com\\\/fr\\\/\",\"name\":\"Accueil\"}},{\"@type\":\"ListItem\",\"position\":2,\"name\":\"Installer votre pergola en zone venteuse : quelles solutions pour r\u00e9sister au vent ?\"}]},{\"@type\":\"WebSite\",\"@id\":\"https:\\\/\\\/www.verandair.com\\\/fr\\\/#website\",\"url\":\"https:\\\/\\\/www.verandair.com\\\/fr\\\/\",\"name\":\"VERANDAIR\u00ae\",\"description\":\"\",\"publisher\":{\"@id\":\"https:\\\/\\\/www.verandair.com\\\/fr\\\/#organization\"},\"potentialAction\":[{\"@type\":\"SearchAction\",\"target\":{\"@type\":\"EntryPoint\",\"urlTemplate\":\"https:\\\/\\\/www.verandair.com\\\/fr\\\/?s={search_term_string}\"},\"query-input\":{\"@type\":\"PropertyValueSpecification\",\"valueRequired\":true,\"valueName\":\"search_term_string\"}}],\"inLanguage\":\"fr-FR\"},{\"@type\":\"Organization\",\"@id\":\"https:\\\/\\\/www.verandair.com\\\/fr\\\/#organization\",\"name\":\"Verandair\",\"url\":\"https:\\\/\\\/www.verandair.com\\\/fr\\\/\",\"logo\":{\"@type\":\"ImageObject\",\"inLanguage\":\"fr-FR\",\"@id\":\"https:\\\/\\\/www.verandair.com\\\/fr\\\/#\\\/schema\\\/logo\\\/image\\\/\",\"url\":\"https:\\\/\\\/www.verandair.com\\\/wp-content\\\/uploads\\\/2024\\\/06\\\/VERANDAIR-logo.png\",\"contentUrl\":\"https:\\\/\\\/www.verandair.com\\\/wp-content\\\/uploads\\\/2024\\\/06\\\/VERANDAIR-logo.png\",\"width\":283,\"height\":127,\"caption\":\"Verandair\"},\"image\":{\"@id\":\"https:\\\/\\\/www.verandair.com\\\/fr\\\/#\\\/schema\\\/logo\\\/image\\\/\"}},{\"@type\":\"Person\",\"@id\":\"https:\\\/\\\/www.verandair.com\\\/fr\\\/#\\\/schema\\\/person\\\/8f3f70149f94cd775bf269e2e75231d6\",\"name\":\"isa\",\"image\":{\"@type\":\"ImageObject\",\"inLanguage\":\"fr-FR\",\"@id\":\"https:\\\/\\\/secure.gravatar.com\\\/avatar\\\/8c42d60d60655e3f575c246b783162990896ffa7c6fb0999ffdad3443a3985e8?s=96&d=mm&r=g\",\"url\":\"https:\\\/\\\/secure.gravatar.com\\\/avatar\\\/8c42d60d60655e3f575c246b783162990896ffa7c6fb0999ffdad3443a3985e8?s=96&d=mm&r=g\",\"contentUrl\":\"https:\\\/\\\/secure.gravatar.com\\\/avatar\\\/8c42d60d60655e3f575c246b783162990896ffa7c6fb0999ffdad3443a3985e8?s=96&d=mm&r=g\",\"caption\":\"isa\"}}]}<\/script>\n<!-- \/ Yoast SEO plugin. -->","yoast_head_json":{"title":"Pergola et zone venteuse : comment la rendre r\u00e9sistante au vent ?","description":"D\u00e9couvrez comment prot\u00e9ger votre pergola du vent avec des mat\u00e9riaux robustes et des techniques de renforcement adapt\u00e9es aux zones venteuses.","robots":{"index":"index","follow":"follow","max-snippet":"max-snippet:-1","max-image-preview":"max-image-preview:large","max-video-preview":"max-video-preview:-1"},"canonical":"https:\/\/www.verandair.com\/fr\/pergola-resistant-vent\/","og_locale":"fr_FR","og_type":"article","og_title":"Pergola et zone venteuse : comment la rendre r\u00e9sistante au vent ?","og_description":"D\u00e9couvrez comment prot\u00e9ger votre pergola du vent avec des mat\u00e9riaux robustes et des techniques de renforcement adapt\u00e9es aux zones venteuses.","og_url":"https:\/\/www.verandair.com\/fr\/pergola-resistant-vent\/","og_site_name":"VERANDAIR\u00ae","article_published_time":"2025-04-14T10:08:51+00:00","article_modified_time":"2026-02-27T13:07:33+00:00","og_image":[{"width":572,"height":381,"url":"https:\/\/www.verandair.com\/wp-content\/uploads\/2019\/09\/pergola-verandair-3.jpg","type":"image\/jpeg"}],"author":"isa","twitter_card":"summary_large_image","twitter_misc":{"\u00c9crit par":"isa","Dur\u00e9e de lecture estim\u00e9e":"9 minutes"},"schema":{"@context":"https:\/\/schema.org","@graph":[{"@type":"Article","@id":"https:\/\/www.verandair.com\/fr\/pergola-resistant-vent\/#article","isPartOf":{"@id":"https:\/\/www.verandair.com\/fr\/pergola-resistant-vent\/"},"author":{"name":"isa","@id":"https:\/\/www.verandair.com\/fr\/#\/schema\/person\/8f3f70149f94cd775bf269e2e75231d6"},"headline":"Installer votre pergola en zone venteuse : quelles solutions pour r\u00e9sister au vent ?","datePublished":"2025-04-14T10:08:51+00:00","dateModified":"2026-02-27T13:07:33+00:00","mainEntityOfPage":{"@id":"https:\/\/www.verandair.com\/fr\/pergola-resistant-vent\/"},"wordCount":2130,"publisher":{"@id":"https:\/\/www.verandair.com\/fr\/#organization"},"image":{"@id":"https:\/\/www.verandair.com\/fr\/pergola-resistant-vent\/#primaryimage"},"thumbnailUrl":"https:\/\/www.verandair.com\/wp-content\/uploads\/2019\/09\/pergola-verandair-3.jpg","articleSection":["Conseils","Pergolas","Tous"],"inLanguage":"fr-FR"},{"@type":"WebPage","@id":"https:\/\/www.verandair.com\/fr\/pergola-resistant-vent\/","url":"https:\/\/www.verandair.com\/fr\/pergola-resistant-vent\/","name":"Pergola et zone venteuse : comment la rendre r\u00e9sistante au vent ?","isPartOf":{"@id":"https:\/\/www.verandair.com\/fr\/#website"},"primaryImageOfPage":{"@id":"https:\/\/www.verandair.com\/fr\/pergola-resistant-vent\/#primaryimage"},"image":{"@id":"https:\/\/www.verandair.com\/fr\/pergola-resistant-vent\/#primaryimage"},"thumbnailUrl":"https:\/\/www.verandair.com\/wp-content\/uploads\/2019\/09\/pergola-verandair-3.jpg","datePublished":"2025-04-14T10:08:51+00:00","dateModified":"2026-02-27T13:07:33+00:00","description":"D\u00e9couvrez comment prot\u00e9ger votre pergola du vent avec des mat\u00e9riaux robustes et des techniques de renforcement adapt\u00e9es aux zones venteuses.","breadcrumb":{"@id":"https:\/\/www.verandair.com\/fr\/pergola-resistant-vent\/#breadcrumb"},"inLanguage":"fr-FR","potentialAction":[{"@type":"ReadAction","target":["https:\/\/www.verandair.com\/fr\/pergola-resistant-vent\/"]}]},{"@type":"ImageObject","inLanguage":"fr-FR","@id":"https:\/\/www.verandair.com\/fr\/pergola-resistant-vent\/#primaryimage","url":"https:\/\/www.verandair.com\/wp-content\/uploads\/2019\/09\/pergola-verandair-3.jpg","contentUrl":"https:\/\/www.verandair.com\/wp-content\/uploads\/2019\/09\/pergola-verandair-3.jpg","width":572,"height":381,"caption":"pergola-aluminium"},{"@type":"BreadcrumbList","@id":"https:\/\/www.verandair.com\/fr\/pergola-resistant-vent\/#breadcrumb","itemListElement":[{"@type":"ListItem","position":1,"name":"Accueil","item":{"@type":"WebPage","@id":"https:\/\/www.verandair.com\/fr\/","name":"Accueil"}},{"@type":"ListItem","position":2,"name":"Installer votre pergola en zone venteuse : quelles solutions pour r\u00e9sister au vent ?"}]},{"@type":"WebSite","@id":"https:\/\/www.verandair.com\/fr\/#website","url":"https:\/\/www.verandair.com\/fr\/","name":"VERANDAIR\u00ae","description":"","publisher":{"@id":"https:\/\/www.verandair.com\/fr\/#organization"},"potentialAction":[{"@type":"SearchAction","target":{"@type":"EntryPoint","urlTemplate":"https:\/\/www.verandair.com\/fr\/?s={search_term_string}"},"query-input":{"@type":"PropertyValueSpecification","valueRequired":true,"valueName":"search_term_string"}}],"inLanguage":"fr-FR"},{"@type":"Organization","@id":"https:\/\/www.verandair.com\/fr\/#organization","name":"Verandair","url":"https:\/\/www.verandair.com\/fr\/","logo":{"@type":"ImageObject","inLanguage":"fr-FR","@id":"https:\/\/www.verandair.com\/fr\/#\/schema\/logo\/image\/","url":"https:\/\/www.verandair.com\/wp-content\/uploads\/2024\/06\/VERANDAIR-logo.png","contentUrl":"https:\/\/www.verandair.com\/wp-content\/uploads\/2024\/06\/VERANDAIR-logo.png","width":283,"height":127,"caption":"Verandair"},"image":{"@id":"https:\/\/www.verandair.com\/fr\/#\/schema\/logo\/image\/"}},{"@type":"Person","@id":"https:\/\/www.verandair.com\/fr\/#\/schema\/person\/8f3f70149f94cd775bf269e2e75231d6","name":"isa","image":{"@type":"ImageObject","inLanguage":"fr-FR","@id":"https:\/\/secure.gravatar.com\/avatar\/8c42d60d60655e3f575c246b783162990896ffa7c6fb0999ffdad3443a3985e8?s=96&d=mm&r=g","url":"https:\/\/secure.gravatar.com\/avatar\/8c42d60d60655e3f575c246b783162990896ffa7c6fb0999ffdad3443a3985e8?s=96&d=mm&r=g","contentUrl":"https:\/\/secure.gravatar.com\/avatar\/8c42d60d60655e3f575c246b783162990896ffa7c6fb0999ffdad3443a3985e8?s=96&d=mm&r=g","caption":"isa"}}]}},"_links":{"self":[{"href":"https:\/\/www.verandair.com\/fr\/wp-json\/wp\/v2\/posts\/64453","targetHints":{"allow":["GET"]}}],"collection":[{"href":"https:\/\/www.verandair.com\/fr\/wp-json\/wp\/v2\/posts"}],"about":[{"href":"https:\/\/www.verandair.com\/fr\/wp-json\/wp\/v2\/types\/post"}],"author":[{"embeddable":true,"href":"https:\/\/www.verandair.com\/fr\/wp-json\/wp\/v2\/users\/12"}],"replies":[{"embeddable":true,"href":"https:\/\/www.verandair.com\/fr\/wp-json\/wp\/v2\/comments?post=64453"}],"version-history":[{"count":13,"href":"https:\/\/www.verandair.com\/fr\/wp-json\/wp\/v2\/posts\/64453\/revisions"}],"predecessor-version":[{"id":74531,"href":"https:\/\/www.verandair.com\/fr\/wp-json\/wp\/v2\/posts\/64453\/revisions\/74531"}],"wp:featuredmedia":[{"embeddable":true,"href":"https:\/\/www.verandair.com\/fr\/wp-json\/wp\/v2\/media\/228"}],"wp:attachment":[{"href":"https:\/\/www.verandair.com\/fr\/wp-json\/wp\/v2\/media?parent=64453"}],"wp:term":[{"taxonomy":"category","embeddable":true,"href":"https:\/\/www.verandair.com\/fr\/wp-json\/wp\/v2\/categories?post=64453"},{"taxonomy":"post_tag","embeddable":true,"href":"https:\/\/www.verandair.com\/fr\/wp-json\/wp\/v2\/tags?post=64453"}],"curies":[{"name":"wp","href":"https:\/\/api.w.org\/{rel}","templated":true}]}}