{"id":7954,"date":"2018-08-10T14:36:24","date_gmt":"2018-08-10T12:36:24","guid":{"rendered":"https:\/\/www.verandair.com\/?p=7954"},"modified":"2026-02-27T15:28:15","modified_gmt":"2026-02-27T14:28:15","slug":"ambassadeurs-verandair","status":"publish","type":"post","link":"https:\/\/www.verandair.com\/fr\/ambassadeurs-verandair\/","title":{"rendered":"Apprenez-en davantage sur les partenaires de Verandair"},"content":{"rendered":"<p>[et_pb_section fb_built=&#8221;1&#8243; _builder_version=&#8221;4.16&#8243; global_colors_info=&#8221;{}&#8221; theme_builder_area=&#8221;post_content&#8221;][et_pb_row _builder_version=&#8221;4.16&#8243; background_size=&#8221;initial&#8221; background_position=&#8221;top_left&#8221; background_repeat=&#8221;repeat&#8221; global_colors_info=&#8221;{}&#8221; theme_builder_area=&#8221;post_content&#8221;][et_pb_column type=&#8221;4_4&#8243; _builder_version=&#8221;4.16&#8243; custom_padding=&#8221;|||&#8221; global_colors_info=&#8221;{}&#8221; custom_padding__hover=&#8221;|||&#8221; theme_builder_area=&#8221;post_content&#8221;][et_pb_text _builder_version=&#8221;4.27.5&#8243; global_colors_info=&#8221;{}&#8221; theme_builder_area=&#8221;post_content&#8221;]<\/p>\n<p><em>Si <a href=\"https:\/\/www.verandair.com\/fr\/\">Verandair<\/a>\u00a0est une entreprise belge, reste qu&#8217;elle est toutefois parvenue au fur et \u00e0 mesure des ann\u00e9es \u00e0 se faire une place \u00e0 l&#8217;\u00e9tranger. Un <strong>r\u00e9seau d&#8217;ambassadeurs<\/strong> est d&#8217;ailleurs r\u00e9cemment venu \u00e9largir les rangs. Profitons de cet article pour vous les pr\u00e9senter plus en d\u00e9tails.\u00a0<\/em><\/p>\n<h2><span style=\"color: #00909e;\">Verandair en Belgique<\/span><\/h2>\n<p>Verandair, fabricant et distributeur de <strong><a href=\"https:\/\/www.verandair.com\/fr\/veranda\/abri-de-terrasse\/\">v\u00e9randas r\u00e9tractables<\/a><\/strong>, <strong><a href=\"https:\/\/www.verandair.com\/fr\/pergolas\/\">pergolas<\/a><\/strong><strong>\u00a0<\/strong>et<strong> <a href=\"\/fr\/veranda\/parois-coulissantes-verre\/\">parois coulissantes en verre<\/a><\/strong>, a pos\u00e9 ses valises \u00e0 <strong>Mariembourg<\/strong>, en province de Namur. C&#8217;est dans cette usine que sont r\u00e9alis\u00e9s tous les produits estampill\u00e9s Verandair.<\/p>\n<p>Si l&#8217;usine et le si\u00e8ge social de Verandair se trouvent \u00e0 Mariembourg, il vous est toutefois possible de rencontrer les produits de la marque depuis un <strong>showroom<\/strong> situ\u00e9 \u00e0 <strong>Jemeppe-sur-Sambre<\/strong>, \u00e9galement en province de Namur.<\/p>\n<h2><span style=\"color: #00909e;\">Verandair en France<\/span><\/h2>\n<p>Et la France dans tout \u00e7a? Dans l&#8217;Hexagone, Verandair dispose \u00e9galement de son showroom, implant\u00e9 dans le d\u00e9partement de la Marne, \u00e0 <strong>Gueux<\/strong> plus pr\u00e9cis\u00e9ment (\u00e0 une dizaine de kilom\u00e8tres de Reims).<\/p>\n<p>En France, cinq ambassadeurs sont habilit\u00e9s \u00e0 &#8220;vendre du Verandair&#8221;: <strong>Homabris<\/strong>, <strong>A.T.C<\/strong>.,\u00a0<strong>Corsica Servizii<\/strong>,<strong>\u00a0My Abri <\/strong>et <strong>EIRL CHAGOURIN<\/strong>, cinq entreprises respectivement situ\u00e9es \u00e0 Bresles (\u00e0 proximit\u00e9 de Beauvais), Jonqui\u00e8re-St.-Vincent (entre N\u00eemes et Avignon), Barbaggio (pr\u00e8s de Bastia, en Corse), Sagy (dans le d\u00e9partement du Val d&#8217;Oise) et Marcenais (dans le d\u00e9partement de la Gironde).<\/p>\n<h2><span style=\"color: #00909e;\">Verandair en Suisse<\/span><\/h2>\n<p>Les Suisses ont \u00e9galement la possibilit\u00e9 de profiter des produits Verandair gr\u00e2ce au r\u00e9seau d&#8217;ambassadeurs de la marque. La soci\u00e9t\u00e9 <strong>AMS Construction<\/strong>, figure en effet parmi ceux-ci et distribue \u00e0 ce titre les diff\u00e9rents produits propos\u00e9s par l&#8217;entreprise.<\/p>\n<h2><span style=\"color: #00909e;\">Verandair en Autriche<\/span><\/h2>\n<p>L&#8217;Autriche se trouve \u00e9galement \u00eatre l&#8217;un des pays conquis par Verandair, et ce par le biais de <strong>The Garden Treasury<\/strong>. L&#8217;entreprise, situ\u00e9e \u00e0 <strong>Pasching<\/strong>, distribue, en plus des v\u00e9randas r\u00e9tractables Verandair, les <strong>abris de piscine Pool Cover<\/strong>, filiale de Verandair.<\/p>\n<h2><span style=\"color: #00909e;\">Verandair au Royaume-Uni<\/span><\/h2>\n<p>Au Royaume-Unis, Verandair est repr\u00e9sent\u00e9 par le biais de <strong>Swimex Enclosures<\/strong>, <strong>Devon &amp; Cornwall Windows<\/strong> et <strong>Bi-Folding Verandas<\/strong>.<\/p>\n<h2><span style=\"color: #00909e;\">Verandair en Tunisie<\/span><\/h2>\n<p>Verandair a \u00e9galement conquis la Tunisie puisque pr\u00e9sent chez<strong> AIR Couvert<\/strong> (Route de Gammarth 2038, Raoued Plage).<\/p>\n<h2><span style=\"color: #00909e;\">Verandair en Albanie<\/span><\/h2>\n<p>Dernier partenaire en date: <strong>Studio Gina<\/strong>. L&#8217;entreprise est situ\u00e9e en Albanie!<\/p>\n<p>D\u00e9couvrez les coordonn\u00e9es compl\u00e8tes des <a href=\"https:\/\/www.verandair.com\/fr\/partenaires\/\">ambassadeurs et partenaires Verandair<\/a>.<\/p>\n<p>[\/et_pb_text][\/et_pb_column][\/et_pb_row][\/et_pb_section][et_pb_section fb_built=&#8221;1&#8243; _builder_version=&#8221;4.27.5&#8243; _module_preset=&#8221;a37cb46d-a9cb-4f77-bbbd-8966bde7aff0&#8243; saved_tabs=&#8221;all&#8221; locked=&#8221;off&#8221; global_colors_info=&#8221;{}&#8221; global_module=&#8221;74566&#8243; theme_builder_area=&#8221;post_content&#8221;][et_pb_row _builder_version=&#8221;4.27.5&#8243; _module_preset=&#8221;default&#8221; width=&#8221;100%&#8221; max_width=&#8221;100%&#8221; custom_padding=&#8221;0px|20px||20px|false|true&#8221; global_colors_info=&#8221;{}&#8221; theme_builder_area=&#8221;post_content&#8221;][et_pb_column type=&#8221;4_4&#8243; _builder_version=&#8221;4.23.4&#8243; _module_preset=&#8221;default&#8221; custom_padding=&#8221;50px||||false|false&#8221; global_colors_info=&#8221;{}&#8221; theme_builder_area=&#8221;post_content&#8221;][et_pb_image src=&#8221;https:\/\/www.verandair.com\/wp-content\/uploads\/2026\/02\/VERAN-brochure-A4-2026.webp&#8221; alt=&#8221;Brochure 2026 Verandair&#8221; title_text=&#8221;VERAN-brochure-A4-2026&#8243; align=&#8221;center&#8221; _builder_version=&#8221;4.27.5&#8243; _module_preset=&#8221;default&#8221; max_width=&#8221;300px&#8221; max_width_last_edited=&#8221;off|desktop&#8221; custom_margin=&#8221;0px||0px||false|false&#8221; scroll_vertical_motion_enable=&#8221;on&#8221; scroll_vertical_motion=&#8221;0|40|40|100|-0.5|0|0&#8243; scroll_fade_enable=&#8221;on&#8221; scroll_fade=&#8221;0|40|40|100|0|100|100&#8243; global_colors_info=&#8221;{}&#8221; theme_builder_area=&#8221;post_content&#8221;][\/et_pb_image][et_pb_text _builder_version=&#8221;4.27.5&#8243; _module_preset=&#8221;default&#8221; header_2_font_size=&#8221;32px&#8221; text_orientation=&#8221;center&#8221; custom_margin=&#8221;||15px||false|false&#8221; global_colors_info=&#8221;{%22gcid-4f3ca7d5-152d-4540-91b1-cc24563bf794%22:%91%22text_text_shadow_color%22%93}&#8221; theme_builder_area=&#8221;post_content&#8221;]<\/p>\n<h2><strong>Envie d&#8217;en savoir plus<\/strong> avant de vous d\u00e9cider ?<br \/><span data-metadata=\"&lt;!--(figmeta)eyJmaWxlS2V5IjoiNDJrcExzUGY2N0VsN0FkMldFdElreCIsInBhc3RlSUQiOjI4MTE1MTAxNSwiZGF0YVR5cGUiOiJzY2VuZSJ9Cg==(\/figmeta)--&gt;\"><\/span><\/h2>\n<p>[\/et_pb_text][et_pb_divider show_divider=&#8221;off&#8221; _builder_version=&#8221;4.27.5&#8243; _module_preset=&#8221;2adabd0f-cb12-404f-9aa7-a3088280e564&#8243; module_alignment=&#8221;center&#8221; global_colors_info=&#8221;{}&#8221; theme_builder_area=&#8221;post_content&#8221;][\/et_pb_divider][et_pb_text _builder_version=&#8221;4.27.5&#8243; _module_preset=&#8221;default&#8221; text_orientation=&#8221;center&#8221; custom_margin=&#8221;||50px||false|false&#8221; global_colors_info=&#8221;{%22gcid-4f3ca7d5-152d-4540-91b1-cc24563bf794%22:%91%22text_text_shadow_color%22%93}&#8221; theme_builder_area=&#8221;post_content&#8221;]<\/p>\n<p><span><strong>T\u00e9l\u00e9chargez la nouvelle brochure 2026<\/strong>\u00a0et d\u00e9couvrez notre <strong>gamme compl\u00e8te de produits<\/strong> pour profiter de votre vie en plein air toute l&#8217;ann\u00e9e.<\/span><\/p>\n<p>[\/et_pb_text][et_pb_button button_url=&#8221;https:\/\/info.verandair.com\/brochure-2026\/&#8221; url_new_window=&#8221;on&#8221; button_text=&#8221;Je t\u00e9l\u00e9charge ma brochure&#8221; button_alignment=&#8221;center&#8221; _builder_version=&#8221;4.27.5&#8243; _module_preset=&#8221;ae8d3791-01a2-4c4b-b221-c3f14f812284&#8243; global_colors_info=&#8221;{}&#8221; theme_builder_area=&#8221;post_content&#8221;][\/et_pb_button][\/et_pb_column][\/et_pb_row][\/et_pb_section]<\/p>\n","protected":false},"excerpt":{"rendered":"<p>Si Verandair\u00a0est une entreprise belge, elle est parvenue \u00e0 se faire une place \u00e0 l&#8217;\u00e9tranger. Un r\u00e9seau d&#8217;ambassadeurs est donc r\u00e9cemment venu \u00e9largir les rangs.<\/p>\n","protected":false},"author":5,"featured_media":7959,"comment_status":"open","ping_status":"closed","sticky":false,"template":"","format":"standard","meta":{"_acf_changed":false,"_et_pb_use_builder":"on","_et_pb_old_content":"","_et_gb_content_width":"","inline_featured_image":false,"footnotes":""},"categories":[34],"tags":[],"class_list":["post-7954","post","type-post","status-publish","format-standard","has-post-thumbnail","hentry","category-actualites"],"acf":[],"yoast_head":"<!-- This site is optimized with the Yoast SEO plugin v27.5 - https:\/\/yoast.com\/product\/yoast-seo-wordpress\/ -->\n<title>Apprenez-en plus sur les diff\u00e9rents partenaires de Verandair<\/title>\n<meta name=\"description\" content=\"Si Verandair\u00a0est une entreprise belge, elle est parvenue \u00e0 se faire une place \u00e0 l&#039;\u00e9tranger. Un r\u00e9seau d&#039;ambassadeurs est donc r\u00e9cemment venu \u00e9largir les rangs.\" \/>\n<meta name=\"robots\" content=\"index, follow, max-snippet:-1, max-image-preview:large, max-video-preview:-1\" \/>\n<link rel=\"canonical\" href=\"https:\/\/www.verandair.com\/fr\/ambassadeurs-verandair\/\" \/>\n<meta property=\"og:locale\" content=\"fr_FR\" \/>\n<meta property=\"og:type\" content=\"article\" \/>\n<meta property=\"og:title\" content=\"Apprenez-en plus sur les diff\u00e9rents partenaires de Verandair\" \/>\n<meta property=\"og:description\" content=\"Si Verandair\u00a0est une entreprise belge, elle est parvenue \u00e0 se faire une place \u00e0 l&#039;\u00e9tranger. Un r\u00e9seau d&#039;ambassadeurs est donc r\u00e9cemment venu \u00e9largir les rangs.\" \/>\n<meta property=\"og:url\" content=\"https:\/\/www.verandair.com\/fr\/ambassadeurs-verandair\/\" \/>\n<meta property=\"og:site_name\" content=\"VERANDAIR\u00ae\" \/>\n<meta property=\"article:published_time\" content=\"2018-08-10T12:36:24+00:00\" \/>\n<meta property=\"article:modified_time\" content=\"2026-02-27T14:28:15+00:00\" \/>\n<meta property=\"og:image\" content=\"https:\/\/www.verandair.com\/wp-content\/uploads\/2018\/08\/verandair-logo.jpg\" \/>\n\t<meta property=\"og:image:width\" content=\"960\" \/>\n\t<meta property=\"og:image:height\" content=\"960\" \/>\n\t<meta property=\"og:image:type\" content=\"image\/jpeg\" \/>\n<meta name=\"author\" content=\"admin-verandair\" \/>\n<meta name=\"twitter:card\" content=\"summary_large_image\" \/>\n<meta name=\"twitter:label1\" content=\"\u00c9crit par\" \/>\n\t<meta name=\"twitter:data1\" content=\"admin-verandair\" \/>\n\t<meta name=\"twitter:label2\" content=\"Dur\u00e9e de lecture estim\u00e9e\" \/>\n\t<meta name=\"twitter:data2\" content=\"4 minutes\" \/>\n<script type=\"application\/ld+json\" class=\"yoast-schema-graph\">{\"@context\":\"https:\\\/\\\/schema.org\",\"@graph\":[{\"@type\":\"Article\",\"@id\":\"https:\\\/\\\/www.verandair.com\\\/fr\\\/ambassadeurs-verandair\\\/#article\",\"isPartOf\":{\"@id\":\"https:\\\/\\\/www.verandair.com\\\/fr\\\/ambassadeurs-verandair\\\/\"},\"author\":{\"name\":\"admin-verandair\",\"@id\":\"https:\\\/\\\/www.verandair.com\\\/fr\\\/#\\\/schema\\\/person\\\/cdeca2ebd6c03b60479d713f66329bc9\"},\"headline\":\"Apprenez-en davantage sur les partenaires de Verandair\",\"datePublished\":\"2018-08-10T12:36:24+00:00\",\"dateModified\":\"2026-02-27T14:28:15+00:00\",\"mainEntityOfPage\":{\"@id\":\"https:\\\/\\\/www.verandair.com\\\/fr\\\/ambassadeurs-verandair\\\/\"},\"wordCount\":846,\"commentCount\":0,\"publisher\":{\"@id\":\"https:\\\/\\\/www.verandair.com\\\/fr\\\/#organization\"},\"image\":{\"@id\":\"https:\\\/\\\/www.verandair.com\\\/fr\\\/ambassadeurs-verandair\\\/#primaryimage\"},\"thumbnailUrl\":\"https:\\\/\\\/www.verandair.com\\\/wp-content\\\/uploads\\\/2018\\\/08\\\/verandair-logo.jpg\",\"articleSection\":[\"Actualit\u00e9s\"],\"inLanguage\":\"fr-FR\",\"potentialAction\":[{\"@type\":\"CommentAction\",\"name\":\"Comment\",\"target\":[\"https:\\\/\\\/www.verandair.com\\\/fr\\\/ambassadeurs-verandair\\\/#respond\"]}]},{\"@type\":\"WebPage\",\"@id\":\"https:\\\/\\\/www.verandair.com\\\/fr\\\/ambassadeurs-verandair\\\/\",\"url\":\"https:\\\/\\\/www.verandair.com\\\/fr\\\/ambassadeurs-verandair\\\/\",\"name\":\"Apprenez-en plus sur les diff\u00e9rents partenaires de Verandair\",\"isPartOf\":{\"@id\":\"https:\\\/\\\/www.verandair.com\\\/fr\\\/#website\"},\"primaryImageOfPage\":{\"@id\":\"https:\\\/\\\/www.verandair.com\\\/fr\\\/ambassadeurs-verandair\\\/#primaryimage\"},\"image\":{\"@id\":\"https:\\\/\\\/www.verandair.com\\\/fr\\\/ambassadeurs-verandair\\\/#primaryimage\"},\"thumbnailUrl\":\"https:\\\/\\\/www.verandair.com\\\/wp-content\\\/uploads\\\/2018\\\/08\\\/verandair-logo.jpg\",\"datePublished\":\"2018-08-10T12:36:24+00:00\",\"dateModified\":\"2026-02-27T14:28:15+00:00\",\"description\":\"Si Verandair\u00a0est une entreprise belge, elle est parvenue \u00e0 se faire une place \u00e0 l'\u00e9tranger. Un r\u00e9seau d'ambassadeurs est donc r\u00e9cemment venu \u00e9largir les rangs.\",\"breadcrumb\":{\"@id\":\"https:\\\/\\\/www.verandair.com\\\/fr\\\/ambassadeurs-verandair\\\/#breadcrumb\"},\"inLanguage\":\"fr-FR\",\"potentialAction\":[{\"@type\":\"ReadAction\",\"target\":[\"https:\\\/\\\/www.verandair.com\\\/fr\\\/ambassadeurs-verandair\\\/\"]}]},{\"@type\":\"ImageObject\",\"inLanguage\":\"fr-FR\",\"@id\":\"https:\\\/\\\/www.verandair.com\\\/fr\\\/ambassadeurs-verandair\\\/#primaryimage\",\"url\":\"https:\\\/\\\/www.verandair.com\\\/wp-content\\\/uploads\\\/2018\\\/08\\\/verandair-logo.jpg\",\"contentUrl\":\"https:\\\/\\\/www.verandair.com\\\/wp-content\\\/uploads\\\/2018\\\/08\\\/verandair-logo.jpg\",\"width\":960,\"height\":960,\"caption\":\"Apprenez-en davantage sur les partenaires Verandair\"},{\"@type\":\"BreadcrumbList\",\"@id\":\"https:\\\/\\\/www.verandair.com\\\/fr\\\/ambassadeurs-verandair\\\/#breadcrumb\",\"itemListElement\":[{\"@type\":\"ListItem\",\"position\":1,\"name\":\"Accueil\",\"item\":{\"@type\":\"WebPage\",\"@id\":\"https:\\\/\\\/www.verandair.com\\\/fr\\\/\",\"name\":\"Accueil\"}},{\"@type\":\"ListItem\",\"position\":2,\"name\":\"Apprenez-en davantage sur les partenaires de Verandair\"}]},{\"@type\":\"WebSite\",\"@id\":\"https:\\\/\\\/www.verandair.com\\\/fr\\\/#website\",\"url\":\"https:\\\/\\\/www.verandair.com\\\/fr\\\/\",\"name\":\"VERANDAIR\u00ae\",\"description\":\"\",\"publisher\":{\"@id\":\"https:\\\/\\\/www.verandair.com\\\/fr\\\/#organization\"},\"potentialAction\":[{\"@type\":\"SearchAction\",\"target\":{\"@type\":\"EntryPoint\",\"urlTemplate\":\"https:\\\/\\\/www.verandair.com\\\/fr\\\/?s={search_term_string}\"},\"query-input\":{\"@type\":\"PropertyValueSpecification\",\"valueRequired\":true,\"valueName\":\"search_term_string\"}}],\"inLanguage\":\"fr-FR\"},{\"@type\":\"Organization\",\"@id\":\"https:\\\/\\\/www.verandair.com\\\/fr\\\/#organization\",\"name\":\"Verandair\",\"url\":\"https:\\\/\\\/www.verandair.com\\\/fr\\\/\",\"logo\":{\"@type\":\"ImageObject\",\"inLanguage\":\"fr-FR\",\"@id\":\"https:\\\/\\\/www.verandair.com\\\/fr\\\/#\\\/schema\\\/logo\\\/image\\\/\",\"url\":\"https:\\\/\\\/www.verandair.com\\\/wp-content\\\/uploads\\\/2024\\\/06\\\/VERANDAIR-logo.png\",\"contentUrl\":\"https:\\\/\\\/www.verandair.com\\\/wp-content\\\/uploads\\\/2024\\\/06\\\/VERANDAIR-logo.png\",\"width\":283,\"height\":127,\"caption\":\"Verandair\"},\"image\":{\"@id\":\"https:\\\/\\\/www.verandair.com\\\/fr\\\/#\\\/schema\\\/logo\\\/image\\\/\"}},{\"@type\":\"Person\",\"@id\":\"https:\\\/\\\/www.verandair.com\\\/fr\\\/#\\\/schema\\\/person\\\/cdeca2ebd6c03b60479d713f66329bc9\",\"name\":\"admin-verandair\",\"image\":{\"@type\":\"ImageObject\",\"inLanguage\":\"fr-FR\",\"@id\":\"https:\\\/\\\/secure.gravatar.com\\\/avatar\\\/933ed88eb2b3e194c00d3516e15b0e50c947c76a16e37565b6eb035b6954d0c4?s=96&d=mm&r=g\",\"url\":\"https:\\\/\\\/secure.gravatar.com\\\/avatar\\\/933ed88eb2b3e194c00d3516e15b0e50c947c76a16e37565b6eb035b6954d0c4?s=96&d=mm&r=g\",\"contentUrl\":\"https:\\\/\\\/secure.gravatar.com\\\/avatar\\\/933ed88eb2b3e194c00d3516e15b0e50c947c76a16e37565b6eb035b6954d0c4?s=96&d=mm&r=g\",\"caption\":\"admin-verandair\"}}]}<\/script>\n<!-- \/ Yoast SEO plugin. -->","yoast_head_json":{"title":"Apprenez-en plus sur les diff\u00e9rents partenaires de Verandair","description":"Si Verandair\u00a0est une entreprise belge, elle est parvenue \u00e0 se faire une place \u00e0 l'\u00e9tranger. Un r\u00e9seau d'ambassadeurs est donc r\u00e9cemment venu \u00e9largir les rangs.","robots":{"index":"index","follow":"follow","max-snippet":"max-snippet:-1","max-image-preview":"max-image-preview:large","max-video-preview":"max-video-preview:-1"},"canonical":"https:\/\/www.verandair.com\/fr\/ambassadeurs-verandair\/","og_locale":"fr_FR","og_type":"article","og_title":"Apprenez-en plus sur les diff\u00e9rents partenaires de Verandair","og_description":"Si Verandair\u00a0est une entreprise belge, elle est parvenue \u00e0 se faire une place \u00e0 l'\u00e9tranger. Un r\u00e9seau d'ambassadeurs est donc r\u00e9cemment venu \u00e9largir les rangs.","og_url":"https:\/\/www.verandair.com\/fr\/ambassadeurs-verandair\/","og_site_name":"VERANDAIR\u00ae","article_published_time":"2018-08-10T12:36:24+00:00","article_modified_time":"2026-02-27T14:28:15+00:00","og_image":[{"width":960,"height":960,"url":"https:\/\/www.verandair.com\/wp-content\/uploads\/2018\/08\/verandair-logo.jpg","type":"image\/jpeg"}],"author":"admin-verandair","twitter_card":"summary_large_image","twitter_misc":{"\u00c9crit par":"admin-verandair","Dur\u00e9e de lecture estim\u00e9e":"4 minutes"},"schema":{"@context":"https:\/\/schema.org","@graph":[{"@type":"Article","@id":"https:\/\/www.verandair.com\/fr\/ambassadeurs-verandair\/#article","isPartOf":{"@id":"https:\/\/www.verandair.com\/fr\/ambassadeurs-verandair\/"},"author":{"name":"admin-verandair","@id":"https:\/\/www.verandair.com\/fr\/#\/schema\/person\/cdeca2ebd6c03b60479d713f66329bc9"},"headline":"Apprenez-en davantage sur les partenaires de Verandair","datePublished":"2018-08-10T12:36:24+00:00","dateModified":"2026-02-27T14:28:15+00:00","mainEntityOfPage":{"@id":"https:\/\/www.verandair.com\/fr\/ambassadeurs-verandair\/"},"wordCount":846,"commentCount":0,"publisher":{"@id":"https:\/\/www.verandair.com\/fr\/#organization"},"image":{"@id":"https:\/\/www.verandair.com\/fr\/ambassadeurs-verandair\/#primaryimage"},"thumbnailUrl":"https:\/\/www.verandair.com\/wp-content\/uploads\/2018\/08\/verandair-logo.jpg","articleSection":["Actualit\u00e9s"],"inLanguage":"fr-FR","potentialAction":[{"@type":"CommentAction","name":"Comment","target":["https:\/\/www.verandair.com\/fr\/ambassadeurs-verandair\/#respond"]}]},{"@type":"WebPage","@id":"https:\/\/www.verandair.com\/fr\/ambassadeurs-verandair\/","url":"https:\/\/www.verandair.com\/fr\/ambassadeurs-verandair\/","name":"Apprenez-en plus sur les diff\u00e9rents partenaires de Verandair","isPartOf":{"@id":"https:\/\/www.verandair.com\/fr\/#website"},"primaryImageOfPage":{"@id":"https:\/\/www.verandair.com\/fr\/ambassadeurs-verandair\/#primaryimage"},"image":{"@id":"https:\/\/www.verandair.com\/fr\/ambassadeurs-verandair\/#primaryimage"},"thumbnailUrl":"https:\/\/www.verandair.com\/wp-content\/uploads\/2018\/08\/verandair-logo.jpg","datePublished":"2018-08-10T12:36:24+00:00","dateModified":"2026-02-27T14:28:15+00:00","description":"Si Verandair\u00a0est une entreprise belge, elle est parvenue \u00e0 se faire une place \u00e0 l'\u00e9tranger. Un r\u00e9seau d'ambassadeurs est donc r\u00e9cemment venu \u00e9largir les rangs.","breadcrumb":{"@id":"https:\/\/www.verandair.com\/fr\/ambassadeurs-verandair\/#breadcrumb"},"inLanguage":"fr-FR","potentialAction":[{"@type":"ReadAction","target":["https:\/\/www.verandair.com\/fr\/ambassadeurs-verandair\/"]}]},{"@type":"ImageObject","inLanguage":"fr-FR","@id":"https:\/\/www.verandair.com\/fr\/ambassadeurs-verandair\/#primaryimage","url":"https:\/\/www.verandair.com\/wp-content\/uploads\/2018\/08\/verandair-logo.jpg","contentUrl":"https:\/\/www.verandair.com\/wp-content\/uploads\/2018\/08\/verandair-logo.jpg","width":960,"height":960,"caption":"Apprenez-en davantage sur les partenaires Verandair"},{"@type":"BreadcrumbList","@id":"https:\/\/www.verandair.com\/fr\/ambassadeurs-verandair\/#breadcrumb","itemListElement":[{"@type":"ListItem","position":1,"name":"Accueil","item":{"@type":"WebPage","@id":"https:\/\/www.verandair.com\/fr\/","name":"Accueil"}},{"@type":"ListItem","position":2,"name":"Apprenez-en davantage sur les partenaires de Verandair"}]},{"@type":"WebSite","@id":"https:\/\/www.verandair.com\/fr\/#website","url":"https:\/\/www.verandair.com\/fr\/","name":"VERANDAIR\u00ae","description":"","publisher":{"@id":"https:\/\/www.verandair.com\/fr\/#organization"},"potentialAction":[{"@type":"SearchAction","target":{"@type":"EntryPoint","urlTemplate":"https:\/\/www.verandair.com\/fr\/?s={search_term_string}"},"query-input":{"@type":"PropertyValueSpecification","valueRequired":true,"valueName":"search_term_string"}}],"inLanguage":"fr-FR"},{"@type":"Organization","@id":"https:\/\/www.verandair.com\/fr\/#organization","name":"Verandair","url":"https:\/\/www.verandair.com\/fr\/","logo":{"@type":"ImageObject","inLanguage":"fr-FR","@id":"https:\/\/www.verandair.com\/fr\/#\/schema\/logo\/image\/","url":"https:\/\/www.verandair.com\/wp-content\/uploads\/2024\/06\/VERANDAIR-logo.png","contentUrl":"https:\/\/www.verandair.com\/wp-content\/uploads\/2024\/06\/VERANDAIR-logo.png","width":283,"height":127,"caption":"Verandair"},"image":{"@id":"https:\/\/www.verandair.com\/fr\/#\/schema\/logo\/image\/"}},{"@type":"Person","@id":"https:\/\/www.verandair.com\/fr\/#\/schema\/person\/cdeca2ebd6c03b60479d713f66329bc9","name":"admin-verandair","image":{"@type":"ImageObject","inLanguage":"fr-FR","@id":"https:\/\/secure.gravatar.com\/avatar\/933ed88eb2b3e194c00d3516e15b0e50c947c76a16e37565b6eb035b6954d0c4?s=96&d=mm&r=g","url":"https:\/\/secure.gravatar.com\/avatar\/933ed88eb2b3e194c00d3516e15b0e50c947c76a16e37565b6eb035b6954d0c4?s=96&d=mm&r=g","contentUrl":"https:\/\/secure.gravatar.com\/avatar\/933ed88eb2b3e194c00d3516e15b0e50c947c76a16e37565b6eb035b6954d0c4?s=96&d=mm&r=g","caption":"admin-verandair"}}]}},"_links":{"self":[{"href":"https:\/\/www.verandair.com\/fr\/wp-json\/wp\/v2\/posts\/7954","targetHints":{"allow":["GET"]}}],"collection":[{"href":"https:\/\/www.verandair.com\/fr\/wp-json\/wp\/v2\/posts"}],"about":[{"href":"https:\/\/www.verandair.com\/fr\/wp-json\/wp\/v2\/types\/post"}],"author":[{"embeddable":true,"href":"https:\/\/www.verandair.com\/fr\/wp-json\/wp\/v2\/users\/5"}],"replies":[{"embeddable":true,"href":"https:\/\/www.verandair.com\/fr\/wp-json\/wp\/v2\/comments?post=7954"}],"version-history":[{"count":3,"href":"https:\/\/www.verandair.com\/fr\/wp-json\/wp\/v2\/posts\/7954\/revisions"}],"predecessor-version":[{"id":74642,"href":"https:\/\/www.verandair.com\/fr\/wp-json\/wp\/v2\/posts\/7954\/revisions\/74642"}],"wp:featuredmedia":[{"embeddable":true,"href":"https:\/\/www.verandair.com\/fr\/wp-json\/wp\/v2\/media\/7959"}],"wp:attachment":[{"href":"https:\/\/www.verandair.com\/fr\/wp-json\/wp\/v2\/media?parent=7954"}],"wp:term":[{"taxonomy":"category","embeddable":true,"href":"https:\/\/www.verandair.com\/fr\/wp-json\/wp\/v2\/categories?post=7954"},{"taxonomy":"post_tag","embeddable":true,"href":"https:\/\/www.verandair.com\/fr\/wp-json\/wp\/v2\/tags?post=7954"}],"curies":[{"name":"wp","href":"https:\/\/api.w.org\/{rel}","templated":true}]}}