{"id":8687,"date":"2020-09-25T13:54:40","date_gmt":"2020-09-25T11:54:40","guid":{"rendered":"https:\/\/www.verandair.com\/?p=8687"},"modified":"2026-02-27T13:57:01","modified_gmt":"2026-02-27T12:57:01","slug":"quelle-couleur-veranda","status":"publish","type":"post","link":"https:\/\/www.verandair.com\/fr\/quelle-couleur-veranda\/","title":{"rendered":"Quelle couleur choisir pour ma v\u00e9randa?"},"content":{"rendered":"<p>[et_pb_section fb_built=&#8221;1&#8243; _builder_version=&#8221;4.16&#8243; global_colors_info=&#8221;{}&#8221; theme_builder_area=&#8221;post_content&#8221;][et_pb_row _builder_version=&#8221;4.16&#8243; background_size=&#8221;initial&#8221; background_position=&#8221;top_left&#8221; background_repeat=&#8221;repeat&#8221; global_colors_info=&#8221;{}&#8221; theme_builder_area=&#8221;post_content&#8221;][et_pb_column type=&#8221;4_4&#8243; _builder_version=&#8221;4.16&#8243; custom_padding=&#8221;|||&#8221; global_colors_info=&#8221;{}&#8221; custom_padding__hover=&#8221;|||&#8221; theme_builder_area=&#8221;post_content&#8221;][et_pb_text _builder_version=&#8221;4.27.5&#8243; global_colors_info=&#8221;{}&#8221; theme_builder_area=&#8221;post_content&#8221;]<\/p>\n<p><em>Votre future v\u00e9randa sortira bient\u00f4t de terre? Votre d\u00e9volu s&#8217;est d&#8217;ores et d\u00e9j\u00e0 jet\u00e9 sur un mod\u00e8le en particulier? Les dimensions sont arr\u00eat\u00e9es? G\u00e9nial! Reste une h\u00e9sitation: celle de la couleur des montants. En la mati\u00e8re, il faut dire que <a href=\"https:\/\/www.verandair.com\/fr\/\">Verandair<\/a> ne vous facilite pas vraiment la t\u00e2che puisque, chez nous, il vous est possible de choisir parmi plus de 2.500 teintes diff\u00e9rentes! Tentons n\u00e9anmoins de trouver celle qui vous conviendra le mieux.\u00a0<\/em><\/p>\n<h2><span style=\"color: #00909e;\">L&#8217;aluminium, ce cam\u00e9l\u00e9on<\/span><\/h2>\n<p>L&#8217;aluminium a la particularit\u00e9 de pouvoir se d\u00e9cliner en une infinit\u00e9 de coloris. Du bordeaux au bleu marine en passant par le kaki, le gris ou encore le blanc, <strong>tout est possible avec l&#8217;aluminium<\/strong>. Et quand on vous dit &#8220;tout&#8221;, c&#8217;est absolument tout! Rose, jaune, orange, brun,&#8230; toutes les couleurs sont envisageables.<\/p>\n<p>L\u2019aluminium a la particularit\u00e9 de pouvoir se d\u00e9cliner en une infinit\u00e9 de coloris. Du bordeaux au bleu marine en passant par le kaki, le gris ou encore le blanc,\u00a0<strong>tout est possible avec l\u2019aluminium<\/strong>. Et quand on vous dit \u00ab\u00a0tout\u00a0\u00bb, c\u2019est absolument tout! Rose, jaune, orange, brun,\u2026 toutes les couleurs sont envisageables. L\u2019alu est un mat\u00e9riau qui a la particularit\u00e9 de rev\u00eatir parfaitement n\u2019importe quelle couleur, avec un rendu fid\u00e8le et durable. En effet, contrairement \u00e0 d\u2019autres mat\u00e9riaux comme le bois, la couleur de l\u2019alu ne subit pas de variation par rapport \u00e0 la nuance que vous avez choisie et ne s\u2019alt\u00e8re pas dans le temps.<\/p>\n<h2><span style=\"color: #00909e;\">Mot d&#8217;ordre : harmonie<\/span><\/h2>\n<p>Mais il est tout de m\u00eame une limite : celle du bon go\u00fbt\u2026 L\u2019id\u00e9al \u00e9tant en effet de conserver une certaine <strong>harmonie<\/strong>\u00a0entre votre maison et votre v\u00e9randa.<\/p>\n<p>Si les ch\u00e2ssis de votre habitation se d\u00e9clinent dans une couleur d\u2019ores et d\u00e9j\u00e0 prononc\u00e9e, il vous sera donc conseill\u00e9 d\u2019opter pour une teinte plus neutre pour les montants de votre v\u00e9randa, voire de reproduire cette derni\u00e8re afin de rester dans le ton.<\/p>\n<p>Une couleur sobre a le grand avantage d\u2019\u00eatre pratiquement ind\u00e9modable. On le sait, les tendances en mati\u00e8re d\u2019esth\u00e9tique \u00e9voluent rapidement, ce compris pour les maisons. Comme vous ne pourrez pas changer la couleur de votre v\u00e9randa aussi souvent que la d\u00e9coration des murs \u00e0 l\u2019int\u00e9rieur de votre habitation, il est important d\u2019opter pour un coloris qui restera tendance et dont vous ne vous lasserez pas.<\/p>\n<p>Reste que certaines couleurs plus prononc\u00e9es peuvent \u00e9galement joliment se marier, d\u2019autant plus que c\u2019est bien le vitrage transparent qui constituera la majeure partie de votre v\u00e9randa en aluminium. Il ne vous est donc pas interdit de jeter votre d\u00e9volu sur un orange flash, le secret \u00e9tant dans le\u00a0<strong>dosage<\/strong>.<\/p>\n<h2><span style=\"color: #00909e;\">Une couleur qui vous correspond<\/span><\/h2>\n<p>Vous \u00eates un inconditionnel du bordeaux? Vous adorez le bleu? Vous ne jurez que par les couleurs neutres comme le blanc? Faites en sorte que votre v\u00e9randa vous corresponde. Optez pour une teinte que vous appr\u00e9ciez plus que pour une couleur \u00ab\u00a0\u00e0 la mode\u00a0\u00bb.<\/p>\n<p>S\u2019il est ais\u00e9 de repeindre des murs, changer les montants d\u2019une v\u00e9randa s\u2019av\u00e8re un rien plus complexe\u2026 Faites donc m\u00fbrir votre r\u00e9flexion avant de vous d\u00e9cider.\u00a0N\u2019h\u00e9sitez pas \u00e0 <a href=\"https:\/\/www.verandair.com\/fr\/galerie\/\">consulter nos r\u00e9alisations<\/a> afin de vous faire une id\u00e9e de ce qu\u2019il est possible de r\u00e9aliser. Les \u00e9quipes Verandair peuvent \u00e9galement vous aider \u00e0 r\u00e9aliser votre choix en tenant compte de vos go\u00fbts.<\/p>\n<h2><span style=\"color: #00909e;\">2.500 teintes : entre couleurs structur\u00e9es et coloris lisses<\/span><\/h2>\n<p>Comme \u00e9voqu\u00e9 pr\u00e9c\u00e9demment, Verandair vous donne la possibilit\u00e9 de choisir parmi plus de <strong>2.500 teintes<\/strong>. Mais il vous sera \u00e9galement demand\u00e9 d&#8217;effectuer un choix entre <strong>couleurs lisses<\/strong> et <strong>couleurs structur\u00e9es<\/strong>.<\/p>\n<p>Les couleurs RAL, lisses et satin\u00e9es, offrent en effet 2.500 nuances. De celles-ci d\u00e9coulent \u00e9galement 50 variations de teintes dites structur\u00e9es, connues pour \u00eatre inalt\u00e9rables et anti-griffes,<\/p>\n<p>les peintures en finition structur\u00e9e n\u00e9cessitent \u00e9galement moins d\u2019entretien et offrent un rendu ext\u00e9rieur naturel, qui s\u2019int\u00e8gre parfaitement au style de tout type d\u2019habitations.<\/p>\n<h2><span style=\"color: #00909e;\">VERANDAIR : un grand choix de personnalisation<\/span><\/h2>\n<p>Apprenez-en davantage sur les couleurs Verandair en <a href=\"https:\/\/www.verandair.com\/fr\/veranda\/materiaux-verandas\/coloris-verandas\/\">cliquant ici<\/a> et n\u2019h\u00e9sitez pas \u00e0 demander des conseils \u00e0 nos experts Verandair en vous rendant dans l\u2019un de nos showrooms. Riches de leurs ann\u00e9es d\u2019exp\u00e9rience dans la conception de v\u00e9randas r\u00e9tractables sur mesure, ils pourront vous diriger vers le choix de couleur qui correspondra le mieux \u00e0 votre habitation, que vous souhaitiez un coloris standard (blanc, beige, gris, noir, anthracite, brun, etc.) ou dans un style plus original mais n\u00e9anmoins esth\u00e9tique (une v\u00e9randa aux profil\u00e9s color\u00e9s pourra \u00eatre tr\u00e8s design dans le cadre d\u2019une construction moderne, par exemple).<\/p>\n<p><strong>Verandair vous accompagne depuis plus de 35 ans<\/strong> dans la construction de vos v\u00e9randas r\u00e9tractables, pergolas en aluminium. Notre priorit\u00e9 est de <strong>r\u00e9aliser un projet correspondant \u00e0 vos attentes et \u00e0 vos go\u00fbts<\/strong>. Pour ce faire, nous contr\u00f4lons toutes les \u00e9tapes du processus. Et si le choix de la peinture des profil\u00e9s alu de votre v\u00e9randa est per\u00e7u comme une finition, il est pour le moins crucial car c\u2019est ce qui, au final, caract\u00e9risera l\u2019esth\u00e9tique de votre habitation et de votre jardin.<\/p>\n<p>Vous n&#8217;\u00eates d\u00e9sormais plus qu&#8217;\u00e0 une couleur de vous offrir la v\u00e9randa de vos r\u00eaves: bonne r\u00e9flexion&#8230; \ud83d\ude09<\/p>\n<p>&nbsp;<\/p>\n<p>[\/et_pb_text][\/et_pb_column][\/et_pb_row][\/et_pb_section][et_pb_section fb_built=&#8221;1&#8243; admin_label=&#8221;CTA Guide achat Abri Terrasse&#8221; _builder_version=&#8221;4.16&#8243; background_color=&#8221;#009f9c&#8221; custom_margin=&#8221;|||&#8221; saved_tabs=&#8221;all&#8221; global_colors_info=&#8221;{}&#8221; theme_builder_area=&#8221;post_content&#8221;][et_pb_row column_structure=&#8221;1_3,2_3&#8243; use_custom_gutter=&#8221;on&#8221; gutter_width=&#8221;1&#8243; make_equal=&#8221;on&#8221; padding_top_bottom_link_2=&#8221;false&#8221; padding_left_right_link_1=&#8221;true&#8221; padding_left_right_link_2=&#8221;true&#8221; _builder_version=&#8221;4.16&#8243; background_color=&#8221;#ffffff&#8221; global_colors_info=&#8221;{}&#8221; theme_builder_area=&#8221;post_content&#8221;][et_pb_column type=&#8221;1_3&#8243; _builder_version=&#8221;4.16&#8243; custom_padding=&#8221;|20px||20px&#8221; global_colors_info=&#8221;{}&#8221; custom_padding__hover=&#8221;|||&#8221; theme_builder_area=&#8221;post_content&#8221;][et_pb_image src=&#8221;https:\/\/www.verandair.com\/wp-content\/uploads\/2021\/11\/guide-achat-ABTR.png&#8221; url=&#8221;https:\/\/info.verandair.com\/guide-abri-terrasse\/&#8221; url_new_window=&#8221;on&#8221; align=&#8221;center&#8221; align_tablet=&#8221;center&#8221; align_phone=&#8221;&#8221; align_last_edited=&#8221;on|desktop&#8221; _builder_version=&#8221;4.16&#8243; custom_margin=&#8221;||0px|&#8221; custom_padding=&#8221;|0px||&#8221; custom_css_main_element=&#8221;max-width:280px;&#8221; global_colors_info=&#8221;{}&#8221; theme_builder_area=&#8221;post_content&#8221;][\/et_pb_image][\/et_pb_column][et_pb_column type=&#8221;2_3&#8243; _builder_version=&#8221;4.16&#8243; custom_padding=&#8221;30px|30px|0px|30px&#8221; global_colors_info=&#8221;{}&#8221; custom_padding__hover=&#8221;|||&#8221; theme_builder_area=&#8221;post_content&#8221;][et_pb_text _builder_version=&#8221;4.16&#8243; text_font=&#8221;||||||||&#8221; text_font_size=&#8221;30px&#8221; header_font=&#8221;||||||||&#8221; header_2_font=&#8221;||||||||&#8221; header_3_font_size=&#8221;20px&#8221; custom_margin=&#8221;||20px&#8221; global_colors_info=&#8221;{}&#8221; theme_builder_area=&#8221;post_content&#8221;]<\/p>\n<h3 style=\"font-size: 35px!important; line-height: 45px; text-align: center;\">[Guide d\u2019achat] Comment bien choisir votre<br \/>\nABRI DE TERRASSE ?<\/h3>\n<p>[\/et_pb_text][et_pb_text _builder_version=&#8221;4.16&#8243; text_font=&#8221;||||||||&#8221; custom_margin=&#8221;||20px&#8221; global_colors_info=&#8221;{}&#8221; theme_builder_area=&#8221;post_content&#8221;]<\/p>\n<p style=\"text-align: center; font-size: 20px; line-height: 30px;\">Facilitez votre prise de d\u00e9cision avec notre guide d\u2019achat. Il aborde les 19 questions que vous devez absolument vous poser afin de profiter de votre future acquisition sans mauvaise surprise.<\/p>\n<p>[\/et_pb_text][et_pb_button button_url=&#8221;https:\/\/info.verandair.com\/guide-abri-terrasse\/&#8221; url_new_window=&#8221;on&#8221; button_text=&#8221;\u00bb Je t\u00e9l\u00e9charge mon guide&#8221; button_alignment=&#8221;center&#8221; module_class=&#8221;custom-btn-orange&#8221; _builder_version=&#8221;4.16&#8243; custom_margin=&#8221;||0px&#8221; global_colors_info=&#8221;{}&#8221; theme_builder_area=&#8221;post_content&#8221;][\/et_pb_button][et_pb_code _builder_version=&#8221;4.16&#8243; global_colors_info=&#8221;{}&#8221; theme_builder_area=&#8221;post_content&#8221;]<\/p>\n<style><!-- [et_pb_line_break_holder] -->  a.et_pb_button.custom-btn-orange{<!-- [et_pb_line_break_holder] -->    background:#EF865B!important;<!-- [et_pb_line_break_holder] -->  }<!-- [et_pb_line_break_holder] -->  a.et_pb_button.custom-btn-orange:hover{<!-- [et_pb_line_break_holder] -->    background:#F4AD91!important;<!-- [et_pb_line_break_holder] -->  }<!-- [et_pb_line_break_holder] --><\/style>\n<p>[\/et_pb_code][\/et_pb_column][\/et_pb_row][\/et_pb_section]<\/p>\n","protected":false},"excerpt":{"rendered":"<p>Le saviez-vous? Les v\u00e9randas Verandair se d\u00e9clinent en de nombreuses teintes et coloris. Le plus difficile? Arr\u00eater son choix! Verandair vous conseille.<\/p>\n","protected":false},"author":5,"featured_media":8694,"comment_status":"open","ping_status":"closed","sticky":false,"template":"","format":"standard","meta":{"_acf_changed":false,"_et_pb_use_builder":"on","_et_pb_old_content":"<p style=\"text-align: justify;\"><em>Le mois d'ao\u00fbt 2018 vit ses derni\u00e8res heures. Si cet \u00e9t\u00e9 s'est montr\u00e9 plut\u00f4t g\u00e9n\u00e9reux en termes de soleil et de temp\u00e9ratures (pour notre plus grand plaisir d'ailleurs!), la m\u00e9t\u00e9o est d\u00e9sormais sujette \u00e0 quelques caprices... Le ciel se gorge en effet de nuages, la pluie n'h\u00e9site plus \u00e0 tomber, alors m\u00eame que le mercure semble en chute libre. Plus de doute: l'\u00e9t\u00e9 est bel et bien sur le point de faire place \u00e0 l'automne! Si l'automne rime avec feuilles jaunies, pluie, pulls et Halloween, il n'est toutefois pas question, en cette saison, de d\u00e9laisser vos v\u00e9randas et pergolas! <a href=\"https:\/\/www.verandair.com\/fr\/\">Verandair<\/a> vous libre quelques conseils et astuces vous permettant de continuer \u00e0 profiter de ces agr\u00e9ables espaces \u00e0 vivre en tout temps... ;-)<\/em><\/p><p style=\"text-align: justify;\">Si l'<strong>\u00e9t\u00e9<\/strong> a ses <strong>avantages<\/strong> (les apr\u00e8s-midi pass\u00e9es \u00e0 l\u00e9zarder au soleil, \u00e0 d\u00e9guster des cocktails au bord de la piscine, les barbecues entre amis et en famille, bref, la dolce vita!), l'<strong>automne<\/strong> n'a toutefois <strong>rien \u00e0 lui envier<\/strong>.<\/p><p style=\"text-align: justify;\">L'automne est effectivement la saison des balades en for\u00eats, des bons petits plats qui mijotent dans le four, des chocolats chauds d\u00e9gust\u00e9s sous un plaid moelleux, des d\u00e9corations d'Halloween, etc. L'automne correspond \u00e9galement \u00e0 la saison durant laquelle on attend, avec plus ou moins d'impatience, le meilleur moment de l'ann\u00e9e: <strong>No\u00ebl<\/strong>!\u00a0<\/p><p style=\"text-align: justify;\">N\u00e9anmoins, m\u00e9t\u00e9o oblige, l'automne a tendance \u00e0 nous <strong>concentrer vers l'int\u00e9rieur de nos habitations<\/strong>, nous obligeant du m\u00eame coup \u00e0 <strong>d\u00e9laisser jardin et terrasse<\/strong>. Et s'il ne s'agissait pas l\u00e0 d'une <strong>fatalit\u00e9<\/strong>? Et s'il \u00e9tait possible de <strong>profiter<\/strong> de ces derniers <strong>toute l'ann\u00e9e<\/strong>? D\u00e9monstration.\u00a0<\/p><p>\u00a0<\/p><h2 style=\"text-align: justify;\">La pergola et l'automne<\/h2><p style=\"text-align: justify;\">Vous avez investi dans une terrasse? Vous avez ador\u00e9 en profiter d\u00e8s l'arriv\u00e9e des beaux jours? Inutile de lui dire au revoir en attendant l'\u00e9t\u00e9 prochain! Prolongez son utilisation <a href=\"\/fr\/veranda\/pergola\/\">en lui adjoignant une <strong>pergola<\/strong><\/a>! Une jolie fa\u00e7on de vous abriter des faibles pluies et du vent (\u00e0 condition d'\u00eatre muni d'une petite laine, on vous l'accorde...).<\/p><p style=\"text-align: justify;\">Pour davantage vous prot\u00e9ger des caprices m\u00e9t\u00e9orologiques, il vous est \u00e9galement possible d'habiller votre pergola <strong><a href=\"\/fr\/veranda\/parois-coulissantes-verre\/\">de baies vitr\u00e9es coulissantes<\/a><\/strong>. Pour les plus frileux, il reste les <strong>champignons chauffants<\/strong>! ;-)\u00a0<\/p><p>\u00a0<\/p><h2 style=\"text-align: justify;\">La v\u00e9randa et l'automne<\/h2><p style=\"text-align: justify;\">Saviez-vous qu'il est une alternative aux pergolas? Plus robustes et protectrices que les pergolas, plus modulables et moins on\u00e9reuses que les v\u00e9randas classiques: <a href=\"\/fr\/veranda\/veranda-retractable\/\"><strong>les v\u00e9randas r\u00e9tractables<\/strong><\/a>. Gr\u00e2ce aux v\u00e9randas r\u00e9tractables, profitez d'un bain de soleil en \u00e9t\u00e9 et mettez-vous \u00e0 l'abri en hiver!\u00a0<\/p><p style=\"text-align: justify;\">V\u00e9ritables cabriolets, les v\u00e9randas r\u00e9tractables vous offrent une visibilit\u00e9 parfaite sur le jardin sans ses inconv\u00e9nients. L'occasion de se retrouver \u00e0 l'ext\u00e9rieur de son habitation tout en profitant d'un certain confort.\u00a0<\/p><p>Profitez plus largement de vos ext\u00e9rieurs gr\u00e2ce aux pergolas, baies vitr\u00e9es coulissantes et v\u00e9randas r\u00e9tractables Verandair!<\/p>","_et_gb_content_width":"","inline_featured_image":false,"footnotes":""},"categories":[32],"tags":[],"class_list":["post-8687","post","type-post","status-publish","format-standard","has-post-thumbnail","hentry","category-abri-de-terrasse"],"acf":[],"yoast_head":"<!-- This site is optimized with the Yoast SEO plugin v27.5 - https:\/\/yoast.com\/product\/yoast-seo-wordpress\/ -->\n<title>Quelle couleur pour ma v\u00e9randa?<\/title>\n<meta name=\"description\" content=\"Le saviez-vous? Les v\u00e9randas Verandair se d\u00e9clinent en de nombreuses teintes et coloris. Le plus difficile? Arr\u00eater son choix! Verandair vous conseille.\" \/>\n<meta name=\"robots\" content=\"index, follow, max-snippet:-1, max-image-preview:large, max-video-preview:-1\" \/>\n<link rel=\"canonical\" href=\"https:\/\/www.verandair.com\/fr\/quelle-couleur-veranda\/\" \/>\n<meta property=\"og:locale\" content=\"fr_FR\" \/>\n<meta property=\"og:type\" content=\"article\" \/>\n<meta property=\"og:title\" content=\"Quelle couleur pour ma v\u00e9randa?\" \/>\n<meta property=\"og:description\" content=\"Le saviez-vous? Les v\u00e9randas Verandair se d\u00e9clinent en de nombreuses teintes et coloris. Le plus difficile? Arr\u00eater son choix! Verandair vous conseille.\" \/>\n<meta property=\"og:url\" content=\"https:\/\/www.verandair.com\/fr\/quelle-couleur-veranda\/\" \/>\n<meta property=\"og:site_name\" content=\"VERANDAIR\u00ae\" \/>\n<meta property=\"article:published_time\" content=\"2020-09-25T11:54:40+00:00\" \/>\n<meta property=\"article:modified_time\" content=\"2026-02-27T12:57:01+00:00\" \/>\n<meta property=\"og:image\" content=\"https:\/\/www.verandair.com\/wp-content\/uploads\/2018\/09\/quelle-couleur-veranda-verandair.jpg\" \/>\n\t<meta property=\"og:image:width\" content=\"850\" \/>\n\t<meta property=\"og:image:height\" content=\"850\" \/>\n\t<meta property=\"og:image:type\" content=\"image\/jpeg\" \/>\n<meta name=\"author\" content=\"admin-verandair\" \/>\n<meta name=\"twitter:card\" content=\"summary_large_image\" \/>\n<meta name=\"twitter:label1\" content=\"\u00c9crit par\" \/>\n\t<meta name=\"twitter:data1\" content=\"admin-verandair\" \/>\n\t<meta name=\"twitter:label2\" content=\"Dur\u00e9e de lecture estim\u00e9e\" \/>\n\t<meta name=\"twitter:data2\" content=\"7 minutes\" \/>\n<script type=\"application\/ld+json\" class=\"yoast-schema-graph\">{\"@context\":\"https:\\\/\\\/schema.org\",\"@graph\":[{\"@type\":\"Article\",\"@id\":\"https:\\\/\\\/www.verandair.com\\\/fr\\\/quelle-couleur-veranda\\\/#article\",\"isPartOf\":{\"@id\":\"https:\\\/\\\/www.verandair.com\\\/fr\\\/quelle-couleur-veranda\\\/\"},\"author\":{\"name\":\"admin-verandair\",\"@id\":\"https:\\\/\\\/www.verandair.com\\\/fr\\\/#\\\/schema\\\/person\\\/cdeca2ebd6c03b60479d713f66329bc9\"},\"headline\":\"Quelle couleur choisir pour ma v\u00e9randa?\",\"datePublished\":\"2020-09-25T11:54:40+00:00\",\"dateModified\":\"2026-02-27T12:57:01+00:00\",\"mainEntityOfPage\":{\"@id\":\"https:\\\/\\\/www.verandair.com\\\/fr\\\/quelle-couleur-veranda\\\/\"},\"wordCount\":1371,\"commentCount\":0,\"publisher\":{\"@id\":\"https:\\\/\\\/www.verandair.com\\\/fr\\\/#organization\"},\"image\":{\"@id\":\"https:\\\/\\\/www.verandair.com\\\/fr\\\/quelle-couleur-veranda\\\/#primaryimage\"},\"thumbnailUrl\":\"https:\\\/\\\/www.verandair.com\\\/wp-content\\\/uploads\\\/2018\\\/09\\\/quelle-couleur-veranda-verandair.jpg\",\"articleSection\":[\"Abri de terrasse\"],\"inLanguage\":\"fr-FR\",\"potentialAction\":[{\"@type\":\"CommentAction\",\"name\":\"Comment\",\"target\":[\"https:\\\/\\\/www.verandair.com\\\/fr\\\/quelle-couleur-veranda\\\/#respond\"]}]},{\"@type\":\"WebPage\",\"@id\":\"https:\\\/\\\/www.verandair.com\\\/fr\\\/quelle-couleur-veranda\\\/\",\"url\":\"https:\\\/\\\/www.verandair.com\\\/fr\\\/quelle-couleur-veranda\\\/\",\"name\":\"Quelle couleur pour ma v\u00e9randa?\",\"isPartOf\":{\"@id\":\"https:\\\/\\\/www.verandair.com\\\/fr\\\/#website\"},\"primaryImageOfPage\":{\"@id\":\"https:\\\/\\\/www.verandair.com\\\/fr\\\/quelle-couleur-veranda\\\/#primaryimage\"},\"image\":{\"@id\":\"https:\\\/\\\/www.verandair.com\\\/fr\\\/quelle-couleur-veranda\\\/#primaryimage\"},\"thumbnailUrl\":\"https:\\\/\\\/www.verandair.com\\\/wp-content\\\/uploads\\\/2018\\\/09\\\/quelle-couleur-veranda-verandair.jpg\",\"datePublished\":\"2020-09-25T11:54:40+00:00\",\"dateModified\":\"2026-02-27T12:57:01+00:00\",\"description\":\"Le saviez-vous? Les v\u00e9randas Verandair se d\u00e9clinent en de nombreuses teintes et coloris. Le plus difficile? Arr\u00eater son choix! Verandair vous conseille.\",\"breadcrumb\":{\"@id\":\"https:\\\/\\\/www.verandair.com\\\/fr\\\/quelle-couleur-veranda\\\/#breadcrumb\"},\"inLanguage\":\"fr-FR\",\"potentialAction\":[{\"@type\":\"ReadAction\",\"target\":[\"https:\\\/\\\/www.verandair.com\\\/fr\\\/quelle-couleur-veranda\\\/\"]}]},{\"@type\":\"ImageObject\",\"inLanguage\":\"fr-FR\",\"@id\":\"https:\\\/\\\/www.verandair.com\\\/fr\\\/quelle-couleur-veranda\\\/#primaryimage\",\"url\":\"https:\\\/\\\/www.verandair.com\\\/wp-content\\\/uploads\\\/2018\\\/09\\\/quelle-couleur-veranda-verandair.jpg\",\"contentUrl\":\"https:\\\/\\\/www.verandair.com\\\/wp-content\\\/uploads\\\/2018\\\/09\\\/quelle-couleur-veranda-verandair.jpg\",\"width\":850,\"height\":850,\"caption\":\"Quelle couleur pour ma v\u00e9randa?\"},{\"@type\":\"BreadcrumbList\",\"@id\":\"https:\\\/\\\/www.verandair.com\\\/fr\\\/quelle-couleur-veranda\\\/#breadcrumb\",\"itemListElement\":[{\"@type\":\"ListItem\",\"position\":1,\"name\":\"Accueil\",\"item\":{\"@type\":\"WebPage\",\"@id\":\"https:\\\/\\\/www.verandair.com\\\/fr\\\/\",\"name\":\"Accueil\"}},{\"@type\":\"ListItem\",\"position\":2,\"name\":\"Quelle couleur choisir pour ma v\u00e9randa?\"}]},{\"@type\":\"WebSite\",\"@id\":\"https:\\\/\\\/www.verandair.com\\\/fr\\\/#website\",\"url\":\"https:\\\/\\\/www.verandair.com\\\/fr\\\/\",\"name\":\"VERANDAIR\u00ae\",\"description\":\"\",\"publisher\":{\"@id\":\"https:\\\/\\\/www.verandair.com\\\/fr\\\/#organization\"},\"potentialAction\":[{\"@type\":\"SearchAction\",\"target\":{\"@type\":\"EntryPoint\",\"urlTemplate\":\"https:\\\/\\\/www.verandair.com\\\/fr\\\/?s={search_term_string}\"},\"query-input\":{\"@type\":\"PropertyValueSpecification\",\"valueRequired\":true,\"valueName\":\"search_term_string\"}}],\"inLanguage\":\"fr-FR\"},{\"@type\":\"Organization\",\"@id\":\"https:\\\/\\\/www.verandair.com\\\/fr\\\/#organization\",\"name\":\"Verandair\",\"url\":\"https:\\\/\\\/www.verandair.com\\\/fr\\\/\",\"logo\":{\"@type\":\"ImageObject\",\"inLanguage\":\"fr-FR\",\"@id\":\"https:\\\/\\\/www.verandair.com\\\/fr\\\/#\\\/schema\\\/logo\\\/image\\\/\",\"url\":\"https:\\\/\\\/www.verandair.com\\\/wp-content\\\/uploads\\\/2024\\\/06\\\/VERANDAIR-logo.png\",\"contentUrl\":\"https:\\\/\\\/www.verandair.com\\\/wp-content\\\/uploads\\\/2024\\\/06\\\/VERANDAIR-logo.png\",\"width\":283,\"height\":127,\"caption\":\"Verandair\"},\"image\":{\"@id\":\"https:\\\/\\\/www.verandair.com\\\/fr\\\/#\\\/schema\\\/logo\\\/image\\\/\"}},{\"@type\":\"Person\",\"@id\":\"https:\\\/\\\/www.verandair.com\\\/fr\\\/#\\\/schema\\\/person\\\/cdeca2ebd6c03b60479d713f66329bc9\",\"name\":\"admin-verandair\",\"image\":{\"@type\":\"ImageObject\",\"inLanguage\":\"fr-FR\",\"@id\":\"https:\\\/\\\/secure.gravatar.com\\\/avatar\\\/933ed88eb2b3e194c00d3516e15b0e50c947c76a16e37565b6eb035b6954d0c4?s=96&d=mm&r=g\",\"url\":\"https:\\\/\\\/secure.gravatar.com\\\/avatar\\\/933ed88eb2b3e194c00d3516e15b0e50c947c76a16e37565b6eb035b6954d0c4?s=96&d=mm&r=g\",\"contentUrl\":\"https:\\\/\\\/secure.gravatar.com\\\/avatar\\\/933ed88eb2b3e194c00d3516e15b0e50c947c76a16e37565b6eb035b6954d0c4?s=96&d=mm&r=g\",\"caption\":\"admin-verandair\"}}]}<\/script>\n<!-- \/ Yoast SEO plugin. -->","yoast_head_json":{"title":"Quelle couleur pour ma v\u00e9randa?","description":"Le saviez-vous? Les v\u00e9randas Verandair se d\u00e9clinent en de nombreuses teintes et coloris. Le plus difficile? Arr\u00eater son choix! Verandair vous conseille.","robots":{"index":"index","follow":"follow","max-snippet":"max-snippet:-1","max-image-preview":"max-image-preview:large","max-video-preview":"max-video-preview:-1"},"canonical":"https:\/\/www.verandair.com\/fr\/quelle-couleur-veranda\/","og_locale":"fr_FR","og_type":"article","og_title":"Quelle couleur pour ma v\u00e9randa?","og_description":"Le saviez-vous? Les v\u00e9randas Verandair se d\u00e9clinent en de nombreuses teintes et coloris. Le plus difficile? Arr\u00eater son choix! Verandair vous conseille.","og_url":"https:\/\/www.verandair.com\/fr\/quelle-couleur-veranda\/","og_site_name":"VERANDAIR\u00ae","article_published_time":"2020-09-25T11:54:40+00:00","article_modified_time":"2026-02-27T12:57:01+00:00","og_image":[{"width":850,"height":850,"url":"https:\/\/www.verandair.com\/wp-content\/uploads\/2018\/09\/quelle-couleur-veranda-verandair.jpg","type":"image\/jpeg"}],"author":"admin-verandair","twitter_card":"summary_large_image","twitter_misc":{"\u00c9crit par":"admin-verandair","Dur\u00e9e de lecture estim\u00e9e":"7 minutes"},"schema":{"@context":"https:\/\/schema.org","@graph":[{"@type":"Article","@id":"https:\/\/www.verandair.com\/fr\/quelle-couleur-veranda\/#article","isPartOf":{"@id":"https:\/\/www.verandair.com\/fr\/quelle-couleur-veranda\/"},"author":{"name":"admin-verandair","@id":"https:\/\/www.verandair.com\/fr\/#\/schema\/person\/cdeca2ebd6c03b60479d713f66329bc9"},"headline":"Quelle couleur choisir pour ma v\u00e9randa?","datePublished":"2020-09-25T11:54:40+00:00","dateModified":"2026-02-27T12:57:01+00:00","mainEntityOfPage":{"@id":"https:\/\/www.verandair.com\/fr\/quelle-couleur-veranda\/"},"wordCount":1371,"commentCount":0,"publisher":{"@id":"https:\/\/www.verandair.com\/fr\/#organization"},"image":{"@id":"https:\/\/www.verandair.com\/fr\/quelle-couleur-veranda\/#primaryimage"},"thumbnailUrl":"https:\/\/www.verandair.com\/wp-content\/uploads\/2018\/09\/quelle-couleur-veranda-verandair.jpg","articleSection":["Abri de terrasse"],"inLanguage":"fr-FR","potentialAction":[{"@type":"CommentAction","name":"Comment","target":["https:\/\/www.verandair.com\/fr\/quelle-couleur-veranda\/#respond"]}]},{"@type":"WebPage","@id":"https:\/\/www.verandair.com\/fr\/quelle-couleur-veranda\/","url":"https:\/\/www.verandair.com\/fr\/quelle-couleur-veranda\/","name":"Quelle couleur pour ma v\u00e9randa?","isPartOf":{"@id":"https:\/\/www.verandair.com\/fr\/#website"},"primaryImageOfPage":{"@id":"https:\/\/www.verandair.com\/fr\/quelle-couleur-veranda\/#primaryimage"},"image":{"@id":"https:\/\/www.verandair.com\/fr\/quelle-couleur-veranda\/#primaryimage"},"thumbnailUrl":"https:\/\/www.verandair.com\/wp-content\/uploads\/2018\/09\/quelle-couleur-veranda-verandair.jpg","datePublished":"2020-09-25T11:54:40+00:00","dateModified":"2026-02-27T12:57:01+00:00","description":"Le saviez-vous? Les v\u00e9randas Verandair se d\u00e9clinent en de nombreuses teintes et coloris. Le plus difficile? Arr\u00eater son choix! Verandair vous conseille.","breadcrumb":{"@id":"https:\/\/www.verandair.com\/fr\/quelle-couleur-veranda\/#breadcrumb"},"inLanguage":"fr-FR","potentialAction":[{"@type":"ReadAction","target":["https:\/\/www.verandair.com\/fr\/quelle-couleur-veranda\/"]}]},{"@type":"ImageObject","inLanguage":"fr-FR","@id":"https:\/\/www.verandair.com\/fr\/quelle-couleur-veranda\/#primaryimage","url":"https:\/\/www.verandair.com\/wp-content\/uploads\/2018\/09\/quelle-couleur-veranda-verandair.jpg","contentUrl":"https:\/\/www.verandair.com\/wp-content\/uploads\/2018\/09\/quelle-couleur-veranda-verandair.jpg","width":850,"height":850,"caption":"Quelle couleur pour ma v\u00e9randa?"},{"@type":"BreadcrumbList","@id":"https:\/\/www.verandair.com\/fr\/quelle-couleur-veranda\/#breadcrumb","itemListElement":[{"@type":"ListItem","position":1,"name":"Accueil","item":{"@type":"WebPage","@id":"https:\/\/www.verandair.com\/fr\/","name":"Accueil"}},{"@type":"ListItem","position":2,"name":"Quelle couleur choisir pour ma v\u00e9randa?"}]},{"@type":"WebSite","@id":"https:\/\/www.verandair.com\/fr\/#website","url":"https:\/\/www.verandair.com\/fr\/","name":"VERANDAIR\u00ae","description":"","publisher":{"@id":"https:\/\/www.verandair.com\/fr\/#organization"},"potentialAction":[{"@type":"SearchAction","target":{"@type":"EntryPoint","urlTemplate":"https:\/\/www.verandair.com\/fr\/?s={search_term_string}"},"query-input":{"@type":"PropertyValueSpecification","valueRequired":true,"valueName":"search_term_string"}}],"inLanguage":"fr-FR"},{"@type":"Organization","@id":"https:\/\/www.verandair.com\/fr\/#organization","name":"Verandair","url":"https:\/\/www.verandair.com\/fr\/","logo":{"@type":"ImageObject","inLanguage":"fr-FR","@id":"https:\/\/www.verandair.com\/fr\/#\/schema\/logo\/image\/","url":"https:\/\/www.verandair.com\/wp-content\/uploads\/2024\/06\/VERANDAIR-logo.png","contentUrl":"https:\/\/www.verandair.com\/wp-content\/uploads\/2024\/06\/VERANDAIR-logo.png","width":283,"height":127,"caption":"Verandair"},"image":{"@id":"https:\/\/www.verandair.com\/fr\/#\/schema\/logo\/image\/"}},{"@type":"Person","@id":"https:\/\/www.verandair.com\/fr\/#\/schema\/person\/cdeca2ebd6c03b60479d713f66329bc9","name":"admin-verandair","image":{"@type":"ImageObject","inLanguage":"fr-FR","@id":"https:\/\/secure.gravatar.com\/avatar\/933ed88eb2b3e194c00d3516e15b0e50c947c76a16e37565b6eb035b6954d0c4?s=96&d=mm&r=g","url":"https:\/\/secure.gravatar.com\/avatar\/933ed88eb2b3e194c00d3516e15b0e50c947c76a16e37565b6eb035b6954d0c4?s=96&d=mm&r=g","contentUrl":"https:\/\/secure.gravatar.com\/avatar\/933ed88eb2b3e194c00d3516e15b0e50c947c76a16e37565b6eb035b6954d0c4?s=96&d=mm&r=g","caption":"admin-verandair"}}]}},"_links":{"self":[{"href":"https:\/\/www.verandair.com\/fr\/wp-json\/wp\/v2\/posts\/8687","targetHints":{"allow":["GET"]}}],"collection":[{"href":"https:\/\/www.verandair.com\/fr\/wp-json\/wp\/v2\/posts"}],"about":[{"href":"https:\/\/www.verandair.com\/fr\/wp-json\/wp\/v2\/types\/post"}],"author":[{"embeddable":true,"href":"https:\/\/www.verandair.com\/fr\/wp-json\/wp\/v2\/users\/5"}],"replies":[{"embeddable":true,"href":"https:\/\/www.verandair.com\/fr\/wp-json\/wp\/v2\/comments?post=8687"}],"version-history":[{"count":2,"href":"https:\/\/www.verandair.com\/fr\/wp-json\/wp\/v2\/posts\/8687\/revisions"}],"predecessor-version":[{"id":74508,"href":"https:\/\/www.verandair.com\/fr\/wp-json\/wp\/v2\/posts\/8687\/revisions\/74508"}],"wp:featuredmedia":[{"embeddable":true,"href":"https:\/\/www.verandair.com\/fr\/wp-json\/wp\/v2\/media\/8694"}],"wp:attachment":[{"href":"https:\/\/www.verandair.com\/fr\/wp-json\/wp\/v2\/media?parent=8687"}],"wp:term":[{"taxonomy":"category","embeddable":true,"href":"https:\/\/www.verandair.com\/fr\/wp-json\/wp\/v2\/categories?post=8687"},{"taxonomy":"post_tag","embeddable":true,"href":"https:\/\/www.verandair.com\/fr\/wp-json\/wp\/v2\/tags?post=8687"}],"curies":[{"name":"wp","href":"https:\/\/api.w.org\/{rel}","templated":true}]}}