{"id":8911,"date":"2018-10-23T09:34:08","date_gmt":"2018-10-23T07:34:08","guid":{"rendered":"https:\/\/www.verandair.com\/?p=8911"},"modified":"2026-02-27T12:18:12","modified_gmt":"2026-02-27T11:18:12","slug":"realisation-veranda-retractable-namur","status":"publish","type":"post","link":"https:\/\/www.verandair.com\/fr\/realisation-veranda-retractable-namur\/","title":{"rendered":"R\u00e9alisation d&#8217;une v\u00e9randa r\u00e9tractable 10 x 5 en province de Namur"},"content":{"rendered":"<p>[et_pb_section fb_built=&#8221;1&#8243; _builder_version=&#8221;4.16&#8243; global_colors_info=&#8221;{}&#8221; theme_builder_area=&#8221;post_content&#8221;][et_pb_row _builder_version=&#8221;4.16&#8243; background_size=&#8221;initial&#8221; background_position=&#8221;top_left&#8221; background_repeat=&#8221;repeat&#8221; global_colors_info=&#8221;{}&#8221; theme_builder_area=&#8221;post_content&#8221;][et_pb_column type=&#8221;4_4&#8243; _builder_version=&#8221;4.16&#8243; custom_padding=&#8221;|||&#8221; global_colors_info=&#8221;{}&#8221; custom_padding__hover=&#8221;|||&#8221; theme_builder_area=&#8221;post_content&#8221;][et_pb_text _builder_version=&#8221;4.27.5&#8243; hover_enabled=&#8221;0&#8243; global_colors_info=&#8221;{}&#8221; theme_builder_area=&#8221;post_content&#8221; sticky_enabled=&#8221;0&#8243;]<\/p>\n<p><strong>Vous avez la chance de poss\u00e9der un jacuzzi? Vous avez pleinement et longuement pu en profiter durant tout l&#8217;\u00e9t\u00e9? Vous n&#8217;\u00eates d\u00e9finitivement pas pr\u00eat \u00e0 renoncer \u00e0 ce petit plaisir jusqu&#8217;\u00e0 ce que les conditions m\u00e9t\u00e9orologiques ne vous le permette \u00e0 nouveau? Et pourquoi ne pas prolonger son utilisation gr\u00e2ce \u00e0 un <a href=\"https:\/\/www.verandair.com\/fr\/veranda\/abri-de-terrasse\/\">abri r\u00e9tractable Verandair?<\/a><\/strong><\/p>\n<p>&nbsp;<\/p>\n<h2><span style=\"color: #00909e;\">Une v\u00e9randa r\u00e9tractable pour votre jacuzzi<\/span><\/h2>\n<p>La journ\u00e9e a \u00e9t\u00e9 longue et difficile? Vous avez grand besoin de vous d\u00e9tendre? Enfilez votre maillot de bain et installez-vous confortablement dans votre jacuzzi, et ce sans m\u00eame avoir \u00e0 vous pr\u00e9occuper de la temp\u00e9rature ext\u00e9rieure. Comment? <strong>Gr\u00e2ce \u00e0 votre v\u00e9randa r\u00e9tractable Verandair!<\/strong><\/p>\n<p>Les v\u00e9randas r\u00e9tractables Verandair ont tant vocation \u00e0 recouvrir votre terrasse, ou, dans le cas pr\u00e9sent, votre jacuzzi!<\/p>\n<p>Faites comme notre client namurois: <strong>offrez une v\u00e9randa r\u00e9tractable \u00e0 votre jacuzzi<\/strong>!<\/p>\n<p>&nbsp;<\/p>\n<h2><span style=\"color: #00909e;\">Caract\u00e9ristiques de cet abri r\u00e9tractable namurois Verandair<\/span><\/h2>\n<ul>\n<li><strong>Type d&#8217;ouverture<\/strong>: ouverture centrale;<\/li>\n<li><strong>Composition de l&#8217;abri<\/strong>: 5 \u00e9l\u00e9ments (2 extr\u00e9mit\u00e9s fixes + 3 \u00e9l\u00e9ments coulissants);<\/li>\n<li><strong>Dimensions<\/strong>: 10 m\u00e8tres de long sur 5 m\u00e8tres de profondeur;<\/li>\n<li><strong>Vitrage<\/strong>: verre feuillet\u00e9, simple vitrage de 8mm d&#8217;\u00e9paisseur;<\/li>\n<li><strong>Couleur<\/strong>: bronze &#8211; taupe structur\u00e9;<\/li>\n<li><strong>Date de l&#8217;installation<\/strong>: octobre 2018;<\/li>\n<li><strong>R\u00e9gion<\/strong>: province de Namur.<\/li>\n<\/ul>\n<p>Notre client a opt\u00e9 pour une v\u00e9randa 10 x 5, suffisamment spacieuse pour accueillir le jacuzzi en question, mais \u00e9galement une table et des chaises et\/ou un petit salon. Le type d&#8217;ouverture s&#8217;est port\u00e9 sur l&#8217;ouverture centrale, alors que le choix du coloris (bronze\/taupe) permet \u00e0 la v\u00e9randa de se marier \u00e0 l&#8217;habitation existante.<\/p>\n<p>[\/et_pb_text][et_pb_text _builder_version=&#8221;4.16&#8243; global_colors_info=&#8221;{}&#8221; theme_builder_area=&#8221;post_content&#8221;]<\/br><\/p>\n<h2 style=\"text-align: justify;\"><span style=\"color: #00909e;\">La v\u00e9randa r\u00e9tractable en images<\/span><\/h2>\n<p>[\/et_pb_text][et_pb_gallery gallery_ids=&#8221;8912,8913,8914,8915,8917,8918,8919,8920,8921,8922,8923,8924&#8243; posts_number=&#8221;13&#8243; show_title_and_caption=&#8221;off&#8221; show_pagination=&#8221;off&#8221; zoom_icon_color=&#8221;#009f9c&#8221; _builder_version=&#8221;4.16&#8243; global_colors_info=&#8221;{}&#8221; theme_builder_area=&#8221;post_content&#8221;][\/et_pb_gallery][\/et_pb_column][\/et_pb_row][\/et_pb_section]<\/p>\n","protected":false},"excerpt":{"rendered":"<p>Verandair a r\u00e9alis\u00e9 une v\u00e9randa r\u00e9tractable visant \u00e0 couvrir une terrasse et son jacuzzi en province de Namur. Plus d&#8217;infos sur cette r\u00e9alisation ici!<\/p>\n","protected":false},"author":5,"featured_media":15579,"comment_status":"closed","ping_status":"closed","sticky":false,"template":"","format":"standard","meta":{"_acf_changed":false,"_et_pb_use_builder":"on","_et_pb_old_content":"<p style=\"text-align: justify;\"><em>Le mois d'ao\u00fbt 2018 vit ses derni\u00e8res heures. Si cet \u00e9t\u00e9 s'est montr\u00e9 plut\u00f4t g\u00e9n\u00e9reux en termes de soleil et de temp\u00e9ratures (pour notre plus grand plaisir d'ailleurs!), la m\u00e9t\u00e9o est d\u00e9sormais sujette \u00e0 quelques caprices... Le ciel se gorge en effet de nuages, la pluie n'h\u00e9site plus \u00e0 tomber, alors m\u00eame que le mercure semble en chute libre. Plus de doute: l'\u00e9t\u00e9 est bel et bien sur le point de faire place \u00e0 l'automne! Si l'automne rime avec feuilles jaunies, pluie, pulls et Halloween, il n'est toutefois pas question, en cette saison, de d\u00e9laisser vos v\u00e9randas et pergolas! <a href=\"https:\/\/www.verandair.com\/fr\/\">Verandair<\/a> vous libre quelques conseils et astuces vous permettant de continuer \u00e0 profiter de ces agr\u00e9ables espaces \u00e0 vivre en tout temps... ;-)<\/em><\/p><p style=\"text-align: justify;\">Si l'<strong>\u00e9t\u00e9<\/strong> a ses <strong>avantages<\/strong> (les apr\u00e8s-midi pass\u00e9es \u00e0 l\u00e9zarder au soleil, \u00e0 d\u00e9guster des cocktails au bord de la piscine, les barbecues entre amis et en famille, bref, la dolce vita!), l'<strong>automne<\/strong> n'a toutefois <strong>rien \u00e0 lui envier<\/strong>.<\/p><p style=\"text-align: justify;\">L'automne est effectivement la saison des balades en for\u00eats, des bons petits plats qui mijotent dans le four, des chocolats chauds d\u00e9gust\u00e9s sous un plaid moelleux, des d\u00e9corations d'Halloween, etc. L'automne correspond \u00e9galement \u00e0 la saison durant laquelle on attend, avec plus ou moins d'impatience, le meilleur moment de l'ann\u00e9e: <strong>No\u00ebl<\/strong>!\u00a0<\/p><p style=\"text-align: justify;\">N\u00e9anmoins, m\u00e9t\u00e9o oblige, l'automne a tendance \u00e0 nous <strong>concentrer vers l'int\u00e9rieur de nos habitations<\/strong>, nous obligeant du m\u00eame coup \u00e0 <strong>d\u00e9laisser jardin et terrasse<\/strong>. Et s'il ne s'agissait pas l\u00e0 d'une <strong>fatalit\u00e9<\/strong>? Et s'il \u00e9tait possible de <strong>profiter<\/strong> de ces derniers <strong>toute l'ann\u00e9e<\/strong>? D\u00e9monstration.\u00a0<\/p><p>\u00a0<\/p><h2 style=\"text-align: justify;\">La pergola et l'automne<\/h2><p style=\"text-align: justify;\">Vous avez investi dans une terrasse? Vous avez ador\u00e9 en profiter d\u00e8s l'arriv\u00e9e des beaux jours? Inutile de lui dire au revoir en attendant l'\u00e9t\u00e9 prochain! Prolongez son utilisation <a href=\"\/fr\/veranda\/pergola\/\">en lui adjoignant une <strong>pergola<\/strong><\/a>! Une jolie fa\u00e7on de vous abriter des faibles pluies et du vent (\u00e0 condition d'\u00eatre muni d'une petite laine, on vous l'accorde...).<\/p><p style=\"text-align: justify;\">Pour davantage vous prot\u00e9ger des caprices m\u00e9t\u00e9orologiques, il vous est \u00e9galement possible d'habiller votre pergola <strong><a href=\"\/fr\/veranda\/parois-coulissantes-verre\/\">de baies vitr\u00e9es coulissantes<\/a><\/strong>. Pour les plus frileux, il reste les <strong>champignons chauffants<\/strong>! ;-)\u00a0<\/p><p>\u00a0<\/p><h2 style=\"text-align: justify;\">La v\u00e9randa et l'automne<\/h2><p style=\"text-align: justify;\">Saviez-vous qu'il est une alternative aux pergolas? Plus robustes et protectrices que les pergolas, plus modulables et moins on\u00e9reuses que les v\u00e9randas classiques: <a href=\"\/fr\/veranda\/veranda-retractable\/\"><strong>les v\u00e9randas r\u00e9tractables<\/strong><\/a>. Gr\u00e2ce aux v\u00e9randas r\u00e9tractables, profitez d'un bain de soleil en \u00e9t\u00e9 et mettez-vous \u00e0 l'abri en hiver!\u00a0<\/p><p style=\"text-align: justify;\">V\u00e9ritables cabriolets, les v\u00e9randas r\u00e9tractables vous offrent une visibilit\u00e9 parfaite sur le jardin sans ses inconv\u00e9nients. L'occasion de se retrouver \u00e0 l'ext\u00e9rieur de son habitation tout en profitant d'un certain confort.\u00a0<\/p><p>Profitez plus largement de vos ext\u00e9rieurs gr\u00e2ce aux pergolas, baies vitr\u00e9es coulissantes et v\u00e9randas r\u00e9tractables Verandair!<\/p>","_et_gb_content_width":"","inline_featured_image":false,"footnotes":""},"categories":[32],"tags":[],"class_list":["post-8911","post","type-post","status-publish","format-standard","has-post-thumbnail","hentry","category-abri-de-terrasse"],"acf":[],"yoast_head":"<!-- This site is optimized with the Yoast SEO plugin v27.5 - https:\/\/yoast.com\/product\/yoast-seo-wordpress\/ -->\n<title>R\u00e9alisation d&#039;une v\u00e9randa r\u00e9tractable 10 x 5 en province de Namur<\/title>\n<meta name=\"description\" content=\"Verandair a r\u00e9alis\u00e9 une v\u00e9randa r\u00e9tractable visant \u00e0 couvrir une terrasse et son jacuzzi en province de Namur. Plus d&#039;infos sur cette r\u00e9alisation ici!\" \/>\n<meta name=\"robots\" content=\"index, follow, max-snippet:-1, max-image-preview:large, max-video-preview:-1\" \/>\n<link rel=\"canonical\" href=\"https:\/\/www.verandair.com\/fr\/realisation-veranda-retractable-namur\/\" \/>\n<meta property=\"og:locale\" content=\"fr_FR\" \/>\n<meta property=\"og:type\" content=\"article\" \/>\n<meta property=\"og:title\" content=\"R\u00e9alisation d&#039;une v\u00e9randa r\u00e9tractable 10 x 5 en province de Namur\" \/>\n<meta property=\"og:description\" content=\"Verandair a r\u00e9alis\u00e9 une v\u00e9randa r\u00e9tractable visant \u00e0 couvrir une terrasse et son jacuzzi en province de Namur. Plus d&#039;infos sur cette r\u00e9alisation ici!\" \/>\n<meta property=\"og:url\" content=\"https:\/\/www.verandair.com\/fr\/realisation-veranda-retractable-namur\/\" \/>\n<meta property=\"og:site_name\" content=\"VERANDAIR\u00ae\" \/>\n<meta property=\"article:published_time\" content=\"2018-10-23T07:34:08+00:00\" \/>\n<meta property=\"article:modified_time\" content=\"2026-02-27T11:18:12+00:00\" \/>\n<meta property=\"og:image\" content=\"https:\/\/www.verandair.com\/wp-content\/uploads\/2018\/10\/veranda-retractable-namur-10-1.jpg\" \/>\n\t<meta property=\"og:image:width\" content=\"450\" \/>\n\t<meta property=\"og:image:height\" content=\"338\" \/>\n\t<meta property=\"og:image:type\" content=\"image\/jpeg\" \/>\n<meta name=\"author\" content=\"admin-verandair\" \/>\n<meta name=\"twitter:card\" content=\"summary_large_image\" \/>\n<meta name=\"twitter:label1\" content=\"\u00c9crit par\" \/>\n\t<meta name=\"twitter:data1\" content=\"admin-verandair\" \/>\n\t<meta name=\"twitter:label2\" content=\"Dur\u00e9e de lecture estim\u00e9e\" \/>\n\t<meta name=\"twitter:data2\" content=\"2 minutes\" \/>\n<script type=\"application\/ld+json\" class=\"yoast-schema-graph\">{\"@context\":\"https:\\\/\\\/schema.org\",\"@graph\":[{\"@type\":\"Article\",\"@id\":\"https:\\\/\\\/www.verandair.com\\\/fr\\\/realisation-veranda-retractable-namur\\\/#article\",\"isPartOf\":{\"@id\":\"https:\\\/\\\/www.verandair.com\\\/fr\\\/realisation-veranda-retractable-namur\\\/\"},\"author\":{\"name\":\"admin-verandair\",\"@id\":\"https:\\\/\\\/www.verandair.com\\\/fr\\\/#\\\/schema\\\/person\\\/cdeca2ebd6c03b60479d713f66329bc9\"},\"headline\":\"R\u00e9alisation d&#8217;une v\u00e9randa r\u00e9tractable 10 x 5 en province de Namur\",\"datePublished\":\"2018-10-23T07:34:08+00:00\",\"dateModified\":\"2026-02-27T11:18:12+00:00\",\"mainEntityOfPage\":{\"@id\":\"https:\\\/\\\/www.verandair.com\\\/fr\\\/realisation-veranda-retractable-namur\\\/\"},\"wordCount\":428,\"publisher\":{\"@id\":\"https:\\\/\\\/www.verandair.com\\\/fr\\\/#organization\"},\"image\":{\"@id\":\"https:\\\/\\\/www.verandair.com\\\/fr\\\/realisation-veranda-retractable-namur\\\/#primaryimage\"},\"thumbnailUrl\":\"https:\\\/\\\/www.verandair.com\\\/wp-content\\\/uploads\\\/2018\\\/10\\\/veranda-retractable-namur-10-1.jpg\",\"articleSection\":[\"Abri de terrasse\"],\"inLanguage\":\"fr-FR\"},{\"@type\":\"WebPage\",\"@id\":\"https:\\\/\\\/www.verandair.com\\\/fr\\\/realisation-veranda-retractable-namur\\\/\",\"url\":\"https:\\\/\\\/www.verandair.com\\\/fr\\\/realisation-veranda-retractable-namur\\\/\",\"name\":\"R\u00e9alisation d'une v\u00e9randa r\u00e9tractable 10 x 5 en province de Namur\",\"isPartOf\":{\"@id\":\"https:\\\/\\\/www.verandair.com\\\/fr\\\/#website\"},\"primaryImageOfPage\":{\"@id\":\"https:\\\/\\\/www.verandair.com\\\/fr\\\/realisation-veranda-retractable-namur\\\/#primaryimage\"},\"image\":{\"@id\":\"https:\\\/\\\/www.verandair.com\\\/fr\\\/realisation-veranda-retractable-namur\\\/#primaryimage\"},\"thumbnailUrl\":\"https:\\\/\\\/www.verandair.com\\\/wp-content\\\/uploads\\\/2018\\\/10\\\/veranda-retractable-namur-10-1.jpg\",\"datePublished\":\"2018-10-23T07:34:08+00:00\",\"dateModified\":\"2026-02-27T11:18:12+00:00\",\"description\":\"Verandair a r\u00e9alis\u00e9 une v\u00e9randa r\u00e9tractable visant \u00e0 couvrir une terrasse et son jacuzzi en province de Namur. Plus d'infos sur cette r\u00e9alisation ici!\",\"breadcrumb\":{\"@id\":\"https:\\\/\\\/www.verandair.com\\\/fr\\\/realisation-veranda-retractable-namur\\\/#breadcrumb\"},\"inLanguage\":\"fr-FR\",\"potentialAction\":[{\"@type\":\"ReadAction\",\"target\":[\"https:\\\/\\\/www.verandair.com\\\/fr\\\/realisation-veranda-retractable-namur\\\/\"]}]},{\"@type\":\"ImageObject\",\"inLanguage\":\"fr-FR\",\"@id\":\"https:\\\/\\\/www.verandair.com\\\/fr\\\/realisation-veranda-retractable-namur\\\/#primaryimage\",\"url\":\"https:\\\/\\\/www.verandair.com\\\/wp-content\\\/uploads\\\/2018\\\/10\\\/veranda-retractable-namur-10-1.jpg\",\"contentUrl\":\"https:\\\/\\\/www.verandair.com\\\/wp-content\\\/uploads\\\/2018\\\/10\\\/veranda-retractable-namur-10-1.jpg\",\"width\":450,\"height\":338,\"caption\":\"veranda-retractable-namur-10\"},{\"@type\":\"BreadcrumbList\",\"@id\":\"https:\\\/\\\/www.verandair.com\\\/fr\\\/realisation-veranda-retractable-namur\\\/#breadcrumb\",\"itemListElement\":[{\"@type\":\"ListItem\",\"position\":1,\"name\":\"Accueil\",\"item\":{\"@type\":\"WebPage\",\"@id\":\"https:\\\/\\\/www.verandair.com\\\/fr\\\/\",\"name\":\"Accueil\"}},{\"@type\":\"ListItem\",\"position\":2,\"name\":\"R\u00e9alisation d&#8217;une v\u00e9randa r\u00e9tractable 10 x 5 en province de Namur\"}]},{\"@type\":\"WebSite\",\"@id\":\"https:\\\/\\\/www.verandair.com\\\/fr\\\/#website\",\"url\":\"https:\\\/\\\/www.verandair.com\\\/fr\\\/\",\"name\":\"VERANDAIR\u00ae\",\"description\":\"\",\"publisher\":{\"@id\":\"https:\\\/\\\/www.verandair.com\\\/fr\\\/#organization\"},\"potentialAction\":[{\"@type\":\"SearchAction\",\"target\":{\"@type\":\"EntryPoint\",\"urlTemplate\":\"https:\\\/\\\/www.verandair.com\\\/fr\\\/?s={search_term_string}\"},\"query-input\":{\"@type\":\"PropertyValueSpecification\",\"valueRequired\":true,\"valueName\":\"search_term_string\"}}],\"inLanguage\":\"fr-FR\"},{\"@type\":\"Organization\",\"@id\":\"https:\\\/\\\/www.verandair.com\\\/fr\\\/#organization\",\"name\":\"Verandair\",\"url\":\"https:\\\/\\\/www.verandair.com\\\/fr\\\/\",\"logo\":{\"@type\":\"ImageObject\",\"inLanguage\":\"fr-FR\",\"@id\":\"https:\\\/\\\/www.verandair.com\\\/fr\\\/#\\\/schema\\\/logo\\\/image\\\/\",\"url\":\"https:\\\/\\\/www.verandair.com\\\/wp-content\\\/uploads\\\/2024\\\/06\\\/VERANDAIR-logo.png\",\"contentUrl\":\"https:\\\/\\\/www.verandair.com\\\/wp-content\\\/uploads\\\/2024\\\/06\\\/VERANDAIR-logo.png\",\"width\":283,\"height\":127,\"caption\":\"Verandair\"},\"image\":{\"@id\":\"https:\\\/\\\/www.verandair.com\\\/fr\\\/#\\\/schema\\\/logo\\\/image\\\/\"}},{\"@type\":\"Person\",\"@id\":\"https:\\\/\\\/www.verandair.com\\\/fr\\\/#\\\/schema\\\/person\\\/cdeca2ebd6c03b60479d713f66329bc9\",\"name\":\"admin-verandair\",\"image\":{\"@type\":\"ImageObject\",\"inLanguage\":\"fr-FR\",\"@id\":\"https:\\\/\\\/secure.gravatar.com\\\/avatar\\\/933ed88eb2b3e194c00d3516e15b0e50c947c76a16e37565b6eb035b6954d0c4?s=96&d=mm&r=g\",\"url\":\"https:\\\/\\\/secure.gravatar.com\\\/avatar\\\/933ed88eb2b3e194c00d3516e15b0e50c947c76a16e37565b6eb035b6954d0c4?s=96&d=mm&r=g\",\"contentUrl\":\"https:\\\/\\\/secure.gravatar.com\\\/avatar\\\/933ed88eb2b3e194c00d3516e15b0e50c947c76a16e37565b6eb035b6954d0c4?s=96&d=mm&r=g\",\"caption\":\"admin-verandair\"}}]}<\/script>\n<!-- \/ Yoast SEO plugin. -->","yoast_head_json":{"title":"R\u00e9alisation d'une v\u00e9randa r\u00e9tractable 10 x 5 en province de Namur","description":"Verandair a r\u00e9alis\u00e9 une v\u00e9randa r\u00e9tractable visant \u00e0 couvrir une terrasse et son jacuzzi en province de Namur. Plus d'infos sur cette r\u00e9alisation ici!","robots":{"index":"index","follow":"follow","max-snippet":"max-snippet:-1","max-image-preview":"max-image-preview:large","max-video-preview":"max-video-preview:-1"},"canonical":"https:\/\/www.verandair.com\/fr\/realisation-veranda-retractable-namur\/","og_locale":"fr_FR","og_type":"article","og_title":"R\u00e9alisation d'une v\u00e9randa r\u00e9tractable 10 x 5 en province de Namur","og_description":"Verandair a r\u00e9alis\u00e9 une v\u00e9randa r\u00e9tractable visant \u00e0 couvrir une terrasse et son jacuzzi en province de Namur. Plus d'infos sur cette r\u00e9alisation ici!","og_url":"https:\/\/www.verandair.com\/fr\/realisation-veranda-retractable-namur\/","og_site_name":"VERANDAIR\u00ae","article_published_time":"2018-10-23T07:34:08+00:00","article_modified_time":"2026-02-27T11:18:12+00:00","og_image":[{"width":450,"height":338,"url":"https:\/\/www.verandair.com\/wp-content\/uploads\/2018\/10\/veranda-retractable-namur-10-1.jpg","type":"image\/jpeg"}],"author":"admin-verandair","twitter_card":"summary_large_image","twitter_misc":{"\u00c9crit par":"admin-verandair","Dur\u00e9e de lecture estim\u00e9e":"2 minutes"},"schema":{"@context":"https:\/\/schema.org","@graph":[{"@type":"Article","@id":"https:\/\/www.verandair.com\/fr\/realisation-veranda-retractable-namur\/#article","isPartOf":{"@id":"https:\/\/www.verandair.com\/fr\/realisation-veranda-retractable-namur\/"},"author":{"name":"admin-verandair","@id":"https:\/\/www.verandair.com\/fr\/#\/schema\/person\/cdeca2ebd6c03b60479d713f66329bc9"},"headline":"R\u00e9alisation d&#8217;une v\u00e9randa r\u00e9tractable 10 x 5 en province de Namur","datePublished":"2018-10-23T07:34:08+00:00","dateModified":"2026-02-27T11:18:12+00:00","mainEntityOfPage":{"@id":"https:\/\/www.verandair.com\/fr\/realisation-veranda-retractable-namur\/"},"wordCount":428,"publisher":{"@id":"https:\/\/www.verandair.com\/fr\/#organization"},"image":{"@id":"https:\/\/www.verandair.com\/fr\/realisation-veranda-retractable-namur\/#primaryimage"},"thumbnailUrl":"https:\/\/www.verandair.com\/wp-content\/uploads\/2018\/10\/veranda-retractable-namur-10-1.jpg","articleSection":["Abri de terrasse"],"inLanguage":"fr-FR"},{"@type":"WebPage","@id":"https:\/\/www.verandair.com\/fr\/realisation-veranda-retractable-namur\/","url":"https:\/\/www.verandair.com\/fr\/realisation-veranda-retractable-namur\/","name":"R\u00e9alisation d'une v\u00e9randa r\u00e9tractable 10 x 5 en province de Namur","isPartOf":{"@id":"https:\/\/www.verandair.com\/fr\/#website"},"primaryImageOfPage":{"@id":"https:\/\/www.verandair.com\/fr\/realisation-veranda-retractable-namur\/#primaryimage"},"image":{"@id":"https:\/\/www.verandair.com\/fr\/realisation-veranda-retractable-namur\/#primaryimage"},"thumbnailUrl":"https:\/\/www.verandair.com\/wp-content\/uploads\/2018\/10\/veranda-retractable-namur-10-1.jpg","datePublished":"2018-10-23T07:34:08+00:00","dateModified":"2026-02-27T11:18:12+00:00","description":"Verandair a r\u00e9alis\u00e9 une v\u00e9randa r\u00e9tractable visant \u00e0 couvrir une terrasse et son jacuzzi en province de Namur. Plus d'infos sur cette r\u00e9alisation ici!","breadcrumb":{"@id":"https:\/\/www.verandair.com\/fr\/realisation-veranda-retractable-namur\/#breadcrumb"},"inLanguage":"fr-FR","potentialAction":[{"@type":"ReadAction","target":["https:\/\/www.verandair.com\/fr\/realisation-veranda-retractable-namur\/"]}]},{"@type":"ImageObject","inLanguage":"fr-FR","@id":"https:\/\/www.verandair.com\/fr\/realisation-veranda-retractable-namur\/#primaryimage","url":"https:\/\/www.verandair.com\/wp-content\/uploads\/2018\/10\/veranda-retractable-namur-10-1.jpg","contentUrl":"https:\/\/www.verandair.com\/wp-content\/uploads\/2018\/10\/veranda-retractable-namur-10-1.jpg","width":450,"height":338,"caption":"veranda-retractable-namur-10"},{"@type":"BreadcrumbList","@id":"https:\/\/www.verandair.com\/fr\/realisation-veranda-retractable-namur\/#breadcrumb","itemListElement":[{"@type":"ListItem","position":1,"name":"Accueil","item":{"@type":"WebPage","@id":"https:\/\/www.verandair.com\/fr\/","name":"Accueil"}},{"@type":"ListItem","position":2,"name":"R\u00e9alisation d&#8217;une v\u00e9randa r\u00e9tractable 10 x 5 en province de Namur"}]},{"@type":"WebSite","@id":"https:\/\/www.verandair.com\/fr\/#website","url":"https:\/\/www.verandair.com\/fr\/","name":"VERANDAIR\u00ae","description":"","publisher":{"@id":"https:\/\/www.verandair.com\/fr\/#organization"},"potentialAction":[{"@type":"SearchAction","target":{"@type":"EntryPoint","urlTemplate":"https:\/\/www.verandair.com\/fr\/?s={search_term_string}"},"query-input":{"@type":"PropertyValueSpecification","valueRequired":true,"valueName":"search_term_string"}}],"inLanguage":"fr-FR"},{"@type":"Organization","@id":"https:\/\/www.verandair.com\/fr\/#organization","name":"Verandair","url":"https:\/\/www.verandair.com\/fr\/","logo":{"@type":"ImageObject","inLanguage":"fr-FR","@id":"https:\/\/www.verandair.com\/fr\/#\/schema\/logo\/image\/","url":"https:\/\/www.verandair.com\/wp-content\/uploads\/2024\/06\/VERANDAIR-logo.png","contentUrl":"https:\/\/www.verandair.com\/wp-content\/uploads\/2024\/06\/VERANDAIR-logo.png","width":283,"height":127,"caption":"Verandair"},"image":{"@id":"https:\/\/www.verandair.com\/fr\/#\/schema\/logo\/image\/"}},{"@type":"Person","@id":"https:\/\/www.verandair.com\/fr\/#\/schema\/person\/cdeca2ebd6c03b60479d713f66329bc9","name":"admin-verandair","image":{"@type":"ImageObject","inLanguage":"fr-FR","@id":"https:\/\/secure.gravatar.com\/avatar\/933ed88eb2b3e194c00d3516e15b0e50c947c76a16e37565b6eb035b6954d0c4?s=96&d=mm&r=g","url":"https:\/\/secure.gravatar.com\/avatar\/933ed88eb2b3e194c00d3516e15b0e50c947c76a16e37565b6eb035b6954d0c4?s=96&d=mm&r=g","contentUrl":"https:\/\/secure.gravatar.com\/avatar\/933ed88eb2b3e194c00d3516e15b0e50c947c76a16e37565b6eb035b6954d0c4?s=96&d=mm&r=g","caption":"admin-verandair"}}]}},"_links":{"self":[{"href":"https:\/\/www.verandair.com\/fr\/wp-json\/wp\/v2\/posts\/8911","targetHints":{"allow":["GET"]}}],"collection":[{"href":"https:\/\/www.verandair.com\/fr\/wp-json\/wp\/v2\/posts"}],"about":[{"href":"https:\/\/www.verandair.com\/fr\/wp-json\/wp\/v2\/types\/post"}],"author":[{"embeddable":true,"href":"https:\/\/www.verandair.com\/fr\/wp-json\/wp\/v2\/users\/5"}],"replies":[{"embeddable":true,"href":"https:\/\/www.verandair.com\/fr\/wp-json\/wp\/v2\/comments?post=8911"}],"version-history":[{"count":2,"href":"https:\/\/www.verandair.com\/fr\/wp-json\/wp\/v2\/posts\/8911\/revisions"}],"predecessor-version":[{"id":74468,"href":"https:\/\/www.verandair.com\/fr\/wp-json\/wp\/v2\/posts\/8911\/revisions\/74468"}],"wp:featuredmedia":[{"embeddable":true,"href":"https:\/\/www.verandair.com\/fr\/wp-json\/wp\/v2\/media\/15579"}],"wp:attachment":[{"href":"https:\/\/www.verandair.com\/fr\/wp-json\/wp\/v2\/media?parent=8911"}],"wp:term":[{"taxonomy":"category","embeddable":true,"href":"https:\/\/www.verandair.com\/fr\/wp-json\/wp\/v2\/categories?post=8911"},{"taxonomy":"post_tag","embeddable":true,"href":"https:\/\/www.verandair.com\/fr\/wp-json\/wp\/v2\/tags?post=8911"}],"curies":[{"name":"wp","href":"https:\/\/api.w.org\/{rel}","templated":true}]}}