{"id":9162,"date":"2021-08-08T12:10:21","date_gmt":"2021-08-08T10:10:21","guid":{"rendered":"https:\/\/www.verandair.com\/?p=9162"},"modified":"2021-08-08T12:10:21","modified_gmt":"2021-08-08T10:10:21","slug":"realisation-grande-pergola-namur","status":"publish","type":"post","link":"https:\/\/www.verandair.com\/fr\/realisation-grande-pergola-namur\/","title":{"rendered":"R\u00e9alisation d&#8217;une pergola de grandes dimensions en province de Namur"},"content":{"rendered":"<p>[et_pb_section fb_built=&#8221;1&#8243; next_background_color=&#8221;#b7d484&#8243; _builder_version=&#8221;3.0.47&#8243;][et_pb_row _builder_version=&#8221;3.0.48&#8243; background_size=&#8221;initial&#8221; background_position=&#8221;top_left&#8221; background_repeat=&#8221;repeat&#8221;][et_pb_column type=&#8221;4_4&#8243; _builder_version=&#8221;3.0.47&#8243;][et_pb_text _builder_version=&#8221;3.19.15&#8243;]<\/p>\n<p style=\"text-align: left;\">Une nouvelle <a href=\"https:\/\/www.verandair.com\/fr\/pergolas\/\">pergola Verandair<\/a> a sorti le bout de son nez en province de Namur dans le courant du mois d&#8217;ao\u00fbt. Longue de 11 m\u00e8tres et large de 6 m\u00e8tres, elle devrait permettre \u00e0 ses propri\u00e9taires de passer de nombreux bons moments sur leur terrasse \u00e0 l&#8217;avenir.\u00a0Le r\u00e9sultat de ce chantier en images ci-dessous.<\/p>\n<h2 style=\"text-align: left;\">Une nouvelle pergola Verandair en province de Namur!<\/h2>\n<p style=\"text-align: left;\">Vous souhaitez pouvoir profiter de votre terrasse lorsque le soleil se montre trop pr\u00e9sent, lorsque le vent se l\u00e8ve ou lorsque la pluie s&#8217;invite \u00e0 la f\u00eate? Vous aussi, optez pour une <a href=\"https:\/\/www.verandair.com\/fr\/pergolas\/\">pergola Verandair<\/a>! \ud83d\ude09<\/p>\n<h2 style=\"text-align: left;\">Caract\u00e9ristiques de cette pergola de grandes dimensions<\/h2>\n<ul style=\"text-align: left;\">\n<li><strong>Dimensions<\/strong>: 11 m\u00e8tres de long sur 6 m\u00e8tres de large;<\/li>\n<li><strong>Couleur<\/strong>: gris RAL7016 structur\u00e9;<\/li>\n<li><strong>R\u00e9gion<\/strong>: Province de <strong>Namur<\/strong>.<\/li>\n<\/ul>\n<p style=\"text-align: left;\">[\/et_pb_text][et_pb_text _builder_version=&#8221;3.19.15&#8243;]<\/p>\n<h2 style=\"text-align: justify;\">La pergola Namuroise en images<\/h2>\n<p>[\/et_pb_text][et_pb_gallery gallery_ids=&#8221;9165,9166,9167,9168&#8243; fullwidth=&#8221;on&#8221; _builder_version=&#8221;3.19.15&#8243;][\/et_pb_gallery][et_pb_text _builder_version=&#8221;3.19.15&#8243;]<\/p>\n<p>Si vous aimez ce projet, alors vous adorerez \u00e9galement nos <a href=\"https:\/\/www.verandair.com\/fr\/pergolas\/la-pergola-bioclimatique\/\">pergolas Bioclimatique sur mesure.<\/a> <br \/>Les pergolas bioclimatiques sont une bonne alternative \u00e0 la pergola traditionnelle. Ce type d\u2019abri vous permet d&#8217;\u00eatre prot\u00e9g\u00e9 de la chaleur en \u00e9t\u00e9 mais aussi de la pluie en automne. La pergola bioclimatique vous offre un confort optimal !<\/p>\n<p>[\/et_pb_text][\/et_pb_column][\/et_pb_row][\/et_pb_section][et_pb_section fb_built=&#8221;1&#8243; prev_background_color=&#8221;#ffffff&#8221; _builder_version=&#8221;3.19.15&#8243; custom_padding=&#8221;0px||0px|&#8221;][et_pb_row make_fullwidth=&#8221;on&#8221; use_custom_gutter=&#8221;on&#8221; gutter_width=&#8221;1&#8243; custom_padding=&#8221;40px||40px|&#8221; custom_margin=&#8221;0px||0px|&#8221; padding_top_1=&#8221;0px&#8221; padding_right_1=&#8221;0px&#8221; padding_bottom_1=&#8221;0px&#8221; padding_left_1=&#8221;0px&#8221; padding_1_last_edited=&#8221;on|&#8221; _builder_version=&#8221;3.10.1&#8243;][et_pb_column type=&#8221;4_4&#8243; _builder_version=&#8221;3.0.47&#8243;][\/et_pb_column][\/et_pb_row][\/et_pb_section][et_pb_section fb_built=&#8221;1&#8243; prev_background_color=&#8221;#ffffff&#8221; next_background_color=&#8221;#ffffff&#8221; admin_label=&#8221;CTA Guide achat Pergola&#8221; _builder_version=&#8221;3.19.15&#8243; background_color=&#8221;#009f9c&#8221; custom_margin=&#8221;|||&#8221; global_module=&#8221;28257&#8243;][et_pb_row use_custom_gutter=&#8221;on&#8221; gutter_width=&#8221;1&#8243; make_equal=&#8221;on&#8221; padding_top_bottom_link_2=&#8221;false&#8221; padding_left_right_link_1=&#8221;true&#8221; padding_left_right_link_2=&#8221;true&#8221; padding_top_2=&#8221;30px&#8221; padding_right_1=&#8221;20px&#8221; padding_right_2=&#8221;30px&#8221; padding_bottom_2=&#8221;0px&#8221; padding_left_1=&#8221;20px&#8221; padding_left_2=&#8221;30px&#8221; _builder_version=&#8221;3.19.15&#8243; background_color=&#8221;#ffffff&#8221;][et_pb_column type=&#8221;1_3&#8243; _builder_version=&#8221;3.19.15&#8243;][et_pb_image src=&#8221;https:\/\/www.verandair.com\/wp-content\/uploads\/2021\/11\/guide-achat-pergola.png&#8221; url=&#8221;https:\/\/info.verandair.com\/guide-pergola\/&#8221; url_new_window=&#8221;on&#8221; align=&#8221;center&#8221; _builder_version=&#8221;3.19.15&#8243; custom_margin=&#8221;||0px|&#8221; custom_padding=&#8221;|0px||&#8221; custom_css_main_element=&#8221;max-width:280px;&#8221;][\/et_pb_image][\/et_pb_column][et_pb_column type=&#8221;2_3&#8243; _builder_version=&#8221;3.19.15&#8243;][et_pb_text _builder_version=&#8221;3.19.15&#8243; text_font=&#8221;||||||||&#8221; text_font_size=&#8221;30px&#8221; header_font=&#8221;||||||||&#8221; header_2_font=&#8221;||||||||&#8221; header_3_font=&#8221;||||||||&#8221; header_3_font_size=&#8221;20px&#8221; custom_margin=&#8221;||20px&#8221;]<\/p>\n<h3 style=\"font-size: 35px!important; line-height: 45px; text-align: center;\">[Guide d\u2019achat] Comment bien choisir votre<br \/>\nPERGOLA ?<\/h3>\n<p>[\/et_pb_text][et_pb_text _builder_version=&#8221;3.19.15&#8243; text_font=&#8221;||||||||&#8221; custom_margin=&#8221;||20px&#8221;]<\/p>\n<p style=\"text-align: center; font-size: 20px; line-height: 30px;\">Facilitez votre prise de d\u00e9cision avec notre guide d\u2019achat. Il aborde les 19 questions que vous devez absolument vous poser afin de profiter de votre future acquisition sans mauvaise surprise.<\/p>\n<p>[\/et_pb_text][et_pb_button button_url=&#8221;https:\/\/info.verandair.com\/guide-pergola\/&#8221; url_new_window=&#8221;on&#8221; button_text=&#8221;\u00bb Je t\u00e9l\u00e9charge mon guide&#8221; button_alignment=&#8221;center&#8221; module_class=&#8221;custom-btn-orange&#8221; _builder_version=&#8221;3.19.15&#8243; custom_margin=&#8221;||0px&#8221;][\/et_pb_button][et_pb_code _builder_version=&#8221;3.19.15&#8243;]<\/p>\n<style><!-- [et_pb_line_break_holder] -->  a.et_pb_button.custom-btn-orange{<!-- [et_pb_line_break_holder] -->    background:#EF865B!important;<!-- [et_pb_line_break_holder] -->  }<!-- [et_pb_line_break_holder] -->  a.et_pb_button.custom-btn-orange:hover{<!-- [et_pb_line_break_holder] -->    background:#F4AD91!important;<!-- [et_pb_line_break_holder] -->  }<!-- [et_pb_line_break_holder] --><\/style>\n<p>[\/et_pb_code][\/et_pb_column][\/et_pb_row][\/et_pb_section]<\/p>\n","protected":false},"excerpt":{"rendered":"<p>La province de Namur a accueilli une nouvelle pergola Verandair sur son territoire dans le courant du mois d&#8217;ao\u00fbt 2018. D\u00e9couvrez-la en images ici!<\/p>\n","protected":false},"author":5,"featured_media":15593,"comment_status":"closed","ping_status":"closed","sticky":false,"template":"","format":"standard","meta":{"_acf_changed":false,"_et_pb_use_builder":"on","_et_pb_old_content":"<p style=\"text-align: justify;\"><em>Le mois d'ao\u00fbt 2018 vit ses derni\u00e8res heures. Si cet \u00e9t\u00e9 s'est montr\u00e9 plut\u00f4t g\u00e9n\u00e9reux en termes de soleil et de temp\u00e9ratures (pour notre plus grand plaisir d'ailleurs!), la m\u00e9t\u00e9o est d\u00e9sormais sujette \u00e0 quelques caprices... Le ciel se gorge en effet de nuages, la pluie n'h\u00e9site plus \u00e0 tomber, alors m\u00eame que le mercure semble en chute libre. Plus de doute: l'\u00e9t\u00e9 est bel et bien sur le point de faire place \u00e0 l'automne! Si l'automne rime avec feuilles jaunies, pluie, pulls et Halloween, il n'est toutefois pas question, en cette saison, de d\u00e9laisser vos v\u00e9randas et pergolas! <a href=\"https:\/\/www.verandair.com\/fr\/\">Verandair<\/a> vous libre quelques conseils et astuces vous permettant de continuer \u00e0 profiter de ces agr\u00e9ables espaces \u00e0 vivre en tout temps... ;-)<\/em><\/p><p style=\"text-align: justify;\">Si l'<strong>\u00e9t\u00e9<\/strong> a ses <strong>avantages<\/strong> (les apr\u00e8s-midi pass\u00e9es \u00e0 l\u00e9zarder au soleil, \u00e0 d\u00e9guster des cocktails au bord de la piscine, les barbecues entre amis et en famille, bref, la dolce vita!), l'<strong>automne<\/strong> n'a toutefois <strong>rien \u00e0 lui envier<\/strong>.<\/p><p style=\"text-align: justify;\">L'automne est effectivement la saison des balades en for\u00eats, des bons petits plats qui mijotent dans le four, des chocolats chauds d\u00e9gust\u00e9s sous un plaid moelleux, des d\u00e9corations d'Halloween, etc. L'automne correspond \u00e9galement \u00e0 la saison durant laquelle on attend, avec plus ou moins d'impatience, le meilleur moment de l'ann\u00e9e: <strong>No\u00ebl<\/strong>!\u00a0<\/p><p style=\"text-align: justify;\">N\u00e9anmoins, m\u00e9t\u00e9o oblige, l'automne a tendance \u00e0 nous <strong>concentrer vers l'int\u00e9rieur de nos habitations<\/strong>, nous obligeant du m\u00eame coup \u00e0 <strong>d\u00e9laisser jardin et terrasse<\/strong>. Et s'il ne s'agissait pas l\u00e0 d'une <strong>fatalit\u00e9<\/strong>? Et s'il \u00e9tait possible de <strong>profiter<\/strong> de ces derniers <strong>toute l'ann\u00e9e<\/strong>? D\u00e9monstration.\u00a0<\/p><p>\u00a0<\/p><h2 style=\"text-align: justify;\">La pergola et l'automne<\/h2><p style=\"text-align: justify;\">Vous avez investi dans une terrasse? Vous avez ador\u00e9 en profiter d\u00e8s l'arriv\u00e9e des beaux jours? Inutile de lui dire au revoir en attendant l'\u00e9t\u00e9 prochain! Prolongez son utilisation <a href=\"\/fr\/veranda\/pergola\/\">en lui adjoignant une <strong>pergola<\/strong><\/a>! Une jolie fa\u00e7on de vous abriter des faibles pluies et du vent (\u00e0 condition d'\u00eatre muni d'une petite laine, on vous l'accorde...).<\/p><p style=\"text-align: justify;\">Pour davantage vous prot\u00e9ger des caprices m\u00e9t\u00e9orologiques, il vous est \u00e9galement possible d'habiller votre pergola <strong><a href=\"\/fr\/veranda\/parois-coulissantes-verre\/\">de baies vitr\u00e9es coulissantes<\/a><\/strong>. Pour les plus frileux, il reste les <strong>champignons chauffants<\/strong>! ;-)\u00a0<\/p><p>\u00a0<\/p><h2 style=\"text-align: justify;\">La v\u00e9randa et l'automne<\/h2><p style=\"text-align: justify;\">Saviez-vous qu'il est une alternative aux pergolas? Plus robustes et protectrices que les pergolas, plus modulables et moins on\u00e9reuses que les v\u00e9randas classiques: <a href=\"\/fr\/veranda\/veranda-retractable\/\"><strong>les v\u00e9randas r\u00e9tractables<\/strong><\/a>. Gr\u00e2ce aux v\u00e9randas r\u00e9tractables, profitez d'un bain de soleil en \u00e9t\u00e9 et mettez-vous \u00e0 l'abri en hiver!\u00a0<\/p><p style=\"text-align: justify;\">V\u00e9ritables cabriolets, les v\u00e9randas r\u00e9tractables vous offrent une visibilit\u00e9 parfaite sur le jardin sans ses inconv\u00e9nients. L'occasion de se retrouver \u00e0 l'ext\u00e9rieur de son habitation tout en profitant d'un certain confort.\u00a0<\/p><p>Profitez plus largement de vos ext\u00e9rieurs gr\u00e2ce aux pergolas, baies vitr\u00e9es coulissantes et v\u00e9randas r\u00e9tractables Verandair!<\/p>","_et_gb_content_width":"","inline_featured_image":false,"footnotes":""},"categories":[33],"tags":[],"class_list":["post-9162","post","type-post","status-publish","format-standard","has-post-thumbnail","hentry","category-pergolas"],"acf":[],"yoast_head":"<!-- This site is optimized with the Yoast SEO plugin v27.5 - https:\/\/yoast.com\/product\/yoast-seo-wordpress\/ -->\n<title>R\u00e9alisation d&#039;une grande pergola en province de Namur<\/title>\n<meta name=\"description\" content=\"La province de Namur a accueilli une nouvelle pergola Verandair sur son territoire dans le courant du mois d&#039;ao\u00fbt. D\u00e9couvrez-la en images ici!\" \/>\n<meta name=\"robots\" content=\"index, follow, max-snippet:-1, max-image-preview:large, max-video-preview:-1\" \/>\n<link rel=\"canonical\" href=\"https:\/\/www.verandair.com\/fr\/realisation-grande-pergola-namur\/\" \/>\n<meta property=\"og:locale\" content=\"fr_FR\" \/>\n<meta property=\"og:type\" content=\"article\" \/>\n<meta property=\"og:title\" content=\"R\u00e9alisation d&#039;une grande pergola en province de Namur\" \/>\n<meta property=\"og:description\" content=\"La province de Namur a accueilli une nouvelle pergola Verandair sur son territoire dans le courant du mois d&#039;ao\u00fbt. D\u00e9couvrez-la en images ici!\" \/>\n<meta property=\"og:url\" content=\"https:\/\/www.verandair.com\/fr\/realisation-grande-pergola-namur\/\" \/>\n<meta property=\"og:site_name\" content=\"VERANDAIR\u00ae\" \/>\n<meta property=\"article:published_time\" content=\"2021-08-08T10:10:21+00:00\" \/>\n<meta property=\"og:image\" content=\"https:\/\/www.verandair.com\/wp-content\/uploads\/2018\/11\/grande-pergola-verandair-namur-03-1.jpg\" \/>\n\t<meta property=\"og:image:width\" content=\"450\" \/>\n\t<meta property=\"og:image:height\" content=\"338\" \/>\n\t<meta property=\"og:image:type\" content=\"image\/jpeg\" \/>\n<meta name=\"author\" content=\"admin-verandair\" \/>\n<meta name=\"twitter:card\" content=\"summary_large_image\" \/>\n<meta name=\"twitter:label1\" content=\"\u00c9crit par\" \/>\n\t<meta name=\"twitter:data1\" content=\"admin-verandair\" \/>\n\t<meta name=\"twitter:label2\" content=\"Dur\u00e9e de lecture estim\u00e9e\" \/>\n\t<meta name=\"twitter:data2\" content=\"3 minutes\" \/>\n<script type=\"application\/ld+json\" class=\"yoast-schema-graph\">{\"@context\":\"https:\\\/\\\/schema.org\",\"@graph\":[{\"@type\":\"Article\",\"@id\":\"https:\\\/\\\/www.verandair.com\\\/fr\\\/realisation-grande-pergola-namur\\\/#article\",\"isPartOf\":{\"@id\":\"https:\\\/\\\/www.verandair.com\\\/fr\\\/realisation-grande-pergola-namur\\\/\"},\"author\":{\"name\":\"admin-verandair\",\"@id\":\"https:\\\/\\\/www.verandair.com\\\/fr\\\/#\\\/schema\\\/person\\\/cdeca2ebd6c03b60479d713f66329bc9\"},\"headline\":\"R\u00e9alisation d&#8217;une pergola de grandes dimensions en province de Namur\",\"datePublished\":\"2021-08-08T10:10:21+00:00\",\"mainEntityOfPage\":{\"@id\":\"https:\\\/\\\/www.verandair.com\\\/fr\\\/realisation-grande-pergola-namur\\\/\"},\"wordCount\":615,\"publisher\":{\"@id\":\"https:\\\/\\\/www.verandair.com\\\/fr\\\/#organization\"},\"image\":{\"@id\":\"https:\\\/\\\/www.verandair.com\\\/fr\\\/realisation-grande-pergola-namur\\\/#primaryimage\"},\"thumbnailUrl\":\"https:\\\/\\\/www.verandair.com\\\/wp-content\\\/uploads\\\/2018\\\/11\\\/grande-pergola-verandair-namur-03-1.jpg\",\"articleSection\":[\"Pergolas\"],\"inLanguage\":\"fr-FR\"},{\"@type\":\"WebPage\",\"@id\":\"https:\\\/\\\/www.verandair.com\\\/fr\\\/realisation-grande-pergola-namur\\\/\",\"url\":\"https:\\\/\\\/www.verandair.com\\\/fr\\\/realisation-grande-pergola-namur\\\/\",\"name\":\"R\u00e9alisation d'une grande pergola en province de Namur\",\"isPartOf\":{\"@id\":\"https:\\\/\\\/www.verandair.com\\\/fr\\\/#website\"},\"primaryImageOfPage\":{\"@id\":\"https:\\\/\\\/www.verandair.com\\\/fr\\\/realisation-grande-pergola-namur\\\/#primaryimage\"},\"image\":{\"@id\":\"https:\\\/\\\/www.verandair.com\\\/fr\\\/realisation-grande-pergola-namur\\\/#primaryimage\"},\"thumbnailUrl\":\"https:\\\/\\\/www.verandair.com\\\/wp-content\\\/uploads\\\/2018\\\/11\\\/grande-pergola-verandair-namur-03-1.jpg\",\"datePublished\":\"2021-08-08T10:10:21+00:00\",\"description\":\"La province de Namur a accueilli une nouvelle pergola Verandair sur son territoire dans le courant du mois d'ao\u00fbt. D\u00e9couvrez-la en images ici!\",\"breadcrumb\":{\"@id\":\"https:\\\/\\\/www.verandair.com\\\/fr\\\/realisation-grande-pergola-namur\\\/#breadcrumb\"},\"inLanguage\":\"fr-FR\",\"potentialAction\":[{\"@type\":\"ReadAction\",\"target\":[\"https:\\\/\\\/www.verandair.com\\\/fr\\\/realisation-grande-pergola-namur\\\/\"]}]},{\"@type\":\"ImageObject\",\"inLanguage\":\"fr-FR\",\"@id\":\"https:\\\/\\\/www.verandair.com\\\/fr\\\/realisation-grande-pergola-namur\\\/#primaryimage\",\"url\":\"https:\\\/\\\/www.verandair.com\\\/wp-content\\\/uploads\\\/2018\\\/11\\\/grande-pergola-verandair-namur-03-1.jpg\",\"contentUrl\":\"https:\\\/\\\/www.verandair.com\\\/wp-content\\\/uploads\\\/2018\\\/11\\\/grande-pergola-verandair-namur-03-1.jpg\",\"width\":450,\"height\":338,\"caption\":\"grande pergola-verandair-namur-03\"},{\"@type\":\"BreadcrumbList\",\"@id\":\"https:\\\/\\\/www.verandair.com\\\/fr\\\/realisation-grande-pergola-namur\\\/#breadcrumb\",\"itemListElement\":[{\"@type\":\"ListItem\",\"position\":1,\"name\":\"Accueil\",\"item\":{\"@type\":\"WebPage\",\"@id\":\"https:\\\/\\\/www.verandair.com\\\/fr\\\/\",\"name\":\"Accueil\"}},{\"@type\":\"ListItem\",\"position\":2,\"name\":\"R\u00e9alisation d&#8217;une pergola de grandes dimensions en province de Namur\"}]},{\"@type\":\"WebSite\",\"@id\":\"https:\\\/\\\/www.verandair.com\\\/fr\\\/#website\",\"url\":\"https:\\\/\\\/www.verandair.com\\\/fr\\\/\",\"name\":\"VERANDAIR\u00ae\",\"description\":\"\",\"publisher\":{\"@id\":\"https:\\\/\\\/www.verandair.com\\\/fr\\\/#organization\"},\"potentialAction\":[{\"@type\":\"SearchAction\",\"target\":{\"@type\":\"EntryPoint\",\"urlTemplate\":\"https:\\\/\\\/www.verandair.com\\\/fr\\\/?s={search_term_string}\"},\"query-input\":{\"@type\":\"PropertyValueSpecification\",\"valueRequired\":true,\"valueName\":\"search_term_string\"}}],\"inLanguage\":\"fr-FR\"},{\"@type\":\"Organization\",\"@id\":\"https:\\\/\\\/www.verandair.com\\\/fr\\\/#organization\",\"name\":\"Verandair\",\"url\":\"https:\\\/\\\/www.verandair.com\\\/fr\\\/\",\"logo\":{\"@type\":\"ImageObject\",\"inLanguage\":\"fr-FR\",\"@id\":\"https:\\\/\\\/www.verandair.com\\\/fr\\\/#\\\/schema\\\/logo\\\/image\\\/\",\"url\":\"https:\\\/\\\/www.verandair.com\\\/wp-content\\\/uploads\\\/2024\\\/06\\\/VERANDAIR-logo.png\",\"contentUrl\":\"https:\\\/\\\/www.verandair.com\\\/wp-content\\\/uploads\\\/2024\\\/06\\\/VERANDAIR-logo.png\",\"width\":283,\"height\":127,\"caption\":\"Verandair\"},\"image\":{\"@id\":\"https:\\\/\\\/www.verandair.com\\\/fr\\\/#\\\/schema\\\/logo\\\/image\\\/\"}},{\"@type\":\"Person\",\"@id\":\"https:\\\/\\\/www.verandair.com\\\/fr\\\/#\\\/schema\\\/person\\\/cdeca2ebd6c03b60479d713f66329bc9\",\"name\":\"admin-verandair\",\"image\":{\"@type\":\"ImageObject\",\"inLanguage\":\"fr-FR\",\"@id\":\"https:\\\/\\\/secure.gravatar.com\\\/avatar\\\/933ed88eb2b3e194c00d3516e15b0e50c947c76a16e37565b6eb035b6954d0c4?s=96&d=mm&r=g\",\"url\":\"https:\\\/\\\/secure.gravatar.com\\\/avatar\\\/933ed88eb2b3e194c00d3516e15b0e50c947c76a16e37565b6eb035b6954d0c4?s=96&d=mm&r=g\",\"contentUrl\":\"https:\\\/\\\/secure.gravatar.com\\\/avatar\\\/933ed88eb2b3e194c00d3516e15b0e50c947c76a16e37565b6eb035b6954d0c4?s=96&d=mm&r=g\",\"caption\":\"admin-verandair\"}}]}<\/script>\n<!-- \/ Yoast SEO plugin. -->","yoast_head_json":{"title":"R\u00e9alisation d'une grande pergola en province de Namur","description":"La province de Namur a accueilli une nouvelle pergola Verandair sur son territoire dans le courant du mois d'ao\u00fbt. D\u00e9couvrez-la en images ici!","robots":{"index":"index","follow":"follow","max-snippet":"max-snippet:-1","max-image-preview":"max-image-preview:large","max-video-preview":"max-video-preview:-1"},"canonical":"https:\/\/www.verandair.com\/fr\/realisation-grande-pergola-namur\/","og_locale":"fr_FR","og_type":"article","og_title":"R\u00e9alisation d'une grande pergola en province de Namur","og_description":"La province de Namur a accueilli une nouvelle pergola Verandair sur son territoire dans le courant du mois d'ao\u00fbt. D\u00e9couvrez-la en images ici!","og_url":"https:\/\/www.verandair.com\/fr\/realisation-grande-pergola-namur\/","og_site_name":"VERANDAIR\u00ae","article_published_time":"2021-08-08T10:10:21+00:00","og_image":[{"width":450,"height":338,"url":"https:\/\/www.verandair.com\/wp-content\/uploads\/2018\/11\/grande-pergola-verandair-namur-03-1.jpg","type":"image\/jpeg"}],"author":"admin-verandair","twitter_card":"summary_large_image","twitter_misc":{"\u00c9crit par":"admin-verandair","Dur\u00e9e de lecture estim\u00e9e":"3 minutes"},"schema":{"@context":"https:\/\/schema.org","@graph":[{"@type":"Article","@id":"https:\/\/www.verandair.com\/fr\/realisation-grande-pergola-namur\/#article","isPartOf":{"@id":"https:\/\/www.verandair.com\/fr\/realisation-grande-pergola-namur\/"},"author":{"name":"admin-verandair","@id":"https:\/\/www.verandair.com\/fr\/#\/schema\/person\/cdeca2ebd6c03b60479d713f66329bc9"},"headline":"R\u00e9alisation d&#8217;une pergola de grandes dimensions en province de Namur","datePublished":"2021-08-08T10:10:21+00:00","mainEntityOfPage":{"@id":"https:\/\/www.verandair.com\/fr\/realisation-grande-pergola-namur\/"},"wordCount":615,"publisher":{"@id":"https:\/\/www.verandair.com\/fr\/#organization"},"image":{"@id":"https:\/\/www.verandair.com\/fr\/realisation-grande-pergola-namur\/#primaryimage"},"thumbnailUrl":"https:\/\/www.verandair.com\/wp-content\/uploads\/2018\/11\/grande-pergola-verandair-namur-03-1.jpg","articleSection":["Pergolas"],"inLanguage":"fr-FR"},{"@type":"WebPage","@id":"https:\/\/www.verandair.com\/fr\/realisation-grande-pergola-namur\/","url":"https:\/\/www.verandair.com\/fr\/realisation-grande-pergola-namur\/","name":"R\u00e9alisation d'une grande pergola en province de Namur","isPartOf":{"@id":"https:\/\/www.verandair.com\/fr\/#website"},"primaryImageOfPage":{"@id":"https:\/\/www.verandair.com\/fr\/realisation-grande-pergola-namur\/#primaryimage"},"image":{"@id":"https:\/\/www.verandair.com\/fr\/realisation-grande-pergola-namur\/#primaryimage"},"thumbnailUrl":"https:\/\/www.verandair.com\/wp-content\/uploads\/2018\/11\/grande-pergola-verandair-namur-03-1.jpg","datePublished":"2021-08-08T10:10:21+00:00","description":"La province de Namur a accueilli une nouvelle pergola Verandair sur son territoire dans le courant du mois d'ao\u00fbt. D\u00e9couvrez-la en images ici!","breadcrumb":{"@id":"https:\/\/www.verandair.com\/fr\/realisation-grande-pergola-namur\/#breadcrumb"},"inLanguage":"fr-FR","potentialAction":[{"@type":"ReadAction","target":["https:\/\/www.verandair.com\/fr\/realisation-grande-pergola-namur\/"]}]},{"@type":"ImageObject","inLanguage":"fr-FR","@id":"https:\/\/www.verandair.com\/fr\/realisation-grande-pergola-namur\/#primaryimage","url":"https:\/\/www.verandair.com\/wp-content\/uploads\/2018\/11\/grande-pergola-verandair-namur-03-1.jpg","contentUrl":"https:\/\/www.verandair.com\/wp-content\/uploads\/2018\/11\/grande-pergola-verandair-namur-03-1.jpg","width":450,"height":338,"caption":"grande pergola-verandair-namur-03"},{"@type":"BreadcrumbList","@id":"https:\/\/www.verandair.com\/fr\/realisation-grande-pergola-namur\/#breadcrumb","itemListElement":[{"@type":"ListItem","position":1,"name":"Accueil","item":{"@type":"WebPage","@id":"https:\/\/www.verandair.com\/fr\/","name":"Accueil"}},{"@type":"ListItem","position":2,"name":"R\u00e9alisation d&#8217;une pergola de grandes dimensions en province de Namur"}]},{"@type":"WebSite","@id":"https:\/\/www.verandair.com\/fr\/#website","url":"https:\/\/www.verandair.com\/fr\/","name":"VERANDAIR\u00ae","description":"","publisher":{"@id":"https:\/\/www.verandair.com\/fr\/#organization"},"potentialAction":[{"@type":"SearchAction","target":{"@type":"EntryPoint","urlTemplate":"https:\/\/www.verandair.com\/fr\/?s={search_term_string}"},"query-input":{"@type":"PropertyValueSpecification","valueRequired":true,"valueName":"search_term_string"}}],"inLanguage":"fr-FR"},{"@type":"Organization","@id":"https:\/\/www.verandair.com\/fr\/#organization","name":"Verandair","url":"https:\/\/www.verandair.com\/fr\/","logo":{"@type":"ImageObject","inLanguage":"fr-FR","@id":"https:\/\/www.verandair.com\/fr\/#\/schema\/logo\/image\/","url":"https:\/\/www.verandair.com\/wp-content\/uploads\/2024\/06\/VERANDAIR-logo.png","contentUrl":"https:\/\/www.verandair.com\/wp-content\/uploads\/2024\/06\/VERANDAIR-logo.png","width":283,"height":127,"caption":"Verandair"},"image":{"@id":"https:\/\/www.verandair.com\/fr\/#\/schema\/logo\/image\/"}},{"@type":"Person","@id":"https:\/\/www.verandair.com\/fr\/#\/schema\/person\/cdeca2ebd6c03b60479d713f66329bc9","name":"admin-verandair","image":{"@type":"ImageObject","inLanguage":"fr-FR","@id":"https:\/\/secure.gravatar.com\/avatar\/933ed88eb2b3e194c00d3516e15b0e50c947c76a16e37565b6eb035b6954d0c4?s=96&d=mm&r=g","url":"https:\/\/secure.gravatar.com\/avatar\/933ed88eb2b3e194c00d3516e15b0e50c947c76a16e37565b6eb035b6954d0c4?s=96&d=mm&r=g","contentUrl":"https:\/\/secure.gravatar.com\/avatar\/933ed88eb2b3e194c00d3516e15b0e50c947c76a16e37565b6eb035b6954d0c4?s=96&d=mm&r=g","caption":"admin-verandair"}}]}},"_links":{"self":[{"href":"https:\/\/www.verandair.com\/fr\/wp-json\/wp\/v2\/posts\/9162","targetHints":{"allow":["GET"]}}],"collection":[{"href":"https:\/\/www.verandair.com\/fr\/wp-json\/wp\/v2\/posts"}],"about":[{"href":"https:\/\/www.verandair.com\/fr\/wp-json\/wp\/v2\/types\/post"}],"author":[{"embeddable":true,"href":"https:\/\/www.verandair.com\/fr\/wp-json\/wp\/v2\/users\/5"}],"replies":[{"embeddable":true,"href":"https:\/\/www.verandair.com\/fr\/wp-json\/wp\/v2\/comments?post=9162"}],"version-history":[{"count":0,"href":"https:\/\/www.verandair.com\/fr\/wp-json\/wp\/v2\/posts\/9162\/revisions"}],"wp:featuredmedia":[{"embeddable":true,"href":"https:\/\/www.verandair.com\/fr\/wp-json\/wp\/v2\/media\/15593"}],"wp:attachment":[{"href":"https:\/\/www.verandair.com\/fr\/wp-json\/wp\/v2\/media?parent=9162"}],"wp:term":[{"taxonomy":"category","embeddable":true,"href":"https:\/\/www.verandair.com\/fr\/wp-json\/wp\/v2\/categories?post=9162"},{"taxonomy":"post_tag","embeddable":true,"href":"https:\/\/www.verandair.com\/fr\/wp-json\/wp\/v2\/tags?post=9162"}],"curies":[{"name":"wp","href":"https:\/\/api.w.org\/{rel}","templated":true}]}}